{"id":212202,"date":"2024-02-11T11:02:00","date_gmt":"2024-02-11T11:02:00","guid":{"rendered":"https:\/\/www.webdo.tn\/fr\/blog\/on-ne-peut-pas-trouver-de-justification-a-la-situation-a-gaza-estime-la-france\/212202\/"},"modified":"2025-05-20T22:53:06","modified_gmt":"2025-05-20T22:53:06","slug":"on-ne-peut-pas-trouver-de-justification-a-la-situation-a-gaza-estime-la-france","status":"publish","type":"post","link":"https:\/\/www.webdo.tn\/fr\/actualite\/international\/on-ne-peut-pas-trouver-de-justification-a-la-situation-a-gaza-estime-la-france\/212202\/","title":{"rendered":"\u00ab On ne peut pas trouver de justification \u00e0 la situation \u00e0 Gaza \u00bb, estime la France"},"content":{"rendered":"<p>\u00ab\u00a0La France partage le traumatisme r\u00e9el des Isra\u00e9liens mais ne peut trouver de justification \u00e0 la situation dans la bande de Gaza\u00a0\u00bb, a d\u00e9clar\u00e9 St\u00e9phane S\u00e9journ\u00e9, chef de la diplomatie fran\u00e7aise dans un entretien publi\u00e9 samedi dans Ouest France.\u00a0<\/p>\n<p>En effet, s\u2019exprimant sur la guerre que m\u00e8ne Isra\u00ebl \u00e0 Gaza, le chef de la diplomatie fran\u00e7aise a hauss\u00e9 le ton en se montrant inquiet face \u00e0 la situation dans la bande de Gaza.\u00a0<\/p>\n<p>\u00ab Mon devoir est de comprendre que le traumatisme des Isra\u00e9liens est r\u00e9el. Apr\u00e8s le 7 octobre, la soci\u00e9t\u00e9 isra\u00e9lienne n&rsquo;est plus la m\u00eame. Durablement. Je l&rsquo;ai pleinement mesur\u00e9 en \u00e9tant l\u00e0-bas \u00bb, a-t-il d\u00e9clar\u00e9, mais a fini de dire que cela ne peut en aucun cas justifier ce qui se passe actuellement \u00e0 Gaza.\u00a0<\/p>\n<p>Le minist\u00e8re de la Sant\u00e9 \u00e0 Gaza a annonc\u00e9 ce dimanche un bilan de 28 176 martyrs et 67 784 autres bless\u00e9es dans la bande de Gaza depuis le d\u00e9but de la guerre entre Isra\u00ebl et le mouvement islamiste palestinien, le 7 octobre.<\/p>\n<p>Il a \u00e9galement fait \u00e9tat d&rsquo;un total de 112 martyrs au cours des derni\u00e8res 24 heures.<\/p>\n","protected":false},"excerpt":{"rendered":"<p>En effet, s\u2019exprimant sur la guerre que m\u00e8ne Isra\u00ebl \u00e0 Gaza, le chef de la diplomatie fran\u00e7aise a hauss\u00e9 le ton en se montrant inquiet face \u00e0 la situation dans l&#8230;<\/p>\n","protected":false},"author":3175,"featured_media":290208,"comment_status":"open","ping_status":"closed","sticky":false,"template":"","format":"standard","meta":{"footnotes":""},"categories":[2598],"tags":[2998,2689,2600],"class_list":["post-212202","post","type-post","status-publish","format-standard","has-post-thumbnail","hentry","category-international","tag-france","tag-gaza","tag-guerre"],"yoast_head":"<!-- This site is optimized with the Yoast SEO Premium plugin v27.4 (Yoast SEO v27.4) - https:\/\/yoast.com\/product\/yoast-seo-premium-wordpress\/ -->\n<title>\u00ab On ne peut pas trouver de justification \u00e0 la situation \u00e0 Gaza \u00bb, estime la France<\/title>\n<meta name=\"description\" content=\"En effet, s\u2019exprimant sur la guerre que m\u00e8ne Isra\u00ebl \u00e0 Gaza, le chef de la diplomatie fran\u00e7aise a hauss\u00e9 le ton en se montrant inquiet face \u00e0 la situation dans l...\" \/>\n<link rel=\"canonical\" href=\"https:\/\/www.webdo.tn\/fr\/actualite\/international\/on-ne-peut-pas-trouver-de-justification-a-la-situation-a-gaza-estime-la-france\/212202\/\" \/>\n<meta property=\"og:locale\" content=\"fr_FR\" \/>\n<meta property=\"og:type\" content=\"article\" \/>\n<meta property=\"og:title\" content=\"\u00ab On ne peut pas trouver de justification \u00e0 la situation \u00e0 Gaza \u00bb, estime la France\" \/>\n<meta property=\"og:description\" content=\"En effet, s\u2019exprimant sur la guerre que m\u00e8ne Isra\u00ebl \u00e0 Gaza, le chef de la diplomatie fran\u00e7aise a hauss\u00e9 le ton en se montrant inquiet face \u00e0 la situation dans l...\" \/>\n<meta property=\"og:url\" content=\"https:\/\/www.webdo.tn\/fr\/actualite\/international\/on-ne-peut-pas-trouver-de-justification-a-la-situation-a-gaza-estime-la-france\/212202\/\" \/>\n<meta property=\"og:site_name\" content=\"webdo\" \/>\n<meta property=\"article:publisher\" content=\"https:\/\/www.facebook.com\/webdotn\" \/>\n<meta property=\"article:published_time\" content=\"2024-02-11T11:02:00+00:00\" \/>\n<meta property=\"article:modified_time\" content=\"2025-05-20T22:53:06+00:00\" \/>\n<meta property=\"og:image\" content=\"https:\/\/www.webdo.tn\/fr\/wp-content\/uploads\/2024\/02\/4c4cbd01e2aabb0ed50cd402f7986296.png\" \/>\n\t<meta property=\"og:image:width\" content=\"740\" \/>\n\t<meta property=\"og:image:height\" content=\"395\" \/>\n\t<meta property=\"og:image:type\" content=\"image\/png\" \/>\n<meta name=\"author\" content=\"CL\" \/>\n<meta name=\"twitter:card\" content=\"summary_large_image\" \/>\n<meta name=\"twitter:creator\" content=\"@webdo_tn\" \/>\n<meta name=\"twitter:site\" content=\"@webdo_tn\" \/>\n<meta name=\"twitter:label1\" content=\"\u00c9crit par\" \/>\n\t<meta name=\"twitter:data1\" content=\"CL\" \/>\n\t<meta name=\"twitter:label2\" content=\"Dur\u00e9e de lecture estim\u00e9e\" \/>\n\t<meta name=\"twitter:data2\" content=\"1 minute\" \/>\n<script type=\"application\/ld+json\" class=\"yoast-schema-graph\">{\"@context\":\"https:\\\/\\\/schema.org\",\"@graph\":[{\"@type\":\"NewsArticle\",\"@id\":\"https:\\\/\\\/www.webdo.tn\\\/fr\\\/actualite\\\/international\\\/on-ne-peut-pas-trouver-de-justification-a-la-situation-a-gaza-estime-la-france\\\/212202\\\/#article\",\"isPartOf\":{\"@id\":\"https:\\\/\\\/www.webdo.tn\\\/fr\\\/actualite\\\/international\\\/on-ne-peut-pas-trouver-de-justification-a-la-situation-a-gaza-estime-la-france\\\/212202\\\/\"},\"author\":{\"name\":\"CL\",\"@id\":\"https:\\\/\\\/www.webdo.tn\\\/fr\\\/#\\\/schema\\\/person\\\/f35b42a42c5e2511bbd282959d6385cc\"},\"headline\":\"\u00ab On ne peut pas trouver de justification \u00e0 la situation \u00e0 Gaza \u00bb, estime la France\",\"datePublished\":\"2024-02-11T11:02:00+00:00\",\"dateModified\":\"2025-05-20T22:53:06+00:00\",\"mainEntityOfPage\":{\"@id\":\"https:\\\/\\\/www.webdo.tn\\\/fr\\\/actualite\\\/international\\\/on-ne-peut-pas-trouver-de-justification-a-la-situation-a-gaza-estime-la-france\\\/212202\\\/\"},\"wordCount\":211,\"commentCount\":0,\"publisher\":{\"@id\":\"https:\\\/\\\/www.webdo.tn\\\/fr\\\/#organization\"},\"image\":{\"@id\":\"https:\\\/\\\/www.webdo.tn\\\/fr\\\/actualite\\\/international\\\/on-ne-peut-pas-trouver-de-justification-a-la-situation-a-gaza-estime-la-france\\\/212202\\\/#primaryimage\"},\"thumbnailUrl\":\"https:\\\/\\\/www.webdo.tn\\\/fr\\\/wp-content\\\/uploads\\\/2024\\\/02\\\/4c4cbd01e2aabb0ed50cd402f7986296.png\",\"keywords\":[\"france\",\"Gaza\",\"guerre\"],\"articleSection\":[\"International\"],\"inLanguage\":\"fr-FR\"},{\"@type\":\"WebPage\",\"@id\":\"https:\\\/\\\/www.webdo.tn\\\/fr\\\/actualite\\\/international\\\/on-ne-peut-pas-trouver-de-justification-a-la-situation-a-gaza-estime-la-france\\\/212202\\\/\",\"url\":\"https:\\\/\\\/www.webdo.tn\\\/fr\\\/actualite\\\/international\\\/on-ne-peut-pas-trouver-de-justification-a-la-situation-a-gaza-estime-la-france\\\/212202\\\/\",\"name\":\"\u00ab On ne peut pas trouver de justification \u00e0 la situation \u00e0 Gaza \u00bb, estime la France\",\"isPartOf\":{\"@id\":\"https:\\\/\\\/www.webdo.tn\\\/fr\\\/#website\"},\"primaryImageOfPage\":{\"@id\":\"https:\\\/\\\/www.webdo.tn\\\/fr\\\/actualite\\\/international\\\/on-ne-peut-pas-trouver-de-justification-a-la-situation-a-gaza-estime-la-france\\\/212202\\\/#primaryimage\"},\"image\":{\"@id\":\"https:\\\/\\\/www.webdo.tn\\\/fr\\\/actualite\\\/international\\\/on-ne-peut-pas-trouver-de-justification-a-la-situation-a-gaza-estime-la-france\\\/212202\\\/#primaryimage\"},\"thumbnailUrl\":\"https:\\\/\\\/www.webdo.tn\\\/fr\\\/wp-content\\\/uploads\\\/2024\\\/02\\\/4c4cbd01e2aabb0ed50cd402f7986296.png\",\"datePublished\":\"2024-02-11T11:02:00+00:00\",\"dateModified\":\"2025-05-20T22:53:06+00:00\",\"description\":\"En effet, s\u2019exprimant sur la guerre que m\u00e8ne Isra\u00ebl \u00e0 Gaza, le chef de la diplomatie fran\u00e7aise a hauss\u00e9 le ton en se montrant inquiet face \u00e0 la situation dans l...\",\"breadcrumb\":{\"@id\":\"https:\\\/\\\/www.webdo.tn\\\/fr\\\/actualite\\\/international\\\/on-ne-peut-pas-trouver-de-justification-a-la-situation-a-gaza-estime-la-france\\\/212202\\\/#breadcrumb\"},\"inLanguage\":\"fr-FR\",\"potentialAction\":[{\"@type\":\"ReadAction\",\"target\":[\"https:\\\/\\\/www.webdo.tn\\\/fr\\\/actualite\\\/international\\\/on-ne-peut-pas-trouver-de-justification-a-la-situation-a-gaza-estime-la-france\\\/212202\\\/\"]}]},{\"@type\":\"ImageObject\",\"inLanguage\":\"fr-FR\",\"@id\":\"https:\\\/\\\/www.webdo.tn\\\/fr\\\/actualite\\\/international\\\/on-ne-peut-pas-trouver-de-justification-a-la-situation-a-gaza-estime-la-france\\\/212202\\\/#primaryimage\",\"url\":\"https:\\\/\\\/www.webdo.tn\\\/fr\\\/wp-content\\\/uploads\\\/2024\\\/02\\\/4c4cbd01e2aabb0ed50cd402f7986296.png\",\"contentUrl\":\"https:\\\/\\\/www.webdo.tn\\\/fr\\\/wp-content\\\/uploads\\\/2024\\\/02\\\/4c4cbd01e2aabb0ed50cd402f7986296.png\",\"width\":740,\"height\":395,\"caption\":\"\u00ab On ne peut pas trouver de justification \u00e0 la situation \u00e0 Gaza \u00bb, estime la France\"},{\"@type\":\"BreadcrumbList\",\"@id\":\"https:\\\/\\\/www.webdo.tn\\\/fr\\\/actualite\\\/international\\\/on-ne-peut-pas-trouver-de-justification-a-la-situation-a-gaza-estime-la-france\\\/212202\\\/#breadcrumb\",\"itemListElement\":[{\"@type\":\"ListItem\",\"position\":1,\"name\":\"Accueil\",\"item\":\"https:\\\/\\\/www.webdo.tn\\\/fr\\\/\"},{\"@type\":\"ListItem\",\"position\":2,\"name\":\"\u00ab On ne peut pas trouver de justification \u00e0 la situation \u00e0 Gaza \u00bb, estime la France\"}]},{\"@type\":\"WebSite\",\"@id\":\"https:\\\/\\\/www.webdo.tn\\\/fr\\\/#website\",\"url\":\"https:\\\/\\\/www.webdo.tn\\\/fr\\\/\",\"name\":\"webdo\",\"description\":\"Tunisie - News en Tunisie et \u00e0 l&#039;international sur Webdo.tn\",\"publisher\":{\"@id\":\"https:\\\/\\\/www.webdo.tn\\\/fr\\\/#organization\"},\"potentialAction\":[{\"@type\":\"SearchAction\",\"target\":{\"@type\":\"EntryPoint\",\"urlTemplate\":\"https:\\\/\\\/www.webdo.tn\\\/fr\\\/?s={search_term_string}\"},\"query-input\":{\"@type\":\"PropertyValueSpecification\",\"valueRequired\":true,\"valueName\":\"search_term_string\"}}],\"inLanguage\":\"fr-FR\"},{\"@type\":\"Organization\",\"@id\":\"https:\\\/\\\/www.webdo.tn\\\/fr\\\/#organization\",\"name\":\"Webdo\",\"alternateName\":\"Webdo.tn\",\"url\":\"https:\\\/\\\/www.webdo.tn\\\/fr\\\/\",\"logo\":{\"@type\":\"ImageObject\",\"inLanguage\":\"fr-FR\",\"@id\":\"https:\\\/\\\/www.webdo.tn\\\/fr\\\/#\\\/schema\\\/logo\\\/image\\\/\",\"url\":\"https:\\\/\\\/www.webdo.tn\\\/fr\\\/wp-content\\\/uploads\\\/2025\\\/06\\\/Webdo-Tunisie_168377.jpg\",\"contentUrl\":\"https:\\\/\\\/www.webdo.tn\\\/fr\\\/wp-content\\\/uploads\\\/2025\\\/06\\\/Webdo-Tunisie_168377.jpg\",\"width\":301,\"height\":301,\"caption\":\"Webdo\"},\"image\":{\"@id\":\"https:\\\/\\\/www.webdo.tn\\\/fr\\\/#\\\/schema\\\/logo\\\/image\\\/\"},\"sameAs\":[\"https:\\\/\\\/www.facebook.com\\\/webdotn\",\"https:\\\/\\\/x.com\\\/webdo_tn\"],\"description\":\"Webdo est un m\u00e9dia num\u00e9rique tunisien fond\u00e9 en 2010, sp\u00e9cialis\u00e9 dans l\u2019actualit\u00e9 nationale et internationale, l\u2019\u00e9conomie, la soci\u00e9t\u00e9 et les analyses politiques. Le site s\u2019adresse \u00e0 un large public francophone et couvre l\u2019information tunisienne en temps r\u00e9el.\",\"email\":\"redac@webdo.tn\",\"legalName\":\"YNJ SARL\",\"foundingDate\":\"2010-09-06\",\"numberOfEmployees\":{\"@type\":\"QuantitativeValue\",\"minValue\":\"11\",\"maxValue\":\"50\"}},{\"@type\":\"Person\",\"@id\":\"https:\\\/\\\/www.webdo.tn\\\/fr\\\/#\\\/schema\\\/person\\\/f35b42a42c5e2511bbd282959d6385cc\",\"name\":\"CL\",\"image\":{\"@type\":\"ImageObject\",\"inLanguage\":\"fr-FR\",\"@id\":\"https:\\\/\\\/secure.gravatar.com\\\/avatar\\\/1447a49909b67aa657c488aec6512e1dd6143a480c1ecfee9b5b5cd74eb3b59e?s=96&d=mm&r=g\",\"url\":\"https:\\\/\\\/secure.gravatar.com\\\/avatar\\\/1447a49909b67aa657c488aec6512e1dd6143a480c1ecfee9b5b5cd74eb3b59e?s=96&d=mm&r=g\",\"contentUrl\":\"https:\\\/\\\/secure.gravatar.com\\\/avatar\\\/1447a49909b67aa657c488aec6512e1dd6143a480c1ecfee9b5b5cd74eb3b59e?s=96&d=mm&r=g\",\"caption\":\"CL\"},\"url\":\"https:\\\/\\\/www.webdo.tn\\\/fr\\\/actualite\\\/author\\\/cl\\\/\"}]}<\/script>\n<!-- \/ Yoast SEO Premium plugin. -->","yoast_head_json":{"title":"\u00ab On ne peut pas trouver de justification \u00e0 la situation \u00e0 Gaza \u00bb, estime la France","description":"En effet, s\u2019exprimant sur la guerre que m\u00e8ne Isra\u00ebl \u00e0 Gaza, le chef de la diplomatie fran\u00e7aise a hauss\u00e9 le ton en se montrant inquiet face \u00e0 la situation dans l...","canonical":"https:\/\/www.webdo.tn\/fr\/actualite\/international\/on-ne-peut-pas-trouver-de-justification-a-la-situation-a-gaza-estime-la-france\/212202\/","og_locale":"fr_FR","og_type":"article","og_title":"\u00ab On ne peut pas trouver de justification \u00e0 la situation \u00e0 Gaza \u00bb, estime la France","og_description":"En effet, s\u2019exprimant sur la guerre que m\u00e8ne Isra\u00ebl \u00e0 Gaza, le chef de la diplomatie fran\u00e7aise a hauss\u00e9 le ton en se montrant inquiet face \u00e0 la situation dans l...","og_url":"https:\/\/www.webdo.tn\/fr\/actualite\/international\/on-ne-peut-pas-trouver-de-justification-a-la-situation-a-gaza-estime-la-france\/212202\/","og_site_name":"webdo","article_publisher":"https:\/\/www.facebook.com\/webdotn","article_published_time":"2024-02-11T11:02:00+00:00","article_modified_time":"2025-05-20T22:53:06+00:00","og_image":[{"width":740,"height":395,"url":"https:\/\/www.webdo.tn\/fr\/wp-content\/uploads\/2024\/02\/4c4cbd01e2aabb0ed50cd402f7986296.png","type":"image\/png"}],"author":"CL","twitter_card":"summary_large_image","twitter_creator":"@webdo_tn","twitter_site":"@webdo_tn","twitter_misc":{"\u00c9crit par":"CL","Dur\u00e9e de lecture estim\u00e9e":"1 minute"},"schema":{"@context":"https:\/\/schema.org","@graph":[{"@type":"NewsArticle","@id":"https:\/\/www.webdo.tn\/fr\/actualite\/international\/on-ne-peut-pas-trouver-de-justification-a-la-situation-a-gaza-estime-la-france\/212202\/#article","isPartOf":{"@id":"https:\/\/www.webdo.tn\/fr\/actualite\/international\/on-ne-peut-pas-trouver-de-justification-a-la-situation-a-gaza-estime-la-france\/212202\/"},"author":{"name":"CL","@id":"https:\/\/www.webdo.tn\/fr\/#\/schema\/person\/f35b42a42c5e2511bbd282959d6385cc"},"headline":"\u00ab On ne peut pas trouver de justification \u00e0 la situation \u00e0 Gaza \u00bb, estime la France","datePublished":"2024-02-11T11:02:00+00:00","dateModified":"2025-05-20T22:53:06+00:00","mainEntityOfPage":{"@id":"https:\/\/www.webdo.tn\/fr\/actualite\/international\/on-ne-peut-pas-trouver-de-justification-a-la-situation-a-gaza-estime-la-france\/212202\/"},"wordCount":211,"commentCount":0,"publisher":{"@id":"https:\/\/www.webdo.tn\/fr\/#organization"},"image":{"@id":"https:\/\/www.webdo.tn\/fr\/actualite\/international\/on-ne-peut-pas-trouver-de-justification-a-la-situation-a-gaza-estime-la-france\/212202\/#primaryimage"},"thumbnailUrl":"https:\/\/www.webdo.tn\/fr\/wp-content\/uploads\/2024\/02\/4c4cbd01e2aabb0ed50cd402f7986296.png","keywords":["france","Gaza","guerre"],"articleSection":["International"],"inLanguage":"fr-FR"},{"@type":"WebPage","@id":"https:\/\/www.webdo.tn\/fr\/actualite\/international\/on-ne-peut-pas-trouver-de-justification-a-la-situation-a-gaza-estime-la-france\/212202\/","url":"https:\/\/www.webdo.tn\/fr\/actualite\/international\/on-ne-peut-pas-trouver-de-justification-a-la-situation-a-gaza-estime-la-france\/212202\/","name":"\u00ab On ne peut pas trouver de justification \u00e0 la situation \u00e0 Gaza \u00bb, estime la France","isPartOf":{"@id":"https:\/\/www.webdo.tn\/fr\/#website"},"primaryImageOfPage":{"@id":"https:\/\/www.webdo.tn\/fr\/actualite\/international\/on-ne-peut-pas-trouver-de-justification-a-la-situation-a-gaza-estime-la-france\/212202\/#primaryimage"},"image":{"@id":"https:\/\/www.webdo.tn\/fr\/actualite\/international\/on-ne-peut-pas-trouver-de-justification-a-la-situation-a-gaza-estime-la-france\/212202\/#primaryimage"},"thumbnailUrl":"https:\/\/www.webdo.tn\/fr\/wp-content\/uploads\/2024\/02\/4c4cbd01e2aabb0ed50cd402f7986296.png","datePublished":"2024-02-11T11:02:00+00:00","dateModified":"2025-05-20T22:53:06+00:00","description":"En effet, s\u2019exprimant sur la guerre que m\u00e8ne Isra\u00ebl \u00e0 Gaza, le chef de la diplomatie fran\u00e7aise a hauss\u00e9 le ton en se montrant inquiet face \u00e0 la situation dans l...","breadcrumb":{"@id":"https:\/\/www.webdo.tn\/fr\/actualite\/international\/on-ne-peut-pas-trouver-de-justification-a-la-situation-a-gaza-estime-la-france\/212202\/#breadcrumb"},"inLanguage":"fr-FR","potentialAction":[{"@type":"ReadAction","target":["https:\/\/www.webdo.tn\/fr\/actualite\/international\/on-ne-peut-pas-trouver-de-justification-a-la-situation-a-gaza-estime-la-france\/212202\/"]}]},{"@type":"ImageObject","inLanguage":"fr-FR","@id":"https:\/\/www.webdo.tn\/fr\/actualite\/international\/on-ne-peut-pas-trouver-de-justification-a-la-situation-a-gaza-estime-la-france\/212202\/#primaryimage","url":"https:\/\/www.webdo.tn\/fr\/wp-content\/uploads\/2024\/02\/4c4cbd01e2aabb0ed50cd402f7986296.png","contentUrl":"https:\/\/www.webdo.tn\/fr\/wp-content\/uploads\/2024\/02\/4c4cbd01e2aabb0ed50cd402f7986296.png","width":740,"height":395,"caption":"\u00ab On ne peut pas trouver de justification \u00e0 la situation \u00e0 Gaza \u00bb, estime la France"},{"@type":"BreadcrumbList","@id":"https:\/\/www.webdo.tn\/fr\/actualite\/international\/on-ne-peut-pas-trouver-de-justification-a-la-situation-a-gaza-estime-la-france\/212202\/#breadcrumb","itemListElement":[{"@type":"ListItem","position":1,"name":"Accueil","item":"https:\/\/www.webdo.tn\/fr\/"},{"@type":"ListItem","position":2,"name":"\u00ab On ne peut pas trouver de justification \u00e0 la situation \u00e0 Gaza \u00bb, estime la France"}]},{"@type":"WebSite","@id":"https:\/\/www.webdo.tn\/fr\/#website","url":"https:\/\/www.webdo.tn\/fr\/","name":"webdo","description":"Tunisie - News en Tunisie et \u00e0 l&#039;international sur Webdo.tn","publisher":{"@id":"https:\/\/www.webdo.tn\/fr\/#organization"},"potentialAction":[{"@type":"SearchAction","target":{"@type":"EntryPoint","urlTemplate":"https:\/\/www.webdo.tn\/fr\/?s={search_term_string}"},"query-input":{"@type":"PropertyValueSpecification","valueRequired":true,"valueName":"search_term_string"}}],"inLanguage":"fr-FR"},{"@type":"Organization","@id":"https:\/\/www.webdo.tn\/fr\/#organization","name":"Webdo","alternateName":"Webdo.tn","url":"https:\/\/www.webdo.tn\/fr\/","logo":{"@type":"ImageObject","inLanguage":"fr-FR","@id":"https:\/\/www.webdo.tn\/fr\/#\/schema\/logo\/image\/","url":"https:\/\/www.webdo.tn\/fr\/wp-content\/uploads\/2025\/06\/Webdo-Tunisie_168377.jpg","contentUrl":"https:\/\/www.webdo.tn\/fr\/wp-content\/uploads\/2025\/06\/Webdo-Tunisie_168377.jpg","width":301,"height":301,"caption":"Webdo"},"image":{"@id":"https:\/\/www.webdo.tn\/fr\/#\/schema\/logo\/image\/"},"sameAs":["https:\/\/www.facebook.com\/webdotn","https:\/\/x.com\/webdo_tn"],"description":"Webdo est un m\u00e9dia num\u00e9rique tunisien fond\u00e9 en 2010, sp\u00e9cialis\u00e9 dans l\u2019actualit\u00e9 nationale et internationale, l\u2019\u00e9conomie, la soci\u00e9t\u00e9 et les analyses politiques. Le site s\u2019adresse \u00e0 un large public francophone et couvre l\u2019information tunisienne en temps r\u00e9el.","email":"redac@webdo.tn","legalName":"YNJ SARL","foundingDate":"2010-09-06","numberOfEmployees":{"@type":"QuantitativeValue","minValue":"11","maxValue":"50"}},{"@type":"Person","@id":"https:\/\/www.webdo.tn\/fr\/#\/schema\/person\/f35b42a42c5e2511bbd282959d6385cc","name":"CL","image":{"@type":"ImageObject","inLanguage":"fr-FR","@id":"https:\/\/secure.gravatar.com\/avatar\/1447a49909b67aa657c488aec6512e1dd6143a480c1ecfee9b5b5cd74eb3b59e?s=96&d=mm&r=g","url":"https:\/\/secure.gravatar.com\/avatar\/1447a49909b67aa657c488aec6512e1dd6143a480c1ecfee9b5b5cd74eb3b59e?s=96&d=mm&r=g","contentUrl":"https:\/\/secure.gravatar.com\/avatar\/1447a49909b67aa657c488aec6512e1dd6143a480c1ecfee9b5b5cd74eb3b59e?s=96&d=mm&r=g","caption":"CL"},"url":"https:\/\/www.webdo.tn\/fr\/actualite\/author\/cl\/"}]}},"_links":{"self":[{"href":"https:\/\/www.webdo.tn\/fr\/wp-json\/wp\/v2\/posts\/212202","targetHints":{"allow":["GET"]}}],"collection":[{"href":"https:\/\/www.webdo.tn\/fr\/wp-json\/wp\/v2\/posts"}],"about":[{"href":"https:\/\/www.webdo.tn\/fr\/wp-json\/wp\/v2\/types\/post"}],"author":[{"embeddable":true,"href":"https:\/\/www.webdo.tn\/fr\/wp-json\/wp\/v2\/users\/3175"}],"replies":[{"embeddable":true,"href":"https:\/\/www.webdo.tn\/fr\/wp-json\/wp\/v2\/comments?post=212202"}],"version-history":[{"count":0,"href":"https:\/\/www.webdo.tn\/fr\/wp-json\/wp\/v2\/posts\/212202\/revisions"}],"wp:featuredmedia":[{"embeddable":true,"href":"https:\/\/www.webdo.tn\/fr\/wp-json\/wp\/v2\/media\/290208"}],"wp:attachment":[{"href":"https:\/\/www.webdo.tn\/fr\/wp-json\/wp\/v2\/media?parent=212202"}],"wp:term":[{"taxonomy":"category","embeddable":true,"href":"https:\/\/www.webdo.tn\/fr\/wp-json\/wp\/v2\/categories?post=212202"},{"taxonomy":"post_tag","embeddable":true,"href":"https:\/\/www.webdo.tn\/fr\/wp-json\/wp\/v2\/tags?post=212202"}],"curies":[{"name":"wp","href":"https:\/\/api.w.org\/{rel}","templated":true}]}}