{"id":212199,"date":"2024-02-11T09:50:00","date_gmt":"2024-02-11T09:50:00","guid":{"rendered":"https:\/\/www.webdo.tn\/fr\/blog\/finale-can-2023-1-sur-quelles-chaines-voir-cote-d-ivoire-nigeria\/212199\/"},"modified":"2025-05-20T22:53:06","modified_gmt":"2025-05-20T22:53:06","slug":"finale-can-2023-1-sur-quelles-chaines-voir-cote-d-ivoire-nigeria","status":"publish","type":"post","link":"https:\/\/www.webdo.tn\/fr\/actualite\/sport\/finale-can-2023-1-sur-quelles-chaines-voir-cote-d-ivoire-nigeria\/212199\/","title":{"rendered":"CAN 2023 + 1 | Finale : Sur quelles cha\u00eenes voir C\u00f4te d&rsquo;Ivoire &#8211; Nigeria"},"content":{"rendered":"<p>C\u2019est le clap de fin pour la CAN 2024. La finale opposera, ce dimanche 11 f\u00e9vrier 2024, deux g\u00e9ants du continent, la Cote d\u2019Ivoire pays h\u00f4te au Nig\u00e9ria triple champion d\u2019Afrique. \u00a0Cette comp\u00e9tition compl\u00e8tement folle va donc baisser le rideau apr\u00e8s un mois d&rsquo;\u00e9motions fortes.\u00a0<\/p>\n<p>Les deux \u00e9quipes vont s&rsquo;affronter pour la 2e fois dans cette CAN, apr\u00e8s la victoire 1-0 des Super Eagles en phase de groupes. \u00a0Pour se qualifier en finale, les Ivoiriens ont battu la RD Congo en demi-finale (1-0), alors que les Nig\u00e9rians ont domin\u00e9 l\u2019Afrique du Sud aux tirs au but (1-1, 4-2 tab).<\/p>\n<p>Le choc Nigeria &#8211; C\u00f4te d\u2019Ivoire, comptant pour la finale de la CAN 2024, est programm\u00e9 pour aujourd\u2019hui dimanche 11 f\u00e9vrier, au stade Alassane-Ouattara d\u2019Abidjan (C\u00f4te d\u2019Ivoire) \u00e0 partir de 21h (Tunis).\u00a0<\/p>\n<p>Le match sera diffus\u00e9 sur les chaines suivantes :\u00a0<\/p>\n<p>\tbeIN Sports HD \u00a0Max\u00a0\u00a0 \u00a0<br \/>\n\tbeIN Sports HD 2 Max<br \/>\n\tArriyadia TNT HD\u00a0<br \/>\n\tSky Sport Football UK\u00a0<br \/>\n\tBeIN France\u00a0<br \/>\n\tW9\u00a0<br \/>\n\tSportDigital<\/p>\n","protected":false},"excerpt":{"rendered":"<p>C\u2019est le clap de fin pour la CAN 2024. La finale opposera, ce dimanche 11 f\u00e9vrier 2024, deux g\u00e9ants du continent, la Cote d\u2019Ivoire pays h\u00f4te au Nig\u00e9ria triple champion d\u2019Afrique. \u00a0Cette comp\u00e9tition compl\u00e8tement folle va donc baisser le rideau apr\u00e8s un mois d&rsquo;\u00e9motions fortes.\u00a0 Les deux \u00e9quipes vont s&rsquo;affronter pour la 2e fois dans [&hellip;]<\/p>\n","protected":false},"author":3175,"featured_media":290209,"comment_status":"open","ping_status":"closed","sticky":false,"template":"","format":"standard","meta":{"footnotes":""},"categories":[2593],"tags":[7139,5946,4676,7010,2608],"class_list":["post-212199","post","type-post","status-publish","format-standard","has-post-thumbnail","hentry","category-sport","tag-can-2024","tag-cote-divoire","tag-finale","tag-nigeria","tag-tunisie"],"yoast_head":"<!-- This site is optimized with the Yoast SEO Premium plugin v27.5 (Yoast SEO v27.5) - https:\/\/yoast.com\/product\/yoast-seo-premium-wordpress\/ -->\n<title>CAN 2023 + 1 | Finale : Sur quelles cha\u00eenes voir C\u00f4te d&#039;Ivoire - Nigeria<\/title>\n<link rel=\"canonical\" href=\"https:\/\/www.webdo.tn\/fr\/actualite\/sport\/finale-can-2023-1-sur-quelles-chaines-voir-cote-d-ivoire-nigeria\/212199\/\" \/>\n<meta property=\"og:locale\" content=\"fr_FR\" \/>\n<meta property=\"og:type\" content=\"article\" \/>\n<meta property=\"og:title\" content=\"CAN 2023 + 1 | Finale : Sur quelles cha\u00eenes voir C\u00f4te d&#039;Ivoire - Nigeria\" \/>\n<meta property=\"og:description\" content=\"C\u2019est le clap de fin pour la CAN 2024. La finale opposera, ce dimanche 11 f\u00e9vrier 2024, deux g\u00e9ants du continent, la Cote d\u2019Ivoire pays h\u00f4te au Nig\u00e9ria triple champion d\u2019Afrique. \u00a0Cette comp\u00e9tition compl\u00e8tement folle va donc baisser le rideau apr\u00e8s un mois d&rsquo;\u00e9motions fortes.\u00a0 Les deux \u00e9quipes vont s&rsquo;affronter pour la 2e fois dans [&hellip;]\" \/>\n<meta property=\"og:url\" content=\"https:\/\/www.webdo.tn\/fr\/actualite\/sport\/finale-can-2023-1-sur-quelles-chaines-voir-cote-d-ivoire-nigeria\/212199\/\" \/>\n<meta property=\"og:site_name\" content=\"webdo\" \/>\n<meta property=\"article:publisher\" content=\"https:\/\/www.facebook.com\/webdotn\" \/>\n<meta property=\"article:published_time\" content=\"2024-02-11T09:50:00+00:00\" \/>\n<meta property=\"article:modified_time\" content=\"2025-05-20T22:53:06+00:00\" \/>\n<meta property=\"og:image\" content=\"https:\/\/www.webdo.tn\/fr\/wp-content\/uploads\/2024\/02\/57e29383fd2fd9e8f46c764c87302b97.png\" \/>\n\t<meta property=\"og:image:width\" content=\"750\" \/>\n\t<meta property=\"og:image:height\" content=\"400\" \/>\n\t<meta property=\"og:image:type\" content=\"image\/png\" \/>\n<meta name=\"author\" content=\"CL\" \/>\n<meta name=\"twitter:card\" content=\"summary_large_image\" \/>\n<meta name=\"twitter:creator\" content=\"@webdo_tn\" \/>\n<meta name=\"twitter:site\" content=\"@webdo_tn\" \/>\n<meta name=\"twitter:label1\" content=\"\u00c9crit par\" \/>\n\t<meta name=\"twitter:data1\" content=\"CL\" \/>\n\t<meta name=\"twitter:label2\" content=\"Dur\u00e9e de lecture estim\u00e9e\" \/>\n\t<meta name=\"twitter:data2\" content=\"1 minute\" \/>\n<script type=\"application\/ld+json\" class=\"yoast-schema-graph\">{\"@context\":\"https:\\\/\\\/schema.org\",\"@graph\":[{\"@type\":\"NewsArticle\",\"@id\":\"https:\\\/\\\/www.webdo.tn\\\/fr\\\/actualite\\\/sport\\\/finale-can-2023-1-sur-quelles-chaines-voir-cote-d-ivoire-nigeria\\\/212199\\\/#article\",\"isPartOf\":{\"@id\":\"https:\\\/\\\/www.webdo.tn\\\/fr\\\/actualite\\\/sport\\\/finale-can-2023-1-sur-quelles-chaines-voir-cote-d-ivoire-nigeria\\\/212199\\\/\"},\"author\":{\"name\":\"CL\",\"@id\":\"https:\\\/\\\/www.webdo.tn\\\/fr\\\/#\\\/schema\\\/person\\\/f35b42a42c5e2511bbd282959d6385cc\"},\"headline\":\"CAN 2023 + 1 | Finale : Sur quelles cha\u00eenes voir C\u00f4te d&rsquo;Ivoire &#8211; Nigeria\",\"datePublished\":\"2024-02-11T09:50:00+00:00\",\"dateModified\":\"2025-05-20T22:53:06+00:00\",\"mainEntityOfPage\":{\"@id\":\"https:\\\/\\\/www.webdo.tn\\\/fr\\\/actualite\\\/sport\\\/finale-can-2023-1-sur-quelles-chaines-voir-cote-d-ivoire-nigeria\\\/212199\\\/\"},\"wordCount\":187,\"commentCount\":0,\"publisher\":{\"@id\":\"https:\\\/\\\/www.webdo.tn\\\/fr\\\/#organization\"},\"image\":{\"@id\":\"https:\\\/\\\/www.webdo.tn\\\/fr\\\/actualite\\\/sport\\\/finale-can-2023-1-sur-quelles-chaines-voir-cote-d-ivoire-nigeria\\\/212199\\\/#primaryimage\"},\"thumbnailUrl\":\"https:\\\/\\\/www.webdo.tn\\\/fr\\\/wp-content\\\/uploads\\\/2024\\\/02\\\/57e29383fd2fd9e8f46c764c87302b97.png\",\"keywords\":[\"can 2024\",\"C\u00f4te-d'Ivoire\",\"finale\",\"Nigeria\",\"Tunisie\"],\"articleSection\":[\"Sport\"],\"inLanguage\":\"fr-FR\"},{\"@type\":\"WebPage\",\"@id\":\"https:\\\/\\\/www.webdo.tn\\\/fr\\\/actualite\\\/sport\\\/finale-can-2023-1-sur-quelles-chaines-voir-cote-d-ivoire-nigeria\\\/212199\\\/\",\"url\":\"https:\\\/\\\/www.webdo.tn\\\/fr\\\/actualite\\\/sport\\\/finale-can-2023-1-sur-quelles-chaines-voir-cote-d-ivoire-nigeria\\\/212199\\\/\",\"name\":\"CAN 2023 + 1 | Finale : Sur quelles cha\u00eenes voir C\u00f4te d'Ivoire - Nigeria\",\"isPartOf\":{\"@id\":\"https:\\\/\\\/www.webdo.tn\\\/fr\\\/#website\"},\"primaryImageOfPage\":{\"@id\":\"https:\\\/\\\/www.webdo.tn\\\/fr\\\/actualite\\\/sport\\\/finale-can-2023-1-sur-quelles-chaines-voir-cote-d-ivoire-nigeria\\\/212199\\\/#primaryimage\"},\"image\":{\"@id\":\"https:\\\/\\\/www.webdo.tn\\\/fr\\\/actualite\\\/sport\\\/finale-can-2023-1-sur-quelles-chaines-voir-cote-d-ivoire-nigeria\\\/212199\\\/#primaryimage\"},\"thumbnailUrl\":\"https:\\\/\\\/www.webdo.tn\\\/fr\\\/wp-content\\\/uploads\\\/2024\\\/02\\\/57e29383fd2fd9e8f46c764c87302b97.png\",\"datePublished\":\"2024-02-11T09:50:00+00:00\",\"dateModified\":\"2025-05-20T22:53:06+00:00\",\"breadcrumb\":{\"@id\":\"https:\\\/\\\/www.webdo.tn\\\/fr\\\/actualite\\\/sport\\\/finale-can-2023-1-sur-quelles-chaines-voir-cote-d-ivoire-nigeria\\\/212199\\\/#breadcrumb\"},\"inLanguage\":\"fr-FR\",\"potentialAction\":[{\"@type\":\"ReadAction\",\"target\":[\"https:\\\/\\\/www.webdo.tn\\\/fr\\\/actualite\\\/sport\\\/finale-can-2023-1-sur-quelles-chaines-voir-cote-d-ivoire-nigeria\\\/212199\\\/\"]}]},{\"@type\":\"ImageObject\",\"inLanguage\":\"fr-FR\",\"@id\":\"https:\\\/\\\/www.webdo.tn\\\/fr\\\/actualite\\\/sport\\\/finale-can-2023-1-sur-quelles-chaines-voir-cote-d-ivoire-nigeria\\\/212199\\\/#primaryimage\",\"url\":\"https:\\\/\\\/www.webdo.tn\\\/fr\\\/wp-content\\\/uploads\\\/2024\\\/02\\\/57e29383fd2fd9e8f46c764c87302b97.png\",\"contentUrl\":\"https:\\\/\\\/www.webdo.tn\\\/fr\\\/wp-content\\\/uploads\\\/2024\\\/02\\\/57e29383fd2fd9e8f46c764c87302b97.png\",\"width\":750,\"height\":400,\"caption\":\"CAN 2023 + 1 | Finale : Sur quelles cha\u00eenes voir C\u00f4te d'Ivoire - Nigeria\"},{\"@type\":\"BreadcrumbList\",\"@id\":\"https:\\\/\\\/www.webdo.tn\\\/fr\\\/actualite\\\/sport\\\/finale-can-2023-1-sur-quelles-chaines-voir-cote-d-ivoire-nigeria\\\/212199\\\/#breadcrumb\",\"itemListElement\":[{\"@type\":\"ListItem\",\"position\":1,\"name\":\"Accueil\",\"item\":\"https:\\\/\\\/www.webdo.tn\\\/fr\\\/\"},{\"@type\":\"ListItem\",\"position\":2,\"name\":\"CAN 2023 + 1 | Finale : Sur quelles cha\u00eenes voir C\u00f4te d&rsquo;Ivoire &#8211; Nigeria\"}]},{\"@type\":\"WebSite\",\"@id\":\"https:\\\/\\\/www.webdo.tn\\\/fr\\\/#website\",\"url\":\"https:\\\/\\\/www.webdo.tn\\\/fr\\\/\",\"name\":\"webdo\",\"description\":\"Tunisie - News en Tunisie et \u00e0 l&#039;international sur Webdo.tn\",\"publisher\":{\"@id\":\"https:\\\/\\\/www.webdo.tn\\\/fr\\\/#organization\"},\"potentialAction\":[{\"@type\":\"SearchAction\",\"target\":{\"@type\":\"EntryPoint\",\"urlTemplate\":\"https:\\\/\\\/www.webdo.tn\\\/fr\\\/?s={search_term_string}\"},\"query-input\":{\"@type\":\"PropertyValueSpecification\",\"valueRequired\":true,\"valueName\":\"search_term_string\"}}],\"inLanguage\":\"fr-FR\"},{\"@type\":\"Organization\",\"@id\":\"https:\\\/\\\/www.webdo.tn\\\/fr\\\/#organization\",\"name\":\"Webdo\",\"alternateName\":\"Webdo.tn\",\"url\":\"https:\\\/\\\/www.webdo.tn\\\/fr\\\/\",\"logo\":{\"@type\":\"ImageObject\",\"inLanguage\":\"fr-FR\",\"@id\":\"https:\\\/\\\/www.webdo.tn\\\/fr\\\/#\\\/schema\\\/logo\\\/image\\\/\",\"url\":\"https:\\\/\\\/www.webdo.tn\\\/fr\\\/wp-content\\\/uploads\\\/2025\\\/06\\\/Webdo-Tunisie_168377.jpg\",\"contentUrl\":\"https:\\\/\\\/www.webdo.tn\\\/fr\\\/wp-content\\\/uploads\\\/2025\\\/06\\\/Webdo-Tunisie_168377.jpg\",\"width\":301,\"height\":301,\"caption\":\"Webdo\"},\"image\":{\"@id\":\"https:\\\/\\\/www.webdo.tn\\\/fr\\\/#\\\/schema\\\/logo\\\/image\\\/\"},\"sameAs\":[\"https:\\\/\\\/www.facebook.com\\\/webdotn\",\"https:\\\/\\\/x.com\\\/webdo_tn\"],\"description\":\"Webdo est un m\u00e9dia num\u00e9rique tunisien fond\u00e9 en 2010, sp\u00e9cialis\u00e9 dans l\u2019actualit\u00e9 nationale et internationale, l\u2019\u00e9conomie, la soci\u00e9t\u00e9 et les analyses politiques. Le site s\u2019adresse \u00e0 un large public francophone et couvre l\u2019information tunisienne en temps r\u00e9el.\",\"email\":\"redac@webdo.tn\",\"legalName\":\"YNJ SARL\",\"foundingDate\":\"2010-09-06\",\"numberOfEmployees\":{\"@type\":\"QuantitativeValue\",\"minValue\":\"11\",\"maxValue\":\"50\"}},{\"@type\":\"Person\",\"@id\":\"https:\\\/\\\/www.webdo.tn\\\/fr\\\/#\\\/schema\\\/person\\\/f35b42a42c5e2511bbd282959d6385cc\",\"name\":\"CL\",\"image\":{\"@type\":\"ImageObject\",\"inLanguage\":\"fr-FR\",\"@id\":\"https:\\\/\\\/secure.gravatar.com\\\/avatar\\\/1447a49909b67aa657c488aec6512e1dd6143a480c1ecfee9b5b5cd74eb3b59e?s=96&d=mm&r=g\",\"url\":\"https:\\\/\\\/secure.gravatar.com\\\/avatar\\\/1447a49909b67aa657c488aec6512e1dd6143a480c1ecfee9b5b5cd74eb3b59e?s=96&d=mm&r=g\",\"contentUrl\":\"https:\\\/\\\/secure.gravatar.com\\\/avatar\\\/1447a49909b67aa657c488aec6512e1dd6143a480c1ecfee9b5b5cd74eb3b59e?s=96&d=mm&r=g\",\"caption\":\"CL\"},\"url\":\"https:\\\/\\\/www.webdo.tn\\\/fr\\\/actualite\\\/author\\\/cl\\\/\"}]}<\/script>\n<!-- \/ Yoast SEO Premium plugin. -->","yoast_head_json":{"title":"CAN 2023 + 1 | Finale : Sur quelles cha\u00eenes voir C\u00f4te d'Ivoire - Nigeria","canonical":"https:\/\/www.webdo.tn\/fr\/actualite\/sport\/finale-can-2023-1-sur-quelles-chaines-voir-cote-d-ivoire-nigeria\/212199\/","og_locale":"fr_FR","og_type":"article","og_title":"CAN 2023 + 1 | Finale : Sur quelles cha\u00eenes voir C\u00f4te d'Ivoire - Nigeria","og_description":"C\u2019est le clap de fin pour la CAN 2024. La finale opposera, ce dimanche 11 f\u00e9vrier 2024, deux g\u00e9ants du continent, la Cote d\u2019Ivoire pays h\u00f4te au Nig\u00e9ria triple champion d\u2019Afrique. \u00a0Cette comp\u00e9tition compl\u00e8tement folle va donc baisser le rideau apr\u00e8s un mois d&rsquo;\u00e9motions fortes.\u00a0 Les deux \u00e9quipes vont s&rsquo;affronter pour la 2e fois dans [&hellip;]","og_url":"https:\/\/www.webdo.tn\/fr\/actualite\/sport\/finale-can-2023-1-sur-quelles-chaines-voir-cote-d-ivoire-nigeria\/212199\/","og_site_name":"webdo","article_publisher":"https:\/\/www.facebook.com\/webdotn","article_published_time":"2024-02-11T09:50:00+00:00","article_modified_time":"2025-05-20T22:53:06+00:00","og_image":[{"width":750,"height":400,"url":"https:\/\/www.webdo.tn\/fr\/wp-content\/uploads\/2024\/02\/57e29383fd2fd9e8f46c764c87302b97.png","type":"image\/png"}],"author":"CL","twitter_card":"summary_large_image","twitter_creator":"@webdo_tn","twitter_site":"@webdo_tn","twitter_misc":{"\u00c9crit par":"CL","Dur\u00e9e de lecture estim\u00e9e":"1 minute"},"schema":{"@context":"https:\/\/schema.org","@graph":[{"@type":"NewsArticle","@id":"https:\/\/www.webdo.tn\/fr\/actualite\/sport\/finale-can-2023-1-sur-quelles-chaines-voir-cote-d-ivoire-nigeria\/212199\/#article","isPartOf":{"@id":"https:\/\/www.webdo.tn\/fr\/actualite\/sport\/finale-can-2023-1-sur-quelles-chaines-voir-cote-d-ivoire-nigeria\/212199\/"},"author":{"name":"CL","@id":"https:\/\/www.webdo.tn\/fr\/#\/schema\/person\/f35b42a42c5e2511bbd282959d6385cc"},"headline":"CAN 2023 + 1 | Finale : Sur quelles cha\u00eenes voir C\u00f4te d&rsquo;Ivoire &#8211; Nigeria","datePublished":"2024-02-11T09:50:00+00:00","dateModified":"2025-05-20T22:53:06+00:00","mainEntityOfPage":{"@id":"https:\/\/www.webdo.tn\/fr\/actualite\/sport\/finale-can-2023-1-sur-quelles-chaines-voir-cote-d-ivoire-nigeria\/212199\/"},"wordCount":187,"commentCount":0,"publisher":{"@id":"https:\/\/www.webdo.tn\/fr\/#organization"},"image":{"@id":"https:\/\/www.webdo.tn\/fr\/actualite\/sport\/finale-can-2023-1-sur-quelles-chaines-voir-cote-d-ivoire-nigeria\/212199\/#primaryimage"},"thumbnailUrl":"https:\/\/www.webdo.tn\/fr\/wp-content\/uploads\/2024\/02\/57e29383fd2fd9e8f46c764c87302b97.png","keywords":["can 2024","C\u00f4te-d'Ivoire","finale","Nigeria","Tunisie"],"articleSection":["Sport"],"inLanguage":"fr-FR"},{"@type":"WebPage","@id":"https:\/\/www.webdo.tn\/fr\/actualite\/sport\/finale-can-2023-1-sur-quelles-chaines-voir-cote-d-ivoire-nigeria\/212199\/","url":"https:\/\/www.webdo.tn\/fr\/actualite\/sport\/finale-can-2023-1-sur-quelles-chaines-voir-cote-d-ivoire-nigeria\/212199\/","name":"CAN 2023 + 1 | Finale : Sur quelles cha\u00eenes voir C\u00f4te d'Ivoire - Nigeria","isPartOf":{"@id":"https:\/\/www.webdo.tn\/fr\/#website"},"primaryImageOfPage":{"@id":"https:\/\/www.webdo.tn\/fr\/actualite\/sport\/finale-can-2023-1-sur-quelles-chaines-voir-cote-d-ivoire-nigeria\/212199\/#primaryimage"},"image":{"@id":"https:\/\/www.webdo.tn\/fr\/actualite\/sport\/finale-can-2023-1-sur-quelles-chaines-voir-cote-d-ivoire-nigeria\/212199\/#primaryimage"},"thumbnailUrl":"https:\/\/www.webdo.tn\/fr\/wp-content\/uploads\/2024\/02\/57e29383fd2fd9e8f46c764c87302b97.png","datePublished":"2024-02-11T09:50:00+00:00","dateModified":"2025-05-20T22:53:06+00:00","breadcrumb":{"@id":"https:\/\/www.webdo.tn\/fr\/actualite\/sport\/finale-can-2023-1-sur-quelles-chaines-voir-cote-d-ivoire-nigeria\/212199\/#breadcrumb"},"inLanguage":"fr-FR","potentialAction":[{"@type":"ReadAction","target":["https:\/\/www.webdo.tn\/fr\/actualite\/sport\/finale-can-2023-1-sur-quelles-chaines-voir-cote-d-ivoire-nigeria\/212199\/"]}]},{"@type":"ImageObject","inLanguage":"fr-FR","@id":"https:\/\/www.webdo.tn\/fr\/actualite\/sport\/finale-can-2023-1-sur-quelles-chaines-voir-cote-d-ivoire-nigeria\/212199\/#primaryimage","url":"https:\/\/www.webdo.tn\/fr\/wp-content\/uploads\/2024\/02\/57e29383fd2fd9e8f46c764c87302b97.png","contentUrl":"https:\/\/www.webdo.tn\/fr\/wp-content\/uploads\/2024\/02\/57e29383fd2fd9e8f46c764c87302b97.png","width":750,"height":400,"caption":"CAN 2023 + 1 | Finale : Sur quelles cha\u00eenes voir C\u00f4te d'Ivoire - Nigeria"},{"@type":"BreadcrumbList","@id":"https:\/\/www.webdo.tn\/fr\/actualite\/sport\/finale-can-2023-1-sur-quelles-chaines-voir-cote-d-ivoire-nigeria\/212199\/#breadcrumb","itemListElement":[{"@type":"ListItem","position":1,"name":"Accueil","item":"https:\/\/www.webdo.tn\/fr\/"},{"@type":"ListItem","position":2,"name":"CAN 2023 + 1 | Finale : Sur quelles cha\u00eenes voir C\u00f4te d&rsquo;Ivoire &#8211; Nigeria"}]},{"@type":"WebSite","@id":"https:\/\/www.webdo.tn\/fr\/#website","url":"https:\/\/www.webdo.tn\/fr\/","name":"webdo","description":"Tunisie - News en Tunisie et \u00e0 l&#039;international sur Webdo.tn","publisher":{"@id":"https:\/\/www.webdo.tn\/fr\/#organization"},"potentialAction":[{"@type":"SearchAction","target":{"@type":"EntryPoint","urlTemplate":"https:\/\/www.webdo.tn\/fr\/?s={search_term_string}"},"query-input":{"@type":"PropertyValueSpecification","valueRequired":true,"valueName":"search_term_string"}}],"inLanguage":"fr-FR"},{"@type":"Organization","@id":"https:\/\/www.webdo.tn\/fr\/#organization","name":"Webdo","alternateName":"Webdo.tn","url":"https:\/\/www.webdo.tn\/fr\/","logo":{"@type":"ImageObject","inLanguage":"fr-FR","@id":"https:\/\/www.webdo.tn\/fr\/#\/schema\/logo\/image\/","url":"https:\/\/www.webdo.tn\/fr\/wp-content\/uploads\/2025\/06\/Webdo-Tunisie_168377.jpg","contentUrl":"https:\/\/www.webdo.tn\/fr\/wp-content\/uploads\/2025\/06\/Webdo-Tunisie_168377.jpg","width":301,"height":301,"caption":"Webdo"},"image":{"@id":"https:\/\/www.webdo.tn\/fr\/#\/schema\/logo\/image\/"},"sameAs":["https:\/\/www.facebook.com\/webdotn","https:\/\/x.com\/webdo_tn"],"description":"Webdo est un m\u00e9dia num\u00e9rique tunisien fond\u00e9 en 2010, sp\u00e9cialis\u00e9 dans l\u2019actualit\u00e9 nationale et internationale, l\u2019\u00e9conomie, la soci\u00e9t\u00e9 et les analyses politiques. Le site s\u2019adresse \u00e0 un large public francophone et couvre l\u2019information tunisienne en temps r\u00e9el.","email":"redac@webdo.tn","legalName":"YNJ SARL","foundingDate":"2010-09-06","numberOfEmployees":{"@type":"QuantitativeValue","minValue":"11","maxValue":"50"}},{"@type":"Person","@id":"https:\/\/www.webdo.tn\/fr\/#\/schema\/person\/f35b42a42c5e2511bbd282959d6385cc","name":"CL","image":{"@type":"ImageObject","inLanguage":"fr-FR","@id":"https:\/\/secure.gravatar.com\/avatar\/1447a49909b67aa657c488aec6512e1dd6143a480c1ecfee9b5b5cd74eb3b59e?s=96&d=mm&r=g","url":"https:\/\/secure.gravatar.com\/avatar\/1447a49909b67aa657c488aec6512e1dd6143a480c1ecfee9b5b5cd74eb3b59e?s=96&d=mm&r=g","contentUrl":"https:\/\/secure.gravatar.com\/avatar\/1447a49909b67aa657c488aec6512e1dd6143a480c1ecfee9b5b5cd74eb3b59e?s=96&d=mm&r=g","caption":"CL"},"url":"https:\/\/www.webdo.tn\/fr\/actualite\/author\/cl\/"}]}},"_links":{"self":[{"href":"https:\/\/www.webdo.tn\/fr\/wp-json\/wp\/v2\/posts\/212199","targetHints":{"allow":["GET"]}}],"collection":[{"href":"https:\/\/www.webdo.tn\/fr\/wp-json\/wp\/v2\/posts"}],"about":[{"href":"https:\/\/www.webdo.tn\/fr\/wp-json\/wp\/v2\/types\/post"}],"author":[{"embeddable":true,"href":"https:\/\/www.webdo.tn\/fr\/wp-json\/wp\/v2\/users\/3175"}],"replies":[{"embeddable":true,"href":"https:\/\/www.webdo.tn\/fr\/wp-json\/wp\/v2\/comments?post=212199"}],"version-history":[{"count":0,"href":"https:\/\/www.webdo.tn\/fr\/wp-json\/wp\/v2\/posts\/212199\/revisions"}],"wp:featuredmedia":[{"embeddable":true,"href":"https:\/\/www.webdo.tn\/fr\/wp-json\/wp\/v2\/media\/290209"}],"wp:attachment":[{"href":"https:\/\/www.webdo.tn\/fr\/wp-json\/wp\/v2\/media?parent=212199"}],"wp:term":[{"taxonomy":"category","embeddable":true,"href":"https:\/\/www.webdo.tn\/fr\/wp-json\/wp\/v2\/categories?post=212199"},{"taxonomy":"post_tag","embeddable":true,"href":"https:\/\/www.webdo.tn\/fr\/wp-json\/wp\/v2\/tags?post=212199"}],"curies":[{"name":"wp","href":"https:\/\/api.w.org\/{rel}","templated":true}]}}