{"id":212195,"date":"2024-02-10T12:19:00","date_gmt":"2024-02-10T12:19:00","guid":{"rendered":"https:\/\/www.webdo.tn\/fr\/blog\/la-coupe-de-tunisie-de-football-rebaptisee-par-kais-saied\/212195\/"},"modified":"2025-05-20T22:11:46","modified_gmt":"2025-05-20T22:11:46","slug":"la-coupe-de-tunisie-de-football-rebaptisee-par-kais-saied","status":"publish","type":"post","link":"https:\/\/www.webdo.tn\/fr\/actualite\/sport\/la-coupe-de-tunisie-de-football-rebaptisee-par-kais-saied\/212195\/","title":{"rendered":"La Coupe de Tunisie de football rebaptis\u00e9e par Kais Saied"},"content":{"rendered":"<p>Depuis sa cr\u00e9ation, la Coupe de Tunisie de football est pr\u00e9sent\u00e9e sous la d\u00e9nomination de \u00ab\u00a0Coupe du Pr\u00e9sident de la R\u00e9publique\u00a0\u00bb. Une appellation qui ne pla\u00eet pas \u00e0 Kais Saied.<\/p>\n<p>\t\t\t\t\t\t\t\t\tCr\u00e9\u00e9e au lendemain de l\u2019ind\u00e9pendance, la Coupe de Tunisie de football, un des deux titres majeurs, mis en jeu chaque ann\u00e9e, est pr\u00e9sent\u00e9e sous la d\u00e9nomination de \u00ab\u00a0Coupe du Pr\u00e9sident de la R\u00e9publique\u00a0\u00bb. Une appellation utilis\u00e9e un peu partout dans le monde puisqu\u2019en France, la Coupe s\u2019appelle \u00ab\u00a0Coupe du Pr\u00e9sident de la R\u00e9publique\u00a0\u00bb, en Espagne, c\u2019est la \u00ab\u00a0Coupe du Roi\u00a0\u00bb, etc.<\/p>\n<p>Mais cette appellation ne pla\u00eet pas au pr\u00e9sident de la R\u00e9publique, Kais Saied, qui y voit une forme de populisme. Lors d\u2019une r\u00e9union tenue vendredi soir au Palais de Carthage, avec le ministre de la Jeunesse et Sports, Kamel Deguiche, Kais Saied a appel\u00e9 \u00e0 remplacer le nom donn\u00e9 \u00e0 ce troph\u00e9e par \u00ab\u00a0Coupe de Tunisie\u00a0\u00bb au lieu de \u00ab\u00a0Coupe du Pr\u00e9sident\u00a0\u00bb, soulignant que \u00ab\u00a0l\u2019\u00e8re de la personnalisation du pouvoir est r\u00e9volue\u00a0\u00bb.<\/p>\n<p>Pour rappel, le pr\u00e9sident de la FTF, Wadii Jary, avait d\u00e9cid\u00e9 en 2019, de baptiser les cinq derni\u00e8res \u00e9ditions de la Coupe de Tunisie aux noms de personnalit\u00e9s nationales et de dirigeants politiques qui ont jou\u00e9 un r\u00f4le dans l\u2019ind\u00e9pendance du pays.<\/p>\n<p>Il n\u2019a pas seulement convoqu\u00e9 le ministre Kamel Deguiche pour changer le nom de cette coupe. Kais Saied a dress\u00e9 \u00e0 son ministre le bilan peu glorieux de ce qui a \u00e9t\u00e9 accompli dans le domaine du sport \u00e0 l\u2019heure o\u00f9 Kamel Deguiche se targue de r\u00e9sultats honorables.<\/p>\n<p>Tout y est pass\u00e9. L\u2019\u00e9tat d\u2019un certain nombre d\u2019installations sportives qui \u00ab\u00a0ont besoin d\u2019\u00eatre restaur\u00e9es ou qui sont inexploit\u00e9es en raison de nombreux d\u00e9passements et de la corruption\u00a0\u00bb, ainsi que les r\u00e9sultats d\u00e9cevants des \u00e9quipes nationales malgr\u00e9 les \u00e9normes sommes d\u2019argent mobilis\u00e9es.<\/p>\n<p>Et \u00e0 Kais Saied de rappeler le pass\u00e9 glorieux de certains athl\u00e8tes qui ont marqu\u00e9 l\u2019histoire du sport tunisien et qui \u00ab\u00a0s\u2019entra\u00eenaient dans des maisons de jeunes et obtenaient de bien meilleurs r\u00e9sultats que ceux qui s\u2019entra\u00eenent \u00e0 l\u2019\u00e9tranger ou dans les h\u00f4tels de luxe\u00a0\u00bb. Et d\u2019\u00e9voquer \u00e9galement le manque d\u2019espaces sportifs, etc.<\/p>\n<p>Par ailleurs, la FTF a proc\u00e9d\u00e9 au tirage au sort des seizi\u00e8mes de finale de la Coupe de Tunisie.<\/p>\n<p>Seizi\u00e8mes de finale<\/p>\n<p>\tUS Ben Guerdane &#8211; Club africain<br \/>\n\tES M\u00e9tlaoui &#8211; US Monastirienne<br \/>\n\tCS Sfaxien &#8211; AS Marsa<br \/>\n\tOC Kerkenah ou O. Sidi Bouzid &#8211; Esp\u00e9rance ST<br \/>\n\tJS Kairouanaise ou ES Zarzis &#8211; Stade tunisien<br \/>\n\tFS Menzel Kamel ou AS Menzel Jemil &#8211; O. B\u00e9ja<br \/>\n\tAS Soliman &#8211; AS Degueche ou AS Gabes<br \/>\n\tEtoile S. Sahel &#8211; ES Bouchemma ou Sfax Railways S.<br \/>\n\tUS Ajim Jerba ou AS Hamma &#8211; EGS Gafsa<br \/>\n\tJS Omrane ou Chiheb Ouerdanine &#8211; US Tataouine<br \/>\n\tAS Mhamdia ou CO Transports &#8211; CA Bizertin<br \/>\n\tPS Sakiet Eddaier ou US Boussalem &#8211; JS Boumerdes ou ES Tazarka<br \/>\n\tCS Hammam-Lif ou SC Moknine &#8211; AS Ain Jalloula ou SC Ben Arous<br \/>\n\tJS Mannouba ou CS Korba &#8211; ES Alouite ou FC Mdhilla<br \/>\n\tCS Chebba ou CS Takelsa &#8211; ES Jerba ou US Ksour Essef<br \/>\n\tES Hammam Jerid ou Ahly Sfaxien &#8211; US Ksibet Mediouni ou Kalaa Sport<\/p>\n","protected":false},"excerpt":{"rendered":"<p>Lors d\u2019une r\u00e9union tenue vendredi soir au Palais de Carthage, avec le ministre de la Jeunesse et Sports, Kamel Deguiche, Kais Saied a appel\u00e9 \u00e0 remplacer le nom&#8230;<\/p>\n","protected":false},"author":3162,"featured_media":290206,"comment_status":"open","ping_status":"closed","sticky":false,"template":"","format":"standard","meta":{"footnotes":""},"categories":[2593],"tags":[3168,2622,3018,2608],"class_list":["post-212195","post","type-post","status-publish","format-standard","has-post-thumbnail","hentry","category-sport","tag-coupe-de-tunisie","tag-football","tag-president-de-la-republique","tag-tunisie"],"yoast_head":"<!-- This site is optimized with the Yoast SEO Premium plugin v27.4 (Yoast SEO v27.5) - https:\/\/yoast.com\/product\/yoast-seo-premium-wordpress\/ -->\n<title>La Coupe de Tunisie de football rebaptis\u00e9e par Kais Saied<\/title>\n<meta name=\"description\" content=\"Lors d\u2019une r\u00e9union tenue vendredi soir au Palais de Carthage, avec le ministre de la Jeunesse et Sports, Kamel Deguiche, Kais Saied a appel\u00e9 \u00e0 remplacer le nom...\" \/>\n<link rel=\"canonical\" href=\"https:\/\/www.webdo.tn\/fr\/actualite\/sport\/la-coupe-de-tunisie-de-football-rebaptisee-par-kais-saied\/212195\/\" \/>\n<meta property=\"og:locale\" content=\"fr_FR\" \/>\n<meta property=\"og:type\" content=\"article\" \/>\n<meta property=\"og:title\" content=\"La Coupe de Tunisie de football rebaptis\u00e9e par Kais Saied\" \/>\n<meta property=\"og:description\" content=\"Lors d\u2019une r\u00e9union tenue vendredi soir au Palais de Carthage, avec le ministre de la Jeunesse et Sports, Kamel Deguiche, Kais Saied a appel\u00e9 \u00e0 remplacer le nom...\" \/>\n<meta property=\"og:url\" content=\"https:\/\/www.webdo.tn\/fr\/actualite\/sport\/la-coupe-de-tunisie-de-football-rebaptisee-par-kais-saied\/212195\/\" \/>\n<meta property=\"og:site_name\" content=\"webdo\" \/>\n<meta property=\"article:publisher\" content=\"https:\/\/www.facebook.com\/webdotn\" \/>\n<meta property=\"article:published_time\" content=\"2024-02-10T12:19:00+00:00\" \/>\n<meta property=\"article:modified_time\" content=\"2025-05-20T22:11:46+00:00\" \/>\n<meta property=\"og:image\" content=\"https:\/\/www.webdo.tn\/fr\/wp-content\/uploads\/2024\/02\/2e782ba71fc713270dba74ac6e2cc000.jpg\" \/>\n\t<meta property=\"og:image:width\" content=\"679\" \/>\n\t<meta property=\"og:image:height\" content=\"362\" \/>\n\t<meta property=\"og:image:type\" content=\"image\/jpeg\" \/>\n<meta name=\"author\" content=\"MC\" \/>\n<meta name=\"twitter:card\" content=\"summary_large_image\" \/>\n<meta name=\"twitter:creator\" content=\"@webdo_tn\" \/>\n<meta name=\"twitter:site\" content=\"@webdo_tn\" \/>\n<meta name=\"twitter:label1\" content=\"\u00c9crit par\" \/>\n\t<meta name=\"twitter:data1\" content=\"MC\" \/>\n\t<meta name=\"twitter:label2\" content=\"Dur\u00e9e de lecture estim\u00e9e\" \/>\n\t<meta name=\"twitter:data2\" content=\"3 minutes\" \/>\n<script type=\"application\/ld+json\" class=\"yoast-schema-graph\">{\"@context\":\"https:\\\/\\\/schema.org\",\"@graph\":[{\"@type\":\"NewsArticle\",\"@id\":\"https:\\\/\\\/www.webdo.tn\\\/fr\\\/actualite\\\/sport\\\/la-coupe-de-tunisie-de-football-rebaptisee-par-kais-saied\\\/212195\\\/#article\",\"isPartOf\":{\"@id\":\"https:\\\/\\\/www.webdo.tn\\\/fr\\\/actualite\\\/sport\\\/la-coupe-de-tunisie-de-football-rebaptisee-par-kais-saied\\\/212195\\\/\"},\"author\":{\"name\":\"MC\",\"@id\":\"https:\\\/\\\/www.webdo.tn\\\/fr\\\/#\\\/schema\\\/person\\\/2c4929cbf5a809e3bd38617c6ce150f6\"},\"headline\":\"La Coupe de Tunisie de football rebaptis\u00e9e par Kais Saied\",\"datePublished\":\"2024-02-10T12:19:00+00:00\",\"dateModified\":\"2025-05-20T22:11:46+00:00\",\"mainEntityOfPage\":{\"@id\":\"https:\\\/\\\/www.webdo.tn\\\/fr\\\/actualite\\\/sport\\\/la-coupe-de-tunisie-de-football-rebaptisee-par-kais-saied\\\/212195\\\/\"},\"wordCount\":589,\"commentCount\":0,\"publisher\":{\"@id\":\"https:\\\/\\\/www.webdo.tn\\\/fr\\\/#organization\"},\"image\":{\"@id\":\"https:\\\/\\\/www.webdo.tn\\\/fr\\\/actualite\\\/sport\\\/la-coupe-de-tunisie-de-football-rebaptisee-par-kais-saied\\\/212195\\\/#primaryimage\"},\"thumbnailUrl\":\"https:\\\/\\\/www.webdo.tn\\\/fr\\\/wp-content\\\/uploads\\\/2024\\\/02\\\/2e782ba71fc713270dba74ac6e2cc000.jpg\",\"keywords\":[\"coupe de tunisie\",\"football\",\"Pr\u00e9sident de la R\u00e9publique\",\"Tunisie\"],\"articleSection\":[\"Sport\"],\"inLanguage\":\"fr-FR\"},{\"@type\":\"WebPage\",\"@id\":\"https:\\\/\\\/www.webdo.tn\\\/fr\\\/actualite\\\/sport\\\/la-coupe-de-tunisie-de-football-rebaptisee-par-kais-saied\\\/212195\\\/\",\"url\":\"https:\\\/\\\/www.webdo.tn\\\/fr\\\/actualite\\\/sport\\\/la-coupe-de-tunisie-de-football-rebaptisee-par-kais-saied\\\/212195\\\/\",\"name\":\"La Coupe de Tunisie de football rebaptis\u00e9e par Kais Saied\",\"isPartOf\":{\"@id\":\"https:\\\/\\\/www.webdo.tn\\\/fr\\\/#website\"},\"primaryImageOfPage\":{\"@id\":\"https:\\\/\\\/www.webdo.tn\\\/fr\\\/actualite\\\/sport\\\/la-coupe-de-tunisie-de-football-rebaptisee-par-kais-saied\\\/212195\\\/#primaryimage\"},\"image\":{\"@id\":\"https:\\\/\\\/www.webdo.tn\\\/fr\\\/actualite\\\/sport\\\/la-coupe-de-tunisie-de-football-rebaptisee-par-kais-saied\\\/212195\\\/#primaryimage\"},\"thumbnailUrl\":\"https:\\\/\\\/www.webdo.tn\\\/fr\\\/wp-content\\\/uploads\\\/2024\\\/02\\\/2e782ba71fc713270dba74ac6e2cc000.jpg\",\"datePublished\":\"2024-02-10T12:19:00+00:00\",\"dateModified\":\"2025-05-20T22:11:46+00:00\",\"description\":\"Lors d\u2019une r\u00e9union tenue vendredi soir au Palais de Carthage, avec le ministre de la Jeunesse et Sports, Kamel Deguiche, Kais Saied a appel\u00e9 \u00e0 remplacer le nom...\",\"breadcrumb\":{\"@id\":\"https:\\\/\\\/www.webdo.tn\\\/fr\\\/actualite\\\/sport\\\/la-coupe-de-tunisie-de-football-rebaptisee-par-kais-saied\\\/212195\\\/#breadcrumb\"},\"inLanguage\":\"fr-FR\",\"potentialAction\":[{\"@type\":\"ReadAction\",\"target\":[\"https:\\\/\\\/www.webdo.tn\\\/fr\\\/actualite\\\/sport\\\/la-coupe-de-tunisie-de-football-rebaptisee-par-kais-saied\\\/212195\\\/\"]}]},{\"@type\":\"ImageObject\",\"inLanguage\":\"fr-FR\",\"@id\":\"https:\\\/\\\/www.webdo.tn\\\/fr\\\/actualite\\\/sport\\\/la-coupe-de-tunisie-de-football-rebaptisee-par-kais-saied\\\/212195\\\/#primaryimage\",\"url\":\"https:\\\/\\\/www.webdo.tn\\\/fr\\\/wp-content\\\/uploads\\\/2024\\\/02\\\/2e782ba71fc713270dba74ac6e2cc000.jpg\",\"contentUrl\":\"https:\\\/\\\/www.webdo.tn\\\/fr\\\/wp-content\\\/uploads\\\/2024\\\/02\\\/2e782ba71fc713270dba74ac6e2cc000.jpg\",\"width\":679,\"height\":362,\"caption\":\"La Coupe de Tunisie de football rebaptis\u00e9e par Kais Saied\"},{\"@type\":\"BreadcrumbList\",\"@id\":\"https:\\\/\\\/www.webdo.tn\\\/fr\\\/actualite\\\/sport\\\/la-coupe-de-tunisie-de-football-rebaptisee-par-kais-saied\\\/212195\\\/#breadcrumb\",\"itemListElement\":[{\"@type\":\"ListItem\",\"position\":1,\"name\":\"Accueil\",\"item\":\"https:\\\/\\\/www.webdo.tn\\\/fr\\\/\"},{\"@type\":\"ListItem\",\"position\":2,\"name\":\"La Coupe de Tunisie de football rebaptis\u00e9e par Kais Saied\"}]},{\"@type\":\"WebSite\",\"@id\":\"https:\\\/\\\/www.webdo.tn\\\/fr\\\/#website\",\"url\":\"https:\\\/\\\/www.webdo.tn\\\/fr\\\/\",\"name\":\"webdo\",\"description\":\"Tunisie - News en Tunisie et \u00e0 l&#039;international sur Webdo.tn\",\"publisher\":{\"@id\":\"https:\\\/\\\/www.webdo.tn\\\/fr\\\/#organization\"},\"potentialAction\":[{\"@type\":\"SearchAction\",\"target\":{\"@type\":\"EntryPoint\",\"urlTemplate\":\"https:\\\/\\\/www.webdo.tn\\\/fr\\\/?s={search_term_string}\"},\"query-input\":{\"@type\":\"PropertyValueSpecification\",\"valueRequired\":true,\"valueName\":\"search_term_string\"}}],\"inLanguage\":\"fr-FR\"},{\"@type\":\"Organization\",\"@id\":\"https:\\\/\\\/www.webdo.tn\\\/fr\\\/#organization\",\"name\":\"Webdo\",\"alternateName\":\"Webdo.tn\",\"url\":\"https:\\\/\\\/www.webdo.tn\\\/fr\\\/\",\"logo\":{\"@type\":\"ImageObject\",\"inLanguage\":\"fr-FR\",\"@id\":\"https:\\\/\\\/www.webdo.tn\\\/fr\\\/#\\\/schema\\\/logo\\\/image\\\/\",\"url\":\"https:\\\/\\\/www.webdo.tn\\\/fr\\\/wp-content\\\/uploads\\\/2025\\\/06\\\/Webdo-Tunisie_168377.jpg\",\"contentUrl\":\"https:\\\/\\\/www.webdo.tn\\\/fr\\\/wp-content\\\/uploads\\\/2025\\\/06\\\/Webdo-Tunisie_168377.jpg\",\"width\":301,\"height\":301,\"caption\":\"Webdo\"},\"image\":{\"@id\":\"https:\\\/\\\/www.webdo.tn\\\/fr\\\/#\\\/schema\\\/logo\\\/image\\\/\"},\"sameAs\":[\"https:\\\/\\\/www.facebook.com\\\/webdotn\",\"https:\\\/\\\/x.com\\\/webdo_tn\"],\"description\":\"Webdo est un m\u00e9dia num\u00e9rique tunisien fond\u00e9 en 2010, sp\u00e9cialis\u00e9 dans l\u2019actualit\u00e9 nationale et internationale, l\u2019\u00e9conomie, la soci\u00e9t\u00e9 et les analyses politiques. Le site s\u2019adresse \u00e0 un large public francophone et couvre l\u2019information tunisienne en temps r\u00e9el.\",\"email\":\"redac@webdo.tn\",\"legalName\":\"YNJ SARL\",\"foundingDate\":\"2010-09-06\",\"numberOfEmployees\":{\"@type\":\"QuantitativeValue\",\"minValue\":\"11\",\"maxValue\":\"50\"}},{\"@type\":\"Person\",\"@id\":\"https:\\\/\\\/www.webdo.tn\\\/fr\\\/#\\\/schema\\\/person\\\/2c4929cbf5a809e3bd38617c6ce150f6\",\"name\":\"MC\",\"image\":{\"@type\":\"ImageObject\",\"inLanguage\":\"fr-FR\",\"@id\":\"https:\\\/\\\/secure.gravatar.com\\\/avatar\\\/a545bbb6f84efdd5553dbbc2895e3ca8f1d12c5215e00a041c9670b54aa9b18a?s=96&d=mm&r=g\",\"url\":\"https:\\\/\\\/secure.gravatar.com\\\/avatar\\\/a545bbb6f84efdd5553dbbc2895e3ca8f1d12c5215e00a041c9670b54aa9b18a?s=96&d=mm&r=g\",\"contentUrl\":\"https:\\\/\\\/secure.gravatar.com\\\/avatar\\\/a545bbb6f84efdd5553dbbc2895e3ca8f1d12c5215e00a041c9670b54aa9b18a?s=96&d=mm&r=g\",\"caption\":\"MC\"},\"url\":\"https:\\\/\\\/www.webdo.tn\\\/fr\\\/actualite\\\/author\\\/mc\\\/\"}]}<\/script>\n<!-- \/ Yoast SEO Premium plugin. -->","yoast_head_json":{"title":"La Coupe de Tunisie de football rebaptis\u00e9e par Kais Saied","description":"Lors d\u2019une r\u00e9union tenue vendredi soir au Palais de Carthage, avec le ministre de la Jeunesse et Sports, Kamel Deguiche, Kais Saied a appel\u00e9 \u00e0 remplacer le nom...","canonical":"https:\/\/www.webdo.tn\/fr\/actualite\/sport\/la-coupe-de-tunisie-de-football-rebaptisee-par-kais-saied\/212195\/","og_locale":"fr_FR","og_type":"article","og_title":"La Coupe de Tunisie de football rebaptis\u00e9e par Kais Saied","og_description":"Lors d\u2019une r\u00e9union tenue vendredi soir au Palais de Carthage, avec le ministre de la Jeunesse et Sports, Kamel Deguiche, Kais Saied a appel\u00e9 \u00e0 remplacer le nom...","og_url":"https:\/\/www.webdo.tn\/fr\/actualite\/sport\/la-coupe-de-tunisie-de-football-rebaptisee-par-kais-saied\/212195\/","og_site_name":"webdo","article_publisher":"https:\/\/www.facebook.com\/webdotn","article_published_time":"2024-02-10T12:19:00+00:00","article_modified_time":"2025-05-20T22:11:46+00:00","og_image":[{"width":679,"height":362,"url":"https:\/\/www.webdo.tn\/fr\/wp-content\/uploads\/2024\/02\/2e782ba71fc713270dba74ac6e2cc000.jpg","type":"image\/jpeg"}],"author":"MC","twitter_card":"summary_large_image","twitter_creator":"@webdo_tn","twitter_site":"@webdo_tn","twitter_misc":{"\u00c9crit par":"MC","Dur\u00e9e de lecture estim\u00e9e":"3 minutes"},"schema":{"@context":"https:\/\/schema.org","@graph":[{"@type":"NewsArticle","@id":"https:\/\/www.webdo.tn\/fr\/actualite\/sport\/la-coupe-de-tunisie-de-football-rebaptisee-par-kais-saied\/212195\/#article","isPartOf":{"@id":"https:\/\/www.webdo.tn\/fr\/actualite\/sport\/la-coupe-de-tunisie-de-football-rebaptisee-par-kais-saied\/212195\/"},"author":{"name":"MC","@id":"https:\/\/www.webdo.tn\/fr\/#\/schema\/person\/2c4929cbf5a809e3bd38617c6ce150f6"},"headline":"La Coupe de Tunisie de football rebaptis\u00e9e par Kais Saied","datePublished":"2024-02-10T12:19:00+00:00","dateModified":"2025-05-20T22:11:46+00:00","mainEntityOfPage":{"@id":"https:\/\/www.webdo.tn\/fr\/actualite\/sport\/la-coupe-de-tunisie-de-football-rebaptisee-par-kais-saied\/212195\/"},"wordCount":589,"commentCount":0,"publisher":{"@id":"https:\/\/www.webdo.tn\/fr\/#organization"},"image":{"@id":"https:\/\/www.webdo.tn\/fr\/actualite\/sport\/la-coupe-de-tunisie-de-football-rebaptisee-par-kais-saied\/212195\/#primaryimage"},"thumbnailUrl":"https:\/\/www.webdo.tn\/fr\/wp-content\/uploads\/2024\/02\/2e782ba71fc713270dba74ac6e2cc000.jpg","keywords":["coupe de tunisie","football","Pr\u00e9sident de la R\u00e9publique","Tunisie"],"articleSection":["Sport"],"inLanguage":"fr-FR"},{"@type":"WebPage","@id":"https:\/\/www.webdo.tn\/fr\/actualite\/sport\/la-coupe-de-tunisie-de-football-rebaptisee-par-kais-saied\/212195\/","url":"https:\/\/www.webdo.tn\/fr\/actualite\/sport\/la-coupe-de-tunisie-de-football-rebaptisee-par-kais-saied\/212195\/","name":"La Coupe de Tunisie de football rebaptis\u00e9e par Kais Saied","isPartOf":{"@id":"https:\/\/www.webdo.tn\/fr\/#website"},"primaryImageOfPage":{"@id":"https:\/\/www.webdo.tn\/fr\/actualite\/sport\/la-coupe-de-tunisie-de-football-rebaptisee-par-kais-saied\/212195\/#primaryimage"},"image":{"@id":"https:\/\/www.webdo.tn\/fr\/actualite\/sport\/la-coupe-de-tunisie-de-football-rebaptisee-par-kais-saied\/212195\/#primaryimage"},"thumbnailUrl":"https:\/\/www.webdo.tn\/fr\/wp-content\/uploads\/2024\/02\/2e782ba71fc713270dba74ac6e2cc000.jpg","datePublished":"2024-02-10T12:19:00+00:00","dateModified":"2025-05-20T22:11:46+00:00","description":"Lors d\u2019une r\u00e9union tenue vendredi soir au Palais de Carthage, avec le ministre de la Jeunesse et Sports, Kamel Deguiche, Kais Saied a appel\u00e9 \u00e0 remplacer le nom...","breadcrumb":{"@id":"https:\/\/www.webdo.tn\/fr\/actualite\/sport\/la-coupe-de-tunisie-de-football-rebaptisee-par-kais-saied\/212195\/#breadcrumb"},"inLanguage":"fr-FR","potentialAction":[{"@type":"ReadAction","target":["https:\/\/www.webdo.tn\/fr\/actualite\/sport\/la-coupe-de-tunisie-de-football-rebaptisee-par-kais-saied\/212195\/"]}]},{"@type":"ImageObject","inLanguage":"fr-FR","@id":"https:\/\/www.webdo.tn\/fr\/actualite\/sport\/la-coupe-de-tunisie-de-football-rebaptisee-par-kais-saied\/212195\/#primaryimage","url":"https:\/\/www.webdo.tn\/fr\/wp-content\/uploads\/2024\/02\/2e782ba71fc713270dba74ac6e2cc000.jpg","contentUrl":"https:\/\/www.webdo.tn\/fr\/wp-content\/uploads\/2024\/02\/2e782ba71fc713270dba74ac6e2cc000.jpg","width":679,"height":362,"caption":"La Coupe de Tunisie de football rebaptis\u00e9e par Kais Saied"},{"@type":"BreadcrumbList","@id":"https:\/\/www.webdo.tn\/fr\/actualite\/sport\/la-coupe-de-tunisie-de-football-rebaptisee-par-kais-saied\/212195\/#breadcrumb","itemListElement":[{"@type":"ListItem","position":1,"name":"Accueil","item":"https:\/\/www.webdo.tn\/fr\/"},{"@type":"ListItem","position":2,"name":"La Coupe de Tunisie de football rebaptis\u00e9e par Kais Saied"}]},{"@type":"WebSite","@id":"https:\/\/www.webdo.tn\/fr\/#website","url":"https:\/\/www.webdo.tn\/fr\/","name":"webdo","description":"Tunisie - News en Tunisie et \u00e0 l&#039;international sur Webdo.tn","publisher":{"@id":"https:\/\/www.webdo.tn\/fr\/#organization"},"potentialAction":[{"@type":"SearchAction","target":{"@type":"EntryPoint","urlTemplate":"https:\/\/www.webdo.tn\/fr\/?s={search_term_string}"},"query-input":{"@type":"PropertyValueSpecification","valueRequired":true,"valueName":"search_term_string"}}],"inLanguage":"fr-FR"},{"@type":"Organization","@id":"https:\/\/www.webdo.tn\/fr\/#organization","name":"Webdo","alternateName":"Webdo.tn","url":"https:\/\/www.webdo.tn\/fr\/","logo":{"@type":"ImageObject","inLanguage":"fr-FR","@id":"https:\/\/www.webdo.tn\/fr\/#\/schema\/logo\/image\/","url":"https:\/\/www.webdo.tn\/fr\/wp-content\/uploads\/2025\/06\/Webdo-Tunisie_168377.jpg","contentUrl":"https:\/\/www.webdo.tn\/fr\/wp-content\/uploads\/2025\/06\/Webdo-Tunisie_168377.jpg","width":301,"height":301,"caption":"Webdo"},"image":{"@id":"https:\/\/www.webdo.tn\/fr\/#\/schema\/logo\/image\/"},"sameAs":["https:\/\/www.facebook.com\/webdotn","https:\/\/x.com\/webdo_tn"],"description":"Webdo est un m\u00e9dia num\u00e9rique tunisien fond\u00e9 en 2010, sp\u00e9cialis\u00e9 dans l\u2019actualit\u00e9 nationale et internationale, l\u2019\u00e9conomie, la soci\u00e9t\u00e9 et les analyses politiques. Le site s\u2019adresse \u00e0 un large public francophone et couvre l\u2019information tunisienne en temps r\u00e9el.","email":"redac@webdo.tn","legalName":"YNJ SARL","foundingDate":"2010-09-06","numberOfEmployees":{"@type":"QuantitativeValue","minValue":"11","maxValue":"50"}},{"@type":"Person","@id":"https:\/\/www.webdo.tn\/fr\/#\/schema\/person\/2c4929cbf5a809e3bd38617c6ce150f6","name":"MC","image":{"@type":"ImageObject","inLanguage":"fr-FR","@id":"https:\/\/secure.gravatar.com\/avatar\/a545bbb6f84efdd5553dbbc2895e3ca8f1d12c5215e00a041c9670b54aa9b18a?s=96&d=mm&r=g","url":"https:\/\/secure.gravatar.com\/avatar\/a545bbb6f84efdd5553dbbc2895e3ca8f1d12c5215e00a041c9670b54aa9b18a?s=96&d=mm&r=g","contentUrl":"https:\/\/secure.gravatar.com\/avatar\/a545bbb6f84efdd5553dbbc2895e3ca8f1d12c5215e00a041c9670b54aa9b18a?s=96&d=mm&r=g","caption":"MC"},"url":"https:\/\/www.webdo.tn\/fr\/actualite\/author\/mc\/"}]}},"_links":{"self":[{"href":"https:\/\/www.webdo.tn\/fr\/wp-json\/wp\/v2\/posts\/212195","targetHints":{"allow":["GET"]}}],"collection":[{"href":"https:\/\/www.webdo.tn\/fr\/wp-json\/wp\/v2\/posts"}],"about":[{"href":"https:\/\/www.webdo.tn\/fr\/wp-json\/wp\/v2\/types\/post"}],"author":[{"embeddable":true,"href":"https:\/\/www.webdo.tn\/fr\/wp-json\/wp\/v2\/users\/3162"}],"replies":[{"embeddable":true,"href":"https:\/\/www.webdo.tn\/fr\/wp-json\/wp\/v2\/comments?post=212195"}],"version-history":[{"count":0,"href":"https:\/\/www.webdo.tn\/fr\/wp-json\/wp\/v2\/posts\/212195\/revisions"}],"wp:featuredmedia":[{"embeddable":true,"href":"https:\/\/www.webdo.tn\/fr\/wp-json\/wp\/v2\/media\/290206"}],"wp:attachment":[{"href":"https:\/\/www.webdo.tn\/fr\/wp-json\/wp\/v2\/media?parent=212195"}],"wp:term":[{"taxonomy":"category","embeddable":true,"href":"https:\/\/www.webdo.tn\/fr\/wp-json\/wp\/v2\/categories?post=212195"},{"taxonomy":"post_tag","embeddable":true,"href":"https:\/\/www.webdo.tn\/fr\/wp-json\/wp\/v2\/tags?post=212195"}],"curies":[{"name":"wp","href":"https:\/\/api.w.org\/{rel}","templated":true}]}}