{"id":212191,"date":"2024-02-10T09:39:00","date_gmt":"2024-02-10T09:39:00","guid":{"rendered":"https:\/\/www.webdo.tn\/fr\/blog\/aujourd-hui-clean-up-day-a-tunis-pour-des-villes-propres-et-durables\/212191\/"},"modified":"2024-02-10T09:39:00","modified_gmt":"2024-02-10T09:39:00","slug":"aujourd-hui-clean-up-day-a-tunis-pour-des-villes-propres-et-durables","status":"publish","type":"post","link":"https:\/\/www.webdo.tn\/fr\/actualite\/national\/aujourd-hui-clean-up-day-a-tunis-pour-des-villes-propres-et-durables\/212191\/","title":{"rendered":"Aujourd&rsquo;hui Clean Up Day \u00e0 Tunis : Pour des villes propres et durables"},"content":{"rendered":"<p>Le jardin japonais de Montplaisir accueille aujourd&rsquo;hui, une journ\u00e9e de nettoyage avec la participation de plusieurs partenaires.<\/p>\n<p>\t\t\t\t\t\t\t\t\tApr\u00e8s Sousse et Nabeul, c&rsquo;est au tour de Tunis d&rsquo;accueillir son Clean Up Day, ce samedi 10 f\u00e9vrier \u00e0 10h, au Jardin japonais de Montplaisir.<\/p>\n<p>Une grande op\u00e9ration de nettoyage sera entreprise par l&rsquo;agence ONU Habitat avec le concours de l&rsquo;ambassade du Japon, de la Coop\u00e9ration internationale japonaise (JICA) et de la Ville de Tunis.<\/p>\n<p>Cette activit\u00e9 s&rsquo;inscrit dans la continuit\u00e9 de la Ticad qui a eu lieu \u00e0 Tunis et dans le cadre de la plateforme African Clean Cities.<\/p>\n<p>Notons que 100 jeunes scouts, les habitants des quartiers voisins ainsi que l&rsquo;ambassadeur japonais, M. Takeshi Osiga, se mobiliseront pour cette action.<\/p>\n<p>Enfin, 13 partenaires des villes africaines de la plateforme Clean Cities, se joindront \u00e0 cette initiative qui, \u00e0 terme, devrait concerner 14 villes tunisiennes.<\/p>\n","protected":false},"excerpt":{"rendered":"<p>Une grande op\u00e9ration de nettoyage sera entreprise par l&rsquo;agence ONU Habitat avec le concours de l&rsquo;ambassade du Japon, de la Coop\u00e9ration internationale japonaise&#8230;<\/p>\n","protected":false},"author":3229,"featured_media":248041,"comment_status":"open","ping_status":"closed","sticky":false,"template":"","format":"standard","meta":{"footnotes":""},"categories":[44],"tags":[7026,7027,6060,2608],"class_list":["post-212191","post","type-post","status-publish","format-standard","has-post-thumbnail","hentry","category-national","tag-clean-up-day","tag-jardin-japonais-de-montplaisir","tag-nettoyage","tag-tunisie"],"yoast_head":"<!-- This site is optimized with the Yoast SEO Premium plugin v27.4 (Yoast SEO v27.5) - https:\/\/yoast.com\/product\/yoast-seo-premium-wordpress\/ -->\n<title>Aujourd&#039;hui Clean Up Day \u00e0 Tunis : Pour des villes propres et durables<\/title>\n<meta name=\"description\" content=\"Une grande op\u00e9ration de nettoyage sera entreprise par l&#039;agence ONU Habitat avec le concours de l&#039;ambassade du Japon, de la Coop\u00e9ration internationale japonaise...\" \/>\n<link rel=\"canonical\" href=\"https:\/\/www.webdo.tn\/fr\/actualite\/national\/aujourd-hui-clean-up-day-a-tunis-pour-des-villes-propres-et-durables\/212191\/\" \/>\n<meta property=\"og:locale\" content=\"fr_FR\" \/>\n<meta property=\"og:type\" content=\"article\" \/>\n<meta property=\"og:title\" content=\"Aujourd&#039;hui Clean Up Day \u00e0 Tunis : Pour des villes propres et durables\" \/>\n<meta property=\"og:description\" content=\"Une grande op\u00e9ration de nettoyage sera entreprise par l&#039;agence ONU Habitat avec le concours de l&#039;ambassade du Japon, de la Coop\u00e9ration internationale japonaise...\" \/>\n<meta property=\"og:url\" content=\"https:\/\/www.webdo.tn\/fr\/actualite\/national\/aujourd-hui-clean-up-day-a-tunis-pour-des-villes-propres-et-durables\/212191\/\" \/>\n<meta property=\"og:site_name\" content=\"webdo\" \/>\n<meta property=\"article:publisher\" content=\"https:\/\/www.facebook.com\/webdotn\" \/>\n<meta property=\"article:author\" content=\"https:\/\/www.facebook.com\/hatem.bourial.2025\" \/>\n<meta property=\"article:published_time\" content=\"2024-02-10T09:39:00+00:00\" \/>\n<meta property=\"og:image\" content=\"https:\/\/www.webdo.tn\/fr\/wp-content\/uploads\/2024\/02\/83a8ea01143b7ca1ed011db572d8073e.jpg\" \/>\n\t<meta property=\"og:image:width\" content=\"750\" \/>\n\t<meta property=\"og:image:height\" content=\"400\" \/>\n\t<meta property=\"og:image:type\" content=\"image\/jpeg\" \/>\n<meta name=\"author\" content=\"Hatem Bourial\" \/>\n<meta name=\"twitter:card\" content=\"summary_large_image\" \/>\n<meta name=\"twitter:creator\" content=\"@webdo_tn\" \/>\n<meta name=\"twitter:site\" content=\"@webdo_tn\" \/>\n<meta name=\"twitter:label1\" content=\"\u00c9crit par\" \/>\n\t<meta name=\"twitter:data1\" content=\"Hatem Bourial\" \/>\n\t<meta name=\"twitter:label2\" content=\"Dur\u00e9e de lecture estim\u00e9e\" \/>\n\t<meta name=\"twitter:data2\" content=\"1 minute\" \/>\n<script type=\"application\/ld+json\" class=\"yoast-schema-graph\">{\"@context\":\"https:\\\/\\\/schema.org\",\"@graph\":[{\"@type\":\"NewsArticle\",\"@id\":\"https:\\\/\\\/www.webdo.tn\\\/fr\\\/actualite\\\/national\\\/aujourd-hui-clean-up-day-a-tunis-pour-des-villes-propres-et-durables\\\/212191\\\/#article\",\"isPartOf\":{\"@id\":\"https:\\\/\\\/www.webdo.tn\\\/fr\\\/actualite\\\/national\\\/aujourd-hui-clean-up-day-a-tunis-pour-des-villes-propres-et-durables\\\/212191\\\/\"},\"author\":{\"name\":\"Hatem Bourial\",\"@id\":\"https:\\\/\\\/www.webdo.tn\\\/fr\\\/#\\\/schema\\\/person\\\/6bc0beba2cd23aec27cb5df85ca2554f\"},\"headline\":\"Aujourd&rsquo;hui Clean Up Day \u00e0 Tunis : Pour des villes propres et durables\",\"datePublished\":\"2024-02-10T09:39:00+00:00\",\"mainEntityOfPage\":{\"@id\":\"https:\\\/\\\/www.webdo.tn\\\/fr\\\/actualite\\\/national\\\/aujourd-hui-clean-up-day-a-tunis-pour-des-villes-propres-et-durables\\\/212191\\\/\"},\"wordCount\":159,\"commentCount\":0,\"publisher\":{\"@id\":\"https:\\\/\\\/www.webdo.tn\\\/fr\\\/#organization\"},\"image\":{\"@id\":\"https:\\\/\\\/www.webdo.tn\\\/fr\\\/actualite\\\/national\\\/aujourd-hui-clean-up-day-a-tunis-pour-des-villes-propres-et-durables\\\/212191\\\/#primaryimage\"},\"thumbnailUrl\":\"https:\\\/\\\/www.webdo.tn\\\/fr\\\/wp-content\\\/uploads\\\/2024\\\/02\\\/83a8ea01143b7ca1ed011db572d8073e.jpg\",\"keywords\":[\"Clean Up Day\",\"Jardin japonais de Montplaisir\",\"nettoyage\",\"Tunisie\"],\"articleSection\":[\"National\"],\"inLanguage\":\"fr-FR\"},{\"@type\":\"WebPage\",\"@id\":\"https:\\\/\\\/www.webdo.tn\\\/fr\\\/actualite\\\/national\\\/aujourd-hui-clean-up-day-a-tunis-pour-des-villes-propres-et-durables\\\/212191\\\/\",\"url\":\"https:\\\/\\\/www.webdo.tn\\\/fr\\\/actualite\\\/national\\\/aujourd-hui-clean-up-day-a-tunis-pour-des-villes-propres-et-durables\\\/212191\\\/\",\"name\":\"Aujourd'hui Clean Up Day \u00e0 Tunis : Pour des villes propres et durables\",\"isPartOf\":{\"@id\":\"https:\\\/\\\/www.webdo.tn\\\/fr\\\/#website\"},\"primaryImageOfPage\":{\"@id\":\"https:\\\/\\\/www.webdo.tn\\\/fr\\\/actualite\\\/national\\\/aujourd-hui-clean-up-day-a-tunis-pour-des-villes-propres-et-durables\\\/212191\\\/#primaryimage\"},\"image\":{\"@id\":\"https:\\\/\\\/www.webdo.tn\\\/fr\\\/actualite\\\/national\\\/aujourd-hui-clean-up-day-a-tunis-pour-des-villes-propres-et-durables\\\/212191\\\/#primaryimage\"},\"thumbnailUrl\":\"https:\\\/\\\/www.webdo.tn\\\/fr\\\/wp-content\\\/uploads\\\/2024\\\/02\\\/83a8ea01143b7ca1ed011db572d8073e.jpg\",\"datePublished\":\"2024-02-10T09:39:00+00:00\",\"description\":\"Une grande op\u00e9ration de nettoyage sera entreprise par l'agence ONU Habitat avec le concours de l'ambassade du Japon, de la Coop\u00e9ration internationale japonaise...\",\"breadcrumb\":{\"@id\":\"https:\\\/\\\/www.webdo.tn\\\/fr\\\/actualite\\\/national\\\/aujourd-hui-clean-up-day-a-tunis-pour-des-villes-propres-et-durables\\\/212191\\\/#breadcrumb\"},\"inLanguage\":\"fr-FR\",\"potentialAction\":[{\"@type\":\"ReadAction\",\"target\":[\"https:\\\/\\\/www.webdo.tn\\\/fr\\\/actualite\\\/national\\\/aujourd-hui-clean-up-day-a-tunis-pour-des-villes-propres-et-durables\\\/212191\\\/\"]}]},{\"@type\":\"ImageObject\",\"inLanguage\":\"fr-FR\",\"@id\":\"https:\\\/\\\/www.webdo.tn\\\/fr\\\/actualite\\\/national\\\/aujourd-hui-clean-up-day-a-tunis-pour-des-villes-propres-et-durables\\\/212191\\\/#primaryimage\",\"url\":\"https:\\\/\\\/www.webdo.tn\\\/fr\\\/wp-content\\\/uploads\\\/2024\\\/02\\\/83a8ea01143b7ca1ed011db572d8073e.jpg\",\"contentUrl\":\"https:\\\/\\\/www.webdo.tn\\\/fr\\\/wp-content\\\/uploads\\\/2024\\\/02\\\/83a8ea01143b7ca1ed011db572d8073e.jpg\",\"width\":750,\"height\":400,\"caption\":\"Aujourd'hui Clean Up Day \u00e0 Tunis : Pour des villes propres et durables\"},{\"@type\":\"BreadcrumbList\",\"@id\":\"https:\\\/\\\/www.webdo.tn\\\/fr\\\/actualite\\\/national\\\/aujourd-hui-clean-up-day-a-tunis-pour-des-villes-propres-et-durables\\\/212191\\\/#breadcrumb\",\"itemListElement\":[{\"@type\":\"ListItem\",\"position\":1,\"name\":\"Accueil\",\"item\":\"https:\\\/\\\/www.webdo.tn\\\/fr\\\/\"},{\"@type\":\"ListItem\",\"position\":2,\"name\":\"Aujourd&#8217;hui Clean Up Day \u00e0 Tunis : Pour des villes propres et durables\"}]},{\"@type\":\"WebSite\",\"@id\":\"https:\\\/\\\/www.webdo.tn\\\/fr\\\/#website\",\"url\":\"https:\\\/\\\/www.webdo.tn\\\/fr\\\/\",\"name\":\"webdo\",\"description\":\"Tunisie - News en Tunisie et \u00e0 l&#039;international sur Webdo.tn\",\"publisher\":{\"@id\":\"https:\\\/\\\/www.webdo.tn\\\/fr\\\/#organization\"},\"potentialAction\":[{\"@type\":\"SearchAction\",\"target\":{\"@type\":\"EntryPoint\",\"urlTemplate\":\"https:\\\/\\\/www.webdo.tn\\\/fr\\\/?s={search_term_string}\"},\"query-input\":{\"@type\":\"PropertyValueSpecification\",\"valueRequired\":true,\"valueName\":\"search_term_string\"}}],\"inLanguage\":\"fr-FR\"},{\"@type\":\"Organization\",\"@id\":\"https:\\\/\\\/www.webdo.tn\\\/fr\\\/#organization\",\"name\":\"Webdo\",\"alternateName\":\"Webdo.tn\",\"url\":\"https:\\\/\\\/www.webdo.tn\\\/fr\\\/\",\"logo\":{\"@type\":\"ImageObject\",\"inLanguage\":\"fr-FR\",\"@id\":\"https:\\\/\\\/www.webdo.tn\\\/fr\\\/#\\\/schema\\\/logo\\\/image\\\/\",\"url\":\"https:\\\/\\\/www.webdo.tn\\\/fr\\\/wp-content\\\/uploads\\\/2025\\\/06\\\/Webdo-Tunisie_168377.jpg\",\"contentUrl\":\"https:\\\/\\\/www.webdo.tn\\\/fr\\\/wp-content\\\/uploads\\\/2025\\\/06\\\/Webdo-Tunisie_168377.jpg\",\"width\":301,\"height\":301,\"caption\":\"Webdo\"},\"image\":{\"@id\":\"https:\\\/\\\/www.webdo.tn\\\/fr\\\/#\\\/schema\\\/logo\\\/image\\\/\"},\"sameAs\":[\"https:\\\/\\\/www.facebook.com\\\/webdotn\",\"https:\\\/\\\/x.com\\\/webdo_tn\"],\"description\":\"Webdo est un m\u00e9dia num\u00e9rique tunisien fond\u00e9 en 2010, sp\u00e9cialis\u00e9 dans l\u2019actualit\u00e9 nationale et internationale, l\u2019\u00e9conomie, la soci\u00e9t\u00e9 et les analyses politiques. Le site s\u2019adresse \u00e0 un large public francophone et couvre l\u2019information tunisienne en temps r\u00e9el.\",\"email\":\"redac@webdo.tn\",\"legalName\":\"YNJ SARL\",\"foundingDate\":\"2010-09-06\",\"numberOfEmployees\":{\"@type\":\"QuantitativeValue\",\"minValue\":\"11\",\"maxValue\":\"50\"}},{\"@type\":\"Person\",\"@id\":\"https:\\\/\\\/www.webdo.tn\\\/fr\\\/#\\\/schema\\\/person\\\/6bc0beba2cd23aec27cb5df85ca2554f\",\"name\":\"Hatem Bourial\",\"image\":{\"@type\":\"ImageObject\",\"inLanguage\":\"fr-FR\",\"@id\":\"https:\\\/\\\/www.webdo.tn\\\/fr\\\/wp-content\\\/uploads\\\/2026\\\/04\\\/hatem-bourial_avatar-96x96.jpg\",\"url\":\"https:\\\/\\\/www.webdo.tn\\\/fr\\\/wp-content\\\/uploads\\\/2026\\\/04\\\/hatem-bourial_avatar-96x96.jpg\",\"contentUrl\":\"https:\\\/\\\/www.webdo.tn\\\/fr\\\/wp-content\\\/uploads\\\/2026\\\/04\\\/hatem-bourial_avatar-96x96.jpg\",\"caption\":\"Hatem Bourial\"},\"description\":\"Hatem Bourial est journaliste, \u00e9crivain et chroniqueur tunisien. Actif depuis plusieurs d\u00e9cennies, il s\u2019est impos\u00e9 comme un observateur attentif de la soci\u00e9t\u00e9 tunisienne, m\u00ealant dans ses \u00e9crits m\u00e9moire, culture et analyse du quotidien. Auteur de nombreux ouvrages, il d\u00e9veloppe une \u0153uvre \u00e0 la crois\u00e9e du r\u00e9cit, de la po\u00e9sie et de l\u2019observation sociologique. Parall\u00e8lement \u00e0 ses contributions dans la presse, il intervient r\u00e9guli\u00e8rement \u00e0 la radio et dans des espaces culturels, o\u00f9 il explore les enjeux li\u00e9s au patrimoine, \u00e0 l\u2019identit\u00e9 et aux transformations du monde contemporain. \u00c0 travers ses chroniques, Hatem Bourial propose une lecture sensible et approfondie de l\u2019actualit\u00e9, nourrie par une exp\u00e9rience journalistique et litt\u00e9raire reconnue. \ud83d\udd17 Facebook : https:\\\/\\\/www.facebook.com\\\/hatem.bourial.2025\",\"sameAs\":[\"https:\\\/\\\/www.facebook.com\\\/hatem.bourial.2025\",\"https:\\\/\\\/fr.wikipedia.org\\\/wiki\\\/Fichier:Hatem_Bourial.jpg\"],\"knowsAbout\":[\"Culture & patrimoine tunisien\",\"Chronique soci\u00e9tale\",\"Litt\u00e9rature & m\u00e9moire\",\"Cin\u00e9ma & critique culturelle\",\"Identit\u00e9 & mutations sociales\"],\"knowsLanguage\":[\"Arabe\",\"Fran\u00e7ais\",\"Anglais\",\"Italien\",\"Polonais\"],\"jobTitle\":\"Journaliste, \u00e9crivain et chroniqueur culturel\",\"worksFor\":\"Webdo\",\"url\":\"https:\\\/\\\/www.webdo.tn\\\/fr\\\/actualite\\\/author\\\/hatem-bourial-2\\\/\"}]}<\/script>\n<!-- \/ Yoast SEO Premium plugin. -->","yoast_head_json":{"title":"Aujourd'hui Clean Up Day \u00e0 Tunis : Pour des villes propres et durables","description":"Une grande op\u00e9ration de nettoyage sera entreprise par l'agence ONU Habitat avec le concours de l'ambassade du Japon, de la Coop\u00e9ration internationale japonaise...","canonical":"https:\/\/www.webdo.tn\/fr\/actualite\/national\/aujourd-hui-clean-up-day-a-tunis-pour-des-villes-propres-et-durables\/212191\/","og_locale":"fr_FR","og_type":"article","og_title":"Aujourd'hui Clean Up Day \u00e0 Tunis : Pour des villes propres et durables","og_description":"Une grande op\u00e9ration de nettoyage sera entreprise par l'agence ONU Habitat avec le concours de l'ambassade du Japon, de la Coop\u00e9ration internationale japonaise...","og_url":"https:\/\/www.webdo.tn\/fr\/actualite\/national\/aujourd-hui-clean-up-day-a-tunis-pour-des-villes-propres-et-durables\/212191\/","og_site_name":"webdo","article_publisher":"https:\/\/www.facebook.com\/webdotn","article_author":"https:\/\/www.facebook.com\/hatem.bourial.2025","article_published_time":"2024-02-10T09:39:00+00:00","og_image":[{"width":750,"height":400,"url":"https:\/\/www.webdo.tn\/fr\/wp-content\/uploads\/2024\/02\/83a8ea01143b7ca1ed011db572d8073e.jpg","type":"image\/jpeg"}],"author":"Hatem Bourial","twitter_card":"summary_large_image","twitter_creator":"@webdo_tn","twitter_site":"@webdo_tn","twitter_misc":{"\u00c9crit par":"Hatem Bourial","Dur\u00e9e de lecture estim\u00e9e":"1 minute"},"schema":{"@context":"https:\/\/schema.org","@graph":[{"@type":"NewsArticle","@id":"https:\/\/www.webdo.tn\/fr\/actualite\/national\/aujourd-hui-clean-up-day-a-tunis-pour-des-villes-propres-et-durables\/212191\/#article","isPartOf":{"@id":"https:\/\/www.webdo.tn\/fr\/actualite\/national\/aujourd-hui-clean-up-day-a-tunis-pour-des-villes-propres-et-durables\/212191\/"},"author":{"name":"Hatem Bourial","@id":"https:\/\/www.webdo.tn\/fr\/#\/schema\/person\/6bc0beba2cd23aec27cb5df85ca2554f"},"headline":"Aujourd&rsquo;hui Clean Up Day \u00e0 Tunis : Pour des villes propres et durables","datePublished":"2024-02-10T09:39:00+00:00","mainEntityOfPage":{"@id":"https:\/\/www.webdo.tn\/fr\/actualite\/national\/aujourd-hui-clean-up-day-a-tunis-pour-des-villes-propres-et-durables\/212191\/"},"wordCount":159,"commentCount":0,"publisher":{"@id":"https:\/\/www.webdo.tn\/fr\/#organization"},"image":{"@id":"https:\/\/www.webdo.tn\/fr\/actualite\/national\/aujourd-hui-clean-up-day-a-tunis-pour-des-villes-propres-et-durables\/212191\/#primaryimage"},"thumbnailUrl":"https:\/\/www.webdo.tn\/fr\/wp-content\/uploads\/2024\/02\/83a8ea01143b7ca1ed011db572d8073e.jpg","keywords":["Clean Up Day","Jardin japonais de Montplaisir","nettoyage","Tunisie"],"articleSection":["National"],"inLanguage":"fr-FR"},{"@type":"WebPage","@id":"https:\/\/www.webdo.tn\/fr\/actualite\/national\/aujourd-hui-clean-up-day-a-tunis-pour-des-villes-propres-et-durables\/212191\/","url":"https:\/\/www.webdo.tn\/fr\/actualite\/national\/aujourd-hui-clean-up-day-a-tunis-pour-des-villes-propres-et-durables\/212191\/","name":"Aujourd'hui Clean Up Day \u00e0 Tunis : Pour des villes propres et durables","isPartOf":{"@id":"https:\/\/www.webdo.tn\/fr\/#website"},"primaryImageOfPage":{"@id":"https:\/\/www.webdo.tn\/fr\/actualite\/national\/aujourd-hui-clean-up-day-a-tunis-pour-des-villes-propres-et-durables\/212191\/#primaryimage"},"image":{"@id":"https:\/\/www.webdo.tn\/fr\/actualite\/national\/aujourd-hui-clean-up-day-a-tunis-pour-des-villes-propres-et-durables\/212191\/#primaryimage"},"thumbnailUrl":"https:\/\/www.webdo.tn\/fr\/wp-content\/uploads\/2024\/02\/83a8ea01143b7ca1ed011db572d8073e.jpg","datePublished":"2024-02-10T09:39:00+00:00","description":"Une grande op\u00e9ration de nettoyage sera entreprise par l'agence ONU Habitat avec le concours de l'ambassade du Japon, de la Coop\u00e9ration internationale japonaise...","breadcrumb":{"@id":"https:\/\/www.webdo.tn\/fr\/actualite\/national\/aujourd-hui-clean-up-day-a-tunis-pour-des-villes-propres-et-durables\/212191\/#breadcrumb"},"inLanguage":"fr-FR","potentialAction":[{"@type":"ReadAction","target":["https:\/\/www.webdo.tn\/fr\/actualite\/national\/aujourd-hui-clean-up-day-a-tunis-pour-des-villes-propres-et-durables\/212191\/"]}]},{"@type":"ImageObject","inLanguage":"fr-FR","@id":"https:\/\/www.webdo.tn\/fr\/actualite\/national\/aujourd-hui-clean-up-day-a-tunis-pour-des-villes-propres-et-durables\/212191\/#primaryimage","url":"https:\/\/www.webdo.tn\/fr\/wp-content\/uploads\/2024\/02\/83a8ea01143b7ca1ed011db572d8073e.jpg","contentUrl":"https:\/\/www.webdo.tn\/fr\/wp-content\/uploads\/2024\/02\/83a8ea01143b7ca1ed011db572d8073e.jpg","width":750,"height":400,"caption":"Aujourd'hui Clean Up Day \u00e0 Tunis : Pour des villes propres et durables"},{"@type":"BreadcrumbList","@id":"https:\/\/www.webdo.tn\/fr\/actualite\/national\/aujourd-hui-clean-up-day-a-tunis-pour-des-villes-propres-et-durables\/212191\/#breadcrumb","itemListElement":[{"@type":"ListItem","position":1,"name":"Accueil","item":"https:\/\/www.webdo.tn\/fr\/"},{"@type":"ListItem","position":2,"name":"Aujourd&#8217;hui Clean Up Day \u00e0 Tunis : Pour des villes propres et durables"}]},{"@type":"WebSite","@id":"https:\/\/www.webdo.tn\/fr\/#website","url":"https:\/\/www.webdo.tn\/fr\/","name":"webdo","description":"Tunisie - News en Tunisie et \u00e0 l&#039;international sur Webdo.tn","publisher":{"@id":"https:\/\/www.webdo.tn\/fr\/#organization"},"potentialAction":[{"@type":"SearchAction","target":{"@type":"EntryPoint","urlTemplate":"https:\/\/www.webdo.tn\/fr\/?s={search_term_string}"},"query-input":{"@type":"PropertyValueSpecification","valueRequired":true,"valueName":"search_term_string"}}],"inLanguage":"fr-FR"},{"@type":"Organization","@id":"https:\/\/www.webdo.tn\/fr\/#organization","name":"Webdo","alternateName":"Webdo.tn","url":"https:\/\/www.webdo.tn\/fr\/","logo":{"@type":"ImageObject","inLanguage":"fr-FR","@id":"https:\/\/www.webdo.tn\/fr\/#\/schema\/logo\/image\/","url":"https:\/\/www.webdo.tn\/fr\/wp-content\/uploads\/2025\/06\/Webdo-Tunisie_168377.jpg","contentUrl":"https:\/\/www.webdo.tn\/fr\/wp-content\/uploads\/2025\/06\/Webdo-Tunisie_168377.jpg","width":301,"height":301,"caption":"Webdo"},"image":{"@id":"https:\/\/www.webdo.tn\/fr\/#\/schema\/logo\/image\/"},"sameAs":["https:\/\/www.facebook.com\/webdotn","https:\/\/x.com\/webdo_tn"],"description":"Webdo est un m\u00e9dia num\u00e9rique tunisien fond\u00e9 en 2010, sp\u00e9cialis\u00e9 dans l\u2019actualit\u00e9 nationale et internationale, l\u2019\u00e9conomie, la soci\u00e9t\u00e9 et les analyses politiques. Le site s\u2019adresse \u00e0 un large public francophone et couvre l\u2019information tunisienne en temps r\u00e9el.","email":"redac@webdo.tn","legalName":"YNJ SARL","foundingDate":"2010-09-06","numberOfEmployees":{"@type":"QuantitativeValue","minValue":"11","maxValue":"50"}},{"@type":"Person","@id":"https:\/\/www.webdo.tn\/fr\/#\/schema\/person\/6bc0beba2cd23aec27cb5df85ca2554f","name":"Hatem Bourial","image":{"@type":"ImageObject","inLanguage":"fr-FR","@id":"https:\/\/www.webdo.tn\/fr\/wp-content\/uploads\/2026\/04\/hatem-bourial_avatar-96x96.jpg","url":"https:\/\/www.webdo.tn\/fr\/wp-content\/uploads\/2026\/04\/hatem-bourial_avatar-96x96.jpg","contentUrl":"https:\/\/www.webdo.tn\/fr\/wp-content\/uploads\/2026\/04\/hatem-bourial_avatar-96x96.jpg","caption":"Hatem Bourial"},"description":"Hatem Bourial est journaliste, \u00e9crivain et chroniqueur tunisien. Actif depuis plusieurs d\u00e9cennies, il s\u2019est impos\u00e9 comme un observateur attentif de la soci\u00e9t\u00e9 tunisienne, m\u00ealant dans ses \u00e9crits m\u00e9moire, culture et analyse du quotidien. Auteur de nombreux ouvrages, il d\u00e9veloppe une \u0153uvre \u00e0 la crois\u00e9e du r\u00e9cit, de la po\u00e9sie et de l\u2019observation sociologique. Parall\u00e8lement \u00e0 ses contributions dans la presse, il intervient r\u00e9guli\u00e8rement \u00e0 la radio et dans des espaces culturels, o\u00f9 il explore les enjeux li\u00e9s au patrimoine, \u00e0 l\u2019identit\u00e9 et aux transformations du monde contemporain. \u00c0 travers ses chroniques, Hatem Bourial propose une lecture sensible et approfondie de l\u2019actualit\u00e9, nourrie par une exp\u00e9rience journalistique et litt\u00e9raire reconnue. \ud83d\udd17 Facebook : https:\/\/www.facebook.com\/hatem.bourial.2025","sameAs":["https:\/\/www.facebook.com\/hatem.bourial.2025","https:\/\/fr.wikipedia.org\/wiki\/Fichier:Hatem_Bourial.jpg"],"knowsAbout":["Culture & patrimoine tunisien","Chronique soci\u00e9tale","Litt\u00e9rature & m\u00e9moire","Cin\u00e9ma & critique culturelle","Identit\u00e9 & mutations sociales"],"knowsLanguage":["Arabe","Fran\u00e7ais","Anglais","Italien","Polonais"],"jobTitle":"Journaliste, \u00e9crivain et chroniqueur culturel","worksFor":"Webdo","url":"https:\/\/www.webdo.tn\/fr\/actualite\/author\/hatem-bourial-2\/"}]}},"_links":{"self":[{"href":"https:\/\/www.webdo.tn\/fr\/wp-json\/wp\/v2\/posts\/212191","targetHints":{"allow":["GET"]}}],"collection":[{"href":"https:\/\/www.webdo.tn\/fr\/wp-json\/wp\/v2\/posts"}],"about":[{"href":"https:\/\/www.webdo.tn\/fr\/wp-json\/wp\/v2\/types\/post"}],"author":[{"embeddable":true,"href":"https:\/\/www.webdo.tn\/fr\/wp-json\/wp\/v2\/users\/3229"}],"replies":[{"embeddable":true,"href":"https:\/\/www.webdo.tn\/fr\/wp-json\/wp\/v2\/comments?post=212191"}],"version-history":[{"count":0,"href":"https:\/\/www.webdo.tn\/fr\/wp-json\/wp\/v2\/posts\/212191\/revisions"}],"wp:featuredmedia":[{"embeddable":true,"href":"https:\/\/www.webdo.tn\/fr\/wp-json\/wp\/v2\/media\/248041"}],"wp:attachment":[{"href":"https:\/\/www.webdo.tn\/fr\/wp-json\/wp\/v2\/media?parent=212191"}],"wp:term":[{"taxonomy":"category","embeddable":true,"href":"https:\/\/www.webdo.tn\/fr\/wp-json\/wp\/v2\/categories?post=212191"},{"taxonomy":"post_tag","embeddable":true,"href":"https:\/\/www.webdo.tn\/fr\/wp-json\/wp\/v2\/tags?post=212191"}],"curies":[{"name":"wp","href":"https:\/\/api.w.org\/{rel}","templated":true}]}}