{"id":212190,"date":"2024-02-10T09:32:00","date_gmt":"2024-02-10T09:32:00","guid":{"rendered":"https:\/\/www.webdo.tn\/fr\/blog\/affaire-chokri-belaid-onze-accuses-interroges\/212190\/"},"modified":"2025-05-20T21:53:11","modified_gmt":"2025-05-20T21:53:11","slug":"affaire-chokri-belaid-onze-accuses-interroges","status":"publish","type":"post","link":"https:\/\/www.webdo.tn\/fr\/actualite\/national\/affaire-chokri-belaid-onze-accuses-interroges\/212190\/","title":{"rendered":"Affaire Chokri Belaid : Onze accus\u00e9s interrog\u00e9s"},"content":{"rendered":"<p>Onze accus\u00e9s ont \u00e9t\u00e9 interrog\u00e9s jusqu&rsquo;\u00e0 ce vendredi 9 f\u00e9vrier 2024 dans le cadre du proc\u00e8s du martyr Chokri Bela\u00efd, au tribunal de premi\u00e8re instance de Tunis.<\/p>\n<p>\t\t\t\t\t\t\t\t\tLa Chambre criminelle sp\u00e9cialis\u00e9e dans l\u2019examen des affaires de terrorisme aupr\u00e8s du Tribunal de premi\u00e8re instance de Tunis a d\u00e9cid\u00e9 de reporter la poursuite des interrogatoires des accus\u00e9s dans l\u2019affaire \u010fassassinat du martyr Chokri Bela\u00efd, \u00e0 l\u2019audience de mardi 13 f\u00e9vrier prochain.<\/p>\n<p>La s\u00e9ance de plaidoiries a commenc\u00e9 mardi dernier, avec l&rsquo;interrogatoire de quatre accus\u00e9s. Sept autres accus\u00e9s ont \u00e9t\u00e9 interrog\u00e9s vendredi 9 f\u00e9vrier 2024.\u00a0\u00a0<\/p>\n<p>Ce proc\u00e8s est consacr\u00e9, rappelons-le, \u00e0 l\u2019examen des plaidoiries dans l\u2019affaire de l\u2019assassinat de Chokri Belaid, le 6 f\u00e9vrier 2013, un fait historique pour le comit\u00e9 de d\u00e9fense.<\/p>\n<p>En marge de ce proc\u00e8s, Abdel Nasser Laouini, faisant partie du comit\u00e9 de d\u00e9fense dans l&rsquo;affaire de l&rsquo;assassinat de Chokri Bela\u00efd, a expliqu\u00e9 que l\u2019importance du proc\u00e8s r\u00e9side dans le fait que la majorit\u00e9 des accus\u00e9s sont pr\u00e9sents.<\/p>\n<p>\u00ab\u00a0L&rsquo;\u00e9v\u00e9nement est la pr\u00e9sence de pr\u00e8s de 85% des accus\u00e9s, qui refusaient auparavant de compara\u00eetre devant la justice, ce qui est tr\u00e8s symbolique, car ils ont finalement d\u00e9cid\u00e9 de parler parce que la couverture politique est en train de dispara\u00eetre\u00a0\u00bb, a-t-il dit.<\/p>\n<p>Et d\u2019ajouter que l&rsquo;un des accus\u00e9s a r\u00e9v\u00e9l\u00e9 aujourd&rsquo;hui au cours de la s\u00e9ance que lui et sa famille avaient \u00e9t\u00e9 menac\u00e9s de mort s&rsquo;il disait la v\u00e9rit\u00e9 et qu&rsquo;il \u00e9tait terrifi\u00e9 \u00e0 l&rsquo;id\u00e9e de dire la v\u00e9rit\u00e9 devant les autres accus\u00e9s.<\/p>\n<p>Chokri Belaid, secr\u00e9taire g\u00e9n\u00e9ral du Parti des patriotes d\u00e9mocrates unifi\u00e9 (gauche), a \u00e9t\u00e9 assassin\u00e9 le 6 f\u00e9vrier 2013, abattu par balle devant sa r\u00e9sidence situ\u00e9e \u00e0 El Menzah VI.<\/p>\n","protected":false},"excerpt":{"rendered":"<p>Ce proc\u00e8s est consacr\u00e9 \u00e0 l\u2019examen des plaidoiries dans l\u2019affaire de l\u2019assassinat de Chokri Belaid, le 6 f\u00e9vrier 2013.<\/p>\n","protected":false},"author":3162,"featured_media":248040,"comment_status":"open","ping_status":"closed","sticky":false,"template":"","format":"standard","meta":{"footnotes":""},"categories":[44],"tags":[2681,3043,3262,3261,2608],"class_list":["post-212190","post","type-post","status-publish","format-standard","has-post-thumbnail","hentry","category-national","tag-accuses","tag-audition","tag-chokri-belaid","tag-proces","tag-tunisie"],"yoast_head":"<!-- This site is optimized with the Yoast SEO Premium plugin v27.4 (Yoast SEO v27.5) - https:\/\/yoast.com\/product\/yoast-seo-premium-wordpress\/ -->\n<title>Affaire Chokri Belaid : Onze accus\u00e9s interrog\u00e9s<\/title>\n<meta name=\"description\" content=\"Ce proc\u00e8s est consacr\u00e9 \u00e0 l\u2019examen des plaidoiries dans l\u2019affaire de l\u2019assassinat de Chokri Belaid, le 6 f\u00e9vrier 2013.\" \/>\n<link rel=\"canonical\" href=\"https:\/\/www.webdo.tn\/fr\/actualite\/national\/affaire-chokri-belaid-onze-accuses-interroges\/212190\/\" \/>\n<meta property=\"og:locale\" content=\"fr_FR\" \/>\n<meta property=\"og:type\" content=\"article\" \/>\n<meta property=\"og:title\" content=\"Affaire Chokri Belaid : Onze accus\u00e9s interrog\u00e9s\" \/>\n<meta property=\"og:description\" content=\"Ce proc\u00e8s est consacr\u00e9 \u00e0 l\u2019examen des plaidoiries dans l\u2019affaire de l\u2019assassinat de Chokri Belaid, le 6 f\u00e9vrier 2013.\" \/>\n<meta property=\"og:url\" content=\"https:\/\/www.webdo.tn\/fr\/actualite\/national\/affaire-chokri-belaid-onze-accuses-interroges\/212190\/\" \/>\n<meta property=\"og:site_name\" content=\"webdo\" \/>\n<meta property=\"article:publisher\" content=\"https:\/\/www.facebook.com\/webdotn\" \/>\n<meta property=\"article:published_time\" content=\"2024-02-10T09:32:00+00:00\" \/>\n<meta property=\"article:modified_time\" content=\"2025-05-20T21:53:11+00:00\" \/>\n<meta property=\"og:image\" content=\"https:\/\/www.webdo.tn\/fr\/wp-content\/uploads\/2024\/02\/81c2ce57dbff3a364838f69808b08391.jpg\" \/>\n\t<meta property=\"og:image:width\" content=\"520\" \/>\n\t<meta property=\"og:image:height\" content=\"277\" \/>\n\t<meta property=\"og:image:type\" content=\"image\/jpeg\" \/>\n<meta name=\"author\" content=\"MC\" \/>\n<meta name=\"twitter:card\" content=\"summary_large_image\" \/>\n<meta name=\"twitter:creator\" content=\"@webdo_tn\" \/>\n<meta name=\"twitter:site\" content=\"@webdo_tn\" \/>\n<meta name=\"twitter:label1\" content=\"\u00c9crit par\" \/>\n\t<meta name=\"twitter:data1\" content=\"MC\" \/>\n\t<meta name=\"twitter:label2\" content=\"Dur\u00e9e de lecture estim\u00e9e\" \/>\n\t<meta name=\"twitter:data2\" content=\"2 minutes\" \/>\n<script type=\"application\/ld+json\" class=\"yoast-schema-graph\">{\"@context\":\"https:\\\/\\\/schema.org\",\"@graph\":[{\"@type\":\"NewsArticle\",\"@id\":\"https:\\\/\\\/www.webdo.tn\\\/fr\\\/actualite\\\/national\\\/affaire-chokri-belaid-onze-accuses-interroges\\\/212190\\\/#article\",\"isPartOf\":{\"@id\":\"https:\\\/\\\/www.webdo.tn\\\/fr\\\/actualite\\\/national\\\/affaire-chokri-belaid-onze-accuses-interroges\\\/212190\\\/\"},\"author\":{\"name\":\"MC\",\"@id\":\"https:\\\/\\\/www.webdo.tn\\\/fr\\\/#\\\/schema\\\/person\\\/2c4929cbf5a809e3bd38617c6ce150f6\"},\"headline\":\"Affaire Chokri Belaid : Onze accus\u00e9s interrog\u00e9s\",\"datePublished\":\"2024-02-10T09:32:00+00:00\",\"dateModified\":\"2025-05-20T21:53:11+00:00\",\"mainEntityOfPage\":{\"@id\":\"https:\\\/\\\/www.webdo.tn\\\/fr\\\/actualite\\\/national\\\/affaire-chokri-belaid-onze-accuses-interroges\\\/212190\\\/\"},\"wordCount\":335,\"commentCount\":0,\"publisher\":{\"@id\":\"https:\\\/\\\/www.webdo.tn\\\/fr\\\/#organization\"},\"image\":{\"@id\":\"https:\\\/\\\/www.webdo.tn\\\/fr\\\/actualite\\\/national\\\/affaire-chokri-belaid-onze-accuses-interroges\\\/212190\\\/#primaryimage\"},\"thumbnailUrl\":\"https:\\\/\\\/www.webdo.tn\\\/fr\\\/wp-content\\\/uploads\\\/2024\\\/02\\\/81c2ce57dbff3a364838f69808b08391.jpg\",\"keywords\":[\"accus\u00e9s\",\"audition\",\"chokri belaid\",\"proc\u00e8s\",\"Tunisie\"],\"articleSection\":[\"National\"],\"inLanguage\":\"fr-FR\"},{\"@type\":\"WebPage\",\"@id\":\"https:\\\/\\\/www.webdo.tn\\\/fr\\\/actualite\\\/national\\\/affaire-chokri-belaid-onze-accuses-interroges\\\/212190\\\/\",\"url\":\"https:\\\/\\\/www.webdo.tn\\\/fr\\\/actualite\\\/national\\\/affaire-chokri-belaid-onze-accuses-interroges\\\/212190\\\/\",\"name\":\"Affaire Chokri Belaid : Onze accus\u00e9s interrog\u00e9s\",\"isPartOf\":{\"@id\":\"https:\\\/\\\/www.webdo.tn\\\/fr\\\/#website\"},\"primaryImageOfPage\":{\"@id\":\"https:\\\/\\\/www.webdo.tn\\\/fr\\\/actualite\\\/national\\\/affaire-chokri-belaid-onze-accuses-interroges\\\/212190\\\/#primaryimage\"},\"image\":{\"@id\":\"https:\\\/\\\/www.webdo.tn\\\/fr\\\/actualite\\\/national\\\/affaire-chokri-belaid-onze-accuses-interroges\\\/212190\\\/#primaryimage\"},\"thumbnailUrl\":\"https:\\\/\\\/www.webdo.tn\\\/fr\\\/wp-content\\\/uploads\\\/2024\\\/02\\\/81c2ce57dbff3a364838f69808b08391.jpg\",\"datePublished\":\"2024-02-10T09:32:00+00:00\",\"dateModified\":\"2025-05-20T21:53:11+00:00\",\"description\":\"Ce proc\u00e8s est consacr\u00e9 \u00e0 l\u2019examen des plaidoiries dans l\u2019affaire de l\u2019assassinat de Chokri Belaid, le 6 f\u00e9vrier 2013.\",\"breadcrumb\":{\"@id\":\"https:\\\/\\\/www.webdo.tn\\\/fr\\\/actualite\\\/national\\\/affaire-chokri-belaid-onze-accuses-interroges\\\/212190\\\/#breadcrumb\"},\"inLanguage\":\"fr-FR\",\"potentialAction\":[{\"@type\":\"ReadAction\",\"target\":[\"https:\\\/\\\/www.webdo.tn\\\/fr\\\/actualite\\\/national\\\/affaire-chokri-belaid-onze-accuses-interroges\\\/212190\\\/\"]}]},{\"@type\":\"ImageObject\",\"inLanguage\":\"fr-FR\",\"@id\":\"https:\\\/\\\/www.webdo.tn\\\/fr\\\/actualite\\\/national\\\/affaire-chokri-belaid-onze-accuses-interroges\\\/212190\\\/#primaryimage\",\"url\":\"https:\\\/\\\/www.webdo.tn\\\/fr\\\/wp-content\\\/uploads\\\/2024\\\/02\\\/81c2ce57dbff3a364838f69808b08391.jpg\",\"contentUrl\":\"https:\\\/\\\/www.webdo.tn\\\/fr\\\/wp-content\\\/uploads\\\/2024\\\/02\\\/81c2ce57dbff3a364838f69808b08391.jpg\",\"width\":520,\"height\":277,\"caption\":\"Affaire Chokri Belaid : Onze accus\u00e9s interrog\u00e9s\"},{\"@type\":\"BreadcrumbList\",\"@id\":\"https:\\\/\\\/www.webdo.tn\\\/fr\\\/actualite\\\/national\\\/affaire-chokri-belaid-onze-accuses-interroges\\\/212190\\\/#breadcrumb\",\"itemListElement\":[{\"@type\":\"ListItem\",\"position\":1,\"name\":\"Accueil\",\"item\":\"https:\\\/\\\/www.webdo.tn\\\/fr\\\/\"},{\"@type\":\"ListItem\",\"position\":2,\"name\":\"Affaire Chokri Belaid : Onze accus\u00e9s interrog\u00e9s\"}]},{\"@type\":\"WebSite\",\"@id\":\"https:\\\/\\\/www.webdo.tn\\\/fr\\\/#website\",\"url\":\"https:\\\/\\\/www.webdo.tn\\\/fr\\\/\",\"name\":\"webdo\",\"description\":\"Tunisie - News en Tunisie et \u00e0 l&#039;international sur Webdo.tn\",\"publisher\":{\"@id\":\"https:\\\/\\\/www.webdo.tn\\\/fr\\\/#organization\"},\"potentialAction\":[{\"@type\":\"SearchAction\",\"target\":{\"@type\":\"EntryPoint\",\"urlTemplate\":\"https:\\\/\\\/www.webdo.tn\\\/fr\\\/?s={search_term_string}\"},\"query-input\":{\"@type\":\"PropertyValueSpecification\",\"valueRequired\":true,\"valueName\":\"search_term_string\"}}],\"inLanguage\":\"fr-FR\"},{\"@type\":\"Organization\",\"@id\":\"https:\\\/\\\/www.webdo.tn\\\/fr\\\/#organization\",\"name\":\"Webdo\",\"alternateName\":\"Webdo.tn\",\"url\":\"https:\\\/\\\/www.webdo.tn\\\/fr\\\/\",\"logo\":{\"@type\":\"ImageObject\",\"inLanguage\":\"fr-FR\",\"@id\":\"https:\\\/\\\/www.webdo.tn\\\/fr\\\/#\\\/schema\\\/logo\\\/image\\\/\",\"url\":\"https:\\\/\\\/www.webdo.tn\\\/fr\\\/wp-content\\\/uploads\\\/2025\\\/06\\\/Webdo-Tunisie_168377.jpg\",\"contentUrl\":\"https:\\\/\\\/www.webdo.tn\\\/fr\\\/wp-content\\\/uploads\\\/2025\\\/06\\\/Webdo-Tunisie_168377.jpg\",\"width\":301,\"height\":301,\"caption\":\"Webdo\"},\"image\":{\"@id\":\"https:\\\/\\\/www.webdo.tn\\\/fr\\\/#\\\/schema\\\/logo\\\/image\\\/\"},\"sameAs\":[\"https:\\\/\\\/www.facebook.com\\\/webdotn\",\"https:\\\/\\\/x.com\\\/webdo_tn\"],\"description\":\"Webdo est un m\u00e9dia num\u00e9rique tunisien fond\u00e9 en 2010, sp\u00e9cialis\u00e9 dans l\u2019actualit\u00e9 nationale et internationale, l\u2019\u00e9conomie, la soci\u00e9t\u00e9 et les analyses politiques. Le site s\u2019adresse \u00e0 un large public francophone et couvre l\u2019information tunisienne en temps r\u00e9el.\",\"email\":\"redac@webdo.tn\",\"legalName\":\"YNJ SARL\",\"foundingDate\":\"2010-09-06\",\"numberOfEmployees\":{\"@type\":\"QuantitativeValue\",\"minValue\":\"11\",\"maxValue\":\"50\"}},{\"@type\":\"Person\",\"@id\":\"https:\\\/\\\/www.webdo.tn\\\/fr\\\/#\\\/schema\\\/person\\\/2c4929cbf5a809e3bd38617c6ce150f6\",\"name\":\"MC\",\"image\":{\"@type\":\"ImageObject\",\"inLanguage\":\"fr-FR\",\"@id\":\"https:\\\/\\\/secure.gravatar.com\\\/avatar\\\/a545bbb6f84efdd5553dbbc2895e3ca8f1d12c5215e00a041c9670b54aa9b18a?s=96&d=mm&r=g\",\"url\":\"https:\\\/\\\/secure.gravatar.com\\\/avatar\\\/a545bbb6f84efdd5553dbbc2895e3ca8f1d12c5215e00a041c9670b54aa9b18a?s=96&d=mm&r=g\",\"contentUrl\":\"https:\\\/\\\/secure.gravatar.com\\\/avatar\\\/a545bbb6f84efdd5553dbbc2895e3ca8f1d12c5215e00a041c9670b54aa9b18a?s=96&d=mm&r=g\",\"caption\":\"MC\"},\"url\":\"https:\\\/\\\/www.webdo.tn\\\/fr\\\/actualite\\\/author\\\/mc\\\/\"}]}<\/script>\n<!-- \/ Yoast SEO Premium plugin. -->","yoast_head_json":{"title":"Affaire Chokri Belaid : Onze accus\u00e9s interrog\u00e9s","description":"Ce proc\u00e8s est consacr\u00e9 \u00e0 l\u2019examen des plaidoiries dans l\u2019affaire de l\u2019assassinat de Chokri Belaid, le 6 f\u00e9vrier 2013.","canonical":"https:\/\/www.webdo.tn\/fr\/actualite\/national\/affaire-chokri-belaid-onze-accuses-interroges\/212190\/","og_locale":"fr_FR","og_type":"article","og_title":"Affaire Chokri Belaid : Onze accus\u00e9s interrog\u00e9s","og_description":"Ce proc\u00e8s est consacr\u00e9 \u00e0 l\u2019examen des plaidoiries dans l\u2019affaire de l\u2019assassinat de Chokri Belaid, le 6 f\u00e9vrier 2013.","og_url":"https:\/\/www.webdo.tn\/fr\/actualite\/national\/affaire-chokri-belaid-onze-accuses-interroges\/212190\/","og_site_name":"webdo","article_publisher":"https:\/\/www.facebook.com\/webdotn","article_published_time":"2024-02-10T09:32:00+00:00","article_modified_time":"2025-05-20T21:53:11+00:00","og_image":[{"width":520,"height":277,"url":"https:\/\/www.webdo.tn\/fr\/wp-content\/uploads\/2024\/02\/81c2ce57dbff3a364838f69808b08391.jpg","type":"image\/jpeg"}],"author":"MC","twitter_card":"summary_large_image","twitter_creator":"@webdo_tn","twitter_site":"@webdo_tn","twitter_misc":{"\u00c9crit par":"MC","Dur\u00e9e de lecture estim\u00e9e":"2 minutes"},"schema":{"@context":"https:\/\/schema.org","@graph":[{"@type":"NewsArticle","@id":"https:\/\/www.webdo.tn\/fr\/actualite\/national\/affaire-chokri-belaid-onze-accuses-interroges\/212190\/#article","isPartOf":{"@id":"https:\/\/www.webdo.tn\/fr\/actualite\/national\/affaire-chokri-belaid-onze-accuses-interroges\/212190\/"},"author":{"name":"MC","@id":"https:\/\/www.webdo.tn\/fr\/#\/schema\/person\/2c4929cbf5a809e3bd38617c6ce150f6"},"headline":"Affaire Chokri Belaid : Onze accus\u00e9s interrog\u00e9s","datePublished":"2024-02-10T09:32:00+00:00","dateModified":"2025-05-20T21:53:11+00:00","mainEntityOfPage":{"@id":"https:\/\/www.webdo.tn\/fr\/actualite\/national\/affaire-chokri-belaid-onze-accuses-interroges\/212190\/"},"wordCount":335,"commentCount":0,"publisher":{"@id":"https:\/\/www.webdo.tn\/fr\/#organization"},"image":{"@id":"https:\/\/www.webdo.tn\/fr\/actualite\/national\/affaire-chokri-belaid-onze-accuses-interroges\/212190\/#primaryimage"},"thumbnailUrl":"https:\/\/www.webdo.tn\/fr\/wp-content\/uploads\/2024\/02\/81c2ce57dbff3a364838f69808b08391.jpg","keywords":["accus\u00e9s","audition","chokri belaid","proc\u00e8s","Tunisie"],"articleSection":["National"],"inLanguage":"fr-FR"},{"@type":"WebPage","@id":"https:\/\/www.webdo.tn\/fr\/actualite\/national\/affaire-chokri-belaid-onze-accuses-interroges\/212190\/","url":"https:\/\/www.webdo.tn\/fr\/actualite\/national\/affaire-chokri-belaid-onze-accuses-interroges\/212190\/","name":"Affaire Chokri Belaid : Onze accus\u00e9s interrog\u00e9s","isPartOf":{"@id":"https:\/\/www.webdo.tn\/fr\/#website"},"primaryImageOfPage":{"@id":"https:\/\/www.webdo.tn\/fr\/actualite\/national\/affaire-chokri-belaid-onze-accuses-interroges\/212190\/#primaryimage"},"image":{"@id":"https:\/\/www.webdo.tn\/fr\/actualite\/national\/affaire-chokri-belaid-onze-accuses-interroges\/212190\/#primaryimage"},"thumbnailUrl":"https:\/\/www.webdo.tn\/fr\/wp-content\/uploads\/2024\/02\/81c2ce57dbff3a364838f69808b08391.jpg","datePublished":"2024-02-10T09:32:00+00:00","dateModified":"2025-05-20T21:53:11+00:00","description":"Ce proc\u00e8s est consacr\u00e9 \u00e0 l\u2019examen des plaidoiries dans l\u2019affaire de l\u2019assassinat de Chokri Belaid, le 6 f\u00e9vrier 2013.","breadcrumb":{"@id":"https:\/\/www.webdo.tn\/fr\/actualite\/national\/affaire-chokri-belaid-onze-accuses-interroges\/212190\/#breadcrumb"},"inLanguage":"fr-FR","potentialAction":[{"@type":"ReadAction","target":["https:\/\/www.webdo.tn\/fr\/actualite\/national\/affaire-chokri-belaid-onze-accuses-interroges\/212190\/"]}]},{"@type":"ImageObject","inLanguage":"fr-FR","@id":"https:\/\/www.webdo.tn\/fr\/actualite\/national\/affaire-chokri-belaid-onze-accuses-interroges\/212190\/#primaryimage","url":"https:\/\/www.webdo.tn\/fr\/wp-content\/uploads\/2024\/02\/81c2ce57dbff3a364838f69808b08391.jpg","contentUrl":"https:\/\/www.webdo.tn\/fr\/wp-content\/uploads\/2024\/02\/81c2ce57dbff3a364838f69808b08391.jpg","width":520,"height":277,"caption":"Affaire Chokri Belaid : Onze accus\u00e9s interrog\u00e9s"},{"@type":"BreadcrumbList","@id":"https:\/\/www.webdo.tn\/fr\/actualite\/national\/affaire-chokri-belaid-onze-accuses-interroges\/212190\/#breadcrumb","itemListElement":[{"@type":"ListItem","position":1,"name":"Accueil","item":"https:\/\/www.webdo.tn\/fr\/"},{"@type":"ListItem","position":2,"name":"Affaire Chokri Belaid : Onze accus\u00e9s interrog\u00e9s"}]},{"@type":"WebSite","@id":"https:\/\/www.webdo.tn\/fr\/#website","url":"https:\/\/www.webdo.tn\/fr\/","name":"webdo","description":"Tunisie - News en Tunisie et \u00e0 l&#039;international sur Webdo.tn","publisher":{"@id":"https:\/\/www.webdo.tn\/fr\/#organization"},"potentialAction":[{"@type":"SearchAction","target":{"@type":"EntryPoint","urlTemplate":"https:\/\/www.webdo.tn\/fr\/?s={search_term_string}"},"query-input":{"@type":"PropertyValueSpecification","valueRequired":true,"valueName":"search_term_string"}}],"inLanguage":"fr-FR"},{"@type":"Organization","@id":"https:\/\/www.webdo.tn\/fr\/#organization","name":"Webdo","alternateName":"Webdo.tn","url":"https:\/\/www.webdo.tn\/fr\/","logo":{"@type":"ImageObject","inLanguage":"fr-FR","@id":"https:\/\/www.webdo.tn\/fr\/#\/schema\/logo\/image\/","url":"https:\/\/www.webdo.tn\/fr\/wp-content\/uploads\/2025\/06\/Webdo-Tunisie_168377.jpg","contentUrl":"https:\/\/www.webdo.tn\/fr\/wp-content\/uploads\/2025\/06\/Webdo-Tunisie_168377.jpg","width":301,"height":301,"caption":"Webdo"},"image":{"@id":"https:\/\/www.webdo.tn\/fr\/#\/schema\/logo\/image\/"},"sameAs":["https:\/\/www.facebook.com\/webdotn","https:\/\/x.com\/webdo_tn"],"description":"Webdo est un m\u00e9dia num\u00e9rique tunisien fond\u00e9 en 2010, sp\u00e9cialis\u00e9 dans l\u2019actualit\u00e9 nationale et internationale, l\u2019\u00e9conomie, la soci\u00e9t\u00e9 et les analyses politiques. Le site s\u2019adresse \u00e0 un large public francophone et couvre l\u2019information tunisienne en temps r\u00e9el.","email":"redac@webdo.tn","legalName":"YNJ SARL","foundingDate":"2010-09-06","numberOfEmployees":{"@type":"QuantitativeValue","minValue":"11","maxValue":"50"}},{"@type":"Person","@id":"https:\/\/www.webdo.tn\/fr\/#\/schema\/person\/2c4929cbf5a809e3bd38617c6ce150f6","name":"MC","image":{"@type":"ImageObject","inLanguage":"fr-FR","@id":"https:\/\/secure.gravatar.com\/avatar\/a545bbb6f84efdd5553dbbc2895e3ca8f1d12c5215e00a041c9670b54aa9b18a?s=96&d=mm&r=g","url":"https:\/\/secure.gravatar.com\/avatar\/a545bbb6f84efdd5553dbbc2895e3ca8f1d12c5215e00a041c9670b54aa9b18a?s=96&d=mm&r=g","contentUrl":"https:\/\/secure.gravatar.com\/avatar\/a545bbb6f84efdd5553dbbc2895e3ca8f1d12c5215e00a041c9670b54aa9b18a?s=96&d=mm&r=g","caption":"MC"},"url":"https:\/\/www.webdo.tn\/fr\/actualite\/author\/mc\/"}]}},"_links":{"self":[{"href":"https:\/\/www.webdo.tn\/fr\/wp-json\/wp\/v2\/posts\/212190","targetHints":{"allow":["GET"]}}],"collection":[{"href":"https:\/\/www.webdo.tn\/fr\/wp-json\/wp\/v2\/posts"}],"about":[{"href":"https:\/\/www.webdo.tn\/fr\/wp-json\/wp\/v2\/types\/post"}],"author":[{"embeddable":true,"href":"https:\/\/www.webdo.tn\/fr\/wp-json\/wp\/v2\/users\/3162"}],"replies":[{"embeddable":true,"href":"https:\/\/www.webdo.tn\/fr\/wp-json\/wp\/v2\/comments?post=212190"}],"version-history":[{"count":0,"href":"https:\/\/www.webdo.tn\/fr\/wp-json\/wp\/v2\/posts\/212190\/revisions"}],"wp:featuredmedia":[{"embeddable":true,"href":"https:\/\/www.webdo.tn\/fr\/wp-json\/wp\/v2\/media\/248040"}],"wp:attachment":[{"href":"https:\/\/www.webdo.tn\/fr\/wp-json\/wp\/v2\/media?parent=212190"}],"wp:term":[{"taxonomy":"category","embeddable":true,"href":"https:\/\/www.webdo.tn\/fr\/wp-json\/wp\/v2\/categories?post=212190"},{"taxonomy":"post_tag","embeddable":true,"href":"https:\/\/www.webdo.tn\/fr\/wp-json\/wp\/v2\/tags?post=212190"}],"curies":[{"name":"wp","href":"https:\/\/api.w.org\/{rel}","templated":true}]}}