{"id":212185,"date":"2024-02-09T19:44:00","date_gmt":"2024-02-09T19:44:00","guid":{"rendered":"https:\/\/www.webdo.tn\/fr\/blog\/migration-le-bundestag-reitere-la-disposition-de-l-allemagne-a-cooperer-avec-la-tunisie\/212185\/"},"modified":"2024-02-09T19:44:00","modified_gmt":"2024-02-09T19:44:00","slug":"migration-le-bundestag-reitere-la-disposition-de-l-allemagne-a-cooperer-avec-la-tunisie","status":"publish","type":"post","link":"https:\/\/www.webdo.tn\/fr\/actualite\/national\/migration-le-bundestag-reitere-la-disposition-de-l-allemagne-a-cooperer-avec-la-tunisie\/212185\/","title":{"rendered":"Migration : Le Bundestag r\u00e9it\u00e8re la disposition de l\u2019Allemagne \u00e0 coop\u00e9rer avec la Tunisie"},"content":{"rendered":"<p>Le pr\u00e9sident de la commission de digitalisation au Bundestag allemand, Tobias Bacherle, a assur\u00e9 que son pays est dispos\u00e9 \u00e0 coop\u00e9rer avec la Tunisie pour lutter contre la migration irr\u00e9guli\u00e8re et la fuite des cerveaux, au terme d&rsquo;une r\u00e9union avec le vice-pr\u00e9sident charg\u00e9 des relations ext\u00e9rieures, des Tunisiens \u00e0 l\u2019\u00e9tranger et de la migration, Ezzeddine Tayyeb.<\/p>\n<p>\t\t\t\t\t\t\t\t\tLe rapporteur de la commission des droits et libert\u00e9s, \u00a0Mohamed Ali, le rapporteur de la commission des relations ext\u00e9rieures, Tarek Reba\u00ef, et la d\u00e9put\u00e9e Rym Sghaier, ont \u00e9galement pris part \u00e0 ladite r\u00e9union.<\/p>\n<p>L&rsquo;aide de l&rsquo;Allemagne se fera soit dans le cadre de la convention sign\u00e9e entre l\u2019Union europ\u00e9enne et la Tunisie, o\u00f9 \u00e0 travers le soutien des efforts de la Tunisie en termes de d\u00e9veloppement, selon Tobias Bacherl.<\/p>\n","protected":false},"excerpt":{"rendered":"<p>Le pr\u00e9sident de la commission de digitalisation au Bundestag allemand, Tobias Bacherle, a assur\u00e9 que son pays est dispos\u00e9 \u00e0 coop\u00e9rer avec la Tunisie pour lutter&#8230;<\/p>\n","protected":false},"author":3169,"featured_media":248038,"comment_status":"open","ping_status":"closed","sticky":false,"template":"","format":"standard","meta":{"footnotes":""},"categories":[44],"tags":[3445,7024,4871,2615,2608],"class_list":["post-212185","post","type-post","status-publish","format-standard","has-post-thumbnail","hentry","category-national","tag-allemagne","tag-bundestag","tag-fuite-des-cerveaux","tag-migration","tag-tunisie"],"yoast_head":"<!-- This site is optimized with the Yoast SEO Premium plugin v27.5 (Yoast SEO v27.5) - https:\/\/yoast.com\/product\/yoast-seo-premium-wordpress\/ -->\n<title>Migration : Le Bundestag r\u00e9it\u00e8re la disposition de l\u2019Allemagne \u00e0 coop\u00e9rer avec la Tunisie<\/title>\n<meta name=\"description\" content=\"Le pr\u00e9sident de la commission de digitalisation au Bundestag allemand, Tobias Bacherle, a assur\u00e9 que son pays est dispos\u00e9 \u00e0 coop\u00e9rer avec la Tunisie pour lutter...\" \/>\n<link rel=\"canonical\" href=\"https:\/\/www.webdo.tn\/fr\/actualite\/national\/migration-le-bundestag-reitere-la-disposition-de-l-allemagne-a-cooperer-avec-la-tunisie\/212185\/\" \/>\n<meta property=\"og:locale\" content=\"fr_FR\" \/>\n<meta property=\"og:type\" content=\"article\" \/>\n<meta property=\"og:title\" content=\"Migration : Le Bundestag r\u00e9it\u00e8re la disposition de l\u2019Allemagne \u00e0 coop\u00e9rer avec la Tunisie\" \/>\n<meta property=\"og:description\" content=\"Le pr\u00e9sident de la commission de digitalisation au Bundestag allemand, Tobias Bacherle, a assur\u00e9 que son pays est dispos\u00e9 \u00e0 coop\u00e9rer avec la Tunisie pour lutter...\" \/>\n<meta property=\"og:url\" content=\"https:\/\/www.webdo.tn\/fr\/actualite\/national\/migration-le-bundestag-reitere-la-disposition-de-l-allemagne-a-cooperer-avec-la-tunisie\/212185\/\" \/>\n<meta property=\"og:site_name\" content=\"webdo\" \/>\n<meta property=\"article:publisher\" content=\"https:\/\/www.facebook.com\/webdotn\" \/>\n<meta property=\"article:published_time\" content=\"2024-02-09T19:44:00+00:00\" \/>\n<meta property=\"og:image\" content=\"https:\/\/www.webdo.tn\/fr\/wp-content\/uploads\/2024\/02\/b7902c827db136de47832b7233f02e7e.webp\" \/>\n\t<meta property=\"og:image:width\" content=\"750\" \/>\n\t<meta property=\"og:image:height\" content=\"400\" \/>\n\t<meta property=\"og:image:type\" content=\"image\/webp\" \/>\n<meta name=\"author\" content=\"Webdo\" \/>\n<meta name=\"twitter:card\" content=\"summary_large_image\" \/>\n<meta name=\"twitter:creator\" content=\"@webdo_tn\" \/>\n<meta name=\"twitter:site\" content=\"@webdo_tn\" \/>\n<meta name=\"twitter:label1\" content=\"\u00c9crit par\" \/>\n\t<meta name=\"twitter:data1\" content=\"Webdo\" \/>\n\t<meta name=\"twitter:label2\" content=\"Dur\u00e9e de lecture estim\u00e9e\" \/>\n\t<meta name=\"twitter:data2\" content=\"1 minute\" \/>\n<script type=\"application\/ld+json\" class=\"yoast-schema-graph\">{\"@context\":\"https:\\\/\\\/schema.org\",\"@graph\":[{\"@type\":\"NewsArticle\",\"@id\":\"https:\\\/\\\/www.webdo.tn\\\/fr\\\/actualite\\\/national\\\/migration-le-bundestag-reitere-la-disposition-de-l-allemagne-a-cooperer-avec-la-tunisie\\\/212185\\\/#article\",\"isPartOf\":{\"@id\":\"https:\\\/\\\/www.webdo.tn\\\/fr\\\/actualite\\\/national\\\/migration-le-bundestag-reitere-la-disposition-de-l-allemagne-a-cooperer-avec-la-tunisie\\\/212185\\\/\"},\"author\":{\"name\":\"Webdo\",\"@id\":\"https:\\\/\\\/www.webdo.tn\\\/fr\\\/#\\\/schema\\\/person\\\/1f4e491e0907b413d61089e8eb573acc\"},\"headline\":\"Migration : Le Bundestag r\u00e9it\u00e8re la disposition de l\u2019Allemagne \u00e0 coop\u00e9rer avec la Tunisie\",\"datePublished\":\"2024-02-09T19:44:00+00:00\",\"mainEntityOfPage\":{\"@id\":\"https:\\\/\\\/www.webdo.tn\\\/fr\\\/actualite\\\/national\\\/migration-le-bundestag-reitere-la-disposition-de-l-allemagne-a-cooperer-avec-la-tunisie\\\/212185\\\/\"},\"wordCount\":157,\"commentCount\":0,\"publisher\":{\"@id\":\"https:\\\/\\\/www.webdo.tn\\\/fr\\\/#organization\"},\"image\":{\"@id\":\"https:\\\/\\\/www.webdo.tn\\\/fr\\\/actualite\\\/national\\\/migration-le-bundestag-reitere-la-disposition-de-l-allemagne-a-cooperer-avec-la-tunisie\\\/212185\\\/#primaryimage\"},\"thumbnailUrl\":\"https:\\\/\\\/www.webdo.tn\\\/fr\\\/wp-content\\\/uploads\\\/2024\\\/02\\\/b7902c827db136de47832b7233f02e7e.webp\",\"keywords\":[\"Allemagne\",\"Bundestag\",\"fuite des cerveaux\",\"Migration\",\"Tunisie\"],\"articleSection\":[\"National\"],\"inLanguage\":\"fr-FR\"},{\"@type\":\"WebPage\",\"@id\":\"https:\\\/\\\/www.webdo.tn\\\/fr\\\/actualite\\\/national\\\/migration-le-bundestag-reitere-la-disposition-de-l-allemagne-a-cooperer-avec-la-tunisie\\\/212185\\\/\",\"url\":\"https:\\\/\\\/www.webdo.tn\\\/fr\\\/actualite\\\/national\\\/migration-le-bundestag-reitere-la-disposition-de-l-allemagne-a-cooperer-avec-la-tunisie\\\/212185\\\/\",\"name\":\"Migration : Le Bundestag r\u00e9it\u00e8re la disposition de l\u2019Allemagne \u00e0 coop\u00e9rer avec la Tunisie\",\"isPartOf\":{\"@id\":\"https:\\\/\\\/www.webdo.tn\\\/fr\\\/#website\"},\"primaryImageOfPage\":{\"@id\":\"https:\\\/\\\/www.webdo.tn\\\/fr\\\/actualite\\\/national\\\/migration-le-bundestag-reitere-la-disposition-de-l-allemagne-a-cooperer-avec-la-tunisie\\\/212185\\\/#primaryimage\"},\"image\":{\"@id\":\"https:\\\/\\\/www.webdo.tn\\\/fr\\\/actualite\\\/national\\\/migration-le-bundestag-reitere-la-disposition-de-l-allemagne-a-cooperer-avec-la-tunisie\\\/212185\\\/#primaryimage\"},\"thumbnailUrl\":\"https:\\\/\\\/www.webdo.tn\\\/fr\\\/wp-content\\\/uploads\\\/2024\\\/02\\\/b7902c827db136de47832b7233f02e7e.webp\",\"datePublished\":\"2024-02-09T19:44:00+00:00\",\"description\":\"Le pr\u00e9sident de la commission de digitalisation au Bundestag allemand, Tobias Bacherle, a assur\u00e9 que son pays est dispos\u00e9 \u00e0 coop\u00e9rer avec la Tunisie pour lutter...\",\"breadcrumb\":{\"@id\":\"https:\\\/\\\/www.webdo.tn\\\/fr\\\/actualite\\\/national\\\/migration-le-bundestag-reitere-la-disposition-de-l-allemagne-a-cooperer-avec-la-tunisie\\\/212185\\\/#breadcrumb\"},\"inLanguage\":\"fr-FR\",\"potentialAction\":[{\"@type\":\"ReadAction\",\"target\":[\"https:\\\/\\\/www.webdo.tn\\\/fr\\\/actualite\\\/national\\\/migration-le-bundestag-reitere-la-disposition-de-l-allemagne-a-cooperer-avec-la-tunisie\\\/212185\\\/\"]}]},{\"@type\":\"ImageObject\",\"inLanguage\":\"fr-FR\",\"@id\":\"https:\\\/\\\/www.webdo.tn\\\/fr\\\/actualite\\\/national\\\/migration-le-bundestag-reitere-la-disposition-de-l-allemagne-a-cooperer-avec-la-tunisie\\\/212185\\\/#primaryimage\",\"url\":\"https:\\\/\\\/www.webdo.tn\\\/fr\\\/wp-content\\\/uploads\\\/2024\\\/02\\\/b7902c827db136de47832b7233f02e7e.webp\",\"contentUrl\":\"https:\\\/\\\/www.webdo.tn\\\/fr\\\/wp-content\\\/uploads\\\/2024\\\/02\\\/b7902c827db136de47832b7233f02e7e.webp\",\"width\":750,\"height\":400,\"caption\":\"Migration : Le Bundestag r\u00e9it\u00e8re la disposition de l\u2019Allemagne \u00e0 coop\u00e9rer avec la Tunisie\"},{\"@type\":\"BreadcrumbList\",\"@id\":\"https:\\\/\\\/www.webdo.tn\\\/fr\\\/actualite\\\/national\\\/migration-le-bundestag-reitere-la-disposition-de-l-allemagne-a-cooperer-avec-la-tunisie\\\/212185\\\/#breadcrumb\",\"itemListElement\":[{\"@type\":\"ListItem\",\"position\":1,\"name\":\"Accueil\",\"item\":\"https:\\\/\\\/www.webdo.tn\\\/fr\\\/\"},{\"@type\":\"ListItem\",\"position\":2,\"name\":\"Migration : Le Bundestag r\u00e9it\u00e8re la disposition de l\u2019Allemagne \u00e0 coop\u00e9rer avec la Tunisie\"}]},{\"@type\":\"WebSite\",\"@id\":\"https:\\\/\\\/www.webdo.tn\\\/fr\\\/#website\",\"url\":\"https:\\\/\\\/www.webdo.tn\\\/fr\\\/\",\"name\":\"webdo\",\"description\":\"Tunisie - News en Tunisie et \u00e0 l&#039;international sur Webdo.tn\",\"publisher\":{\"@id\":\"https:\\\/\\\/www.webdo.tn\\\/fr\\\/#organization\"},\"potentialAction\":[{\"@type\":\"SearchAction\",\"target\":{\"@type\":\"EntryPoint\",\"urlTemplate\":\"https:\\\/\\\/www.webdo.tn\\\/fr\\\/?s={search_term_string}\"},\"query-input\":{\"@type\":\"PropertyValueSpecification\",\"valueRequired\":true,\"valueName\":\"search_term_string\"}}],\"inLanguage\":\"fr-FR\"},{\"@type\":\"Organization\",\"@id\":\"https:\\\/\\\/www.webdo.tn\\\/fr\\\/#organization\",\"name\":\"Webdo\",\"alternateName\":\"Webdo.tn\",\"url\":\"https:\\\/\\\/www.webdo.tn\\\/fr\\\/\",\"logo\":{\"@type\":\"ImageObject\",\"inLanguage\":\"fr-FR\",\"@id\":\"https:\\\/\\\/www.webdo.tn\\\/fr\\\/#\\\/schema\\\/logo\\\/image\\\/\",\"url\":\"https:\\\/\\\/www.webdo.tn\\\/fr\\\/wp-content\\\/uploads\\\/2025\\\/06\\\/Webdo-Tunisie_168377.jpg\",\"contentUrl\":\"https:\\\/\\\/www.webdo.tn\\\/fr\\\/wp-content\\\/uploads\\\/2025\\\/06\\\/Webdo-Tunisie_168377.jpg\",\"width\":301,\"height\":301,\"caption\":\"Webdo\"},\"image\":{\"@id\":\"https:\\\/\\\/www.webdo.tn\\\/fr\\\/#\\\/schema\\\/logo\\\/image\\\/\"},\"sameAs\":[\"https:\\\/\\\/www.facebook.com\\\/webdotn\",\"https:\\\/\\\/x.com\\\/webdo_tn\"],\"description\":\"Webdo est un m\u00e9dia num\u00e9rique tunisien fond\u00e9 en 2010, sp\u00e9cialis\u00e9 dans l\u2019actualit\u00e9 nationale et internationale, l\u2019\u00e9conomie, la soci\u00e9t\u00e9 et les analyses politiques. Le site s\u2019adresse \u00e0 un large public francophone et couvre l\u2019information tunisienne en temps r\u00e9el.\",\"email\":\"redac@webdo.tn\",\"legalName\":\"YNJ SARL\",\"foundingDate\":\"2010-09-06\",\"numberOfEmployees\":{\"@type\":\"QuantitativeValue\",\"minValue\":\"11\",\"maxValue\":\"50\"}},{\"@type\":\"Person\",\"@id\":\"https:\\\/\\\/www.webdo.tn\\\/fr\\\/#\\\/schema\\\/person\\\/1f4e491e0907b413d61089e8eb573acc\",\"name\":\"Webdo\",\"image\":{\"@type\":\"ImageObject\",\"inLanguage\":\"fr-FR\",\"@id\":\"https:\\\/\\\/secure.gravatar.com\\\/avatar\\\/de97aeec1bb80978a9dbb127e47dfc88aaacb2f3c29aac907d8d3222e3495d49?s=96&d=mm&r=g\",\"url\":\"https:\\\/\\\/secure.gravatar.com\\\/avatar\\\/de97aeec1bb80978a9dbb127e47dfc88aaacb2f3c29aac907d8d3222e3495d49?s=96&d=mm&r=g\",\"contentUrl\":\"https:\\\/\\\/secure.gravatar.com\\\/avatar\\\/de97aeec1bb80978a9dbb127e47dfc88aaacb2f3c29aac907d8d3222e3495d49?s=96&d=mm&r=g\",\"caption\":\"Webdo\"},\"url\":\"https:\\\/\\\/www.webdo.tn\\\/fr\\\/actualite\\\/author\\\/webdo\\\/\"}]}<\/script>\n<!-- \/ Yoast SEO Premium plugin. -->","yoast_head_json":{"title":"Migration : Le Bundestag r\u00e9it\u00e8re la disposition de l\u2019Allemagne \u00e0 coop\u00e9rer avec la Tunisie","description":"Le pr\u00e9sident de la commission de digitalisation au Bundestag allemand, Tobias Bacherle, a assur\u00e9 que son pays est dispos\u00e9 \u00e0 coop\u00e9rer avec la Tunisie pour lutter...","canonical":"https:\/\/www.webdo.tn\/fr\/actualite\/national\/migration-le-bundestag-reitere-la-disposition-de-l-allemagne-a-cooperer-avec-la-tunisie\/212185\/","og_locale":"fr_FR","og_type":"article","og_title":"Migration : Le Bundestag r\u00e9it\u00e8re la disposition de l\u2019Allemagne \u00e0 coop\u00e9rer avec la Tunisie","og_description":"Le pr\u00e9sident de la commission de digitalisation au Bundestag allemand, Tobias Bacherle, a assur\u00e9 que son pays est dispos\u00e9 \u00e0 coop\u00e9rer avec la Tunisie pour lutter...","og_url":"https:\/\/www.webdo.tn\/fr\/actualite\/national\/migration-le-bundestag-reitere-la-disposition-de-l-allemagne-a-cooperer-avec-la-tunisie\/212185\/","og_site_name":"webdo","article_publisher":"https:\/\/www.facebook.com\/webdotn","article_published_time":"2024-02-09T19:44:00+00:00","og_image":[{"width":750,"height":400,"url":"https:\/\/www.webdo.tn\/fr\/wp-content\/uploads\/2024\/02\/b7902c827db136de47832b7233f02e7e.webp","type":"image\/webp"}],"author":"Webdo","twitter_card":"summary_large_image","twitter_creator":"@webdo_tn","twitter_site":"@webdo_tn","twitter_misc":{"\u00c9crit par":"Webdo","Dur\u00e9e de lecture estim\u00e9e":"1 minute"},"schema":{"@context":"https:\/\/schema.org","@graph":[{"@type":"NewsArticle","@id":"https:\/\/www.webdo.tn\/fr\/actualite\/national\/migration-le-bundestag-reitere-la-disposition-de-l-allemagne-a-cooperer-avec-la-tunisie\/212185\/#article","isPartOf":{"@id":"https:\/\/www.webdo.tn\/fr\/actualite\/national\/migration-le-bundestag-reitere-la-disposition-de-l-allemagne-a-cooperer-avec-la-tunisie\/212185\/"},"author":{"name":"Webdo","@id":"https:\/\/www.webdo.tn\/fr\/#\/schema\/person\/1f4e491e0907b413d61089e8eb573acc"},"headline":"Migration : Le Bundestag r\u00e9it\u00e8re la disposition de l\u2019Allemagne \u00e0 coop\u00e9rer avec la Tunisie","datePublished":"2024-02-09T19:44:00+00:00","mainEntityOfPage":{"@id":"https:\/\/www.webdo.tn\/fr\/actualite\/national\/migration-le-bundestag-reitere-la-disposition-de-l-allemagne-a-cooperer-avec-la-tunisie\/212185\/"},"wordCount":157,"commentCount":0,"publisher":{"@id":"https:\/\/www.webdo.tn\/fr\/#organization"},"image":{"@id":"https:\/\/www.webdo.tn\/fr\/actualite\/national\/migration-le-bundestag-reitere-la-disposition-de-l-allemagne-a-cooperer-avec-la-tunisie\/212185\/#primaryimage"},"thumbnailUrl":"https:\/\/www.webdo.tn\/fr\/wp-content\/uploads\/2024\/02\/b7902c827db136de47832b7233f02e7e.webp","keywords":["Allemagne","Bundestag","fuite des cerveaux","Migration","Tunisie"],"articleSection":["National"],"inLanguage":"fr-FR"},{"@type":"WebPage","@id":"https:\/\/www.webdo.tn\/fr\/actualite\/national\/migration-le-bundestag-reitere-la-disposition-de-l-allemagne-a-cooperer-avec-la-tunisie\/212185\/","url":"https:\/\/www.webdo.tn\/fr\/actualite\/national\/migration-le-bundestag-reitere-la-disposition-de-l-allemagne-a-cooperer-avec-la-tunisie\/212185\/","name":"Migration : Le Bundestag r\u00e9it\u00e8re la disposition de l\u2019Allemagne \u00e0 coop\u00e9rer avec la Tunisie","isPartOf":{"@id":"https:\/\/www.webdo.tn\/fr\/#website"},"primaryImageOfPage":{"@id":"https:\/\/www.webdo.tn\/fr\/actualite\/national\/migration-le-bundestag-reitere-la-disposition-de-l-allemagne-a-cooperer-avec-la-tunisie\/212185\/#primaryimage"},"image":{"@id":"https:\/\/www.webdo.tn\/fr\/actualite\/national\/migration-le-bundestag-reitere-la-disposition-de-l-allemagne-a-cooperer-avec-la-tunisie\/212185\/#primaryimage"},"thumbnailUrl":"https:\/\/www.webdo.tn\/fr\/wp-content\/uploads\/2024\/02\/b7902c827db136de47832b7233f02e7e.webp","datePublished":"2024-02-09T19:44:00+00:00","description":"Le pr\u00e9sident de la commission de digitalisation au Bundestag allemand, Tobias Bacherle, a assur\u00e9 que son pays est dispos\u00e9 \u00e0 coop\u00e9rer avec la Tunisie pour lutter...","breadcrumb":{"@id":"https:\/\/www.webdo.tn\/fr\/actualite\/national\/migration-le-bundestag-reitere-la-disposition-de-l-allemagne-a-cooperer-avec-la-tunisie\/212185\/#breadcrumb"},"inLanguage":"fr-FR","potentialAction":[{"@type":"ReadAction","target":["https:\/\/www.webdo.tn\/fr\/actualite\/national\/migration-le-bundestag-reitere-la-disposition-de-l-allemagne-a-cooperer-avec-la-tunisie\/212185\/"]}]},{"@type":"ImageObject","inLanguage":"fr-FR","@id":"https:\/\/www.webdo.tn\/fr\/actualite\/national\/migration-le-bundestag-reitere-la-disposition-de-l-allemagne-a-cooperer-avec-la-tunisie\/212185\/#primaryimage","url":"https:\/\/www.webdo.tn\/fr\/wp-content\/uploads\/2024\/02\/b7902c827db136de47832b7233f02e7e.webp","contentUrl":"https:\/\/www.webdo.tn\/fr\/wp-content\/uploads\/2024\/02\/b7902c827db136de47832b7233f02e7e.webp","width":750,"height":400,"caption":"Migration : Le Bundestag r\u00e9it\u00e8re la disposition de l\u2019Allemagne \u00e0 coop\u00e9rer avec la Tunisie"},{"@type":"BreadcrumbList","@id":"https:\/\/www.webdo.tn\/fr\/actualite\/national\/migration-le-bundestag-reitere-la-disposition-de-l-allemagne-a-cooperer-avec-la-tunisie\/212185\/#breadcrumb","itemListElement":[{"@type":"ListItem","position":1,"name":"Accueil","item":"https:\/\/www.webdo.tn\/fr\/"},{"@type":"ListItem","position":2,"name":"Migration : Le Bundestag r\u00e9it\u00e8re la disposition de l\u2019Allemagne \u00e0 coop\u00e9rer avec la Tunisie"}]},{"@type":"WebSite","@id":"https:\/\/www.webdo.tn\/fr\/#website","url":"https:\/\/www.webdo.tn\/fr\/","name":"webdo","description":"Tunisie - News en Tunisie et \u00e0 l&#039;international sur Webdo.tn","publisher":{"@id":"https:\/\/www.webdo.tn\/fr\/#organization"},"potentialAction":[{"@type":"SearchAction","target":{"@type":"EntryPoint","urlTemplate":"https:\/\/www.webdo.tn\/fr\/?s={search_term_string}"},"query-input":{"@type":"PropertyValueSpecification","valueRequired":true,"valueName":"search_term_string"}}],"inLanguage":"fr-FR"},{"@type":"Organization","@id":"https:\/\/www.webdo.tn\/fr\/#organization","name":"Webdo","alternateName":"Webdo.tn","url":"https:\/\/www.webdo.tn\/fr\/","logo":{"@type":"ImageObject","inLanguage":"fr-FR","@id":"https:\/\/www.webdo.tn\/fr\/#\/schema\/logo\/image\/","url":"https:\/\/www.webdo.tn\/fr\/wp-content\/uploads\/2025\/06\/Webdo-Tunisie_168377.jpg","contentUrl":"https:\/\/www.webdo.tn\/fr\/wp-content\/uploads\/2025\/06\/Webdo-Tunisie_168377.jpg","width":301,"height":301,"caption":"Webdo"},"image":{"@id":"https:\/\/www.webdo.tn\/fr\/#\/schema\/logo\/image\/"},"sameAs":["https:\/\/www.facebook.com\/webdotn","https:\/\/x.com\/webdo_tn"],"description":"Webdo est un m\u00e9dia num\u00e9rique tunisien fond\u00e9 en 2010, sp\u00e9cialis\u00e9 dans l\u2019actualit\u00e9 nationale et internationale, l\u2019\u00e9conomie, la soci\u00e9t\u00e9 et les analyses politiques. Le site s\u2019adresse \u00e0 un large public francophone et couvre l\u2019information tunisienne en temps r\u00e9el.","email":"redac@webdo.tn","legalName":"YNJ SARL","foundingDate":"2010-09-06","numberOfEmployees":{"@type":"QuantitativeValue","minValue":"11","maxValue":"50"}},{"@type":"Person","@id":"https:\/\/www.webdo.tn\/fr\/#\/schema\/person\/1f4e491e0907b413d61089e8eb573acc","name":"Webdo","image":{"@type":"ImageObject","inLanguage":"fr-FR","@id":"https:\/\/secure.gravatar.com\/avatar\/de97aeec1bb80978a9dbb127e47dfc88aaacb2f3c29aac907d8d3222e3495d49?s=96&d=mm&r=g","url":"https:\/\/secure.gravatar.com\/avatar\/de97aeec1bb80978a9dbb127e47dfc88aaacb2f3c29aac907d8d3222e3495d49?s=96&d=mm&r=g","contentUrl":"https:\/\/secure.gravatar.com\/avatar\/de97aeec1bb80978a9dbb127e47dfc88aaacb2f3c29aac907d8d3222e3495d49?s=96&d=mm&r=g","caption":"Webdo"},"url":"https:\/\/www.webdo.tn\/fr\/actualite\/author\/webdo\/"}]}},"_links":{"self":[{"href":"https:\/\/www.webdo.tn\/fr\/wp-json\/wp\/v2\/posts\/212185","targetHints":{"allow":["GET"]}}],"collection":[{"href":"https:\/\/www.webdo.tn\/fr\/wp-json\/wp\/v2\/posts"}],"about":[{"href":"https:\/\/www.webdo.tn\/fr\/wp-json\/wp\/v2\/types\/post"}],"author":[{"embeddable":true,"href":"https:\/\/www.webdo.tn\/fr\/wp-json\/wp\/v2\/users\/3169"}],"replies":[{"embeddable":true,"href":"https:\/\/www.webdo.tn\/fr\/wp-json\/wp\/v2\/comments?post=212185"}],"version-history":[{"count":0,"href":"https:\/\/www.webdo.tn\/fr\/wp-json\/wp\/v2\/posts\/212185\/revisions"}],"wp:featuredmedia":[{"embeddable":true,"href":"https:\/\/www.webdo.tn\/fr\/wp-json\/wp\/v2\/media\/248038"}],"wp:attachment":[{"href":"https:\/\/www.webdo.tn\/fr\/wp-json\/wp\/v2\/media?parent=212185"}],"wp:term":[{"taxonomy":"category","embeddable":true,"href":"https:\/\/www.webdo.tn\/fr\/wp-json\/wp\/v2\/categories?post=212185"},{"taxonomy":"post_tag","embeddable":true,"href":"https:\/\/www.webdo.tn\/fr\/wp-json\/wp\/v2\/tags?post=212185"}],"curies":[{"name":"wp","href":"https:\/\/api.w.org\/{rel}","templated":true}]}}