{"id":212182,"date":"2024-02-09T18:27:00","date_gmt":"2024-02-09T18:27:00","guid":{"rendered":"https:\/\/www.webdo.tn\/fr\/blog\/vers-des-mouvements-de-protestations-des-enseignants-suppleants\/212182\/"},"modified":"2024-02-09T18:27:00","modified_gmt":"2024-02-09T18:27:00","slug":"vers-des-mouvements-de-protestations-des-enseignants-suppleants","status":"publish","type":"post","link":"https:\/\/www.webdo.tn\/fr\/actualite\/national\/vers-des-mouvements-de-protestations-des-enseignants-suppleants\/212182\/","title":{"rendered":"Vers des mouvements de protestations des enseignants suppl\u00e9ants"},"content":{"rendered":"<p>Les enseignants suppl\u00e9ants pr\u00e9parent une s\u00e9rie de mouvements de protestations afin que les autorit\u00e9s r\u00e9gularisent leurs situation, selon leur coordinatrice nationale Asma Haddad.<\/p>\n<p>\t\t\t\t\t\t\t\t\tLa situation de ces enseignants suppl\u00e9ants dure depuis 2016, d\u00a0\u00bbautant plus qu&rsquo;ils n&rsquo;ont pas \u00e9t\u00e9 inclus dans la base de donn\u00e9es des enseignants, rendant leur statut ill\u00e9gal.<\/p>\n<p>Asma Haddad a expliqu\u00e9 que le\u00a0nombre de ces enseignants d\u00e9passe le millier, dont une bonne partie est \u00e2g\u00e9 de plus d 40 ans. En ce sens, la coordinatrice appelle \u00e0 r\u00e9gulariser leur statut\u00a0en tenant compte de crit\u00e8res de priorit\u00e9 et d&rsquo;autres points dans le cadre de l&rsquo;\u00e9galit\u00e9 des chances.<\/p>\n<p>Face au silence des autorit\u00e9s, les enseignants suppl\u00e9ants pr\u00e9parent une s\u00e9rie de mouvement de protestation dont un boycott des cours pour une dur\u00e9e d&rsquo;une semaine.<\/p>\n","protected":false},"excerpt":{"rendered":"<p>Les enseignants suppl\u00e9ants pr\u00e9parent une s\u00e9rie de mouvements de protestations afin que les autorit\u00e9s r\u00e9gularisent leurs situation, selon leur coordinatrice nati&#8230;<\/p>\n","protected":false},"author":3169,"featured_media":248035,"comment_status":"open","ping_status":"closed","sticky":false,"template":"","format":"standard","meta":{"footnotes":""},"categories":[44],"tags":[3911,2796,4511,2608],"class_list":["post-212182","post","type-post","status-publish","format-standard","has-post-thumbnail","hentry","category-national","tag-enseignants","tag-protestation","tag-suppleants","tag-tunisie"],"yoast_head":"<!-- This site is optimized with the Yoast SEO Premium plugin v27.4 (Yoast SEO v27.5) - https:\/\/yoast.com\/product\/yoast-seo-premium-wordpress\/ -->\n<title>Vers des mouvements de protestations des enseignants suppl\u00e9ants<\/title>\n<meta name=\"description\" content=\"Les enseignants suppl\u00e9ants pr\u00e9parent une s\u00e9rie de mouvements de protestations afin que les autorit\u00e9s r\u00e9gularisent leurs situation, selon leur coordinatrice nati...\" \/>\n<link rel=\"canonical\" href=\"https:\/\/www.webdo.tn\/fr\/actualite\/national\/vers-des-mouvements-de-protestations-des-enseignants-suppleants\/212182\/\" \/>\n<meta property=\"og:locale\" content=\"fr_FR\" \/>\n<meta property=\"og:type\" content=\"article\" \/>\n<meta property=\"og:title\" content=\"Vers des mouvements de protestations des enseignants suppl\u00e9ants\" \/>\n<meta property=\"og:description\" content=\"Les enseignants suppl\u00e9ants pr\u00e9parent une s\u00e9rie de mouvements de protestations afin que les autorit\u00e9s r\u00e9gularisent leurs situation, selon leur coordinatrice nati...\" \/>\n<meta property=\"og:url\" content=\"https:\/\/www.webdo.tn\/fr\/actualite\/national\/vers-des-mouvements-de-protestations-des-enseignants-suppleants\/212182\/\" \/>\n<meta property=\"og:site_name\" content=\"webdo\" \/>\n<meta property=\"article:publisher\" content=\"https:\/\/www.facebook.com\/webdotn\" \/>\n<meta property=\"article:published_time\" content=\"2024-02-09T18:27:00+00:00\" \/>\n<meta property=\"og:image\" content=\"https:\/\/www.webdo.tn\/fr\/wp-content\/uploads\/2024\/02\/59a094925a2cb665f93cf936d2d8ddb1.jpg\" \/>\n\t<meta property=\"og:image:width\" content=\"750\" \/>\n\t<meta property=\"og:image:height\" content=\"400\" \/>\n\t<meta property=\"og:image:type\" content=\"image\/jpeg\" \/>\n<meta name=\"author\" content=\"Webdo\" \/>\n<meta name=\"twitter:card\" content=\"summary_large_image\" \/>\n<meta name=\"twitter:creator\" content=\"@webdo_tn\" \/>\n<meta name=\"twitter:site\" content=\"@webdo_tn\" \/>\n<meta name=\"twitter:label1\" content=\"\u00c9crit par\" \/>\n\t<meta name=\"twitter:data1\" content=\"Webdo\" \/>\n\t<meta name=\"twitter:label2\" content=\"Dur\u00e9e de lecture estim\u00e9e\" \/>\n\t<meta name=\"twitter:data2\" content=\"1 minute\" \/>\n<script type=\"application\/ld+json\" class=\"yoast-schema-graph\">{\"@context\":\"https:\\\/\\\/schema.org\",\"@graph\":[{\"@type\":\"NewsArticle\",\"@id\":\"https:\\\/\\\/www.webdo.tn\\\/fr\\\/actualite\\\/national\\\/vers-des-mouvements-de-protestations-des-enseignants-suppleants\\\/212182\\\/#article\",\"isPartOf\":{\"@id\":\"https:\\\/\\\/www.webdo.tn\\\/fr\\\/actualite\\\/national\\\/vers-des-mouvements-de-protestations-des-enseignants-suppleants\\\/212182\\\/\"},\"author\":{\"name\":\"Webdo\",\"@id\":\"https:\\\/\\\/www.webdo.tn\\\/fr\\\/#\\\/schema\\\/person\\\/1f4e491e0907b413d61089e8eb573acc\"},\"headline\":\"Vers des mouvements de protestations des enseignants suppl\u00e9ants\",\"datePublished\":\"2024-02-09T18:27:00+00:00\",\"mainEntityOfPage\":{\"@id\":\"https:\\\/\\\/www.webdo.tn\\\/fr\\\/actualite\\\/national\\\/vers-des-mouvements-de-protestations-des-enseignants-suppleants\\\/212182\\\/\"},\"wordCount\":154,\"commentCount\":0,\"publisher\":{\"@id\":\"https:\\\/\\\/www.webdo.tn\\\/fr\\\/#organization\"},\"image\":{\"@id\":\"https:\\\/\\\/www.webdo.tn\\\/fr\\\/actualite\\\/national\\\/vers-des-mouvements-de-protestations-des-enseignants-suppleants\\\/212182\\\/#primaryimage\"},\"thumbnailUrl\":\"https:\\\/\\\/www.webdo.tn\\\/fr\\\/wp-content\\\/uploads\\\/2024\\\/02\\\/59a094925a2cb665f93cf936d2d8ddb1.jpg\",\"keywords\":[\"enseignants\",\"protestation\",\"suppl\u00e9ants\",\"Tunisie\"],\"articleSection\":[\"National\"],\"inLanguage\":\"fr-FR\"},{\"@type\":\"WebPage\",\"@id\":\"https:\\\/\\\/www.webdo.tn\\\/fr\\\/actualite\\\/national\\\/vers-des-mouvements-de-protestations-des-enseignants-suppleants\\\/212182\\\/\",\"url\":\"https:\\\/\\\/www.webdo.tn\\\/fr\\\/actualite\\\/national\\\/vers-des-mouvements-de-protestations-des-enseignants-suppleants\\\/212182\\\/\",\"name\":\"Vers des mouvements de protestations des enseignants suppl\u00e9ants\",\"isPartOf\":{\"@id\":\"https:\\\/\\\/www.webdo.tn\\\/fr\\\/#website\"},\"primaryImageOfPage\":{\"@id\":\"https:\\\/\\\/www.webdo.tn\\\/fr\\\/actualite\\\/national\\\/vers-des-mouvements-de-protestations-des-enseignants-suppleants\\\/212182\\\/#primaryimage\"},\"image\":{\"@id\":\"https:\\\/\\\/www.webdo.tn\\\/fr\\\/actualite\\\/national\\\/vers-des-mouvements-de-protestations-des-enseignants-suppleants\\\/212182\\\/#primaryimage\"},\"thumbnailUrl\":\"https:\\\/\\\/www.webdo.tn\\\/fr\\\/wp-content\\\/uploads\\\/2024\\\/02\\\/59a094925a2cb665f93cf936d2d8ddb1.jpg\",\"datePublished\":\"2024-02-09T18:27:00+00:00\",\"description\":\"Les enseignants suppl\u00e9ants pr\u00e9parent une s\u00e9rie de mouvements de protestations afin que les autorit\u00e9s r\u00e9gularisent leurs situation, selon leur coordinatrice nati...\",\"breadcrumb\":{\"@id\":\"https:\\\/\\\/www.webdo.tn\\\/fr\\\/actualite\\\/national\\\/vers-des-mouvements-de-protestations-des-enseignants-suppleants\\\/212182\\\/#breadcrumb\"},\"inLanguage\":\"fr-FR\",\"potentialAction\":[{\"@type\":\"ReadAction\",\"target\":[\"https:\\\/\\\/www.webdo.tn\\\/fr\\\/actualite\\\/national\\\/vers-des-mouvements-de-protestations-des-enseignants-suppleants\\\/212182\\\/\"]}]},{\"@type\":\"ImageObject\",\"inLanguage\":\"fr-FR\",\"@id\":\"https:\\\/\\\/www.webdo.tn\\\/fr\\\/actualite\\\/national\\\/vers-des-mouvements-de-protestations-des-enseignants-suppleants\\\/212182\\\/#primaryimage\",\"url\":\"https:\\\/\\\/www.webdo.tn\\\/fr\\\/wp-content\\\/uploads\\\/2024\\\/02\\\/59a094925a2cb665f93cf936d2d8ddb1.jpg\",\"contentUrl\":\"https:\\\/\\\/www.webdo.tn\\\/fr\\\/wp-content\\\/uploads\\\/2024\\\/02\\\/59a094925a2cb665f93cf936d2d8ddb1.jpg\",\"width\":750,\"height\":400,\"caption\":\"Vers des mouvements de protestations des enseignants suppl\u00e9ants\"},{\"@type\":\"BreadcrumbList\",\"@id\":\"https:\\\/\\\/www.webdo.tn\\\/fr\\\/actualite\\\/national\\\/vers-des-mouvements-de-protestations-des-enseignants-suppleants\\\/212182\\\/#breadcrumb\",\"itemListElement\":[{\"@type\":\"ListItem\",\"position\":1,\"name\":\"Accueil\",\"item\":\"https:\\\/\\\/www.webdo.tn\\\/fr\\\/\"},{\"@type\":\"ListItem\",\"position\":2,\"name\":\"Vers des mouvements de protestations des enseignants suppl\u00e9ants\"}]},{\"@type\":\"WebSite\",\"@id\":\"https:\\\/\\\/www.webdo.tn\\\/fr\\\/#website\",\"url\":\"https:\\\/\\\/www.webdo.tn\\\/fr\\\/\",\"name\":\"webdo\",\"description\":\"Tunisie - News en Tunisie et \u00e0 l&#039;international sur Webdo.tn\",\"publisher\":{\"@id\":\"https:\\\/\\\/www.webdo.tn\\\/fr\\\/#organization\"},\"potentialAction\":[{\"@type\":\"SearchAction\",\"target\":{\"@type\":\"EntryPoint\",\"urlTemplate\":\"https:\\\/\\\/www.webdo.tn\\\/fr\\\/?s={search_term_string}\"},\"query-input\":{\"@type\":\"PropertyValueSpecification\",\"valueRequired\":true,\"valueName\":\"search_term_string\"}}],\"inLanguage\":\"fr-FR\"},{\"@type\":\"Organization\",\"@id\":\"https:\\\/\\\/www.webdo.tn\\\/fr\\\/#organization\",\"name\":\"Webdo\",\"alternateName\":\"Webdo.tn\",\"url\":\"https:\\\/\\\/www.webdo.tn\\\/fr\\\/\",\"logo\":{\"@type\":\"ImageObject\",\"inLanguage\":\"fr-FR\",\"@id\":\"https:\\\/\\\/www.webdo.tn\\\/fr\\\/#\\\/schema\\\/logo\\\/image\\\/\",\"url\":\"https:\\\/\\\/www.webdo.tn\\\/fr\\\/wp-content\\\/uploads\\\/2025\\\/06\\\/Webdo-Tunisie_168377.jpg\",\"contentUrl\":\"https:\\\/\\\/www.webdo.tn\\\/fr\\\/wp-content\\\/uploads\\\/2025\\\/06\\\/Webdo-Tunisie_168377.jpg\",\"width\":301,\"height\":301,\"caption\":\"Webdo\"},\"image\":{\"@id\":\"https:\\\/\\\/www.webdo.tn\\\/fr\\\/#\\\/schema\\\/logo\\\/image\\\/\"},\"sameAs\":[\"https:\\\/\\\/www.facebook.com\\\/webdotn\",\"https:\\\/\\\/x.com\\\/webdo_tn\"],\"description\":\"Webdo est un m\u00e9dia num\u00e9rique tunisien fond\u00e9 en 2010, sp\u00e9cialis\u00e9 dans l\u2019actualit\u00e9 nationale et internationale, l\u2019\u00e9conomie, la soci\u00e9t\u00e9 et les analyses politiques. Le site s\u2019adresse \u00e0 un large public francophone et couvre l\u2019information tunisienne en temps r\u00e9el.\",\"email\":\"redac@webdo.tn\",\"legalName\":\"YNJ SARL\",\"foundingDate\":\"2010-09-06\",\"numberOfEmployees\":{\"@type\":\"QuantitativeValue\",\"minValue\":\"11\",\"maxValue\":\"50\"}},{\"@type\":\"Person\",\"@id\":\"https:\\\/\\\/www.webdo.tn\\\/fr\\\/#\\\/schema\\\/person\\\/1f4e491e0907b413d61089e8eb573acc\",\"name\":\"Webdo\",\"image\":{\"@type\":\"ImageObject\",\"inLanguage\":\"fr-FR\",\"@id\":\"https:\\\/\\\/secure.gravatar.com\\\/avatar\\\/de97aeec1bb80978a9dbb127e47dfc88aaacb2f3c29aac907d8d3222e3495d49?s=96&d=mm&r=g\",\"url\":\"https:\\\/\\\/secure.gravatar.com\\\/avatar\\\/de97aeec1bb80978a9dbb127e47dfc88aaacb2f3c29aac907d8d3222e3495d49?s=96&d=mm&r=g\",\"contentUrl\":\"https:\\\/\\\/secure.gravatar.com\\\/avatar\\\/de97aeec1bb80978a9dbb127e47dfc88aaacb2f3c29aac907d8d3222e3495d49?s=96&d=mm&r=g\",\"caption\":\"Webdo\"},\"url\":\"https:\\\/\\\/www.webdo.tn\\\/fr\\\/actualite\\\/author\\\/webdo\\\/\"}]}<\/script>\n<!-- \/ Yoast SEO Premium plugin. -->","yoast_head_json":{"title":"Vers des mouvements de protestations des enseignants suppl\u00e9ants","description":"Les enseignants suppl\u00e9ants pr\u00e9parent une s\u00e9rie de mouvements de protestations afin que les autorit\u00e9s r\u00e9gularisent leurs situation, selon leur coordinatrice nati...","canonical":"https:\/\/www.webdo.tn\/fr\/actualite\/national\/vers-des-mouvements-de-protestations-des-enseignants-suppleants\/212182\/","og_locale":"fr_FR","og_type":"article","og_title":"Vers des mouvements de protestations des enseignants suppl\u00e9ants","og_description":"Les enseignants suppl\u00e9ants pr\u00e9parent une s\u00e9rie de mouvements de protestations afin que les autorit\u00e9s r\u00e9gularisent leurs situation, selon leur coordinatrice nati...","og_url":"https:\/\/www.webdo.tn\/fr\/actualite\/national\/vers-des-mouvements-de-protestations-des-enseignants-suppleants\/212182\/","og_site_name":"webdo","article_publisher":"https:\/\/www.facebook.com\/webdotn","article_published_time":"2024-02-09T18:27:00+00:00","og_image":[{"width":750,"height":400,"url":"https:\/\/www.webdo.tn\/fr\/wp-content\/uploads\/2024\/02\/59a094925a2cb665f93cf936d2d8ddb1.jpg","type":"image\/jpeg"}],"author":"Webdo","twitter_card":"summary_large_image","twitter_creator":"@webdo_tn","twitter_site":"@webdo_tn","twitter_misc":{"\u00c9crit par":"Webdo","Dur\u00e9e de lecture estim\u00e9e":"1 minute"},"schema":{"@context":"https:\/\/schema.org","@graph":[{"@type":"NewsArticle","@id":"https:\/\/www.webdo.tn\/fr\/actualite\/national\/vers-des-mouvements-de-protestations-des-enseignants-suppleants\/212182\/#article","isPartOf":{"@id":"https:\/\/www.webdo.tn\/fr\/actualite\/national\/vers-des-mouvements-de-protestations-des-enseignants-suppleants\/212182\/"},"author":{"name":"Webdo","@id":"https:\/\/www.webdo.tn\/fr\/#\/schema\/person\/1f4e491e0907b413d61089e8eb573acc"},"headline":"Vers des mouvements de protestations des enseignants suppl\u00e9ants","datePublished":"2024-02-09T18:27:00+00:00","mainEntityOfPage":{"@id":"https:\/\/www.webdo.tn\/fr\/actualite\/national\/vers-des-mouvements-de-protestations-des-enseignants-suppleants\/212182\/"},"wordCount":154,"commentCount":0,"publisher":{"@id":"https:\/\/www.webdo.tn\/fr\/#organization"},"image":{"@id":"https:\/\/www.webdo.tn\/fr\/actualite\/national\/vers-des-mouvements-de-protestations-des-enseignants-suppleants\/212182\/#primaryimage"},"thumbnailUrl":"https:\/\/www.webdo.tn\/fr\/wp-content\/uploads\/2024\/02\/59a094925a2cb665f93cf936d2d8ddb1.jpg","keywords":["enseignants","protestation","suppl\u00e9ants","Tunisie"],"articleSection":["National"],"inLanguage":"fr-FR"},{"@type":"WebPage","@id":"https:\/\/www.webdo.tn\/fr\/actualite\/national\/vers-des-mouvements-de-protestations-des-enseignants-suppleants\/212182\/","url":"https:\/\/www.webdo.tn\/fr\/actualite\/national\/vers-des-mouvements-de-protestations-des-enseignants-suppleants\/212182\/","name":"Vers des mouvements de protestations des enseignants suppl\u00e9ants","isPartOf":{"@id":"https:\/\/www.webdo.tn\/fr\/#website"},"primaryImageOfPage":{"@id":"https:\/\/www.webdo.tn\/fr\/actualite\/national\/vers-des-mouvements-de-protestations-des-enseignants-suppleants\/212182\/#primaryimage"},"image":{"@id":"https:\/\/www.webdo.tn\/fr\/actualite\/national\/vers-des-mouvements-de-protestations-des-enseignants-suppleants\/212182\/#primaryimage"},"thumbnailUrl":"https:\/\/www.webdo.tn\/fr\/wp-content\/uploads\/2024\/02\/59a094925a2cb665f93cf936d2d8ddb1.jpg","datePublished":"2024-02-09T18:27:00+00:00","description":"Les enseignants suppl\u00e9ants pr\u00e9parent une s\u00e9rie de mouvements de protestations afin que les autorit\u00e9s r\u00e9gularisent leurs situation, selon leur coordinatrice nati...","breadcrumb":{"@id":"https:\/\/www.webdo.tn\/fr\/actualite\/national\/vers-des-mouvements-de-protestations-des-enseignants-suppleants\/212182\/#breadcrumb"},"inLanguage":"fr-FR","potentialAction":[{"@type":"ReadAction","target":["https:\/\/www.webdo.tn\/fr\/actualite\/national\/vers-des-mouvements-de-protestations-des-enseignants-suppleants\/212182\/"]}]},{"@type":"ImageObject","inLanguage":"fr-FR","@id":"https:\/\/www.webdo.tn\/fr\/actualite\/national\/vers-des-mouvements-de-protestations-des-enseignants-suppleants\/212182\/#primaryimage","url":"https:\/\/www.webdo.tn\/fr\/wp-content\/uploads\/2024\/02\/59a094925a2cb665f93cf936d2d8ddb1.jpg","contentUrl":"https:\/\/www.webdo.tn\/fr\/wp-content\/uploads\/2024\/02\/59a094925a2cb665f93cf936d2d8ddb1.jpg","width":750,"height":400,"caption":"Vers des mouvements de protestations des enseignants suppl\u00e9ants"},{"@type":"BreadcrumbList","@id":"https:\/\/www.webdo.tn\/fr\/actualite\/national\/vers-des-mouvements-de-protestations-des-enseignants-suppleants\/212182\/#breadcrumb","itemListElement":[{"@type":"ListItem","position":1,"name":"Accueil","item":"https:\/\/www.webdo.tn\/fr\/"},{"@type":"ListItem","position":2,"name":"Vers des mouvements de protestations des enseignants suppl\u00e9ants"}]},{"@type":"WebSite","@id":"https:\/\/www.webdo.tn\/fr\/#website","url":"https:\/\/www.webdo.tn\/fr\/","name":"webdo","description":"Tunisie - News en Tunisie et \u00e0 l&#039;international sur Webdo.tn","publisher":{"@id":"https:\/\/www.webdo.tn\/fr\/#organization"},"potentialAction":[{"@type":"SearchAction","target":{"@type":"EntryPoint","urlTemplate":"https:\/\/www.webdo.tn\/fr\/?s={search_term_string}"},"query-input":{"@type":"PropertyValueSpecification","valueRequired":true,"valueName":"search_term_string"}}],"inLanguage":"fr-FR"},{"@type":"Organization","@id":"https:\/\/www.webdo.tn\/fr\/#organization","name":"Webdo","alternateName":"Webdo.tn","url":"https:\/\/www.webdo.tn\/fr\/","logo":{"@type":"ImageObject","inLanguage":"fr-FR","@id":"https:\/\/www.webdo.tn\/fr\/#\/schema\/logo\/image\/","url":"https:\/\/www.webdo.tn\/fr\/wp-content\/uploads\/2025\/06\/Webdo-Tunisie_168377.jpg","contentUrl":"https:\/\/www.webdo.tn\/fr\/wp-content\/uploads\/2025\/06\/Webdo-Tunisie_168377.jpg","width":301,"height":301,"caption":"Webdo"},"image":{"@id":"https:\/\/www.webdo.tn\/fr\/#\/schema\/logo\/image\/"},"sameAs":["https:\/\/www.facebook.com\/webdotn","https:\/\/x.com\/webdo_tn"],"description":"Webdo est un m\u00e9dia num\u00e9rique tunisien fond\u00e9 en 2010, sp\u00e9cialis\u00e9 dans l\u2019actualit\u00e9 nationale et internationale, l\u2019\u00e9conomie, la soci\u00e9t\u00e9 et les analyses politiques. Le site s\u2019adresse \u00e0 un large public francophone et couvre l\u2019information tunisienne en temps r\u00e9el.","email":"redac@webdo.tn","legalName":"YNJ SARL","foundingDate":"2010-09-06","numberOfEmployees":{"@type":"QuantitativeValue","minValue":"11","maxValue":"50"}},{"@type":"Person","@id":"https:\/\/www.webdo.tn\/fr\/#\/schema\/person\/1f4e491e0907b413d61089e8eb573acc","name":"Webdo","image":{"@type":"ImageObject","inLanguage":"fr-FR","@id":"https:\/\/secure.gravatar.com\/avatar\/de97aeec1bb80978a9dbb127e47dfc88aaacb2f3c29aac907d8d3222e3495d49?s=96&d=mm&r=g","url":"https:\/\/secure.gravatar.com\/avatar\/de97aeec1bb80978a9dbb127e47dfc88aaacb2f3c29aac907d8d3222e3495d49?s=96&d=mm&r=g","contentUrl":"https:\/\/secure.gravatar.com\/avatar\/de97aeec1bb80978a9dbb127e47dfc88aaacb2f3c29aac907d8d3222e3495d49?s=96&d=mm&r=g","caption":"Webdo"},"url":"https:\/\/www.webdo.tn\/fr\/actualite\/author\/webdo\/"}]}},"_links":{"self":[{"href":"https:\/\/www.webdo.tn\/fr\/wp-json\/wp\/v2\/posts\/212182","targetHints":{"allow":["GET"]}}],"collection":[{"href":"https:\/\/www.webdo.tn\/fr\/wp-json\/wp\/v2\/posts"}],"about":[{"href":"https:\/\/www.webdo.tn\/fr\/wp-json\/wp\/v2\/types\/post"}],"author":[{"embeddable":true,"href":"https:\/\/www.webdo.tn\/fr\/wp-json\/wp\/v2\/users\/3169"}],"replies":[{"embeddable":true,"href":"https:\/\/www.webdo.tn\/fr\/wp-json\/wp\/v2\/comments?post=212182"}],"version-history":[{"count":0,"href":"https:\/\/www.webdo.tn\/fr\/wp-json\/wp\/v2\/posts\/212182\/revisions"}],"wp:featuredmedia":[{"embeddable":true,"href":"https:\/\/www.webdo.tn\/fr\/wp-json\/wp\/v2\/media\/248035"}],"wp:attachment":[{"href":"https:\/\/www.webdo.tn\/fr\/wp-json\/wp\/v2\/media?parent=212182"}],"wp:term":[{"taxonomy":"category","embeddable":true,"href":"https:\/\/www.webdo.tn\/fr\/wp-json\/wp\/v2\/categories?post=212182"},{"taxonomy":"post_tag","embeddable":true,"href":"https:\/\/www.webdo.tn\/fr\/wp-json\/wp\/v2\/tags?post=212182"}],"curies":[{"name":"wp","href":"https:\/\/api.w.org\/{rel}","templated":true}]}}