{"id":212173,"date":"2024-02-09T14:38:00","date_gmt":"2024-02-09T14:38:00","guid":{"rendered":"https:\/\/www.webdo.tn\/fr\/blog\/affaire-chokri-belaid-trois-accuses-interroges-ce-vendredi\/212173\/"},"modified":"2025-05-20T22:37:50","modified_gmt":"2025-05-20T22:37:50","slug":"affaire-chokri-belaid-trois-accuses-interroges-ce-vendredi","status":"publish","type":"post","link":"https:\/\/www.webdo.tn\/fr\/actualite\/national\/affaire-chokri-belaid-trois-accuses-interroges-ce-vendredi\/212173\/","title":{"rendered":"Affaire Chokri Belaid : Six accus\u00e9s interrog\u00e9s jusque-l\u00e0"},"content":{"rendered":"<p>Quatre accus\u00e9s ont \u00e9t\u00e9 interrog\u00e9s ce vendredi 9 f\u00e9vrier 2024 lors de la session matinale du proc\u00e8s du martyr Chokri Bela\u00efd, au tribunal de premi\u00e8re instance de Tunis. \u00a0<\/p>\n<p>\t\t\t\t\t\t\t\t\tSelon Mosa\u00efque FM, les interrogatoires se poursuivront lors de la session de l&rsquo;apr\u00e8s-midi, ces interrogatoires portent sur ce qui est connu sous le nom du groupe d&rsquo;ex\u00e9cution dans l&rsquo;affaire de l&rsquo;assassinat du martyr Chokri Bela\u00efd.\u00a0<\/p>\n<p>Les plaidoiries dans cette affaire ont d\u00e9but\u00e9 depuis mardi 6 f\u00e9vrier. Au total, 23 accus\u00e9s, dont certains sont en d\u00e9tention et d&rsquo;autres sont en libert\u00e9 conditionnelle, seront auditionn\u00e9s dans cette affaire.\u00a0<\/p>\n<p>Ce proc\u00e8s est consacr\u00e9, rappelons-le, \u00e0 l\u2019examen des plaidoiries dans l\u2019affaire de l\u2019assassinat de Chokri Belaid, le 6 f\u00e9vrier 2013, un fait historique pour le comit\u00e9 de d\u00e9fense.\u00a0<\/p>\n<p>Chokri Belaid, secr\u00e9taire g\u00e9n\u00e9ral du Parti des patriotes d\u00e9mocrates unifi\u00e9 (gauche), a \u00e9t\u00e9 assassin\u00e9 le 6 f\u00e9vrier 2013, abattu par balle devant sa r\u00e9sidence situ\u00e9e \u00e0 El Menzah, dans le gouvernorat d&rsquo;Ariana.<\/p>\n","protected":false},"excerpt":{"rendered":"<p>Selon Mosa\u00efque FM, les interrogatoires se poursuivront lors de la session de l&rsquo;apr\u00e8s-midi, ces interrogatoires portent sur ce qui est connu sous le nom du group&#8230;<\/p>\n","protected":false},"author":3175,"featured_media":248032,"comment_status":"open","ping_status":"closed","sticky":false,"template":"","format":"standard","meta":{"footnotes":""},"categories":[44],"tags":[5322,3262,2608],"class_list":["post-212173","post","type-post","status-publish","format-standard","has-post-thumbnail","hentry","category-national","tag-affaire","tag-chokri-belaid","tag-tunisie"],"yoast_head":"<!-- This site is optimized with the Yoast SEO Premium plugin v27.5 (Yoast SEO v27.5) - https:\/\/yoast.com\/product\/yoast-seo-premium-wordpress\/ -->\n<title>Affaire Chokri Belaid : Six accus\u00e9s interrog\u00e9s jusque-l\u00e0<\/title>\n<meta name=\"description\" content=\"Selon Mosa\u00efque FM, les interrogatoires se poursuivront lors de la session de l&#039;apr\u00e8s-midi, ces interrogatoires portent sur ce qui est connu sous le nom du group...\" \/>\n<link rel=\"canonical\" href=\"https:\/\/www.webdo.tn\/fr\/actualite\/national\/affaire-chokri-belaid-trois-accuses-interroges-ce-vendredi\/212173\/\" \/>\n<meta property=\"og:locale\" content=\"fr_FR\" \/>\n<meta property=\"og:type\" content=\"article\" \/>\n<meta property=\"og:title\" content=\"Affaire Chokri Belaid : Six accus\u00e9s interrog\u00e9s jusque-l\u00e0\" \/>\n<meta property=\"og:description\" content=\"Selon Mosa\u00efque FM, les interrogatoires se poursuivront lors de la session de l&#039;apr\u00e8s-midi, ces interrogatoires portent sur ce qui est connu sous le nom du group...\" \/>\n<meta property=\"og:url\" content=\"https:\/\/www.webdo.tn\/fr\/actualite\/national\/affaire-chokri-belaid-trois-accuses-interroges-ce-vendredi\/212173\/\" \/>\n<meta property=\"og:site_name\" content=\"webdo\" \/>\n<meta property=\"article:publisher\" content=\"https:\/\/www.facebook.com\/webdotn\" \/>\n<meta property=\"article:published_time\" content=\"2024-02-09T14:38:00+00:00\" \/>\n<meta property=\"article:modified_time\" content=\"2025-05-20T22:37:50+00:00\" \/>\n<meta property=\"og:image\" content=\"https:\/\/www.webdo.tn\/fr\/wp-content\/uploads\/2024\/02\/1ee90dfb5e7a192d4481e8d792cdc581.png\" \/>\n\t<meta property=\"og:image:width\" content=\"750\" \/>\n\t<meta property=\"og:image:height\" content=\"400\" \/>\n\t<meta property=\"og:image:type\" content=\"image\/png\" \/>\n<meta name=\"author\" content=\"CL\" \/>\n<meta name=\"twitter:card\" content=\"summary_large_image\" \/>\n<meta name=\"twitter:creator\" content=\"@webdo_tn\" \/>\n<meta name=\"twitter:site\" content=\"@webdo_tn\" \/>\n<meta name=\"twitter:label1\" content=\"\u00c9crit par\" \/>\n\t<meta name=\"twitter:data1\" content=\"CL\" \/>\n\t<meta name=\"twitter:label2\" content=\"Dur\u00e9e de lecture estim\u00e9e\" \/>\n\t<meta name=\"twitter:data2\" content=\"1 minute\" \/>\n<script type=\"application\/ld+json\" class=\"yoast-schema-graph\">{\"@context\":\"https:\\\/\\\/schema.org\",\"@graph\":[{\"@type\":\"NewsArticle\",\"@id\":\"https:\\\/\\\/www.webdo.tn\\\/fr\\\/actualite\\\/national\\\/affaire-chokri-belaid-trois-accuses-interroges-ce-vendredi\\\/212173\\\/#article\",\"isPartOf\":{\"@id\":\"https:\\\/\\\/www.webdo.tn\\\/fr\\\/actualite\\\/national\\\/affaire-chokri-belaid-trois-accuses-interroges-ce-vendredi\\\/212173\\\/\"},\"author\":{\"name\":\"CL\",\"@id\":\"https:\\\/\\\/www.webdo.tn\\\/fr\\\/#\\\/schema\\\/person\\\/f35b42a42c5e2511bbd282959d6385cc\"},\"headline\":\"Affaire Chokri Belaid : Six accus\u00e9s interrog\u00e9s jusque-l\u00e0\",\"datePublished\":\"2024-02-09T14:38:00+00:00\",\"dateModified\":\"2025-05-20T22:37:50+00:00\",\"mainEntityOfPage\":{\"@id\":\"https:\\\/\\\/www.webdo.tn\\\/fr\\\/actualite\\\/national\\\/affaire-chokri-belaid-trois-accuses-interroges-ce-vendredi\\\/212173\\\/\"},\"wordCount\":187,\"commentCount\":0,\"publisher\":{\"@id\":\"https:\\\/\\\/www.webdo.tn\\\/fr\\\/#organization\"},\"image\":{\"@id\":\"https:\\\/\\\/www.webdo.tn\\\/fr\\\/actualite\\\/national\\\/affaire-chokri-belaid-trois-accuses-interroges-ce-vendredi\\\/212173\\\/#primaryimage\"},\"thumbnailUrl\":\"https:\\\/\\\/www.webdo.tn\\\/fr\\\/wp-content\\\/uploads\\\/2024\\\/02\\\/1ee90dfb5e7a192d4481e8d792cdc581.png\",\"keywords\":[\"Affaire\",\"chokri belaid\",\"Tunisie\"],\"articleSection\":[\"National\"],\"inLanguage\":\"fr-FR\"},{\"@type\":\"WebPage\",\"@id\":\"https:\\\/\\\/www.webdo.tn\\\/fr\\\/actualite\\\/national\\\/affaire-chokri-belaid-trois-accuses-interroges-ce-vendredi\\\/212173\\\/\",\"url\":\"https:\\\/\\\/www.webdo.tn\\\/fr\\\/actualite\\\/national\\\/affaire-chokri-belaid-trois-accuses-interroges-ce-vendredi\\\/212173\\\/\",\"name\":\"Affaire Chokri Belaid : Six accus\u00e9s interrog\u00e9s jusque-l\u00e0\",\"isPartOf\":{\"@id\":\"https:\\\/\\\/www.webdo.tn\\\/fr\\\/#website\"},\"primaryImageOfPage\":{\"@id\":\"https:\\\/\\\/www.webdo.tn\\\/fr\\\/actualite\\\/national\\\/affaire-chokri-belaid-trois-accuses-interroges-ce-vendredi\\\/212173\\\/#primaryimage\"},\"image\":{\"@id\":\"https:\\\/\\\/www.webdo.tn\\\/fr\\\/actualite\\\/national\\\/affaire-chokri-belaid-trois-accuses-interroges-ce-vendredi\\\/212173\\\/#primaryimage\"},\"thumbnailUrl\":\"https:\\\/\\\/www.webdo.tn\\\/fr\\\/wp-content\\\/uploads\\\/2024\\\/02\\\/1ee90dfb5e7a192d4481e8d792cdc581.png\",\"datePublished\":\"2024-02-09T14:38:00+00:00\",\"dateModified\":\"2025-05-20T22:37:50+00:00\",\"description\":\"Selon Mosa\u00efque FM, les interrogatoires se poursuivront lors de la session de l'apr\u00e8s-midi, ces interrogatoires portent sur ce qui est connu sous le nom du group...\",\"breadcrumb\":{\"@id\":\"https:\\\/\\\/www.webdo.tn\\\/fr\\\/actualite\\\/national\\\/affaire-chokri-belaid-trois-accuses-interroges-ce-vendredi\\\/212173\\\/#breadcrumb\"},\"inLanguage\":\"fr-FR\",\"potentialAction\":[{\"@type\":\"ReadAction\",\"target\":[\"https:\\\/\\\/www.webdo.tn\\\/fr\\\/actualite\\\/national\\\/affaire-chokri-belaid-trois-accuses-interroges-ce-vendredi\\\/212173\\\/\"]}]},{\"@type\":\"ImageObject\",\"inLanguage\":\"fr-FR\",\"@id\":\"https:\\\/\\\/www.webdo.tn\\\/fr\\\/actualite\\\/national\\\/affaire-chokri-belaid-trois-accuses-interroges-ce-vendredi\\\/212173\\\/#primaryimage\",\"url\":\"https:\\\/\\\/www.webdo.tn\\\/fr\\\/wp-content\\\/uploads\\\/2024\\\/02\\\/1ee90dfb5e7a192d4481e8d792cdc581.png\",\"contentUrl\":\"https:\\\/\\\/www.webdo.tn\\\/fr\\\/wp-content\\\/uploads\\\/2024\\\/02\\\/1ee90dfb5e7a192d4481e8d792cdc581.png\",\"width\":750,\"height\":400,\"caption\":\"Affaire Chokri Belaid : Six accus\u00e9s interrog\u00e9s jusque-l\u00e0\"},{\"@type\":\"BreadcrumbList\",\"@id\":\"https:\\\/\\\/www.webdo.tn\\\/fr\\\/actualite\\\/national\\\/affaire-chokri-belaid-trois-accuses-interroges-ce-vendredi\\\/212173\\\/#breadcrumb\",\"itemListElement\":[{\"@type\":\"ListItem\",\"position\":1,\"name\":\"Accueil\",\"item\":\"https:\\\/\\\/www.webdo.tn\\\/fr\\\/\"},{\"@type\":\"ListItem\",\"position\":2,\"name\":\"Affaire Chokri Belaid : Six accus\u00e9s interrog\u00e9s jusque-l\u00e0\"}]},{\"@type\":\"WebSite\",\"@id\":\"https:\\\/\\\/www.webdo.tn\\\/fr\\\/#website\",\"url\":\"https:\\\/\\\/www.webdo.tn\\\/fr\\\/\",\"name\":\"webdo\",\"description\":\"Tunisie - News en Tunisie et \u00e0 l&#039;international sur Webdo.tn\",\"publisher\":{\"@id\":\"https:\\\/\\\/www.webdo.tn\\\/fr\\\/#organization\"},\"potentialAction\":[{\"@type\":\"SearchAction\",\"target\":{\"@type\":\"EntryPoint\",\"urlTemplate\":\"https:\\\/\\\/www.webdo.tn\\\/fr\\\/?s={search_term_string}\"},\"query-input\":{\"@type\":\"PropertyValueSpecification\",\"valueRequired\":true,\"valueName\":\"search_term_string\"}}],\"inLanguage\":\"fr-FR\"},{\"@type\":\"Organization\",\"@id\":\"https:\\\/\\\/www.webdo.tn\\\/fr\\\/#organization\",\"name\":\"Webdo\",\"alternateName\":\"Webdo.tn\",\"url\":\"https:\\\/\\\/www.webdo.tn\\\/fr\\\/\",\"logo\":{\"@type\":\"ImageObject\",\"inLanguage\":\"fr-FR\",\"@id\":\"https:\\\/\\\/www.webdo.tn\\\/fr\\\/#\\\/schema\\\/logo\\\/image\\\/\",\"url\":\"https:\\\/\\\/www.webdo.tn\\\/fr\\\/wp-content\\\/uploads\\\/2025\\\/06\\\/Webdo-Tunisie_168377.jpg\",\"contentUrl\":\"https:\\\/\\\/www.webdo.tn\\\/fr\\\/wp-content\\\/uploads\\\/2025\\\/06\\\/Webdo-Tunisie_168377.jpg\",\"width\":301,\"height\":301,\"caption\":\"Webdo\"},\"image\":{\"@id\":\"https:\\\/\\\/www.webdo.tn\\\/fr\\\/#\\\/schema\\\/logo\\\/image\\\/\"},\"sameAs\":[\"https:\\\/\\\/www.facebook.com\\\/webdotn\",\"https:\\\/\\\/x.com\\\/webdo_tn\"],\"description\":\"Webdo est un m\u00e9dia num\u00e9rique tunisien fond\u00e9 en 2010, sp\u00e9cialis\u00e9 dans l\u2019actualit\u00e9 nationale et internationale, l\u2019\u00e9conomie, la soci\u00e9t\u00e9 et les analyses politiques. Le site s\u2019adresse \u00e0 un large public francophone et couvre l\u2019information tunisienne en temps r\u00e9el.\",\"email\":\"redac@webdo.tn\",\"legalName\":\"YNJ SARL\",\"foundingDate\":\"2010-09-06\",\"numberOfEmployees\":{\"@type\":\"QuantitativeValue\",\"minValue\":\"11\",\"maxValue\":\"50\"}},{\"@type\":\"Person\",\"@id\":\"https:\\\/\\\/www.webdo.tn\\\/fr\\\/#\\\/schema\\\/person\\\/f35b42a42c5e2511bbd282959d6385cc\",\"name\":\"CL\",\"image\":{\"@type\":\"ImageObject\",\"inLanguage\":\"fr-FR\",\"@id\":\"https:\\\/\\\/secure.gravatar.com\\\/avatar\\\/1447a49909b67aa657c488aec6512e1dd6143a480c1ecfee9b5b5cd74eb3b59e?s=96&d=mm&r=g\",\"url\":\"https:\\\/\\\/secure.gravatar.com\\\/avatar\\\/1447a49909b67aa657c488aec6512e1dd6143a480c1ecfee9b5b5cd74eb3b59e?s=96&d=mm&r=g\",\"contentUrl\":\"https:\\\/\\\/secure.gravatar.com\\\/avatar\\\/1447a49909b67aa657c488aec6512e1dd6143a480c1ecfee9b5b5cd74eb3b59e?s=96&d=mm&r=g\",\"caption\":\"CL\"},\"url\":\"https:\\\/\\\/www.webdo.tn\\\/fr\\\/actualite\\\/author\\\/cl\\\/\"}]}<\/script>\n<!-- \/ Yoast SEO Premium plugin. -->","yoast_head_json":{"title":"Affaire Chokri Belaid : Six accus\u00e9s interrog\u00e9s jusque-l\u00e0","description":"Selon Mosa\u00efque FM, les interrogatoires se poursuivront lors de la session de l'apr\u00e8s-midi, ces interrogatoires portent sur ce qui est connu sous le nom du group...","canonical":"https:\/\/www.webdo.tn\/fr\/actualite\/national\/affaire-chokri-belaid-trois-accuses-interroges-ce-vendredi\/212173\/","og_locale":"fr_FR","og_type":"article","og_title":"Affaire Chokri Belaid : Six accus\u00e9s interrog\u00e9s jusque-l\u00e0","og_description":"Selon Mosa\u00efque FM, les interrogatoires se poursuivront lors de la session de l'apr\u00e8s-midi, ces interrogatoires portent sur ce qui est connu sous le nom du group...","og_url":"https:\/\/www.webdo.tn\/fr\/actualite\/national\/affaire-chokri-belaid-trois-accuses-interroges-ce-vendredi\/212173\/","og_site_name":"webdo","article_publisher":"https:\/\/www.facebook.com\/webdotn","article_published_time":"2024-02-09T14:38:00+00:00","article_modified_time":"2025-05-20T22:37:50+00:00","og_image":[{"width":750,"height":400,"url":"https:\/\/www.webdo.tn\/fr\/wp-content\/uploads\/2024\/02\/1ee90dfb5e7a192d4481e8d792cdc581.png","type":"image\/png"}],"author":"CL","twitter_card":"summary_large_image","twitter_creator":"@webdo_tn","twitter_site":"@webdo_tn","twitter_misc":{"\u00c9crit par":"CL","Dur\u00e9e de lecture estim\u00e9e":"1 minute"},"schema":{"@context":"https:\/\/schema.org","@graph":[{"@type":"NewsArticle","@id":"https:\/\/www.webdo.tn\/fr\/actualite\/national\/affaire-chokri-belaid-trois-accuses-interroges-ce-vendredi\/212173\/#article","isPartOf":{"@id":"https:\/\/www.webdo.tn\/fr\/actualite\/national\/affaire-chokri-belaid-trois-accuses-interroges-ce-vendredi\/212173\/"},"author":{"name":"CL","@id":"https:\/\/www.webdo.tn\/fr\/#\/schema\/person\/f35b42a42c5e2511bbd282959d6385cc"},"headline":"Affaire Chokri Belaid : Six accus\u00e9s interrog\u00e9s jusque-l\u00e0","datePublished":"2024-02-09T14:38:00+00:00","dateModified":"2025-05-20T22:37:50+00:00","mainEntityOfPage":{"@id":"https:\/\/www.webdo.tn\/fr\/actualite\/national\/affaire-chokri-belaid-trois-accuses-interroges-ce-vendredi\/212173\/"},"wordCount":187,"commentCount":0,"publisher":{"@id":"https:\/\/www.webdo.tn\/fr\/#organization"},"image":{"@id":"https:\/\/www.webdo.tn\/fr\/actualite\/national\/affaire-chokri-belaid-trois-accuses-interroges-ce-vendredi\/212173\/#primaryimage"},"thumbnailUrl":"https:\/\/www.webdo.tn\/fr\/wp-content\/uploads\/2024\/02\/1ee90dfb5e7a192d4481e8d792cdc581.png","keywords":["Affaire","chokri belaid","Tunisie"],"articleSection":["National"],"inLanguage":"fr-FR"},{"@type":"WebPage","@id":"https:\/\/www.webdo.tn\/fr\/actualite\/national\/affaire-chokri-belaid-trois-accuses-interroges-ce-vendredi\/212173\/","url":"https:\/\/www.webdo.tn\/fr\/actualite\/national\/affaire-chokri-belaid-trois-accuses-interroges-ce-vendredi\/212173\/","name":"Affaire Chokri Belaid : Six accus\u00e9s interrog\u00e9s jusque-l\u00e0","isPartOf":{"@id":"https:\/\/www.webdo.tn\/fr\/#website"},"primaryImageOfPage":{"@id":"https:\/\/www.webdo.tn\/fr\/actualite\/national\/affaire-chokri-belaid-trois-accuses-interroges-ce-vendredi\/212173\/#primaryimage"},"image":{"@id":"https:\/\/www.webdo.tn\/fr\/actualite\/national\/affaire-chokri-belaid-trois-accuses-interroges-ce-vendredi\/212173\/#primaryimage"},"thumbnailUrl":"https:\/\/www.webdo.tn\/fr\/wp-content\/uploads\/2024\/02\/1ee90dfb5e7a192d4481e8d792cdc581.png","datePublished":"2024-02-09T14:38:00+00:00","dateModified":"2025-05-20T22:37:50+00:00","description":"Selon Mosa\u00efque FM, les interrogatoires se poursuivront lors de la session de l'apr\u00e8s-midi, ces interrogatoires portent sur ce qui est connu sous le nom du group...","breadcrumb":{"@id":"https:\/\/www.webdo.tn\/fr\/actualite\/national\/affaire-chokri-belaid-trois-accuses-interroges-ce-vendredi\/212173\/#breadcrumb"},"inLanguage":"fr-FR","potentialAction":[{"@type":"ReadAction","target":["https:\/\/www.webdo.tn\/fr\/actualite\/national\/affaire-chokri-belaid-trois-accuses-interroges-ce-vendredi\/212173\/"]}]},{"@type":"ImageObject","inLanguage":"fr-FR","@id":"https:\/\/www.webdo.tn\/fr\/actualite\/national\/affaire-chokri-belaid-trois-accuses-interroges-ce-vendredi\/212173\/#primaryimage","url":"https:\/\/www.webdo.tn\/fr\/wp-content\/uploads\/2024\/02\/1ee90dfb5e7a192d4481e8d792cdc581.png","contentUrl":"https:\/\/www.webdo.tn\/fr\/wp-content\/uploads\/2024\/02\/1ee90dfb5e7a192d4481e8d792cdc581.png","width":750,"height":400,"caption":"Affaire Chokri Belaid : Six accus\u00e9s interrog\u00e9s jusque-l\u00e0"},{"@type":"BreadcrumbList","@id":"https:\/\/www.webdo.tn\/fr\/actualite\/national\/affaire-chokri-belaid-trois-accuses-interroges-ce-vendredi\/212173\/#breadcrumb","itemListElement":[{"@type":"ListItem","position":1,"name":"Accueil","item":"https:\/\/www.webdo.tn\/fr\/"},{"@type":"ListItem","position":2,"name":"Affaire Chokri Belaid : Six accus\u00e9s interrog\u00e9s jusque-l\u00e0"}]},{"@type":"WebSite","@id":"https:\/\/www.webdo.tn\/fr\/#website","url":"https:\/\/www.webdo.tn\/fr\/","name":"webdo","description":"Tunisie - News en Tunisie et \u00e0 l&#039;international sur Webdo.tn","publisher":{"@id":"https:\/\/www.webdo.tn\/fr\/#organization"},"potentialAction":[{"@type":"SearchAction","target":{"@type":"EntryPoint","urlTemplate":"https:\/\/www.webdo.tn\/fr\/?s={search_term_string}"},"query-input":{"@type":"PropertyValueSpecification","valueRequired":true,"valueName":"search_term_string"}}],"inLanguage":"fr-FR"},{"@type":"Organization","@id":"https:\/\/www.webdo.tn\/fr\/#organization","name":"Webdo","alternateName":"Webdo.tn","url":"https:\/\/www.webdo.tn\/fr\/","logo":{"@type":"ImageObject","inLanguage":"fr-FR","@id":"https:\/\/www.webdo.tn\/fr\/#\/schema\/logo\/image\/","url":"https:\/\/www.webdo.tn\/fr\/wp-content\/uploads\/2025\/06\/Webdo-Tunisie_168377.jpg","contentUrl":"https:\/\/www.webdo.tn\/fr\/wp-content\/uploads\/2025\/06\/Webdo-Tunisie_168377.jpg","width":301,"height":301,"caption":"Webdo"},"image":{"@id":"https:\/\/www.webdo.tn\/fr\/#\/schema\/logo\/image\/"},"sameAs":["https:\/\/www.facebook.com\/webdotn","https:\/\/x.com\/webdo_tn"],"description":"Webdo est un m\u00e9dia num\u00e9rique tunisien fond\u00e9 en 2010, sp\u00e9cialis\u00e9 dans l\u2019actualit\u00e9 nationale et internationale, l\u2019\u00e9conomie, la soci\u00e9t\u00e9 et les analyses politiques. Le site s\u2019adresse \u00e0 un large public francophone et couvre l\u2019information tunisienne en temps r\u00e9el.","email":"redac@webdo.tn","legalName":"YNJ SARL","foundingDate":"2010-09-06","numberOfEmployees":{"@type":"QuantitativeValue","minValue":"11","maxValue":"50"}},{"@type":"Person","@id":"https:\/\/www.webdo.tn\/fr\/#\/schema\/person\/f35b42a42c5e2511bbd282959d6385cc","name":"CL","image":{"@type":"ImageObject","inLanguage":"fr-FR","@id":"https:\/\/secure.gravatar.com\/avatar\/1447a49909b67aa657c488aec6512e1dd6143a480c1ecfee9b5b5cd74eb3b59e?s=96&d=mm&r=g","url":"https:\/\/secure.gravatar.com\/avatar\/1447a49909b67aa657c488aec6512e1dd6143a480c1ecfee9b5b5cd74eb3b59e?s=96&d=mm&r=g","contentUrl":"https:\/\/secure.gravatar.com\/avatar\/1447a49909b67aa657c488aec6512e1dd6143a480c1ecfee9b5b5cd74eb3b59e?s=96&d=mm&r=g","caption":"CL"},"url":"https:\/\/www.webdo.tn\/fr\/actualite\/author\/cl\/"}]}},"_links":{"self":[{"href":"https:\/\/www.webdo.tn\/fr\/wp-json\/wp\/v2\/posts\/212173","targetHints":{"allow":["GET"]}}],"collection":[{"href":"https:\/\/www.webdo.tn\/fr\/wp-json\/wp\/v2\/posts"}],"about":[{"href":"https:\/\/www.webdo.tn\/fr\/wp-json\/wp\/v2\/types\/post"}],"author":[{"embeddable":true,"href":"https:\/\/www.webdo.tn\/fr\/wp-json\/wp\/v2\/users\/3175"}],"replies":[{"embeddable":true,"href":"https:\/\/www.webdo.tn\/fr\/wp-json\/wp\/v2\/comments?post=212173"}],"version-history":[{"count":0,"href":"https:\/\/www.webdo.tn\/fr\/wp-json\/wp\/v2\/posts\/212173\/revisions"}],"wp:featuredmedia":[{"embeddable":true,"href":"https:\/\/www.webdo.tn\/fr\/wp-json\/wp\/v2\/media\/248032"}],"wp:attachment":[{"href":"https:\/\/www.webdo.tn\/fr\/wp-json\/wp\/v2\/media?parent=212173"}],"wp:term":[{"taxonomy":"category","embeddable":true,"href":"https:\/\/www.webdo.tn\/fr\/wp-json\/wp\/v2\/categories?post=212173"},{"taxonomy":"post_tag","embeddable":true,"href":"https:\/\/www.webdo.tn\/fr\/wp-json\/wp\/v2\/tags?post=212173"}],"curies":[{"name":"wp","href":"https:\/\/api.w.org\/{rel}","templated":true}]}}