{"id":212155,"date":"2024-02-09T08:15:00","date_gmt":"2024-02-09T08:15:00","guid":{"rendered":"https:\/\/www.webdo.tn\/fr\/blog\/un-tunisien-sur-quatre-n-a-pas-acces-a-l-eau-selon-une-recente-etude\/212155\/"},"modified":"2025-05-20T22:53:03","modified_gmt":"2025-05-20T22:53:03","slug":"un-tunisien-sur-quatre-n-a-pas-acces-a-l-eau-selon-une-recente-etude","status":"publish","type":"post","link":"https:\/\/www.webdo.tn\/fr\/actualite\/national\/un-tunisien-sur-quatre-n-a-pas-acces-a-l-eau-selon-une-recente-etude\/212155\/","title":{"rendered":"Un Tunisien sur quatre n\u2019a pas acc\u00e8s \u00e0 l\u2019eau, selon une r\u00e9cente \u00e9tude"},"content":{"rendered":"<p>Une \u00e9tude publi\u00e9e par l&rsquo;organisation Oxfam a r\u00e9v\u00e9l\u00e9 des chiffres alarmants concernant le droit \u00e0 la sant\u00e9 en Tunisie.<\/p>\n<p>En effet, pr\u00e9sent\u00e9 r\u00e9cemment, le rapport des r\u00e9sultats pr\u00e9liminaires des indicateurs du droit \u00e0 la sant\u00e9 a r\u00e9v\u00e9l\u00e9 que \u00ab\u00a0plus d&rsquo;un quart des Tunisiens n&rsquo;ont pas le droit \u00e0 une eau potable et que six pour cent des Tunisiens vivent en dessous du seuil de la pauvret\u00e9\u00a0\u00bb.<\/p>\n<p>En ce qui concerne les indicateurs de sant\u00e9, le rapport a r\u00e9v\u00e9l\u00e9 que le budget du minist\u00e8re de la Sant\u00e9 ne repr\u00e9sente que 6,5% du budget de l&rsquo;\u00c9tat alors que la Tunisie a sign\u00e9 un accord international stipulant la mobilisation d&rsquo;au moins 15% au secteur de la sant\u00e9.<\/p>\n<p>Parmi les indicateurs n\u00e9gatifs dans le secteur de la sant\u00e9, le rapport d&rsquo;Oxfam a r\u00e9v\u00e9l\u00e9 que la situation actuelle montre l&rsquo;existence d&rsquo;un m\u00e9decin pour mille citoyens, alors que les besoins de la soci\u00e9t\u00e9 tunisienne exigent la pr\u00e9sence de 2,5 m\u00e9decins pour cent mille habitants selon les normes internationales.<\/p>\n","protected":false},"excerpt":{"rendered":"<p>En effet, pr\u00e9sent\u00e9 r\u00e9cemment, le rapport des r\u00e9sultats pr\u00e9liminaires des indicateurs du droit \u00e0 la sant\u00e9 a r\u00e9v\u00e9l\u00e9 que  plus d&rsquo;un quart des Tunisiens n&rsquo;ont pas l&#8230;<\/p>\n","protected":false},"author":3175,"featured_media":290198,"comment_status":"open","ping_status":"closed","sticky":false,"template":"","format":"standard","meta":{"footnotes":""},"categories":[44],"tags":[2631,2731,2608],"class_list":["post-212155","post","type-post","status-publish","format-standard","has-post-thumbnail","hentry","category-national","tag-eau","tag-sante","tag-tunisie"],"yoast_head":"<!-- This site is optimized with the Yoast SEO Premium plugin v27.4 (Yoast SEO v27.4) - https:\/\/yoast.com\/product\/yoast-seo-premium-wordpress\/ -->\n<title>Un Tunisien sur quatre n\u2019a pas acc\u00e8s \u00e0 l\u2019eau, selon une r\u00e9cente \u00e9tude<\/title>\n<meta name=\"description\" content=\"En effet, pr\u00e9sent\u00e9 r\u00e9cemment, le rapport des r\u00e9sultats pr\u00e9liminaires des indicateurs du droit \u00e0 la sant\u00e9 a r\u00e9v\u00e9l\u00e9 que plus d&#039;un quart des Tunisiens n&#039;ont pas l...\" \/>\n<link rel=\"canonical\" href=\"https:\/\/www.webdo.tn\/fr\/actualite\/national\/un-tunisien-sur-quatre-n-a-pas-acces-a-l-eau-selon-une-recente-etude\/212155\/\" \/>\n<meta property=\"og:locale\" content=\"fr_FR\" \/>\n<meta property=\"og:type\" content=\"article\" \/>\n<meta property=\"og:title\" content=\"Un Tunisien sur quatre n\u2019a pas acc\u00e8s \u00e0 l\u2019eau, selon une r\u00e9cente \u00e9tude\" \/>\n<meta property=\"og:description\" content=\"En effet, pr\u00e9sent\u00e9 r\u00e9cemment, le rapport des r\u00e9sultats pr\u00e9liminaires des indicateurs du droit \u00e0 la sant\u00e9 a r\u00e9v\u00e9l\u00e9 que plus d&#039;un quart des Tunisiens n&#039;ont pas l...\" \/>\n<meta property=\"og:url\" content=\"https:\/\/www.webdo.tn\/fr\/actualite\/national\/un-tunisien-sur-quatre-n-a-pas-acces-a-l-eau-selon-une-recente-etude\/212155\/\" \/>\n<meta property=\"og:site_name\" content=\"webdo\" \/>\n<meta property=\"article:publisher\" content=\"https:\/\/www.facebook.com\/webdotn\" \/>\n<meta property=\"article:published_time\" content=\"2024-02-09T08:15:00+00:00\" \/>\n<meta property=\"article:modified_time\" content=\"2025-05-20T22:53:03+00:00\" \/>\n<meta property=\"og:image\" content=\"https:\/\/www.webdo.tn\/fr\/wp-content\/uploads\/2024\/02\/19caabd2e7a9ea3bb63296c569b3bba6.png\" \/>\n\t<meta property=\"og:image:width\" content=\"750\" \/>\n\t<meta property=\"og:image:height\" content=\"400\" \/>\n\t<meta property=\"og:image:type\" content=\"image\/png\" \/>\n<meta name=\"author\" content=\"CL\" \/>\n<meta name=\"twitter:card\" content=\"summary_large_image\" \/>\n<meta name=\"twitter:creator\" content=\"@webdo_tn\" \/>\n<meta name=\"twitter:site\" content=\"@webdo_tn\" \/>\n<meta name=\"twitter:label1\" content=\"\u00c9crit par\" \/>\n\t<meta name=\"twitter:data1\" content=\"CL\" \/>\n\t<meta name=\"twitter:label2\" content=\"Dur\u00e9e de lecture estim\u00e9e\" \/>\n\t<meta name=\"twitter:data2\" content=\"1 minute\" \/>\n<script type=\"application\/ld+json\" class=\"yoast-schema-graph\">{\"@context\":\"https:\\\/\\\/schema.org\",\"@graph\":[{\"@type\":\"NewsArticle\",\"@id\":\"https:\\\/\\\/www.webdo.tn\\\/fr\\\/actualite\\\/national\\\/un-tunisien-sur-quatre-n-a-pas-acces-a-l-eau-selon-une-recente-etude\\\/212155\\\/#article\",\"isPartOf\":{\"@id\":\"https:\\\/\\\/www.webdo.tn\\\/fr\\\/actualite\\\/national\\\/un-tunisien-sur-quatre-n-a-pas-acces-a-l-eau-selon-une-recente-etude\\\/212155\\\/\"},\"author\":{\"name\":\"CL\",\"@id\":\"https:\\\/\\\/www.webdo.tn\\\/fr\\\/#\\\/schema\\\/person\\\/f35b42a42c5e2511bbd282959d6385cc\"},\"headline\":\"Un Tunisien sur quatre n\u2019a pas acc\u00e8s \u00e0 l\u2019eau, selon une r\u00e9cente \u00e9tude\",\"datePublished\":\"2024-02-09T08:15:00+00:00\",\"dateModified\":\"2025-05-20T22:53:03+00:00\",\"mainEntityOfPage\":{\"@id\":\"https:\\\/\\\/www.webdo.tn\\\/fr\\\/actualite\\\/national\\\/un-tunisien-sur-quatre-n-a-pas-acces-a-l-eau-selon-une-recente-etude\\\/212155\\\/\"},\"wordCount\":200,\"commentCount\":0,\"publisher\":{\"@id\":\"https:\\\/\\\/www.webdo.tn\\\/fr\\\/#organization\"},\"image\":{\"@id\":\"https:\\\/\\\/www.webdo.tn\\\/fr\\\/actualite\\\/national\\\/un-tunisien-sur-quatre-n-a-pas-acces-a-l-eau-selon-une-recente-etude\\\/212155\\\/#primaryimage\"},\"thumbnailUrl\":\"https:\\\/\\\/www.webdo.tn\\\/fr\\\/wp-content\\\/uploads\\\/2024\\\/02\\\/19caabd2e7a9ea3bb63296c569b3bba6.png\",\"keywords\":[\"eau\",\"Sant\u00e9\",\"Tunisie\"],\"articleSection\":[\"National\"],\"inLanguage\":\"fr-FR\"},{\"@type\":\"WebPage\",\"@id\":\"https:\\\/\\\/www.webdo.tn\\\/fr\\\/actualite\\\/national\\\/un-tunisien-sur-quatre-n-a-pas-acces-a-l-eau-selon-une-recente-etude\\\/212155\\\/\",\"url\":\"https:\\\/\\\/www.webdo.tn\\\/fr\\\/actualite\\\/national\\\/un-tunisien-sur-quatre-n-a-pas-acces-a-l-eau-selon-une-recente-etude\\\/212155\\\/\",\"name\":\"Un Tunisien sur quatre n\u2019a pas acc\u00e8s \u00e0 l\u2019eau, selon une r\u00e9cente \u00e9tude\",\"isPartOf\":{\"@id\":\"https:\\\/\\\/www.webdo.tn\\\/fr\\\/#website\"},\"primaryImageOfPage\":{\"@id\":\"https:\\\/\\\/www.webdo.tn\\\/fr\\\/actualite\\\/national\\\/un-tunisien-sur-quatre-n-a-pas-acces-a-l-eau-selon-une-recente-etude\\\/212155\\\/#primaryimage\"},\"image\":{\"@id\":\"https:\\\/\\\/www.webdo.tn\\\/fr\\\/actualite\\\/national\\\/un-tunisien-sur-quatre-n-a-pas-acces-a-l-eau-selon-une-recente-etude\\\/212155\\\/#primaryimage\"},\"thumbnailUrl\":\"https:\\\/\\\/www.webdo.tn\\\/fr\\\/wp-content\\\/uploads\\\/2024\\\/02\\\/19caabd2e7a9ea3bb63296c569b3bba6.png\",\"datePublished\":\"2024-02-09T08:15:00+00:00\",\"dateModified\":\"2025-05-20T22:53:03+00:00\",\"description\":\"En effet, pr\u00e9sent\u00e9 r\u00e9cemment, le rapport des r\u00e9sultats pr\u00e9liminaires des indicateurs du droit \u00e0 la sant\u00e9 a r\u00e9v\u00e9l\u00e9 que plus d'un quart des Tunisiens n'ont pas l...\",\"breadcrumb\":{\"@id\":\"https:\\\/\\\/www.webdo.tn\\\/fr\\\/actualite\\\/national\\\/un-tunisien-sur-quatre-n-a-pas-acces-a-l-eau-selon-une-recente-etude\\\/212155\\\/#breadcrumb\"},\"inLanguage\":\"fr-FR\",\"potentialAction\":[{\"@type\":\"ReadAction\",\"target\":[\"https:\\\/\\\/www.webdo.tn\\\/fr\\\/actualite\\\/national\\\/un-tunisien-sur-quatre-n-a-pas-acces-a-l-eau-selon-une-recente-etude\\\/212155\\\/\"]}]},{\"@type\":\"ImageObject\",\"inLanguage\":\"fr-FR\",\"@id\":\"https:\\\/\\\/www.webdo.tn\\\/fr\\\/actualite\\\/national\\\/un-tunisien-sur-quatre-n-a-pas-acces-a-l-eau-selon-une-recente-etude\\\/212155\\\/#primaryimage\",\"url\":\"https:\\\/\\\/www.webdo.tn\\\/fr\\\/wp-content\\\/uploads\\\/2024\\\/02\\\/19caabd2e7a9ea3bb63296c569b3bba6.png\",\"contentUrl\":\"https:\\\/\\\/www.webdo.tn\\\/fr\\\/wp-content\\\/uploads\\\/2024\\\/02\\\/19caabd2e7a9ea3bb63296c569b3bba6.png\",\"width\":750,\"height\":400,\"caption\":\"Un Tunisien sur quatre n\u2019a pas acc\u00e8s \u00e0 l\u2019eau, selon une r\u00e9cente \u00e9tude\"},{\"@type\":\"BreadcrumbList\",\"@id\":\"https:\\\/\\\/www.webdo.tn\\\/fr\\\/actualite\\\/national\\\/un-tunisien-sur-quatre-n-a-pas-acces-a-l-eau-selon-une-recente-etude\\\/212155\\\/#breadcrumb\",\"itemListElement\":[{\"@type\":\"ListItem\",\"position\":1,\"name\":\"Accueil\",\"item\":\"https:\\\/\\\/www.webdo.tn\\\/fr\\\/\"},{\"@type\":\"ListItem\",\"position\":2,\"name\":\"Un Tunisien sur quatre n\u2019a pas acc\u00e8s \u00e0 l\u2019eau, selon une r\u00e9cente \u00e9tude\"}]},{\"@type\":\"WebSite\",\"@id\":\"https:\\\/\\\/www.webdo.tn\\\/fr\\\/#website\",\"url\":\"https:\\\/\\\/www.webdo.tn\\\/fr\\\/\",\"name\":\"webdo\",\"description\":\"Tunisie - News en Tunisie et \u00e0 l&#039;international sur Webdo.tn\",\"publisher\":{\"@id\":\"https:\\\/\\\/www.webdo.tn\\\/fr\\\/#organization\"},\"potentialAction\":[{\"@type\":\"SearchAction\",\"target\":{\"@type\":\"EntryPoint\",\"urlTemplate\":\"https:\\\/\\\/www.webdo.tn\\\/fr\\\/?s={search_term_string}\"},\"query-input\":{\"@type\":\"PropertyValueSpecification\",\"valueRequired\":true,\"valueName\":\"search_term_string\"}}],\"inLanguage\":\"fr-FR\"},{\"@type\":\"Organization\",\"@id\":\"https:\\\/\\\/www.webdo.tn\\\/fr\\\/#organization\",\"name\":\"Webdo\",\"alternateName\":\"Webdo.tn\",\"url\":\"https:\\\/\\\/www.webdo.tn\\\/fr\\\/\",\"logo\":{\"@type\":\"ImageObject\",\"inLanguage\":\"fr-FR\",\"@id\":\"https:\\\/\\\/www.webdo.tn\\\/fr\\\/#\\\/schema\\\/logo\\\/image\\\/\",\"url\":\"https:\\\/\\\/www.webdo.tn\\\/fr\\\/wp-content\\\/uploads\\\/2025\\\/06\\\/Webdo-Tunisie_168377.jpg\",\"contentUrl\":\"https:\\\/\\\/www.webdo.tn\\\/fr\\\/wp-content\\\/uploads\\\/2025\\\/06\\\/Webdo-Tunisie_168377.jpg\",\"width\":301,\"height\":301,\"caption\":\"Webdo\"},\"image\":{\"@id\":\"https:\\\/\\\/www.webdo.tn\\\/fr\\\/#\\\/schema\\\/logo\\\/image\\\/\"},\"sameAs\":[\"https:\\\/\\\/www.facebook.com\\\/webdotn\",\"https:\\\/\\\/x.com\\\/webdo_tn\"],\"description\":\"Webdo est un m\u00e9dia num\u00e9rique tunisien fond\u00e9 en 2010, sp\u00e9cialis\u00e9 dans l\u2019actualit\u00e9 nationale et internationale, l\u2019\u00e9conomie, la soci\u00e9t\u00e9 et les analyses politiques. Le site s\u2019adresse \u00e0 un large public francophone et couvre l\u2019information tunisienne en temps r\u00e9el.\",\"email\":\"redac@webdo.tn\",\"legalName\":\"YNJ SARL\",\"foundingDate\":\"2010-09-06\",\"numberOfEmployees\":{\"@type\":\"QuantitativeValue\",\"minValue\":\"11\",\"maxValue\":\"50\"}},{\"@type\":\"Person\",\"@id\":\"https:\\\/\\\/www.webdo.tn\\\/fr\\\/#\\\/schema\\\/person\\\/f35b42a42c5e2511bbd282959d6385cc\",\"name\":\"CL\",\"image\":{\"@type\":\"ImageObject\",\"inLanguage\":\"fr-FR\",\"@id\":\"https:\\\/\\\/secure.gravatar.com\\\/avatar\\\/1447a49909b67aa657c488aec6512e1dd6143a480c1ecfee9b5b5cd74eb3b59e?s=96&d=mm&r=g\",\"url\":\"https:\\\/\\\/secure.gravatar.com\\\/avatar\\\/1447a49909b67aa657c488aec6512e1dd6143a480c1ecfee9b5b5cd74eb3b59e?s=96&d=mm&r=g\",\"contentUrl\":\"https:\\\/\\\/secure.gravatar.com\\\/avatar\\\/1447a49909b67aa657c488aec6512e1dd6143a480c1ecfee9b5b5cd74eb3b59e?s=96&d=mm&r=g\",\"caption\":\"CL\"},\"url\":\"https:\\\/\\\/www.webdo.tn\\\/fr\\\/actualite\\\/author\\\/cl\\\/\"}]}<\/script>\n<!-- \/ Yoast SEO Premium plugin. -->","yoast_head_json":{"title":"Un Tunisien sur quatre n\u2019a pas acc\u00e8s \u00e0 l\u2019eau, selon une r\u00e9cente \u00e9tude","description":"En effet, pr\u00e9sent\u00e9 r\u00e9cemment, le rapport des r\u00e9sultats pr\u00e9liminaires des indicateurs du droit \u00e0 la sant\u00e9 a r\u00e9v\u00e9l\u00e9 que plus d'un quart des Tunisiens n'ont pas l...","canonical":"https:\/\/www.webdo.tn\/fr\/actualite\/national\/un-tunisien-sur-quatre-n-a-pas-acces-a-l-eau-selon-une-recente-etude\/212155\/","og_locale":"fr_FR","og_type":"article","og_title":"Un Tunisien sur quatre n\u2019a pas acc\u00e8s \u00e0 l\u2019eau, selon une r\u00e9cente \u00e9tude","og_description":"En effet, pr\u00e9sent\u00e9 r\u00e9cemment, le rapport des r\u00e9sultats pr\u00e9liminaires des indicateurs du droit \u00e0 la sant\u00e9 a r\u00e9v\u00e9l\u00e9 que plus d'un quart des Tunisiens n'ont pas l...","og_url":"https:\/\/www.webdo.tn\/fr\/actualite\/national\/un-tunisien-sur-quatre-n-a-pas-acces-a-l-eau-selon-une-recente-etude\/212155\/","og_site_name":"webdo","article_publisher":"https:\/\/www.facebook.com\/webdotn","article_published_time":"2024-02-09T08:15:00+00:00","article_modified_time":"2025-05-20T22:53:03+00:00","og_image":[{"width":750,"height":400,"url":"https:\/\/www.webdo.tn\/fr\/wp-content\/uploads\/2024\/02\/19caabd2e7a9ea3bb63296c569b3bba6.png","type":"image\/png"}],"author":"CL","twitter_card":"summary_large_image","twitter_creator":"@webdo_tn","twitter_site":"@webdo_tn","twitter_misc":{"\u00c9crit par":"CL","Dur\u00e9e de lecture estim\u00e9e":"1 minute"},"schema":{"@context":"https:\/\/schema.org","@graph":[{"@type":"NewsArticle","@id":"https:\/\/www.webdo.tn\/fr\/actualite\/national\/un-tunisien-sur-quatre-n-a-pas-acces-a-l-eau-selon-une-recente-etude\/212155\/#article","isPartOf":{"@id":"https:\/\/www.webdo.tn\/fr\/actualite\/national\/un-tunisien-sur-quatre-n-a-pas-acces-a-l-eau-selon-une-recente-etude\/212155\/"},"author":{"name":"CL","@id":"https:\/\/www.webdo.tn\/fr\/#\/schema\/person\/f35b42a42c5e2511bbd282959d6385cc"},"headline":"Un Tunisien sur quatre n\u2019a pas acc\u00e8s \u00e0 l\u2019eau, selon une r\u00e9cente \u00e9tude","datePublished":"2024-02-09T08:15:00+00:00","dateModified":"2025-05-20T22:53:03+00:00","mainEntityOfPage":{"@id":"https:\/\/www.webdo.tn\/fr\/actualite\/national\/un-tunisien-sur-quatre-n-a-pas-acces-a-l-eau-selon-une-recente-etude\/212155\/"},"wordCount":200,"commentCount":0,"publisher":{"@id":"https:\/\/www.webdo.tn\/fr\/#organization"},"image":{"@id":"https:\/\/www.webdo.tn\/fr\/actualite\/national\/un-tunisien-sur-quatre-n-a-pas-acces-a-l-eau-selon-une-recente-etude\/212155\/#primaryimage"},"thumbnailUrl":"https:\/\/www.webdo.tn\/fr\/wp-content\/uploads\/2024\/02\/19caabd2e7a9ea3bb63296c569b3bba6.png","keywords":["eau","Sant\u00e9","Tunisie"],"articleSection":["National"],"inLanguage":"fr-FR"},{"@type":"WebPage","@id":"https:\/\/www.webdo.tn\/fr\/actualite\/national\/un-tunisien-sur-quatre-n-a-pas-acces-a-l-eau-selon-une-recente-etude\/212155\/","url":"https:\/\/www.webdo.tn\/fr\/actualite\/national\/un-tunisien-sur-quatre-n-a-pas-acces-a-l-eau-selon-une-recente-etude\/212155\/","name":"Un Tunisien sur quatre n\u2019a pas acc\u00e8s \u00e0 l\u2019eau, selon une r\u00e9cente \u00e9tude","isPartOf":{"@id":"https:\/\/www.webdo.tn\/fr\/#website"},"primaryImageOfPage":{"@id":"https:\/\/www.webdo.tn\/fr\/actualite\/national\/un-tunisien-sur-quatre-n-a-pas-acces-a-l-eau-selon-une-recente-etude\/212155\/#primaryimage"},"image":{"@id":"https:\/\/www.webdo.tn\/fr\/actualite\/national\/un-tunisien-sur-quatre-n-a-pas-acces-a-l-eau-selon-une-recente-etude\/212155\/#primaryimage"},"thumbnailUrl":"https:\/\/www.webdo.tn\/fr\/wp-content\/uploads\/2024\/02\/19caabd2e7a9ea3bb63296c569b3bba6.png","datePublished":"2024-02-09T08:15:00+00:00","dateModified":"2025-05-20T22:53:03+00:00","description":"En effet, pr\u00e9sent\u00e9 r\u00e9cemment, le rapport des r\u00e9sultats pr\u00e9liminaires des indicateurs du droit \u00e0 la sant\u00e9 a r\u00e9v\u00e9l\u00e9 que plus d'un quart des Tunisiens n'ont pas l...","breadcrumb":{"@id":"https:\/\/www.webdo.tn\/fr\/actualite\/national\/un-tunisien-sur-quatre-n-a-pas-acces-a-l-eau-selon-une-recente-etude\/212155\/#breadcrumb"},"inLanguage":"fr-FR","potentialAction":[{"@type":"ReadAction","target":["https:\/\/www.webdo.tn\/fr\/actualite\/national\/un-tunisien-sur-quatre-n-a-pas-acces-a-l-eau-selon-une-recente-etude\/212155\/"]}]},{"@type":"ImageObject","inLanguage":"fr-FR","@id":"https:\/\/www.webdo.tn\/fr\/actualite\/national\/un-tunisien-sur-quatre-n-a-pas-acces-a-l-eau-selon-une-recente-etude\/212155\/#primaryimage","url":"https:\/\/www.webdo.tn\/fr\/wp-content\/uploads\/2024\/02\/19caabd2e7a9ea3bb63296c569b3bba6.png","contentUrl":"https:\/\/www.webdo.tn\/fr\/wp-content\/uploads\/2024\/02\/19caabd2e7a9ea3bb63296c569b3bba6.png","width":750,"height":400,"caption":"Un Tunisien sur quatre n\u2019a pas acc\u00e8s \u00e0 l\u2019eau, selon une r\u00e9cente \u00e9tude"},{"@type":"BreadcrumbList","@id":"https:\/\/www.webdo.tn\/fr\/actualite\/national\/un-tunisien-sur-quatre-n-a-pas-acces-a-l-eau-selon-une-recente-etude\/212155\/#breadcrumb","itemListElement":[{"@type":"ListItem","position":1,"name":"Accueil","item":"https:\/\/www.webdo.tn\/fr\/"},{"@type":"ListItem","position":2,"name":"Un Tunisien sur quatre n\u2019a pas acc\u00e8s \u00e0 l\u2019eau, selon une r\u00e9cente \u00e9tude"}]},{"@type":"WebSite","@id":"https:\/\/www.webdo.tn\/fr\/#website","url":"https:\/\/www.webdo.tn\/fr\/","name":"webdo","description":"Tunisie - News en Tunisie et \u00e0 l&#039;international sur Webdo.tn","publisher":{"@id":"https:\/\/www.webdo.tn\/fr\/#organization"},"potentialAction":[{"@type":"SearchAction","target":{"@type":"EntryPoint","urlTemplate":"https:\/\/www.webdo.tn\/fr\/?s={search_term_string}"},"query-input":{"@type":"PropertyValueSpecification","valueRequired":true,"valueName":"search_term_string"}}],"inLanguage":"fr-FR"},{"@type":"Organization","@id":"https:\/\/www.webdo.tn\/fr\/#organization","name":"Webdo","alternateName":"Webdo.tn","url":"https:\/\/www.webdo.tn\/fr\/","logo":{"@type":"ImageObject","inLanguage":"fr-FR","@id":"https:\/\/www.webdo.tn\/fr\/#\/schema\/logo\/image\/","url":"https:\/\/www.webdo.tn\/fr\/wp-content\/uploads\/2025\/06\/Webdo-Tunisie_168377.jpg","contentUrl":"https:\/\/www.webdo.tn\/fr\/wp-content\/uploads\/2025\/06\/Webdo-Tunisie_168377.jpg","width":301,"height":301,"caption":"Webdo"},"image":{"@id":"https:\/\/www.webdo.tn\/fr\/#\/schema\/logo\/image\/"},"sameAs":["https:\/\/www.facebook.com\/webdotn","https:\/\/x.com\/webdo_tn"],"description":"Webdo est un m\u00e9dia num\u00e9rique tunisien fond\u00e9 en 2010, sp\u00e9cialis\u00e9 dans l\u2019actualit\u00e9 nationale et internationale, l\u2019\u00e9conomie, la soci\u00e9t\u00e9 et les analyses politiques. Le site s\u2019adresse \u00e0 un large public francophone et couvre l\u2019information tunisienne en temps r\u00e9el.","email":"redac@webdo.tn","legalName":"YNJ SARL","foundingDate":"2010-09-06","numberOfEmployees":{"@type":"QuantitativeValue","minValue":"11","maxValue":"50"}},{"@type":"Person","@id":"https:\/\/www.webdo.tn\/fr\/#\/schema\/person\/f35b42a42c5e2511bbd282959d6385cc","name":"CL","image":{"@type":"ImageObject","inLanguage":"fr-FR","@id":"https:\/\/secure.gravatar.com\/avatar\/1447a49909b67aa657c488aec6512e1dd6143a480c1ecfee9b5b5cd74eb3b59e?s=96&d=mm&r=g","url":"https:\/\/secure.gravatar.com\/avatar\/1447a49909b67aa657c488aec6512e1dd6143a480c1ecfee9b5b5cd74eb3b59e?s=96&d=mm&r=g","contentUrl":"https:\/\/secure.gravatar.com\/avatar\/1447a49909b67aa657c488aec6512e1dd6143a480c1ecfee9b5b5cd74eb3b59e?s=96&d=mm&r=g","caption":"CL"},"url":"https:\/\/www.webdo.tn\/fr\/actualite\/author\/cl\/"}]}},"_links":{"self":[{"href":"https:\/\/www.webdo.tn\/fr\/wp-json\/wp\/v2\/posts\/212155","targetHints":{"allow":["GET"]}}],"collection":[{"href":"https:\/\/www.webdo.tn\/fr\/wp-json\/wp\/v2\/posts"}],"about":[{"href":"https:\/\/www.webdo.tn\/fr\/wp-json\/wp\/v2\/types\/post"}],"author":[{"embeddable":true,"href":"https:\/\/www.webdo.tn\/fr\/wp-json\/wp\/v2\/users\/3175"}],"replies":[{"embeddable":true,"href":"https:\/\/www.webdo.tn\/fr\/wp-json\/wp\/v2\/comments?post=212155"}],"version-history":[{"count":0,"href":"https:\/\/www.webdo.tn\/fr\/wp-json\/wp\/v2\/posts\/212155\/revisions"}],"wp:featuredmedia":[{"embeddable":true,"href":"https:\/\/www.webdo.tn\/fr\/wp-json\/wp\/v2\/media\/290198"}],"wp:attachment":[{"href":"https:\/\/www.webdo.tn\/fr\/wp-json\/wp\/v2\/media?parent=212155"}],"wp:term":[{"taxonomy":"category","embeddable":true,"href":"https:\/\/www.webdo.tn\/fr\/wp-json\/wp\/v2\/categories?post=212155"},{"taxonomy":"post_tag","embeddable":true,"href":"https:\/\/www.webdo.tn\/fr\/wp-json\/wp\/v2\/tags?post=212155"}],"curies":[{"name":"wp","href":"https:\/\/api.w.org\/{rel}","templated":true}]}}