{"id":212131,"date":"2024-02-07T22:53:00","date_gmt":"2024-02-07T22:53:00","guid":{"rendered":"https:\/\/www.webdo.tn\/fr\/blog\/le-nigeria-et-la-cote-d-ivoire-en-finale-de-la-can\/212131\/"},"modified":"2025-05-20T21:53:14","modified_gmt":"2025-05-20T21:53:14","slug":"le-nigeria-et-la-cote-d-ivoire-en-finale-de-la-can","status":"publish","type":"post","link":"https:\/\/www.webdo.tn\/fr\/actualite\/sport\/le-nigeria-et-la-cote-d-ivoire-en-finale-de-la-can\/212131\/","title":{"rendered":"Le Nigeria et la C\u00f4te d\u2019Ivoire en finale de la CAN"},"content":{"rendered":"<p>Le Nigeria et la C\u00f4te d\u2019Ivoire ont rendez-vous, dimanche prochain pour la finale de la Coupe d\u2019Afrique des Nations. Ils se sont qualifi\u00e9s ce soir en finale apr\u00e8s avoir \u00e9limin\u00e9 respectivement l\u2019Afrique du Sud et la RD Congo.<\/p>\n<p>\t\t\t\t\t\t\t\t\tC\u2019est le Nigeria qui a obtenu le premier, son billet pour la finale de la Coupe d&rsquo;Afrique des Nations. Oppos\u00e9 \u00e0 l\u2019Afrique du Sud en demi-finale, il s\u2019est qualifi\u00e9 aux tirs au but 4-2 apr\u00e8s un match qui s\u2019est sold\u00e9 sur le score de 1-1.<\/p>\n<p>La C\u00f4te d\u2019Ivoire lui a embo\u00eet\u00e9 le pas en se qualifiant \u00e0 son tour face \u00e0 la RD Congo. Les Ivoiriens se sont impos\u00e9s 1-0 dans la deuxi\u00e8me demi-finale dans un stade Stade Alassane Ouattara d\u2019Abidjan plein \u00e0 craquer et qui sera aussi le th\u00e9\u00e2tre de la finale.<\/p>\n<p>Dimanche 11 f\u00e9vrier, le Nigeria jouera sa huiti\u00e8me finale de CAN. Il a d\u00e9j\u00e0 remport\u00e9 la CAN \u00e0 trois reprises, en 1980, 1994 et 2013, mais a aussi perdu quatre finales (1984, 1988, 1990 et 2000)<\/p>\n<p>La C\u00f4te d\u2019Ivoire va, quant \u00e0 elle, jouer sa cinqui\u00e8me finale de CAN. Elle compte deux succ\u00e8s en 1992 et 2015 et deux d\u00e9faites en 2006 et 2012.<\/p>\n<p>A noter que le Nigeria et la C\u00f4te d\u2019Ivoire sont issus du m\u00eame groupe (A). Lors de leur opposition du 1er tour, le Nigeria s&rsquo;\u00e9tait impos\u00e9 1-0.<\/p>\n","protected":false},"excerpt":{"rendered":"<p>La finale de la CAN 2023+1 va r\u00e9unir le Nigeria et la C\u00f4te d&rsquo;Ivoire qui s&rsquo;affronteront dimanche prochain pour remporter le troph\u00e9e.<\/p>\n","protected":false},"author":3162,"featured_media":248048,"comment_status":"open","ping_status":"closed","sticky":false,"template":"","format":"standard","meta":{"footnotes":""},"categories":[2593],"tags":[7011,5946,7035,4676,7010],"class_list":["post-212131","post","type-post","status-publish","format-standard","has-post-thumbnail","hentry","category-sport","tag-can-20231","tag-cote-divoire","tag-coupe-dafrique-des-nations","tag-finale","tag-nigeria"],"yoast_head":"<!-- This site is optimized with the Yoast SEO Premium plugin v27.5 (Yoast SEO v27.5) - https:\/\/yoast.com\/product\/yoast-seo-premium-wordpress\/ -->\n<title>Le Nigeria et la C\u00f4te d\u2019Ivoire en finale de la CAN<\/title>\n<meta name=\"description\" content=\"La finale de la CAN 2023+1 va r\u00e9unir le Nigeria et la C\u00f4te d&#039;Ivoire qui s&#039;affronteront dimanche prochain pour remporter le troph\u00e9e.\" \/>\n<link rel=\"canonical\" href=\"https:\/\/www.webdo.tn\/fr\/actualite\/sport\/le-nigeria-et-la-cote-d-ivoire-en-finale-de-la-can\/212131\/\" \/>\n<meta property=\"og:locale\" content=\"fr_FR\" \/>\n<meta property=\"og:type\" content=\"article\" \/>\n<meta property=\"og:title\" content=\"Le Nigeria et la C\u00f4te d\u2019Ivoire en finale de la CAN\" \/>\n<meta property=\"og:description\" content=\"La finale de la CAN 2023+1 va r\u00e9unir le Nigeria et la C\u00f4te d&#039;Ivoire qui s&#039;affronteront dimanche prochain pour remporter le troph\u00e9e.\" \/>\n<meta property=\"og:url\" content=\"https:\/\/www.webdo.tn\/fr\/actualite\/sport\/le-nigeria-et-la-cote-d-ivoire-en-finale-de-la-can\/212131\/\" \/>\n<meta property=\"og:site_name\" content=\"webdo\" \/>\n<meta property=\"article:publisher\" content=\"https:\/\/www.facebook.com\/webdotn\" \/>\n<meta property=\"article:published_time\" content=\"2024-02-07T22:53:00+00:00\" \/>\n<meta property=\"article:modified_time\" content=\"2025-05-20T21:53:14+00:00\" \/>\n<meta property=\"og:image\" content=\"https:\/\/www.webdo.tn\/fr\/wp-content\/uploads\/2024\/02\/279d8ae7a881ffcd7956ea9833197e4b.jpg\" \/>\n\t<meta property=\"og:image:width\" content=\"750\" \/>\n\t<meta property=\"og:image:height\" content=\"400\" \/>\n\t<meta property=\"og:image:type\" content=\"image\/jpeg\" \/>\n<meta name=\"author\" content=\"MC\" \/>\n<meta name=\"twitter:card\" content=\"summary_large_image\" \/>\n<meta name=\"twitter:creator\" content=\"@webdo_tn\" \/>\n<meta name=\"twitter:site\" content=\"@webdo_tn\" \/>\n<meta name=\"twitter:label1\" content=\"\u00c9crit par\" \/>\n\t<meta name=\"twitter:data1\" content=\"MC\" \/>\n\t<meta name=\"twitter:label2\" content=\"Dur\u00e9e de lecture estim\u00e9e\" \/>\n\t<meta name=\"twitter:data2\" content=\"1 minute\" \/>\n<script type=\"application\/ld+json\" class=\"yoast-schema-graph\">{\"@context\":\"https:\\\/\\\/schema.org\",\"@graph\":[{\"@type\":\"NewsArticle\",\"@id\":\"https:\\\/\\\/www.webdo.tn\\\/fr\\\/actualite\\\/sport\\\/le-nigeria-et-la-cote-d-ivoire-en-finale-de-la-can\\\/212131\\\/#article\",\"isPartOf\":{\"@id\":\"https:\\\/\\\/www.webdo.tn\\\/fr\\\/actualite\\\/sport\\\/le-nigeria-et-la-cote-d-ivoire-en-finale-de-la-can\\\/212131\\\/\"},\"author\":{\"name\":\"MC\",\"@id\":\"https:\\\/\\\/www.webdo.tn\\\/fr\\\/#\\\/schema\\\/person\\\/2c4929cbf5a809e3bd38617c6ce150f6\"},\"headline\":\"Le Nigeria et la C\u00f4te d\u2019Ivoire en finale de la CAN\",\"datePublished\":\"2024-02-07T22:53:00+00:00\",\"dateModified\":\"2025-05-20T21:53:14+00:00\",\"mainEntityOfPage\":{\"@id\":\"https:\\\/\\\/www.webdo.tn\\\/fr\\\/actualite\\\/sport\\\/le-nigeria-et-la-cote-d-ivoire-en-finale-de-la-can\\\/212131\\\/\"},\"wordCount\":248,\"commentCount\":0,\"publisher\":{\"@id\":\"https:\\\/\\\/www.webdo.tn\\\/fr\\\/#organization\"},\"image\":{\"@id\":\"https:\\\/\\\/www.webdo.tn\\\/fr\\\/actualite\\\/sport\\\/le-nigeria-et-la-cote-d-ivoire-en-finale-de-la-can\\\/212131\\\/#primaryimage\"},\"thumbnailUrl\":\"https:\\\/\\\/www.webdo.tn\\\/fr\\\/wp-content\\\/uploads\\\/2024\\\/02\\\/279d8ae7a881ffcd7956ea9833197e4b.jpg\",\"keywords\":[\"CAN 2023+1\",\"C\u00f4te-d'Ivoire\",\"coupe d'afrique des nations\",\"finale\",\"Nigeria\"],\"articleSection\":[\"Sport\"],\"inLanguage\":\"fr-FR\"},{\"@type\":\"WebPage\",\"@id\":\"https:\\\/\\\/www.webdo.tn\\\/fr\\\/actualite\\\/sport\\\/le-nigeria-et-la-cote-d-ivoire-en-finale-de-la-can\\\/212131\\\/\",\"url\":\"https:\\\/\\\/www.webdo.tn\\\/fr\\\/actualite\\\/sport\\\/le-nigeria-et-la-cote-d-ivoire-en-finale-de-la-can\\\/212131\\\/\",\"name\":\"Le Nigeria et la C\u00f4te d\u2019Ivoire en finale de la CAN\",\"isPartOf\":{\"@id\":\"https:\\\/\\\/www.webdo.tn\\\/fr\\\/#website\"},\"primaryImageOfPage\":{\"@id\":\"https:\\\/\\\/www.webdo.tn\\\/fr\\\/actualite\\\/sport\\\/le-nigeria-et-la-cote-d-ivoire-en-finale-de-la-can\\\/212131\\\/#primaryimage\"},\"image\":{\"@id\":\"https:\\\/\\\/www.webdo.tn\\\/fr\\\/actualite\\\/sport\\\/le-nigeria-et-la-cote-d-ivoire-en-finale-de-la-can\\\/212131\\\/#primaryimage\"},\"thumbnailUrl\":\"https:\\\/\\\/www.webdo.tn\\\/fr\\\/wp-content\\\/uploads\\\/2024\\\/02\\\/279d8ae7a881ffcd7956ea9833197e4b.jpg\",\"datePublished\":\"2024-02-07T22:53:00+00:00\",\"dateModified\":\"2025-05-20T21:53:14+00:00\",\"description\":\"La finale de la CAN 2023+1 va r\u00e9unir le Nigeria et la C\u00f4te d'Ivoire qui s'affronteront dimanche prochain pour remporter le troph\u00e9e.\",\"breadcrumb\":{\"@id\":\"https:\\\/\\\/www.webdo.tn\\\/fr\\\/actualite\\\/sport\\\/le-nigeria-et-la-cote-d-ivoire-en-finale-de-la-can\\\/212131\\\/#breadcrumb\"},\"inLanguage\":\"fr-FR\",\"potentialAction\":[{\"@type\":\"ReadAction\",\"target\":[\"https:\\\/\\\/www.webdo.tn\\\/fr\\\/actualite\\\/sport\\\/le-nigeria-et-la-cote-d-ivoire-en-finale-de-la-can\\\/212131\\\/\"]}]},{\"@type\":\"ImageObject\",\"inLanguage\":\"fr-FR\",\"@id\":\"https:\\\/\\\/www.webdo.tn\\\/fr\\\/actualite\\\/sport\\\/le-nigeria-et-la-cote-d-ivoire-en-finale-de-la-can\\\/212131\\\/#primaryimage\",\"url\":\"https:\\\/\\\/www.webdo.tn\\\/fr\\\/wp-content\\\/uploads\\\/2024\\\/02\\\/279d8ae7a881ffcd7956ea9833197e4b.jpg\",\"contentUrl\":\"https:\\\/\\\/www.webdo.tn\\\/fr\\\/wp-content\\\/uploads\\\/2024\\\/02\\\/279d8ae7a881ffcd7956ea9833197e4b.jpg\",\"width\":750,\"height\":400,\"caption\":\"Le Nigeria et la C\u00f4te d\u2019Ivoire en finale de la CAN\"},{\"@type\":\"BreadcrumbList\",\"@id\":\"https:\\\/\\\/www.webdo.tn\\\/fr\\\/actualite\\\/sport\\\/le-nigeria-et-la-cote-d-ivoire-en-finale-de-la-can\\\/212131\\\/#breadcrumb\",\"itemListElement\":[{\"@type\":\"ListItem\",\"position\":1,\"name\":\"Accueil\",\"item\":\"https:\\\/\\\/www.webdo.tn\\\/fr\\\/\"},{\"@type\":\"ListItem\",\"position\":2,\"name\":\"Le Nigeria et la C\u00f4te d\u2019Ivoire en finale de la CAN\"}]},{\"@type\":\"WebSite\",\"@id\":\"https:\\\/\\\/www.webdo.tn\\\/fr\\\/#website\",\"url\":\"https:\\\/\\\/www.webdo.tn\\\/fr\\\/\",\"name\":\"webdo\",\"description\":\"Tunisie - News en Tunisie et \u00e0 l&#039;international sur Webdo.tn\",\"publisher\":{\"@id\":\"https:\\\/\\\/www.webdo.tn\\\/fr\\\/#organization\"},\"potentialAction\":[{\"@type\":\"SearchAction\",\"target\":{\"@type\":\"EntryPoint\",\"urlTemplate\":\"https:\\\/\\\/www.webdo.tn\\\/fr\\\/?s={search_term_string}\"},\"query-input\":{\"@type\":\"PropertyValueSpecification\",\"valueRequired\":true,\"valueName\":\"search_term_string\"}}],\"inLanguage\":\"fr-FR\"},{\"@type\":\"Organization\",\"@id\":\"https:\\\/\\\/www.webdo.tn\\\/fr\\\/#organization\",\"name\":\"Webdo\",\"alternateName\":\"Webdo.tn\",\"url\":\"https:\\\/\\\/www.webdo.tn\\\/fr\\\/\",\"logo\":{\"@type\":\"ImageObject\",\"inLanguage\":\"fr-FR\",\"@id\":\"https:\\\/\\\/www.webdo.tn\\\/fr\\\/#\\\/schema\\\/logo\\\/image\\\/\",\"url\":\"https:\\\/\\\/www.webdo.tn\\\/fr\\\/wp-content\\\/uploads\\\/2025\\\/06\\\/Webdo-Tunisie_168377.jpg\",\"contentUrl\":\"https:\\\/\\\/www.webdo.tn\\\/fr\\\/wp-content\\\/uploads\\\/2025\\\/06\\\/Webdo-Tunisie_168377.jpg\",\"width\":301,\"height\":301,\"caption\":\"Webdo\"},\"image\":{\"@id\":\"https:\\\/\\\/www.webdo.tn\\\/fr\\\/#\\\/schema\\\/logo\\\/image\\\/\"},\"sameAs\":[\"https:\\\/\\\/www.facebook.com\\\/webdotn\",\"https:\\\/\\\/x.com\\\/webdo_tn\"],\"description\":\"Webdo est un m\u00e9dia num\u00e9rique tunisien fond\u00e9 en 2010, sp\u00e9cialis\u00e9 dans l\u2019actualit\u00e9 nationale et internationale, l\u2019\u00e9conomie, la soci\u00e9t\u00e9 et les analyses politiques. Le site s\u2019adresse \u00e0 un large public francophone et couvre l\u2019information tunisienne en temps r\u00e9el.\",\"email\":\"redac@webdo.tn\",\"legalName\":\"YNJ SARL\",\"foundingDate\":\"2010-09-06\",\"numberOfEmployees\":{\"@type\":\"QuantitativeValue\",\"minValue\":\"11\",\"maxValue\":\"50\"}},{\"@type\":\"Person\",\"@id\":\"https:\\\/\\\/www.webdo.tn\\\/fr\\\/#\\\/schema\\\/person\\\/2c4929cbf5a809e3bd38617c6ce150f6\",\"name\":\"MC\",\"image\":{\"@type\":\"ImageObject\",\"inLanguage\":\"fr-FR\",\"@id\":\"https:\\\/\\\/secure.gravatar.com\\\/avatar\\\/a545bbb6f84efdd5553dbbc2895e3ca8f1d12c5215e00a041c9670b54aa9b18a?s=96&d=mm&r=g\",\"url\":\"https:\\\/\\\/secure.gravatar.com\\\/avatar\\\/a545bbb6f84efdd5553dbbc2895e3ca8f1d12c5215e00a041c9670b54aa9b18a?s=96&d=mm&r=g\",\"contentUrl\":\"https:\\\/\\\/secure.gravatar.com\\\/avatar\\\/a545bbb6f84efdd5553dbbc2895e3ca8f1d12c5215e00a041c9670b54aa9b18a?s=96&d=mm&r=g\",\"caption\":\"MC\"},\"url\":\"https:\\\/\\\/www.webdo.tn\\\/fr\\\/actualite\\\/author\\\/mc\\\/\"}]}<\/script>\n<!-- \/ Yoast SEO Premium plugin. -->","yoast_head_json":{"title":"Le Nigeria et la C\u00f4te d\u2019Ivoire en finale de la CAN","description":"La finale de la CAN 2023+1 va r\u00e9unir le Nigeria et la C\u00f4te d'Ivoire qui s'affronteront dimanche prochain pour remporter le troph\u00e9e.","canonical":"https:\/\/www.webdo.tn\/fr\/actualite\/sport\/le-nigeria-et-la-cote-d-ivoire-en-finale-de-la-can\/212131\/","og_locale":"fr_FR","og_type":"article","og_title":"Le Nigeria et la C\u00f4te d\u2019Ivoire en finale de la CAN","og_description":"La finale de la CAN 2023+1 va r\u00e9unir le Nigeria et la C\u00f4te d'Ivoire qui s'affronteront dimanche prochain pour remporter le troph\u00e9e.","og_url":"https:\/\/www.webdo.tn\/fr\/actualite\/sport\/le-nigeria-et-la-cote-d-ivoire-en-finale-de-la-can\/212131\/","og_site_name":"webdo","article_publisher":"https:\/\/www.facebook.com\/webdotn","article_published_time":"2024-02-07T22:53:00+00:00","article_modified_time":"2025-05-20T21:53:14+00:00","og_image":[{"width":750,"height":400,"url":"https:\/\/www.webdo.tn\/fr\/wp-content\/uploads\/2024\/02\/279d8ae7a881ffcd7956ea9833197e4b.jpg","type":"image\/jpeg"}],"author":"MC","twitter_card":"summary_large_image","twitter_creator":"@webdo_tn","twitter_site":"@webdo_tn","twitter_misc":{"\u00c9crit par":"MC","Dur\u00e9e de lecture estim\u00e9e":"1 minute"},"schema":{"@context":"https:\/\/schema.org","@graph":[{"@type":"NewsArticle","@id":"https:\/\/www.webdo.tn\/fr\/actualite\/sport\/le-nigeria-et-la-cote-d-ivoire-en-finale-de-la-can\/212131\/#article","isPartOf":{"@id":"https:\/\/www.webdo.tn\/fr\/actualite\/sport\/le-nigeria-et-la-cote-d-ivoire-en-finale-de-la-can\/212131\/"},"author":{"name":"MC","@id":"https:\/\/www.webdo.tn\/fr\/#\/schema\/person\/2c4929cbf5a809e3bd38617c6ce150f6"},"headline":"Le Nigeria et la C\u00f4te d\u2019Ivoire en finale de la CAN","datePublished":"2024-02-07T22:53:00+00:00","dateModified":"2025-05-20T21:53:14+00:00","mainEntityOfPage":{"@id":"https:\/\/www.webdo.tn\/fr\/actualite\/sport\/le-nigeria-et-la-cote-d-ivoire-en-finale-de-la-can\/212131\/"},"wordCount":248,"commentCount":0,"publisher":{"@id":"https:\/\/www.webdo.tn\/fr\/#organization"},"image":{"@id":"https:\/\/www.webdo.tn\/fr\/actualite\/sport\/le-nigeria-et-la-cote-d-ivoire-en-finale-de-la-can\/212131\/#primaryimage"},"thumbnailUrl":"https:\/\/www.webdo.tn\/fr\/wp-content\/uploads\/2024\/02\/279d8ae7a881ffcd7956ea9833197e4b.jpg","keywords":["CAN 2023+1","C\u00f4te-d'Ivoire","coupe d'afrique des nations","finale","Nigeria"],"articleSection":["Sport"],"inLanguage":"fr-FR"},{"@type":"WebPage","@id":"https:\/\/www.webdo.tn\/fr\/actualite\/sport\/le-nigeria-et-la-cote-d-ivoire-en-finale-de-la-can\/212131\/","url":"https:\/\/www.webdo.tn\/fr\/actualite\/sport\/le-nigeria-et-la-cote-d-ivoire-en-finale-de-la-can\/212131\/","name":"Le Nigeria et la C\u00f4te d\u2019Ivoire en finale de la CAN","isPartOf":{"@id":"https:\/\/www.webdo.tn\/fr\/#website"},"primaryImageOfPage":{"@id":"https:\/\/www.webdo.tn\/fr\/actualite\/sport\/le-nigeria-et-la-cote-d-ivoire-en-finale-de-la-can\/212131\/#primaryimage"},"image":{"@id":"https:\/\/www.webdo.tn\/fr\/actualite\/sport\/le-nigeria-et-la-cote-d-ivoire-en-finale-de-la-can\/212131\/#primaryimage"},"thumbnailUrl":"https:\/\/www.webdo.tn\/fr\/wp-content\/uploads\/2024\/02\/279d8ae7a881ffcd7956ea9833197e4b.jpg","datePublished":"2024-02-07T22:53:00+00:00","dateModified":"2025-05-20T21:53:14+00:00","description":"La finale de la CAN 2023+1 va r\u00e9unir le Nigeria et la C\u00f4te d'Ivoire qui s'affronteront dimanche prochain pour remporter le troph\u00e9e.","breadcrumb":{"@id":"https:\/\/www.webdo.tn\/fr\/actualite\/sport\/le-nigeria-et-la-cote-d-ivoire-en-finale-de-la-can\/212131\/#breadcrumb"},"inLanguage":"fr-FR","potentialAction":[{"@type":"ReadAction","target":["https:\/\/www.webdo.tn\/fr\/actualite\/sport\/le-nigeria-et-la-cote-d-ivoire-en-finale-de-la-can\/212131\/"]}]},{"@type":"ImageObject","inLanguage":"fr-FR","@id":"https:\/\/www.webdo.tn\/fr\/actualite\/sport\/le-nigeria-et-la-cote-d-ivoire-en-finale-de-la-can\/212131\/#primaryimage","url":"https:\/\/www.webdo.tn\/fr\/wp-content\/uploads\/2024\/02\/279d8ae7a881ffcd7956ea9833197e4b.jpg","contentUrl":"https:\/\/www.webdo.tn\/fr\/wp-content\/uploads\/2024\/02\/279d8ae7a881ffcd7956ea9833197e4b.jpg","width":750,"height":400,"caption":"Le Nigeria et la C\u00f4te d\u2019Ivoire en finale de la CAN"},{"@type":"BreadcrumbList","@id":"https:\/\/www.webdo.tn\/fr\/actualite\/sport\/le-nigeria-et-la-cote-d-ivoire-en-finale-de-la-can\/212131\/#breadcrumb","itemListElement":[{"@type":"ListItem","position":1,"name":"Accueil","item":"https:\/\/www.webdo.tn\/fr\/"},{"@type":"ListItem","position":2,"name":"Le Nigeria et la C\u00f4te d\u2019Ivoire en finale de la CAN"}]},{"@type":"WebSite","@id":"https:\/\/www.webdo.tn\/fr\/#website","url":"https:\/\/www.webdo.tn\/fr\/","name":"webdo","description":"Tunisie - News en Tunisie et \u00e0 l&#039;international sur Webdo.tn","publisher":{"@id":"https:\/\/www.webdo.tn\/fr\/#organization"},"potentialAction":[{"@type":"SearchAction","target":{"@type":"EntryPoint","urlTemplate":"https:\/\/www.webdo.tn\/fr\/?s={search_term_string}"},"query-input":{"@type":"PropertyValueSpecification","valueRequired":true,"valueName":"search_term_string"}}],"inLanguage":"fr-FR"},{"@type":"Organization","@id":"https:\/\/www.webdo.tn\/fr\/#organization","name":"Webdo","alternateName":"Webdo.tn","url":"https:\/\/www.webdo.tn\/fr\/","logo":{"@type":"ImageObject","inLanguage":"fr-FR","@id":"https:\/\/www.webdo.tn\/fr\/#\/schema\/logo\/image\/","url":"https:\/\/www.webdo.tn\/fr\/wp-content\/uploads\/2025\/06\/Webdo-Tunisie_168377.jpg","contentUrl":"https:\/\/www.webdo.tn\/fr\/wp-content\/uploads\/2025\/06\/Webdo-Tunisie_168377.jpg","width":301,"height":301,"caption":"Webdo"},"image":{"@id":"https:\/\/www.webdo.tn\/fr\/#\/schema\/logo\/image\/"},"sameAs":["https:\/\/www.facebook.com\/webdotn","https:\/\/x.com\/webdo_tn"],"description":"Webdo est un m\u00e9dia num\u00e9rique tunisien fond\u00e9 en 2010, sp\u00e9cialis\u00e9 dans l\u2019actualit\u00e9 nationale et internationale, l\u2019\u00e9conomie, la soci\u00e9t\u00e9 et les analyses politiques. Le site s\u2019adresse \u00e0 un large public francophone et couvre l\u2019information tunisienne en temps r\u00e9el.","email":"redac@webdo.tn","legalName":"YNJ SARL","foundingDate":"2010-09-06","numberOfEmployees":{"@type":"QuantitativeValue","minValue":"11","maxValue":"50"}},{"@type":"Person","@id":"https:\/\/www.webdo.tn\/fr\/#\/schema\/person\/2c4929cbf5a809e3bd38617c6ce150f6","name":"MC","image":{"@type":"ImageObject","inLanguage":"fr-FR","@id":"https:\/\/secure.gravatar.com\/avatar\/a545bbb6f84efdd5553dbbc2895e3ca8f1d12c5215e00a041c9670b54aa9b18a?s=96&d=mm&r=g","url":"https:\/\/secure.gravatar.com\/avatar\/a545bbb6f84efdd5553dbbc2895e3ca8f1d12c5215e00a041c9670b54aa9b18a?s=96&d=mm&r=g","contentUrl":"https:\/\/secure.gravatar.com\/avatar\/a545bbb6f84efdd5553dbbc2895e3ca8f1d12c5215e00a041c9670b54aa9b18a?s=96&d=mm&r=g","caption":"MC"},"url":"https:\/\/www.webdo.tn\/fr\/actualite\/author\/mc\/"}]}},"_links":{"self":[{"href":"https:\/\/www.webdo.tn\/fr\/wp-json\/wp\/v2\/posts\/212131","targetHints":{"allow":["GET"]}}],"collection":[{"href":"https:\/\/www.webdo.tn\/fr\/wp-json\/wp\/v2\/posts"}],"about":[{"href":"https:\/\/www.webdo.tn\/fr\/wp-json\/wp\/v2\/types\/post"}],"author":[{"embeddable":true,"href":"https:\/\/www.webdo.tn\/fr\/wp-json\/wp\/v2\/users\/3162"}],"replies":[{"embeddable":true,"href":"https:\/\/www.webdo.tn\/fr\/wp-json\/wp\/v2\/comments?post=212131"}],"version-history":[{"count":0,"href":"https:\/\/www.webdo.tn\/fr\/wp-json\/wp\/v2\/posts\/212131\/revisions"}],"wp:featuredmedia":[{"embeddable":true,"href":"https:\/\/www.webdo.tn\/fr\/wp-json\/wp\/v2\/media\/248048"}],"wp:attachment":[{"href":"https:\/\/www.webdo.tn\/fr\/wp-json\/wp\/v2\/media?parent=212131"}],"wp:term":[{"taxonomy":"category","embeddable":true,"href":"https:\/\/www.webdo.tn\/fr\/wp-json\/wp\/v2\/categories?post=212131"},{"taxonomy":"post_tag","embeddable":true,"href":"https:\/\/www.webdo.tn\/fr\/wp-json\/wp\/v2\/tags?post=212131"}],"curies":[{"name":"wp","href":"https:\/\/api.w.org\/{rel}","templated":true}]}}