{"id":212130,"date":"2024-02-07T21:17:00","date_gmt":"2024-02-07T21:17:00","guid":{"rendered":"https:\/\/www.webdo.tn\/fr\/blog\/meeting-international-de-charjah-nouveau-record-mondial-pour-walid-ktila\/212130\/"},"modified":"2025-05-20T21:53:13","modified_gmt":"2025-05-20T21:53:13","slug":"meeting-international-de-charjah-nouveau-record-mondial-pour-walid-ktila","status":"publish","type":"post","link":"https:\/\/www.webdo.tn\/fr\/actualite\/sport\/meeting-international-de-charjah-nouveau-record-mondial-pour-walid-ktila\/212130\/","title":{"rendered":"Meeting international de Charjah : Nouveau record mondial pour Walid Ktila"},"content":{"rendered":"<p>Le champion paralympique Walid Ktila a \u00e9tabli, ce mercredi 7 f\u00e9vrier 2024, un nouveau record du monde personnel aux 1500 m\u00e8tres en fauteuil (cat\u00e9gorie T34).<\/p>\n<p>\t\t\t\t\t\t\t\t\tParticipant au Meeting international de Charjah aux Emirats arabes unis, Walid Ktila, champion paralympique, a parcouru la distance en 02:58:44.<\/p>\n<p>Hier, Walid Ktila a remport\u00e9 la m\u00e9daille d&rsquo;or du 200 m\u00e8tres en fauteuil roulant de la cat\u00e9gorie T34 avec un temps de 27 secondes et 41 centi\u00e8mes.<\/p>\n<p>De son c\u00f4t\u00e9, Nidhal Kh\u00e9lifi a d\u00e9croch\u00e9 la m\u00e9daille de bronze du 200 m chaises (T53) en r\u00e9alisant un temps de 27 secondes et 19 centi\u00e8mes.<\/p>\n","protected":false},"excerpt":{"rendered":"<p>Walid Ktila, champion paralympique, bat un nouveau record du monde<\/p>\n","protected":false},"author":3162,"featured_media":248047,"comment_status":"open","ping_status":"closed","sticky":false,"template":"","format":"standard","meta":{"footnotes":""},"categories":[2593],"tags":[7034,6478,7033,5806],"class_list":["post-212130","post","type-post","status-publish","format-standard","has-post-thumbnail","hentry","category-sport","tag-charjah","tag-para-athletisme","tag-record-du-monde","tag-walid-ktila"],"yoast_head":"<!-- This site is optimized with the Yoast SEO Premium plugin v27.5 (Yoast SEO v27.5) - https:\/\/yoast.com\/product\/yoast-seo-premium-wordpress\/ -->\n<title>Meeting international de Charjah : Nouveau record mondial pour Walid Ktila<\/title>\n<meta name=\"description\" content=\"Walid Ktila, champion paralympique, bat un nouveau record du monde\" \/>\n<link rel=\"canonical\" href=\"https:\/\/www.webdo.tn\/fr\/actualite\/sport\/meeting-international-de-charjah-nouveau-record-mondial-pour-walid-ktila\/212130\/\" \/>\n<meta property=\"og:locale\" content=\"fr_FR\" \/>\n<meta property=\"og:type\" content=\"article\" \/>\n<meta property=\"og:title\" content=\"Meeting international de Charjah : Nouveau record mondial pour Walid Ktila\" \/>\n<meta property=\"og:description\" content=\"Walid Ktila, champion paralympique, bat un nouveau record du monde\" \/>\n<meta property=\"og:url\" content=\"https:\/\/www.webdo.tn\/fr\/actualite\/sport\/meeting-international-de-charjah-nouveau-record-mondial-pour-walid-ktila\/212130\/\" \/>\n<meta property=\"og:site_name\" content=\"webdo\" \/>\n<meta property=\"article:publisher\" content=\"https:\/\/www.facebook.com\/webdotn\" \/>\n<meta property=\"article:published_time\" content=\"2024-02-07T21:17:00+00:00\" \/>\n<meta property=\"article:modified_time\" content=\"2025-05-20T21:53:13+00:00\" \/>\n<meta property=\"og:image\" content=\"https:\/\/www.webdo.tn\/fr\/wp-content\/uploads\/2024\/02\/1857b019c8f63b272e57b7812c93517b.jpg\" \/>\n\t<meta property=\"og:image:width\" content=\"750\" \/>\n\t<meta property=\"og:image:height\" content=\"400\" \/>\n\t<meta property=\"og:image:type\" content=\"image\/jpeg\" \/>\n<meta name=\"author\" content=\"MC\" \/>\n<meta name=\"twitter:card\" content=\"summary_large_image\" \/>\n<meta name=\"twitter:creator\" content=\"@webdo_tn\" \/>\n<meta name=\"twitter:site\" content=\"@webdo_tn\" \/>\n<meta name=\"twitter:label1\" content=\"\u00c9crit par\" \/>\n\t<meta name=\"twitter:data1\" content=\"MC\" \/>\n\t<meta name=\"twitter:label2\" content=\"Dur\u00e9e de lecture estim\u00e9e\" \/>\n\t<meta name=\"twitter:data2\" content=\"1 minute\" \/>\n<script type=\"application\/ld+json\" class=\"yoast-schema-graph\">{\"@context\":\"https:\\\/\\\/schema.org\",\"@graph\":[{\"@type\":\"NewsArticle\",\"@id\":\"https:\\\/\\\/www.webdo.tn\\\/fr\\\/actualite\\\/sport\\\/meeting-international-de-charjah-nouveau-record-mondial-pour-walid-ktila\\\/212130\\\/#article\",\"isPartOf\":{\"@id\":\"https:\\\/\\\/www.webdo.tn\\\/fr\\\/actualite\\\/sport\\\/meeting-international-de-charjah-nouveau-record-mondial-pour-walid-ktila\\\/212130\\\/\"},\"author\":{\"name\":\"MC\",\"@id\":\"https:\\\/\\\/www.webdo.tn\\\/fr\\\/#\\\/schema\\\/person\\\/2c4929cbf5a809e3bd38617c6ce150f6\"},\"headline\":\"Meeting international de Charjah : Nouveau record mondial pour Walid Ktila\",\"datePublished\":\"2024-02-07T21:17:00+00:00\",\"dateModified\":\"2025-05-20T21:53:13+00:00\",\"mainEntityOfPage\":{\"@id\":\"https:\\\/\\\/www.webdo.tn\\\/fr\\\/actualite\\\/sport\\\/meeting-international-de-charjah-nouveau-record-mondial-pour-walid-ktila\\\/212130\\\/\"},\"wordCount\":112,\"commentCount\":0,\"publisher\":{\"@id\":\"https:\\\/\\\/www.webdo.tn\\\/fr\\\/#organization\"},\"image\":{\"@id\":\"https:\\\/\\\/www.webdo.tn\\\/fr\\\/actualite\\\/sport\\\/meeting-international-de-charjah-nouveau-record-mondial-pour-walid-ktila\\\/212130\\\/#primaryimage\"},\"thumbnailUrl\":\"https:\\\/\\\/www.webdo.tn\\\/fr\\\/wp-content\\\/uploads\\\/2024\\\/02\\\/1857b019c8f63b272e57b7812c93517b.jpg\",\"keywords\":[\"charjah\",\"para-athl\u00e9tisme\",\"record du monde\",\"Walid Ktila\"],\"articleSection\":[\"Sport\"],\"inLanguage\":\"fr-FR\"},{\"@type\":\"WebPage\",\"@id\":\"https:\\\/\\\/www.webdo.tn\\\/fr\\\/actualite\\\/sport\\\/meeting-international-de-charjah-nouveau-record-mondial-pour-walid-ktila\\\/212130\\\/\",\"url\":\"https:\\\/\\\/www.webdo.tn\\\/fr\\\/actualite\\\/sport\\\/meeting-international-de-charjah-nouveau-record-mondial-pour-walid-ktila\\\/212130\\\/\",\"name\":\"Meeting international de Charjah : Nouveau record mondial pour Walid Ktila\",\"isPartOf\":{\"@id\":\"https:\\\/\\\/www.webdo.tn\\\/fr\\\/#website\"},\"primaryImageOfPage\":{\"@id\":\"https:\\\/\\\/www.webdo.tn\\\/fr\\\/actualite\\\/sport\\\/meeting-international-de-charjah-nouveau-record-mondial-pour-walid-ktila\\\/212130\\\/#primaryimage\"},\"image\":{\"@id\":\"https:\\\/\\\/www.webdo.tn\\\/fr\\\/actualite\\\/sport\\\/meeting-international-de-charjah-nouveau-record-mondial-pour-walid-ktila\\\/212130\\\/#primaryimage\"},\"thumbnailUrl\":\"https:\\\/\\\/www.webdo.tn\\\/fr\\\/wp-content\\\/uploads\\\/2024\\\/02\\\/1857b019c8f63b272e57b7812c93517b.jpg\",\"datePublished\":\"2024-02-07T21:17:00+00:00\",\"dateModified\":\"2025-05-20T21:53:13+00:00\",\"description\":\"Walid Ktila, champion paralympique, bat un nouveau record du monde\",\"breadcrumb\":{\"@id\":\"https:\\\/\\\/www.webdo.tn\\\/fr\\\/actualite\\\/sport\\\/meeting-international-de-charjah-nouveau-record-mondial-pour-walid-ktila\\\/212130\\\/#breadcrumb\"},\"inLanguage\":\"fr-FR\",\"potentialAction\":[{\"@type\":\"ReadAction\",\"target\":[\"https:\\\/\\\/www.webdo.tn\\\/fr\\\/actualite\\\/sport\\\/meeting-international-de-charjah-nouveau-record-mondial-pour-walid-ktila\\\/212130\\\/\"]}]},{\"@type\":\"ImageObject\",\"inLanguage\":\"fr-FR\",\"@id\":\"https:\\\/\\\/www.webdo.tn\\\/fr\\\/actualite\\\/sport\\\/meeting-international-de-charjah-nouveau-record-mondial-pour-walid-ktila\\\/212130\\\/#primaryimage\",\"url\":\"https:\\\/\\\/www.webdo.tn\\\/fr\\\/wp-content\\\/uploads\\\/2024\\\/02\\\/1857b019c8f63b272e57b7812c93517b.jpg\",\"contentUrl\":\"https:\\\/\\\/www.webdo.tn\\\/fr\\\/wp-content\\\/uploads\\\/2024\\\/02\\\/1857b019c8f63b272e57b7812c93517b.jpg\",\"width\":750,\"height\":400,\"caption\":\"Meeting international de Charjah : Nouveau record mondial pour Walid Ktila\"},{\"@type\":\"BreadcrumbList\",\"@id\":\"https:\\\/\\\/www.webdo.tn\\\/fr\\\/actualite\\\/sport\\\/meeting-international-de-charjah-nouveau-record-mondial-pour-walid-ktila\\\/212130\\\/#breadcrumb\",\"itemListElement\":[{\"@type\":\"ListItem\",\"position\":1,\"name\":\"Accueil\",\"item\":\"https:\\\/\\\/www.webdo.tn\\\/fr\\\/\"},{\"@type\":\"ListItem\",\"position\":2,\"name\":\"Meeting international de Charjah : Nouveau record mondial pour Walid Ktila\"}]},{\"@type\":\"WebSite\",\"@id\":\"https:\\\/\\\/www.webdo.tn\\\/fr\\\/#website\",\"url\":\"https:\\\/\\\/www.webdo.tn\\\/fr\\\/\",\"name\":\"webdo\",\"description\":\"Tunisie - News en Tunisie et \u00e0 l&#039;international sur Webdo.tn\",\"publisher\":{\"@id\":\"https:\\\/\\\/www.webdo.tn\\\/fr\\\/#organization\"},\"potentialAction\":[{\"@type\":\"SearchAction\",\"target\":{\"@type\":\"EntryPoint\",\"urlTemplate\":\"https:\\\/\\\/www.webdo.tn\\\/fr\\\/?s={search_term_string}\"},\"query-input\":{\"@type\":\"PropertyValueSpecification\",\"valueRequired\":true,\"valueName\":\"search_term_string\"}}],\"inLanguage\":\"fr-FR\"},{\"@type\":\"Organization\",\"@id\":\"https:\\\/\\\/www.webdo.tn\\\/fr\\\/#organization\",\"name\":\"Webdo\",\"alternateName\":\"Webdo.tn\",\"url\":\"https:\\\/\\\/www.webdo.tn\\\/fr\\\/\",\"logo\":{\"@type\":\"ImageObject\",\"inLanguage\":\"fr-FR\",\"@id\":\"https:\\\/\\\/www.webdo.tn\\\/fr\\\/#\\\/schema\\\/logo\\\/image\\\/\",\"url\":\"https:\\\/\\\/www.webdo.tn\\\/fr\\\/wp-content\\\/uploads\\\/2025\\\/06\\\/Webdo-Tunisie_168377.jpg\",\"contentUrl\":\"https:\\\/\\\/www.webdo.tn\\\/fr\\\/wp-content\\\/uploads\\\/2025\\\/06\\\/Webdo-Tunisie_168377.jpg\",\"width\":301,\"height\":301,\"caption\":\"Webdo\"},\"image\":{\"@id\":\"https:\\\/\\\/www.webdo.tn\\\/fr\\\/#\\\/schema\\\/logo\\\/image\\\/\"},\"sameAs\":[\"https:\\\/\\\/www.facebook.com\\\/webdotn\",\"https:\\\/\\\/x.com\\\/webdo_tn\"],\"description\":\"Webdo est un m\u00e9dia num\u00e9rique tunisien fond\u00e9 en 2010, sp\u00e9cialis\u00e9 dans l\u2019actualit\u00e9 nationale et internationale, l\u2019\u00e9conomie, la soci\u00e9t\u00e9 et les analyses politiques. Le site s\u2019adresse \u00e0 un large public francophone et couvre l\u2019information tunisienne en temps r\u00e9el.\",\"email\":\"redac@webdo.tn\",\"legalName\":\"YNJ SARL\",\"foundingDate\":\"2010-09-06\",\"numberOfEmployees\":{\"@type\":\"QuantitativeValue\",\"minValue\":\"11\",\"maxValue\":\"50\"}},{\"@type\":\"Person\",\"@id\":\"https:\\\/\\\/www.webdo.tn\\\/fr\\\/#\\\/schema\\\/person\\\/2c4929cbf5a809e3bd38617c6ce150f6\",\"name\":\"MC\",\"image\":{\"@type\":\"ImageObject\",\"inLanguage\":\"fr-FR\",\"@id\":\"https:\\\/\\\/secure.gravatar.com\\\/avatar\\\/a545bbb6f84efdd5553dbbc2895e3ca8f1d12c5215e00a041c9670b54aa9b18a?s=96&d=mm&r=g\",\"url\":\"https:\\\/\\\/secure.gravatar.com\\\/avatar\\\/a545bbb6f84efdd5553dbbc2895e3ca8f1d12c5215e00a041c9670b54aa9b18a?s=96&d=mm&r=g\",\"contentUrl\":\"https:\\\/\\\/secure.gravatar.com\\\/avatar\\\/a545bbb6f84efdd5553dbbc2895e3ca8f1d12c5215e00a041c9670b54aa9b18a?s=96&d=mm&r=g\",\"caption\":\"MC\"},\"url\":\"https:\\\/\\\/www.webdo.tn\\\/fr\\\/actualite\\\/author\\\/mc\\\/\"}]}<\/script>\n<!-- \/ Yoast SEO Premium plugin. -->","yoast_head_json":{"title":"Meeting international de Charjah : Nouveau record mondial pour Walid Ktila","description":"Walid Ktila, champion paralympique, bat un nouveau record du monde","canonical":"https:\/\/www.webdo.tn\/fr\/actualite\/sport\/meeting-international-de-charjah-nouveau-record-mondial-pour-walid-ktila\/212130\/","og_locale":"fr_FR","og_type":"article","og_title":"Meeting international de Charjah : Nouveau record mondial pour Walid Ktila","og_description":"Walid Ktila, champion paralympique, bat un nouveau record du monde","og_url":"https:\/\/www.webdo.tn\/fr\/actualite\/sport\/meeting-international-de-charjah-nouveau-record-mondial-pour-walid-ktila\/212130\/","og_site_name":"webdo","article_publisher":"https:\/\/www.facebook.com\/webdotn","article_published_time":"2024-02-07T21:17:00+00:00","article_modified_time":"2025-05-20T21:53:13+00:00","og_image":[{"width":750,"height":400,"url":"https:\/\/www.webdo.tn\/fr\/wp-content\/uploads\/2024\/02\/1857b019c8f63b272e57b7812c93517b.jpg","type":"image\/jpeg"}],"author":"MC","twitter_card":"summary_large_image","twitter_creator":"@webdo_tn","twitter_site":"@webdo_tn","twitter_misc":{"\u00c9crit par":"MC","Dur\u00e9e de lecture estim\u00e9e":"1 minute"},"schema":{"@context":"https:\/\/schema.org","@graph":[{"@type":"NewsArticle","@id":"https:\/\/www.webdo.tn\/fr\/actualite\/sport\/meeting-international-de-charjah-nouveau-record-mondial-pour-walid-ktila\/212130\/#article","isPartOf":{"@id":"https:\/\/www.webdo.tn\/fr\/actualite\/sport\/meeting-international-de-charjah-nouveau-record-mondial-pour-walid-ktila\/212130\/"},"author":{"name":"MC","@id":"https:\/\/www.webdo.tn\/fr\/#\/schema\/person\/2c4929cbf5a809e3bd38617c6ce150f6"},"headline":"Meeting international de Charjah : Nouveau record mondial pour Walid Ktila","datePublished":"2024-02-07T21:17:00+00:00","dateModified":"2025-05-20T21:53:13+00:00","mainEntityOfPage":{"@id":"https:\/\/www.webdo.tn\/fr\/actualite\/sport\/meeting-international-de-charjah-nouveau-record-mondial-pour-walid-ktila\/212130\/"},"wordCount":112,"commentCount":0,"publisher":{"@id":"https:\/\/www.webdo.tn\/fr\/#organization"},"image":{"@id":"https:\/\/www.webdo.tn\/fr\/actualite\/sport\/meeting-international-de-charjah-nouveau-record-mondial-pour-walid-ktila\/212130\/#primaryimage"},"thumbnailUrl":"https:\/\/www.webdo.tn\/fr\/wp-content\/uploads\/2024\/02\/1857b019c8f63b272e57b7812c93517b.jpg","keywords":["charjah","para-athl\u00e9tisme","record du monde","Walid Ktila"],"articleSection":["Sport"],"inLanguage":"fr-FR"},{"@type":"WebPage","@id":"https:\/\/www.webdo.tn\/fr\/actualite\/sport\/meeting-international-de-charjah-nouveau-record-mondial-pour-walid-ktila\/212130\/","url":"https:\/\/www.webdo.tn\/fr\/actualite\/sport\/meeting-international-de-charjah-nouveau-record-mondial-pour-walid-ktila\/212130\/","name":"Meeting international de Charjah : Nouveau record mondial pour Walid Ktila","isPartOf":{"@id":"https:\/\/www.webdo.tn\/fr\/#website"},"primaryImageOfPage":{"@id":"https:\/\/www.webdo.tn\/fr\/actualite\/sport\/meeting-international-de-charjah-nouveau-record-mondial-pour-walid-ktila\/212130\/#primaryimage"},"image":{"@id":"https:\/\/www.webdo.tn\/fr\/actualite\/sport\/meeting-international-de-charjah-nouveau-record-mondial-pour-walid-ktila\/212130\/#primaryimage"},"thumbnailUrl":"https:\/\/www.webdo.tn\/fr\/wp-content\/uploads\/2024\/02\/1857b019c8f63b272e57b7812c93517b.jpg","datePublished":"2024-02-07T21:17:00+00:00","dateModified":"2025-05-20T21:53:13+00:00","description":"Walid Ktila, champion paralympique, bat un nouveau record du monde","breadcrumb":{"@id":"https:\/\/www.webdo.tn\/fr\/actualite\/sport\/meeting-international-de-charjah-nouveau-record-mondial-pour-walid-ktila\/212130\/#breadcrumb"},"inLanguage":"fr-FR","potentialAction":[{"@type":"ReadAction","target":["https:\/\/www.webdo.tn\/fr\/actualite\/sport\/meeting-international-de-charjah-nouveau-record-mondial-pour-walid-ktila\/212130\/"]}]},{"@type":"ImageObject","inLanguage":"fr-FR","@id":"https:\/\/www.webdo.tn\/fr\/actualite\/sport\/meeting-international-de-charjah-nouveau-record-mondial-pour-walid-ktila\/212130\/#primaryimage","url":"https:\/\/www.webdo.tn\/fr\/wp-content\/uploads\/2024\/02\/1857b019c8f63b272e57b7812c93517b.jpg","contentUrl":"https:\/\/www.webdo.tn\/fr\/wp-content\/uploads\/2024\/02\/1857b019c8f63b272e57b7812c93517b.jpg","width":750,"height":400,"caption":"Meeting international de Charjah : Nouveau record mondial pour Walid Ktila"},{"@type":"BreadcrumbList","@id":"https:\/\/www.webdo.tn\/fr\/actualite\/sport\/meeting-international-de-charjah-nouveau-record-mondial-pour-walid-ktila\/212130\/#breadcrumb","itemListElement":[{"@type":"ListItem","position":1,"name":"Accueil","item":"https:\/\/www.webdo.tn\/fr\/"},{"@type":"ListItem","position":2,"name":"Meeting international de Charjah : Nouveau record mondial pour Walid Ktila"}]},{"@type":"WebSite","@id":"https:\/\/www.webdo.tn\/fr\/#website","url":"https:\/\/www.webdo.tn\/fr\/","name":"webdo","description":"Tunisie - News en Tunisie et \u00e0 l&#039;international sur Webdo.tn","publisher":{"@id":"https:\/\/www.webdo.tn\/fr\/#organization"},"potentialAction":[{"@type":"SearchAction","target":{"@type":"EntryPoint","urlTemplate":"https:\/\/www.webdo.tn\/fr\/?s={search_term_string}"},"query-input":{"@type":"PropertyValueSpecification","valueRequired":true,"valueName":"search_term_string"}}],"inLanguage":"fr-FR"},{"@type":"Organization","@id":"https:\/\/www.webdo.tn\/fr\/#organization","name":"Webdo","alternateName":"Webdo.tn","url":"https:\/\/www.webdo.tn\/fr\/","logo":{"@type":"ImageObject","inLanguage":"fr-FR","@id":"https:\/\/www.webdo.tn\/fr\/#\/schema\/logo\/image\/","url":"https:\/\/www.webdo.tn\/fr\/wp-content\/uploads\/2025\/06\/Webdo-Tunisie_168377.jpg","contentUrl":"https:\/\/www.webdo.tn\/fr\/wp-content\/uploads\/2025\/06\/Webdo-Tunisie_168377.jpg","width":301,"height":301,"caption":"Webdo"},"image":{"@id":"https:\/\/www.webdo.tn\/fr\/#\/schema\/logo\/image\/"},"sameAs":["https:\/\/www.facebook.com\/webdotn","https:\/\/x.com\/webdo_tn"],"description":"Webdo est un m\u00e9dia num\u00e9rique tunisien fond\u00e9 en 2010, sp\u00e9cialis\u00e9 dans l\u2019actualit\u00e9 nationale et internationale, l\u2019\u00e9conomie, la soci\u00e9t\u00e9 et les analyses politiques. Le site s\u2019adresse \u00e0 un large public francophone et couvre l\u2019information tunisienne en temps r\u00e9el.","email":"redac@webdo.tn","legalName":"YNJ SARL","foundingDate":"2010-09-06","numberOfEmployees":{"@type":"QuantitativeValue","minValue":"11","maxValue":"50"}},{"@type":"Person","@id":"https:\/\/www.webdo.tn\/fr\/#\/schema\/person\/2c4929cbf5a809e3bd38617c6ce150f6","name":"MC","image":{"@type":"ImageObject","inLanguage":"fr-FR","@id":"https:\/\/secure.gravatar.com\/avatar\/a545bbb6f84efdd5553dbbc2895e3ca8f1d12c5215e00a041c9670b54aa9b18a?s=96&d=mm&r=g","url":"https:\/\/secure.gravatar.com\/avatar\/a545bbb6f84efdd5553dbbc2895e3ca8f1d12c5215e00a041c9670b54aa9b18a?s=96&d=mm&r=g","contentUrl":"https:\/\/secure.gravatar.com\/avatar\/a545bbb6f84efdd5553dbbc2895e3ca8f1d12c5215e00a041c9670b54aa9b18a?s=96&d=mm&r=g","caption":"MC"},"url":"https:\/\/www.webdo.tn\/fr\/actualite\/author\/mc\/"}]}},"_links":{"self":[{"href":"https:\/\/www.webdo.tn\/fr\/wp-json\/wp\/v2\/posts\/212130","targetHints":{"allow":["GET"]}}],"collection":[{"href":"https:\/\/www.webdo.tn\/fr\/wp-json\/wp\/v2\/posts"}],"about":[{"href":"https:\/\/www.webdo.tn\/fr\/wp-json\/wp\/v2\/types\/post"}],"author":[{"embeddable":true,"href":"https:\/\/www.webdo.tn\/fr\/wp-json\/wp\/v2\/users\/3162"}],"replies":[{"embeddable":true,"href":"https:\/\/www.webdo.tn\/fr\/wp-json\/wp\/v2\/comments?post=212130"}],"version-history":[{"count":0,"href":"https:\/\/www.webdo.tn\/fr\/wp-json\/wp\/v2\/posts\/212130\/revisions"}],"wp:featuredmedia":[{"embeddable":true,"href":"https:\/\/www.webdo.tn\/fr\/wp-json\/wp\/v2\/media\/248047"}],"wp:attachment":[{"href":"https:\/\/www.webdo.tn\/fr\/wp-json\/wp\/v2\/media?parent=212130"}],"wp:term":[{"taxonomy":"category","embeddable":true,"href":"https:\/\/www.webdo.tn\/fr\/wp-json\/wp\/v2\/categories?post=212130"},{"taxonomy":"post_tag","embeddable":true,"href":"https:\/\/www.webdo.tn\/fr\/wp-json\/wp\/v2\/tags?post=212130"}],"curies":[{"name":"wp","href":"https:\/\/api.w.org\/{rel}","templated":true}]}}