{"id":212121,"date":"2024-02-07T15:47:00","date_gmt":"2024-02-07T15:47:00","guid":{"rendered":"https:\/\/www.webdo.tn\/fr\/blog\/jalel-krifa-ancien-dirigeant-de-l-etoile-n-est-plus\/212121\/"},"modified":"2025-05-20T22:11:43","modified_gmt":"2025-05-20T22:11:43","slug":"jalel-krifa-ancien-dirigeant-de-l-etoile-n-est-plus","status":"publish","type":"post","link":"https:\/\/www.webdo.tn\/fr\/actualite\/sport\/jalel-krifa-ancien-dirigeant-de-l-etoile-n-est-plus\/212121\/","title":{"rendered":"Tunisie : Jalel Krifa, ancien dirigeant de l\u2019Etoile n&rsquo;est plus"},"content":{"rendered":"<p>Dr Jalel Krifa, ancien vice-pr\u00e9sident de l\u2019Etoile Sportive du Sahel est d\u00e9c\u00e9d\u00e9 ce mercredi 7 f\u00e9vrier 2024.<\/p>\n<p>\t\t\t\t\t\t\t\t\tL\u2019ancien dirigeant, qui a occup\u00e9 plusieurs postes au sein de l\u2019ESS s\u2019est \u00e9teint apr\u00e8s une longue lutte contre la maladie. Il venait m\u00eame de subir une intervention chirurgicale lourde.<\/p>\n<p>Jalel Krifa a occup\u00e9 plusieurs postes au sein de l\u2019Etoile dont celui de vice-pr\u00e9sident ou de pr\u00e9sident de la section football.<\/p>\n<p>Avec l\u2019Etoile, il a remport\u00e9 plusieurs titres en tant que dirigeant dont la Ligue des Champions africaine en 2007.<\/p>\n<p>Paix \u00e0 son \u00e2me.<\/p>\n","protected":false},"excerpt":{"rendered":"<p>L&rsquo;ancien dirigeant \u00e9toil\u00e9 est d\u00e9c\u00e9d\u00e9 ce mercredi 7 f\u00e9vrier.<\/p>\n","protected":false},"author":3162,"featured_media":290193,"comment_status":"open","ping_status":"closed","sticky":false,"template":"","format":"standard","meta":{"footnotes":""},"categories":[2593],"tags":[9984,2830,6914],"class_list":["post-212121","post","type-post","status-publish","format-standard","has-post-thumbnail","hentry","category-sport","tag-jalel-krifa","tag-deces","tag-etoile-du-sahel"],"yoast_head":"<!-- This site is optimized with the Yoast SEO Premium plugin v27.5 (Yoast SEO v27.5) - https:\/\/yoast.com\/product\/yoast-seo-premium-wordpress\/ -->\n<title>Tunisie : Jalel Krifa, ancien dirigeant de l\u2019Etoile n&#039;est plus<\/title>\n<meta name=\"description\" content=\"L&#039;ancien dirigeant \u00e9toil\u00e9 est d\u00e9c\u00e9d\u00e9 ce mercredi 7 f\u00e9vrier.\" \/>\n<link rel=\"canonical\" href=\"https:\/\/www.webdo.tn\/fr\/actualite\/sport\/jalel-krifa-ancien-dirigeant-de-l-etoile-n-est-plus\/212121\/\" \/>\n<meta property=\"og:locale\" content=\"fr_FR\" \/>\n<meta property=\"og:type\" content=\"article\" \/>\n<meta property=\"og:title\" content=\"Tunisie : Jalel Krifa, ancien dirigeant de l\u2019Etoile n&#039;est plus\" \/>\n<meta property=\"og:description\" content=\"L&#039;ancien dirigeant \u00e9toil\u00e9 est d\u00e9c\u00e9d\u00e9 ce mercredi 7 f\u00e9vrier.\" \/>\n<meta property=\"og:url\" content=\"https:\/\/www.webdo.tn\/fr\/actualite\/sport\/jalel-krifa-ancien-dirigeant-de-l-etoile-n-est-plus\/212121\/\" \/>\n<meta property=\"og:site_name\" content=\"webdo\" \/>\n<meta property=\"article:publisher\" content=\"https:\/\/www.facebook.com\/webdotn\" \/>\n<meta property=\"article:published_time\" content=\"2024-02-07T15:47:00+00:00\" \/>\n<meta property=\"article:modified_time\" content=\"2025-05-20T22:11:43+00:00\" \/>\n<meta property=\"og:image\" content=\"https:\/\/www.webdo.tn\/fr\/wp-content\/uploads\/2024\/02\/01d7e1e30b89761d7a9fc5d43522f286.jpg\" \/>\n\t<meta property=\"og:image:width\" content=\"626\" \/>\n\t<meta property=\"og:image:height\" content=\"334\" \/>\n\t<meta property=\"og:image:type\" content=\"image\/jpeg\" \/>\n<meta name=\"author\" content=\"MC\" \/>\n<meta name=\"twitter:card\" content=\"summary_large_image\" \/>\n<meta name=\"twitter:creator\" content=\"@webdo_tn\" \/>\n<meta name=\"twitter:site\" content=\"@webdo_tn\" \/>\n<meta name=\"twitter:label1\" content=\"\u00c9crit par\" \/>\n\t<meta name=\"twitter:data1\" content=\"MC\" \/>\n\t<meta name=\"twitter:label2\" content=\"Dur\u00e9e de lecture estim\u00e9e\" \/>\n\t<meta name=\"twitter:data2\" content=\"1 minute\" \/>\n<script type=\"application\/ld+json\" class=\"yoast-schema-graph\">{\"@context\":\"https:\\\/\\\/schema.org\",\"@graph\":[{\"@type\":\"NewsArticle\",\"@id\":\"https:\\\/\\\/www.webdo.tn\\\/fr\\\/actualite\\\/sport\\\/jalel-krifa-ancien-dirigeant-de-l-etoile-n-est-plus\\\/212121\\\/#article\",\"isPartOf\":{\"@id\":\"https:\\\/\\\/www.webdo.tn\\\/fr\\\/actualite\\\/sport\\\/jalel-krifa-ancien-dirigeant-de-l-etoile-n-est-plus\\\/212121\\\/\"},\"author\":{\"name\":\"MC\",\"@id\":\"https:\\\/\\\/www.webdo.tn\\\/fr\\\/#\\\/schema\\\/person\\\/2c4929cbf5a809e3bd38617c6ce150f6\"},\"headline\":\"Tunisie : Jalel Krifa, ancien dirigeant de l\u2019Etoile n&rsquo;est plus\",\"datePublished\":\"2024-02-07T15:47:00+00:00\",\"dateModified\":\"2025-05-20T22:11:43+00:00\",\"mainEntityOfPage\":{\"@id\":\"https:\\\/\\\/www.webdo.tn\\\/fr\\\/actualite\\\/sport\\\/jalel-krifa-ancien-dirigeant-de-l-etoile-n-est-plus\\\/212121\\\/\"},\"wordCount\":111,\"commentCount\":0,\"publisher\":{\"@id\":\"https:\\\/\\\/www.webdo.tn\\\/fr\\\/#organization\"},\"image\":{\"@id\":\"https:\\\/\\\/www.webdo.tn\\\/fr\\\/actualite\\\/sport\\\/jalel-krifa-ancien-dirigeant-de-l-etoile-n-est-plus\\\/212121\\\/#primaryimage\"},\"thumbnailUrl\":\"https:\\\/\\\/www.webdo.tn\\\/fr\\\/wp-content\\\/uploads\\\/2024\\\/02\\\/01d7e1e30b89761d7a9fc5d43522f286.jpg\",\"keywords\":[\"'jalel krifa']\",\"D\u00e9c\u00e8s\",\"\u00e9toile du sahel\"],\"articleSection\":[\"Sport\"],\"inLanguage\":\"fr-FR\"},{\"@type\":\"WebPage\",\"@id\":\"https:\\\/\\\/www.webdo.tn\\\/fr\\\/actualite\\\/sport\\\/jalel-krifa-ancien-dirigeant-de-l-etoile-n-est-plus\\\/212121\\\/\",\"url\":\"https:\\\/\\\/www.webdo.tn\\\/fr\\\/actualite\\\/sport\\\/jalel-krifa-ancien-dirigeant-de-l-etoile-n-est-plus\\\/212121\\\/\",\"name\":\"Tunisie : Jalel Krifa, ancien dirigeant de l\u2019Etoile n'est plus\",\"isPartOf\":{\"@id\":\"https:\\\/\\\/www.webdo.tn\\\/fr\\\/#website\"},\"primaryImageOfPage\":{\"@id\":\"https:\\\/\\\/www.webdo.tn\\\/fr\\\/actualite\\\/sport\\\/jalel-krifa-ancien-dirigeant-de-l-etoile-n-est-plus\\\/212121\\\/#primaryimage\"},\"image\":{\"@id\":\"https:\\\/\\\/www.webdo.tn\\\/fr\\\/actualite\\\/sport\\\/jalel-krifa-ancien-dirigeant-de-l-etoile-n-est-plus\\\/212121\\\/#primaryimage\"},\"thumbnailUrl\":\"https:\\\/\\\/www.webdo.tn\\\/fr\\\/wp-content\\\/uploads\\\/2024\\\/02\\\/01d7e1e30b89761d7a9fc5d43522f286.jpg\",\"datePublished\":\"2024-02-07T15:47:00+00:00\",\"dateModified\":\"2025-05-20T22:11:43+00:00\",\"description\":\"L'ancien dirigeant \u00e9toil\u00e9 est d\u00e9c\u00e9d\u00e9 ce mercredi 7 f\u00e9vrier.\",\"breadcrumb\":{\"@id\":\"https:\\\/\\\/www.webdo.tn\\\/fr\\\/actualite\\\/sport\\\/jalel-krifa-ancien-dirigeant-de-l-etoile-n-est-plus\\\/212121\\\/#breadcrumb\"},\"inLanguage\":\"fr-FR\",\"potentialAction\":[{\"@type\":\"ReadAction\",\"target\":[\"https:\\\/\\\/www.webdo.tn\\\/fr\\\/actualite\\\/sport\\\/jalel-krifa-ancien-dirigeant-de-l-etoile-n-est-plus\\\/212121\\\/\"]}]},{\"@type\":\"ImageObject\",\"inLanguage\":\"fr-FR\",\"@id\":\"https:\\\/\\\/www.webdo.tn\\\/fr\\\/actualite\\\/sport\\\/jalel-krifa-ancien-dirigeant-de-l-etoile-n-est-plus\\\/212121\\\/#primaryimage\",\"url\":\"https:\\\/\\\/www.webdo.tn\\\/fr\\\/wp-content\\\/uploads\\\/2024\\\/02\\\/01d7e1e30b89761d7a9fc5d43522f286.jpg\",\"contentUrl\":\"https:\\\/\\\/www.webdo.tn\\\/fr\\\/wp-content\\\/uploads\\\/2024\\\/02\\\/01d7e1e30b89761d7a9fc5d43522f286.jpg\",\"width\":626,\"height\":334,\"caption\":\"Tunisie : Jalel Krifa, ancien dirigeant de l\u2019Etoile n'est plus\"},{\"@type\":\"BreadcrumbList\",\"@id\":\"https:\\\/\\\/www.webdo.tn\\\/fr\\\/actualite\\\/sport\\\/jalel-krifa-ancien-dirigeant-de-l-etoile-n-est-plus\\\/212121\\\/#breadcrumb\",\"itemListElement\":[{\"@type\":\"ListItem\",\"position\":1,\"name\":\"Accueil\",\"item\":\"https:\\\/\\\/www.webdo.tn\\\/fr\\\/\"},{\"@type\":\"ListItem\",\"position\":2,\"name\":\"Tunisie : Jalel Krifa, ancien dirigeant de l\u2019Etoile n&rsquo;est plus\"}]},{\"@type\":\"WebSite\",\"@id\":\"https:\\\/\\\/www.webdo.tn\\\/fr\\\/#website\",\"url\":\"https:\\\/\\\/www.webdo.tn\\\/fr\\\/\",\"name\":\"webdo\",\"description\":\"Tunisie - News en Tunisie et \u00e0 l&#039;international sur Webdo.tn\",\"publisher\":{\"@id\":\"https:\\\/\\\/www.webdo.tn\\\/fr\\\/#organization\"},\"potentialAction\":[{\"@type\":\"SearchAction\",\"target\":{\"@type\":\"EntryPoint\",\"urlTemplate\":\"https:\\\/\\\/www.webdo.tn\\\/fr\\\/?s={search_term_string}\"},\"query-input\":{\"@type\":\"PropertyValueSpecification\",\"valueRequired\":true,\"valueName\":\"search_term_string\"}}],\"inLanguage\":\"fr-FR\"},{\"@type\":\"Organization\",\"@id\":\"https:\\\/\\\/www.webdo.tn\\\/fr\\\/#organization\",\"name\":\"Webdo\",\"alternateName\":\"Webdo.tn\",\"url\":\"https:\\\/\\\/www.webdo.tn\\\/fr\\\/\",\"logo\":{\"@type\":\"ImageObject\",\"inLanguage\":\"fr-FR\",\"@id\":\"https:\\\/\\\/www.webdo.tn\\\/fr\\\/#\\\/schema\\\/logo\\\/image\\\/\",\"url\":\"https:\\\/\\\/www.webdo.tn\\\/fr\\\/wp-content\\\/uploads\\\/2025\\\/06\\\/Webdo-Tunisie_168377.jpg\",\"contentUrl\":\"https:\\\/\\\/www.webdo.tn\\\/fr\\\/wp-content\\\/uploads\\\/2025\\\/06\\\/Webdo-Tunisie_168377.jpg\",\"width\":301,\"height\":301,\"caption\":\"Webdo\"},\"image\":{\"@id\":\"https:\\\/\\\/www.webdo.tn\\\/fr\\\/#\\\/schema\\\/logo\\\/image\\\/\"},\"sameAs\":[\"https:\\\/\\\/www.facebook.com\\\/webdotn\",\"https:\\\/\\\/x.com\\\/webdo_tn\"],\"description\":\"Webdo est un m\u00e9dia num\u00e9rique tunisien fond\u00e9 en 2010, sp\u00e9cialis\u00e9 dans l\u2019actualit\u00e9 nationale et internationale, l\u2019\u00e9conomie, la soci\u00e9t\u00e9 et les analyses politiques. Le site s\u2019adresse \u00e0 un large public francophone et couvre l\u2019information tunisienne en temps r\u00e9el.\",\"email\":\"redac@webdo.tn\",\"legalName\":\"YNJ SARL\",\"foundingDate\":\"2010-09-06\",\"numberOfEmployees\":{\"@type\":\"QuantitativeValue\",\"minValue\":\"11\",\"maxValue\":\"50\"}},{\"@type\":\"Person\",\"@id\":\"https:\\\/\\\/www.webdo.tn\\\/fr\\\/#\\\/schema\\\/person\\\/2c4929cbf5a809e3bd38617c6ce150f6\",\"name\":\"MC\",\"image\":{\"@type\":\"ImageObject\",\"inLanguage\":\"fr-FR\",\"@id\":\"https:\\\/\\\/secure.gravatar.com\\\/avatar\\\/a545bbb6f84efdd5553dbbc2895e3ca8f1d12c5215e00a041c9670b54aa9b18a?s=96&d=mm&r=g\",\"url\":\"https:\\\/\\\/secure.gravatar.com\\\/avatar\\\/a545bbb6f84efdd5553dbbc2895e3ca8f1d12c5215e00a041c9670b54aa9b18a?s=96&d=mm&r=g\",\"contentUrl\":\"https:\\\/\\\/secure.gravatar.com\\\/avatar\\\/a545bbb6f84efdd5553dbbc2895e3ca8f1d12c5215e00a041c9670b54aa9b18a?s=96&d=mm&r=g\",\"caption\":\"MC\"},\"url\":\"https:\\\/\\\/www.webdo.tn\\\/fr\\\/actualite\\\/author\\\/mc\\\/\"}]}<\/script>\n<!-- \/ Yoast SEO Premium plugin. -->","yoast_head_json":{"title":"Tunisie : Jalel Krifa, ancien dirigeant de l\u2019Etoile n'est plus","description":"L'ancien dirigeant \u00e9toil\u00e9 est d\u00e9c\u00e9d\u00e9 ce mercredi 7 f\u00e9vrier.","canonical":"https:\/\/www.webdo.tn\/fr\/actualite\/sport\/jalel-krifa-ancien-dirigeant-de-l-etoile-n-est-plus\/212121\/","og_locale":"fr_FR","og_type":"article","og_title":"Tunisie : Jalel Krifa, ancien dirigeant de l\u2019Etoile n'est plus","og_description":"L'ancien dirigeant \u00e9toil\u00e9 est d\u00e9c\u00e9d\u00e9 ce mercredi 7 f\u00e9vrier.","og_url":"https:\/\/www.webdo.tn\/fr\/actualite\/sport\/jalel-krifa-ancien-dirigeant-de-l-etoile-n-est-plus\/212121\/","og_site_name":"webdo","article_publisher":"https:\/\/www.facebook.com\/webdotn","article_published_time":"2024-02-07T15:47:00+00:00","article_modified_time":"2025-05-20T22:11:43+00:00","og_image":[{"width":626,"height":334,"url":"https:\/\/www.webdo.tn\/fr\/wp-content\/uploads\/2024\/02\/01d7e1e30b89761d7a9fc5d43522f286.jpg","type":"image\/jpeg"}],"author":"MC","twitter_card":"summary_large_image","twitter_creator":"@webdo_tn","twitter_site":"@webdo_tn","twitter_misc":{"\u00c9crit par":"MC","Dur\u00e9e de lecture estim\u00e9e":"1 minute"},"schema":{"@context":"https:\/\/schema.org","@graph":[{"@type":"NewsArticle","@id":"https:\/\/www.webdo.tn\/fr\/actualite\/sport\/jalel-krifa-ancien-dirigeant-de-l-etoile-n-est-plus\/212121\/#article","isPartOf":{"@id":"https:\/\/www.webdo.tn\/fr\/actualite\/sport\/jalel-krifa-ancien-dirigeant-de-l-etoile-n-est-plus\/212121\/"},"author":{"name":"MC","@id":"https:\/\/www.webdo.tn\/fr\/#\/schema\/person\/2c4929cbf5a809e3bd38617c6ce150f6"},"headline":"Tunisie : Jalel Krifa, ancien dirigeant de l\u2019Etoile n&rsquo;est plus","datePublished":"2024-02-07T15:47:00+00:00","dateModified":"2025-05-20T22:11:43+00:00","mainEntityOfPage":{"@id":"https:\/\/www.webdo.tn\/fr\/actualite\/sport\/jalel-krifa-ancien-dirigeant-de-l-etoile-n-est-plus\/212121\/"},"wordCount":111,"commentCount":0,"publisher":{"@id":"https:\/\/www.webdo.tn\/fr\/#organization"},"image":{"@id":"https:\/\/www.webdo.tn\/fr\/actualite\/sport\/jalel-krifa-ancien-dirigeant-de-l-etoile-n-est-plus\/212121\/#primaryimage"},"thumbnailUrl":"https:\/\/www.webdo.tn\/fr\/wp-content\/uploads\/2024\/02\/01d7e1e30b89761d7a9fc5d43522f286.jpg","keywords":["'jalel krifa']","D\u00e9c\u00e8s","\u00e9toile du sahel"],"articleSection":["Sport"],"inLanguage":"fr-FR"},{"@type":"WebPage","@id":"https:\/\/www.webdo.tn\/fr\/actualite\/sport\/jalel-krifa-ancien-dirigeant-de-l-etoile-n-est-plus\/212121\/","url":"https:\/\/www.webdo.tn\/fr\/actualite\/sport\/jalel-krifa-ancien-dirigeant-de-l-etoile-n-est-plus\/212121\/","name":"Tunisie : Jalel Krifa, ancien dirigeant de l\u2019Etoile n'est plus","isPartOf":{"@id":"https:\/\/www.webdo.tn\/fr\/#website"},"primaryImageOfPage":{"@id":"https:\/\/www.webdo.tn\/fr\/actualite\/sport\/jalel-krifa-ancien-dirigeant-de-l-etoile-n-est-plus\/212121\/#primaryimage"},"image":{"@id":"https:\/\/www.webdo.tn\/fr\/actualite\/sport\/jalel-krifa-ancien-dirigeant-de-l-etoile-n-est-plus\/212121\/#primaryimage"},"thumbnailUrl":"https:\/\/www.webdo.tn\/fr\/wp-content\/uploads\/2024\/02\/01d7e1e30b89761d7a9fc5d43522f286.jpg","datePublished":"2024-02-07T15:47:00+00:00","dateModified":"2025-05-20T22:11:43+00:00","description":"L'ancien dirigeant \u00e9toil\u00e9 est d\u00e9c\u00e9d\u00e9 ce mercredi 7 f\u00e9vrier.","breadcrumb":{"@id":"https:\/\/www.webdo.tn\/fr\/actualite\/sport\/jalel-krifa-ancien-dirigeant-de-l-etoile-n-est-plus\/212121\/#breadcrumb"},"inLanguage":"fr-FR","potentialAction":[{"@type":"ReadAction","target":["https:\/\/www.webdo.tn\/fr\/actualite\/sport\/jalel-krifa-ancien-dirigeant-de-l-etoile-n-est-plus\/212121\/"]}]},{"@type":"ImageObject","inLanguage":"fr-FR","@id":"https:\/\/www.webdo.tn\/fr\/actualite\/sport\/jalel-krifa-ancien-dirigeant-de-l-etoile-n-est-plus\/212121\/#primaryimage","url":"https:\/\/www.webdo.tn\/fr\/wp-content\/uploads\/2024\/02\/01d7e1e30b89761d7a9fc5d43522f286.jpg","contentUrl":"https:\/\/www.webdo.tn\/fr\/wp-content\/uploads\/2024\/02\/01d7e1e30b89761d7a9fc5d43522f286.jpg","width":626,"height":334,"caption":"Tunisie : Jalel Krifa, ancien dirigeant de l\u2019Etoile n'est plus"},{"@type":"BreadcrumbList","@id":"https:\/\/www.webdo.tn\/fr\/actualite\/sport\/jalel-krifa-ancien-dirigeant-de-l-etoile-n-est-plus\/212121\/#breadcrumb","itemListElement":[{"@type":"ListItem","position":1,"name":"Accueil","item":"https:\/\/www.webdo.tn\/fr\/"},{"@type":"ListItem","position":2,"name":"Tunisie : Jalel Krifa, ancien dirigeant de l\u2019Etoile n&rsquo;est plus"}]},{"@type":"WebSite","@id":"https:\/\/www.webdo.tn\/fr\/#website","url":"https:\/\/www.webdo.tn\/fr\/","name":"webdo","description":"Tunisie - News en Tunisie et \u00e0 l&#039;international sur Webdo.tn","publisher":{"@id":"https:\/\/www.webdo.tn\/fr\/#organization"},"potentialAction":[{"@type":"SearchAction","target":{"@type":"EntryPoint","urlTemplate":"https:\/\/www.webdo.tn\/fr\/?s={search_term_string}"},"query-input":{"@type":"PropertyValueSpecification","valueRequired":true,"valueName":"search_term_string"}}],"inLanguage":"fr-FR"},{"@type":"Organization","@id":"https:\/\/www.webdo.tn\/fr\/#organization","name":"Webdo","alternateName":"Webdo.tn","url":"https:\/\/www.webdo.tn\/fr\/","logo":{"@type":"ImageObject","inLanguage":"fr-FR","@id":"https:\/\/www.webdo.tn\/fr\/#\/schema\/logo\/image\/","url":"https:\/\/www.webdo.tn\/fr\/wp-content\/uploads\/2025\/06\/Webdo-Tunisie_168377.jpg","contentUrl":"https:\/\/www.webdo.tn\/fr\/wp-content\/uploads\/2025\/06\/Webdo-Tunisie_168377.jpg","width":301,"height":301,"caption":"Webdo"},"image":{"@id":"https:\/\/www.webdo.tn\/fr\/#\/schema\/logo\/image\/"},"sameAs":["https:\/\/www.facebook.com\/webdotn","https:\/\/x.com\/webdo_tn"],"description":"Webdo est un m\u00e9dia num\u00e9rique tunisien fond\u00e9 en 2010, sp\u00e9cialis\u00e9 dans l\u2019actualit\u00e9 nationale et internationale, l\u2019\u00e9conomie, la soci\u00e9t\u00e9 et les analyses politiques. Le site s\u2019adresse \u00e0 un large public francophone et couvre l\u2019information tunisienne en temps r\u00e9el.","email":"redac@webdo.tn","legalName":"YNJ SARL","foundingDate":"2010-09-06","numberOfEmployees":{"@type":"QuantitativeValue","minValue":"11","maxValue":"50"}},{"@type":"Person","@id":"https:\/\/www.webdo.tn\/fr\/#\/schema\/person\/2c4929cbf5a809e3bd38617c6ce150f6","name":"MC","image":{"@type":"ImageObject","inLanguage":"fr-FR","@id":"https:\/\/secure.gravatar.com\/avatar\/a545bbb6f84efdd5553dbbc2895e3ca8f1d12c5215e00a041c9670b54aa9b18a?s=96&d=mm&r=g","url":"https:\/\/secure.gravatar.com\/avatar\/a545bbb6f84efdd5553dbbc2895e3ca8f1d12c5215e00a041c9670b54aa9b18a?s=96&d=mm&r=g","contentUrl":"https:\/\/secure.gravatar.com\/avatar\/a545bbb6f84efdd5553dbbc2895e3ca8f1d12c5215e00a041c9670b54aa9b18a?s=96&d=mm&r=g","caption":"MC"},"url":"https:\/\/www.webdo.tn\/fr\/actualite\/author\/mc\/"}]}},"_links":{"self":[{"href":"https:\/\/www.webdo.tn\/fr\/wp-json\/wp\/v2\/posts\/212121","targetHints":{"allow":["GET"]}}],"collection":[{"href":"https:\/\/www.webdo.tn\/fr\/wp-json\/wp\/v2\/posts"}],"about":[{"href":"https:\/\/www.webdo.tn\/fr\/wp-json\/wp\/v2\/types\/post"}],"author":[{"embeddable":true,"href":"https:\/\/www.webdo.tn\/fr\/wp-json\/wp\/v2\/users\/3162"}],"replies":[{"embeddable":true,"href":"https:\/\/www.webdo.tn\/fr\/wp-json\/wp\/v2\/comments?post=212121"}],"version-history":[{"count":0,"href":"https:\/\/www.webdo.tn\/fr\/wp-json\/wp\/v2\/posts\/212121\/revisions"}],"wp:featuredmedia":[{"embeddable":true,"href":"https:\/\/www.webdo.tn\/fr\/wp-json\/wp\/v2\/media\/290193"}],"wp:attachment":[{"href":"https:\/\/www.webdo.tn\/fr\/wp-json\/wp\/v2\/media?parent=212121"}],"wp:term":[{"taxonomy":"category","embeddable":true,"href":"https:\/\/www.webdo.tn\/fr\/wp-json\/wp\/v2\/categories?post=212121"},{"taxonomy":"post_tag","embeddable":true,"href":"https:\/\/www.webdo.tn\/fr\/wp-json\/wp\/v2\/tags?post=212121"}],"curies":[{"name":"wp","href":"https:\/\/api.w.org\/{rel}","templated":true}]}}