{"id":212117,"date":"2024-02-07T13:47:00","date_gmt":"2024-02-07T13:47:00","guid":{"rendered":"https:\/\/www.webdo.tn\/fr\/blog\/affaire-belaid-la-defense-evoque-un-dangereux-rapport-de-renseignement\/212117\/"},"modified":"2025-05-20T22:53:02","modified_gmt":"2025-05-20T22:53:02","slug":"affaire-belaid-la-defense-evoque-un-dangereux-rapport-de-renseignement","status":"publish","type":"post","link":"https:\/\/www.webdo.tn\/fr\/actualite\/national\/affaire-belaid-la-defense-evoque-un-dangereux-rapport-de-renseignement\/212117\/","title":{"rendered":"Affaire Belaid : La D\u00e9fense \u00e9voque un dangereux rapport de renseignement"},"content":{"rendered":"<p>L&rsquo;avocat et membre de la d\u00e9fense des martyrs Chokri Bela\u00efd et Mohamed Brahmi, Abdel Nasser Laouini a annonc\u00e9 ce mercredi 7 f\u00e9vrier 2024 la d\u00e9fense avait r\u00e9cemment d\u00e9couvert dans cette affaire un rapport secret, r\u00e9dig\u00e9 \u00e0 la main par un cadre s\u00e9curitaire de l&rsquo;appareil de renseignement, laissant savoir que Belaid allait \u00eatre assassin\u00e9.\u00a0<\/p>\n<p>S\u2019exprimant sur les ondes de Diwan FM, il a expliqu\u00e9 le rapport avait \u00e9t\u00e9 soumis depuis d\u00e9cembre 2012 et porte la signature du Directeur G\u00e9n\u00e9ral des Services Sp\u00e9ciaux \u00e0 l\u2019\u00e9poque.\u00a0<\/p>\n<p>\u00ab Cela implique que l&rsquo;\u00c9tat \u00e9tait au courant, gr\u00e2ce au rapport de l&rsquo;officier de s\u00e9curit\u00e9, de l\u2019assassinat planifi\u00e9e de Chokri Bela\u00efd, ainsi que de menaces s\u00e9rieuses \u00e0 l&rsquo;encontre d&rsquo;autres individus \u00bb, a-t-il dit.\u00a0<\/p>\n<p>L\u2019avocat a confirm\u00e9 que le martyr Chokri Bela\u00efd avait d\u00e9pos\u00e9 une plainte en septembre 2012 concernant les menaces d&rsquo;assassinat le visant.<\/p>\n","protected":false},"excerpt":{"rendered":"<p>S\u2019exprimant sur les ondes de Diwan FM, il a expliqu\u00e9 le rapport avait \u00e9t\u00e9 soumis depuis d\u00e9cembre 2012 et porte la signature du Directeur G\u00e9n\u00e9ral des Services Sp&#8230;<\/p>\n","protected":false},"author":3175,"featured_media":290191,"comment_status":"open","ping_status":"closed","sticky":false,"template":"","format":"standard","meta":{"footnotes":""},"categories":[44],"tags":[5458,2761,2608],"class_list":["post-212117","post","type-post","status-publish","format-standard","has-post-thumbnail","hentry","category-national","tag-affaire-chokri-belaid","tag-rapport","tag-tunisie"],"yoast_head":"<!-- This site is optimized with the Yoast SEO Premium plugin v27.4 (Yoast SEO v27.5) - https:\/\/yoast.com\/product\/yoast-seo-premium-wordpress\/ -->\n<title>Affaire Belaid : La D\u00e9fense \u00e9voque un dangereux rapport de renseignement<\/title>\n<meta name=\"description\" content=\"S\u2019exprimant sur les ondes de Diwan FM, il a expliqu\u00e9 le rapport avait \u00e9t\u00e9 soumis depuis d\u00e9cembre 2012 et porte la signature du Directeur G\u00e9n\u00e9ral des Services Sp...\" \/>\n<link rel=\"canonical\" href=\"https:\/\/www.webdo.tn\/fr\/actualite\/national\/affaire-belaid-la-defense-evoque-un-dangereux-rapport-de-renseignement\/212117\/\" \/>\n<meta property=\"og:locale\" content=\"fr_FR\" \/>\n<meta property=\"og:type\" content=\"article\" \/>\n<meta property=\"og:title\" content=\"Affaire Belaid : La D\u00e9fense \u00e9voque un dangereux rapport de renseignement\" \/>\n<meta property=\"og:description\" content=\"S\u2019exprimant sur les ondes de Diwan FM, il a expliqu\u00e9 le rapport avait \u00e9t\u00e9 soumis depuis d\u00e9cembre 2012 et porte la signature du Directeur G\u00e9n\u00e9ral des Services Sp...\" \/>\n<meta property=\"og:url\" content=\"https:\/\/www.webdo.tn\/fr\/actualite\/national\/affaire-belaid-la-defense-evoque-un-dangereux-rapport-de-renseignement\/212117\/\" \/>\n<meta property=\"og:site_name\" content=\"webdo\" \/>\n<meta property=\"article:publisher\" content=\"https:\/\/www.facebook.com\/webdotn\" \/>\n<meta property=\"article:published_time\" content=\"2024-02-07T13:47:00+00:00\" \/>\n<meta property=\"article:modified_time\" content=\"2025-05-20T22:53:02+00:00\" \/>\n<meta property=\"og:image\" content=\"https:\/\/www.webdo.tn\/fr\/wp-content\/uploads\/2024\/02\/71b3f196c0161da1e496f196a7d143b5.jpg\" \/>\n\t<meta property=\"og:image:width\" content=\"750\" \/>\n\t<meta property=\"og:image:height\" content=\"400\" \/>\n\t<meta property=\"og:image:type\" content=\"image\/jpeg\" \/>\n<meta name=\"author\" content=\"CL\" \/>\n<meta name=\"twitter:card\" content=\"summary_large_image\" \/>\n<meta name=\"twitter:creator\" content=\"@webdo_tn\" \/>\n<meta name=\"twitter:site\" content=\"@webdo_tn\" \/>\n<meta name=\"twitter:label1\" content=\"\u00c9crit par\" \/>\n\t<meta name=\"twitter:data1\" content=\"CL\" \/>\n\t<meta name=\"twitter:label2\" content=\"Dur\u00e9e de lecture estim\u00e9e\" \/>\n\t<meta name=\"twitter:data2\" content=\"1 minute\" \/>\n<script type=\"application\/ld+json\" class=\"yoast-schema-graph\">{\"@context\":\"https:\\\/\\\/schema.org\",\"@graph\":[{\"@type\":\"NewsArticle\",\"@id\":\"https:\\\/\\\/www.webdo.tn\\\/fr\\\/actualite\\\/national\\\/affaire-belaid-la-defense-evoque-un-dangereux-rapport-de-renseignement\\\/212117\\\/#article\",\"isPartOf\":{\"@id\":\"https:\\\/\\\/www.webdo.tn\\\/fr\\\/actualite\\\/national\\\/affaire-belaid-la-defense-evoque-un-dangereux-rapport-de-renseignement\\\/212117\\\/\"},\"author\":{\"name\":\"CL\",\"@id\":\"https:\\\/\\\/www.webdo.tn\\\/fr\\\/#\\\/schema\\\/person\\\/f35b42a42c5e2511bbd282959d6385cc\"},\"headline\":\"Affaire Belaid : La D\u00e9fense \u00e9voque un dangereux rapport de renseignement\",\"datePublished\":\"2024-02-07T13:47:00+00:00\",\"dateModified\":\"2025-05-20T22:53:02+00:00\",\"mainEntityOfPage\":{\"@id\":\"https:\\\/\\\/www.webdo.tn\\\/fr\\\/actualite\\\/national\\\/affaire-belaid-la-defense-evoque-un-dangereux-rapport-de-renseignement\\\/212117\\\/\"},\"wordCount\":169,\"commentCount\":0,\"publisher\":{\"@id\":\"https:\\\/\\\/www.webdo.tn\\\/fr\\\/#organization\"},\"image\":{\"@id\":\"https:\\\/\\\/www.webdo.tn\\\/fr\\\/actualite\\\/national\\\/affaire-belaid-la-defense-evoque-un-dangereux-rapport-de-renseignement\\\/212117\\\/#primaryimage\"},\"thumbnailUrl\":\"https:\\\/\\\/www.webdo.tn\\\/fr\\\/wp-content\\\/uploads\\\/2024\\\/02\\\/71b3f196c0161da1e496f196a7d143b5.jpg\",\"keywords\":[\"Affaire Chokri Belaid\",\"rapport\",\"Tunisie\"],\"articleSection\":[\"National\"],\"inLanguage\":\"fr-FR\"},{\"@type\":\"WebPage\",\"@id\":\"https:\\\/\\\/www.webdo.tn\\\/fr\\\/actualite\\\/national\\\/affaire-belaid-la-defense-evoque-un-dangereux-rapport-de-renseignement\\\/212117\\\/\",\"url\":\"https:\\\/\\\/www.webdo.tn\\\/fr\\\/actualite\\\/national\\\/affaire-belaid-la-defense-evoque-un-dangereux-rapport-de-renseignement\\\/212117\\\/\",\"name\":\"Affaire Belaid : La D\u00e9fense \u00e9voque un dangereux rapport de renseignement\",\"isPartOf\":{\"@id\":\"https:\\\/\\\/www.webdo.tn\\\/fr\\\/#website\"},\"primaryImageOfPage\":{\"@id\":\"https:\\\/\\\/www.webdo.tn\\\/fr\\\/actualite\\\/national\\\/affaire-belaid-la-defense-evoque-un-dangereux-rapport-de-renseignement\\\/212117\\\/#primaryimage\"},\"image\":{\"@id\":\"https:\\\/\\\/www.webdo.tn\\\/fr\\\/actualite\\\/national\\\/affaire-belaid-la-defense-evoque-un-dangereux-rapport-de-renseignement\\\/212117\\\/#primaryimage\"},\"thumbnailUrl\":\"https:\\\/\\\/www.webdo.tn\\\/fr\\\/wp-content\\\/uploads\\\/2024\\\/02\\\/71b3f196c0161da1e496f196a7d143b5.jpg\",\"datePublished\":\"2024-02-07T13:47:00+00:00\",\"dateModified\":\"2025-05-20T22:53:02+00:00\",\"description\":\"S\u2019exprimant sur les ondes de Diwan FM, il a expliqu\u00e9 le rapport avait \u00e9t\u00e9 soumis depuis d\u00e9cembre 2012 et porte la signature du Directeur G\u00e9n\u00e9ral des Services Sp...\",\"breadcrumb\":{\"@id\":\"https:\\\/\\\/www.webdo.tn\\\/fr\\\/actualite\\\/national\\\/affaire-belaid-la-defense-evoque-un-dangereux-rapport-de-renseignement\\\/212117\\\/#breadcrumb\"},\"inLanguage\":\"fr-FR\",\"potentialAction\":[{\"@type\":\"ReadAction\",\"target\":[\"https:\\\/\\\/www.webdo.tn\\\/fr\\\/actualite\\\/national\\\/affaire-belaid-la-defense-evoque-un-dangereux-rapport-de-renseignement\\\/212117\\\/\"]}]},{\"@type\":\"ImageObject\",\"inLanguage\":\"fr-FR\",\"@id\":\"https:\\\/\\\/www.webdo.tn\\\/fr\\\/actualite\\\/national\\\/affaire-belaid-la-defense-evoque-un-dangereux-rapport-de-renseignement\\\/212117\\\/#primaryimage\",\"url\":\"https:\\\/\\\/www.webdo.tn\\\/fr\\\/wp-content\\\/uploads\\\/2024\\\/02\\\/71b3f196c0161da1e496f196a7d143b5.jpg\",\"contentUrl\":\"https:\\\/\\\/www.webdo.tn\\\/fr\\\/wp-content\\\/uploads\\\/2024\\\/02\\\/71b3f196c0161da1e496f196a7d143b5.jpg\",\"width\":750,\"height\":400,\"caption\":\"Affaire Belaid : La D\u00e9fense \u00e9voque un dangereux rapport de renseignement\"},{\"@type\":\"BreadcrumbList\",\"@id\":\"https:\\\/\\\/www.webdo.tn\\\/fr\\\/actualite\\\/national\\\/affaire-belaid-la-defense-evoque-un-dangereux-rapport-de-renseignement\\\/212117\\\/#breadcrumb\",\"itemListElement\":[{\"@type\":\"ListItem\",\"position\":1,\"name\":\"Accueil\",\"item\":\"https:\\\/\\\/www.webdo.tn\\\/fr\\\/\"},{\"@type\":\"ListItem\",\"position\":2,\"name\":\"Affaire Belaid : La D\u00e9fense \u00e9voque un dangereux rapport de renseignement\"}]},{\"@type\":\"WebSite\",\"@id\":\"https:\\\/\\\/www.webdo.tn\\\/fr\\\/#website\",\"url\":\"https:\\\/\\\/www.webdo.tn\\\/fr\\\/\",\"name\":\"webdo\",\"description\":\"Tunisie - News en Tunisie et \u00e0 l&#039;international sur Webdo.tn\",\"publisher\":{\"@id\":\"https:\\\/\\\/www.webdo.tn\\\/fr\\\/#organization\"},\"potentialAction\":[{\"@type\":\"SearchAction\",\"target\":{\"@type\":\"EntryPoint\",\"urlTemplate\":\"https:\\\/\\\/www.webdo.tn\\\/fr\\\/?s={search_term_string}\"},\"query-input\":{\"@type\":\"PropertyValueSpecification\",\"valueRequired\":true,\"valueName\":\"search_term_string\"}}],\"inLanguage\":\"fr-FR\"},{\"@type\":\"Organization\",\"@id\":\"https:\\\/\\\/www.webdo.tn\\\/fr\\\/#organization\",\"name\":\"Webdo\",\"alternateName\":\"Webdo.tn\",\"url\":\"https:\\\/\\\/www.webdo.tn\\\/fr\\\/\",\"logo\":{\"@type\":\"ImageObject\",\"inLanguage\":\"fr-FR\",\"@id\":\"https:\\\/\\\/www.webdo.tn\\\/fr\\\/#\\\/schema\\\/logo\\\/image\\\/\",\"url\":\"https:\\\/\\\/www.webdo.tn\\\/fr\\\/wp-content\\\/uploads\\\/2025\\\/06\\\/Webdo-Tunisie_168377.jpg\",\"contentUrl\":\"https:\\\/\\\/www.webdo.tn\\\/fr\\\/wp-content\\\/uploads\\\/2025\\\/06\\\/Webdo-Tunisie_168377.jpg\",\"width\":301,\"height\":301,\"caption\":\"Webdo\"},\"image\":{\"@id\":\"https:\\\/\\\/www.webdo.tn\\\/fr\\\/#\\\/schema\\\/logo\\\/image\\\/\"},\"sameAs\":[\"https:\\\/\\\/www.facebook.com\\\/webdotn\",\"https:\\\/\\\/x.com\\\/webdo_tn\"],\"description\":\"Webdo est un m\u00e9dia num\u00e9rique tunisien fond\u00e9 en 2010, sp\u00e9cialis\u00e9 dans l\u2019actualit\u00e9 nationale et internationale, l\u2019\u00e9conomie, la soci\u00e9t\u00e9 et les analyses politiques. Le site s\u2019adresse \u00e0 un large public francophone et couvre l\u2019information tunisienne en temps r\u00e9el.\",\"email\":\"redac@webdo.tn\",\"legalName\":\"YNJ SARL\",\"foundingDate\":\"2010-09-06\",\"numberOfEmployees\":{\"@type\":\"QuantitativeValue\",\"minValue\":\"11\",\"maxValue\":\"50\"}},{\"@type\":\"Person\",\"@id\":\"https:\\\/\\\/www.webdo.tn\\\/fr\\\/#\\\/schema\\\/person\\\/f35b42a42c5e2511bbd282959d6385cc\",\"name\":\"CL\",\"image\":{\"@type\":\"ImageObject\",\"inLanguage\":\"fr-FR\",\"@id\":\"https:\\\/\\\/secure.gravatar.com\\\/avatar\\\/1447a49909b67aa657c488aec6512e1dd6143a480c1ecfee9b5b5cd74eb3b59e?s=96&d=mm&r=g\",\"url\":\"https:\\\/\\\/secure.gravatar.com\\\/avatar\\\/1447a49909b67aa657c488aec6512e1dd6143a480c1ecfee9b5b5cd74eb3b59e?s=96&d=mm&r=g\",\"contentUrl\":\"https:\\\/\\\/secure.gravatar.com\\\/avatar\\\/1447a49909b67aa657c488aec6512e1dd6143a480c1ecfee9b5b5cd74eb3b59e?s=96&d=mm&r=g\",\"caption\":\"CL\"},\"url\":\"https:\\\/\\\/www.webdo.tn\\\/fr\\\/actualite\\\/author\\\/cl\\\/\"}]}<\/script>\n<!-- \/ Yoast SEO Premium plugin. -->","yoast_head_json":{"title":"Affaire Belaid : La D\u00e9fense \u00e9voque un dangereux rapport de renseignement","description":"S\u2019exprimant sur les ondes de Diwan FM, il a expliqu\u00e9 le rapport avait \u00e9t\u00e9 soumis depuis d\u00e9cembre 2012 et porte la signature du Directeur G\u00e9n\u00e9ral des Services Sp...","canonical":"https:\/\/www.webdo.tn\/fr\/actualite\/national\/affaire-belaid-la-defense-evoque-un-dangereux-rapport-de-renseignement\/212117\/","og_locale":"fr_FR","og_type":"article","og_title":"Affaire Belaid : La D\u00e9fense \u00e9voque un dangereux rapport de renseignement","og_description":"S\u2019exprimant sur les ondes de Diwan FM, il a expliqu\u00e9 le rapport avait \u00e9t\u00e9 soumis depuis d\u00e9cembre 2012 et porte la signature du Directeur G\u00e9n\u00e9ral des Services Sp...","og_url":"https:\/\/www.webdo.tn\/fr\/actualite\/national\/affaire-belaid-la-defense-evoque-un-dangereux-rapport-de-renseignement\/212117\/","og_site_name":"webdo","article_publisher":"https:\/\/www.facebook.com\/webdotn","article_published_time":"2024-02-07T13:47:00+00:00","article_modified_time":"2025-05-20T22:53:02+00:00","og_image":[{"width":750,"height":400,"url":"https:\/\/www.webdo.tn\/fr\/wp-content\/uploads\/2024\/02\/71b3f196c0161da1e496f196a7d143b5.jpg","type":"image\/jpeg"}],"author":"CL","twitter_card":"summary_large_image","twitter_creator":"@webdo_tn","twitter_site":"@webdo_tn","twitter_misc":{"\u00c9crit par":"CL","Dur\u00e9e de lecture estim\u00e9e":"1 minute"},"schema":{"@context":"https:\/\/schema.org","@graph":[{"@type":"NewsArticle","@id":"https:\/\/www.webdo.tn\/fr\/actualite\/national\/affaire-belaid-la-defense-evoque-un-dangereux-rapport-de-renseignement\/212117\/#article","isPartOf":{"@id":"https:\/\/www.webdo.tn\/fr\/actualite\/national\/affaire-belaid-la-defense-evoque-un-dangereux-rapport-de-renseignement\/212117\/"},"author":{"name":"CL","@id":"https:\/\/www.webdo.tn\/fr\/#\/schema\/person\/f35b42a42c5e2511bbd282959d6385cc"},"headline":"Affaire Belaid : La D\u00e9fense \u00e9voque un dangereux rapport de renseignement","datePublished":"2024-02-07T13:47:00+00:00","dateModified":"2025-05-20T22:53:02+00:00","mainEntityOfPage":{"@id":"https:\/\/www.webdo.tn\/fr\/actualite\/national\/affaire-belaid-la-defense-evoque-un-dangereux-rapport-de-renseignement\/212117\/"},"wordCount":169,"commentCount":0,"publisher":{"@id":"https:\/\/www.webdo.tn\/fr\/#organization"},"image":{"@id":"https:\/\/www.webdo.tn\/fr\/actualite\/national\/affaire-belaid-la-defense-evoque-un-dangereux-rapport-de-renseignement\/212117\/#primaryimage"},"thumbnailUrl":"https:\/\/www.webdo.tn\/fr\/wp-content\/uploads\/2024\/02\/71b3f196c0161da1e496f196a7d143b5.jpg","keywords":["Affaire Chokri Belaid","rapport","Tunisie"],"articleSection":["National"],"inLanguage":"fr-FR"},{"@type":"WebPage","@id":"https:\/\/www.webdo.tn\/fr\/actualite\/national\/affaire-belaid-la-defense-evoque-un-dangereux-rapport-de-renseignement\/212117\/","url":"https:\/\/www.webdo.tn\/fr\/actualite\/national\/affaire-belaid-la-defense-evoque-un-dangereux-rapport-de-renseignement\/212117\/","name":"Affaire Belaid : La D\u00e9fense \u00e9voque un dangereux rapport de renseignement","isPartOf":{"@id":"https:\/\/www.webdo.tn\/fr\/#website"},"primaryImageOfPage":{"@id":"https:\/\/www.webdo.tn\/fr\/actualite\/national\/affaire-belaid-la-defense-evoque-un-dangereux-rapport-de-renseignement\/212117\/#primaryimage"},"image":{"@id":"https:\/\/www.webdo.tn\/fr\/actualite\/national\/affaire-belaid-la-defense-evoque-un-dangereux-rapport-de-renseignement\/212117\/#primaryimage"},"thumbnailUrl":"https:\/\/www.webdo.tn\/fr\/wp-content\/uploads\/2024\/02\/71b3f196c0161da1e496f196a7d143b5.jpg","datePublished":"2024-02-07T13:47:00+00:00","dateModified":"2025-05-20T22:53:02+00:00","description":"S\u2019exprimant sur les ondes de Diwan FM, il a expliqu\u00e9 le rapport avait \u00e9t\u00e9 soumis depuis d\u00e9cembre 2012 et porte la signature du Directeur G\u00e9n\u00e9ral des Services Sp...","breadcrumb":{"@id":"https:\/\/www.webdo.tn\/fr\/actualite\/national\/affaire-belaid-la-defense-evoque-un-dangereux-rapport-de-renseignement\/212117\/#breadcrumb"},"inLanguage":"fr-FR","potentialAction":[{"@type":"ReadAction","target":["https:\/\/www.webdo.tn\/fr\/actualite\/national\/affaire-belaid-la-defense-evoque-un-dangereux-rapport-de-renseignement\/212117\/"]}]},{"@type":"ImageObject","inLanguage":"fr-FR","@id":"https:\/\/www.webdo.tn\/fr\/actualite\/national\/affaire-belaid-la-defense-evoque-un-dangereux-rapport-de-renseignement\/212117\/#primaryimage","url":"https:\/\/www.webdo.tn\/fr\/wp-content\/uploads\/2024\/02\/71b3f196c0161da1e496f196a7d143b5.jpg","contentUrl":"https:\/\/www.webdo.tn\/fr\/wp-content\/uploads\/2024\/02\/71b3f196c0161da1e496f196a7d143b5.jpg","width":750,"height":400,"caption":"Affaire Belaid : La D\u00e9fense \u00e9voque un dangereux rapport de renseignement"},{"@type":"BreadcrumbList","@id":"https:\/\/www.webdo.tn\/fr\/actualite\/national\/affaire-belaid-la-defense-evoque-un-dangereux-rapport-de-renseignement\/212117\/#breadcrumb","itemListElement":[{"@type":"ListItem","position":1,"name":"Accueil","item":"https:\/\/www.webdo.tn\/fr\/"},{"@type":"ListItem","position":2,"name":"Affaire Belaid : La D\u00e9fense \u00e9voque un dangereux rapport de renseignement"}]},{"@type":"WebSite","@id":"https:\/\/www.webdo.tn\/fr\/#website","url":"https:\/\/www.webdo.tn\/fr\/","name":"webdo","description":"Tunisie - News en Tunisie et \u00e0 l&#039;international sur Webdo.tn","publisher":{"@id":"https:\/\/www.webdo.tn\/fr\/#organization"},"potentialAction":[{"@type":"SearchAction","target":{"@type":"EntryPoint","urlTemplate":"https:\/\/www.webdo.tn\/fr\/?s={search_term_string}"},"query-input":{"@type":"PropertyValueSpecification","valueRequired":true,"valueName":"search_term_string"}}],"inLanguage":"fr-FR"},{"@type":"Organization","@id":"https:\/\/www.webdo.tn\/fr\/#organization","name":"Webdo","alternateName":"Webdo.tn","url":"https:\/\/www.webdo.tn\/fr\/","logo":{"@type":"ImageObject","inLanguage":"fr-FR","@id":"https:\/\/www.webdo.tn\/fr\/#\/schema\/logo\/image\/","url":"https:\/\/www.webdo.tn\/fr\/wp-content\/uploads\/2025\/06\/Webdo-Tunisie_168377.jpg","contentUrl":"https:\/\/www.webdo.tn\/fr\/wp-content\/uploads\/2025\/06\/Webdo-Tunisie_168377.jpg","width":301,"height":301,"caption":"Webdo"},"image":{"@id":"https:\/\/www.webdo.tn\/fr\/#\/schema\/logo\/image\/"},"sameAs":["https:\/\/www.facebook.com\/webdotn","https:\/\/x.com\/webdo_tn"],"description":"Webdo est un m\u00e9dia num\u00e9rique tunisien fond\u00e9 en 2010, sp\u00e9cialis\u00e9 dans l\u2019actualit\u00e9 nationale et internationale, l\u2019\u00e9conomie, la soci\u00e9t\u00e9 et les analyses politiques. Le site s\u2019adresse \u00e0 un large public francophone et couvre l\u2019information tunisienne en temps r\u00e9el.","email":"redac@webdo.tn","legalName":"YNJ SARL","foundingDate":"2010-09-06","numberOfEmployees":{"@type":"QuantitativeValue","minValue":"11","maxValue":"50"}},{"@type":"Person","@id":"https:\/\/www.webdo.tn\/fr\/#\/schema\/person\/f35b42a42c5e2511bbd282959d6385cc","name":"CL","image":{"@type":"ImageObject","inLanguage":"fr-FR","@id":"https:\/\/secure.gravatar.com\/avatar\/1447a49909b67aa657c488aec6512e1dd6143a480c1ecfee9b5b5cd74eb3b59e?s=96&d=mm&r=g","url":"https:\/\/secure.gravatar.com\/avatar\/1447a49909b67aa657c488aec6512e1dd6143a480c1ecfee9b5b5cd74eb3b59e?s=96&d=mm&r=g","contentUrl":"https:\/\/secure.gravatar.com\/avatar\/1447a49909b67aa657c488aec6512e1dd6143a480c1ecfee9b5b5cd74eb3b59e?s=96&d=mm&r=g","caption":"CL"},"url":"https:\/\/www.webdo.tn\/fr\/actualite\/author\/cl\/"}]}},"_links":{"self":[{"href":"https:\/\/www.webdo.tn\/fr\/wp-json\/wp\/v2\/posts\/212117","targetHints":{"allow":["GET"]}}],"collection":[{"href":"https:\/\/www.webdo.tn\/fr\/wp-json\/wp\/v2\/posts"}],"about":[{"href":"https:\/\/www.webdo.tn\/fr\/wp-json\/wp\/v2\/types\/post"}],"author":[{"embeddable":true,"href":"https:\/\/www.webdo.tn\/fr\/wp-json\/wp\/v2\/users\/3175"}],"replies":[{"embeddable":true,"href":"https:\/\/www.webdo.tn\/fr\/wp-json\/wp\/v2\/comments?post=212117"}],"version-history":[{"count":0,"href":"https:\/\/www.webdo.tn\/fr\/wp-json\/wp\/v2\/posts\/212117\/revisions"}],"wp:featuredmedia":[{"embeddable":true,"href":"https:\/\/www.webdo.tn\/fr\/wp-json\/wp\/v2\/media\/290191"}],"wp:attachment":[{"href":"https:\/\/www.webdo.tn\/fr\/wp-json\/wp\/v2\/media?parent=212117"}],"wp:term":[{"taxonomy":"category","embeddable":true,"href":"https:\/\/www.webdo.tn\/fr\/wp-json\/wp\/v2\/categories?post=212117"},{"taxonomy":"post_tag","embeddable":true,"href":"https:\/\/www.webdo.tn\/fr\/wp-json\/wp\/v2\/tags?post=212117"}],"curies":[{"name":"wp","href":"https:\/\/api.w.org\/{rel}","templated":true}]}}