{"id":212114,"date":"2024-02-07T11:12:00","date_gmt":"2024-02-07T11:12:00","guid":{"rendered":"https:\/\/www.webdo.tn\/fr\/blog\/affaire-chokri-belaid-le-proces-reprend-vendredi-prochain\/212114\/"},"modified":"2025-05-20T22:53:01","modified_gmt":"2025-05-20T22:53:01","slug":"affaire-chokri-belaid-le-proces-reprend-vendredi-prochain","status":"publish","type":"post","link":"https:\/\/www.webdo.tn\/fr\/actualite\/national\/affaire-chokri-belaid-le-proces-reprend-vendredi-prochain\/212114\/","title":{"rendered":"Tunisie &#8211; Affaire Chokri Belaid : Le proc\u00e8s reprendra le 9 f\u00e9vrier"},"content":{"rendered":"<p>Le proc\u00e8s de l&rsquo;assassinat du martyr Chokri Bela\u00efd a \u00e9t\u00e9 report\u00e9 \u00e0 vendredi prochain par le tribunal de premi\u00e8re instance de Tunis.<\/p>\n<p>\t\t\t\t\t\t\t\t\tLa s\u00e9ance de plaidoiries a commenc\u00e9 hier, avec l&rsquo;interrogatoire d&rsquo;un seul accus\u00e9 lors de la s\u00e9ance du matin et de trois accus\u00e9s l&rsquo;apr\u00e8s-midi.<\/p>\n<p>Ce proc\u00e8s est consacr\u00e9, rappelons-le, \u00e0 l\u2019examen des plaidoiries dans l\u2019affaire de l\u2019assassinat de Chokri Belaid, le 6 f\u00e9vrier 2013, un fait historique pour le comit\u00e9 de d\u00e9fense.\u00a0<\/p>\n<p>En marge de ce proc\u00e8s, Abdel Nasser Laouini, faisant partie du comit\u00e9 de d\u00e9fense dans l&rsquo;affaire de l&rsquo;assassinat de Chokri Bela\u00efd, a expliqu\u00e9 que l\u2019importance du proc\u00e8s r\u00e9side dans le fait que la majorit\u00e9 des accus\u00e9s sont pr\u00e9sents.<\/p>\n<p>\u00ab\u00a0L&rsquo;\u00e9v\u00e9nement d&rsquo;aujourd&rsquo;hui est la pr\u00e9sence de pr\u00e8s de 85% des accus\u00e9s, qui refusaient auparavant de compara\u00eetre devant la justice, ce qui est tr\u00e8s symbolique, car ils ont finalement d\u00e9cid\u00e9 de parler parce que la couverture politique est en train de dispara\u00eetre\u00a0\u00bb, a-t-il d\u00e9clar\u00e9 \u00e0 Mosa\u00efque FM.\u00a0<\/p>\n<p>Et d\u2019ajouter que l&rsquo;un des accus\u00e9s a r\u00e9v\u00e9l\u00e9 aujourd&rsquo;hui au cours de la s\u00e9ance que lui et sa famille avaient \u00e9t\u00e9 menac\u00e9s de mort s&rsquo;il disait la v\u00e9rit\u00e9 et qu&rsquo;il \u00e9tait terrifi\u00e9 \u00e0 l&rsquo;id\u00e9e de dire la v\u00e9rit\u00e9 devant les autres accus\u00e9s.<\/p>\n","protected":false},"excerpt":{"rendered":"<p>La s\u00e9ance des plaidoiries a commenc\u00e9 hier, avec l&rsquo;interrogatoire d&rsquo;un seul accus\u00e9 lors de la s\u00e9ance du matin et de trois accus\u00e9s l&rsquo;apr\u00e8s-midi.<\/p>\n","protected":false},"author":3175,"featured_media":290190,"comment_status":"open","ping_status":"closed","sticky":false,"template":"","format":"standard","meta":{"footnotes":""},"categories":[44],"tags":[5322,3262,2608],"class_list":["post-212114","post","type-post","status-publish","format-standard","has-post-thumbnail","hentry","category-national","tag-affaire","tag-chokri-belaid","tag-tunisie"],"yoast_head":"<!-- This site is optimized with the Yoast SEO Premium plugin v27.5 (Yoast SEO v27.5) - https:\/\/yoast.com\/product\/yoast-seo-premium-wordpress\/ -->\n<title>Tunisie - Affaire Chokri Belaid : Le proc\u00e8s reprendra le 9 f\u00e9vrier<\/title>\n<meta name=\"description\" content=\"La s\u00e9ance des plaidoiries a commenc\u00e9 hier, avec l&#039;interrogatoire d&#039;un seul accus\u00e9 lors de la s\u00e9ance du matin et de trois accus\u00e9s l&#039;apr\u00e8s-midi.\" \/>\n<link rel=\"canonical\" href=\"https:\/\/www.webdo.tn\/fr\/actualite\/national\/affaire-chokri-belaid-le-proces-reprend-vendredi-prochain\/212114\/\" \/>\n<meta property=\"og:locale\" content=\"fr_FR\" \/>\n<meta property=\"og:type\" content=\"article\" \/>\n<meta property=\"og:title\" content=\"Tunisie - Affaire Chokri Belaid : Le proc\u00e8s reprendra le 9 f\u00e9vrier\" \/>\n<meta property=\"og:description\" content=\"La s\u00e9ance des plaidoiries a commenc\u00e9 hier, avec l&#039;interrogatoire d&#039;un seul accus\u00e9 lors de la s\u00e9ance du matin et de trois accus\u00e9s l&#039;apr\u00e8s-midi.\" \/>\n<meta property=\"og:url\" content=\"https:\/\/www.webdo.tn\/fr\/actualite\/national\/affaire-chokri-belaid-le-proces-reprend-vendredi-prochain\/212114\/\" \/>\n<meta property=\"og:site_name\" content=\"webdo\" \/>\n<meta property=\"article:publisher\" content=\"https:\/\/www.facebook.com\/webdotn\" \/>\n<meta property=\"article:published_time\" content=\"2024-02-07T11:12:00+00:00\" \/>\n<meta property=\"article:modified_time\" content=\"2025-05-20T22:53:01+00:00\" \/>\n<meta property=\"og:image\" content=\"https:\/\/www.webdo.tn\/fr\/wp-content\/uploads\/2024\/02\/1f885217022b5f05c1bf61dba659acad.png\" \/>\n\t<meta property=\"og:image:width\" content=\"750\" \/>\n\t<meta property=\"og:image:height\" content=\"400\" \/>\n\t<meta property=\"og:image:type\" content=\"image\/png\" \/>\n<meta name=\"author\" content=\"CL\" \/>\n<meta name=\"twitter:card\" content=\"summary_large_image\" \/>\n<meta name=\"twitter:creator\" content=\"@webdo_tn\" \/>\n<meta name=\"twitter:site\" content=\"@webdo_tn\" \/>\n<meta name=\"twitter:label1\" content=\"\u00c9crit par\" \/>\n\t<meta name=\"twitter:data1\" content=\"CL\" \/>\n\t<meta name=\"twitter:label2\" content=\"Dur\u00e9e de lecture estim\u00e9e\" \/>\n\t<meta name=\"twitter:data2\" content=\"1 minute\" \/>\n<script type=\"application\/ld+json\" class=\"yoast-schema-graph\">{\"@context\":\"https:\\\/\\\/schema.org\",\"@graph\":[{\"@type\":\"NewsArticle\",\"@id\":\"https:\\\/\\\/www.webdo.tn\\\/fr\\\/actualite\\\/national\\\/affaire-chokri-belaid-le-proces-reprend-vendredi-prochain\\\/212114\\\/#article\",\"isPartOf\":{\"@id\":\"https:\\\/\\\/www.webdo.tn\\\/fr\\\/actualite\\\/national\\\/affaire-chokri-belaid-le-proces-reprend-vendredi-prochain\\\/212114\\\/\"},\"author\":{\"name\":\"CL\",\"@id\":\"https:\\\/\\\/www.webdo.tn\\\/fr\\\/#\\\/schema\\\/person\\\/f35b42a42c5e2511bbd282959d6385cc\"},\"headline\":\"Tunisie &#8211; Affaire Chokri Belaid : Le proc\u00e8s reprendra le 9 f\u00e9vrier\",\"datePublished\":\"2024-02-07T11:12:00+00:00\",\"dateModified\":\"2025-05-20T22:53:01+00:00\",\"mainEntityOfPage\":{\"@id\":\"https:\\\/\\\/www.webdo.tn\\\/fr\\\/actualite\\\/national\\\/affaire-chokri-belaid-le-proces-reprend-vendredi-prochain\\\/212114\\\/\"},\"wordCount\":259,\"commentCount\":0,\"publisher\":{\"@id\":\"https:\\\/\\\/www.webdo.tn\\\/fr\\\/#organization\"},\"image\":{\"@id\":\"https:\\\/\\\/www.webdo.tn\\\/fr\\\/actualite\\\/national\\\/affaire-chokri-belaid-le-proces-reprend-vendredi-prochain\\\/212114\\\/#primaryimage\"},\"thumbnailUrl\":\"https:\\\/\\\/www.webdo.tn\\\/fr\\\/wp-content\\\/uploads\\\/2024\\\/02\\\/1f885217022b5f05c1bf61dba659acad.png\",\"keywords\":[\"Affaire\",\"chokri belaid\",\"Tunisie\"],\"articleSection\":[\"National\"],\"inLanguage\":\"fr-FR\"},{\"@type\":\"WebPage\",\"@id\":\"https:\\\/\\\/www.webdo.tn\\\/fr\\\/actualite\\\/national\\\/affaire-chokri-belaid-le-proces-reprend-vendredi-prochain\\\/212114\\\/\",\"url\":\"https:\\\/\\\/www.webdo.tn\\\/fr\\\/actualite\\\/national\\\/affaire-chokri-belaid-le-proces-reprend-vendredi-prochain\\\/212114\\\/\",\"name\":\"Tunisie - Affaire Chokri Belaid : Le proc\u00e8s reprendra le 9 f\u00e9vrier\",\"isPartOf\":{\"@id\":\"https:\\\/\\\/www.webdo.tn\\\/fr\\\/#website\"},\"primaryImageOfPage\":{\"@id\":\"https:\\\/\\\/www.webdo.tn\\\/fr\\\/actualite\\\/national\\\/affaire-chokri-belaid-le-proces-reprend-vendredi-prochain\\\/212114\\\/#primaryimage\"},\"image\":{\"@id\":\"https:\\\/\\\/www.webdo.tn\\\/fr\\\/actualite\\\/national\\\/affaire-chokri-belaid-le-proces-reprend-vendredi-prochain\\\/212114\\\/#primaryimage\"},\"thumbnailUrl\":\"https:\\\/\\\/www.webdo.tn\\\/fr\\\/wp-content\\\/uploads\\\/2024\\\/02\\\/1f885217022b5f05c1bf61dba659acad.png\",\"datePublished\":\"2024-02-07T11:12:00+00:00\",\"dateModified\":\"2025-05-20T22:53:01+00:00\",\"description\":\"La s\u00e9ance des plaidoiries a commenc\u00e9 hier, avec l'interrogatoire d'un seul accus\u00e9 lors de la s\u00e9ance du matin et de trois accus\u00e9s l'apr\u00e8s-midi.\",\"breadcrumb\":{\"@id\":\"https:\\\/\\\/www.webdo.tn\\\/fr\\\/actualite\\\/national\\\/affaire-chokri-belaid-le-proces-reprend-vendredi-prochain\\\/212114\\\/#breadcrumb\"},\"inLanguage\":\"fr-FR\",\"potentialAction\":[{\"@type\":\"ReadAction\",\"target\":[\"https:\\\/\\\/www.webdo.tn\\\/fr\\\/actualite\\\/national\\\/affaire-chokri-belaid-le-proces-reprend-vendredi-prochain\\\/212114\\\/\"]}]},{\"@type\":\"ImageObject\",\"inLanguage\":\"fr-FR\",\"@id\":\"https:\\\/\\\/www.webdo.tn\\\/fr\\\/actualite\\\/national\\\/affaire-chokri-belaid-le-proces-reprend-vendredi-prochain\\\/212114\\\/#primaryimage\",\"url\":\"https:\\\/\\\/www.webdo.tn\\\/fr\\\/wp-content\\\/uploads\\\/2024\\\/02\\\/1f885217022b5f05c1bf61dba659acad.png\",\"contentUrl\":\"https:\\\/\\\/www.webdo.tn\\\/fr\\\/wp-content\\\/uploads\\\/2024\\\/02\\\/1f885217022b5f05c1bf61dba659acad.png\",\"width\":750,\"height\":400,\"caption\":\"Tunisie - Affaire Chokri Belaid : Le proc\u00e8s reprendra le 9 f\u00e9vrier\"},{\"@type\":\"BreadcrumbList\",\"@id\":\"https:\\\/\\\/www.webdo.tn\\\/fr\\\/actualite\\\/national\\\/affaire-chokri-belaid-le-proces-reprend-vendredi-prochain\\\/212114\\\/#breadcrumb\",\"itemListElement\":[{\"@type\":\"ListItem\",\"position\":1,\"name\":\"Accueil\",\"item\":\"https:\\\/\\\/www.webdo.tn\\\/fr\\\/\"},{\"@type\":\"ListItem\",\"position\":2,\"name\":\"Tunisie &#8211; Affaire Chokri Belaid : Le proc\u00e8s reprendra le 9 f\u00e9vrier\"}]},{\"@type\":\"WebSite\",\"@id\":\"https:\\\/\\\/www.webdo.tn\\\/fr\\\/#website\",\"url\":\"https:\\\/\\\/www.webdo.tn\\\/fr\\\/\",\"name\":\"webdo\",\"description\":\"Tunisie - News en Tunisie et \u00e0 l&#039;international sur Webdo.tn\",\"publisher\":{\"@id\":\"https:\\\/\\\/www.webdo.tn\\\/fr\\\/#organization\"},\"potentialAction\":[{\"@type\":\"SearchAction\",\"target\":{\"@type\":\"EntryPoint\",\"urlTemplate\":\"https:\\\/\\\/www.webdo.tn\\\/fr\\\/?s={search_term_string}\"},\"query-input\":{\"@type\":\"PropertyValueSpecification\",\"valueRequired\":true,\"valueName\":\"search_term_string\"}}],\"inLanguage\":\"fr-FR\"},{\"@type\":\"Organization\",\"@id\":\"https:\\\/\\\/www.webdo.tn\\\/fr\\\/#organization\",\"name\":\"Webdo\",\"alternateName\":\"Webdo.tn\",\"url\":\"https:\\\/\\\/www.webdo.tn\\\/fr\\\/\",\"logo\":{\"@type\":\"ImageObject\",\"inLanguage\":\"fr-FR\",\"@id\":\"https:\\\/\\\/www.webdo.tn\\\/fr\\\/#\\\/schema\\\/logo\\\/image\\\/\",\"url\":\"https:\\\/\\\/www.webdo.tn\\\/fr\\\/wp-content\\\/uploads\\\/2025\\\/06\\\/Webdo-Tunisie_168377.jpg\",\"contentUrl\":\"https:\\\/\\\/www.webdo.tn\\\/fr\\\/wp-content\\\/uploads\\\/2025\\\/06\\\/Webdo-Tunisie_168377.jpg\",\"width\":301,\"height\":301,\"caption\":\"Webdo\"},\"image\":{\"@id\":\"https:\\\/\\\/www.webdo.tn\\\/fr\\\/#\\\/schema\\\/logo\\\/image\\\/\"},\"sameAs\":[\"https:\\\/\\\/www.facebook.com\\\/webdotn\",\"https:\\\/\\\/x.com\\\/webdo_tn\"],\"description\":\"Webdo est un m\u00e9dia num\u00e9rique tunisien fond\u00e9 en 2010, sp\u00e9cialis\u00e9 dans l\u2019actualit\u00e9 nationale et internationale, l\u2019\u00e9conomie, la soci\u00e9t\u00e9 et les analyses politiques. Le site s\u2019adresse \u00e0 un large public francophone et couvre l\u2019information tunisienne en temps r\u00e9el.\",\"email\":\"redac@webdo.tn\",\"legalName\":\"YNJ SARL\",\"foundingDate\":\"2010-09-06\",\"numberOfEmployees\":{\"@type\":\"QuantitativeValue\",\"minValue\":\"11\",\"maxValue\":\"50\"}},{\"@type\":\"Person\",\"@id\":\"https:\\\/\\\/www.webdo.tn\\\/fr\\\/#\\\/schema\\\/person\\\/f35b42a42c5e2511bbd282959d6385cc\",\"name\":\"CL\",\"image\":{\"@type\":\"ImageObject\",\"inLanguage\":\"fr-FR\",\"@id\":\"https:\\\/\\\/secure.gravatar.com\\\/avatar\\\/1447a49909b67aa657c488aec6512e1dd6143a480c1ecfee9b5b5cd74eb3b59e?s=96&d=mm&r=g\",\"url\":\"https:\\\/\\\/secure.gravatar.com\\\/avatar\\\/1447a49909b67aa657c488aec6512e1dd6143a480c1ecfee9b5b5cd74eb3b59e?s=96&d=mm&r=g\",\"contentUrl\":\"https:\\\/\\\/secure.gravatar.com\\\/avatar\\\/1447a49909b67aa657c488aec6512e1dd6143a480c1ecfee9b5b5cd74eb3b59e?s=96&d=mm&r=g\",\"caption\":\"CL\"},\"url\":\"https:\\\/\\\/www.webdo.tn\\\/fr\\\/actualite\\\/author\\\/cl\\\/\"}]}<\/script>\n<!-- \/ Yoast SEO Premium plugin. -->","yoast_head_json":{"title":"Tunisie - Affaire Chokri Belaid : Le proc\u00e8s reprendra le 9 f\u00e9vrier","description":"La s\u00e9ance des plaidoiries a commenc\u00e9 hier, avec l'interrogatoire d'un seul accus\u00e9 lors de la s\u00e9ance du matin et de trois accus\u00e9s l'apr\u00e8s-midi.","canonical":"https:\/\/www.webdo.tn\/fr\/actualite\/national\/affaire-chokri-belaid-le-proces-reprend-vendredi-prochain\/212114\/","og_locale":"fr_FR","og_type":"article","og_title":"Tunisie - Affaire Chokri Belaid : Le proc\u00e8s reprendra le 9 f\u00e9vrier","og_description":"La s\u00e9ance des plaidoiries a commenc\u00e9 hier, avec l'interrogatoire d'un seul accus\u00e9 lors de la s\u00e9ance du matin et de trois accus\u00e9s l'apr\u00e8s-midi.","og_url":"https:\/\/www.webdo.tn\/fr\/actualite\/national\/affaire-chokri-belaid-le-proces-reprend-vendredi-prochain\/212114\/","og_site_name":"webdo","article_publisher":"https:\/\/www.facebook.com\/webdotn","article_published_time":"2024-02-07T11:12:00+00:00","article_modified_time":"2025-05-20T22:53:01+00:00","og_image":[{"width":750,"height":400,"url":"https:\/\/www.webdo.tn\/fr\/wp-content\/uploads\/2024\/02\/1f885217022b5f05c1bf61dba659acad.png","type":"image\/png"}],"author":"CL","twitter_card":"summary_large_image","twitter_creator":"@webdo_tn","twitter_site":"@webdo_tn","twitter_misc":{"\u00c9crit par":"CL","Dur\u00e9e de lecture estim\u00e9e":"1 minute"},"schema":{"@context":"https:\/\/schema.org","@graph":[{"@type":"NewsArticle","@id":"https:\/\/www.webdo.tn\/fr\/actualite\/national\/affaire-chokri-belaid-le-proces-reprend-vendredi-prochain\/212114\/#article","isPartOf":{"@id":"https:\/\/www.webdo.tn\/fr\/actualite\/national\/affaire-chokri-belaid-le-proces-reprend-vendredi-prochain\/212114\/"},"author":{"name":"CL","@id":"https:\/\/www.webdo.tn\/fr\/#\/schema\/person\/f35b42a42c5e2511bbd282959d6385cc"},"headline":"Tunisie &#8211; Affaire Chokri Belaid : Le proc\u00e8s reprendra le 9 f\u00e9vrier","datePublished":"2024-02-07T11:12:00+00:00","dateModified":"2025-05-20T22:53:01+00:00","mainEntityOfPage":{"@id":"https:\/\/www.webdo.tn\/fr\/actualite\/national\/affaire-chokri-belaid-le-proces-reprend-vendredi-prochain\/212114\/"},"wordCount":259,"commentCount":0,"publisher":{"@id":"https:\/\/www.webdo.tn\/fr\/#organization"},"image":{"@id":"https:\/\/www.webdo.tn\/fr\/actualite\/national\/affaire-chokri-belaid-le-proces-reprend-vendredi-prochain\/212114\/#primaryimage"},"thumbnailUrl":"https:\/\/www.webdo.tn\/fr\/wp-content\/uploads\/2024\/02\/1f885217022b5f05c1bf61dba659acad.png","keywords":["Affaire","chokri belaid","Tunisie"],"articleSection":["National"],"inLanguage":"fr-FR"},{"@type":"WebPage","@id":"https:\/\/www.webdo.tn\/fr\/actualite\/national\/affaire-chokri-belaid-le-proces-reprend-vendredi-prochain\/212114\/","url":"https:\/\/www.webdo.tn\/fr\/actualite\/national\/affaire-chokri-belaid-le-proces-reprend-vendredi-prochain\/212114\/","name":"Tunisie - Affaire Chokri Belaid : Le proc\u00e8s reprendra le 9 f\u00e9vrier","isPartOf":{"@id":"https:\/\/www.webdo.tn\/fr\/#website"},"primaryImageOfPage":{"@id":"https:\/\/www.webdo.tn\/fr\/actualite\/national\/affaire-chokri-belaid-le-proces-reprend-vendredi-prochain\/212114\/#primaryimage"},"image":{"@id":"https:\/\/www.webdo.tn\/fr\/actualite\/national\/affaire-chokri-belaid-le-proces-reprend-vendredi-prochain\/212114\/#primaryimage"},"thumbnailUrl":"https:\/\/www.webdo.tn\/fr\/wp-content\/uploads\/2024\/02\/1f885217022b5f05c1bf61dba659acad.png","datePublished":"2024-02-07T11:12:00+00:00","dateModified":"2025-05-20T22:53:01+00:00","description":"La s\u00e9ance des plaidoiries a commenc\u00e9 hier, avec l'interrogatoire d'un seul accus\u00e9 lors de la s\u00e9ance du matin et de trois accus\u00e9s l'apr\u00e8s-midi.","breadcrumb":{"@id":"https:\/\/www.webdo.tn\/fr\/actualite\/national\/affaire-chokri-belaid-le-proces-reprend-vendredi-prochain\/212114\/#breadcrumb"},"inLanguage":"fr-FR","potentialAction":[{"@type":"ReadAction","target":["https:\/\/www.webdo.tn\/fr\/actualite\/national\/affaire-chokri-belaid-le-proces-reprend-vendredi-prochain\/212114\/"]}]},{"@type":"ImageObject","inLanguage":"fr-FR","@id":"https:\/\/www.webdo.tn\/fr\/actualite\/national\/affaire-chokri-belaid-le-proces-reprend-vendredi-prochain\/212114\/#primaryimage","url":"https:\/\/www.webdo.tn\/fr\/wp-content\/uploads\/2024\/02\/1f885217022b5f05c1bf61dba659acad.png","contentUrl":"https:\/\/www.webdo.tn\/fr\/wp-content\/uploads\/2024\/02\/1f885217022b5f05c1bf61dba659acad.png","width":750,"height":400,"caption":"Tunisie - Affaire Chokri Belaid : Le proc\u00e8s reprendra le 9 f\u00e9vrier"},{"@type":"BreadcrumbList","@id":"https:\/\/www.webdo.tn\/fr\/actualite\/national\/affaire-chokri-belaid-le-proces-reprend-vendredi-prochain\/212114\/#breadcrumb","itemListElement":[{"@type":"ListItem","position":1,"name":"Accueil","item":"https:\/\/www.webdo.tn\/fr\/"},{"@type":"ListItem","position":2,"name":"Tunisie &#8211; Affaire Chokri Belaid : Le proc\u00e8s reprendra le 9 f\u00e9vrier"}]},{"@type":"WebSite","@id":"https:\/\/www.webdo.tn\/fr\/#website","url":"https:\/\/www.webdo.tn\/fr\/","name":"webdo","description":"Tunisie - News en Tunisie et \u00e0 l&#039;international sur Webdo.tn","publisher":{"@id":"https:\/\/www.webdo.tn\/fr\/#organization"},"potentialAction":[{"@type":"SearchAction","target":{"@type":"EntryPoint","urlTemplate":"https:\/\/www.webdo.tn\/fr\/?s={search_term_string}"},"query-input":{"@type":"PropertyValueSpecification","valueRequired":true,"valueName":"search_term_string"}}],"inLanguage":"fr-FR"},{"@type":"Organization","@id":"https:\/\/www.webdo.tn\/fr\/#organization","name":"Webdo","alternateName":"Webdo.tn","url":"https:\/\/www.webdo.tn\/fr\/","logo":{"@type":"ImageObject","inLanguage":"fr-FR","@id":"https:\/\/www.webdo.tn\/fr\/#\/schema\/logo\/image\/","url":"https:\/\/www.webdo.tn\/fr\/wp-content\/uploads\/2025\/06\/Webdo-Tunisie_168377.jpg","contentUrl":"https:\/\/www.webdo.tn\/fr\/wp-content\/uploads\/2025\/06\/Webdo-Tunisie_168377.jpg","width":301,"height":301,"caption":"Webdo"},"image":{"@id":"https:\/\/www.webdo.tn\/fr\/#\/schema\/logo\/image\/"},"sameAs":["https:\/\/www.facebook.com\/webdotn","https:\/\/x.com\/webdo_tn"],"description":"Webdo est un m\u00e9dia num\u00e9rique tunisien fond\u00e9 en 2010, sp\u00e9cialis\u00e9 dans l\u2019actualit\u00e9 nationale et internationale, l\u2019\u00e9conomie, la soci\u00e9t\u00e9 et les analyses politiques. Le site s\u2019adresse \u00e0 un large public francophone et couvre l\u2019information tunisienne en temps r\u00e9el.","email":"redac@webdo.tn","legalName":"YNJ SARL","foundingDate":"2010-09-06","numberOfEmployees":{"@type":"QuantitativeValue","minValue":"11","maxValue":"50"}},{"@type":"Person","@id":"https:\/\/www.webdo.tn\/fr\/#\/schema\/person\/f35b42a42c5e2511bbd282959d6385cc","name":"CL","image":{"@type":"ImageObject","inLanguage":"fr-FR","@id":"https:\/\/secure.gravatar.com\/avatar\/1447a49909b67aa657c488aec6512e1dd6143a480c1ecfee9b5b5cd74eb3b59e?s=96&d=mm&r=g","url":"https:\/\/secure.gravatar.com\/avatar\/1447a49909b67aa657c488aec6512e1dd6143a480c1ecfee9b5b5cd74eb3b59e?s=96&d=mm&r=g","contentUrl":"https:\/\/secure.gravatar.com\/avatar\/1447a49909b67aa657c488aec6512e1dd6143a480c1ecfee9b5b5cd74eb3b59e?s=96&d=mm&r=g","caption":"CL"},"url":"https:\/\/www.webdo.tn\/fr\/actualite\/author\/cl\/"}]}},"_links":{"self":[{"href":"https:\/\/www.webdo.tn\/fr\/wp-json\/wp\/v2\/posts\/212114","targetHints":{"allow":["GET"]}}],"collection":[{"href":"https:\/\/www.webdo.tn\/fr\/wp-json\/wp\/v2\/posts"}],"about":[{"href":"https:\/\/www.webdo.tn\/fr\/wp-json\/wp\/v2\/types\/post"}],"author":[{"embeddable":true,"href":"https:\/\/www.webdo.tn\/fr\/wp-json\/wp\/v2\/users\/3175"}],"replies":[{"embeddable":true,"href":"https:\/\/www.webdo.tn\/fr\/wp-json\/wp\/v2\/comments?post=212114"}],"version-history":[{"count":0,"href":"https:\/\/www.webdo.tn\/fr\/wp-json\/wp\/v2\/posts\/212114\/revisions"}],"wp:featuredmedia":[{"embeddable":true,"href":"https:\/\/www.webdo.tn\/fr\/wp-json\/wp\/v2\/media\/290190"}],"wp:attachment":[{"href":"https:\/\/www.webdo.tn\/fr\/wp-json\/wp\/v2\/media?parent=212114"}],"wp:term":[{"taxonomy":"category","embeddable":true,"href":"https:\/\/www.webdo.tn\/fr\/wp-json\/wp\/v2\/categories?post=212114"},{"taxonomy":"post_tag","embeddable":true,"href":"https:\/\/www.webdo.tn\/fr\/wp-json\/wp\/v2\/tags?post=212114"}],"curies":[{"name":"wp","href":"https:\/\/api.w.org\/{rel}","templated":true}]}}