{"id":212089,"date":"2024-02-06T14:49:00","date_gmt":"2024-02-06T14:49:00","guid":{"rendered":"https:\/\/www.webdo.tn\/fr\/blog\/la-loi-portant-sur-l-adhesion-de-la-tunisie-a-la-convention-de-budapest-adoptee-a-l-arp\/212089\/"},"modified":"2025-05-20T22:37:53","modified_gmt":"2025-05-20T22:37:53","slug":"la-loi-portant-sur-l-adhesion-de-la-tunisie-a-la-convention-de-budapest-adoptee-a-l-arp","status":"publish","type":"post","link":"https:\/\/www.webdo.tn\/fr\/actualite\/national\/la-loi-portant-sur-l-adhesion-de-la-tunisie-a-la-convention-de-budapest-adoptee-a-l-arp\/212089\/","title":{"rendered":"La loi portant sur l\u2019adh\u00e9sion de la Tunisie \u00e0 la Convention de Budapest adopt\u00e9e \u00e0 l\u2019ARP"},"content":{"rendered":"<p>Le projet de loi organique portant approbation de l\u2019adh\u00e9sion de la Tunisie \u00e0 la convention du Conseil de l\u2019Europe contre la cybercriminalit\u00e9, dite convention de Budapest du 23 novembre 2001, a \u00e9t\u00e9 adopt\u00e9 ce mardi 6 f\u00e9vrier 2024, par l\u2019Assembl\u00e9e des repr\u00e9sentants du peuple (ARP).\u00a0<\/p>\n<p>115 ont vot\u00e9 pour alors que 12 se sont abstenus et 9 neuf se sont oppos\u00e9s en pr\u00e9sence du ministre des Technologies de la Communication et de son staff.<\/p>\n<p>La Convention du Conseil de l&rsquo;Europe contre la cybercriminalit\u00e9, sign\u00e9e \u00e0 Budapest en 2001, constitue le seul instrument juridique ayant d\u00e9pass\u00e9 le cadre r\u00e9gional pour la lutte contre les usages criminels du cyberespace.<\/p>\n<p>Elle vise \u00e0 soutenir les efforts internationaux de lutte contre les infractions li\u00e9es aux technologies de la communication, compte tenu de leur nature transfrontali\u00e8re. \u00a0<\/p>\n<p>De m\u00eame, elle repr\u00e9sente une convention de coop\u00e9ration visant \u00e0 prot\u00e9ger de la cybercriminalit\u00e9 en adoptant une l\u00e9gislation ad\u00e9quate et soutient la coop\u00e9ration internationale dans le cadre des relations diplomatiques.<\/p>\n","protected":false},"excerpt":{"rendered":"<p>115 ont vot\u00e9 pour alors que 12 se sont abstenus et 9 neuf se sont oppos\u00e9s en pr\u00e9sence du ministre des Technologies de la Communication et de son staff.<\/p>\n","protected":false},"author":3175,"featured_media":248069,"comment_status":"open","ping_status":"closed","sticky":false,"template":"","format":"standard","meta":{"footnotes":""},"categories":[44],"tags":[2813,6880,2608],"class_list":["post-212089","post","type-post","status-publish","format-standard","has-post-thumbnail","hentry","category-national","tag-arp","tag-cybercriminalite","tag-tunisie"],"yoast_head":"<!-- This site is optimized with the Yoast SEO Premium plugin v27.4 (Yoast SEO v27.4) - https:\/\/yoast.com\/product\/yoast-seo-premium-wordpress\/ -->\n<title>La loi portant sur l\u2019adh\u00e9sion de la Tunisie \u00e0 la Convention de Budapest adopt\u00e9e \u00e0 l\u2019ARP<\/title>\n<meta name=\"description\" content=\"115 ont vot\u00e9 pour alors que 12 se sont abstenus et 9 neuf se sont oppos\u00e9s en pr\u00e9sence du ministre des Technologies de la Communication et de son staff.\" \/>\n<link rel=\"canonical\" href=\"https:\/\/www.webdo.tn\/fr\/actualite\/national\/la-loi-portant-sur-l-adhesion-de-la-tunisie-a-la-convention-de-budapest-adoptee-a-l-arp\/212089\/\" \/>\n<meta property=\"og:locale\" content=\"fr_FR\" \/>\n<meta property=\"og:type\" content=\"article\" \/>\n<meta property=\"og:title\" content=\"La loi portant sur l\u2019adh\u00e9sion de la Tunisie \u00e0 la Convention de Budapest adopt\u00e9e \u00e0 l\u2019ARP\" \/>\n<meta property=\"og:description\" content=\"115 ont vot\u00e9 pour alors que 12 se sont abstenus et 9 neuf se sont oppos\u00e9s en pr\u00e9sence du ministre des Technologies de la Communication et de son staff.\" \/>\n<meta property=\"og:url\" content=\"https:\/\/www.webdo.tn\/fr\/actualite\/national\/la-loi-portant-sur-l-adhesion-de-la-tunisie-a-la-convention-de-budapest-adoptee-a-l-arp\/212089\/\" \/>\n<meta property=\"og:site_name\" content=\"webdo\" \/>\n<meta property=\"article:publisher\" content=\"https:\/\/www.facebook.com\/webdotn\" \/>\n<meta property=\"article:published_time\" content=\"2024-02-06T14:49:00+00:00\" \/>\n<meta property=\"article:modified_time\" content=\"2025-05-20T22:37:53+00:00\" \/>\n<meta property=\"og:image\" content=\"https:\/\/www.webdo.tn\/fr\/wp-content\/uploads\/2024\/02\/7d17f5fd662712a5bccec18921a29116.jpg\" \/>\n\t<meta property=\"og:image:width\" content=\"750\" \/>\n\t<meta property=\"og:image:height\" content=\"400\" \/>\n\t<meta property=\"og:image:type\" content=\"image\/jpeg\" \/>\n<meta name=\"author\" content=\"CL\" \/>\n<meta name=\"twitter:card\" content=\"summary_large_image\" \/>\n<meta name=\"twitter:creator\" content=\"@webdo_tn\" \/>\n<meta name=\"twitter:site\" content=\"@webdo_tn\" \/>\n<meta name=\"twitter:label1\" content=\"\u00c9crit par\" \/>\n\t<meta name=\"twitter:data1\" content=\"CL\" \/>\n\t<meta name=\"twitter:label2\" content=\"Dur\u00e9e de lecture estim\u00e9e\" \/>\n\t<meta name=\"twitter:data2\" content=\"1 minute\" \/>\n<script type=\"application\/ld+json\" class=\"yoast-schema-graph\">{\"@context\":\"https:\\\/\\\/schema.org\",\"@graph\":[{\"@type\":\"NewsArticle\",\"@id\":\"https:\\\/\\\/www.webdo.tn\\\/fr\\\/actualite\\\/national\\\/la-loi-portant-sur-l-adhesion-de-la-tunisie-a-la-convention-de-budapest-adoptee-a-l-arp\\\/212089\\\/#article\",\"isPartOf\":{\"@id\":\"https:\\\/\\\/www.webdo.tn\\\/fr\\\/actualite\\\/national\\\/la-loi-portant-sur-l-adhesion-de-la-tunisie-a-la-convention-de-budapest-adoptee-a-l-arp\\\/212089\\\/\"},\"author\":{\"name\":\"CL\",\"@id\":\"https:\\\/\\\/www.webdo.tn\\\/fr\\\/#\\\/schema\\\/person\\\/f35b42a42c5e2511bbd282959d6385cc\"},\"headline\":\"La loi portant sur l\u2019adh\u00e9sion de la Tunisie \u00e0 la Convention de Budapest adopt\u00e9e \u00e0 l\u2019ARP\",\"datePublished\":\"2024-02-06T14:49:00+00:00\",\"dateModified\":\"2025-05-20T22:37:53+00:00\",\"mainEntityOfPage\":{\"@id\":\"https:\\\/\\\/www.webdo.tn\\\/fr\\\/actualite\\\/national\\\/la-loi-portant-sur-l-adhesion-de-la-tunisie-a-la-convention-de-budapest-adoptee-a-l-arp\\\/212089\\\/\"},\"wordCount\":189,\"commentCount\":0,\"publisher\":{\"@id\":\"https:\\\/\\\/www.webdo.tn\\\/fr\\\/#organization\"},\"image\":{\"@id\":\"https:\\\/\\\/www.webdo.tn\\\/fr\\\/actualite\\\/national\\\/la-loi-portant-sur-l-adhesion-de-la-tunisie-a-la-convention-de-budapest-adoptee-a-l-arp\\\/212089\\\/#primaryimage\"},\"thumbnailUrl\":\"https:\\\/\\\/www.webdo.tn\\\/fr\\\/wp-content\\\/uploads\\\/2024\\\/02\\\/7d17f5fd662712a5bccec18921a29116.jpg\",\"keywords\":[\"ARP\",\"cybercriminalit\u00e9\",\"Tunisie\"],\"articleSection\":[\"National\"],\"inLanguage\":\"fr-FR\"},{\"@type\":\"WebPage\",\"@id\":\"https:\\\/\\\/www.webdo.tn\\\/fr\\\/actualite\\\/national\\\/la-loi-portant-sur-l-adhesion-de-la-tunisie-a-la-convention-de-budapest-adoptee-a-l-arp\\\/212089\\\/\",\"url\":\"https:\\\/\\\/www.webdo.tn\\\/fr\\\/actualite\\\/national\\\/la-loi-portant-sur-l-adhesion-de-la-tunisie-a-la-convention-de-budapest-adoptee-a-l-arp\\\/212089\\\/\",\"name\":\"La loi portant sur l\u2019adh\u00e9sion de la Tunisie \u00e0 la Convention de Budapest adopt\u00e9e \u00e0 l\u2019ARP\",\"isPartOf\":{\"@id\":\"https:\\\/\\\/www.webdo.tn\\\/fr\\\/#website\"},\"primaryImageOfPage\":{\"@id\":\"https:\\\/\\\/www.webdo.tn\\\/fr\\\/actualite\\\/national\\\/la-loi-portant-sur-l-adhesion-de-la-tunisie-a-la-convention-de-budapest-adoptee-a-l-arp\\\/212089\\\/#primaryimage\"},\"image\":{\"@id\":\"https:\\\/\\\/www.webdo.tn\\\/fr\\\/actualite\\\/national\\\/la-loi-portant-sur-l-adhesion-de-la-tunisie-a-la-convention-de-budapest-adoptee-a-l-arp\\\/212089\\\/#primaryimage\"},\"thumbnailUrl\":\"https:\\\/\\\/www.webdo.tn\\\/fr\\\/wp-content\\\/uploads\\\/2024\\\/02\\\/7d17f5fd662712a5bccec18921a29116.jpg\",\"datePublished\":\"2024-02-06T14:49:00+00:00\",\"dateModified\":\"2025-05-20T22:37:53+00:00\",\"description\":\"115 ont vot\u00e9 pour alors que 12 se sont abstenus et 9 neuf se sont oppos\u00e9s en pr\u00e9sence du ministre des Technologies de la Communication et de son staff.\",\"breadcrumb\":{\"@id\":\"https:\\\/\\\/www.webdo.tn\\\/fr\\\/actualite\\\/national\\\/la-loi-portant-sur-l-adhesion-de-la-tunisie-a-la-convention-de-budapest-adoptee-a-l-arp\\\/212089\\\/#breadcrumb\"},\"inLanguage\":\"fr-FR\",\"potentialAction\":[{\"@type\":\"ReadAction\",\"target\":[\"https:\\\/\\\/www.webdo.tn\\\/fr\\\/actualite\\\/national\\\/la-loi-portant-sur-l-adhesion-de-la-tunisie-a-la-convention-de-budapest-adoptee-a-l-arp\\\/212089\\\/\"]}]},{\"@type\":\"ImageObject\",\"inLanguage\":\"fr-FR\",\"@id\":\"https:\\\/\\\/www.webdo.tn\\\/fr\\\/actualite\\\/national\\\/la-loi-portant-sur-l-adhesion-de-la-tunisie-a-la-convention-de-budapest-adoptee-a-l-arp\\\/212089\\\/#primaryimage\",\"url\":\"https:\\\/\\\/www.webdo.tn\\\/fr\\\/wp-content\\\/uploads\\\/2024\\\/02\\\/7d17f5fd662712a5bccec18921a29116.jpg\",\"contentUrl\":\"https:\\\/\\\/www.webdo.tn\\\/fr\\\/wp-content\\\/uploads\\\/2024\\\/02\\\/7d17f5fd662712a5bccec18921a29116.jpg\",\"width\":750,\"height\":400,\"caption\":\"La loi portant sur l\u2019adh\u00e9sion de la Tunisie \u00e0 la Convention de Budapest adopt\u00e9e \u00e0 l\u2019ARP\"},{\"@type\":\"BreadcrumbList\",\"@id\":\"https:\\\/\\\/www.webdo.tn\\\/fr\\\/actualite\\\/national\\\/la-loi-portant-sur-l-adhesion-de-la-tunisie-a-la-convention-de-budapest-adoptee-a-l-arp\\\/212089\\\/#breadcrumb\",\"itemListElement\":[{\"@type\":\"ListItem\",\"position\":1,\"name\":\"Accueil\",\"item\":\"https:\\\/\\\/www.webdo.tn\\\/fr\\\/\"},{\"@type\":\"ListItem\",\"position\":2,\"name\":\"La loi portant sur l\u2019adh\u00e9sion de la Tunisie \u00e0 la Convention de Budapest adopt\u00e9e \u00e0 l\u2019ARP\"}]},{\"@type\":\"WebSite\",\"@id\":\"https:\\\/\\\/www.webdo.tn\\\/fr\\\/#website\",\"url\":\"https:\\\/\\\/www.webdo.tn\\\/fr\\\/\",\"name\":\"webdo\",\"description\":\"Tunisie - News en Tunisie et \u00e0 l&#039;international sur Webdo.tn\",\"publisher\":{\"@id\":\"https:\\\/\\\/www.webdo.tn\\\/fr\\\/#organization\"},\"potentialAction\":[{\"@type\":\"SearchAction\",\"target\":{\"@type\":\"EntryPoint\",\"urlTemplate\":\"https:\\\/\\\/www.webdo.tn\\\/fr\\\/?s={search_term_string}\"},\"query-input\":{\"@type\":\"PropertyValueSpecification\",\"valueRequired\":true,\"valueName\":\"search_term_string\"}}],\"inLanguage\":\"fr-FR\"},{\"@type\":\"Organization\",\"@id\":\"https:\\\/\\\/www.webdo.tn\\\/fr\\\/#organization\",\"name\":\"Webdo\",\"alternateName\":\"Webdo.tn\",\"url\":\"https:\\\/\\\/www.webdo.tn\\\/fr\\\/\",\"logo\":{\"@type\":\"ImageObject\",\"inLanguage\":\"fr-FR\",\"@id\":\"https:\\\/\\\/www.webdo.tn\\\/fr\\\/#\\\/schema\\\/logo\\\/image\\\/\",\"url\":\"https:\\\/\\\/www.webdo.tn\\\/fr\\\/wp-content\\\/uploads\\\/2025\\\/06\\\/Webdo-Tunisie_168377.jpg\",\"contentUrl\":\"https:\\\/\\\/www.webdo.tn\\\/fr\\\/wp-content\\\/uploads\\\/2025\\\/06\\\/Webdo-Tunisie_168377.jpg\",\"width\":301,\"height\":301,\"caption\":\"Webdo\"},\"image\":{\"@id\":\"https:\\\/\\\/www.webdo.tn\\\/fr\\\/#\\\/schema\\\/logo\\\/image\\\/\"},\"sameAs\":[\"https:\\\/\\\/www.facebook.com\\\/webdotn\",\"https:\\\/\\\/x.com\\\/webdo_tn\"],\"description\":\"Webdo est un m\u00e9dia num\u00e9rique tunisien fond\u00e9 en 2010, sp\u00e9cialis\u00e9 dans l\u2019actualit\u00e9 nationale et internationale, l\u2019\u00e9conomie, la soci\u00e9t\u00e9 et les analyses politiques. Le site s\u2019adresse \u00e0 un large public francophone et couvre l\u2019information tunisienne en temps r\u00e9el.\",\"email\":\"redac@webdo.tn\",\"legalName\":\"YNJ SARL\",\"foundingDate\":\"2010-09-06\",\"numberOfEmployees\":{\"@type\":\"QuantitativeValue\",\"minValue\":\"11\",\"maxValue\":\"50\"}},{\"@type\":\"Person\",\"@id\":\"https:\\\/\\\/www.webdo.tn\\\/fr\\\/#\\\/schema\\\/person\\\/f35b42a42c5e2511bbd282959d6385cc\",\"name\":\"CL\",\"image\":{\"@type\":\"ImageObject\",\"inLanguage\":\"fr-FR\",\"@id\":\"https:\\\/\\\/secure.gravatar.com\\\/avatar\\\/1447a49909b67aa657c488aec6512e1dd6143a480c1ecfee9b5b5cd74eb3b59e?s=96&d=mm&r=g\",\"url\":\"https:\\\/\\\/secure.gravatar.com\\\/avatar\\\/1447a49909b67aa657c488aec6512e1dd6143a480c1ecfee9b5b5cd74eb3b59e?s=96&d=mm&r=g\",\"contentUrl\":\"https:\\\/\\\/secure.gravatar.com\\\/avatar\\\/1447a49909b67aa657c488aec6512e1dd6143a480c1ecfee9b5b5cd74eb3b59e?s=96&d=mm&r=g\",\"caption\":\"CL\"},\"url\":\"https:\\\/\\\/www.webdo.tn\\\/fr\\\/actualite\\\/author\\\/cl\\\/\"}]}<\/script>\n<!-- \/ Yoast SEO Premium plugin. -->","yoast_head_json":{"title":"La loi portant sur l\u2019adh\u00e9sion de la Tunisie \u00e0 la Convention de Budapest adopt\u00e9e \u00e0 l\u2019ARP","description":"115 ont vot\u00e9 pour alors que 12 se sont abstenus et 9 neuf se sont oppos\u00e9s en pr\u00e9sence du ministre des Technologies de la Communication et de son staff.","canonical":"https:\/\/www.webdo.tn\/fr\/actualite\/national\/la-loi-portant-sur-l-adhesion-de-la-tunisie-a-la-convention-de-budapest-adoptee-a-l-arp\/212089\/","og_locale":"fr_FR","og_type":"article","og_title":"La loi portant sur l\u2019adh\u00e9sion de la Tunisie \u00e0 la Convention de Budapest adopt\u00e9e \u00e0 l\u2019ARP","og_description":"115 ont vot\u00e9 pour alors que 12 se sont abstenus et 9 neuf se sont oppos\u00e9s en pr\u00e9sence du ministre des Technologies de la Communication et de son staff.","og_url":"https:\/\/www.webdo.tn\/fr\/actualite\/national\/la-loi-portant-sur-l-adhesion-de-la-tunisie-a-la-convention-de-budapest-adoptee-a-l-arp\/212089\/","og_site_name":"webdo","article_publisher":"https:\/\/www.facebook.com\/webdotn","article_published_time":"2024-02-06T14:49:00+00:00","article_modified_time":"2025-05-20T22:37:53+00:00","og_image":[{"width":750,"height":400,"url":"https:\/\/www.webdo.tn\/fr\/wp-content\/uploads\/2024\/02\/7d17f5fd662712a5bccec18921a29116.jpg","type":"image\/jpeg"}],"author":"CL","twitter_card":"summary_large_image","twitter_creator":"@webdo_tn","twitter_site":"@webdo_tn","twitter_misc":{"\u00c9crit par":"CL","Dur\u00e9e de lecture estim\u00e9e":"1 minute"},"schema":{"@context":"https:\/\/schema.org","@graph":[{"@type":"NewsArticle","@id":"https:\/\/www.webdo.tn\/fr\/actualite\/national\/la-loi-portant-sur-l-adhesion-de-la-tunisie-a-la-convention-de-budapest-adoptee-a-l-arp\/212089\/#article","isPartOf":{"@id":"https:\/\/www.webdo.tn\/fr\/actualite\/national\/la-loi-portant-sur-l-adhesion-de-la-tunisie-a-la-convention-de-budapest-adoptee-a-l-arp\/212089\/"},"author":{"name":"CL","@id":"https:\/\/www.webdo.tn\/fr\/#\/schema\/person\/f35b42a42c5e2511bbd282959d6385cc"},"headline":"La loi portant sur l\u2019adh\u00e9sion de la Tunisie \u00e0 la Convention de Budapest adopt\u00e9e \u00e0 l\u2019ARP","datePublished":"2024-02-06T14:49:00+00:00","dateModified":"2025-05-20T22:37:53+00:00","mainEntityOfPage":{"@id":"https:\/\/www.webdo.tn\/fr\/actualite\/national\/la-loi-portant-sur-l-adhesion-de-la-tunisie-a-la-convention-de-budapest-adoptee-a-l-arp\/212089\/"},"wordCount":189,"commentCount":0,"publisher":{"@id":"https:\/\/www.webdo.tn\/fr\/#organization"},"image":{"@id":"https:\/\/www.webdo.tn\/fr\/actualite\/national\/la-loi-portant-sur-l-adhesion-de-la-tunisie-a-la-convention-de-budapest-adoptee-a-l-arp\/212089\/#primaryimage"},"thumbnailUrl":"https:\/\/www.webdo.tn\/fr\/wp-content\/uploads\/2024\/02\/7d17f5fd662712a5bccec18921a29116.jpg","keywords":["ARP","cybercriminalit\u00e9","Tunisie"],"articleSection":["National"],"inLanguage":"fr-FR"},{"@type":"WebPage","@id":"https:\/\/www.webdo.tn\/fr\/actualite\/national\/la-loi-portant-sur-l-adhesion-de-la-tunisie-a-la-convention-de-budapest-adoptee-a-l-arp\/212089\/","url":"https:\/\/www.webdo.tn\/fr\/actualite\/national\/la-loi-portant-sur-l-adhesion-de-la-tunisie-a-la-convention-de-budapest-adoptee-a-l-arp\/212089\/","name":"La loi portant sur l\u2019adh\u00e9sion de la Tunisie \u00e0 la Convention de Budapest adopt\u00e9e \u00e0 l\u2019ARP","isPartOf":{"@id":"https:\/\/www.webdo.tn\/fr\/#website"},"primaryImageOfPage":{"@id":"https:\/\/www.webdo.tn\/fr\/actualite\/national\/la-loi-portant-sur-l-adhesion-de-la-tunisie-a-la-convention-de-budapest-adoptee-a-l-arp\/212089\/#primaryimage"},"image":{"@id":"https:\/\/www.webdo.tn\/fr\/actualite\/national\/la-loi-portant-sur-l-adhesion-de-la-tunisie-a-la-convention-de-budapest-adoptee-a-l-arp\/212089\/#primaryimage"},"thumbnailUrl":"https:\/\/www.webdo.tn\/fr\/wp-content\/uploads\/2024\/02\/7d17f5fd662712a5bccec18921a29116.jpg","datePublished":"2024-02-06T14:49:00+00:00","dateModified":"2025-05-20T22:37:53+00:00","description":"115 ont vot\u00e9 pour alors que 12 se sont abstenus et 9 neuf se sont oppos\u00e9s en pr\u00e9sence du ministre des Technologies de la Communication et de son staff.","breadcrumb":{"@id":"https:\/\/www.webdo.tn\/fr\/actualite\/national\/la-loi-portant-sur-l-adhesion-de-la-tunisie-a-la-convention-de-budapest-adoptee-a-l-arp\/212089\/#breadcrumb"},"inLanguage":"fr-FR","potentialAction":[{"@type":"ReadAction","target":["https:\/\/www.webdo.tn\/fr\/actualite\/national\/la-loi-portant-sur-l-adhesion-de-la-tunisie-a-la-convention-de-budapest-adoptee-a-l-arp\/212089\/"]}]},{"@type":"ImageObject","inLanguage":"fr-FR","@id":"https:\/\/www.webdo.tn\/fr\/actualite\/national\/la-loi-portant-sur-l-adhesion-de-la-tunisie-a-la-convention-de-budapest-adoptee-a-l-arp\/212089\/#primaryimage","url":"https:\/\/www.webdo.tn\/fr\/wp-content\/uploads\/2024\/02\/7d17f5fd662712a5bccec18921a29116.jpg","contentUrl":"https:\/\/www.webdo.tn\/fr\/wp-content\/uploads\/2024\/02\/7d17f5fd662712a5bccec18921a29116.jpg","width":750,"height":400,"caption":"La loi portant sur l\u2019adh\u00e9sion de la Tunisie \u00e0 la Convention de Budapest adopt\u00e9e \u00e0 l\u2019ARP"},{"@type":"BreadcrumbList","@id":"https:\/\/www.webdo.tn\/fr\/actualite\/national\/la-loi-portant-sur-l-adhesion-de-la-tunisie-a-la-convention-de-budapest-adoptee-a-l-arp\/212089\/#breadcrumb","itemListElement":[{"@type":"ListItem","position":1,"name":"Accueil","item":"https:\/\/www.webdo.tn\/fr\/"},{"@type":"ListItem","position":2,"name":"La loi portant sur l\u2019adh\u00e9sion de la Tunisie \u00e0 la Convention de Budapest adopt\u00e9e \u00e0 l\u2019ARP"}]},{"@type":"WebSite","@id":"https:\/\/www.webdo.tn\/fr\/#website","url":"https:\/\/www.webdo.tn\/fr\/","name":"webdo","description":"Tunisie - News en Tunisie et \u00e0 l&#039;international sur Webdo.tn","publisher":{"@id":"https:\/\/www.webdo.tn\/fr\/#organization"},"potentialAction":[{"@type":"SearchAction","target":{"@type":"EntryPoint","urlTemplate":"https:\/\/www.webdo.tn\/fr\/?s={search_term_string}"},"query-input":{"@type":"PropertyValueSpecification","valueRequired":true,"valueName":"search_term_string"}}],"inLanguage":"fr-FR"},{"@type":"Organization","@id":"https:\/\/www.webdo.tn\/fr\/#organization","name":"Webdo","alternateName":"Webdo.tn","url":"https:\/\/www.webdo.tn\/fr\/","logo":{"@type":"ImageObject","inLanguage":"fr-FR","@id":"https:\/\/www.webdo.tn\/fr\/#\/schema\/logo\/image\/","url":"https:\/\/www.webdo.tn\/fr\/wp-content\/uploads\/2025\/06\/Webdo-Tunisie_168377.jpg","contentUrl":"https:\/\/www.webdo.tn\/fr\/wp-content\/uploads\/2025\/06\/Webdo-Tunisie_168377.jpg","width":301,"height":301,"caption":"Webdo"},"image":{"@id":"https:\/\/www.webdo.tn\/fr\/#\/schema\/logo\/image\/"},"sameAs":["https:\/\/www.facebook.com\/webdotn","https:\/\/x.com\/webdo_tn"],"description":"Webdo est un m\u00e9dia num\u00e9rique tunisien fond\u00e9 en 2010, sp\u00e9cialis\u00e9 dans l\u2019actualit\u00e9 nationale et internationale, l\u2019\u00e9conomie, la soci\u00e9t\u00e9 et les analyses politiques. Le site s\u2019adresse \u00e0 un large public francophone et couvre l\u2019information tunisienne en temps r\u00e9el.","email":"redac@webdo.tn","legalName":"YNJ SARL","foundingDate":"2010-09-06","numberOfEmployees":{"@type":"QuantitativeValue","minValue":"11","maxValue":"50"}},{"@type":"Person","@id":"https:\/\/www.webdo.tn\/fr\/#\/schema\/person\/f35b42a42c5e2511bbd282959d6385cc","name":"CL","image":{"@type":"ImageObject","inLanguage":"fr-FR","@id":"https:\/\/secure.gravatar.com\/avatar\/1447a49909b67aa657c488aec6512e1dd6143a480c1ecfee9b5b5cd74eb3b59e?s=96&d=mm&r=g","url":"https:\/\/secure.gravatar.com\/avatar\/1447a49909b67aa657c488aec6512e1dd6143a480c1ecfee9b5b5cd74eb3b59e?s=96&d=mm&r=g","contentUrl":"https:\/\/secure.gravatar.com\/avatar\/1447a49909b67aa657c488aec6512e1dd6143a480c1ecfee9b5b5cd74eb3b59e?s=96&d=mm&r=g","caption":"CL"},"url":"https:\/\/www.webdo.tn\/fr\/actualite\/author\/cl\/"}]}},"_links":{"self":[{"href":"https:\/\/www.webdo.tn\/fr\/wp-json\/wp\/v2\/posts\/212089","targetHints":{"allow":["GET"]}}],"collection":[{"href":"https:\/\/www.webdo.tn\/fr\/wp-json\/wp\/v2\/posts"}],"about":[{"href":"https:\/\/www.webdo.tn\/fr\/wp-json\/wp\/v2\/types\/post"}],"author":[{"embeddable":true,"href":"https:\/\/www.webdo.tn\/fr\/wp-json\/wp\/v2\/users\/3175"}],"replies":[{"embeddable":true,"href":"https:\/\/www.webdo.tn\/fr\/wp-json\/wp\/v2\/comments?post=212089"}],"version-history":[{"count":0,"href":"https:\/\/www.webdo.tn\/fr\/wp-json\/wp\/v2\/posts\/212089\/revisions"}],"wp:featuredmedia":[{"embeddable":true,"href":"https:\/\/www.webdo.tn\/fr\/wp-json\/wp\/v2\/media\/248069"}],"wp:attachment":[{"href":"https:\/\/www.webdo.tn\/fr\/wp-json\/wp\/v2\/media?parent=212089"}],"wp:term":[{"taxonomy":"category","embeddable":true,"href":"https:\/\/www.webdo.tn\/fr\/wp-json\/wp\/v2\/categories?post=212089"},{"taxonomy":"post_tag","embeddable":true,"href":"https:\/\/www.webdo.tn\/fr\/wp-json\/wp\/v2\/tags?post=212089"}],"curies":[{"name":"wp","href":"https:\/\/api.w.org\/{rel}","templated":true}]}}