{"id":212084,"date":"2024-02-06T11:46:00","date_gmt":"2024-02-06T11:46:00","guid":{"rendered":"https:\/\/www.webdo.tn\/fr\/blog\/que-va-faire-la-tunisie-de-sa-banque-centrale\/212084\/"},"modified":"2025-05-20T22:53:00","modified_gmt":"2025-05-20T22:53:00","slug":"que-va-faire-la-tunisie-de-sa-banque-centrale","status":"publish","type":"post","link":"https:\/\/www.webdo.tn\/fr\/actualite\/national\/que-va-faire-la-tunisie-de-sa-banque-centrale\/212084\/","title":{"rendered":"Tunisie : Kais Saied contre l&rsquo;ind\u00e9pendance de la BCT"},"content":{"rendered":"<p>L\u2019ind\u00e9pendance de la Banque Centrale de Tunisie est d\u00e9j\u00e0 au c\u0153ur de la tourmente. Les r\u00e9centes d\u00e9clarations du pr\u00e9sident de la R\u00e9publique Kais Saied laissent penser \u00e0 un nouveau sort pour la banque des banques.\u00a0<\/p>\n<p>\t\t\t\t\t\t\t\t\tHier lors de sa visite \u00e0 la BCT, Kais Saied a \u00e9voqu\u00e9 la question de son ind\u00e9pendance ou son autonomie par rapport \u00e0 l\u2019Etat tunisien.\u00a0<\/p>\n<p>\u00ab Il n\u2019existe aucune institution publique ind\u00e9pendante de l\u2019Etat \u00bb, a-t-il insist\u00e9 lors de sa rencontre avec le chef du gouvernement. Selon ses dires, l\u2019ind\u00e9pendance des politiques mon\u00e9taire de la BCT est au sein de l\u2019Etat.\u00a0Et d\u2019ajouter que la question de son autonomie intervient comme une r\u00e9ponse aux diktats ext\u00e9rieurs visant l\u2019implosion de l\u2019Etat.\u00a0<\/p>\n<p>Depuis plusieurs mois, l\u2019ind\u00e9pendance de la Banque Centrale ne fait plus l\u2019unanimit\u00e9. Cependant, pour certains experts la politisation de l\u2019action de la banque des banques risque de provoquer des crises financi\u00e8res.\u00a0<\/p>\n<p>Pourtant, l\u2019ancien ministre de l\u2019\u00c9conomie et de la Planification, Samir Sa\u00efed, avait ni\u00e9 toute intention du gouvernement tunisien de changer les statuts de la Banque centrale de Tunisie ou de limiter ou alt\u00e9rer son ind\u00e9pendance.<\/p>\n<p>Derni\u00e8rement, le gouvernement a sollicit\u00e9 un financement direct de son d\u00e9ficit par la BCT. D\u2019ailleurs, la s\u00e9ance pl\u00e9ni\u00e8re consacr\u00e9e \u00e0 l&rsquo;examen du projet amendant la loi de la BCT relatif au financement du Tr\u00e9sor public, a \u00e9t\u00e9 fix\u00e9e pour ce mardi 6 f\u00e9vrier 2024.<\/p>\n<p>Cet amendement, permettra\u00a0\u00e0 la Banque centrale \u00e0 accorder exceptionnellement des facilit\u00e9s au tr\u00e9sor public de l\u2019Etat \u00e0 hauteur d\u2019un montant net d\u2019une valeur de 7000 millions de dinars rembours\u00e9 sur dix ans avec une p\u00e9riode de gr\u00e2ce et sans int\u00e9r\u00eats.<\/p>\n","protected":false},"excerpt":{"rendered":"<p>Hier lors de sa visite \u00e0 la BCT, Kais Saied a \u00e9voqu\u00e9 la question de son ind\u00e9pendance ou son autonomie par rapport \u00e0 l\u2019Etat tunisien.<\/p>\n","protected":false},"author":3175,"featured_media":290188,"comment_status":"open","ping_status":"closed","sticky":false,"template":"","format":"standard","meta":{"footnotes":""},"categories":[44],"tags":[2810,2807,3154,2608],"class_list":["post-212084","post","type-post","status-publish","format-standard","has-post-thumbnail","hentry","category-national","tag-banque-centrale","tag-bct","tag-economie","tag-tunisie"],"yoast_head":"<!-- This site is optimized with the Yoast SEO Premium plugin v27.4 (Yoast SEO v27.4) - https:\/\/yoast.com\/product\/yoast-seo-premium-wordpress\/ -->\n<title>Tunisie : Kais Saied contre l&#039;ind\u00e9pendance de la BCT<\/title>\n<meta name=\"description\" content=\"Hier lors de sa visite \u00e0 la BCT, Kais Saied a \u00e9voqu\u00e9 la question de son ind\u00e9pendance ou son autonomie par rapport \u00e0 l\u2019Etat tunisien.\" \/>\n<link rel=\"canonical\" href=\"https:\/\/www.webdo.tn\/fr\/actualite\/national\/que-va-faire-la-tunisie-de-sa-banque-centrale\/212084\/\" \/>\n<meta property=\"og:locale\" content=\"fr_FR\" \/>\n<meta property=\"og:type\" content=\"article\" \/>\n<meta property=\"og:title\" content=\"Tunisie : Kais Saied contre l&#039;ind\u00e9pendance de la BCT\" \/>\n<meta property=\"og:description\" content=\"Hier lors de sa visite \u00e0 la BCT, Kais Saied a \u00e9voqu\u00e9 la question de son ind\u00e9pendance ou son autonomie par rapport \u00e0 l\u2019Etat tunisien.\" \/>\n<meta property=\"og:url\" content=\"https:\/\/www.webdo.tn\/fr\/actualite\/national\/que-va-faire-la-tunisie-de-sa-banque-centrale\/212084\/\" \/>\n<meta property=\"og:site_name\" content=\"webdo\" \/>\n<meta property=\"article:publisher\" content=\"https:\/\/www.facebook.com\/webdotn\" \/>\n<meta property=\"article:published_time\" content=\"2024-02-06T11:46:00+00:00\" \/>\n<meta property=\"article:modified_time\" content=\"2025-05-20T22:53:00+00:00\" \/>\n<meta property=\"og:image\" content=\"https:\/\/www.webdo.tn\/fr\/wp-content\/uploads\/2024\/02\/8f4cf4255bdc80514945af6f3a11fd6b.jpg\" \/>\n\t<meta property=\"og:image:width\" content=\"750\" \/>\n\t<meta property=\"og:image:height\" content=\"400\" \/>\n\t<meta property=\"og:image:type\" content=\"image\/jpeg\" \/>\n<meta name=\"author\" content=\"CL\" \/>\n<meta name=\"twitter:card\" content=\"summary_large_image\" \/>\n<meta name=\"twitter:creator\" content=\"@webdo_tn\" \/>\n<meta name=\"twitter:site\" content=\"@webdo_tn\" \/>\n<meta name=\"twitter:label1\" content=\"\u00c9crit par\" \/>\n\t<meta name=\"twitter:data1\" content=\"CL\" \/>\n\t<meta name=\"twitter:label2\" content=\"Dur\u00e9e de lecture estim\u00e9e\" \/>\n\t<meta name=\"twitter:data2\" content=\"2 minutes\" \/>\n<script type=\"application\/ld+json\" class=\"yoast-schema-graph\">{\"@context\":\"https:\\\/\\\/schema.org\",\"@graph\":[{\"@type\":\"NewsArticle\",\"@id\":\"https:\\\/\\\/www.webdo.tn\\\/fr\\\/actualite\\\/national\\\/que-va-faire-la-tunisie-de-sa-banque-centrale\\\/212084\\\/#article\",\"isPartOf\":{\"@id\":\"https:\\\/\\\/www.webdo.tn\\\/fr\\\/actualite\\\/national\\\/que-va-faire-la-tunisie-de-sa-banque-centrale\\\/212084\\\/\"},\"author\":{\"name\":\"CL\",\"@id\":\"https:\\\/\\\/www.webdo.tn\\\/fr\\\/#\\\/schema\\\/person\\\/f35b42a42c5e2511bbd282959d6385cc\"},\"headline\":\"Tunisie : Kais Saied contre l&rsquo;ind\u00e9pendance de la BCT\",\"datePublished\":\"2024-02-06T11:46:00+00:00\",\"dateModified\":\"2025-05-20T22:53:00+00:00\",\"mainEntityOfPage\":{\"@id\":\"https:\\\/\\\/www.webdo.tn\\\/fr\\\/actualite\\\/national\\\/que-va-faire-la-tunisie-de-sa-banque-centrale\\\/212084\\\/\"},\"wordCount\":316,\"commentCount\":0,\"publisher\":{\"@id\":\"https:\\\/\\\/www.webdo.tn\\\/fr\\\/#organization\"},\"image\":{\"@id\":\"https:\\\/\\\/www.webdo.tn\\\/fr\\\/actualite\\\/national\\\/que-va-faire-la-tunisie-de-sa-banque-centrale\\\/212084\\\/#primaryimage\"},\"thumbnailUrl\":\"https:\\\/\\\/www.webdo.tn\\\/fr\\\/wp-content\\\/uploads\\\/2024\\\/02\\\/8f4cf4255bdc80514945af6f3a11fd6b.jpg\",\"keywords\":[\"Banque centrale\",\"BCT\",\"\u00e9conomie\",\"Tunisie\"],\"articleSection\":[\"National\"],\"inLanguage\":\"fr-FR\"},{\"@type\":\"WebPage\",\"@id\":\"https:\\\/\\\/www.webdo.tn\\\/fr\\\/actualite\\\/national\\\/que-va-faire-la-tunisie-de-sa-banque-centrale\\\/212084\\\/\",\"url\":\"https:\\\/\\\/www.webdo.tn\\\/fr\\\/actualite\\\/national\\\/que-va-faire-la-tunisie-de-sa-banque-centrale\\\/212084\\\/\",\"name\":\"Tunisie : Kais Saied contre l'ind\u00e9pendance de la BCT\",\"isPartOf\":{\"@id\":\"https:\\\/\\\/www.webdo.tn\\\/fr\\\/#website\"},\"primaryImageOfPage\":{\"@id\":\"https:\\\/\\\/www.webdo.tn\\\/fr\\\/actualite\\\/national\\\/que-va-faire-la-tunisie-de-sa-banque-centrale\\\/212084\\\/#primaryimage\"},\"image\":{\"@id\":\"https:\\\/\\\/www.webdo.tn\\\/fr\\\/actualite\\\/national\\\/que-va-faire-la-tunisie-de-sa-banque-centrale\\\/212084\\\/#primaryimage\"},\"thumbnailUrl\":\"https:\\\/\\\/www.webdo.tn\\\/fr\\\/wp-content\\\/uploads\\\/2024\\\/02\\\/8f4cf4255bdc80514945af6f3a11fd6b.jpg\",\"datePublished\":\"2024-02-06T11:46:00+00:00\",\"dateModified\":\"2025-05-20T22:53:00+00:00\",\"description\":\"Hier lors de sa visite \u00e0 la BCT, Kais Saied a \u00e9voqu\u00e9 la question de son ind\u00e9pendance ou son autonomie par rapport \u00e0 l\u2019Etat tunisien.\",\"breadcrumb\":{\"@id\":\"https:\\\/\\\/www.webdo.tn\\\/fr\\\/actualite\\\/national\\\/que-va-faire-la-tunisie-de-sa-banque-centrale\\\/212084\\\/#breadcrumb\"},\"inLanguage\":\"fr-FR\",\"potentialAction\":[{\"@type\":\"ReadAction\",\"target\":[\"https:\\\/\\\/www.webdo.tn\\\/fr\\\/actualite\\\/national\\\/que-va-faire-la-tunisie-de-sa-banque-centrale\\\/212084\\\/\"]}]},{\"@type\":\"ImageObject\",\"inLanguage\":\"fr-FR\",\"@id\":\"https:\\\/\\\/www.webdo.tn\\\/fr\\\/actualite\\\/national\\\/que-va-faire-la-tunisie-de-sa-banque-centrale\\\/212084\\\/#primaryimage\",\"url\":\"https:\\\/\\\/www.webdo.tn\\\/fr\\\/wp-content\\\/uploads\\\/2024\\\/02\\\/8f4cf4255bdc80514945af6f3a11fd6b.jpg\",\"contentUrl\":\"https:\\\/\\\/www.webdo.tn\\\/fr\\\/wp-content\\\/uploads\\\/2024\\\/02\\\/8f4cf4255bdc80514945af6f3a11fd6b.jpg\",\"width\":750,\"height\":400,\"caption\":\"Tunisie : Kais Saied contre l'ind\u00e9pendance de la BCT\"},{\"@type\":\"BreadcrumbList\",\"@id\":\"https:\\\/\\\/www.webdo.tn\\\/fr\\\/actualite\\\/national\\\/que-va-faire-la-tunisie-de-sa-banque-centrale\\\/212084\\\/#breadcrumb\",\"itemListElement\":[{\"@type\":\"ListItem\",\"position\":1,\"name\":\"Accueil\",\"item\":\"https:\\\/\\\/www.webdo.tn\\\/fr\\\/\"},{\"@type\":\"ListItem\",\"position\":2,\"name\":\"Tunisie : Kais Saied contre l&rsquo;ind\u00e9pendance de la BCT\"}]},{\"@type\":\"WebSite\",\"@id\":\"https:\\\/\\\/www.webdo.tn\\\/fr\\\/#website\",\"url\":\"https:\\\/\\\/www.webdo.tn\\\/fr\\\/\",\"name\":\"webdo\",\"description\":\"Tunisie - News en Tunisie et \u00e0 l&#039;international sur Webdo.tn\",\"publisher\":{\"@id\":\"https:\\\/\\\/www.webdo.tn\\\/fr\\\/#organization\"},\"potentialAction\":[{\"@type\":\"SearchAction\",\"target\":{\"@type\":\"EntryPoint\",\"urlTemplate\":\"https:\\\/\\\/www.webdo.tn\\\/fr\\\/?s={search_term_string}\"},\"query-input\":{\"@type\":\"PropertyValueSpecification\",\"valueRequired\":true,\"valueName\":\"search_term_string\"}}],\"inLanguage\":\"fr-FR\"},{\"@type\":\"Organization\",\"@id\":\"https:\\\/\\\/www.webdo.tn\\\/fr\\\/#organization\",\"name\":\"Webdo\",\"alternateName\":\"Webdo.tn\",\"url\":\"https:\\\/\\\/www.webdo.tn\\\/fr\\\/\",\"logo\":{\"@type\":\"ImageObject\",\"inLanguage\":\"fr-FR\",\"@id\":\"https:\\\/\\\/www.webdo.tn\\\/fr\\\/#\\\/schema\\\/logo\\\/image\\\/\",\"url\":\"https:\\\/\\\/www.webdo.tn\\\/fr\\\/wp-content\\\/uploads\\\/2025\\\/06\\\/Webdo-Tunisie_168377.jpg\",\"contentUrl\":\"https:\\\/\\\/www.webdo.tn\\\/fr\\\/wp-content\\\/uploads\\\/2025\\\/06\\\/Webdo-Tunisie_168377.jpg\",\"width\":301,\"height\":301,\"caption\":\"Webdo\"},\"image\":{\"@id\":\"https:\\\/\\\/www.webdo.tn\\\/fr\\\/#\\\/schema\\\/logo\\\/image\\\/\"},\"sameAs\":[\"https:\\\/\\\/www.facebook.com\\\/webdotn\",\"https:\\\/\\\/x.com\\\/webdo_tn\"],\"description\":\"Webdo est un m\u00e9dia num\u00e9rique tunisien fond\u00e9 en 2010, sp\u00e9cialis\u00e9 dans l\u2019actualit\u00e9 nationale et internationale, l\u2019\u00e9conomie, la soci\u00e9t\u00e9 et les analyses politiques. Le site s\u2019adresse \u00e0 un large public francophone et couvre l\u2019information tunisienne en temps r\u00e9el.\",\"email\":\"redac@webdo.tn\",\"legalName\":\"YNJ SARL\",\"foundingDate\":\"2010-09-06\",\"numberOfEmployees\":{\"@type\":\"QuantitativeValue\",\"minValue\":\"11\",\"maxValue\":\"50\"}},{\"@type\":\"Person\",\"@id\":\"https:\\\/\\\/www.webdo.tn\\\/fr\\\/#\\\/schema\\\/person\\\/f35b42a42c5e2511bbd282959d6385cc\",\"name\":\"CL\",\"image\":{\"@type\":\"ImageObject\",\"inLanguage\":\"fr-FR\",\"@id\":\"https:\\\/\\\/secure.gravatar.com\\\/avatar\\\/1447a49909b67aa657c488aec6512e1dd6143a480c1ecfee9b5b5cd74eb3b59e?s=96&d=mm&r=g\",\"url\":\"https:\\\/\\\/secure.gravatar.com\\\/avatar\\\/1447a49909b67aa657c488aec6512e1dd6143a480c1ecfee9b5b5cd74eb3b59e?s=96&d=mm&r=g\",\"contentUrl\":\"https:\\\/\\\/secure.gravatar.com\\\/avatar\\\/1447a49909b67aa657c488aec6512e1dd6143a480c1ecfee9b5b5cd74eb3b59e?s=96&d=mm&r=g\",\"caption\":\"CL\"},\"url\":\"https:\\\/\\\/www.webdo.tn\\\/fr\\\/actualite\\\/author\\\/cl\\\/\"}]}<\/script>\n<!-- \/ Yoast SEO Premium plugin. -->","yoast_head_json":{"title":"Tunisie : Kais Saied contre l'ind\u00e9pendance de la BCT","description":"Hier lors de sa visite \u00e0 la BCT, Kais Saied a \u00e9voqu\u00e9 la question de son ind\u00e9pendance ou son autonomie par rapport \u00e0 l\u2019Etat tunisien.","canonical":"https:\/\/www.webdo.tn\/fr\/actualite\/national\/que-va-faire-la-tunisie-de-sa-banque-centrale\/212084\/","og_locale":"fr_FR","og_type":"article","og_title":"Tunisie : Kais Saied contre l'ind\u00e9pendance de la BCT","og_description":"Hier lors de sa visite \u00e0 la BCT, Kais Saied a \u00e9voqu\u00e9 la question de son ind\u00e9pendance ou son autonomie par rapport \u00e0 l\u2019Etat tunisien.","og_url":"https:\/\/www.webdo.tn\/fr\/actualite\/national\/que-va-faire-la-tunisie-de-sa-banque-centrale\/212084\/","og_site_name":"webdo","article_publisher":"https:\/\/www.facebook.com\/webdotn","article_published_time":"2024-02-06T11:46:00+00:00","article_modified_time":"2025-05-20T22:53:00+00:00","og_image":[{"width":750,"height":400,"url":"https:\/\/www.webdo.tn\/fr\/wp-content\/uploads\/2024\/02\/8f4cf4255bdc80514945af6f3a11fd6b.jpg","type":"image\/jpeg"}],"author":"CL","twitter_card":"summary_large_image","twitter_creator":"@webdo_tn","twitter_site":"@webdo_tn","twitter_misc":{"\u00c9crit par":"CL","Dur\u00e9e de lecture estim\u00e9e":"2 minutes"},"schema":{"@context":"https:\/\/schema.org","@graph":[{"@type":"NewsArticle","@id":"https:\/\/www.webdo.tn\/fr\/actualite\/national\/que-va-faire-la-tunisie-de-sa-banque-centrale\/212084\/#article","isPartOf":{"@id":"https:\/\/www.webdo.tn\/fr\/actualite\/national\/que-va-faire-la-tunisie-de-sa-banque-centrale\/212084\/"},"author":{"name":"CL","@id":"https:\/\/www.webdo.tn\/fr\/#\/schema\/person\/f35b42a42c5e2511bbd282959d6385cc"},"headline":"Tunisie : Kais Saied contre l&rsquo;ind\u00e9pendance de la BCT","datePublished":"2024-02-06T11:46:00+00:00","dateModified":"2025-05-20T22:53:00+00:00","mainEntityOfPage":{"@id":"https:\/\/www.webdo.tn\/fr\/actualite\/national\/que-va-faire-la-tunisie-de-sa-banque-centrale\/212084\/"},"wordCount":316,"commentCount":0,"publisher":{"@id":"https:\/\/www.webdo.tn\/fr\/#organization"},"image":{"@id":"https:\/\/www.webdo.tn\/fr\/actualite\/national\/que-va-faire-la-tunisie-de-sa-banque-centrale\/212084\/#primaryimage"},"thumbnailUrl":"https:\/\/www.webdo.tn\/fr\/wp-content\/uploads\/2024\/02\/8f4cf4255bdc80514945af6f3a11fd6b.jpg","keywords":["Banque centrale","BCT","\u00e9conomie","Tunisie"],"articleSection":["National"],"inLanguage":"fr-FR"},{"@type":"WebPage","@id":"https:\/\/www.webdo.tn\/fr\/actualite\/national\/que-va-faire-la-tunisie-de-sa-banque-centrale\/212084\/","url":"https:\/\/www.webdo.tn\/fr\/actualite\/national\/que-va-faire-la-tunisie-de-sa-banque-centrale\/212084\/","name":"Tunisie : Kais Saied contre l'ind\u00e9pendance de la BCT","isPartOf":{"@id":"https:\/\/www.webdo.tn\/fr\/#website"},"primaryImageOfPage":{"@id":"https:\/\/www.webdo.tn\/fr\/actualite\/national\/que-va-faire-la-tunisie-de-sa-banque-centrale\/212084\/#primaryimage"},"image":{"@id":"https:\/\/www.webdo.tn\/fr\/actualite\/national\/que-va-faire-la-tunisie-de-sa-banque-centrale\/212084\/#primaryimage"},"thumbnailUrl":"https:\/\/www.webdo.tn\/fr\/wp-content\/uploads\/2024\/02\/8f4cf4255bdc80514945af6f3a11fd6b.jpg","datePublished":"2024-02-06T11:46:00+00:00","dateModified":"2025-05-20T22:53:00+00:00","description":"Hier lors de sa visite \u00e0 la BCT, Kais Saied a \u00e9voqu\u00e9 la question de son ind\u00e9pendance ou son autonomie par rapport \u00e0 l\u2019Etat tunisien.","breadcrumb":{"@id":"https:\/\/www.webdo.tn\/fr\/actualite\/national\/que-va-faire-la-tunisie-de-sa-banque-centrale\/212084\/#breadcrumb"},"inLanguage":"fr-FR","potentialAction":[{"@type":"ReadAction","target":["https:\/\/www.webdo.tn\/fr\/actualite\/national\/que-va-faire-la-tunisie-de-sa-banque-centrale\/212084\/"]}]},{"@type":"ImageObject","inLanguage":"fr-FR","@id":"https:\/\/www.webdo.tn\/fr\/actualite\/national\/que-va-faire-la-tunisie-de-sa-banque-centrale\/212084\/#primaryimage","url":"https:\/\/www.webdo.tn\/fr\/wp-content\/uploads\/2024\/02\/8f4cf4255bdc80514945af6f3a11fd6b.jpg","contentUrl":"https:\/\/www.webdo.tn\/fr\/wp-content\/uploads\/2024\/02\/8f4cf4255bdc80514945af6f3a11fd6b.jpg","width":750,"height":400,"caption":"Tunisie : Kais Saied contre l'ind\u00e9pendance de la BCT"},{"@type":"BreadcrumbList","@id":"https:\/\/www.webdo.tn\/fr\/actualite\/national\/que-va-faire-la-tunisie-de-sa-banque-centrale\/212084\/#breadcrumb","itemListElement":[{"@type":"ListItem","position":1,"name":"Accueil","item":"https:\/\/www.webdo.tn\/fr\/"},{"@type":"ListItem","position":2,"name":"Tunisie : Kais Saied contre l&rsquo;ind\u00e9pendance de la BCT"}]},{"@type":"WebSite","@id":"https:\/\/www.webdo.tn\/fr\/#website","url":"https:\/\/www.webdo.tn\/fr\/","name":"webdo","description":"Tunisie - News en Tunisie et \u00e0 l&#039;international sur Webdo.tn","publisher":{"@id":"https:\/\/www.webdo.tn\/fr\/#organization"},"potentialAction":[{"@type":"SearchAction","target":{"@type":"EntryPoint","urlTemplate":"https:\/\/www.webdo.tn\/fr\/?s={search_term_string}"},"query-input":{"@type":"PropertyValueSpecification","valueRequired":true,"valueName":"search_term_string"}}],"inLanguage":"fr-FR"},{"@type":"Organization","@id":"https:\/\/www.webdo.tn\/fr\/#organization","name":"Webdo","alternateName":"Webdo.tn","url":"https:\/\/www.webdo.tn\/fr\/","logo":{"@type":"ImageObject","inLanguage":"fr-FR","@id":"https:\/\/www.webdo.tn\/fr\/#\/schema\/logo\/image\/","url":"https:\/\/www.webdo.tn\/fr\/wp-content\/uploads\/2025\/06\/Webdo-Tunisie_168377.jpg","contentUrl":"https:\/\/www.webdo.tn\/fr\/wp-content\/uploads\/2025\/06\/Webdo-Tunisie_168377.jpg","width":301,"height":301,"caption":"Webdo"},"image":{"@id":"https:\/\/www.webdo.tn\/fr\/#\/schema\/logo\/image\/"},"sameAs":["https:\/\/www.facebook.com\/webdotn","https:\/\/x.com\/webdo_tn"],"description":"Webdo est un m\u00e9dia num\u00e9rique tunisien fond\u00e9 en 2010, sp\u00e9cialis\u00e9 dans l\u2019actualit\u00e9 nationale et internationale, l\u2019\u00e9conomie, la soci\u00e9t\u00e9 et les analyses politiques. Le site s\u2019adresse \u00e0 un large public francophone et couvre l\u2019information tunisienne en temps r\u00e9el.","email":"redac@webdo.tn","legalName":"YNJ SARL","foundingDate":"2010-09-06","numberOfEmployees":{"@type":"QuantitativeValue","minValue":"11","maxValue":"50"}},{"@type":"Person","@id":"https:\/\/www.webdo.tn\/fr\/#\/schema\/person\/f35b42a42c5e2511bbd282959d6385cc","name":"CL","image":{"@type":"ImageObject","inLanguage":"fr-FR","@id":"https:\/\/secure.gravatar.com\/avatar\/1447a49909b67aa657c488aec6512e1dd6143a480c1ecfee9b5b5cd74eb3b59e?s=96&d=mm&r=g","url":"https:\/\/secure.gravatar.com\/avatar\/1447a49909b67aa657c488aec6512e1dd6143a480c1ecfee9b5b5cd74eb3b59e?s=96&d=mm&r=g","contentUrl":"https:\/\/secure.gravatar.com\/avatar\/1447a49909b67aa657c488aec6512e1dd6143a480c1ecfee9b5b5cd74eb3b59e?s=96&d=mm&r=g","caption":"CL"},"url":"https:\/\/www.webdo.tn\/fr\/actualite\/author\/cl\/"}]}},"_links":{"self":[{"href":"https:\/\/www.webdo.tn\/fr\/wp-json\/wp\/v2\/posts\/212084","targetHints":{"allow":["GET"]}}],"collection":[{"href":"https:\/\/www.webdo.tn\/fr\/wp-json\/wp\/v2\/posts"}],"about":[{"href":"https:\/\/www.webdo.tn\/fr\/wp-json\/wp\/v2\/types\/post"}],"author":[{"embeddable":true,"href":"https:\/\/www.webdo.tn\/fr\/wp-json\/wp\/v2\/users\/3175"}],"replies":[{"embeddable":true,"href":"https:\/\/www.webdo.tn\/fr\/wp-json\/wp\/v2\/comments?post=212084"}],"version-history":[{"count":0,"href":"https:\/\/www.webdo.tn\/fr\/wp-json\/wp\/v2\/posts\/212084\/revisions"}],"wp:featuredmedia":[{"embeddable":true,"href":"https:\/\/www.webdo.tn\/fr\/wp-json\/wp\/v2\/media\/290188"}],"wp:attachment":[{"href":"https:\/\/www.webdo.tn\/fr\/wp-json\/wp\/v2\/media?parent=212084"}],"wp:term":[{"taxonomy":"category","embeddable":true,"href":"https:\/\/www.webdo.tn\/fr\/wp-json\/wp\/v2\/categories?post=212084"},{"taxonomy":"post_tag","embeddable":true,"href":"https:\/\/www.webdo.tn\/fr\/wp-json\/wp\/v2\/tags?post=212084"}],"curies":[{"name":"wp","href":"https:\/\/api.w.org\/{rel}","templated":true}]}}