{"id":212075,"date":"2024-02-06T10:08:00","date_gmt":"2024-02-06T10:08:00","guid":{"rendered":"https:\/\/www.webdo.tn\/fr\/blog\/tunisie-l-homme-d-affaires-maher-chaabane-renvoye-devant-la-chambre-d-accusation\/212075\/"},"modified":"2025-05-20T22:52:59","modified_gmt":"2025-05-20T22:52:59","slug":"tunisie-l-homme-d-affaires-maher-chaabane-renvoye-devant-la-chambre-d-accusation","status":"publish","type":"post","link":"https:\/\/www.webdo.tn\/fr\/actualite\/national\/tunisie-l-homme-d-affaires-maher-chaabane-renvoye-devant-la-chambre-d-accusation\/212075\/","title":{"rendered":"Tunisie : L\u2019homme d\u2019affaires Maher Cha\u00e2bane renvoy\u00e9 devant la Chambre d&rsquo;accusation"},"content":{"rendered":"<p>L&rsquo;homme d&rsquo;affaires Maher Chaabane a \u00e9t\u00e9 renvoy\u00e9 hier lundi 5 f\u00e9vrier devant la Chambre d&rsquo;accusation de la Cour d&rsquo;appel de Tunis suite \u00e0 la cl\u00f4ture de son affaire.\u00a0<\/p>\n<p>\t\t\t\t\t\t\t\t\tEn effet, selon Mosa\u00efque FM, le premier juge d&rsquo;instruction du Tribunal de premi\u00e8re instance de Tunis a inform\u00e9 l&rsquo;homme d&rsquo;affaires arr\u00eat\u00e9, Maher Chaabane de cette d\u00e9cision.<\/p>\n<p>Maher Cha\u00e2bane fait d\u00e9j\u00e0 l\u2019objet de deux mandats de d\u00e9p\u00f4t \u00e9mis par le P\u00f4le judiciaire financier pour des accusations de corruption financi\u00e8re et de gestion de biens confisqu\u00e9s.\u00a0<\/p>\n<p>De m\u00eame, le concern\u00e9 avait \u00e9t\u00e9 condamn\u00e9 \u00e0 deux ans de prison par la 6\u00e8me Chambre criminelle charg\u00e9e des affaires de corruption financi\u00e8re aupr\u00e8s du Tribunal de premi\u00e8re instance de Tunis pour non-rapatriement de recettes d&rsquo;exportation de l&rsquo;\u00e9tranger.<\/p>\n","protected":false},"excerpt":{"rendered":"<p>En effet, selon Mosa\u00efque FM, le premier juge d&rsquo;instruction du Tribunal de premi\u00e8re instance de Tunis a inform\u00e9 l&rsquo;homme d&rsquo;affaires arr\u00eat\u00e9, Maher Chaabane de cett&#8230;<\/p>\n","protected":false},"author":3175,"featured_media":290182,"comment_status":"open","ping_status":"closed","sticky":false,"template":"","format":"standard","meta":{"footnotes":""},"categories":[44],"tags":[2683,2619,6209,2608],"class_list":["post-212075","post","type-post","status-publish","format-standard","has-post-thumbnail","hentry","category-national","tag-homme-daffaires","tag-justice","tag-maher-chaabane","tag-tunisie"],"yoast_head":"<!-- This site is optimized with the Yoast SEO Premium plugin v27.5 (Yoast SEO v27.5) - https:\/\/yoast.com\/product\/yoast-seo-premium-wordpress\/ -->\n<title>Tunisie : L\u2019homme d\u2019affaires Maher Cha\u00e2bane renvoy\u00e9 devant la Chambre d&#039;accusation<\/title>\n<meta name=\"description\" content=\"En effet, selon Mosa\u00efque FM, le premier juge d&#039;instruction du Tribunal de premi\u00e8re instance de Tunis a inform\u00e9 l&#039;homme d&#039;affaires arr\u00eat\u00e9, Maher Chaabane de cett...\" \/>\n<link rel=\"canonical\" href=\"https:\/\/www.webdo.tn\/fr\/actualite\/national\/tunisie-l-homme-d-affaires-maher-chaabane-renvoye-devant-la-chambre-d-accusation\/212075\/\" \/>\n<meta property=\"og:locale\" content=\"fr_FR\" \/>\n<meta property=\"og:type\" content=\"article\" \/>\n<meta property=\"og:title\" content=\"Tunisie : L\u2019homme d\u2019affaires Maher Cha\u00e2bane renvoy\u00e9 devant la Chambre d&#039;accusation\" \/>\n<meta property=\"og:description\" content=\"En effet, selon Mosa\u00efque FM, le premier juge d&#039;instruction du Tribunal de premi\u00e8re instance de Tunis a inform\u00e9 l&#039;homme d&#039;affaires arr\u00eat\u00e9, Maher Chaabane de cett...\" \/>\n<meta property=\"og:url\" content=\"https:\/\/www.webdo.tn\/fr\/actualite\/national\/tunisie-l-homme-d-affaires-maher-chaabane-renvoye-devant-la-chambre-d-accusation\/212075\/\" \/>\n<meta property=\"og:site_name\" content=\"webdo\" \/>\n<meta property=\"article:publisher\" content=\"https:\/\/www.facebook.com\/webdotn\" \/>\n<meta property=\"article:published_time\" content=\"2024-02-06T10:08:00+00:00\" \/>\n<meta property=\"article:modified_time\" content=\"2025-05-20T22:52:59+00:00\" \/>\n<meta property=\"og:image\" content=\"https:\/\/www.webdo.tn\/fr\/wp-content\/uploads\/2024\/02\/3f3f31aa69abd7ba5470883e2ee41b05.jpg\" \/>\n\t<meta property=\"og:image:width\" content=\"710\" \/>\n\t<meta property=\"og:image:height\" content=\"379\" \/>\n\t<meta property=\"og:image:type\" content=\"image\/jpeg\" \/>\n<meta name=\"author\" content=\"CL\" \/>\n<meta name=\"twitter:card\" content=\"summary_large_image\" \/>\n<meta name=\"twitter:creator\" content=\"@webdo_tn\" \/>\n<meta name=\"twitter:site\" content=\"@webdo_tn\" \/>\n<meta name=\"twitter:label1\" content=\"\u00c9crit par\" \/>\n\t<meta name=\"twitter:data1\" content=\"CL\" \/>\n\t<meta name=\"twitter:label2\" content=\"Dur\u00e9e de lecture estim\u00e9e\" \/>\n\t<meta name=\"twitter:data2\" content=\"1 minute\" \/>\n<script type=\"application\/ld+json\" class=\"yoast-schema-graph\">{\"@context\":\"https:\\\/\\\/schema.org\",\"@graph\":[{\"@type\":\"NewsArticle\",\"@id\":\"https:\\\/\\\/www.webdo.tn\\\/fr\\\/actualite\\\/national\\\/tunisie-l-homme-d-affaires-maher-chaabane-renvoye-devant-la-chambre-d-accusation\\\/212075\\\/#article\",\"isPartOf\":{\"@id\":\"https:\\\/\\\/www.webdo.tn\\\/fr\\\/actualite\\\/national\\\/tunisie-l-homme-d-affaires-maher-chaabane-renvoye-devant-la-chambre-d-accusation\\\/212075\\\/\"},\"author\":{\"name\":\"CL\",\"@id\":\"https:\\\/\\\/www.webdo.tn\\\/fr\\\/#\\\/schema\\\/person\\\/f35b42a42c5e2511bbd282959d6385cc\"},\"headline\":\"Tunisie : L\u2019homme d\u2019affaires Maher Cha\u00e2bane renvoy\u00e9 devant la Chambre d&rsquo;accusation\",\"datePublished\":\"2024-02-06T10:08:00+00:00\",\"dateModified\":\"2025-05-20T22:52:59+00:00\",\"mainEntityOfPage\":{\"@id\":\"https:\\\/\\\/www.webdo.tn\\\/fr\\\/actualite\\\/national\\\/tunisie-l-homme-d-affaires-maher-chaabane-renvoye-devant-la-chambre-d-accusation\\\/212075\\\/\"},\"wordCount\":159,\"commentCount\":0,\"publisher\":{\"@id\":\"https:\\\/\\\/www.webdo.tn\\\/fr\\\/#organization\"},\"image\":{\"@id\":\"https:\\\/\\\/www.webdo.tn\\\/fr\\\/actualite\\\/national\\\/tunisie-l-homme-d-affaires-maher-chaabane-renvoye-devant-la-chambre-d-accusation\\\/212075\\\/#primaryimage\"},\"thumbnailUrl\":\"https:\\\/\\\/www.webdo.tn\\\/fr\\\/wp-content\\\/uploads\\\/2024\\\/02\\\/3f3f31aa69abd7ba5470883e2ee41b05.jpg\",\"keywords\":[\"Homme d'affaires\",\"justice\",\"maher cha\u00e2bane\",\"Tunisie\"],\"articleSection\":[\"National\"],\"inLanguage\":\"fr-FR\"},{\"@type\":\"WebPage\",\"@id\":\"https:\\\/\\\/www.webdo.tn\\\/fr\\\/actualite\\\/national\\\/tunisie-l-homme-d-affaires-maher-chaabane-renvoye-devant-la-chambre-d-accusation\\\/212075\\\/\",\"url\":\"https:\\\/\\\/www.webdo.tn\\\/fr\\\/actualite\\\/national\\\/tunisie-l-homme-d-affaires-maher-chaabane-renvoye-devant-la-chambre-d-accusation\\\/212075\\\/\",\"name\":\"Tunisie : L\u2019homme d\u2019affaires Maher Cha\u00e2bane renvoy\u00e9 devant la Chambre d'accusation\",\"isPartOf\":{\"@id\":\"https:\\\/\\\/www.webdo.tn\\\/fr\\\/#website\"},\"primaryImageOfPage\":{\"@id\":\"https:\\\/\\\/www.webdo.tn\\\/fr\\\/actualite\\\/national\\\/tunisie-l-homme-d-affaires-maher-chaabane-renvoye-devant-la-chambre-d-accusation\\\/212075\\\/#primaryimage\"},\"image\":{\"@id\":\"https:\\\/\\\/www.webdo.tn\\\/fr\\\/actualite\\\/national\\\/tunisie-l-homme-d-affaires-maher-chaabane-renvoye-devant-la-chambre-d-accusation\\\/212075\\\/#primaryimage\"},\"thumbnailUrl\":\"https:\\\/\\\/www.webdo.tn\\\/fr\\\/wp-content\\\/uploads\\\/2024\\\/02\\\/3f3f31aa69abd7ba5470883e2ee41b05.jpg\",\"datePublished\":\"2024-02-06T10:08:00+00:00\",\"dateModified\":\"2025-05-20T22:52:59+00:00\",\"description\":\"En effet, selon Mosa\u00efque FM, le premier juge d'instruction du Tribunal de premi\u00e8re instance de Tunis a inform\u00e9 l'homme d'affaires arr\u00eat\u00e9, Maher Chaabane de cett...\",\"breadcrumb\":{\"@id\":\"https:\\\/\\\/www.webdo.tn\\\/fr\\\/actualite\\\/national\\\/tunisie-l-homme-d-affaires-maher-chaabane-renvoye-devant-la-chambre-d-accusation\\\/212075\\\/#breadcrumb\"},\"inLanguage\":\"fr-FR\",\"potentialAction\":[{\"@type\":\"ReadAction\",\"target\":[\"https:\\\/\\\/www.webdo.tn\\\/fr\\\/actualite\\\/national\\\/tunisie-l-homme-d-affaires-maher-chaabane-renvoye-devant-la-chambre-d-accusation\\\/212075\\\/\"]}]},{\"@type\":\"ImageObject\",\"inLanguage\":\"fr-FR\",\"@id\":\"https:\\\/\\\/www.webdo.tn\\\/fr\\\/actualite\\\/national\\\/tunisie-l-homme-d-affaires-maher-chaabane-renvoye-devant-la-chambre-d-accusation\\\/212075\\\/#primaryimage\",\"url\":\"https:\\\/\\\/www.webdo.tn\\\/fr\\\/wp-content\\\/uploads\\\/2024\\\/02\\\/3f3f31aa69abd7ba5470883e2ee41b05.jpg\",\"contentUrl\":\"https:\\\/\\\/www.webdo.tn\\\/fr\\\/wp-content\\\/uploads\\\/2024\\\/02\\\/3f3f31aa69abd7ba5470883e2ee41b05.jpg\",\"width\":710,\"height\":379,\"caption\":\"Tunisie : L\u2019homme d\u2019affaires Maher Cha\u00e2bane renvoy\u00e9 devant la Chambre d'accusation\"},{\"@type\":\"BreadcrumbList\",\"@id\":\"https:\\\/\\\/www.webdo.tn\\\/fr\\\/actualite\\\/national\\\/tunisie-l-homme-d-affaires-maher-chaabane-renvoye-devant-la-chambre-d-accusation\\\/212075\\\/#breadcrumb\",\"itemListElement\":[{\"@type\":\"ListItem\",\"position\":1,\"name\":\"Accueil\",\"item\":\"https:\\\/\\\/www.webdo.tn\\\/fr\\\/\"},{\"@type\":\"ListItem\",\"position\":2,\"name\":\"Tunisie : L\u2019homme d\u2019affaires Maher Cha\u00e2bane renvoy\u00e9 devant la Chambre d&rsquo;accusation\"}]},{\"@type\":\"WebSite\",\"@id\":\"https:\\\/\\\/www.webdo.tn\\\/fr\\\/#website\",\"url\":\"https:\\\/\\\/www.webdo.tn\\\/fr\\\/\",\"name\":\"webdo\",\"description\":\"Tunisie - News en Tunisie et \u00e0 l&#039;international sur Webdo.tn\",\"publisher\":{\"@id\":\"https:\\\/\\\/www.webdo.tn\\\/fr\\\/#organization\"},\"potentialAction\":[{\"@type\":\"SearchAction\",\"target\":{\"@type\":\"EntryPoint\",\"urlTemplate\":\"https:\\\/\\\/www.webdo.tn\\\/fr\\\/?s={search_term_string}\"},\"query-input\":{\"@type\":\"PropertyValueSpecification\",\"valueRequired\":true,\"valueName\":\"search_term_string\"}}],\"inLanguage\":\"fr-FR\"},{\"@type\":\"Organization\",\"@id\":\"https:\\\/\\\/www.webdo.tn\\\/fr\\\/#organization\",\"name\":\"Webdo\",\"alternateName\":\"Webdo.tn\",\"url\":\"https:\\\/\\\/www.webdo.tn\\\/fr\\\/\",\"logo\":{\"@type\":\"ImageObject\",\"inLanguage\":\"fr-FR\",\"@id\":\"https:\\\/\\\/www.webdo.tn\\\/fr\\\/#\\\/schema\\\/logo\\\/image\\\/\",\"url\":\"https:\\\/\\\/www.webdo.tn\\\/fr\\\/wp-content\\\/uploads\\\/2025\\\/06\\\/Webdo-Tunisie_168377.jpg\",\"contentUrl\":\"https:\\\/\\\/www.webdo.tn\\\/fr\\\/wp-content\\\/uploads\\\/2025\\\/06\\\/Webdo-Tunisie_168377.jpg\",\"width\":301,\"height\":301,\"caption\":\"Webdo\"},\"image\":{\"@id\":\"https:\\\/\\\/www.webdo.tn\\\/fr\\\/#\\\/schema\\\/logo\\\/image\\\/\"},\"sameAs\":[\"https:\\\/\\\/www.facebook.com\\\/webdotn\",\"https:\\\/\\\/x.com\\\/webdo_tn\"],\"description\":\"Webdo est un m\u00e9dia num\u00e9rique tunisien fond\u00e9 en 2010, sp\u00e9cialis\u00e9 dans l\u2019actualit\u00e9 nationale et internationale, l\u2019\u00e9conomie, la soci\u00e9t\u00e9 et les analyses politiques. Le site s\u2019adresse \u00e0 un large public francophone et couvre l\u2019information tunisienne en temps r\u00e9el.\",\"email\":\"redac@webdo.tn\",\"legalName\":\"YNJ SARL\",\"foundingDate\":\"2010-09-06\",\"numberOfEmployees\":{\"@type\":\"QuantitativeValue\",\"minValue\":\"11\",\"maxValue\":\"50\"}},{\"@type\":\"Person\",\"@id\":\"https:\\\/\\\/www.webdo.tn\\\/fr\\\/#\\\/schema\\\/person\\\/f35b42a42c5e2511bbd282959d6385cc\",\"name\":\"CL\",\"image\":{\"@type\":\"ImageObject\",\"inLanguage\":\"fr-FR\",\"@id\":\"https:\\\/\\\/secure.gravatar.com\\\/avatar\\\/1447a49909b67aa657c488aec6512e1dd6143a480c1ecfee9b5b5cd74eb3b59e?s=96&d=mm&r=g\",\"url\":\"https:\\\/\\\/secure.gravatar.com\\\/avatar\\\/1447a49909b67aa657c488aec6512e1dd6143a480c1ecfee9b5b5cd74eb3b59e?s=96&d=mm&r=g\",\"contentUrl\":\"https:\\\/\\\/secure.gravatar.com\\\/avatar\\\/1447a49909b67aa657c488aec6512e1dd6143a480c1ecfee9b5b5cd74eb3b59e?s=96&d=mm&r=g\",\"caption\":\"CL\"},\"url\":\"https:\\\/\\\/www.webdo.tn\\\/fr\\\/actualite\\\/author\\\/cl\\\/\"}]}<\/script>\n<!-- \/ Yoast SEO Premium plugin. -->","yoast_head_json":{"title":"Tunisie : L\u2019homme d\u2019affaires Maher Cha\u00e2bane renvoy\u00e9 devant la Chambre d'accusation","description":"En effet, selon Mosa\u00efque FM, le premier juge d'instruction du Tribunal de premi\u00e8re instance de Tunis a inform\u00e9 l'homme d'affaires arr\u00eat\u00e9, Maher Chaabane de cett...","canonical":"https:\/\/www.webdo.tn\/fr\/actualite\/national\/tunisie-l-homme-d-affaires-maher-chaabane-renvoye-devant-la-chambre-d-accusation\/212075\/","og_locale":"fr_FR","og_type":"article","og_title":"Tunisie : L\u2019homme d\u2019affaires Maher Cha\u00e2bane renvoy\u00e9 devant la Chambre d'accusation","og_description":"En effet, selon Mosa\u00efque FM, le premier juge d'instruction du Tribunal de premi\u00e8re instance de Tunis a inform\u00e9 l'homme d'affaires arr\u00eat\u00e9, Maher Chaabane de cett...","og_url":"https:\/\/www.webdo.tn\/fr\/actualite\/national\/tunisie-l-homme-d-affaires-maher-chaabane-renvoye-devant-la-chambre-d-accusation\/212075\/","og_site_name":"webdo","article_publisher":"https:\/\/www.facebook.com\/webdotn","article_published_time":"2024-02-06T10:08:00+00:00","article_modified_time":"2025-05-20T22:52:59+00:00","og_image":[{"width":710,"height":379,"url":"https:\/\/www.webdo.tn\/fr\/wp-content\/uploads\/2024\/02\/3f3f31aa69abd7ba5470883e2ee41b05.jpg","type":"image\/jpeg"}],"author":"CL","twitter_card":"summary_large_image","twitter_creator":"@webdo_tn","twitter_site":"@webdo_tn","twitter_misc":{"\u00c9crit par":"CL","Dur\u00e9e de lecture estim\u00e9e":"1 minute"},"schema":{"@context":"https:\/\/schema.org","@graph":[{"@type":"NewsArticle","@id":"https:\/\/www.webdo.tn\/fr\/actualite\/national\/tunisie-l-homme-d-affaires-maher-chaabane-renvoye-devant-la-chambre-d-accusation\/212075\/#article","isPartOf":{"@id":"https:\/\/www.webdo.tn\/fr\/actualite\/national\/tunisie-l-homme-d-affaires-maher-chaabane-renvoye-devant-la-chambre-d-accusation\/212075\/"},"author":{"name":"CL","@id":"https:\/\/www.webdo.tn\/fr\/#\/schema\/person\/f35b42a42c5e2511bbd282959d6385cc"},"headline":"Tunisie : L\u2019homme d\u2019affaires Maher Cha\u00e2bane renvoy\u00e9 devant la Chambre d&rsquo;accusation","datePublished":"2024-02-06T10:08:00+00:00","dateModified":"2025-05-20T22:52:59+00:00","mainEntityOfPage":{"@id":"https:\/\/www.webdo.tn\/fr\/actualite\/national\/tunisie-l-homme-d-affaires-maher-chaabane-renvoye-devant-la-chambre-d-accusation\/212075\/"},"wordCount":159,"commentCount":0,"publisher":{"@id":"https:\/\/www.webdo.tn\/fr\/#organization"},"image":{"@id":"https:\/\/www.webdo.tn\/fr\/actualite\/national\/tunisie-l-homme-d-affaires-maher-chaabane-renvoye-devant-la-chambre-d-accusation\/212075\/#primaryimage"},"thumbnailUrl":"https:\/\/www.webdo.tn\/fr\/wp-content\/uploads\/2024\/02\/3f3f31aa69abd7ba5470883e2ee41b05.jpg","keywords":["Homme d'affaires","justice","maher cha\u00e2bane","Tunisie"],"articleSection":["National"],"inLanguage":"fr-FR"},{"@type":"WebPage","@id":"https:\/\/www.webdo.tn\/fr\/actualite\/national\/tunisie-l-homme-d-affaires-maher-chaabane-renvoye-devant-la-chambre-d-accusation\/212075\/","url":"https:\/\/www.webdo.tn\/fr\/actualite\/national\/tunisie-l-homme-d-affaires-maher-chaabane-renvoye-devant-la-chambre-d-accusation\/212075\/","name":"Tunisie : L\u2019homme d\u2019affaires Maher Cha\u00e2bane renvoy\u00e9 devant la Chambre d'accusation","isPartOf":{"@id":"https:\/\/www.webdo.tn\/fr\/#website"},"primaryImageOfPage":{"@id":"https:\/\/www.webdo.tn\/fr\/actualite\/national\/tunisie-l-homme-d-affaires-maher-chaabane-renvoye-devant-la-chambre-d-accusation\/212075\/#primaryimage"},"image":{"@id":"https:\/\/www.webdo.tn\/fr\/actualite\/national\/tunisie-l-homme-d-affaires-maher-chaabane-renvoye-devant-la-chambre-d-accusation\/212075\/#primaryimage"},"thumbnailUrl":"https:\/\/www.webdo.tn\/fr\/wp-content\/uploads\/2024\/02\/3f3f31aa69abd7ba5470883e2ee41b05.jpg","datePublished":"2024-02-06T10:08:00+00:00","dateModified":"2025-05-20T22:52:59+00:00","description":"En effet, selon Mosa\u00efque FM, le premier juge d'instruction du Tribunal de premi\u00e8re instance de Tunis a inform\u00e9 l'homme d'affaires arr\u00eat\u00e9, Maher Chaabane de cett...","breadcrumb":{"@id":"https:\/\/www.webdo.tn\/fr\/actualite\/national\/tunisie-l-homme-d-affaires-maher-chaabane-renvoye-devant-la-chambre-d-accusation\/212075\/#breadcrumb"},"inLanguage":"fr-FR","potentialAction":[{"@type":"ReadAction","target":["https:\/\/www.webdo.tn\/fr\/actualite\/national\/tunisie-l-homme-d-affaires-maher-chaabane-renvoye-devant-la-chambre-d-accusation\/212075\/"]}]},{"@type":"ImageObject","inLanguage":"fr-FR","@id":"https:\/\/www.webdo.tn\/fr\/actualite\/national\/tunisie-l-homme-d-affaires-maher-chaabane-renvoye-devant-la-chambre-d-accusation\/212075\/#primaryimage","url":"https:\/\/www.webdo.tn\/fr\/wp-content\/uploads\/2024\/02\/3f3f31aa69abd7ba5470883e2ee41b05.jpg","contentUrl":"https:\/\/www.webdo.tn\/fr\/wp-content\/uploads\/2024\/02\/3f3f31aa69abd7ba5470883e2ee41b05.jpg","width":710,"height":379,"caption":"Tunisie : L\u2019homme d\u2019affaires Maher Cha\u00e2bane renvoy\u00e9 devant la Chambre d'accusation"},{"@type":"BreadcrumbList","@id":"https:\/\/www.webdo.tn\/fr\/actualite\/national\/tunisie-l-homme-d-affaires-maher-chaabane-renvoye-devant-la-chambre-d-accusation\/212075\/#breadcrumb","itemListElement":[{"@type":"ListItem","position":1,"name":"Accueil","item":"https:\/\/www.webdo.tn\/fr\/"},{"@type":"ListItem","position":2,"name":"Tunisie : L\u2019homme d\u2019affaires Maher Cha\u00e2bane renvoy\u00e9 devant la Chambre d&rsquo;accusation"}]},{"@type":"WebSite","@id":"https:\/\/www.webdo.tn\/fr\/#website","url":"https:\/\/www.webdo.tn\/fr\/","name":"webdo","description":"Tunisie - News en Tunisie et \u00e0 l&#039;international sur Webdo.tn","publisher":{"@id":"https:\/\/www.webdo.tn\/fr\/#organization"},"potentialAction":[{"@type":"SearchAction","target":{"@type":"EntryPoint","urlTemplate":"https:\/\/www.webdo.tn\/fr\/?s={search_term_string}"},"query-input":{"@type":"PropertyValueSpecification","valueRequired":true,"valueName":"search_term_string"}}],"inLanguage":"fr-FR"},{"@type":"Organization","@id":"https:\/\/www.webdo.tn\/fr\/#organization","name":"Webdo","alternateName":"Webdo.tn","url":"https:\/\/www.webdo.tn\/fr\/","logo":{"@type":"ImageObject","inLanguage":"fr-FR","@id":"https:\/\/www.webdo.tn\/fr\/#\/schema\/logo\/image\/","url":"https:\/\/www.webdo.tn\/fr\/wp-content\/uploads\/2025\/06\/Webdo-Tunisie_168377.jpg","contentUrl":"https:\/\/www.webdo.tn\/fr\/wp-content\/uploads\/2025\/06\/Webdo-Tunisie_168377.jpg","width":301,"height":301,"caption":"Webdo"},"image":{"@id":"https:\/\/www.webdo.tn\/fr\/#\/schema\/logo\/image\/"},"sameAs":["https:\/\/www.facebook.com\/webdotn","https:\/\/x.com\/webdo_tn"],"description":"Webdo est un m\u00e9dia num\u00e9rique tunisien fond\u00e9 en 2010, sp\u00e9cialis\u00e9 dans l\u2019actualit\u00e9 nationale et internationale, l\u2019\u00e9conomie, la soci\u00e9t\u00e9 et les analyses politiques. Le site s\u2019adresse \u00e0 un large public francophone et couvre l\u2019information tunisienne en temps r\u00e9el.","email":"redac@webdo.tn","legalName":"YNJ SARL","foundingDate":"2010-09-06","numberOfEmployees":{"@type":"QuantitativeValue","minValue":"11","maxValue":"50"}},{"@type":"Person","@id":"https:\/\/www.webdo.tn\/fr\/#\/schema\/person\/f35b42a42c5e2511bbd282959d6385cc","name":"CL","image":{"@type":"ImageObject","inLanguage":"fr-FR","@id":"https:\/\/secure.gravatar.com\/avatar\/1447a49909b67aa657c488aec6512e1dd6143a480c1ecfee9b5b5cd74eb3b59e?s=96&d=mm&r=g","url":"https:\/\/secure.gravatar.com\/avatar\/1447a49909b67aa657c488aec6512e1dd6143a480c1ecfee9b5b5cd74eb3b59e?s=96&d=mm&r=g","contentUrl":"https:\/\/secure.gravatar.com\/avatar\/1447a49909b67aa657c488aec6512e1dd6143a480c1ecfee9b5b5cd74eb3b59e?s=96&d=mm&r=g","caption":"CL"},"url":"https:\/\/www.webdo.tn\/fr\/actualite\/author\/cl\/"}]}},"_links":{"self":[{"href":"https:\/\/www.webdo.tn\/fr\/wp-json\/wp\/v2\/posts\/212075","targetHints":{"allow":["GET"]}}],"collection":[{"href":"https:\/\/www.webdo.tn\/fr\/wp-json\/wp\/v2\/posts"}],"about":[{"href":"https:\/\/www.webdo.tn\/fr\/wp-json\/wp\/v2\/types\/post"}],"author":[{"embeddable":true,"href":"https:\/\/www.webdo.tn\/fr\/wp-json\/wp\/v2\/users\/3175"}],"replies":[{"embeddable":true,"href":"https:\/\/www.webdo.tn\/fr\/wp-json\/wp\/v2\/comments?post=212075"}],"version-history":[{"count":0,"href":"https:\/\/www.webdo.tn\/fr\/wp-json\/wp\/v2\/posts\/212075\/revisions"}],"wp:featuredmedia":[{"embeddable":true,"href":"https:\/\/www.webdo.tn\/fr\/wp-json\/wp\/v2\/media\/290182"}],"wp:attachment":[{"href":"https:\/\/www.webdo.tn\/fr\/wp-json\/wp\/v2\/media?parent=212075"}],"wp:term":[{"taxonomy":"category","embeddable":true,"href":"https:\/\/www.webdo.tn\/fr\/wp-json\/wp\/v2\/categories?post=212075"},{"taxonomy":"post_tag","embeddable":true,"href":"https:\/\/www.webdo.tn\/fr\/wp-json\/wp\/v2\/tags?post=212075"}],"curies":[{"name":"wp","href":"https:\/\/api.w.org\/{rel}","templated":true}]}}