{"id":212073,"date":"2024-02-06T08:50:00","date_gmt":"2024-02-06T08:50:00","guid":{"rendered":"https:\/\/www.webdo.tn\/fr\/blog\/injustice-vestimentaire-et-domination-masculine\/212073\/"},"modified":"2025-05-21T08:56:09","modified_gmt":"2025-05-21T08:56:09","slug":"injustice-vestimentaire-et-domination-masculine","status":"publish","type":"post","link":"https:\/\/www.webdo.tn\/fr\/actualite\/divers\/injustice-vestimentaire-et-domination-masculine\/212073\/","title":{"rendered":"Injustice vestimentaire et domination masculine"},"content":{"rendered":"<div class=\"single-body entry-content typography-copy\" itemprop=\"articleBody\">\n<p style=\"font-weight: bold; text-align: justify\">\n\t\t\t\t\t\t\t\t\tLa semaine derni\u00e8re, une vendeuse dans une boutique m\u2019avait r\u00e9pondu que chez eux, les tailles s\u2019arr\u00eataient au 42 et que leurs clientes mangeaient \u00ab\u00a0light\u00a0\u00bb. En r\u00e9alit\u00e9, tr\u00e8s souvent on me fait cette remarque\u00a0: \u00ab\u00a0chez nous, on s\u2019arr\u00eate \u00e0 la taille 42\u00a0\u00bb. Comme si les femmes qui portent plus que cette taille 42 n\u2019existaient pas. Or elles existent. Nous existons. J\u2019existe.\n\t\t\t\t\t\t\t\t<\/p>\n<div class=\"coprs\" style=\"text-align: center\"><\/div>\n<div class=\"coprs\" style=\"text-align: justify\">\n<p><span><span>En fait, l&rsquo;industrie de la mode semble depuis plusieurs ann\u00e9es, \u00eatre prisonni\u00e8re d&rsquo;une obsession pour les tailles standards, marginalisant ainsi celles qui ne rentrent pas dans ces normes pr\u00e9\u00e9tablies. <\/span><\/span><\/p>\n<p><span><span>Il est aberrant que les fabricants de v\u00eatements et de chaussures continuent \u00e0 ignorer la diversit\u00e9 des morphologies f\u00e9minines en se limitant \u00e0 des tailles standards, souvent petites, voire m\u00eame tr\u00e8s petites. Que peuvent faire celles qui ne correspondent pas \u00e0 ces crit\u00e8res? Les femmes en surpoids, ou tr\u00e8s grandes de taille, ou celles avec de petits ou grands pieds, se trouvent souvent confront\u00e9es \u00e0 un march\u00e9 qui les ignore.<\/span><\/span><\/p>\n<p><span><span>Pourquoi devrions-nous standardiser les gens? Chacune devrait avoir le droit de s&rsquo;exprimer \u00e0 travers sa tenue sans \u00eatre limit\u00e9e par des tailles restrictives. Cette exclusion des femmes hors normes est un sujet urgent qui n\u00e9cessite une remise en question de l&rsquo;industrie de la mode.<\/span><\/span><\/p>\n<p><span><span>En plus, dans les rares magasins sp\u00e9cialis\u00e9s en grandes tailles ou en chaussures extr\u00eames, les options propos\u00e9es sont souvent d\u00e9cevantes. Les mod\u00e8les disponibles sont trop classiques, voire d\u00e9mod\u00e9s, ne permettant pas aux femmes hors normes de suivre les tendances de la mode et de s\u2019habiller comme elles le souhaiteraient. C\u2019est comme si on devait les punir de ne pas entrer dans un moule. <\/span><\/span><\/p>\n<p><span><span>Pourquoi ces personnes hors normes ou tailles standards ne pourraient-elles pas \u00eatre \u00e9l\u00e9gantes et sexy? L&rsquo;esth\u00e9tique ne devrait pas \u00eatre r\u00e9serv\u00e9e \u00e0 une seule cat\u00e9gorie de personnes. Les magasins sp\u00e9cialis\u00e9s doivent repenser leurs collections, offrant des v\u00eatements modernes et \u00e9l\u00e9gants pour toutes les morphologies.<\/span><\/span><\/p>\n<p><span><span>Il m\u2019est personnellement arriv\u00e9 d\u2019essuyer des remarques d\u00e9sobligeantes de vendeuses peu respectueuses et non professionnelles parce que ne correspondant pas \u00e0 ces normes \u00e9tablies et ne rentrant pas dans ces tailles standards du 36\/40. Et cela un peu partout, dans plusieurs pays du monde, essentiellement en Europe et en Tunisie.<\/span><\/span><\/p>\n<p><span><span>Ces exp\u00e9riences d\u00e9sagr\u00e9ables, bien que personnelles, illustrent une r\u00e9alit\u00e9 universelle : la stigmatisation des femmes hors normes, souvent accompagn\u00e9e de pr\u00e9jug\u00e9s sur leur mode de vie. On leur reprocherait presque de ne pas savoir se comporter et prendre soin d\u2019elles-m\u00eames, apr\u00e8s tout ces personnes ne savent pas manger \u00e9quilibr\u00e9 et \u00ab\u00a0light\u00a0\u00bb, elles ne savent pas faire du sport, elles n\u2019ont aucune volont\u00e9\u2026 Parfois ces pr\u00e9jug\u00e9s de poids et d\u2019apparence peuvent influer sur la vie de ces personnes, par exemple sur leur embauche dans certains emplois\u2026 On oublie que souvent ces gens en surpoids, peuvent avoir des probl\u00e8mes de sant\u00e9s, ou qu\u2019il s\u2019agit de leur morphologie naturelle. D\u2019ailleurs que dire pour les personnes trop petites ou trop grandes, ayant de tout petits pieds ou au contraire de tr\u00e8s grands pieds. Que peuvent-elles faire contre la nature\u00a0? <\/span><\/span><\/p>\n<p><span><span>La remarque de la semaine derni\u00e8re, appuyant le fait que \u00ab\u00a0leurs clientes mangeaient light\u00a0\u00bb, et donc \u00e0 contrario pas moi, m\u2019a rappel\u00e9e une anecdote rapport\u00e9e par la sociologue marocaine Fatema Mernissi, relat\u00e9e dans son livre \u00ab\u00a0Le Harem et l&rsquo;occident\u00a0\u00bb\u00a0: dans un grand magasin de New York, elle avait voulu s\u2019acheter une jupe, mais la vendeuse lui avait fait remarquer que ses hanches trop larges ne lui permettaient pas de trouver une jupe \u00e0 sa taille dans ce grand magasin. Elle lui avait expliqu\u00e9 que les tailles 36 et 38 sont la norme, voire l&rsquo;id\u00e9al, et que les tailles hors norme, notamment la sienne, ne sont disponibles que dans des magasins sp\u00e9cialis\u00e9s.<\/span><\/span><\/p>\n<p>\u00a0<\/p>\n<p><img decoding=\"async\" alt=\"\" height=\"278\" src=\"\/assets\/uploads\/images\/\/Neila\/le%20harem%20et%20l'occident.jpeg\" width=\"181\"><\/p>\n<p>\u00a0<\/p>\n<p><span><span>Le livre de Fatema Mernissi aborde cette question avec une profondeur critique. La sociologue marocaine, met en lumi\u00e8re les d\u00e9fis auxquels sont confront\u00e9es les femmes qui ne se conforment pas aux normes \u00e9tablies par la soci\u00e9t\u00e9.<\/span><\/span><\/p>\n<p><span><span>Elle exprime son indignation face \u00e0 cette norme arbitraire qui d\u00e9value soudainement ses hanches, auparavant per\u00e7ues comme le signe d&rsquo;une maturit\u00e9 \u00e9panouie. Elle soul\u00e8ve la question fondamentale : qui d\u00e9cide de ce qui est normal? Elle conteste les r\u00e8gles \u00e9tablies et interroge la vendeuse sur la l\u00e9gitimit\u00e9 de la norme de la taille 38.<\/span><\/span><\/p>\n<p><span><span>La vendeuse explique que la norme ou la taille id\u00e9ale est dict\u00e9e par ce qu&rsquo;on trouve partout, dans les magazines, \u00e0 la t\u00e9l\u00e9vision, sur les affiches, et par les grands noms de la mode. Fatema Mernissi interroge alors le concept de normalit\u00e9 et souligne l&rsquo;influence des m\u00e9dias et de l&rsquo;industrie de la mode dans la d\u00e9finition des normes corporelles.<\/span><\/span><\/p>\n<p><span><span>Par la suite, l&rsquo;auteure \u00e9largit son propos en \u00e9voquant la mani\u00e8re dont l&rsquo;Occident impose des normes esth\u00e9tiques. Elle critique la focalisation sur la jeunesse et la minceur, d\u00e9non\u00e7ant le fait que la beaut\u00e9 id\u00e9ale est associ\u00e9e \u00e0 des crit\u00e8res inatteignables pour la majorit\u00e9 des femmes. Elle rappelle que selon l&rsquo;\u00e9crivain Naomi<span><span><span> <\/span><\/span><\/span>Wolf, le poids des top models, images contemporaines de la beaut\u00e9 id\u00e9ale, ne cesse de s&rsquo;\u00e9loigner du poids de la population f\u00e9minine dans son ensemble:\u00a0\u00ab <em>Il y a une g\u00e9n\u00e9ration, le poids du mannequin moyen \u00e9tait environ 8 % inf\u00e9rieur \u00e0 celui de l&rsquo;Am\u00e9ricaine moyenne. Aujourd&rsquo;hui la diff\u00e9rence est de 23 % [ &#8230; ]. Ce r\u00e9tr\u00e9cissement de la silhouette id\u00e9ale est \u00e0 l&rsquo;origine de l&rsquo;accroissement des cas d&rsquo;anorexie et autres probl\u00e8mes de sant\u00e9\u00a0<\/em>\u00bb.<\/span><\/span><\/p>\n<p><span><span>Par ailleurs, la sociologue constate qu\u2019en occident, l\u2019industrie de la mode est contr\u00f4l\u00e9e par les hommes, qui imposent leurs r\u00e8gles aux femmes et les enferment dans un \u00ab\u00a0harem\u00a0\u00bb, diff\u00e9rent du harem oriental, n\u2019imposant pas un enfermement dans l\u2019espace, mais imposant un enfermement dans un \u00ab\u00a0id\u00e9al\u00a0\u00bb esth\u00e9tique.<\/span><\/span><\/p>\n<p><span><span>Fatema Mernissi fait par ailleurs r\u00e9f\u00e9rence \u00e0 la th\u00e9orie de Pierre Bourdieu sur la \u00ab\u00a0violence symbolique\u00a0\u00bb, expliquant comment des normes corporelles sont impos\u00e9es par la soci\u00e9t\u00e9 et accept\u00e9es spontan\u00e9ment par les femmes, contribuant \u00e0 maintenir une forme de domination sur elles.<\/span><\/span><\/p>\n<p><span><span>En fin de compte, l&rsquo;auteure conclut que cette oppression, bien que peu visible, est r\u00e9elle et se manifeste \u00e0 travers des codes corporels qui paralysent l&rsquo;aptitude des femmes \u00e0 acc\u00e9der au pouvoir. Elle d\u00e9nonce la pression constante sur l&rsquo;apparence physique des femmes et son impact sur leur confiance en elles, soulignant que la fixation sur la minceur est davantage li\u00e9e \u00e0 un d\u00e9sir d&rsquo;ob\u00e9issance qu&rsquo;\u00e0 une obsession de la beaut\u00e9.<\/span><\/span><\/p>\n<p><span><span>La r\u00e9flexion de Mernissi invite \u00e0 remettre en question les pr\u00e9jug\u00e9s profond\u00e9ment enracin\u00e9s et \u00e0 promouvoir une acceptation de la diversit\u00e9 des corps et \u00e0 une \u00e9mancipation de la domination des hommes \u00e0 travers ces codes impos\u00e9s. <\/span><\/span><\/p>\n<p><span><span>Il est temps de d\u00e9noncer cette domination et s\u2019en lib\u00e9rer. L&rsquo;injustice vestimentaire persistante envers les femmes hors normes ne peut \u00eatre ignor\u00e9e. Il est imp\u00e9ratif que l&rsquo;industrie de la mode \u00e9volue vers une approche plus inclusive, abandonnant les tailles standardis\u00e9es au profit d&rsquo;une vari\u00e9t\u00e9 de choix r\u00e9pondant \u00e0 toutes les morphologies. La diversit\u00e9 m\u00e9rite d&rsquo;\u00eatre c\u00e9l\u00e9br\u00e9e, et chaque femme, quelle que soit sa taille, devrait avoir le droit de s&rsquo;exprimer librement \u00e0 travers la mode sans subir de stigmatisation. Il est temps de mettre fin \u00e0 la tyrannie de la taille unique et d&#8217;embrasser la beaut\u00e9 sous toutes ses formes.<\/span><\/span><\/p>\n<p><span><span><strong>Ne\u00efla Driss<\/strong><\/span><\/span><\/p>\n<p>\u00a0<\/p>\n<\/p><\/div>\n<div class=\"coprs\" style=\"text-align: center\"><\/div><\/div>\n","protected":false},"excerpt":{"rendered":"<p>La semaine derni\u00e8re, une vendeuse dans une boutique m\u2019avait r\u00e9pondu que chez eux, les tailles s\u2019arr\u00eataient au 42 et que leurs clientes mangeaient \u00ab\u00a0light\u00a0\u00bb. En&#8230;<\/p>\n","protected":false},"author":3164,"featured_media":248079,"comment_status":"open","ping_status":"closed","sticky":false,"template":"","format":"standard","meta":{"footnotes":""},"categories":[2839],"tags":[3700,7061,6008,7062,6945,7063,7064],"class_list":["post-212073","post","type-post","status-publish","format-standard","has-post-thumbnail","hentry","category-divers","tag-femmes","tag-habillement","tag-mode","tag-normes","tag-societe","tag-surpoids","tag-taille"],"yoast_head":"<!-- This site is optimized with the Yoast SEO Premium plugin v27.5 (Yoast SEO v27.5) - https:\/\/yoast.com\/product\/yoast-seo-premium-wordpress\/ -->\n<title>Injustice vestimentaire et domination masculine<\/title>\n<meta name=\"description\" content=\"La semaine derni\u00e8re, une vendeuse dans une boutique m\u2019avait r\u00e9pondu que chez eux, les tailles s\u2019arr\u00eataient au 42 et que leurs clientes mangeaient \u00ab\u00a0light\u00a0\u00bb. En...\" \/>\n<link rel=\"canonical\" href=\"https:\/\/www.webdo.tn\/fr\/actualite\/divers\/injustice-vestimentaire-et-domination-masculine\/212073\/\" \/>\n<meta property=\"og:locale\" content=\"fr_FR\" \/>\n<meta property=\"og:type\" content=\"article\" \/>\n<meta property=\"og:title\" content=\"Injustice vestimentaire et domination masculine\" \/>\n<meta property=\"og:description\" content=\"La semaine derni\u00e8re, une vendeuse dans une boutique m\u2019avait r\u00e9pondu que chez eux, les tailles s\u2019arr\u00eataient au 42 et que leurs clientes mangeaient \u00ab\u00a0light\u00a0\u00bb. En...\" \/>\n<meta property=\"og:url\" content=\"https:\/\/www.webdo.tn\/fr\/actualite\/divers\/injustice-vestimentaire-et-domination-masculine\/212073\/\" \/>\n<meta property=\"og:site_name\" content=\"webdo\" \/>\n<meta property=\"article:publisher\" content=\"https:\/\/www.facebook.com\/webdotn\" \/>\n<meta property=\"article:author\" content=\"https:\/\/www.facebook.com\/massir.destiniii\/\" \/>\n<meta property=\"article:published_time\" content=\"2024-02-06T08:50:00+00:00\" \/>\n<meta property=\"article:modified_time\" content=\"2025-05-21T08:56:09+00:00\" \/>\n<meta property=\"og:image\" content=\"https:\/\/www.webdo.tn\/fr\/wp-content\/uploads\/2024\/02\/8da24c6d4073773a5194e2e8a6978fd7.jpeg\" \/>\n\t<meta property=\"og:image:width\" content=\"450\" \/>\n\t<meta property=\"og:image:height\" content=\"240\" \/>\n\t<meta property=\"og:image:type\" content=\"image\/jpeg\" \/>\n<meta name=\"author\" content=\"Ne\u00efla DRISS\" \/>\n<meta name=\"twitter:card\" content=\"summary_large_image\" \/>\n<meta name=\"twitter:creator\" content=\"@https:\/\/x.com\/MassirDestin\" \/>\n<meta name=\"twitter:site\" content=\"@webdo_tn\" \/>\n<meta name=\"twitter:label1\" content=\"\u00c9crit par\" \/>\n\t<meta name=\"twitter:data1\" content=\"Ne\u00efla DRISS\" \/>\n\t<meta name=\"twitter:label2\" content=\"Dur\u00e9e de lecture estim\u00e9e\" \/>\n\t<meta name=\"twitter:data2\" content=\"6 minutes\" \/>\n<script type=\"application\/ld+json\" class=\"yoast-schema-graph\">{\"@context\":\"https:\\\/\\\/schema.org\",\"@graph\":[{\"@type\":\"NewsArticle\",\"@id\":\"https:\\\/\\\/www.webdo.tn\\\/fr\\\/actualite\\\/divers\\\/injustice-vestimentaire-et-domination-masculine\\\/212073\\\/#article\",\"isPartOf\":{\"@id\":\"https:\\\/\\\/www.webdo.tn\\\/fr\\\/actualite\\\/divers\\\/injustice-vestimentaire-et-domination-masculine\\\/212073\\\/\"},\"author\":{\"name\":\"Ne\u00efla DRISS\",\"@id\":\"https:\\\/\\\/www.webdo.tn\\\/fr\\\/#\\\/schema\\\/person\\\/60d5ba619ed3f58783b0dc82b7dada80\"},\"headline\":\"Injustice vestimentaire et domination masculine\",\"datePublished\":\"2024-02-06T08:50:00+00:00\",\"dateModified\":\"2025-05-21T08:56:09+00:00\",\"mainEntityOfPage\":{\"@id\":\"https:\\\/\\\/www.webdo.tn\\\/fr\\\/actualite\\\/divers\\\/injustice-vestimentaire-et-domination-masculine\\\/212073\\\/\"},\"wordCount\":1318,\"commentCount\":0,\"publisher\":{\"@id\":\"https:\\\/\\\/www.webdo.tn\\\/fr\\\/#organization\"},\"image\":{\"@id\":\"https:\\\/\\\/www.webdo.tn\\\/fr\\\/actualite\\\/divers\\\/injustice-vestimentaire-et-domination-masculine\\\/212073\\\/#primaryimage\"},\"thumbnailUrl\":\"https:\\\/\\\/www.webdo.tn\\\/fr\\\/wp-content\\\/uploads\\\/2024\\\/02\\\/8da24c6d4073773a5194e2e8a6978fd7.jpeg\",\"keywords\":[\"femmes\",\"habillement\",\"mode\",\"Normes\",\"Soci\u00e9t\u00e9\",\"Surpoids\",\"Taille\"],\"articleSection\":[\"Divers\"],\"inLanguage\":\"fr-FR\"},{\"@type\":\"WebPage\",\"@id\":\"https:\\\/\\\/www.webdo.tn\\\/fr\\\/actualite\\\/divers\\\/injustice-vestimentaire-et-domination-masculine\\\/212073\\\/\",\"url\":\"https:\\\/\\\/www.webdo.tn\\\/fr\\\/actualite\\\/divers\\\/injustice-vestimentaire-et-domination-masculine\\\/212073\\\/\",\"name\":\"Injustice vestimentaire et domination masculine\",\"isPartOf\":{\"@id\":\"https:\\\/\\\/www.webdo.tn\\\/fr\\\/#website\"},\"primaryImageOfPage\":{\"@id\":\"https:\\\/\\\/www.webdo.tn\\\/fr\\\/actualite\\\/divers\\\/injustice-vestimentaire-et-domination-masculine\\\/212073\\\/#primaryimage\"},\"image\":{\"@id\":\"https:\\\/\\\/www.webdo.tn\\\/fr\\\/actualite\\\/divers\\\/injustice-vestimentaire-et-domination-masculine\\\/212073\\\/#primaryimage\"},\"thumbnailUrl\":\"https:\\\/\\\/www.webdo.tn\\\/fr\\\/wp-content\\\/uploads\\\/2024\\\/02\\\/8da24c6d4073773a5194e2e8a6978fd7.jpeg\",\"datePublished\":\"2024-02-06T08:50:00+00:00\",\"dateModified\":\"2025-05-21T08:56:09+00:00\",\"description\":\"La semaine derni\u00e8re, une vendeuse dans une boutique m\u2019avait r\u00e9pondu que chez eux, les tailles s\u2019arr\u00eataient au 42 et que leurs clientes mangeaient \u00ab\u00a0light\u00a0\u00bb. En...\",\"breadcrumb\":{\"@id\":\"https:\\\/\\\/www.webdo.tn\\\/fr\\\/actualite\\\/divers\\\/injustice-vestimentaire-et-domination-masculine\\\/212073\\\/#breadcrumb\"},\"inLanguage\":\"fr-FR\",\"potentialAction\":[{\"@type\":\"ReadAction\",\"target\":[\"https:\\\/\\\/www.webdo.tn\\\/fr\\\/actualite\\\/divers\\\/injustice-vestimentaire-et-domination-masculine\\\/212073\\\/\"]}]},{\"@type\":\"ImageObject\",\"inLanguage\":\"fr-FR\",\"@id\":\"https:\\\/\\\/www.webdo.tn\\\/fr\\\/actualite\\\/divers\\\/injustice-vestimentaire-et-domination-masculine\\\/212073\\\/#primaryimage\",\"url\":\"https:\\\/\\\/www.webdo.tn\\\/fr\\\/wp-content\\\/uploads\\\/2024\\\/02\\\/8da24c6d4073773a5194e2e8a6978fd7.jpeg\",\"contentUrl\":\"https:\\\/\\\/www.webdo.tn\\\/fr\\\/wp-content\\\/uploads\\\/2024\\\/02\\\/8da24c6d4073773a5194e2e8a6978fd7.jpeg\",\"width\":450,\"height\":240,\"caption\":\"Injustice vestimentaire et domination masculine\"},{\"@type\":\"BreadcrumbList\",\"@id\":\"https:\\\/\\\/www.webdo.tn\\\/fr\\\/actualite\\\/divers\\\/injustice-vestimentaire-et-domination-masculine\\\/212073\\\/#breadcrumb\",\"itemListElement\":[{\"@type\":\"ListItem\",\"position\":1,\"name\":\"Accueil\",\"item\":\"https:\\\/\\\/www.webdo.tn\\\/fr\\\/\"},{\"@type\":\"ListItem\",\"position\":2,\"name\":\"Injustice vestimentaire et domination masculine\"}]},{\"@type\":\"WebSite\",\"@id\":\"https:\\\/\\\/www.webdo.tn\\\/fr\\\/#website\",\"url\":\"https:\\\/\\\/www.webdo.tn\\\/fr\\\/\",\"name\":\"webdo\",\"description\":\"Tunisie - News en Tunisie et \u00e0 l&#039;international sur Webdo.tn\",\"publisher\":{\"@id\":\"https:\\\/\\\/www.webdo.tn\\\/fr\\\/#organization\"},\"potentialAction\":[{\"@type\":\"SearchAction\",\"target\":{\"@type\":\"EntryPoint\",\"urlTemplate\":\"https:\\\/\\\/www.webdo.tn\\\/fr\\\/?s={search_term_string}\"},\"query-input\":{\"@type\":\"PropertyValueSpecification\",\"valueRequired\":true,\"valueName\":\"search_term_string\"}}],\"inLanguage\":\"fr-FR\"},{\"@type\":\"Organization\",\"@id\":\"https:\\\/\\\/www.webdo.tn\\\/fr\\\/#organization\",\"name\":\"Webdo\",\"alternateName\":\"Webdo.tn\",\"url\":\"https:\\\/\\\/www.webdo.tn\\\/fr\\\/\",\"logo\":{\"@type\":\"ImageObject\",\"inLanguage\":\"fr-FR\",\"@id\":\"https:\\\/\\\/www.webdo.tn\\\/fr\\\/#\\\/schema\\\/logo\\\/image\\\/\",\"url\":\"https:\\\/\\\/www.webdo.tn\\\/fr\\\/wp-content\\\/uploads\\\/2025\\\/06\\\/Webdo-Tunisie_168377.jpg\",\"contentUrl\":\"https:\\\/\\\/www.webdo.tn\\\/fr\\\/wp-content\\\/uploads\\\/2025\\\/06\\\/Webdo-Tunisie_168377.jpg\",\"width\":301,\"height\":301,\"caption\":\"Webdo\"},\"image\":{\"@id\":\"https:\\\/\\\/www.webdo.tn\\\/fr\\\/#\\\/schema\\\/logo\\\/image\\\/\"},\"sameAs\":[\"https:\\\/\\\/www.facebook.com\\\/webdotn\",\"https:\\\/\\\/x.com\\\/webdo_tn\"],\"description\":\"Webdo est un m\u00e9dia num\u00e9rique tunisien fond\u00e9 en 2010, sp\u00e9cialis\u00e9 dans l\u2019actualit\u00e9 nationale et internationale, l\u2019\u00e9conomie, la soci\u00e9t\u00e9 et les analyses politiques. Le site s\u2019adresse \u00e0 un large public francophone et couvre l\u2019information tunisienne en temps r\u00e9el.\",\"email\":\"redac@webdo.tn\",\"legalName\":\"YNJ SARL\",\"foundingDate\":\"2010-09-06\",\"numberOfEmployees\":{\"@type\":\"QuantitativeValue\",\"minValue\":\"11\",\"maxValue\":\"50\"}},{\"@type\":\"Person\",\"@id\":\"https:\\\/\\\/www.webdo.tn\\\/fr\\\/#\\\/schema\\\/person\\\/60d5ba619ed3f58783b0dc82b7dada80\",\"name\":\"Ne\u00efla DRISS\",\"image\":{\"@type\":\"ImageObject\",\"inLanguage\":\"fr-FR\",\"@id\":\"https:\\\/\\\/www.webdo.tn\\\/fr\\\/wp-content\\\/uploads\\\/2026\\\/04\\\/neila-driss_avatar-96x96.jpg\",\"url\":\"https:\\\/\\\/www.webdo.tn\\\/fr\\\/wp-content\\\/uploads\\\/2026\\\/04\\\/neila-driss_avatar-96x96.jpg\",\"contentUrl\":\"https:\\\/\\\/www.webdo.tn\\\/fr\\\/wp-content\\\/uploads\\\/2026\\\/04\\\/neila-driss_avatar-96x96.jpg\",\"caption\":\"Ne\u00efla DRISS\"},\"description\":\"Ne\u00efla Driss est juriste, journaliste culturelle et critique de cin\u00e9ma tunisienne. Titulaire d\u2019un DEA en droit priv\u00e9 de l\u2019Universit\u00e9 Paris II et d\u2019un DESS de l\u2019IHEC Carthage, elle d\u00e9bute sa carri\u00e8re comme juriste sp\u00e9cialis\u00e9e en gestion de patrimoine immobilier. Elle s\u2019oriente ensuite vers l\u2019\u00e9criture en ligne, o\u00f9 elle se distingue d\u00e8s 2006 aux Tunisia Blog Awards, avant de se consacrer au journalisme culturel, avec une sp\u00e9cialisation dans la critique cin\u00e9matographique. Elle couvre r\u00e9guli\u00e8rement les grands festivals internationaux, notamment le Festival de Cannes, les Journ\u00e9es Cin\u00e9matographiques de Carthage et le Festival du film du Caire. Membre de l\u2019ATPCC et de la FIPRESCI, elle participe \u00e0 des jurys et initiatives internationales de critique. Depuis 2024, elle est \u00e9lectrice internationale aux Golden Globes. Facebook : https:\\\/\\\/www.facebook.com\\\/massir.destiniii\\\/ X : https:\\\/\\\/x.com\\\/MassirDestin\",\"sameAs\":[\"https:\\\/\\\/www.facebook.com\\\/massir.destiniii\\\/\",\"https:\\\/\\\/www.instagram.com\\\/neila.driss\\\/?hl=fr\",\"https:\\\/\\\/www.linkedin.com\\\/in\\\/neila-driss-22606a80\\\/\",\"https:\\\/\\\/x.com\\\/https:\\\/\\\/x.com\\\/MassirDestin\"],\"knowsAbout\":[\"Cin\u00e9ma international\",\"critique cin\u00e9matographique\",\"festivals de cin\u00e9ma\",\"journalisme culturel\"],\"knowsLanguage\":[\"Fran\u00e7ais\",\"Arabe\",\"Anglais\"],\"jobTitle\":\"Journaliste culturelle et critique de cin\u00e9ma\",\"worksFor\":\"Webdo\",\"url\":\"https:\\\/\\\/www.webdo.tn\\\/fr\\\/actualite\\\/author\\\/neila-driss\\\/\"}]}<\/script>\n<!-- \/ Yoast SEO Premium plugin. -->","yoast_head_json":{"title":"Injustice vestimentaire et domination masculine","description":"La semaine derni\u00e8re, une vendeuse dans une boutique m\u2019avait r\u00e9pondu que chez eux, les tailles s\u2019arr\u00eataient au 42 et que leurs clientes mangeaient \u00ab\u00a0light\u00a0\u00bb. En...","canonical":"https:\/\/www.webdo.tn\/fr\/actualite\/divers\/injustice-vestimentaire-et-domination-masculine\/212073\/","og_locale":"fr_FR","og_type":"article","og_title":"Injustice vestimentaire et domination masculine","og_description":"La semaine derni\u00e8re, une vendeuse dans une boutique m\u2019avait r\u00e9pondu que chez eux, les tailles s\u2019arr\u00eataient au 42 et que leurs clientes mangeaient \u00ab\u00a0light\u00a0\u00bb. En...","og_url":"https:\/\/www.webdo.tn\/fr\/actualite\/divers\/injustice-vestimentaire-et-domination-masculine\/212073\/","og_site_name":"webdo","article_publisher":"https:\/\/www.facebook.com\/webdotn","article_author":"https:\/\/www.facebook.com\/massir.destiniii\/","article_published_time":"2024-02-06T08:50:00+00:00","article_modified_time":"2025-05-21T08:56:09+00:00","og_image":[{"width":450,"height":240,"url":"https:\/\/www.webdo.tn\/fr\/wp-content\/uploads\/2024\/02\/8da24c6d4073773a5194e2e8a6978fd7.jpeg","type":"image\/jpeg"}],"author":"Ne\u00efla DRISS","twitter_card":"summary_large_image","twitter_creator":"@https:\/\/x.com\/MassirDestin","twitter_site":"@webdo_tn","twitter_misc":{"\u00c9crit par":"Ne\u00efla DRISS","Dur\u00e9e de lecture estim\u00e9e":"6 minutes"},"schema":{"@context":"https:\/\/schema.org","@graph":[{"@type":"NewsArticle","@id":"https:\/\/www.webdo.tn\/fr\/actualite\/divers\/injustice-vestimentaire-et-domination-masculine\/212073\/#article","isPartOf":{"@id":"https:\/\/www.webdo.tn\/fr\/actualite\/divers\/injustice-vestimentaire-et-domination-masculine\/212073\/"},"author":{"name":"Ne\u00efla DRISS","@id":"https:\/\/www.webdo.tn\/fr\/#\/schema\/person\/60d5ba619ed3f58783b0dc82b7dada80"},"headline":"Injustice vestimentaire et domination masculine","datePublished":"2024-02-06T08:50:00+00:00","dateModified":"2025-05-21T08:56:09+00:00","mainEntityOfPage":{"@id":"https:\/\/www.webdo.tn\/fr\/actualite\/divers\/injustice-vestimentaire-et-domination-masculine\/212073\/"},"wordCount":1318,"commentCount":0,"publisher":{"@id":"https:\/\/www.webdo.tn\/fr\/#organization"},"image":{"@id":"https:\/\/www.webdo.tn\/fr\/actualite\/divers\/injustice-vestimentaire-et-domination-masculine\/212073\/#primaryimage"},"thumbnailUrl":"https:\/\/www.webdo.tn\/fr\/wp-content\/uploads\/2024\/02\/8da24c6d4073773a5194e2e8a6978fd7.jpeg","keywords":["femmes","habillement","mode","Normes","Soci\u00e9t\u00e9","Surpoids","Taille"],"articleSection":["Divers"],"inLanguage":"fr-FR"},{"@type":"WebPage","@id":"https:\/\/www.webdo.tn\/fr\/actualite\/divers\/injustice-vestimentaire-et-domination-masculine\/212073\/","url":"https:\/\/www.webdo.tn\/fr\/actualite\/divers\/injustice-vestimentaire-et-domination-masculine\/212073\/","name":"Injustice vestimentaire et domination masculine","isPartOf":{"@id":"https:\/\/www.webdo.tn\/fr\/#website"},"primaryImageOfPage":{"@id":"https:\/\/www.webdo.tn\/fr\/actualite\/divers\/injustice-vestimentaire-et-domination-masculine\/212073\/#primaryimage"},"image":{"@id":"https:\/\/www.webdo.tn\/fr\/actualite\/divers\/injustice-vestimentaire-et-domination-masculine\/212073\/#primaryimage"},"thumbnailUrl":"https:\/\/www.webdo.tn\/fr\/wp-content\/uploads\/2024\/02\/8da24c6d4073773a5194e2e8a6978fd7.jpeg","datePublished":"2024-02-06T08:50:00+00:00","dateModified":"2025-05-21T08:56:09+00:00","description":"La semaine derni\u00e8re, une vendeuse dans une boutique m\u2019avait r\u00e9pondu que chez eux, les tailles s\u2019arr\u00eataient au 42 et que leurs clientes mangeaient \u00ab\u00a0light\u00a0\u00bb. En...","breadcrumb":{"@id":"https:\/\/www.webdo.tn\/fr\/actualite\/divers\/injustice-vestimentaire-et-domination-masculine\/212073\/#breadcrumb"},"inLanguage":"fr-FR","potentialAction":[{"@type":"ReadAction","target":["https:\/\/www.webdo.tn\/fr\/actualite\/divers\/injustice-vestimentaire-et-domination-masculine\/212073\/"]}]},{"@type":"ImageObject","inLanguage":"fr-FR","@id":"https:\/\/www.webdo.tn\/fr\/actualite\/divers\/injustice-vestimentaire-et-domination-masculine\/212073\/#primaryimage","url":"https:\/\/www.webdo.tn\/fr\/wp-content\/uploads\/2024\/02\/8da24c6d4073773a5194e2e8a6978fd7.jpeg","contentUrl":"https:\/\/www.webdo.tn\/fr\/wp-content\/uploads\/2024\/02\/8da24c6d4073773a5194e2e8a6978fd7.jpeg","width":450,"height":240,"caption":"Injustice vestimentaire et domination masculine"},{"@type":"BreadcrumbList","@id":"https:\/\/www.webdo.tn\/fr\/actualite\/divers\/injustice-vestimentaire-et-domination-masculine\/212073\/#breadcrumb","itemListElement":[{"@type":"ListItem","position":1,"name":"Accueil","item":"https:\/\/www.webdo.tn\/fr\/"},{"@type":"ListItem","position":2,"name":"Injustice vestimentaire et domination masculine"}]},{"@type":"WebSite","@id":"https:\/\/www.webdo.tn\/fr\/#website","url":"https:\/\/www.webdo.tn\/fr\/","name":"webdo","description":"Tunisie - News en Tunisie et \u00e0 l&#039;international sur Webdo.tn","publisher":{"@id":"https:\/\/www.webdo.tn\/fr\/#organization"},"potentialAction":[{"@type":"SearchAction","target":{"@type":"EntryPoint","urlTemplate":"https:\/\/www.webdo.tn\/fr\/?s={search_term_string}"},"query-input":{"@type":"PropertyValueSpecification","valueRequired":true,"valueName":"search_term_string"}}],"inLanguage":"fr-FR"},{"@type":"Organization","@id":"https:\/\/www.webdo.tn\/fr\/#organization","name":"Webdo","alternateName":"Webdo.tn","url":"https:\/\/www.webdo.tn\/fr\/","logo":{"@type":"ImageObject","inLanguage":"fr-FR","@id":"https:\/\/www.webdo.tn\/fr\/#\/schema\/logo\/image\/","url":"https:\/\/www.webdo.tn\/fr\/wp-content\/uploads\/2025\/06\/Webdo-Tunisie_168377.jpg","contentUrl":"https:\/\/www.webdo.tn\/fr\/wp-content\/uploads\/2025\/06\/Webdo-Tunisie_168377.jpg","width":301,"height":301,"caption":"Webdo"},"image":{"@id":"https:\/\/www.webdo.tn\/fr\/#\/schema\/logo\/image\/"},"sameAs":["https:\/\/www.facebook.com\/webdotn","https:\/\/x.com\/webdo_tn"],"description":"Webdo est un m\u00e9dia num\u00e9rique tunisien fond\u00e9 en 2010, sp\u00e9cialis\u00e9 dans l\u2019actualit\u00e9 nationale et internationale, l\u2019\u00e9conomie, la soci\u00e9t\u00e9 et les analyses politiques. Le site s\u2019adresse \u00e0 un large public francophone et couvre l\u2019information tunisienne en temps r\u00e9el.","email":"redac@webdo.tn","legalName":"YNJ SARL","foundingDate":"2010-09-06","numberOfEmployees":{"@type":"QuantitativeValue","minValue":"11","maxValue":"50"}},{"@type":"Person","@id":"https:\/\/www.webdo.tn\/fr\/#\/schema\/person\/60d5ba619ed3f58783b0dc82b7dada80","name":"Ne\u00efla DRISS","image":{"@type":"ImageObject","inLanguage":"fr-FR","@id":"https:\/\/www.webdo.tn\/fr\/wp-content\/uploads\/2026\/04\/neila-driss_avatar-96x96.jpg","url":"https:\/\/www.webdo.tn\/fr\/wp-content\/uploads\/2026\/04\/neila-driss_avatar-96x96.jpg","contentUrl":"https:\/\/www.webdo.tn\/fr\/wp-content\/uploads\/2026\/04\/neila-driss_avatar-96x96.jpg","caption":"Ne\u00efla DRISS"},"description":"Ne\u00efla Driss est juriste, journaliste culturelle et critique de cin\u00e9ma tunisienne. Titulaire d\u2019un DEA en droit priv\u00e9 de l\u2019Universit\u00e9 Paris II et d\u2019un DESS de l\u2019IHEC Carthage, elle d\u00e9bute sa carri\u00e8re comme juriste sp\u00e9cialis\u00e9e en gestion de patrimoine immobilier. Elle s\u2019oriente ensuite vers l\u2019\u00e9criture en ligne, o\u00f9 elle se distingue d\u00e8s 2006 aux Tunisia Blog Awards, avant de se consacrer au journalisme culturel, avec une sp\u00e9cialisation dans la critique cin\u00e9matographique. Elle couvre r\u00e9guli\u00e8rement les grands festivals internationaux, notamment le Festival de Cannes, les Journ\u00e9es Cin\u00e9matographiques de Carthage et le Festival du film du Caire. Membre de l\u2019ATPCC et de la FIPRESCI, elle participe \u00e0 des jurys et initiatives internationales de critique. Depuis 2024, elle est \u00e9lectrice internationale aux Golden Globes. Facebook : https:\/\/www.facebook.com\/massir.destiniii\/ X : https:\/\/x.com\/MassirDestin","sameAs":["https:\/\/www.facebook.com\/massir.destiniii\/","https:\/\/www.instagram.com\/neila.driss\/?hl=fr","https:\/\/www.linkedin.com\/in\/neila-driss-22606a80\/","https:\/\/x.com\/https:\/\/x.com\/MassirDestin"],"knowsAbout":["Cin\u00e9ma international","critique cin\u00e9matographique","festivals de cin\u00e9ma","journalisme culturel"],"knowsLanguage":["Fran\u00e7ais","Arabe","Anglais"],"jobTitle":"Journaliste culturelle et critique de cin\u00e9ma","worksFor":"Webdo","url":"https:\/\/www.webdo.tn\/fr\/actualite\/author\/neila-driss\/"}]}},"_links":{"self":[{"href":"https:\/\/www.webdo.tn\/fr\/wp-json\/wp\/v2\/posts\/212073","targetHints":{"allow":["GET"]}}],"collection":[{"href":"https:\/\/www.webdo.tn\/fr\/wp-json\/wp\/v2\/posts"}],"about":[{"href":"https:\/\/www.webdo.tn\/fr\/wp-json\/wp\/v2\/types\/post"}],"author":[{"embeddable":true,"href":"https:\/\/www.webdo.tn\/fr\/wp-json\/wp\/v2\/users\/3164"}],"replies":[{"embeddable":true,"href":"https:\/\/www.webdo.tn\/fr\/wp-json\/wp\/v2\/comments?post=212073"}],"version-history":[{"count":0,"href":"https:\/\/www.webdo.tn\/fr\/wp-json\/wp\/v2\/posts\/212073\/revisions"}],"wp:featuredmedia":[{"embeddable":true,"href":"https:\/\/www.webdo.tn\/fr\/wp-json\/wp\/v2\/media\/248079"}],"wp:attachment":[{"href":"https:\/\/www.webdo.tn\/fr\/wp-json\/wp\/v2\/media?parent=212073"}],"wp:term":[{"taxonomy":"category","embeddable":true,"href":"https:\/\/www.webdo.tn\/fr\/wp-json\/wp\/v2\/categories?post=212073"},{"taxonomy":"post_tag","embeddable":true,"href":"https:\/\/www.webdo.tn\/fr\/wp-json\/wp\/v2\/tags?post=212073"}],"curies":[{"name":"wp","href":"https:\/\/api.w.org\/{rel}","templated":true}]}}