{"id":212058,"date":"2024-02-05T14:36:00","date_gmt":"2024-02-05T14:36:00","guid":{"rendered":"https:\/\/www.webdo.tn\/fr\/blog\/tunisie-en-stage-en-france-la-championne-de-lutte-a-prefere-emigrer-clandestinement\/212058\/"},"modified":"2025-05-20T21:53:18","modified_gmt":"2025-05-20T21:53:18","slug":"tunisie-en-stage-en-france-la-championne-de-lutte-a-prefere-emigrer-clandestinement","status":"publish","type":"post","link":"https:\/\/www.webdo.tn\/fr\/actualite\/sport\/tunisie-en-stage-en-france-la-championne-de-lutte-a-prefere-emigrer-clandestinement\/212058\/","title":{"rendered":"Tunisie : En stage en France, la championne de lutte a pr\u00e9f\u00e9r\u00e9 \u00e9migrer clandestinement"},"content":{"rendered":"<p>Elle s\u2019appelle Abir et est \u00e2g\u00e9e de 18 ans. Elle est championne d\u2019Afrique de lutte de sa cat\u00e9gorie et a profit\u00e9 d\u2019un stage en France pour se faire la belle.<\/p>\n<p>\t\t\t\t\t\t\t\t\tC\u2019est ce qu\u2019a r\u00e9v\u00e9l\u00e9 aujourd\u2019hui, le directeur technique de la F\u00e9d\u00e9ration tunisienne de lutte, Montassar Laabidi, exprimant par la m\u00eame occasion, son indignation.<\/p>\n<p>Il a expliqu\u00e9, ce lundi 5 f\u00e9vrier, sur les ondes de Mosaique fm, que Abir, Championne d\u2019Afrique a \u00e9t\u00e9 envoy\u00e9e en France pour un stage de formation \u00e0 Nice. Arriv\u00e9e sur la C\u00f4te d\u2019Azur l\u2019athl\u00e8te a disparu, a-t-il r\u00e9v\u00e9l\u00e9, et n\u2019est pas revenu en Tunisie avec la d\u00e9l\u00e9gation tunisienne.<\/p>\n<p>Il a \u00e9galement soulign\u00e9, qu\u2019au sein de la F\u00e9d\u00e9ration, certains dont le pr\u00e9sident, ont montr\u00e9 une r\u00e9ticence \u00e0 la faire participer \u00e0 ce stage du fait qu\u2019elle n&rsquo;est pas scolaris\u00e9e, mais son entra\u00eeneur, la championne olympique Marwa Amri, qui a insist\u00e9 pour l\u2019emmener, estimant que cette lutteuse prometteuse devait participer \u00e0 ce stage.<\/p>\n<p>Montassar Laabidi a ajout\u00e9 que Abir per\u00e7oit une bourse mensuelle de 100 dinars.<\/p>\n<p>Selon ses dires, la lutteuse a profit\u00e9 de ce stage pour quitter le lieu du stage. Les cam\u00e9ras de surveillance ont \u00e9galement montr\u00e9 qu\u2019elle avait pris ses affaires avec elle. Ensuite, elle a envoy\u00e9 un message \u00e0 ses co\u00e9quipi\u00e8res pour les rassurer sur sa situation. Le chef de la d\u00e9l\u00e9gation a aussit\u00f4t averti le consulat tunisien et les autorit\u00e9s de s\u00e9curit\u00e9.<\/p>\n<p>La jeune Abir devait participer \u00e0 un autre stage, le 15 f\u00e9vrier en Su\u00e8de, et aux qualifications pour les Jeux olympiques en \u00c9gypte en mars.<\/p>\n","protected":false},"excerpt":{"rendered":"<p>Une championne de lutte a profit\u00e9 d\u2019un tournoi en France pour \u00e9migrer clandestinement.<\/p>\n","protected":false},"author":3162,"featured_media":248074,"comment_status":"open","ping_status":"closed","sticky":false,"template":"","format":"standard","meta":{"footnotes":""},"categories":[2593],"tags":[7056,7055,2998,2668,7057,2608],"class_list":["post-212058","post","type-post","status-publish","format-standard","has-post-thumbnail","hentry","category-sport","tag-emigration-clandestine","tag-emigration-irreguliere","tag-france","tag-lutte","tag-stage","tag-tunisie"],"yoast_head":"<!-- This site is optimized with the Yoast SEO Premium plugin v27.4 (Yoast SEO v27.4) - https:\/\/yoast.com\/product\/yoast-seo-premium-wordpress\/ -->\n<title>Tunisie : En stage en France, la championne de lutte a pr\u00e9f\u00e9r\u00e9 \u00e9migrer clandestinement<\/title>\n<meta name=\"description\" content=\"Une championne de lutte a profit\u00e9 d\u2019un tournoi en France pour \u00e9migrer clandestinement.\" \/>\n<link rel=\"canonical\" href=\"https:\/\/www.webdo.tn\/fr\/actualite\/sport\/tunisie-en-stage-en-france-la-championne-de-lutte-a-prefere-emigrer-clandestinement\/212058\/\" \/>\n<meta property=\"og:locale\" content=\"fr_FR\" \/>\n<meta property=\"og:type\" content=\"article\" \/>\n<meta property=\"og:title\" content=\"Tunisie : En stage en France, la championne de lutte a pr\u00e9f\u00e9r\u00e9 \u00e9migrer clandestinement\" \/>\n<meta property=\"og:description\" content=\"Une championne de lutte a profit\u00e9 d\u2019un tournoi en France pour \u00e9migrer clandestinement.\" \/>\n<meta property=\"og:url\" content=\"https:\/\/www.webdo.tn\/fr\/actualite\/sport\/tunisie-en-stage-en-france-la-championne-de-lutte-a-prefere-emigrer-clandestinement\/212058\/\" \/>\n<meta property=\"og:site_name\" content=\"webdo\" \/>\n<meta property=\"article:publisher\" content=\"https:\/\/www.facebook.com\/webdotn\" \/>\n<meta property=\"article:published_time\" content=\"2024-02-05T14:36:00+00:00\" \/>\n<meta property=\"article:modified_time\" content=\"2025-05-20T21:53:18+00:00\" \/>\n<meta property=\"og:image\" content=\"https:\/\/www.webdo.tn\/fr\/wp-content\/uploads\/2024\/02\/94708559eb001818ea6dd00ba3923a6c.jpg\" \/>\n\t<meta property=\"og:image:width\" content=\"750\" \/>\n\t<meta property=\"og:image:height\" content=\"400\" \/>\n\t<meta property=\"og:image:type\" content=\"image\/jpeg\" \/>\n<meta name=\"author\" content=\"MC\" \/>\n<meta name=\"twitter:card\" content=\"summary_large_image\" \/>\n<meta name=\"twitter:creator\" content=\"@webdo_tn\" \/>\n<meta name=\"twitter:site\" content=\"@webdo_tn\" \/>\n<meta name=\"twitter:label1\" content=\"\u00c9crit par\" \/>\n\t<meta name=\"twitter:data1\" content=\"MC\" \/>\n\t<meta name=\"twitter:label2\" content=\"Dur\u00e9e de lecture estim\u00e9e\" \/>\n\t<meta name=\"twitter:data2\" content=\"1 minute\" \/>\n<script type=\"application\/ld+json\" class=\"yoast-schema-graph\">{\"@context\":\"https:\\\/\\\/schema.org\",\"@graph\":[{\"@type\":\"NewsArticle\",\"@id\":\"https:\\\/\\\/www.webdo.tn\\\/fr\\\/actualite\\\/sport\\\/tunisie-en-stage-en-france-la-championne-de-lutte-a-prefere-emigrer-clandestinement\\\/212058\\\/#article\",\"isPartOf\":{\"@id\":\"https:\\\/\\\/www.webdo.tn\\\/fr\\\/actualite\\\/sport\\\/tunisie-en-stage-en-france-la-championne-de-lutte-a-prefere-emigrer-clandestinement\\\/212058\\\/\"},\"author\":{\"name\":\"MC\",\"@id\":\"https:\\\/\\\/www.webdo.tn\\\/fr\\\/#\\\/schema\\\/person\\\/2c4929cbf5a809e3bd38617c6ce150f6\"},\"headline\":\"Tunisie : En stage en France, la championne de lutte a pr\u00e9f\u00e9r\u00e9 \u00e9migrer clandestinement\",\"datePublished\":\"2024-02-05T14:36:00+00:00\",\"dateModified\":\"2025-05-20T21:53:18+00:00\",\"mainEntityOfPage\":{\"@id\":\"https:\\\/\\\/www.webdo.tn\\\/fr\\\/actualite\\\/sport\\\/tunisie-en-stage-en-france-la-championne-de-lutte-a-prefere-emigrer-clandestinement\\\/212058\\\/\"},\"wordCount\":307,\"commentCount\":0,\"publisher\":{\"@id\":\"https:\\\/\\\/www.webdo.tn\\\/fr\\\/#organization\"},\"image\":{\"@id\":\"https:\\\/\\\/www.webdo.tn\\\/fr\\\/actualite\\\/sport\\\/tunisie-en-stage-en-france-la-championne-de-lutte-a-prefere-emigrer-clandestinement\\\/212058\\\/#primaryimage\"},\"thumbnailUrl\":\"https:\\\/\\\/www.webdo.tn\\\/fr\\\/wp-content\\\/uploads\\\/2024\\\/02\\\/94708559eb001818ea6dd00ba3923a6c.jpg\",\"keywords\":[\"\u00e9migration clandestine\",\"\u00e9migration irr\u00e9guli\u00e8re\",\"france\",\"lutte\",\"stage\",\"Tunisie\"],\"articleSection\":[\"Sport\"],\"inLanguage\":\"fr-FR\"},{\"@type\":\"WebPage\",\"@id\":\"https:\\\/\\\/www.webdo.tn\\\/fr\\\/actualite\\\/sport\\\/tunisie-en-stage-en-france-la-championne-de-lutte-a-prefere-emigrer-clandestinement\\\/212058\\\/\",\"url\":\"https:\\\/\\\/www.webdo.tn\\\/fr\\\/actualite\\\/sport\\\/tunisie-en-stage-en-france-la-championne-de-lutte-a-prefere-emigrer-clandestinement\\\/212058\\\/\",\"name\":\"Tunisie : En stage en France, la championne de lutte a pr\u00e9f\u00e9r\u00e9 \u00e9migrer clandestinement\",\"isPartOf\":{\"@id\":\"https:\\\/\\\/www.webdo.tn\\\/fr\\\/#website\"},\"primaryImageOfPage\":{\"@id\":\"https:\\\/\\\/www.webdo.tn\\\/fr\\\/actualite\\\/sport\\\/tunisie-en-stage-en-france-la-championne-de-lutte-a-prefere-emigrer-clandestinement\\\/212058\\\/#primaryimage\"},\"image\":{\"@id\":\"https:\\\/\\\/www.webdo.tn\\\/fr\\\/actualite\\\/sport\\\/tunisie-en-stage-en-france-la-championne-de-lutte-a-prefere-emigrer-clandestinement\\\/212058\\\/#primaryimage\"},\"thumbnailUrl\":\"https:\\\/\\\/www.webdo.tn\\\/fr\\\/wp-content\\\/uploads\\\/2024\\\/02\\\/94708559eb001818ea6dd00ba3923a6c.jpg\",\"datePublished\":\"2024-02-05T14:36:00+00:00\",\"dateModified\":\"2025-05-20T21:53:18+00:00\",\"description\":\"Une championne de lutte a profit\u00e9 d\u2019un tournoi en France pour \u00e9migrer clandestinement.\",\"breadcrumb\":{\"@id\":\"https:\\\/\\\/www.webdo.tn\\\/fr\\\/actualite\\\/sport\\\/tunisie-en-stage-en-france-la-championne-de-lutte-a-prefere-emigrer-clandestinement\\\/212058\\\/#breadcrumb\"},\"inLanguage\":\"fr-FR\",\"potentialAction\":[{\"@type\":\"ReadAction\",\"target\":[\"https:\\\/\\\/www.webdo.tn\\\/fr\\\/actualite\\\/sport\\\/tunisie-en-stage-en-france-la-championne-de-lutte-a-prefere-emigrer-clandestinement\\\/212058\\\/\"]}]},{\"@type\":\"ImageObject\",\"inLanguage\":\"fr-FR\",\"@id\":\"https:\\\/\\\/www.webdo.tn\\\/fr\\\/actualite\\\/sport\\\/tunisie-en-stage-en-france-la-championne-de-lutte-a-prefere-emigrer-clandestinement\\\/212058\\\/#primaryimage\",\"url\":\"https:\\\/\\\/www.webdo.tn\\\/fr\\\/wp-content\\\/uploads\\\/2024\\\/02\\\/94708559eb001818ea6dd00ba3923a6c.jpg\",\"contentUrl\":\"https:\\\/\\\/www.webdo.tn\\\/fr\\\/wp-content\\\/uploads\\\/2024\\\/02\\\/94708559eb001818ea6dd00ba3923a6c.jpg\",\"width\":750,\"height\":400,\"caption\":\"Tunisie : En stage en France, la championne de lutte a pr\u00e9f\u00e9r\u00e9 \u00e9migrer clandestinement\"},{\"@type\":\"BreadcrumbList\",\"@id\":\"https:\\\/\\\/www.webdo.tn\\\/fr\\\/actualite\\\/sport\\\/tunisie-en-stage-en-france-la-championne-de-lutte-a-prefere-emigrer-clandestinement\\\/212058\\\/#breadcrumb\",\"itemListElement\":[{\"@type\":\"ListItem\",\"position\":1,\"name\":\"Accueil\",\"item\":\"https:\\\/\\\/www.webdo.tn\\\/fr\\\/\"},{\"@type\":\"ListItem\",\"position\":2,\"name\":\"Tunisie : En stage en France, la championne de lutte a pr\u00e9f\u00e9r\u00e9 \u00e9migrer clandestinement\"}]},{\"@type\":\"WebSite\",\"@id\":\"https:\\\/\\\/www.webdo.tn\\\/fr\\\/#website\",\"url\":\"https:\\\/\\\/www.webdo.tn\\\/fr\\\/\",\"name\":\"webdo\",\"description\":\"Tunisie - News en Tunisie et \u00e0 l&#039;international sur Webdo.tn\",\"publisher\":{\"@id\":\"https:\\\/\\\/www.webdo.tn\\\/fr\\\/#organization\"},\"potentialAction\":[{\"@type\":\"SearchAction\",\"target\":{\"@type\":\"EntryPoint\",\"urlTemplate\":\"https:\\\/\\\/www.webdo.tn\\\/fr\\\/?s={search_term_string}\"},\"query-input\":{\"@type\":\"PropertyValueSpecification\",\"valueRequired\":true,\"valueName\":\"search_term_string\"}}],\"inLanguage\":\"fr-FR\"},{\"@type\":\"Organization\",\"@id\":\"https:\\\/\\\/www.webdo.tn\\\/fr\\\/#organization\",\"name\":\"Webdo\",\"alternateName\":\"Webdo.tn\",\"url\":\"https:\\\/\\\/www.webdo.tn\\\/fr\\\/\",\"logo\":{\"@type\":\"ImageObject\",\"inLanguage\":\"fr-FR\",\"@id\":\"https:\\\/\\\/www.webdo.tn\\\/fr\\\/#\\\/schema\\\/logo\\\/image\\\/\",\"url\":\"https:\\\/\\\/www.webdo.tn\\\/fr\\\/wp-content\\\/uploads\\\/2025\\\/06\\\/Webdo-Tunisie_168377.jpg\",\"contentUrl\":\"https:\\\/\\\/www.webdo.tn\\\/fr\\\/wp-content\\\/uploads\\\/2025\\\/06\\\/Webdo-Tunisie_168377.jpg\",\"width\":301,\"height\":301,\"caption\":\"Webdo\"},\"image\":{\"@id\":\"https:\\\/\\\/www.webdo.tn\\\/fr\\\/#\\\/schema\\\/logo\\\/image\\\/\"},\"sameAs\":[\"https:\\\/\\\/www.facebook.com\\\/webdotn\",\"https:\\\/\\\/x.com\\\/webdo_tn\"],\"description\":\"Webdo est un m\u00e9dia num\u00e9rique tunisien fond\u00e9 en 2010, sp\u00e9cialis\u00e9 dans l\u2019actualit\u00e9 nationale et internationale, l\u2019\u00e9conomie, la soci\u00e9t\u00e9 et les analyses politiques. Le site s\u2019adresse \u00e0 un large public francophone et couvre l\u2019information tunisienne en temps r\u00e9el.\",\"email\":\"redac@webdo.tn\",\"legalName\":\"YNJ SARL\",\"foundingDate\":\"2010-09-06\",\"numberOfEmployees\":{\"@type\":\"QuantitativeValue\",\"minValue\":\"11\",\"maxValue\":\"50\"}},{\"@type\":\"Person\",\"@id\":\"https:\\\/\\\/www.webdo.tn\\\/fr\\\/#\\\/schema\\\/person\\\/2c4929cbf5a809e3bd38617c6ce150f6\",\"name\":\"MC\",\"image\":{\"@type\":\"ImageObject\",\"inLanguage\":\"fr-FR\",\"@id\":\"https:\\\/\\\/secure.gravatar.com\\\/avatar\\\/a545bbb6f84efdd5553dbbc2895e3ca8f1d12c5215e00a041c9670b54aa9b18a?s=96&d=mm&r=g\",\"url\":\"https:\\\/\\\/secure.gravatar.com\\\/avatar\\\/a545bbb6f84efdd5553dbbc2895e3ca8f1d12c5215e00a041c9670b54aa9b18a?s=96&d=mm&r=g\",\"contentUrl\":\"https:\\\/\\\/secure.gravatar.com\\\/avatar\\\/a545bbb6f84efdd5553dbbc2895e3ca8f1d12c5215e00a041c9670b54aa9b18a?s=96&d=mm&r=g\",\"caption\":\"MC\"},\"url\":\"https:\\\/\\\/www.webdo.tn\\\/fr\\\/actualite\\\/author\\\/mc\\\/\"}]}<\/script>\n<!-- \/ Yoast SEO Premium plugin. -->","yoast_head_json":{"title":"Tunisie : En stage en France, la championne de lutte a pr\u00e9f\u00e9r\u00e9 \u00e9migrer clandestinement","description":"Une championne de lutte a profit\u00e9 d\u2019un tournoi en France pour \u00e9migrer clandestinement.","canonical":"https:\/\/www.webdo.tn\/fr\/actualite\/sport\/tunisie-en-stage-en-france-la-championne-de-lutte-a-prefere-emigrer-clandestinement\/212058\/","og_locale":"fr_FR","og_type":"article","og_title":"Tunisie : En stage en France, la championne de lutte a pr\u00e9f\u00e9r\u00e9 \u00e9migrer clandestinement","og_description":"Une championne de lutte a profit\u00e9 d\u2019un tournoi en France pour \u00e9migrer clandestinement.","og_url":"https:\/\/www.webdo.tn\/fr\/actualite\/sport\/tunisie-en-stage-en-france-la-championne-de-lutte-a-prefere-emigrer-clandestinement\/212058\/","og_site_name":"webdo","article_publisher":"https:\/\/www.facebook.com\/webdotn","article_published_time":"2024-02-05T14:36:00+00:00","article_modified_time":"2025-05-20T21:53:18+00:00","og_image":[{"width":750,"height":400,"url":"https:\/\/www.webdo.tn\/fr\/wp-content\/uploads\/2024\/02\/94708559eb001818ea6dd00ba3923a6c.jpg","type":"image\/jpeg"}],"author":"MC","twitter_card":"summary_large_image","twitter_creator":"@webdo_tn","twitter_site":"@webdo_tn","twitter_misc":{"\u00c9crit par":"MC","Dur\u00e9e de lecture estim\u00e9e":"1 minute"},"schema":{"@context":"https:\/\/schema.org","@graph":[{"@type":"NewsArticle","@id":"https:\/\/www.webdo.tn\/fr\/actualite\/sport\/tunisie-en-stage-en-france-la-championne-de-lutte-a-prefere-emigrer-clandestinement\/212058\/#article","isPartOf":{"@id":"https:\/\/www.webdo.tn\/fr\/actualite\/sport\/tunisie-en-stage-en-france-la-championne-de-lutte-a-prefere-emigrer-clandestinement\/212058\/"},"author":{"name":"MC","@id":"https:\/\/www.webdo.tn\/fr\/#\/schema\/person\/2c4929cbf5a809e3bd38617c6ce150f6"},"headline":"Tunisie : En stage en France, la championne de lutte a pr\u00e9f\u00e9r\u00e9 \u00e9migrer clandestinement","datePublished":"2024-02-05T14:36:00+00:00","dateModified":"2025-05-20T21:53:18+00:00","mainEntityOfPage":{"@id":"https:\/\/www.webdo.tn\/fr\/actualite\/sport\/tunisie-en-stage-en-france-la-championne-de-lutte-a-prefere-emigrer-clandestinement\/212058\/"},"wordCount":307,"commentCount":0,"publisher":{"@id":"https:\/\/www.webdo.tn\/fr\/#organization"},"image":{"@id":"https:\/\/www.webdo.tn\/fr\/actualite\/sport\/tunisie-en-stage-en-france-la-championne-de-lutte-a-prefere-emigrer-clandestinement\/212058\/#primaryimage"},"thumbnailUrl":"https:\/\/www.webdo.tn\/fr\/wp-content\/uploads\/2024\/02\/94708559eb001818ea6dd00ba3923a6c.jpg","keywords":["\u00e9migration clandestine","\u00e9migration irr\u00e9guli\u00e8re","france","lutte","stage","Tunisie"],"articleSection":["Sport"],"inLanguage":"fr-FR"},{"@type":"WebPage","@id":"https:\/\/www.webdo.tn\/fr\/actualite\/sport\/tunisie-en-stage-en-france-la-championne-de-lutte-a-prefere-emigrer-clandestinement\/212058\/","url":"https:\/\/www.webdo.tn\/fr\/actualite\/sport\/tunisie-en-stage-en-france-la-championne-de-lutte-a-prefere-emigrer-clandestinement\/212058\/","name":"Tunisie : En stage en France, la championne de lutte a pr\u00e9f\u00e9r\u00e9 \u00e9migrer clandestinement","isPartOf":{"@id":"https:\/\/www.webdo.tn\/fr\/#website"},"primaryImageOfPage":{"@id":"https:\/\/www.webdo.tn\/fr\/actualite\/sport\/tunisie-en-stage-en-france-la-championne-de-lutte-a-prefere-emigrer-clandestinement\/212058\/#primaryimage"},"image":{"@id":"https:\/\/www.webdo.tn\/fr\/actualite\/sport\/tunisie-en-stage-en-france-la-championne-de-lutte-a-prefere-emigrer-clandestinement\/212058\/#primaryimage"},"thumbnailUrl":"https:\/\/www.webdo.tn\/fr\/wp-content\/uploads\/2024\/02\/94708559eb001818ea6dd00ba3923a6c.jpg","datePublished":"2024-02-05T14:36:00+00:00","dateModified":"2025-05-20T21:53:18+00:00","description":"Une championne de lutte a profit\u00e9 d\u2019un tournoi en France pour \u00e9migrer clandestinement.","breadcrumb":{"@id":"https:\/\/www.webdo.tn\/fr\/actualite\/sport\/tunisie-en-stage-en-france-la-championne-de-lutte-a-prefere-emigrer-clandestinement\/212058\/#breadcrumb"},"inLanguage":"fr-FR","potentialAction":[{"@type":"ReadAction","target":["https:\/\/www.webdo.tn\/fr\/actualite\/sport\/tunisie-en-stage-en-france-la-championne-de-lutte-a-prefere-emigrer-clandestinement\/212058\/"]}]},{"@type":"ImageObject","inLanguage":"fr-FR","@id":"https:\/\/www.webdo.tn\/fr\/actualite\/sport\/tunisie-en-stage-en-france-la-championne-de-lutte-a-prefere-emigrer-clandestinement\/212058\/#primaryimage","url":"https:\/\/www.webdo.tn\/fr\/wp-content\/uploads\/2024\/02\/94708559eb001818ea6dd00ba3923a6c.jpg","contentUrl":"https:\/\/www.webdo.tn\/fr\/wp-content\/uploads\/2024\/02\/94708559eb001818ea6dd00ba3923a6c.jpg","width":750,"height":400,"caption":"Tunisie : En stage en France, la championne de lutte a pr\u00e9f\u00e9r\u00e9 \u00e9migrer clandestinement"},{"@type":"BreadcrumbList","@id":"https:\/\/www.webdo.tn\/fr\/actualite\/sport\/tunisie-en-stage-en-france-la-championne-de-lutte-a-prefere-emigrer-clandestinement\/212058\/#breadcrumb","itemListElement":[{"@type":"ListItem","position":1,"name":"Accueil","item":"https:\/\/www.webdo.tn\/fr\/"},{"@type":"ListItem","position":2,"name":"Tunisie : En stage en France, la championne de lutte a pr\u00e9f\u00e9r\u00e9 \u00e9migrer clandestinement"}]},{"@type":"WebSite","@id":"https:\/\/www.webdo.tn\/fr\/#website","url":"https:\/\/www.webdo.tn\/fr\/","name":"webdo","description":"Tunisie - News en Tunisie et \u00e0 l&#039;international sur Webdo.tn","publisher":{"@id":"https:\/\/www.webdo.tn\/fr\/#organization"},"potentialAction":[{"@type":"SearchAction","target":{"@type":"EntryPoint","urlTemplate":"https:\/\/www.webdo.tn\/fr\/?s={search_term_string}"},"query-input":{"@type":"PropertyValueSpecification","valueRequired":true,"valueName":"search_term_string"}}],"inLanguage":"fr-FR"},{"@type":"Organization","@id":"https:\/\/www.webdo.tn\/fr\/#organization","name":"Webdo","alternateName":"Webdo.tn","url":"https:\/\/www.webdo.tn\/fr\/","logo":{"@type":"ImageObject","inLanguage":"fr-FR","@id":"https:\/\/www.webdo.tn\/fr\/#\/schema\/logo\/image\/","url":"https:\/\/www.webdo.tn\/fr\/wp-content\/uploads\/2025\/06\/Webdo-Tunisie_168377.jpg","contentUrl":"https:\/\/www.webdo.tn\/fr\/wp-content\/uploads\/2025\/06\/Webdo-Tunisie_168377.jpg","width":301,"height":301,"caption":"Webdo"},"image":{"@id":"https:\/\/www.webdo.tn\/fr\/#\/schema\/logo\/image\/"},"sameAs":["https:\/\/www.facebook.com\/webdotn","https:\/\/x.com\/webdo_tn"],"description":"Webdo est un m\u00e9dia num\u00e9rique tunisien fond\u00e9 en 2010, sp\u00e9cialis\u00e9 dans l\u2019actualit\u00e9 nationale et internationale, l\u2019\u00e9conomie, la soci\u00e9t\u00e9 et les analyses politiques. Le site s\u2019adresse \u00e0 un large public francophone et couvre l\u2019information tunisienne en temps r\u00e9el.","email":"redac@webdo.tn","legalName":"YNJ SARL","foundingDate":"2010-09-06","numberOfEmployees":{"@type":"QuantitativeValue","minValue":"11","maxValue":"50"}},{"@type":"Person","@id":"https:\/\/www.webdo.tn\/fr\/#\/schema\/person\/2c4929cbf5a809e3bd38617c6ce150f6","name":"MC","image":{"@type":"ImageObject","inLanguage":"fr-FR","@id":"https:\/\/secure.gravatar.com\/avatar\/a545bbb6f84efdd5553dbbc2895e3ca8f1d12c5215e00a041c9670b54aa9b18a?s=96&d=mm&r=g","url":"https:\/\/secure.gravatar.com\/avatar\/a545bbb6f84efdd5553dbbc2895e3ca8f1d12c5215e00a041c9670b54aa9b18a?s=96&d=mm&r=g","contentUrl":"https:\/\/secure.gravatar.com\/avatar\/a545bbb6f84efdd5553dbbc2895e3ca8f1d12c5215e00a041c9670b54aa9b18a?s=96&d=mm&r=g","caption":"MC"},"url":"https:\/\/www.webdo.tn\/fr\/actualite\/author\/mc\/"}]}},"_links":{"self":[{"href":"https:\/\/www.webdo.tn\/fr\/wp-json\/wp\/v2\/posts\/212058","targetHints":{"allow":["GET"]}}],"collection":[{"href":"https:\/\/www.webdo.tn\/fr\/wp-json\/wp\/v2\/posts"}],"about":[{"href":"https:\/\/www.webdo.tn\/fr\/wp-json\/wp\/v2\/types\/post"}],"author":[{"embeddable":true,"href":"https:\/\/www.webdo.tn\/fr\/wp-json\/wp\/v2\/users\/3162"}],"replies":[{"embeddable":true,"href":"https:\/\/www.webdo.tn\/fr\/wp-json\/wp\/v2\/comments?post=212058"}],"version-history":[{"count":0,"href":"https:\/\/www.webdo.tn\/fr\/wp-json\/wp\/v2\/posts\/212058\/revisions"}],"wp:featuredmedia":[{"embeddable":true,"href":"https:\/\/www.webdo.tn\/fr\/wp-json\/wp\/v2\/media\/248074"}],"wp:attachment":[{"href":"https:\/\/www.webdo.tn\/fr\/wp-json\/wp\/v2\/media?parent=212058"}],"wp:term":[{"taxonomy":"category","embeddable":true,"href":"https:\/\/www.webdo.tn\/fr\/wp-json\/wp\/v2\/categories?post=212058"},{"taxonomy":"post_tag","embeddable":true,"href":"https:\/\/www.webdo.tn\/fr\/wp-json\/wp\/v2\/tags?post=212058"}],"curies":[{"name":"wp","href":"https:\/\/api.w.org\/{rel}","templated":true}]}}