{"id":212052,"date":"2024-02-05T10:50:00","date_gmt":"2024-02-05T10:50:00","guid":{"rendered":"https:\/\/www.webdo.tn\/fr\/blog\/tunisie-sidi-bouzid-une-ouvriere-agricole-tuee-et-une-trentaine-de-blesses-dans-un-accident\/212052\/"},"modified":"2025-05-20T21:53:17","modified_gmt":"2025-05-20T21:53:17","slug":"tunisie-sidi-bouzid-une-ouvriere-agricole-tuee-et-une-trentaine-de-blesses-dans-un-accident","status":"publish","type":"post","link":"https:\/\/www.webdo.tn\/fr\/actualite\/regions\/tunisie-sidi-bouzid-une-ouvriere-agricole-tuee-et-une-trentaine-de-blesses-dans-un-accident\/212052\/","title":{"rendered":"Tunisie &#8211; Sidi Bouzid : Une ouvri\u00e8re agricole tu\u00e9e et une trentaine de bless\u00e9es dans un accident"},"content":{"rendered":"<p>Nouveau drame de la route touchant des ouvri\u00e8res agricoles. A Sidi Bouzid, un nouvel accident a fait plusieurs victimes dont un d\u00e9c\u00e8s et une trentaine de bless\u00e9s.<\/p>\n<p>\t\t\t\t\t\t\t\t\tLe d\u00e9rapage d&rsquo;un camion de transport d&rsquo;ouvriers agricoles sur la route reliant Ouled Khalfa \u00e0 Jelma \u00e0 Sidi Bouzid a provoqu\u00e9, aujourd\u2019hui, le d\u00e9c\u00e8s d\u2019une ouvri\u00e8re agricole alors qu\u2019une trentaine, ont \u00e9t\u00e9 bless\u00e9es dans cet accident, a indiqu\u00e9, ce lundi 5 f\u00e9vrier 2024 sur les ondes de Mosaique fm, le Colonel Ziad Sdiri, directeur r\u00e9gional de la Protection Civile \u00e0 Sidi Bouzid.<\/p>\n<p>Les \u00e9quipes de la protection civile et huit ambulances, se sont rendues sur les lieux et tous les bless\u00e9s ont \u00e9t\u00e9 transport\u00e9s \u00e0 l&rsquo;h\u00f4pital local de Jelma et \u00e0 l&rsquo;h\u00f4pital r\u00e9gional de Sidi Bouzid. Parmi les passagers \u00e0 bord du camion, se trouvaient \u00e9galement deux enfants \u00e2g\u00e9s de cinq et six ans.<\/p>\n<p>Les accidents de la route dont sont victimes nos ouvri\u00e8res agricoles se suivent et se ressemblent et chaque jour apporte son lot d\u2019incidents, tout aussi identiques les uns que les autres.<\/p>\n<p>On ne compte plus le nombre d&rsquo;accidents ni celui des victimes. Des ouvri\u00e8res agricoles sont bless\u00e9es par dizaines chaque ann\u00e9e sans compter les morts<\/p>\n<p>L&rsquo;un des accidents les plus dramatiques a eu lieu en d\u00e9cembre 2020 lorsqu&rsquo;une collision entre un camion et un v\u00e9hicule transportant des ouvri\u00e8res agricoles \u00e0 Menzel Chaker dans le gouvernorat de Sfax, avait fait plusieurs morts.<\/p>\n<p>O\u00f9 en est-on en ce qui concerne la d\u00e9livrance des autorisations exceptionnelles pour le transport des ouvri\u00e8res agricoles, seul moyen l\u00e9gal de couvrir et d\u2019assurer les conditions de s\u00e9curit\u00e9 de ces ouvri\u00e8res ?<\/p>\n<p>La question du transport des ouvri\u00e8res agricoles dans ces conditions difficiles n&rsquo;est-elle pas une forme de traite des personnes ? A l&rsquo;heure o\u00f9 nos ouvri\u00e8res meurent sur les routes, personne ne bouge ne serait-ce que le petit doigts pour rem\u00e9dier \u00e0 un fl\u00e9au qui perdure.<\/p>\n","protected":false},"excerpt":{"rendered":"<p>Le d\u00e9rapage d&rsquo;un camion de transport d&rsquo;ouvriers agricoles \u00e0 Sidi Bouzid a provoqu\u00e9, aujourd\u2019hui, le d\u00e9c\u00e8s d\u2019une ouvri\u00e8re agricole.<\/p>\n","protected":false},"author":3162,"featured_media":248071,"comment_status":"open","ping_status":"closed","sticky":false,"template":"","format":"standard","meta":{"footnotes":""},"categories":[2595],"tags":[2928,2985,3991,2955,2818],"class_list":["post-212052","post","type-post","status-publish","format-standard","has-post-thumbnail","hentry","category-regions","tag-blesses","tag-mort","tag-ouvrieres-agricoles","tag-sidi-bouzid","tag-transport"],"yoast_head":"<!-- This site is optimized with the Yoast SEO Premium plugin v27.5 (Yoast SEO v27.5) - https:\/\/yoast.com\/product\/yoast-seo-premium-wordpress\/ -->\n<title>Tunisie - Sidi Bouzid : Une ouvri\u00e8re agricole tu\u00e9e et une trentaine de bless\u00e9es dans un accident<\/title>\n<meta name=\"description\" content=\"Le d\u00e9rapage d&#039;un camion de transport d&#039;ouvriers agricoles \u00e0 Sidi Bouzid a provoqu\u00e9, aujourd\u2019hui, le d\u00e9c\u00e8s d\u2019une ouvri\u00e8re agricole.\" \/>\n<link rel=\"canonical\" href=\"https:\/\/www.webdo.tn\/fr\/actualite\/regions\/tunisie-sidi-bouzid-une-ouvriere-agricole-tuee-et-une-trentaine-de-blesses-dans-un-accident\/212052\/\" \/>\n<meta property=\"og:locale\" content=\"fr_FR\" \/>\n<meta property=\"og:type\" content=\"article\" \/>\n<meta property=\"og:title\" content=\"Tunisie - Sidi Bouzid : Une ouvri\u00e8re agricole tu\u00e9e et une trentaine de bless\u00e9es dans un accident\" \/>\n<meta property=\"og:description\" content=\"Le d\u00e9rapage d&#039;un camion de transport d&#039;ouvriers agricoles \u00e0 Sidi Bouzid a provoqu\u00e9, aujourd\u2019hui, le d\u00e9c\u00e8s d\u2019une ouvri\u00e8re agricole.\" \/>\n<meta property=\"og:url\" content=\"https:\/\/www.webdo.tn\/fr\/actualite\/regions\/tunisie-sidi-bouzid-une-ouvriere-agricole-tuee-et-une-trentaine-de-blesses-dans-un-accident\/212052\/\" \/>\n<meta property=\"og:site_name\" content=\"webdo\" \/>\n<meta property=\"article:publisher\" content=\"https:\/\/www.facebook.com\/webdotn\" \/>\n<meta property=\"article:published_time\" content=\"2024-02-05T10:50:00+00:00\" \/>\n<meta property=\"article:modified_time\" content=\"2025-05-20T21:53:17+00:00\" \/>\n<meta property=\"og:image\" content=\"https:\/\/www.webdo.tn\/fr\/wp-content\/uploads\/2024\/02\/8d07ee4248f3dbe04aef828146d77497.jpg\" \/>\n\t<meta property=\"og:image:width\" content=\"750\" \/>\n\t<meta property=\"og:image:height\" content=\"400\" \/>\n\t<meta property=\"og:image:type\" content=\"image\/jpeg\" \/>\n<meta name=\"author\" content=\"MC\" \/>\n<meta name=\"twitter:card\" content=\"summary_large_image\" \/>\n<meta name=\"twitter:creator\" content=\"@webdo_tn\" \/>\n<meta name=\"twitter:site\" content=\"@webdo_tn\" \/>\n<meta name=\"twitter:label1\" content=\"\u00c9crit par\" \/>\n\t<meta name=\"twitter:data1\" content=\"MC\" \/>\n\t<meta name=\"twitter:label2\" content=\"Dur\u00e9e de lecture estim\u00e9e\" \/>\n\t<meta name=\"twitter:data2\" content=\"2 minutes\" \/>\n<script type=\"application\/ld+json\" class=\"yoast-schema-graph\">{\"@context\":\"https:\\\/\\\/schema.org\",\"@graph\":[{\"@type\":\"NewsArticle\",\"@id\":\"https:\\\/\\\/www.webdo.tn\\\/fr\\\/actualite\\\/regions\\\/tunisie-sidi-bouzid-une-ouvriere-agricole-tuee-et-une-trentaine-de-blesses-dans-un-accident\\\/212052\\\/#article\",\"isPartOf\":{\"@id\":\"https:\\\/\\\/www.webdo.tn\\\/fr\\\/actualite\\\/regions\\\/tunisie-sidi-bouzid-une-ouvriere-agricole-tuee-et-une-trentaine-de-blesses-dans-un-accident\\\/212052\\\/\"},\"author\":{\"name\":\"MC\",\"@id\":\"https:\\\/\\\/www.webdo.tn\\\/fr\\\/#\\\/schema\\\/person\\\/2c4929cbf5a809e3bd38617c6ce150f6\"},\"headline\":\"Tunisie &#8211; Sidi Bouzid : Une ouvri\u00e8re agricole tu\u00e9e et une trentaine de bless\u00e9es dans un accident\",\"datePublished\":\"2024-02-05T10:50:00+00:00\",\"dateModified\":\"2025-05-20T21:53:17+00:00\",\"mainEntityOfPage\":{\"@id\":\"https:\\\/\\\/www.webdo.tn\\\/fr\\\/actualite\\\/regions\\\/tunisie-sidi-bouzid-une-ouvriere-agricole-tuee-et-une-trentaine-de-blesses-dans-un-accident\\\/212052\\\/\"},\"wordCount\":363,\"commentCount\":0,\"publisher\":{\"@id\":\"https:\\\/\\\/www.webdo.tn\\\/fr\\\/#organization\"},\"image\":{\"@id\":\"https:\\\/\\\/www.webdo.tn\\\/fr\\\/actualite\\\/regions\\\/tunisie-sidi-bouzid-une-ouvriere-agricole-tuee-et-une-trentaine-de-blesses-dans-un-accident\\\/212052\\\/#primaryimage\"},\"thumbnailUrl\":\"https:\\\/\\\/www.webdo.tn\\\/fr\\\/wp-content\\\/uploads\\\/2024\\\/02\\\/8d07ee4248f3dbe04aef828146d77497.jpg\",\"keywords\":[\"bless\u00e9s\",\"mort\",\"ouvri\u00e8res agricoles\",\"Sidi Bouzid\",\"Transport\"],\"articleSection\":[\"regions\"],\"inLanguage\":\"fr-FR\"},{\"@type\":\"WebPage\",\"@id\":\"https:\\\/\\\/www.webdo.tn\\\/fr\\\/actualite\\\/regions\\\/tunisie-sidi-bouzid-une-ouvriere-agricole-tuee-et-une-trentaine-de-blesses-dans-un-accident\\\/212052\\\/\",\"url\":\"https:\\\/\\\/www.webdo.tn\\\/fr\\\/actualite\\\/regions\\\/tunisie-sidi-bouzid-une-ouvriere-agricole-tuee-et-une-trentaine-de-blesses-dans-un-accident\\\/212052\\\/\",\"name\":\"Tunisie - Sidi Bouzid : Une ouvri\u00e8re agricole tu\u00e9e et une trentaine de bless\u00e9es dans un accident\",\"isPartOf\":{\"@id\":\"https:\\\/\\\/www.webdo.tn\\\/fr\\\/#website\"},\"primaryImageOfPage\":{\"@id\":\"https:\\\/\\\/www.webdo.tn\\\/fr\\\/actualite\\\/regions\\\/tunisie-sidi-bouzid-une-ouvriere-agricole-tuee-et-une-trentaine-de-blesses-dans-un-accident\\\/212052\\\/#primaryimage\"},\"image\":{\"@id\":\"https:\\\/\\\/www.webdo.tn\\\/fr\\\/actualite\\\/regions\\\/tunisie-sidi-bouzid-une-ouvriere-agricole-tuee-et-une-trentaine-de-blesses-dans-un-accident\\\/212052\\\/#primaryimage\"},\"thumbnailUrl\":\"https:\\\/\\\/www.webdo.tn\\\/fr\\\/wp-content\\\/uploads\\\/2024\\\/02\\\/8d07ee4248f3dbe04aef828146d77497.jpg\",\"datePublished\":\"2024-02-05T10:50:00+00:00\",\"dateModified\":\"2025-05-20T21:53:17+00:00\",\"description\":\"Le d\u00e9rapage d'un camion de transport d'ouvriers agricoles \u00e0 Sidi Bouzid a provoqu\u00e9, aujourd\u2019hui, le d\u00e9c\u00e8s d\u2019une ouvri\u00e8re agricole.\",\"breadcrumb\":{\"@id\":\"https:\\\/\\\/www.webdo.tn\\\/fr\\\/actualite\\\/regions\\\/tunisie-sidi-bouzid-une-ouvriere-agricole-tuee-et-une-trentaine-de-blesses-dans-un-accident\\\/212052\\\/#breadcrumb\"},\"inLanguage\":\"fr-FR\",\"potentialAction\":[{\"@type\":\"ReadAction\",\"target\":[\"https:\\\/\\\/www.webdo.tn\\\/fr\\\/actualite\\\/regions\\\/tunisie-sidi-bouzid-une-ouvriere-agricole-tuee-et-une-trentaine-de-blesses-dans-un-accident\\\/212052\\\/\"]}]},{\"@type\":\"ImageObject\",\"inLanguage\":\"fr-FR\",\"@id\":\"https:\\\/\\\/www.webdo.tn\\\/fr\\\/actualite\\\/regions\\\/tunisie-sidi-bouzid-une-ouvriere-agricole-tuee-et-une-trentaine-de-blesses-dans-un-accident\\\/212052\\\/#primaryimage\",\"url\":\"https:\\\/\\\/www.webdo.tn\\\/fr\\\/wp-content\\\/uploads\\\/2024\\\/02\\\/8d07ee4248f3dbe04aef828146d77497.jpg\",\"contentUrl\":\"https:\\\/\\\/www.webdo.tn\\\/fr\\\/wp-content\\\/uploads\\\/2024\\\/02\\\/8d07ee4248f3dbe04aef828146d77497.jpg\",\"width\":750,\"height\":400,\"caption\":\"Tunisie - Sidi Bouzid : Une ouvri\u00e8re agricole tu\u00e9e et une trentaine de bless\u00e9es dans un accident\"},{\"@type\":\"BreadcrumbList\",\"@id\":\"https:\\\/\\\/www.webdo.tn\\\/fr\\\/actualite\\\/regions\\\/tunisie-sidi-bouzid-une-ouvriere-agricole-tuee-et-une-trentaine-de-blesses-dans-un-accident\\\/212052\\\/#breadcrumb\",\"itemListElement\":[{\"@type\":\"ListItem\",\"position\":1,\"name\":\"Accueil\",\"item\":\"https:\\\/\\\/www.webdo.tn\\\/fr\\\/\"},{\"@type\":\"ListItem\",\"position\":2,\"name\":\"Tunisie &#8211; Sidi Bouzid : Une ouvri\u00e8re agricole tu\u00e9e et une trentaine de bless\u00e9es dans un accident\"}]},{\"@type\":\"WebSite\",\"@id\":\"https:\\\/\\\/www.webdo.tn\\\/fr\\\/#website\",\"url\":\"https:\\\/\\\/www.webdo.tn\\\/fr\\\/\",\"name\":\"webdo\",\"description\":\"Tunisie - News en Tunisie et \u00e0 l&#039;international sur Webdo.tn\",\"publisher\":{\"@id\":\"https:\\\/\\\/www.webdo.tn\\\/fr\\\/#organization\"},\"potentialAction\":[{\"@type\":\"SearchAction\",\"target\":{\"@type\":\"EntryPoint\",\"urlTemplate\":\"https:\\\/\\\/www.webdo.tn\\\/fr\\\/?s={search_term_string}\"},\"query-input\":{\"@type\":\"PropertyValueSpecification\",\"valueRequired\":true,\"valueName\":\"search_term_string\"}}],\"inLanguage\":\"fr-FR\"},{\"@type\":\"Organization\",\"@id\":\"https:\\\/\\\/www.webdo.tn\\\/fr\\\/#organization\",\"name\":\"Webdo\",\"alternateName\":\"Webdo.tn\",\"url\":\"https:\\\/\\\/www.webdo.tn\\\/fr\\\/\",\"logo\":{\"@type\":\"ImageObject\",\"inLanguage\":\"fr-FR\",\"@id\":\"https:\\\/\\\/www.webdo.tn\\\/fr\\\/#\\\/schema\\\/logo\\\/image\\\/\",\"url\":\"https:\\\/\\\/www.webdo.tn\\\/fr\\\/wp-content\\\/uploads\\\/2025\\\/06\\\/Webdo-Tunisie_168377.jpg\",\"contentUrl\":\"https:\\\/\\\/www.webdo.tn\\\/fr\\\/wp-content\\\/uploads\\\/2025\\\/06\\\/Webdo-Tunisie_168377.jpg\",\"width\":301,\"height\":301,\"caption\":\"Webdo\"},\"image\":{\"@id\":\"https:\\\/\\\/www.webdo.tn\\\/fr\\\/#\\\/schema\\\/logo\\\/image\\\/\"},\"sameAs\":[\"https:\\\/\\\/www.facebook.com\\\/webdotn\",\"https:\\\/\\\/x.com\\\/webdo_tn\"],\"description\":\"Webdo est un m\u00e9dia num\u00e9rique tunisien fond\u00e9 en 2010, sp\u00e9cialis\u00e9 dans l\u2019actualit\u00e9 nationale et internationale, l\u2019\u00e9conomie, la soci\u00e9t\u00e9 et les analyses politiques. Le site s\u2019adresse \u00e0 un large public francophone et couvre l\u2019information tunisienne en temps r\u00e9el.\",\"email\":\"redac@webdo.tn\",\"legalName\":\"YNJ SARL\",\"foundingDate\":\"2010-09-06\",\"numberOfEmployees\":{\"@type\":\"QuantitativeValue\",\"minValue\":\"11\",\"maxValue\":\"50\"}},{\"@type\":\"Person\",\"@id\":\"https:\\\/\\\/www.webdo.tn\\\/fr\\\/#\\\/schema\\\/person\\\/2c4929cbf5a809e3bd38617c6ce150f6\",\"name\":\"MC\",\"image\":{\"@type\":\"ImageObject\",\"inLanguage\":\"fr-FR\",\"@id\":\"https:\\\/\\\/secure.gravatar.com\\\/avatar\\\/a545bbb6f84efdd5553dbbc2895e3ca8f1d12c5215e00a041c9670b54aa9b18a?s=96&d=mm&r=g\",\"url\":\"https:\\\/\\\/secure.gravatar.com\\\/avatar\\\/a545bbb6f84efdd5553dbbc2895e3ca8f1d12c5215e00a041c9670b54aa9b18a?s=96&d=mm&r=g\",\"contentUrl\":\"https:\\\/\\\/secure.gravatar.com\\\/avatar\\\/a545bbb6f84efdd5553dbbc2895e3ca8f1d12c5215e00a041c9670b54aa9b18a?s=96&d=mm&r=g\",\"caption\":\"MC\"},\"url\":\"https:\\\/\\\/www.webdo.tn\\\/fr\\\/actualite\\\/author\\\/mc\\\/\"}]}<\/script>\n<!-- \/ Yoast SEO Premium plugin. -->","yoast_head_json":{"title":"Tunisie - Sidi Bouzid : Une ouvri\u00e8re agricole tu\u00e9e et une trentaine de bless\u00e9es dans un accident","description":"Le d\u00e9rapage d'un camion de transport d'ouvriers agricoles \u00e0 Sidi Bouzid a provoqu\u00e9, aujourd\u2019hui, le d\u00e9c\u00e8s d\u2019une ouvri\u00e8re agricole.","canonical":"https:\/\/www.webdo.tn\/fr\/actualite\/regions\/tunisie-sidi-bouzid-une-ouvriere-agricole-tuee-et-une-trentaine-de-blesses-dans-un-accident\/212052\/","og_locale":"fr_FR","og_type":"article","og_title":"Tunisie - Sidi Bouzid : Une ouvri\u00e8re agricole tu\u00e9e et une trentaine de bless\u00e9es dans un accident","og_description":"Le d\u00e9rapage d'un camion de transport d'ouvriers agricoles \u00e0 Sidi Bouzid a provoqu\u00e9, aujourd\u2019hui, le d\u00e9c\u00e8s d\u2019une ouvri\u00e8re agricole.","og_url":"https:\/\/www.webdo.tn\/fr\/actualite\/regions\/tunisie-sidi-bouzid-une-ouvriere-agricole-tuee-et-une-trentaine-de-blesses-dans-un-accident\/212052\/","og_site_name":"webdo","article_publisher":"https:\/\/www.facebook.com\/webdotn","article_published_time":"2024-02-05T10:50:00+00:00","article_modified_time":"2025-05-20T21:53:17+00:00","og_image":[{"width":750,"height":400,"url":"https:\/\/www.webdo.tn\/fr\/wp-content\/uploads\/2024\/02\/8d07ee4248f3dbe04aef828146d77497.jpg","type":"image\/jpeg"}],"author":"MC","twitter_card":"summary_large_image","twitter_creator":"@webdo_tn","twitter_site":"@webdo_tn","twitter_misc":{"\u00c9crit par":"MC","Dur\u00e9e de lecture estim\u00e9e":"2 minutes"},"schema":{"@context":"https:\/\/schema.org","@graph":[{"@type":"NewsArticle","@id":"https:\/\/www.webdo.tn\/fr\/actualite\/regions\/tunisie-sidi-bouzid-une-ouvriere-agricole-tuee-et-une-trentaine-de-blesses-dans-un-accident\/212052\/#article","isPartOf":{"@id":"https:\/\/www.webdo.tn\/fr\/actualite\/regions\/tunisie-sidi-bouzid-une-ouvriere-agricole-tuee-et-une-trentaine-de-blesses-dans-un-accident\/212052\/"},"author":{"name":"MC","@id":"https:\/\/www.webdo.tn\/fr\/#\/schema\/person\/2c4929cbf5a809e3bd38617c6ce150f6"},"headline":"Tunisie &#8211; Sidi Bouzid : Une ouvri\u00e8re agricole tu\u00e9e et une trentaine de bless\u00e9es dans un accident","datePublished":"2024-02-05T10:50:00+00:00","dateModified":"2025-05-20T21:53:17+00:00","mainEntityOfPage":{"@id":"https:\/\/www.webdo.tn\/fr\/actualite\/regions\/tunisie-sidi-bouzid-une-ouvriere-agricole-tuee-et-une-trentaine-de-blesses-dans-un-accident\/212052\/"},"wordCount":363,"commentCount":0,"publisher":{"@id":"https:\/\/www.webdo.tn\/fr\/#organization"},"image":{"@id":"https:\/\/www.webdo.tn\/fr\/actualite\/regions\/tunisie-sidi-bouzid-une-ouvriere-agricole-tuee-et-une-trentaine-de-blesses-dans-un-accident\/212052\/#primaryimage"},"thumbnailUrl":"https:\/\/www.webdo.tn\/fr\/wp-content\/uploads\/2024\/02\/8d07ee4248f3dbe04aef828146d77497.jpg","keywords":["bless\u00e9s","mort","ouvri\u00e8res agricoles","Sidi Bouzid","Transport"],"articleSection":["regions"],"inLanguage":"fr-FR"},{"@type":"WebPage","@id":"https:\/\/www.webdo.tn\/fr\/actualite\/regions\/tunisie-sidi-bouzid-une-ouvriere-agricole-tuee-et-une-trentaine-de-blesses-dans-un-accident\/212052\/","url":"https:\/\/www.webdo.tn\/fr\/actualite\/regions\/tunisie-sidi-bouzid-une-ouvriere-agricole-tuee-et-une-trentaine-de-blesses-dans-un-accident\/212052\/","name":"Tunisie - Sidi Bouzid : Une ouvri\u00e8re agricole tu\u00e9e et une trentaine de bless\u00e9es dans un accident","isPartOf":{"@id":"https:\/\/www.webdo.tn\/fr\/#website"},"primaryImageOfPage":{"@id":"https:\/\/www.webdo.tn\/fr\/actualite\/regions\/tunisie-sidi-bouzid-une-ouvriere-agricole-tuee-et-une-trentaine-de-blesses-dans-un-accident\/212052\/#primaryimage"},"image":{"@id":"https:\/\/www.webdo.tn\/fr\/actualite\/regions\/tunisie-sidi-bouzid-une-ouvriere-agricole-tuee-et-une-trentaine-de-blesses-dans-un-accident\/212052\/#primaryimage"},"thumbnailUrl":"https:\/\/www.webdo.tn\/fr\/wp-content\/uploads\/2024\/02\/8d07ee4248f3dbe04aef828146d77497.jpg","datePublished":"2024-02-05T10:50:00+00:00","dateModified":"2025-05-20T21:53:17+00:00","description":"Le d\u00e9rapage d'un camion de transport d'ouvriers agricoles \u00e0 Sidi Bouzid a provoqu\u00e9, aujourd\u2019hui, le d\u00e9c\u00e8s d\u2019une ouvri\u00e8re agricole.","breadcrumb":{"@id":"https:\/\/www.webdo.tn\/fr\/actualite\/regions\/tunisie-sidi-bouzid-une-ouvriere-agricole-tuee-et-une-trentaine-de-blesses-dans-un-accident\/212052\/#breadcrumb"},"inLanguage":"fr-FR","potentialAction":[{"@type":"ReadAction","target":["https:\/\/www.webdo.tn\/fr\/actualite\/regions\/tunisie-sidi-bouzid-une-ouvriere-agricole-tuee-et-une-trentaine-de-blesses-dans-un-accident\/212052\/"]}]},{"@type":"ImageObject","inLanguage":"fr-FR","@id":"https:\/\/www.webdo.tn\/fr\/actualite\/regions\/tunisie-sidi-bouzid-une-ouvriere-agricole-tuee-et-une-trentaine-de-blesses-dans-un-accident\/212052\/#primaryimage","url":"https:\/\/www.webdo.tn\/fr\/wp-content\/uploads\/2024\/02\/8d07ee4248f3dbe04aef828146d77497.jpg","contentUrl":"https:\/\/www.webdo.tn\/fr\/wp-content\/uploads\/2024\/02\/8d07ee4248f3dbe04aef828146d77497.jpg","width":750,"height":400,"caption":"Tunisie - Sidi Bouzid : Une ouvri\u00e8re agricole tu\u00e9e et une trentaine de bless\u00e9es dans un accident"},{"@type":"BreadcrumbList","@id":"https:\/\/www.webdo.tn\/fr\/actualite\/regions\/tunisie-sidi-bouzid-une-ouvriere-agricole-tuee-et-une-trentaine-de-blesses-dans-un-accident\/212052\/#breadcrumb","itemListElement":[{"@type":"ListItem","position":1,"name":"Accueil","item":"https:\/\/www.webdo.tn\/fr\/"},{"@type":"ListItem","position":2,"name":"Tunisie &#8211; Sidi Bouzid : Une ouvri\u00e8re agricole tu\u00e9e et une trentaine de bless\u00e9es dans un accident"}]},{"@type":"WebSite","@id":"https:\/\/www.webdo.tn\/fr\/#website","url":"https:\/\/www.webdo.tn\/fr\/","name":"webdo","description":"Tunisie - News en Tunisie et \u00e0 l&#039;international sur Webdo.tn","publisher":{"@id":"https:\/\/www.webdo.tn\/fr\/#organization"},"potentialAction":[{"@type":"SearchAction","target":{"@type":"EntryPoint","urlTemplate":"https:\/\/www.webdo.tn\/fr\/?s={search_term_string}"},"query-input":{"@type":"PropertyValueSpecification","valueRequired":true,"valueName":"search_term_string"}}],"inLanguage":"fr-FR"},{"@type":"Organization","@id":"https:\/\/www.webdo.tn\/fr\/#organization","name":"Webdo","alternateName":"Webdo.tn","url":"https:\/\/www.webdo.tn\/fr\/","logo":{"@type":"ImageObject","inLanguage":"fr-FR","@id":"https:\/\/www.webdo.tn\/fr\/#\/schema\/logo\/image\/","url":"https:\/\/www.webdo.tn\/fr\/wp-content\/uploads\/2025\/06\/Webdo-Tunisie_168377.jpg","contentUrl":"https:\/\/www.webdo.tn\/fr\/wp-content\/uploads\/2025\/06\/Webdo-Tunisie_168377.jpg","width":301,"height":301,"caption":"Webdo"},"image":{"@id":"https:\/\/www.webdo.tn\/fr\/#\/schema\/logo\/image\/"},"sameAs":["https:\/\/www.facebook.com\/webdotn","https:\/\/x.com\/webdo_tn"],"description":"Webdo est un m\u00e9dia num\u00e9rique tunisien fond\u00e9 en 2010, sp\u00e9cialis\u00e9 dans l\u2019actualit\u00e9 nationale et internationale, l\u2019\u00e9conomie, la soci\u00e9t\u00e9 et les analyses politiques. Le site s\u2019adresse \u00e0 un large public francophone et couvre l\u2019information tunisienne en temps r\u00e9el.","email":"redac@webdo.tn","legalName":"YNJ SARL","foundingDate":"2010-09-06","numberOfEmployees":{"@type":"QuantitativeValue","minValue":"11","maxValue":"50"}},{"@type":"Person","@id":"https:\/\/www.webdo.tn\/fr\/#\/schema\/person\/2c4929cbf5a809e3bd38617c6ce150f6","name":"MC","image":{"@type":"ImageObject","inLanguage":"fr-FR","@id":"https:\/\/secure.gravatar.com\/avatar\/a545bbb6f84efdd5553dbbc2895e3ca8f1d12c5215e00a041c9670b54aa9b18a?s=96&d=mm&r=g","url":"https:\/\/secure.gravatar.com\/avatar\/a545bbb6f84efdd5553dbbc2895e3ca8f1d12c5215e00a041c9670b54aa9b18a?s=96&d=mm&r=g","contentUrl":"https:\/\/secure.gravatar.com\/avatar\/a545bbb6f84efdd5553dbbc2895e3ca8f1d12c5215e00a041c9670b54aa9b18a?s=96&d=mm&r=g","caption":"MC"},"url":"https:\/\/www.webdo.tn\/fr\/actualite\/author\/mc\/"}]}},"_links":{"self":[{"href":"https:\/\/www.webdo.tn\/fr\/wp-json\/wp\/v2\/posts\/212052","targetHints":{"allow":["GET"]}}],"collection":[{"href":"https:\/\/www.webdo.tn\/fr\/wp-json\/wp\/v2\/posts"}],"about":[{"href":"https:\/\/www.webdo.tn\/fr\/wp-json\/wp\/v2\/types\/post"}],"author":[{"embeddable":true,"href":"https:\/\/www.webdo.tn\/fr\/wp-json\/wp\/v2\/users\/3162"}],"replies":[{"embeddable":true,"href":"https:\/\/www.webdo.tn\/fr\/wp-json\/wp\/v2\/comments?post=212052"}],"version-history":[{"count":0,"href":"https:\/\/www.webdo.tn\/fr\/wp-json\/wp\/v2\/posts\/212052\/revisions"}],"wp:featuredmedia":[{"embeddable":true,"href":"https:\/\/www.webdo.tn\/fr\/wp-json\/wp\/v2\/media\/248071"}],"wp:attachment":[{"href":"https:\/\/www.webdo.tn\/fr\/wp-json\/wp\/v2\/media?parent=212052"}],"wp:term":[{"taxonomy":"category","embeddable":true,"href":"https:\/\/www.webdo.tn\/fr\/wp-json\/wp\/v2\/categories?post=212052"},{"taxonomy":"post_tag","embeddable":true,"href":"https:\/\/www.webdo.tn\/fr\/wp-json\/wp\/v2\/tags?post=212052"}],"curies":[{"name":"wp","href":"https:\/\/api.w.org\/{rel}","templated":true}]}}