{"id":212041,"date":"2024-02-04T14:47:00","date_gmt":"2024-02-04T14:47:00","guid":{"rendered":"https:\/\/www.webdo.tn\/fr\/blog\/foot-a-la-tele-quatre-gros-chocs-ce-dimanche-en-europe\/212041\/"},"modified":"2025-05-20T21:53:22","modified_gmt":"2025-05-20T21:53:22","slug":"foot-a-la-tele-quatre-gros-chocs-ce-dimanche-en-europe","status":"publish","type":"post","link":"https:\/\/www.webdo.tn\/fr\/actualite\/sport\/foot-a-la-tele-quatre-gros-chocs-ce-dimanche-en-europe\/212041\/","title":{"rendered":"Foot \u00e0 la t\u00e9l\u00e9 : Quatre gros chocs, ce dimanche en Europe"},"content":{"rendered":"<p>Le programme des diff\u00e9rents championnats europ\u00e9ens nous propose un plateau de choix ce dimanche 5 f\u00e9vrier avec une programmation all\u00e9chante en Italie, en Angleterre, en Espagne et en France.<\/p>\n<p>\t\t\t\t\t\t\t\t\tPremier League (23\u00e8me journ\u00e9e) : Arsenal &#8211; Liverpool \u00e0 l\u2019affiche<\/p>\n<p>\t15h00 : Bournemouth &#8211; Nottingham (beIN Sports ar 6, Multisports 1, DAZN 4 Espagne, Sky Sport Allemagne 6)<br \/>\n\t15h00 : Chelsea &#8211; Wolverhampton (beIN Sports ar 2, Canal+ Foot, DAZN 3 Espagne, Sky Sport Mix, Sky Sport Calcio)<br \/>\n\t15h00 : Manchester United &#8211; West Ham (beIN Sports ar 1, Canal+, DAZN 1 Espagne, Sky Sport Top Event, Sky Sport Premier Leagye, Sky Sport Uno)<br \/>\n\t17h30 : Arsenal &#8211; Liverpool (beIN Sports ar 1, Canal+, DAZN 1 Espagne, Sky Sport Top Event, Sky Sport Premier League, Sky Sport Autriche 1, Sky Sport Uno)<\/p>\n<p>LaLiga (23\u00e8me journ\u00e9e) : Derby Real Madrid &#8211; Atl\u00e9tico Madrid<\/p>\n<p>\t16h15 : Osasuna &#8211; Celta Vigo (beIN Sports ar 3, beIN Sports fr 6, Movistar LaLiga)<br \/>\n\t18h30 : Betis &#8211; Getafe (beIN Sports ar 3, beIN Sports fr 4, DAZN LaLiga)<br \/>\n\t21h00 : Real Madrid &#8211; Atl\u00e9tico de Madrid (beIN Sports ar 1, beIN Sports fr 1, Movistar LaLiga, DAZN 1 Allemagne)<\/p>\n<p>Serie A (23\u00e8me journ\u00e9e) : Inter &#8211; Juve en vedette<\/p>\n<p>\t15h00 : Naples &#8211; Hellas V\u00e9rone (AD Sports Premium 1, beIN Sports fr 4, Movistar Liga de Campeones, Sport TV 3, DAZN 1 Allemagne))<br \/>\n\t18h00 : Atalanta Bergame &#8211; Lazio Rome (AD Sports Premium 1, beIN Sports fr 1, Movistar Liga de Campeones, DAZN 2 Allemagne)<br \/>\n\t20h45 : Inter &#8211; Juventus Turin (AD Sports Premium 1, beIN Sports fr 2, Movistar Liga de Campeones, Sport TV 2)<\/p>\n<p>Ligue 1 (20\u00e8me journ\u00e9e) : Lyon &#8211; Marseille, le choc<\/p>\n<p>\t15h00 : Reims &#8211; Toulouse (beIN Sports ar 9, Prime Vid\u00e9o)<br \/>\n\t17h05 : Brest &#8211; Nice (beIN Sports ar 4, Prime Vid\u00e9o, Canal+ Foot, Sky Sport Calcio)<br \/>\n\t20h45 : Lyon &#8211; Marseille (beIN Sports ar 4, Prime Vid\u00e9o, Eurosports 2 Espagne, Sky Sport Calcio)<\/p>\n<p>Bundesliga (20\u00e8me journ\u00e9e) : RB Leipzig &#8211; Union Berlin, affiche du jour<\/p>\n<p>\t15h30 : Wolfsburg &#8211; Hoffenheim (beIN Sports ar 5, beIN Sports fr 5, DAZN 2 Allemagne)<br \/>\n\t17h30 : RB Leipzig &#8211; Union Berlin (beIN Sports ar 2, beIN Sports fr 7, Vamos, Movistar Liga de Campeones 2, DAZN 1 Allemagne)<\/p>\n","protected":false},"excerpt":{"rendered":"<p>Le programme des diff\u00e9rents championnats europ\u00e9ens nous propose un plateau de choix ce dimanche 5 f\u00e9vrier avec une programmation all\u00e9chante en Italie, en Anglet&#8230;<\/p>\n","protected":false},"author":3162,"featured_media":248090,"comment_status":"open","ping_status":"closed","sticky":false,"template":"","format":"standard","meta":{"footnotes":""},"categories":[2593],"tags":[2778,2622,2801],"class_list":["post-212041","post","type-post","status-publish","format-standard","has-post-thumbnail","hentry","category-sport","tag-championnat","tag-football","tag-retransmission-tv"],"yoast_head":"<!-- This site is optimized with the Yoast SEO Premium plugin v27.4 (Yoast SEO v27.5) - https:\/\/yoast.com\/product\/yoast-seo-premium-wordpress\/ -->\n<title>Foot \u00e0 la t\u00e9l\u00e9 : Quatre gros chocs, ce dimanche en Europe<\/title>\n<meta name=\"description\" content=\"Le programme des diff\u00e9rents championnats europ\u00e9ens nous propose un plateau de choix ce dimanche 5 f\u00e9vrier avec une programmation all\u00e9chante en Italie, en Anglet...\" \/>\n<link rel=\"canonical\" href=\"https:\/\/www.webdo.tn\/fr\/actualite\/sport\/foot-a-la-tele-quatre-gros-chocs-ce-dimanche-en-europe\/212041\/\" \/>\n<meta property=\"og:locale\" content=\"fr_FR\" \/>\n<meta property=\"og:type\" content=\"article\" \/>\n<meta property=\"og:title\" content=\"Foot \u00e0 la t\u00e9l\u00e9 : Quatre gros chocs, ce dimanche en Europe\" \/>\n<meta property=\"og:description\" content=\"Le programme des diff\u00e9rents championnats europ\u00e9ens nous propose un plateau de choix ce dimanche 5 f\u00e9vrier avec une programmation all\u00e9chante en Italie, en Anglet...\" \/>\n<meta property=\"og:url\" content=\"https:\/\/www.webdo.tn\/fr\/actualite\/sport\/foot-a-la-tele-quatre-gros-chocs-ce-dimanche-en-europe\/212041\/\" \/>\n<meta property=\"og:site_name\" content=\"webdo\" \/>\n<meta property=\"article:publisher\" content=\"https:\/\/www.facebook.com\/webdotn\" \/>\n<meta property=\"article:published_time\" content=\"2024-02-04T14:47:00+00:00\" \/>\n<meta property=\"article:modified_time\" content=\"2025-05-20T21:53:22+00:00\" \/>\n<meta property=\"og:image\" content=\"https:\/\/www.webdo.tn\/fr\/wp-content\/uploads\/2024\/02\/ad159e987b6599dce3aa437845a6fb06.jpg\" \/>\n\t<meta property=\"og:image:width\" content=\"750\" \/>\n\t<meta property=\"og:image:height\" content=\"400\" \/>\n\t<meta property=\"og:image:type\" content=\"image\/jpeg\" \/>\n<meta name=\"author\" content=\"MC\" \/>\n<meta name=\"twitter:card\" content=\"summary_large_image\" \/>\n<meta name=\"twitter:creator\" content=\"@webdo_tn\" \/>\n<meta name=\"twitter:site\" content=\"@webdo_tn\" \/>\n<meta name=\"twitter:label1\" content=\"\u00c9crit par\" \/>\n\t<meta name=\"twitter:data1\" content=\"MC\" \/>\n\t<meta name=\"twitter:label2\" content=\"Dur\u00e9e de lecture estim\u00e9e\" \/>\n\t<meta name=\"twitter:data2\" content=\"2 minutes\" \/>\n<script type=\"application\/ld+json\" class=\"yoast-schema-graph\">{\"@context\":\"https:\\\/\\\/schema.org\",\"@graph\":[{\"@type\":\"NewsArticle\",\"@id\":\"https:\\\/\\\/www.webdo.tn\\\/fr\\\/actualite\\\/sport\\\/foot-a-la-tele-quatre-gros-chocs-ce-dimanche-en-europe\\\/212041\\\/#article\",\"isPartOf\":{\"@id\":\"https:\\\/\\\/www.webdo.tn\\\/fr\\\/actualite\\\/sport\\\/foot-a-la-tele-quatre-gros-chocs-ce-dimanche-en-europe\\\/212041\\\/\"},\"author\":{\"name\":\"MC\",\"@id\":\"https:\\\/\\\/www.webdo.tn\\\/fr\\\/#\\\/schema\\\/person\\\/2c4929cbf5a809e3bd38617c6ce150f6\"},\"headline\":\"Foot \u00e0 la t\u00e9l\u00e9 : Quatre gros chocs, ce dimanche en Europe\",\"datePublished\":\"2024-02-04T14:47:00+00:00\",\"dateModified\":\"2025-05-20T21:53:22+00:00\",\"mainEntityOfPage\":{\"@id\":\"https:\\\/\\\/www.webdo.tn\\\/fr\\\/actualite\\\/sport\\\/foot-a-la-tele-quatre-gros-chocs-ce-dimanche-en-europe\\\/212041\\\/\"},\"wordCount\":341,\"commentCount\":0,\"publisher\":{\"@id\":\"https:\\\/\\\/www.webdo.tn\\\/fr\\\/#organization\"},\"image\":{\"@id\":\"https:\\\/\\\/www.webdo.tn\\\/fr\\\/actualite\\\/sport\\\/foot-a-la-tele-quatre-gros-chocs-ce-dimanche-en-europe\\\/212041\\\/#primaryimage\"},\"thumbnailUrl\":\"https:\\\/\\\/www.webdo.tn\\\/fr\\\/wp-content\\\/uploads\\\/2024\\\/02\\\/ad159e987b6599dce3aa437845a6fb06.jpg\",\"keywords\":[\"championnat\",\"football\",\"retransmission tv\"],\"articleSection\":[\"Sport\"],\"inLanguage\":\"fr-FR\"},{\"@type\":\"WebPage\",\"@id\":\"https:\\\/\\\/www.webdo.tn\\\/fr\\\/actualite\\\/sport\\\/foot-a-la-tele-quatre-gros-chocs-ce-dimanche-en-europe\\\/212041\\\/\",\"url\":\"https:\\\/\\\/www.webdo.tn\\\/fr\\\/actualite\\\/sport\\\/foot-a-la-tele-quatre-gros-chocs-ce-dimanche-en-europe\\\/212041\\\/\",\"name\":\"Foot \u00e0 la t\u00e9l\u00e9 : Quatre gros chocs, ce dimanche en Europe\",\"isPartOf\":{\"@id\":\"https:\\\/\\\/www.webdo.tn\\\/fr\\\/#website\"},\"primaryImageOfPage\":{\"@id\":\"https:\\\/\\\/www.webdo.tn\\\/fr\\\/actualite\\\/sport\\\/foot-a-la-tele-quatre-gros-chocs-ce-dimanche-en-europe\\\/212041\\\/#primaryimage\"},\"image\":{\"@id\":\"https:\\\/\\\/www.webdo.tn\\\/fr\\\/actualite\\\/sport\\\/foot-a-la-tele-quatre-gros-chocs-ce-dimanche-en-europe\\\/212041\\\/#primaryimage\"},\"thumbnailUrl\":\"https:\\\/\\\/www.webdo.tn\\\/fr\\\/wp-content\\\/uploads\\\/2024\\\/02\\\/ad159e987b6599dce3aa437845a6fb06.jpg\",\"datePublished\":\"2024-02-04T14:47:00+00:00\",\"dateModified\":\"2025-05-20T21:53:22+00:00\",\"description\":\"Le programme des diff\u00e9rents championnats europ\u00e9ens nous propose un plateau de choix ce dimanche 5 f\u00e9vrier avec une programmation all\u00e9chante en Italie, en Anglet...\",\"breadcrumb\":{\"@id\":\"https:\\\/\\\/www.webdo.tn\\\/fr\\\/actualite\\\/sport\\\/foot-a-la-tele-quatre-gros-chocs-ce-dimanche-en-europe\\\/212041\\\/#breadcrumb\"},\"inLanguage\":\"fr-FR\",\"potentialAction\":[{\"@type\":\"ReadAction\",\"target\":[\"https:\\\/\\\/www.webdo.tn\\\/fr\\\/actualite\\\/sport\\\/foot-a-la-tele-quatre-gros-chocs-ce-dimanche-en-europe\\\/212041\\\/\"]}]},{\"@type\":\"ImageObject\",\"inLanguage\":\"fr-FR\",\"@id\":\"https:\\\/\\\/www.webdo.tn\\\/fr\\\/actualite\\\/sport\\\/foot-a-la-tele-quatre-gros-chocs-ce-dimanche-en-europe\\\/212041\\\/#primaryimage\",\"url\":\"https:\\\/\\\/www.webdo.tn\\\/fr\\\/wp-content\\\/uploads\\\/2024\\\/02\\\/ad159e987b6599dce3aa437845a6fb06.jpg\",\"contentUrl\":\"https:\\\/\\\/www.webdo.tn\\\/fr\\\/wp-content\\\/uploads\\\/2024\\\/02\\\/ad159e987b6599dce3aa437845a6fb06.jpg\",\"width\":750,\"height\":400,\"caption\":\"Foot \u00e0 la t\u00e9l\u00e9 : Quatre gros chocs, ce dimanche en Europe\"},{\"@type\":\"BreadcrumbList\",\"@id\":\"https:\\\/\\\/www.webdo.tn\\\/fr\\\/actualite\\\/sport\\\/foot-a-la-tele-quatre-gros-chocs-ce-dimanche-en-europe\\\/212041\\\/#breadcrumb\",\"itemListElement\":[{\"@type\":\"ListItem\",\"position\":1,\"name\":\"Accueil\",\"item\":\"https:\\\/\\\/www.webdo.tn\\\/fr\\\/\"},{\"@type\":\"ListItem\",\"position\":2,\"name\":\"Foot \u00e0 la t\u00e9l\u00e9 : Quatre gros chocs, ce dimanche en Europe\"}]},{\"@type\":\"WebSite\",\"@id\":\"https:\\\/\\\/www.webdo.tn\\\/fr\\\/#website\",\"url\":\"https:\\\/\\\/www.webdo.tn\\\/fr\\\/\",\"name\":\"webdo\",\"description\":\"Tunisie - News en Tunisie et \u00e0 l&#039;international sur Webdo.tn\",\"publisher\":{\"@id\":\"https:\\\/\\\/www.webdo.tn\\\/fr\\\/#organization\"},\"potentialAction\":[{\"@type\":\"SearchAction\",\"target\":{\"@type\":\"EntryPoint\",\"urlTemplate\":\"https:\\\/\\\/www.webdo.tn\\\/fr\\\/?s={search_term_string}\"},\"query-input\":{\"@type\":\"PropertyValueSpecification\",\"valueRequired\":true,\"valueName\":\"search_term_string\"}}],\"inLanguage\":\"fr-FR\"},{\"@type\":\"Organization\",\"@id\":\"https:\\\/\\\/www.webdo.tn\\\/fr\\\/#organization\",\"name\":\"Webdo\",\"alternateName\":\"Webdo.tn\",\"url\":\"https:\\\/\\\/www.webdo.tn\\\/fr\\\/\",\"logo\":{\"@type\":\"ImageObject\",\"inLanguage\":\"fr-FR\",\"@id\":\"https:\\\/\\\/www.webdo.tn\\\/fr\\\/#\\\/schema\\\/logo\\\/image\\\/\",\"url\":\"https:\\\/\\\/www.webdo.tn\\\/fr\\\/wp-content\\\/uploads\\\/2025\\\/06\\\/Webdo-Tunisie_168377.jpg\",\"contentUrl\":\"https:\\\/\\\/www.webdo.tn\\\/fr\\\/wp-content\\\/uploads\\\/2025\\\/06\\\/Webdo-Tunisie_168377.jpg\",\"width\":301,\"height\":301,\"caption\":\"Webdo\"},\"image\":{\"@id\":\"https:\\\/\\\/www.webdo.tn\\\/fr\\\/#\\\/schema\\\/logo\\\/image\\\/\"},\"sameAs\":[\"https:\\\/\\\/www.facebook.com\\\/webdotn\",\"https:\\\/\\\/x.com\\\/webdo_tn\"],\"description\":\"Webdo est un m\u00e9dia num\u00e9rique tunisien fond\u00e9 en 2010, sp\u00e9cialis\u00e9 dans l\u2019actualit\u00e9 nationale et internationale, l\u2019\u00e9conomie, la soci\u00e9t\u00e9 et les analyses politiques. Le site s\u2019adresse \u00e0 un large public francophone et couvre l\u2019information tunisienne en temps r\u00e9el.\",\"email\":\"redac@webdo.tn\",\"legalName\":\"YNJ SARL\",\"foundingDate\":\"2010-09-06\",\"numberOfEmployees\":{\"@type\":\"QuantitativeValue\",\"minValue\":\"11\",\"maxValue\":\"50\"}},{\"@type\":\"Person\",\"@id\":\"https:\\\/\\\/www.webdo.tn\\\/fr\\\/#\\\/schema\\\/person\\\/2c4929cbf5a809e3bd38617c6ce150f6\",\"name\":\"MC\",\"image\":{\"@type\":\"ImageObject\",\"inLanguage\":\"fr-FR\",\"@id\":\"https:\\\/\\\/secure.gravatar.com\\\/avatar\\\/a545bbb6f84efdd5553dbbc2895e3ca8f1d12c5215e00a041c9670b54aa9b18a?s=96&d=mm&r=g\",\"url\":\"https:\\\/\\\/secure.gravatar.com\\\/avatar\\\/a545bbb6f84efdd5553dbbc2895e3ca8f1d12c5215e00a041c9670b54aa9b18a?s=96&d=mm&r=g\",\"contentUrl\":\"https:\\\/\\\/secure.gravatar.com\\\/avatar\\\/a545bbb6f84efdd5553dbbc2895e3ca8f1d12c5215e00a041c9670b54aa9b18a?s=96&d=mm&r=g\",\"caption\":\"MC\"},\"url\":\"https:\\\/\\\/www.webdo.tn\\\/fr\\\/actualite\\\/author\\\/mc\\\/\"}]}<\/script>\n<!-- \/ Yoast SEO Premium plugin. -->","yoast_head_json":{"title":"Foot \u00e0 la t\u00e9l\u00e9 : Quatre gros chocs, ce dimanche en Europe","description":"Le programme des diff\u00e9rents championnats europ\u00e9ens nous propose un plateau de choix ce dimanche 5 f\u00e9vrier avec une programmation all\u00e9chante en Italie, en Anglet...","canonical":"https:\/\/www.webdo.tn\/fr\/actualite\/sport\/foot-a-la-tele-quatre-gros-chocs-ce-dimanche-en-europe\/212041\/","og_locale":"fr_FR","og_type":"article","og_title":"Foot \u00e0 la t\u00e9l\u00e9 : Quatre gros chocs, ce dimanche en Europe","og_description":"Le programme des diff\u00e9rents championnats europ\u00e9ens nous propose un plateau de choix ce dimanche 5 f\u00e9vrier avec une programmation all\u00e9chante en Italie, en Anglet...","og_url":"https:\/\/www.webdo.tn\/fr\/actualite\/sport\/foot-a-la-tele-quatre-gros-chocs-ce-dimanche-en-europe\/212041\/","og_site_name":"webdo","article_publisher":"https:\/\/www.facebook.com\/webdotn","article_published_time":"2024-02-04T14:47:00+00:00","article_modified_time":"2025-05-20T21:53:22+00:00","og_image":[{"width":750,"height":400,"url":"https:\/\/www.webdo.tn\/fr\/wp-content\/uploads\/2024\/02\/ad159e987b6599dce3aa437845a6fb06.jpg","type":"image\/jpeg"}],"author":"MC","twitter_card":"summary_large_image","twitter_creator":"@webdo_tn","twitter_site":"@webdo_tn","twitter_misc":{"\u00c9crit par":"MC","Dur\u00e9e de lecture estim\u00e9e":"2 minutes"},"schema":{"@context":"https:\/\/schema.org","@graph":[{"@type":"NewsArticle","@id":"https:\/\/www.webdo.tn\/fr\/actualite\/sport\/foot-a-la-tele-quatre-gros-chocs-ce-dimanche-en-europe\/212041\/#article","isPartOf":{"@id":"https:\/\/www.webdo.tn\/fr\/actualite\/sport\/foot-a-la-tele-quatre-gros-chocs-ce-dimanche-en-europe\/212041\/"},"author":{"name":"MC","@id":"https:\/\/www.webdo.tn\/fr\/#\/schema\/person\/2c4929cbf5a809e3bd38617c6ce150f6"},"headline":"Foot \u00e0 la t\u00e9l\u00e9 : Quatre gros chocs, ce dimanche en Europe","datePublished":"2024-02-04T14:47:00+00:00","dateModified":"2025-05-20T21:53:22+00:00","mainEntityOfPage":{"@id":"https:\/\/www.webdo.tn\/fr\/actualite\/sport\/foot-a-la-tele-quatre-gros-chocs-ce-dimanche-en-europe\/212041\/"},"wordCount":341,"commentCount":0,"publisher":{"@id":"https:\/\/www.webdo.tn\/fr\/#organization"},"image":{"@id":"https:\/\/www.webdo.tn\/fr\/actualite\/sport\/foot-a-la-tele-quatre-gros-chocs-ce-dimanche-en-europe\/212041\/#primaryimage"},"thumbnailUrl":"https:\/\/www.webdo.tn\/fr\/wp-content\/uploads\/2024\/02\/ad159e987b6599dce3aa437845a6fb06.jpg","keywords":["championnat","football","retransmission tv"],"articleSection":["Sport"],"inLanguage":"fr-FR"},{"@type":"WebPage","@id":"https:\/\/www.webdo.tn\/fr\/actualite\/sport\/foot-a-la-tele-quatre-gros-chocs-ce-dimanche-en-europe\/212041\/","url":"https:\/\/www.webdo.tn\/fr\/actualite\/sport\/foot-a-la-tele-quatre-gros-chocs-ce-dimanche-en-europe\/212041\/","name":"Foot \u00e0 la t\u00e9l\u00e9 : Quatre gros chocs, ce dimanche en Europe","isPartOf":{"@id":"https:\/\/www.webdo.tn\/fr\/#website"},"primaryImageOfPage":{"@id":"https:\/\/www.webdo.tn\/fr\/actualite\/sport\/foot-a-la-tele-quatre-gros-chocs-ce-dimanche-en-europe\/212041\/#primaryimage"},"image":{"@id":"https:\/\/www.webdo.tn\/fr\/actualite\/sport\/foot-a-la-tele-quatre-gros-chocs-ce-dimanche-en-europe\/212041\/#primaryimage"},"thumbnailUrl":"https:\/\/www.webdo.tn\/fr\/wp-content\/uploads\/2024\/02\/ad159e987b6599dce3aa437845a6fb06.jpg","datePublished":"2024-02-04T14:47:00+00:00","dateModified":"2025-05-20T21:53:22+00:00","description":"Le programme des diff\u00e9rents championnats europ\u00e9ens nous propose un plateau de choix ce dimanche 5 f\u00e9vrier avec une programmation all\u00e9chante en Italie, en Anglet...","breadcrumb":{"@id":"https:\/\/www.webdo.tn\/fr\/actualite\/sport\/foot-a-la-tele-quatre-gros-chocs-ce-dimanche-en-europe\/212041\/#breadcrumb"},"inLanguage":"fr-FR","potentialAction":[{"@type":"ReadAction","target":["https:\/\/www.webdo.tn\/fr\/actualite\/sport\/foot-a-la-tele-quatre-gros-chocs-ce-dimanche-en-europe\/212041\/"]}]},{"@type":"ImageObject","inLanguage":"fr-FR","@id":"https:\/\/www.webdo.tn\/fr\/actualite\/sport\/foot-a-la-tele-quatre-gros-chocs-ce-dimanche-en-europe\/212041\/#primaryimage","url":"https:\/\/www.webdo.tn\/fr\/wp-content\/uploads\/2024\/02\/ad159e987b6599dce3aa437845a6fb06.jpg","contentUrl":"https:\/\/www.webdo.tn\/fr\/wp-content\/uploads\/2024\/02\/ad159e987b6599dce3aa437845a6fb06.jpg","width":750,"height":400,"caption":"Foot \u00e0 la t\u00e9l\u00e9 : Quatre gros chocs, ce dimanche en Europe"},{"@type":"BreadcrumbList","@id":"https:\/\/www.webdo.tn\/fr\/actualite\/sport\/foot-a-la-tele-quatre-gros-chocs-ce-dimanche-en-europe\/212041\/#breadcrumb","itemListElement":[{"@type":"ListItem","position":1,"name":"Accueil","item":"https:\/\/www.webdo.tn\/fr\/"},{"@type":"ListItem","position":2,"name":"Foot \u00e0 la t\u00e9l\u00e9 : Quatre gros chocs, ce dimanche en Europe"}]},{"@type":"WebSite","@id":"https:\/\/www.webdo.tn\/fr\/#website","url":"https:\/\/www.webdo.tn\/fr\/","name":"webdo","description":"Tunisie - News en Tunisie et \u00e0 l&#039;international sur Webdo.tn","publisher":{"@id":"https:\/\/www.webdo.tn\/fr\/#organization"},"potentialAction":[{"@type":"SearchAction","target":{"@type":"EntryPoint","urlTemplate":"https:\/\/www.webdo.tn\/fr\/?s={search_term_string}"},"query-input":{"@type":"PropertyValueSpecification","valueRequired":true,"valueName":"search_term_string"}}],"inLanguage":"fr-FR"},{"@type":"Organization","@id":"https:\/\/www.webdo.tn\/fr\/#organization","name":"Webdo","alternateName":"Webdo.tn","url":"https:\/\/www.webdo.tn\/fr\/","logo":{"@type":"ImageObject","inLanguage":"fr-FR","@id":"https:\/\/www.webdo.tn\/fr\/#\/schema\/logo\/image\/","url":"https:\/\/www.webdo.tn\/fr\/wp-content\/uploads\/2025\/06\/Webdo-Tunisie_168377.jpg","contentUrl":"https:\/\/www.webdo.tn\/fr\/wp-content\/uploads\/2025\/06\/Webdo-Tunisie_168377.jpg","width":301,"height":301,"caption":"Webdo"},"image":{"@id":"https:\/\/www.webdo.tn\/fr\/#\/schema\/logo\/image\/"},"sameAs":["https:\/\/www.facebook.com\/webdotn","https:\/\/x.com\/webdo_tn"],"description":"Webdo est un m\u00e9dia num\u00e9rique tunisien fond\u00e9 en 2010, sp\u00e9cialis\u00e9 dans l\u2019actualit\u00e9 nationale et internationale, l\u2019\u00e9conomie, la soci\u00e9t\u00e9 et les analyses politiques. Le site s\u2019adresse \u00e0 un large public francophone et couvre l\u2019information tunisienne en temps r\u00e9el.","email":"redac@webdo.tn","legalName":"YNJ SARL","foundingDate":"2010-09-06","numberOfEmployees":{"@type":"QuantitativeValue","minValue":"11","maxValue":"50"}},{"@type":"Person","@id":"https:\/\/www.webdo.tn\/fr\/#\/schema\/person\/2c4929cbf5a809e3bd38617c6ce150f6","name":"MC","image":{"@type":"ImageObject","inLanguage":"fr-FR","@id":"https:\/\/secure.gravatar.com\/avatar\/a545bbb6f84efdd5553dbbc2895e3ca8f1d12c5215e00a041c9670b54aa9b18a?s=96&d=mm&r=g","url":"https:\/\/secure.gravatar.com\/avatar\/a545bbb6f84efdd5553dbbc2895e3ca8f1d12c5215e00a041c9670b54aa9b18a?s=96&d=mm&r=g","contentUrl":"https:\/\/secure.gravatar.com\/avatar\/a545bbb6f84efdd5553dbbc2895e3ca8f1d12c5215e00a041c9670b54aa9b18a?s=96&d=mm&r=g","caption":"MC"},"url":"https:\/\/www.webdo.tn\/fr\/actualite\/author\/mc\/"}]}},"_links":{"self":[{"href":"https:\/\/www.webdo.tn\/fr\/wp-json\/wp\/v2\/posts\/212041","targetHints":{"allow":["GET"]}}],"collection":[{"href":"https:\/\/www.webdo.tn\/fr\/wp-json\/wp\/v2\/posts"}],"about":[{"href":"https:\/\/www.webdo.tn\/fr\/wp-json\/wp\/v2\/types\/post"}],"author":[{"embeddable":true,"href":"https:\/\/www.webdo.tn\/fr\/wp-json\/wp\/v2\/users\/3162"}],"replies":[{"embeddable":true,"href":"https:\/\/www.webdo.tn\/fr\/wp-json\/wp\/v2\/comments?post=212041"}],"version-history":[{"count":0,"href":"https:\/\/www.webdo.tn\/fr\/wp-json\/wp\/v2\/posts\/212041\/revisions"}],"wp:featuredmedia":[{"embeddable":true,"href":"https:\/\/www.webdo.tn\/fr\/wp-json\/wp\/v2\/media\/248090"}],"wp:attachment":[{"href":"https:\/\/www.webdo.tn\/fr\/wp-json\/wp\/v2\/media?parent=212041"}],"wp:term":[{"taxonomy":"category","embeddable":true,"href":"https:\/\/www.webdo.tn\/fr\/wp-json\/wp\/v2\/categories?post=212041"},{"taxonomy":"post_tag","embeddable":true,"href":"https:\/\/www.webdo.tn\/fr\/wp-json\/wp\/v2\/tags?post=212041"}],"curies":[{"name":"wp","href":"https:\/\/api.w.org\/{rel}","templated":true}]}}