{"id":212034,"date":"2024-02-04T10:41:00","date_gmt":"2024-02-04T10:41:00","guid":{"rendered":"https:\/\/www.webdo.tn\/fr\/blog\/coupe-davis-zone-ii-la-tunisie-bat-le-costa-rica-3-0\/212034\/"},"modified":"2025-05-20T21:53:21","modified_gmt":"2025-05-20T21:53:21","slug":"coupe-davis-zone-ii-la-tunisie-bat-le-costa-rica-3-0","status":"publish","type":"post","link":"https:\/\/www.webdo.tn\/fr\/actualite\/sport\/coupe-davis-zone-ii-la-tunisie-bat-le-costa-rica-3-0\/212034\/","title":{"rendered":"Coupe Davis Zone II : La Tunisie bat le Costa Rica 3-0"},"content":{"rendered":"<p>C\u2019est une \u00e9quipe de Tunisie d\u00e9termin\u00e9e, qui a battu le Costa Rica, avec l\u2019objectif toujours affich\u00e9 de briller dans cette nouvelle \u00e9dition de la coupe Davis pour retrouver le groupe 1.<\/p>\n<p>\t\t\t\t\t\t\t\t\tLes Tunisiens, emmen\u00e9s par leur capitaien Malek Jaziri,\u00a0 n\u2019ont pas fait de d\u00e9tails face au Costa Rica dans ce match barrage en s\u2019imposant 3-0 sur les courts de la Cit\u00e9 sportive d\u2019El-Menzah, vendredi et samedi.<\/p>\n<p>Moez Chargui a annonc\u00e9 la couleur face \u00e0 Jesse Flores en s\u2019imposant en deux sets (6-2, 6-3). Puis Aziz Dougaz a battu Rodrigo Crespo Piedra en trois sets (6-3, 5-7, 6-4). Ensuite, le duo Skander Mansouri et Aziz Dougaz,a battu Rodrigo Crespo Piedra et Jesse Flores en trois sets (6-7, 7-6, 7-5).<\/p>\n<p>Cette opposition entre la Tunisie et le Costa Rica devait comporter cinq matches dont quatre en simple et un double, s\u2019est limit\u00e9e \u00e0 trois oppositions en raison de la victoire (3-0) d\u00e9j\u00e0 acquise par les Tunisiens apr\u00e8s les trois premi\u00e8res oppositions.<\/p>\n<p>La Tunisie \u00e9tait compos\u00e9e de Malek Jaziri, Skander Mansouri, Aziz Dougaz, Moez Chargui et Aziz Ouaka\u00e2, lors de ce rendez-vous.<\/p>\n","protected":false},"excerpt":{"rendered":"<p>Les Tunisiens, emmen\u00e9s par leur capitaien Malek Jaziri,  n\u2019ont pas fait de d\u00e9tails face au Costa Rica dans ce match barrage en s\u2019imposant 3-0<\/p>\n","protected":false},"author":3162,"featured_media":248089,"comment_status":"open","ping_status":"closed","sticky":false,"template":"","format":"standard","meta":{"footnotes":""},"categories":[2593],"tags":[7079,7080,2605,2608],"class_list":["post-212034","post","type-post","status-publish","format-standard","has-post-thumbnail","hentry","category-sport","tag-costa-rica","tag-coupe-davis","tag-tennis","tag-tunisie"],"yoast_head":"<!-- This site is optimized with the Yoast SEO Premium plugin v27.5 (Yoast SEO v27.5) - https:\/\/yoast.com\/product\/yoast-seo-premium-wordpress\/ -->\n<title>Coupe Davis Zone II : La Tunisie bat le Costa Rica 3-0<\/title>\n<meta name=\"description\" content=\"Les Tunisiens, emmen\u00e9s par leur capitaien Malek Jaziri, n\u2019ont pas fait de d\u00e9tails face au Costa Rica dans ce match barrage en s\u2019imposant 3-0\" \/>\n<link rel=\"canonical\" href=\"https:\/\/www.webdo.tn\/fr\/actualite\/sport\/coupe-davis-zone-ii-la-tunisie-bat-le-costa-rica-3-0\/212034\/\" \/>\n<meta property=\"og:locale\" content=\"fr_FR\" \/>\n<meta property=\"og:type\" content=\"article\" \/>\n<meta property=\"og:title\" content=\"Coupe Davis Zone II : La Tunisie bat le Costa Rica 3-0\" \/>\n<meta property=\"og:description\" content=\"Les Tunisiens, emmen\u00e9s par leur capitaien Malek Jaziri, n\u2019ont pas fait de d\u00e9tails face au Costa Rica dans ce match barrage en s\u2019imposant 3-0\" \/>\n<meta property=\"og:url\" content=\"https:\/\/www.webdo.tn\/fr\/actualite\/sport\/coupe-davis-zone-ii-la-tunisie-bat-le-costa-rica-3-0\/212034\/\" \/>\n<meta property=\"og:site_name\" content=\"webdo\" \/>\n<meta property=\"article:publisher\" content=\"https:\/\/www.facebook.com\/webdotn\" \/>\n<meta property=\"article:published_time\" content=\"2024-02-04T10:41:00+00:00\" \/>\n<meta property=\"article:modified_time\" content=\"2025-05-20T21:53:21+00:00\" \/>\n<meta property=\"og:image\" content=\"https:\/\/www.webdo.tn\/fr\/wp-content\/uploads\/2024\/02\/d7a9a9c1ef68f68ae1b6c728e21108a1.jpg\" \/>\n\t<meta property=\"og:image:width\" content=\"750\" \/>\n\t<meta property=\"og:image:height\" content=\"400\" \/>\n\t<meta property=\"og:image:type\" content=\"image\/jpeg\" \/>\n<meta name=\"author\" content=\"MC\" \/>\n<meta name=\"twitter:card\" content=\"summary_large_image\" \/>\n<meta name=\"twitter:creator\" content=\"@webdo_tn\" \/>\n<meta name=\"twitter:site\" content=\"@webdo_tn\" \/>\n<meta name=\"twitter:label1\" content=\"\u00c9crit par\" \/>\n\t<meta name=\"twitter:data1\" content=\"MC\" \/>\n\t<meta name=\"twitter:label2\" content=\"Dur\u00e9e de lecture estim\u00e9e\" \/>\n\t<meta name=\"twitter:data2\" content=\"1 minute\" \/>\n<script type=\"application\/ld+json\" class=\"yoast-schema-graph\">{\"@context\":\"https:\\\/\\\/schema.org\",\"@graph\":[{\"@type\":\"NewsArticle\",\"@id\":\"https:\\\/\\\/www.webdo.tn\\\/fr\\\/actualite\\\/sport\\\/coupe-davis-zone-ii-la-tunisie-bat-le-costa-rica-3-0\\\/212034\\\/#article\",\"isPartOf\":{\"@id\":\"https:\\\/\\\/www.webdo.tn\\\/fr\\\/actualite\\\/sport\\\/coupe-davis-zone-ii-la-tunisie-bat-le-costa-rica-3-0\\\/212034\\\/\"},\"author\":{\"name\":\"MC\",\"@id\":\"https:\\\/\\\/www.webdo.tn\\\/fr\\\/#\\\/schema\\\/person\\\/2c4929cbf5a809e3bd38617c6ce150f6\"},\"headline\":\"Coupe Davis Zone II : La Tunisie bat le Costa Rica 3-0\",\"datePublished\":\"2024-02-04T10:41:00+00:00\",\"dateModified\":\"2025-05-20T21:53:21+00:00\",\"mainEntityOfPage\":{\"@id\":\"https:\\\/\\\/www.webdo.tn\\\/fr\\\/actualite\\\/sport\\\/coupe-davis-zone-ii-la-tunisie-bat-le-costa-rica-3-0\\\/212034\\\/\"},\"wordCount\":204,\"commentCount\":0,\"publisher\":{\"@id\":\"https:\\\/\\\/www.webdo.tn\\\/fr\\\/#organization\"},\"image\":{\"@id\":\"https:\\\/\\\/www.webdo.tn\\\/fr\\\/actualite\\\/sport\\\/coupe-davis-zone-ii-la-tunisie-bat-le-costa-rica-3-0\\\/212034\\\/#primaryimage\"},\"thumbnailUrl\":\"https:\\\/\\\/www.webdo.tn\\\/fr\\\/wp-content\\\/uploads\\\/2024\\\/02\\\/d7a9a9c1ef68f68ae1b6c728e21108a1.jpg\",\"keywords\":[\"costa rica\",\"coupe davis\",\"tennis\",\"Tunisie\"],\"articleSection\":[\"Sport\"],\"inLanguage\":\"fr-FR\"},{\"@type\":\"WebPage\",\"@id\":\"https:\\\/\\\/www.webdo.tn\\\/fr\\\/actualite\\\/sport\\\/coupe-davis-zone-ii-la-tunisie-bat-le-costa-rica-3-0\\\/212034\\\/\",\"url\":\"https:\\\/\\\/www.webdo.tn\\\/fr\\\/actualite\\\/sport\\\/coupe-davis-zone-ii-la-tunisie-bat-le-costa-rica-3-0\\\/212034\\\/\",\"name\":\"Coupe Davis Zone II : La Tunisie bat le Costa Rica 3-0\",\"isPartOf\":{\"@id\":\"https:\\\/\\\/www.webdo.tn\\\/fr\\\/#website\"},\"primaryImageOfPage\":{\"@id\":\"https:\\\/\\\/www.webdo.tn\\\/fr\\\/actualite\\\/sport\\\/coupe-davis-zone-ii-la-tunisie-bat-le-costa-rica-3-0\\\/212034\\\/#primaryimage\"},\"image\":{\"@id\":\"https:\\\/\\\/www.webdo.tn\\\/fr\\\/actualite\\\/sport\\\/coupe-davis-zone-ii-la-tunisie-bat-le-costa-rica-3-0\\\/212034\\\/#primaryimage\"},\"thumbnailUrl\":\"https:\\\/\\\/www.webdo.tn\\\/fr\\\/wp-content\\\/uploads\\\/2024\\\/02\\\/d7a9a9c1ef68f68ae1b6c728e21108a1.jpg\",\"datePublished\":\"2024-02-04T10:41:00+00:00\",\"dateModified\":\"2025-05-20T21:53:21+00:00\",\"description\":\"Les Tunisiens, emmen\u00e9s par leur capitaien Malek Jaziri, n\u2019ont pas fait de d\u00e9tails face au Costa Rica dans ce match barrage en s\u2019imposant 3-0\",\"breadcrumb\":{\"@id\":\"https:\\\/\\\/www.webdo.tn\\\/fr\\\/actualite\\\/sport\\\/coupe-davis-zone-ii-la-tunisie-bat-le-costa-rica-3-0\\\/212034\\\/#breadcrumb\"},\"inLanguage\":\"fr-FR\",\"potentialAction\":[{\"@type\":\"ReadAction\",\"target\":[\"https:\\\/\\\/www.webdo.tn\\\/fr\\\/actualite\\\/sport\\\/coupe-davis-zone-ii-la-tunisie-bat-le-costa-rica-3-0\\\/212034\\\/\"]}]},{\"@type\":\"ImageObject\",\"inLanguage\":\"fr-FR\",\"@id\":\"https:\\\/\\\/www.webdo.tn\\\/fr\\\/actualite\\\/sport\\\/coupe-davis-zone-ii-la-tunisie-bat-le-costa-rica-3-0\\\/212034\\\/#primaryimage\",\"url\":\"https:\\\/\\\/www.webdo.tn\\\/fr\\\/wp-content\\\/uploads\\\/2024\\\/02\\\/d7a9a9c1ef68f68ae1b6c728e21108a1.jpg\",\"contentUrl\":\"https:\\\/\\\/www.webdo.tn\\\/fr\\\/wp-content\\\/uploads\\\/2024\\\/02\\\/d7a9a9c1ef68f68ae1b6c728e21108a1.jpg\",\"width\":750,\"height\":400,\"caption\":\"Coupe Davis Zone II : La Tunisie bat le Costa Rica 3-0\"},{\"@type\":\"BreadcrumbList\",\"@id\":\"https:\\\/\\\/www.webdo.tn\\\/fr\\\/actualite\\\/sport\\\/coupe-davis-zone-ii-la-tunisie-bat-le-costa-rica-3-0\\\/212034\\\/#breadcrumb\",\"itemListElement\":[{\"@type\":\"ListItem\",\"position\":1,\"name\":\"Accueil\",\"item\":\"https:\\\/\\\/www.webdo.tn\\\/fr\\\/\"},{\"@type\":\"ListItem\",\"position\":2,\"name\":\"Coupe Davis Zone II : La Tunisie bat le Costa Rica 3-0\"}]},{\"@type\":\"WebSite\",\"@id\":\"https:\\\/\\\/www.webdo.tn\\\/fr\\\/#website\",\"url\":\"https:\\\/\\\/www.webdo.tn\\\/fr\\\/\",\"name\":\"webdo\",\"description\":\"Tunisie - News en Tunisie et \u00e0 l&#039;international sur Webdo.tn\",\"publisher\":{\"@id\":\"https:\\\/\\\/www.webdo.tn\\\/fr\\\/#organization\"},\"potentialAction\":[{\"@type\":\"SearchAction\",\"target\":{\"@type\":\"EntryPoint\",\"urlTemplate\":\"https:\\\/\\\/www.webdo.tn\\\/fr\\\/?s={search_term_string}\"},\"query-input\":{\"@type\":\"PropertyValueSpecification\",\"valueRequired\":true,\"valueName\":\"search_term_string\"}}],\"inLanguage\":\"fr-FR\"},{\"@type\":\"Organization\",\"@id\":\"https:\\\/\\\/www.webdo.tn\\\/fr\\\/#organization\",\"name\":\"Webdo\",\"alternateName\":\"Webdo.tn\",\"url\":\"https:\\\/\\\/www.webdo.tn\\\/fr\\\/\",\"logo\":{\"@type\":\"ImageObject\",\"inLanguage\":\"fr-FR\",\"@id\":\"https:\\\/\\\/www.webdo.tn\\\/fr\\\/#\\\/schema\\\/logo\\\/image\\\/\",\"url\":\"https:\\\/\\\/www.webdo.tn\\\/fr\\\/wp-content\\\/uploads\\\/2025\\\/06\\\/Webdo-Tunisie_168377.jpg\",\"contentUrl\":\"https:\\\/\\\/www.webdo.tn\\\/fr\\\/wp-content\\\/uploads\\\/2025\\\/06\\\/Webdo-Tunisie_168377.jpg\",\"width\":301,\"height\":301,\"caption\":\"Webdo\"},\"image\":{\"@id\":\"https:\\\/\\\/www.webdo.tn\\\/fr\\\/#\\\/schema\\\/logo\\\/image\\\/\"},\"sameAs\":[\"https:\\\/\\\/www.facebook.com\\\/webdotn\",\"https:\\\/\\\/x.com\\\/webdo_tn\"],\"description\":\"Webdo est un m\u00e9dia num\u00e9rique tunisien fond\u00e9 en 2010, sp\u00e9cialis\u00e9 dans l\u2019actualit\u00e9 nationale et internationale, l\u2019\u00e9conomie, la soci\u00e9t\u00e9 et les analyses politiques. Le site s\u2019adresse \u00e0 un large public francophone et couvre l\u2019information tunisienne en temps r\u00e9el.\",\"email\":\"redac@webdo.tn\",\"legalName\":\"YNJ SARL\",\"foundingDate\":\"2010-09-06\",\"numberOfEmployees\":{\"@type\":\"QuantitativeValue\",\"minValue\":\"11\",\"maxValue\":\"50\"}},{\"@type\":\"Person\",\"@id\":\"https:\\\/\\\/www.webdo.tn\\\/fr\\\/#\\\/schema\\\/person\\\/2c4929cbf5a809e3bd38617c6ce150f6\",\"name\":\"MC\",\"image\":{\"@type\":\"ImageObject\",\"inLanguage\":\"fr-FR\",\"@id\":\"https:\\\/\\\/secure.gravatar.com\\\/avatar\\\/a545bbb6f84efdd5553dbbc2895e3ca8f1d12c5215e00a041c9670b54aa9b18a?s=96&d=mm&r=g\",\"url\":\"https:\\\/\\\/secure.gravatar.com\\\/avatar\\\/a545bbb6f84efdd5553dbbc2895e3ca8f1d12c5215e00a041c9670b54aa9b18a?s=96&d=mm&r=g\",\"contentUrl\":\"https:\\\/\\\/secure.gravatar.com\\\/avatar\\\/a545bbb6f84efdd5553dbbc2895e3ca8f1d12c5215e00a041c9670b54aa9b18a?s=96&d=mm&r=g\",\"caption\":\"MC\"},\"url\":\"https:\\\/\\\/www.webdo.tn\\\/fr\\\/actualite\\\/author\\\/mc\\\/\"}]}<\/script>\n<!-- \/ Yoast SEO Premium plugin. -->","yoast_head_json":{"title":"Coupe Davis Zone II : La Tunisie bat le Costa Rica 3-0","description":"Les Tunisiens, emmen\u00e9s par leur capitaien Malek Jaziri, n\u2019ont pas fait de d\u00e9tails face au Costa Rica dans ce match barrage en s\u2019imposant 3-0","canonical":"https:\/\/www.webdo.tn\/fr\/actualite\/sport\/coupe-davis-zone-ii-la-tunisie-bat-le-costa-rica-3-0\/212034\/","og_locale":"fr_FR","og_type":"article","og_title":"Coupe Davis Zone II : La Tunisie bat le Costa Rica 3-0","og_description":"Les Tunisiens, emmen\u00e9s par leur capitaien Malek Jaziri, n\u2019ont pas fait de d\u00e9tails face au Costa Rica dans ce match barrage en s\u2019imposant 3-0","og_url":"https:\/\/www.webdo.tn\/fr\/actualite\/sport\/coupe-davis-zone-ii-la-tunisie-bat-le-costa-rica-3-0\/212034\/","og_site_name":"webdo","article_publisher":"https:\/\/www.facebook.com\/webdotn","article_published_time":"2024-02-04T10:41:00+00:00","article_modified_time":"2025-05-20T21:53:21+00:00","og_image":[{"width":750,"height":400,"url":"https:\/\/www.webdo.tn\/fr\/wp-content\/uploads\/2024\/02\/d7a9a9c1ef68f68ae1b6c728e21108a1.jpg","type":"image\/jpeg"}],"author":"MC","twitter_card":"summary_large_image","twitter_creator":"@webdo_tn","twitter_site":"@webdo_tn","twitter_misc":{"\u00c9crit par":"MC","Dur\u00e9e de lecture estim\u00e9e":"1 minute"},"schema":{"@context":"https:\/\/schema.org","@graph":[{"@type":"NewsArticle","@id":"https:\/\/www.webdo.tn\/fr\/actualite\/sport\/coupe-davis-zone-ii-la-tunisie-bat-le-costa-rica-3-0\/212034\/#article","isPartOf":{"@id":"https:\/\/www.webdo.tn\/fr\/actualite\/sport\/coupe-davis-zone-ii-la-tunisie-bat-le-costa-rica-3-0\/212034\/"},"author":{"name":"MC","@id":"https:\/\/www.webdo.tn\/fr\/#\/schema\/person\/2c4929cbf5a809e3bd38617c6ce150f6"},"headline":"Coupe Davis Zone II : La Tunisie bat le Costa Rica 3-0","datePublished":"2024-02-04T10:41:00+00:00","dateModified":"2025-05-20T21:53:21+00:00","mainEntityOfPage":{"@id":"https:\/\/www.webdo.tn\/fr\/actualite\/sport\/coupe-davis-zone-ii-la-tunisie-bat-le-costa-rica-3-0\/212034\/"},"wordCount":204,"commentCount":0,"publisher":{"@id":"https:\/\/www.webdo.tn\/fr\/#organization"},"image":{"@id":"https:\/\/www.webdo.tn\/fr\/actualite\/sport\/coupe-davis-zone-ii-la-tunisie-bat-le-costa-rica-3-0\/212034\/#primaryimage"},"thumbnailUrl":"https:\/\/www.webdo.tn\/fr\/wp-content\/uploads\/2024\/02\/d7a9a9c1ef68f68ae1b6c728e21108a1.jpg","keywords":["costa rica","coupe davis","tennis","Tunisie"],"articleSection":["Sport"],"inLanguage":"fr-FR"},{"@type":"WebPage","@id":"https:\/\/www.webdo.tn\/fr\/actualite\/sport\/coupe-davis-zone-ii-la-tunisie-bat-le-costa-rica-3-0\/212034\/","url":"https:\/\/www.webdo.tn\/fr\/actualite\/sport\/coupe-davis-zone-ii-la-tunisie-bat-le-costa-rica-3-0\/212034\/","name":"Coupe Davis Zone II : La Tunisie bat le Costa Rica 3-0","isPartOf":{"@id":"https:\/\/www.webdo.tn\/fr\/#website"},"primaryImageOfPage":{"@id":"https:\/\/www.webdo.tn\/fr\/actualite\/sport\/coupe-davis-zone-ii-la-tunisie-bat-le-costa-rica-3-0\/212034\/#primaryimage"},"image":{"@id":"https:\/\/www.webdo.tn\/fr\/actualite\/sport\/coupe-davis-zone-ii-la-tunisie-bat-le-costa-rica-3-0\/212034\/#primaryimage"},"thumbnailUrl":"https:\/\/www.webdo.tn\/fr\/wp-content\/uploads\/2024\/02\/d7a9a9c1ef68f68ae1b6c728e21108a1.jpg","datePublished":"2024-02-04T10:41:00+00:00","dateModified":"2025-05-20T21:53:21+00:00","description":"Les Tunisiens, emmen\u00e9s par leur capitaien Malek Jaziri, n\u2019ont pas fait de d\u00e9tails face au Costa Rica dans ce match barrage en s\u2019imposant 3-0","breadcrumb":{"@id":"https:\/\/www.webdo.tn\/fr\/actualite\/sport\/coupe-davis-zone-ii-la-tunisie-bat-le-costa-rica-3-0\/212034\/#breadcrumb"},"inLanguage":"fr-FR","potentialAction":[{"@type":"ReadAction","target":["https:\/\/www.webdo.tn\/fr\/actualite\/sport\/coupe-davis-zone-ii-la-tunisie-bat-le-costa-rica-3-0\/212034\/"]}]},{"@type":"ImageObject","inLanguage":"fr-FR","@id":"https:\/\/www.webdo.tn\/fr\/actualite\/sport\/coupe-davis-zone-ii-la-tunisie-bat-le-costa-rica-3-0\/212034\/#primaryimage","url":"https:\/\/www.webdo.tn\/fr\/wp-content\/uploads\/2024\/02\/d7a9a9c1ef68f68ae1b6c728e21108a1.jpg","contentUrl":"https:\/\/www.webdo.tn\/fr\/wp-content\/uploads\/2024\/02\/d7a9a9c1ef68f68ae1b6c728e21108a1.jpg","width":750,"height":400,"caption":"Coupe Davis Zone II : La Tunisie bat le Costa Rica 3-0"},{"@type":"BreadcrumbList","@id":"https:\/\/www.webdo.tn\/fr\/actualite\/sport\/coupe-davis-zone-ii-la-tunisie-bat-le-costa-rica-3-0\/212034\/#breadcrumb","itemListElement":[{"@type":"ListItem","position":1,"name":"Accueil","item":"https:\/\/www.webdo.tn\/fr\/"},{"@type":"ListItem","position":2,"name":"Coupe Davis Zone II : La Tunisie bat le Costa Rica 3-0"}]},{"@type":"WebSite","@id":"https:\/\/www.webdo.tn\/fr\/#website","url":"https:\/\/www.webdo.tn\/fr\/","name":"webdo","description":"Tunisie - News en Tunisie et \u00e0 l&#039;international sur Webdo.tn","publisher":{"@id":"https:\/\/www.webdo.tn\/fr\/#organization"},"potentialAction":[{"@type":"SearchAction","target":{"@type":"EntryPoint","urlTemplate":"https:\/\/www.webdo.tn\/fr\/?s={search_term_string}"},"query-input":{"@type":"PropertyValueSpecification","valueRequired":true,"valueName":"search_term_string"}}],"inLanguage":"fr-FR"},{"@type":"Organization","@id":"https:\/\/www.webdo.tn\/fr\/#organization","name":"Webdo","alternateName":"Webdo.tn","url":"https:\/\/www.webdo.tn\/fr\/","logo":{"@type":"ImageObject","inLanguage":"fr-FR","@id":"https:\/\/www.webdo.tn\/fr\/#\/schema\/logo\/image\/","url":"https:\/\/www.webdo.tn\/fr\/wp-content\/uploads\/2025\/06\/Webdo-Tunisie_168377.jpg","contentUrl":"https:\/\/www.webdo.tn\/fr\/wp-content\/uploads\/2025\/06\/Webdo-Tunisie_168377.jpg","width":301,"height":301,"caption":"Webdo"},"image":{"@id":"https:\/\/www.webdo.tn\/fr\/#\/schema\/logo\/image\/"},"sameAs":["https:\/\/www.facebook.com\/webdotn","https:\/\/x.com\/webdo_tn"],"description":"Webdo est un m\u00e9dia num\u00e9rique tunisien fond\u00e9 en 2010, sp\u00e9cialis\u00e9 dans l\u2019actualit\u00e9 nationale et internationale, l\u2019\u00e9conomie, la soci\u00e9t\u00e9 et les analyses politiques. Le site s\u2019adresse \u00e0 un large public francophone et couvre l\u2019information tunisienne en temps r\u00e9el.","email":"redac@webdo.tn","legalName":"YNJ SARL","foundingDate":"2010-09-06","numberOfEmployees":{"@type":"QuantitativeValue","minValue":"11","maxValue":"50"}},{"@type":"Person","@id":"https:\/\/www.webdo.tn\/fr\/#\/schema\/person\/2c4929cbf5a809e3bd38617c6ce150f6","name":"MC","image":{"@type":"ImageObject","inLanguage":"fr-FR","@id":"https:\/\/secure.gravatar.com\/avatar\/a545bbb6f84efdd5553dbbc2895e3ca8f1d12c5215e00a041c9670b54aa9b18a?s=96&d=mm&r=g","url":"https:\/\/secure.gravatar.com\/avatar\/a545bbb6f84efdd5553dbbc2895e3ca8f1d12c5215e00a041c9670b54aa9b18a?s=96&d=mm&r=g","contentUrl":"https:\/\/secure.gravatar.com\/avatar\/a545bbb6f84efdd5553dbbc2895e3ca8f1d12c5215e00a041c9670b54aa9b18a?s=96&d=mm&r=g","caption":"MC"},"url":"https:\/\/www.webdo.tn\/fr\/actualite\/author\/mc\/"}]}},"_links":{"self":[{"href":"https:\/\/www.webdo.tn\/fr\/wp-json\/wp\/v2\/posts\/212034","targetHints":{"allow":["GET"]}}],"collection":[{"href":"https:\/\/www.webdo.tn\/fr\/wp-json\/wp\/v2\/posts"}],"about":[{"href":"https:\/\/www.webdo.tn\/fr\/wp-json\/wp\/v2\/types\/post"}],"author":[{"embeddable":true,"href":"https:\/\/www.webdo.tn\/fr\/wp-json\/wp\/v2\/users\/3162"}],"replies":[{"embeddable":true,"href":"https:\/\/www.webdo.tn\/fr\/wp-json\/wp\/v2\/comments?post=212034"}],"version-history":[{"count":0,"href":"https:\/\/www.webdo.tn\/fr\/wp-json\/wp\/v2\/posts\/212034\/revisions"}],"wp:featuredmedia":[{"embeddable":true,"href":"https:\/\/www.webdo.tn\/fr\/wp-json\/wp\/v2\/media\/248089"}],"wp:attachment":[{"href":"https:\/\/www.webdo.tn\/fr\/wp-json\/wp\/v2\/media?parent=212034"}],"wp:term":[{"taxonomy":"category","embeddable":true,"href":"https:\/\/www.webdo.tn\/fr\/wp-json\/wp\/v2\/categories?post=212034"},{"taxonomy":"post_tag","embeddable":true,"href":"https:\/\/www.webdo.tn\/fr\/wp-json\/wp\/v2\/tags?post=212034"}],"curies":[{"name":"wp","href":"https:\/\/api.w.org\/{rel}","templated":true}]}}