{"id":212031,"date":"2024-02-03T12:21:00","date_gmt":"2024-02-03T12:21:00","guid":{"rendered":"https:\/\/www.webdo.tn\/fr\/blog\/ghardimaou-actes-de-vandalisme-dans-un-college-suite-au-suicide-d-un-eleve\/212031\/"},"modified":"2025-05-20T21:53:19","modified_gmt":"2025-05-20T21:53:19","slug":"ghardimaou-actes-de-vandalisme-dans-un-college-suite-au-suicide-d-un-eleve","status":"publish","type":"post","link":"https:\/\/www.webdo.tn\/fr\/actualite\/regions\/ghardimaou-actes-de-vandalisme-dans-un-college-suite-au-suicide-d-un-eleve\/212031\/","title":{"rendered":"Ghardimaou : Actes de vandalisme dans un coll\u00e8ge suite au suicide d\u2019un \u00e9l\u00e8ve"},"content":{"rendered":"<p>Le suicide d\u2019un \u00e9l\u00e8ve de 14 ans a provoqu\u00e9 de graves troubles au coll\u00e8ge Farhat Hached \u00e0 Ghardimaou et des actes de vandalisme qui ont n\u00e9cessit\u00e9 l\u2019intervention des forces de l\u2019ordre.<\/p>\n<p>\t\t\t\t\t\t\t\t\tLe suicide, jeudi soir, d\u2019un \u00e9l\u00e8ve de 14 ans, qui s&rsquo;est pendu, a d\u00e9clench\u00e9, vendredi 2 f\u00e9vrier 2024, une vague de col\u00e8re parmi ses camarades du coll\u00e8ge Farhat Hached \u00e0 Ghardimaou. De graves troubles, \u00e0 l&rsquo;int\u00e9rieur et \u00e0 l&rsquo;ext\u00e9rieur de l&rsquo;\u00e9tablissement, qui ont atteint un degr\u00e9 de violence jamais atteint dans un \u00e9tablissement scolaire.<\/p>\n<p>Les \u00e9quipements du coll\u00e8ge ont \u00e9t\u00e9 vandalis\u00e9s voire incendi\u00e9s. Tout y est pass\u00e9, bureaux, chaises, armoires, ordinateurs, documents. Ces actes de vandalisme ont n\u00e9cessit\u00e9 l\u2019intervention des forces de l\u2019ordre en urgence pour stopper ce d\u00e9ferlement de violences.<\/p>\n<p>Suite \u00e0 ces \u00e9v\u00e8nements malheureux, le procureur de la R\u00e9publique au Tribunal de premi\u00e8re Instance de Jendouba a ordonn\u00e9 l&rsquo;ouverture d&rsquo;une enqu\u00eate sur ces actes vandalisme, qui ont touch\u00e9 des biens publics et qui ont entrav\u00e9 le fonctionnement d&rsquo;un service public.<\/p>\n<p>C\u2019est la brigade de recherche et d&rsquo;investigation du district de la s\u00e9curit\u00e9 nationale de Ghardimaou qui a \u00e9t\u00e9 charg\u00e9e de mener l&rsquo;enqu\u00eate pour d\u00e9terminer les responsabilit\u00e9s et les personnes impliqu\u00e9es dans l&rsquo;incident.<\/p>\n<p>A l\u2019heure actuelle, le juge d&rsquo;instruction a ordonn\u00e9 la d\u00e9tention pr\u00e9ventive des responsables du coll\u00e8ge dans le cadre de l&rsquo;enqu\u00eate sur le suicide du jeune homme, dont on ignore toujours les causes.<\/p>\n","protected":false},"excerpt":{"rendered":"<p>Le suicide, jeudi soir, d\u2019un \u00e9l\u00e8ve de 14 ans, qui s&rsquo;est pendu, a d\u00e9clench\u00e9, vendredi 2 f\u00e9vrier 2024, une vague de col\u00e8re parmi ses camarades du coll\u00e8ge Farhat H&#8230;<\/p>\n","protected":false},"author":3162,"featured_media":248081,"comment_status":"open","ping_status":"closed","sticky":false,"template":"","format":"standard","meta":{"footnotes":""},"categories":[2595],"tags":[6203,2989,2771,7067,2827],"class_list":["post-212031","post","type-post","status-publish","format-standard","has-post-thumbnail","hentry","category-regions","tag-college","tag-eleve","tag-ghardimaou","tag-suicide","tag-violence"],"yoast_head":"<!-- This site is optimized with the Yoast SEO Premium plugin v27.5 (Yoast SEO v27.5) - https:\/\/yoast.com\/product\/yoast-seo-premium-wordpress\/ -->\n<title>Ghardimaou : Actes de vandalisme dans un coll\u00e8ge suite au suicide d\u2019un \u00e9l\u00e8ve<\/title>\n<meta name=\"description\" content=\"Le suicide, jeudi soir, d\u2019un \u00e9l\u00e8ve de 14 ans, qui s&#039;est pendu, a d\u00e9clench\u00e9, vendredi 2 f\u00e9vrier 2024, une vague de col\u00e8re parmi ses camarades du coll\u00e8ge Farhat H...\" \/>\n<link rel=\"canonical\" href=\"https:\/\/www.webdo.tn\/fr\/actualite\/regions\/ghardimaou-actes-de-vandalisme-dans-un-college-suite-au-suicide-d-un-eleve\/212031\/\" \/>\n<meta property=\"og:locale\" content=\"fr_FR\" \/>\n<meta property=\"og:type\" content=\"article\" \/>\n<meta property=\"og:title\" content=\"Ghardimaou : Actes de vandalisme dans un coll\u00e8ge suite au suicide d\u2019un \u00e9l\u00e8ve\" \/>\n<meta property=\"og:description\" content=\"Le suicide, jeudi soir, d\u2019un \u00e9l\u00e8ve de 14 ans, qui s&#039;est pendu, a d\u00e9clench\u00e9, vendredi 2 f\u00e9vrier 2024, une vague de col\u00e8re parmi ses camarades du coll\u00e8ge Farhat H...\" \/>\n<meta property=\"og:url\" content=\"https:\/\/www.webdo.tn\/fr\/actualite\/regions\/ghardimaou-actes-de-vandalisme-dans-un-college-suite-au-suicide-d-un-eleve\/212031\/\" \/>\n<meta property=\"og:site_name\" content=\"webdo\" \/>\n<meta property=\"article:publisher\" content=\"https:\/\/www.facebook.com\/webdotn\" \/>\n<meta property=\"article:published_time\" content=\"2024-02-03T12:21:00+00:00\" \/>\n<meta property=\"article:modified_time\" content=\"2025-05-20T21:53:19+00:00\" \/>\n<meta property=\"og:image\" content=\"https:\/\/www.webdo.tn\/fr\/wp-content\/uploads\/2024\/02\/a44d0387aa617c1726338bff8a2a4496.jpg\" \/>\n\t<meta property=\"og:image:width\" content=\"750\" \/>\n\t<meta property=\"og:image:height\" content=\"400\" \/>\n\t<meta property=\"og:image:type\" content=\"image\/jpeg\" \/>\n<meta name=\"author\" content=\"MC\" \/>\n<meta name=\"twitter:card\" content=\"summary_large_image\" \/>\n<meta name=\"twitter:creator\" content=\"@webdo_tn\" \/>\n<meta name=\"twitter:site\" content=\"@webdo_tn\" \/>\n<meta name=\"twitter:label1\" content=\"\u00c9crit par\" \/>\n\t<meta name=\"twitter:data1\" content=\"MC\" \/>\n\t<meta name=\"twitter:label2\" content=\"Dur\u00e9e de lecture estim\u00e9e\" \/>\n\t<meta name=\"twitter:data2\" content=\"1 minute\" \/>\n<script type=\"application\/ld+json\" class=\"yoast-schema-graph\">{\"@context\":\"https:\\\/\\\/schema.org\",\"@graph\":[{\"@type\":\"NewsArticle\",\"@id\":\"https:\\\/\\\/www.webdo.tn\\\/fr\\\/actualite\\\/regions\\\/ghardimaou-actes-de-vandalisme-dans-un-college-suite-au-suicide-d-un-eleve\\\/212031\\\/#article\",\"isPartOf\":{\"@id\":\"https:\\\/\\\/www.webdo.tn\\\/fr\\\/actualite\\\/regions\\\/ghardimaou-actes-de-vandalisme-dans-un-college-suite-au-suicide-d-un-eleve\\\/212031\\\/\"},\"author\":{\"name\":\"MC\",\"@id\":\"https:\\\/\\\/www.webdo.tn\\\/fr\\\/#\\\/schema\\\/person\\\/2c4929cbf5a809e3bd38617c6ce150f6\"},\"headline\":\"Ghardimaou : Actes de vandalisme dans un coll\u00e8ge suite au suicide d\u2019un \u00e9l\u00e8ve\",\"datePublished\":\"2024-02-03T12:21:00+00:00\",\"dateModified\":\"2025-05-20T21:53:19+00:00\",\"mainEntityOfPage\":{\"@id\":\"https:\\\/\\\/www.webdo.tn\\\/fr\\\/actualite\\\/regions\\\/ghardimaou-actes-de-vandalisme-dans-un-college-suite-au-suicide-d-un-eleve\\\/212031\\\/\"},\"wordCount\":282,\"commentCount\":0,\"publisher\":{\"@id\":\"https:\\\/\\\/www.webdo.tn\\\/fr\\\/#organization\"},\"image\":{\"@id\":\"https:\\\/\\\/www.webdo.tn\\\/fr\\\/actualite\\\/regions\\\/ghardimaou-actes-de-vandalisme-dans-un-college-suite-au-suicide-d-un-eleve\\\/212031\\\/#primaryimage\"},\"thumbnailUrl\":\"https:\\\/\\\/www.webdo.tn\\\/fr\\\/wp-content\\\/uploads\\\/2024\\\/02\\\/a44d0387aa617c1726338bff8a2a4496.jpg\",\"keywords\":[\"coll\u00e8ge\",\"\u00e9l\u00e8ve\",\"ghardimaou\",\"suicide\",\"violence\"],\"articleSection\":[\"regions\"],\"inLanguage\":\"fr-FR\"},{\"@type\":\"WebPage\",\"@id\":\"https:\\\/\\\/www.webdo.tn\\\/fr\\\/actualite\\\/regions\\\/ghardimaou-actes-de-vandalisme-dans-un-college-suite-au-suicide-d-un-eleve\\\/212031\\\/\",\"url\":\"https:\\\/\\\/www.webdo.tn\\\/fr\\\/actualite\\\/regions\\\/ghardimaou-actes-de-vandalisme-dans-un-college-suite-au-suicide-d-un-eleve\\\/212031\\\/\",\"name\":\"Ghardimaou : Actes de vandalisme dans un coll\u00e8ge suite au suicide d\u2019un \u00e9l\u00e8ve\",\"isPartOf\":{\"@id\":\"https:\\\/\\\/www.webdo.tn\\\/fr\\\/#website\"},\"primaryImageOfPage\":{\"@id\":\"https:\\\/\\\/www.webdo.tn\\\/fr\\\/actualite\\\/regions\\\/ghardimaou-actes-de-vandalisme-dans-un-college-suite-au-suicide-d-un-eleve\\\/212031\\\/#primaryimage\"},\"image\":{\"@id\":\"https:\\\/\\\/www.webdo.tn\\\/fr\\\/actualite\\\/regions\\\/ghardimaou-actes-de-vandalisme-dans-un-college-suite-au-suicide-d-un-eleve\\\/212031\\\/#primaryimage\"},\"thumbnailUrl\":\"https:\\\/\\\/www.webdo.tn\\\/fr\\\/wp-content\\\/uploads\\\/2024\\\/02\\\/a44d0387aa617c1726338bff8a2a4496.jpg\",\"datePublished\":\"2024-02-03T12:21:00+00:00\",\"dateModified\":\"2025-05-20T21:53:19+00:00\",\"description\":\"Le suicide, jeudi soir, d\u2019un \u00e9l\u00e8ve de 14 ans, qui s'est pendu, a d\u00e9clench\u00e9, vendredi 2 f\u00e9vrier 2024, une vague de col\u00e8re parmi ses camarades du coll\u00e8ge Farhat H...\",\"breadcrumb\":{\"@id\":\"https:\\\/\\\/www.webdo.tn\\\/fr\\\/actualite\\\/regions\\\/ghardimaou-actes-de-vandalisme-dans-un-college-suite-au-suicide-d-un-eleve\\\/212031\\\/#breadcrumb\"},\"inLanguage\":\"fr-FR\",\"potentialAction\":[{\"@type\":\"ReadAction\",\"target\":[\"https:\\\/\\\/www.webdo.tn\\\/fr\\\/actualite\\\/regions\\\/ghardimaou-actes-de-vandalisme-dans-un-college-suite-au-suicide-d-un-eleve\\\/212031\\\/\"]}]},{\"@type\":\"ImageObject\",\"inLanguage\":\"fr-FR\",\"@id\":\"https:\\\/\\\/www.webdo.tn\\\/fr\\\/actualite\\\/regions\\\/ghardimaou-actes-de-vandalisme-dans-un-college-suite-au-suicide-d-un-eleve\\\/212031\\\/#primaryimage\",\"url\":\"https:\\\/\\\/www.webdo.tn\\\/fr\\\/wp-content\\\/uploads\\\/2024\\\/02\\\/a44d0387aa617c1726338bff8a2a4496.jpg\",\"contentUrl\":\"https:\\\/\\\/www.webdo.tn\\\/fr\\\/wp-content\\\/uploads\\\/2024\\\/02\\\/a44d0387aa617c1726338bff8a2a4496.jpg\",\"width\":750,\"height\":400,\"caption\":\"Ghardimaou : Actes de vandalisme dans un coll\u00e8ge suite au suicide d\u2019un \u00e9l\u00e8ve\"},{\"@type\":\"BreadcrumbList\",\"@id\":\"https:\\\/\\\/www.webdo.tn\\\/fr\\\/actualite\\\/regions\\\/ghardimaou-actes-de-vandalisme-dans-un-college-suite-au-suicide-d-un-eleve\\\/212031\\\/#breadcrumb\",\"itemListElement\":[{\"@type\":\"ListItem\",\"position\":1,\"name\":\"Accueil\",\"item\":\"https:\\\/\\\/www.webdo.tn\\\/fr\\\/\"},{\"@type\":\"ListItem\",\"position\":2,\"name\":\"Ghardimaou : Actes de vandalisme dans un coll\u00e8ge suite au suicide d\u2019un \u00e9l\u00e8ve\"}]},{\"@type\":\"WebSite\",\"@id\":\"https:\\\/\\\/www.webdo.tn\\\/fr\\\/#website\",\"url\":\"https:\\\/\\\/www.webdo.tn\\\/fr\\\/\",\"name\":\"webdo\",\"description\":\"Tunisie - News en Tunisie et \u00e0 l&#039;international sur Webdo.tn\",\"publisher\":{\"@id\":\"https:\\\/\\\/www.webdo.tn\\\/fr\\\/#organization\"},\"potentialAction\":[{\"@type\":\"SearchAction\",\"target\":{\"@type\":\"EntryPoint\",\"urlTemplate\":\"https:\\\/\\\/www.webdo.tn\\\/fr\\\/?s={search_term_string}\"},\"query-input\":{\"@type\":\"PropertyValueSpecification\",\"valueRequired\":true,\"valueName\":\"search_term_string\"}}],\"inLanguage\":\"fr-FR\"},{\"@type\":\"Organization\",\"@id\":\"https:\\\/\\\/www.webdo.tn\\\/fr\\\/#organization\",\"name\":\"Webdo\",\"alternateName\":\"Webdo.tn\",\"url\":\"https:\\\/\\\/www.webdo.tn\\\/fr\\\/\",\"logo\":{\"@type\":\"ImageObject\",\"inLanguage\":\"fr-FR\",\"@id\":\"https:\\\/\\\/www.webdo.tn\\\/fr\\\/#\\\/schema\\\/logo\\\/image\\\/\",\"url\":\"https:\\\/\\\/www.webdo.tn\\\/fr\\\/wp-content\\\/uploads\\\/2025\\\/06\\\/Webdo-Tunisie_168377.jpg\",\"contentUrl\":\"https:\\\/\\\/www.webdo.tn\\\/fr\\\/wp-content\\\/uploads\\\/2025\\\/06\\\/Webdo-Tunisie_168377.jpg\",\"width\":301,\"height\":301,\"caption\":\"Webdo\"},\"image\":{\"@id\":\"https:\\\/\\\/www.webdo.tn\\\/fr\\\/#\\\/schema\\\/logo\\\/image\\\/\"},\"sameAs\":[\"https:\\\/\\\/www.facebook.com\\\/webdotn\",\"https:\\\/\\\/x.com\\\/webdo_tn\"],\"description\":\"Webdo est un m\u00e9dia num\u00e9rique tunisien fond\u00e9 en 2010, sp\u00e9cialis\u00e9 dans l\u2019actualit\u00e9 nationale et internationale, l\u2019\u00e9conomie, la soci\u00e9t\u00e9 et les analyses politiques. Le site s\u2019adresse \u00e0 un large public francophone et couvre l\u2019information tunisienne en temps r\u00e9el.\",\"email\":\"redac@webdo.tn\",\"legalName\":\"YNJ SARL\",\"foundingDate\":\"2010-09-06\",\"numberOfEmployees\":{\"@type\":\"QuantitativeValue\",\"minValue\":\"11\",\"maxValue\":\"50\"}},{\"@type\":\"Person\",\"@id\":\"https:\\\/\\\/www.webdo.tn\\\/fr\\\/#\\\/schema\\\/person\\\/2c4929cbf5a809e3bd38617c6ce150f6\",\"name\":\"MC\",\"image\":{\"@type\":\"ImageObject\",\"inLanguage\":\"fr-FR\",\"@id\":\"https:\\\/\\\/secure.gravatar.com\\\/avatar\\\/a545bbb6f84efdd5553dbbc2895e3ca8f1d12c5215e00a041c9670b54aa9b18a?s=96&d=mm&r=g\",\"url\":\"https:\\\/\\\/secure.gravatar.com\\\/avatar\\\/a545bbb6f84efdd5553dbbc2895e3ca8f1d12c5215e00a041c9670b54aa9b18a?s=96&d=mm&r=g\",\"contentUrl\":\"https:\\\/\\\/secure.gravatar.com\\\/avatar\\\/a545bbb6f84efdd5553dbbc2895e3ca8f1d12c5215e00a041c9670b54aa9b18a?s=96&d=mm&r=g\",\"caption\":\"MC\"},\"url\":\"https:\\\/\\\/www.webdo.tn\\\/fr\\\/actualite\\\/author\\\/mc\\\/\"}]}<\/script>\n<!-- \/ Yoast SEO Premium plugin. -->","yoast_head_json":{"title":"Ghardimaou : Actes de vandalisme dans un coll\u00e8ge suite au suicide d\u2019un \u00e9l\u00e8ve","description":"Le suicide, jeudi soir, d\u2019un \u00e9l\u00e8ve de 14 ans, qui s'est pendu, a d\u00e9clench\u00e9, vendredi 2 f\u00e9vrier 2024, une vague de col\u00e8re parmi ses camarades du coll\u00e8ge Farhat H...","canonical":"https:\/\/www.webdo.tn\/fr\/actualite\/regions\/ghardimaou-actes-de-vandalisme-dans-un-college-suite-au-suicide-d-un-eleve\/212031\/","og_locale":"fr_FR","og_type":"article","og_title":"Ghardimaou : Actes de vandalisme dans un coll\u00e8ge suite au suicide d\u2019un \u00e9l\u00e8ve","og_description":"Le suicide, jeudi soir, d\u2019un \u00e9l\u00e8ve de 14 ans, qui s'est pendu, a d\u00e9clench\u00e9, vendredi 2 f\u00e9vrier 2024, une vague de col\u00e8re parmi ses camarades du coll\u00e8ge Farhat H...","og_url":"https:\/\/www.webdo.tn\/fr\/actualite\/regions\/ghardimaou-actes-de-vandalisme-dans-un-college-suite-au-suicide-d-un-eleve\/212031\/","og_site_name":"webdo","article_publisher":"https:\/\/www.facebook.com\/webdotn","article_published_time":"2024-02-03T12:21:00+00:00","article_modified_time":"2025-05-20T21:53:19+00:00","og_image":[{"width":750,"height":400,"url":"https:\/\/www.webdo.tn\/fr\/wp-content\/uploads\/2024\/02\/a44d0387aa617c1726338bff8a2a4496.jpg","type":"image\/jpeg"}],"author":"MC","twitter_card":"summary_large_image","twitter_creator":"@webdo_tn","twitter_site":"@webdo_tn","twitter_misc":{"\u00c9crit par":"MC","Dur\u00e9e de lecture estim\u00e9e":"1 minute"},"schema":{"@context":"https:\/\/schema.org","@graph":[{"@type":"NewsArticle","@id":"https:\/\/www.webdo.tn\/fr\/actualite\/regions\/ghardimaou-actes-de-vandalisme-dans-un-college-suite-au-suicide-d-un-eleve\/212031\/#article","isPartOf":{"@id":"https:\/\/www.webdo.tn\/fr\/actualite\/regions\/ghardimaou-actes-de-vandalisme-dans-un-college-suite-au-suicide-d-un-eleve\/212031\/"},"author":{"name":"MC","@id":"https:\/\/www.webdo.tn\/fr\/#\/schema\/person\/2c4929cbf5a809e3bd38617c6ce150f6"},"headline":"Ghardimaou : Actes de vandalisme dans un coll\u00e8ge suite au suicide d\u2019un \u00e9l\u00e8ve","datePublished":"2024-02-03T12:21:00+00:00","dateModified":"2025-05-20T21:53:19+00:00","mainEntityOfPage":{"@id":"https:\/\/www.webdo.tn\/fr\/actualite\/regions\/ghardimaou-actes-de-vandalisme-dans-un-college-suite-au-suicide-d-un-eleve\/212031\/"},"wordCount":282,"commentCount":0,"publisher":{"@id":"https:\/\/www.webdo.tn\/fr\/#organization"},"image":{"@id":"https:\/\/www.webdo.tn\/fr\/actualite\/regions\/ghardimaou-actes-de-vandalisme-dans-un-college-suite-au-suicide-d-un-eleve\/212031\/#primaryimage"},"thumbnailUrl":"https:\/\/www.webdo.tn\/fr\/wp-content\/uploads\/2024\/02\/a44d0387aa617c1726338bff8a2a4496.jpg","keywords":["coll\u00e8ge","\u00e9l\u00e8ve","ghardimaou","suicide","violence"],"articleSection":["regions"],"inLanguage":"fr-FR"},{"@type":"WebPage","@id":"https:\/\/www.webdo.tn\/fr\/actualite\/regions\/ghardimaou-actes-de-vandalisme-dans-un-college-suite-au-suicide-d-un-eleve\/212031\/","url":"https:\/\/www.webdo.tn\/fr\/actualite\/regions\/ghardimaou-actes-de-vandalisme-dans-un-college-suite-au-suicide-d-un-eleve\/212031\/","name":"Ghardimaou : Actes de vandalisme dans un coll\u00e8ge suite au suicide d\u2019un \u00e9l\u00e8ve","isPartOf":{"@id":"https:\/\/www.webdo.tn\/fr\/#website"},"primaryImageOfPage":{"@id":"https:\/\/www.webdo.tn\/fr\/actualite\/regions\/ghardimaou-actes-de-vandalisme-dans-un-college-suite-au-suicide-d-un-eleve\/212031\/#primaryimage"},"image":{"@id":"https:\/\/www.webdo.tn\/fr\/actualite\/regions\/ghardimaou-actes-de-vandalisme-dans-un-college-suite-au-suicide-d-un-eleve\/212031\/#primaryimage"},"thumbnailUrl":"https:\/\/www.webdo.tn\/fr\/wp-content\/uploads\/2024\/02\/a44d0387aa617c1726338bff8a2a4496.jpg","datePublished":"2024-02-03T12:21:00+00:00","dateModified":"2025-05-20T21:53:19+00:00","description":"Le suicide, jeudi soir, d\u2019un \u00e9l\u00e8ve de 14 ans, qui s'est pendu, a d\u00e9clench\u00e9, vendredi 2 f\u00e9vrier 2024, une vague de col\u00e8re parmi ses camarades du coll\u00e8ge Farhat H...","breadcrumb":{"@id":"https:\/\/www.webdo.tn\/fr\/actualite\/regions\/ghardimaou-actes-de-vandalisme-dans-un-college-suite-au-suicide-d-un-eleve\/212031\/#breadcrumb"},"inLanguage":"fr-FR","potentialAction":[{"@type":"ReadAction","target":["https:\/\/www.webdo.tn\/fr\/actualite\/regions\/ghardimaou-actes-de-vandalisme-dans-un-college-suite-au-suicide-d-un-eleve\/212031\/"]}]},{"@type":"ImageObject","inLanguage":"fr-FR","@id":"https:\/\/www.webdo.tn\/fr\/actualite\/regions\/ghardimaou-actes-de-vandalisme-dans-un-college-suite-au-suicide-d-un-eleve\/212031\/#primaryimage","url":"https:\/\/www.webdo.tn\/fr\/wp-content\/uploads\/2024\/02\/a44d0387aa617c1726338bff8a2a4496.jpg","contentUrl":"https:\/\/www.webdo.tn\/fr\/wp-content\/uploads\/2024\/02\/a44d0387aa617c1726338bff8a2a4496.jpg","width":750,"height":400,"caption":"Ghardimaou : Actes de vandalisme dans un coll\u00e8ge suite au suicide d\u2019un \u00e9l\u00e8ve"},{"@type":"BreadcrumbList","@id":"https:\/\/www.webdo.tn\/fr\/actualite\/regions\/ghardimaou-actes-de-vandalisme-dans-un-college-suite-au-suicide-d-un-eleve\/212031\/#breadcrumb","itemListElement":[{"@type":"ListItem","position":1,"name":"Accueil","item":"https:\/\/www.webdo.tn\/fr\/"},{"@type":"ListItem","position":2,"name":"Ghardimaou : Actes de vandalisme dans un coll\u00e8ge suite au suicide d\u2019un \u00e9l\u00e8ve"}]},{"@type":"WebSite","@id":"https:\/\/www.webdo.tn\/fr\/#website","url":"https:\/\/www.webdo.tn\/fr\/","name":"webdo","description":"Tunisie - News en Tunisie et \u00e0 l&#039;international sur Webdo.tn","publisher":{"@id":"https:\/\/www.webdo.tn\/fr\/#organization"},"potentialAction":[{"@type":"SearchAction","target":{"@type":"EntryPoint","urlTemplate":"https:\/\/www.webdo.tn\/fr\/?s={search_term_string}"},"query-input":{"@type":"PropertyValueSpecification","valueRequired":true,"valueName":"search_term_string"}}],"inLanguage":"fr-FR"},{"@type":"Organization","@id":"https:\/\/www.webdo.tn\/fr\/#organization","name":"Webdo","alternateName":"Webdo.tn","url":"https:\/\/www.webdo.tn\/fr\/","logo":{"@type":"ImageObject","inLanguage":"fr-FR","@id":"https:\/\/www.webdo.tn\/fr\/#\/schema\/logo\/image\/","url":"https:\/\/www.webdo.tn\/fr\/wp-content\/uploads\/2025\/06\/Webdo-Tunisie_168377.jpg","contentUrl":"https:\/\/www.webdo.tn\/fr\/wp-content\/uploads\/2025\/06\/Webdo-Tunisie_168377.jpg","width":301,"height":301,"caption":"Webdo"},"image":{"@id":"https:\/\/www.webdo.tn\/fr\/#\/schema\/logo\/image\/"},"sameAs":["https:\/\/www.facebook.com\/webdotn","https:\/\/x.com\/webdo_tn"],"description":"Webdo est un m\u00e9dia num\u00e9rique tunisien fond\u00e9 en 2010, sp\u00e9cialis\u00e9 dans l\u2019actualit\u00e9 nationale et internationale, l\u2019\u00e9conomie, la soci\u00e9t\u00e9 et les analyses politiques. Le site s\u2019adresse \u00e0 un large public francophone et couvre l\u2019information tunisienne en temps r\u00e9el.","email":"redac@webdo.tn","legalName":"YNJ SARL","foundingDate":"2010-09-06","numberOfEmployees":{"@type":"QuantitativeValue","minValue":"11","maxValue":"50"}},{"@type":"Person","@id":"https:\/\/www.webdo.tn\/fr\/#\/schema\/person\/2c4929cbf5a809e3bd38617c6ce150f6","name":"MC","image":{"@type":"ImageObject","inLanguage":"fr-FR","@id":"https:\/\/secure.gravatar.com\/avatar\/a545bbb6f84efdd5553dbbc2895e3ca8f1d12c5215e00a041c9670b54aa9b18a?s=96&d=mm&r=g","url":"https:\/\/secure.gravatar.com\/avatar\/a545bbb6f84efdd5553dbbc2895e3ca8f1d12c5215e00a041c9670b54aa9b18a?s=96&d=mm&r=g","contentUrl":"https:\/\/secure.gravatar.com\/avatar\/a545bbb6f84efdd5553dbbc2895e3ca8f1d12c5215e00a041c9670b54aa9b18a?s=96&d=mm&r=g","caption":"MC"},"url":"https:\/\/www.webdo.tn\/fr\/actualite\/author\/mc\/"}]}},"_links":{"self":[{"href":"https:\/\/www.webdo.tn\/fr\/wp-json\/wp\/v2\/posts\/212031","targetHints":{"allow":["GET"]}}],"collection":[{"href":"https:\/\/www.webdo.tn\/fr\/wp-json\/wp\/v2\/posts"}],"about":[{"href":"https:\/\/www.webdo.tn\/fr\/wp-json\/wp\/v2\/types\/post"}],"author":[{"embeddable":true,"href":"https:\/\/www.webdo.tn\/fr\/wp-json\/wp\/v2\/users\/3162"}],"replies":[{"embeddable":true,"href":"https:\/\/www.webdo.tn\/fr\/wp-json\/wp\/v2\/comments?post=212031"}],"version-history":[{"count":0,"href":"https:\/\/www.webdo.tn\/fr\/wp-json\/wp\/v2\/posts\/212031\/revisions"}],"wp:featuredmedia":[{"embeddable":true,"href":"https:\/\/www.webdo.tn\/fr\/wp-json\/wp\/v2\/media\/248081"}],"wp:attachment":[{"href":"https:\/\/www.webdo.tn\/fr\/wp-json\/wp\/v2\/media?parent=212031"}],"wp:term":[{"taxonomy":"category","embeddable":true,"href":"https:\/\/www.webdo.tn\/fr\/wp-json\/wp\/v2\/categories?post=212031"},{"taxonomy":"post_tag","embeddable":true,"href":"https:\/\/www.webdo.tn\/fr\/wp-json\/wp\/v2\/tags?post=212031"}],"curies":[{"name":"wp","href":"https:\/\/api.w.org\/{rel}","templated":true}]}}