{"id":212029,"date":"2024-02-03T10:37:00","date_gmt":"2024-02-03T10:37:00","guid":{"rendered":"https:\/\/www.webdo.tn\/fr\/blog\/france-attaque-au-couteau-a-la-gare-de-lyon-trois-blesses\/212029\/"},"modified":"2025-05-20T21:53:19","modified_gmt":"2025-05-20T21:53:19","slug":"france-attaque-au-couteau-a-la-gare-de-lyon-trois-blesses","status":"publish","type":"post","link":"https:\/\/www.webdo.tn\/fr\/actualite\/international\/france-attaque-au-couteau-a-la-gare-de-lyon-trois-blesses\/212029\/","title":{"rendered":"France : Attaque au couteau \u00e0 la gare de Lyon, trois bless\u00e9s"},"content":{"rendered":"<p>Au moins trois personnes ont \u00e9t\u00e9 bless\u00e9es, dont une gri\u00e8vement dans une attaque au couteau qui a eu lieu ce samedi matin 3 f\u00e9vrier 2024 \u00e0 la gare de Lyon \u00e0 Paris. L\u2019agresseur a \u00e9t\u00e9 interpell\u00e9.<\/p>\n<p>\t\t\t\t\t\t\t\t\tAu moins trois personnes ont \u00e9t\u00e9 bless\u00e9es, dont une gri\u00e8vement, dans une attaque au couteau commise par un individu \u00e0 la gare de Lyon ce samedi 3 f\u00e9vrier aux alentours de 8 heures.<\/p>\n<p>Une personne a \u00e9t\u00e9 interpell\u00e9e et selon les premiers \u00e9l\u00e9ments, l&rsquo;homme est originaire du Mali, la trentaine. La piste terroriste serait \u00e9cart\u00e9e.<\/p>\n","protected":false},"excerpt":{"rendered":"<p>Rrois personnes ont \u00e9t\u00e9 bless\u00e9es dans une attaque au couteau \u00e0 la gare de Lyon \u00e0 Paris. L\u2019agresseur a \u00e9t\u00e9 interpell\u00e9.<\/p>\n","protected":false},"author":3162,"featured_media":248084,"comment_status":"open","ping_status":"closed","sticky":false,"template":"","format":"standard","meta":{"footnotes":""},"categories":[2598],"tags":[3918,7068,7069,5270],"class_list":["post-212029","post","type-post","status-publish","format-standard","has-post-thumbnail","hentry","category-international","tag-attaque","tag-couteau","tag-gare-de-lyon","tag-paris"],"yoast_head":"<!-- This site is optimized with the Yoast SEO Premium plugin v27.5 (Yoast SEO v27.5) - https:\/\/yoast.com\/product\/yoast-seo-premium-wordpress\/ -->\n<title>France : Attaque au couteau \u00e0 la gare de Lyon, trois bless\u00e9s<\/title>\n<meta name=\"description\" content=\"Rrois personnes ont \u00e9t\u00e9 bless\u00e9es dans une attaque au couteau \u00e0 la gare de Lyon \u00e0 Paris. L\u2019agresseur a \u00e9t\u00e9 interpell\u00e9.\" \/>\n<link rel=\"canonical\" href=\"https:\/\/www.webdo.tn\/fr\/actualite\/international\/france-attaque-au-couteau-a-la-gare-de-lyon-trois-blesses\/212029\/\" \/>\n<meta property=\"og:locale\" content=\"fr_FR\" \/>\n<meta property=\"og:type\" content=\"article\" \/>\n<meta property=\"og:title\" content=\"France : Attaque au couteau \u00e0 la gare de Lyon, trois bless\u00e9s\" \/>\n<meta property=\"og:description\" content=\"Rrois personnes ont \u00e9t\u00e9 bless\u00e9es dans une attaque au couteau \u00e0 la gare de Lyon \u00e0 Paris. L\u2019agresseur a \u00e9t\u00e9 interpell\u00e9.\" \/>\n<meta property=\"og:url\" content=\"https:\/\/www.webdo.tn\/fr\/actualite\/international\/france-attaque-au-couteau-a-la-gare-de-lyon-trois-blesses\/212029\/\" \/>\n<meta property=\"og:site_name\" content=\"webdo\" \/>\n<meta property=\"article:publisher\" content=\"https:\/\/www.facebook.com\/webdotn\" \/>\n<meta property=\"article:published_time\" content=\"2024-02-03T10:37:00+00:00\" \/>\n<meta property=\"article:modified_time\" content=\"2025-05-20T21:53:19+00:00\" \/>\n<meta property=\"og:image\" content=\"https:\/\/www.webdo.tn\/fr\/wp-content\/uploads\/2024\/02\/b5d6010212c6cb655016cee110aeb2fd.jpg\" \/>\n\t<meta property=\"og:image:width\" content=\"750\" \/>\n\t<meta property=\"og:image:height\" content=\"400\" \/>\n\t<meta property=\"og:image:type\" content=\"image\/jpeg\" \/>\n<meta name=\"author\" content=\"MC\" \/>\n<meta name=\"twitter:card\" content=\"summary_large_image\" \/>\n<meta name=\"twitter:creator\" content=\"@webdo_tn\" \/>\n<meta name=\"twitter:site\" content=\"@webdo_tn\" \/>\n<meta name=\"twitter:label1\" content=\"\u00c9crit par\" \/>\n\t<meta name=\"twitter:data1\" content=\"MC\" \/>\n<script type=\"application\/ld+json\" class=\"yoast-schema-graph\">{\"@context\":\"https:\\\/\\\/schema.org\",\"@graph\":[{\"@type\":\"NewsArticle\",\"@id\":\"https:\\\/\\\/www.webdo.tn\\\/fr\\\/actualite\\\/international\\\/france-attaque-au-couteau-a-la-gare-de-lyon-trois-blesses\\\/212029\\\/#article\",\"isPartOf\":{\"@id\":\"https:\\\/\\\/www.webdo.tn\\\/fr\\\/actualite\\\/international\\\/france-attaque-au-couteau-a-la-gare-de-lyon-trois-blesses\\\/212029\\\/\"},\"author\":{\"name\":\"MC\",\"@id\":\"https:\\\/\\\/www.webdo.tn\\\/fr\\\/#\\\/schema\\\/person\\\/2c4929cbf5a809e3bd38617c6ce150f6\"},\"headline\":\"France : Attaque au couteau \u00e0 la gare de Lyon, trois bless\u00e9s\",\"datePublished\":\"2024-02-03T10:37:00+00:00\",\"dateModified\":\"2025-05-20T21:53:19+00:00\",\"mainEntityOfPage\":{\"@id\":\"https:\\\/\\\/www.webdo.tn\\\/fr\\\/actualite\\\/international\\\/france-attaque-au-couteau-a-la-gare-de-lyon-trois-blesses\\\/212029\\\/\"},\"wordCount\":106,\"commentCount\":0,\"publisher\":{\"@id\":\"https:\\\/\\\/www.webdo.tn\\\/fr\\\/#organization\"},\"image\":{\"@id\":\"https:\\\/\\\/www.webdo.tn\\\/fr\\\/actualite\\\/international\\\/france-attaque-au-couteau-a-la-gare-de-lyon-trois-blesses\\\/212029\\\/#primaryimage\"},\"thumbnailUrl\":\"https:\\\/\\\/www.webdo.tn\\\/fr\\\/wp-content\\\/uploads\\\/2024\\\/02\\\/b5d6010212c6cb655016cee110aeb2fd.jpg\",\"keywords\":[\"attaque\",\"couteau\",\"gare de lyon\",\"Paris\"],\"articleSection\":[\"International\"],\"inLanguage\":\"fr-FR\"},{\"@type\":\"WebPage\",\"@id\":\"https:\\\/\\\/www.webdo.tn\\\/fr\\\/actualite\\\/international\\\/france-attaque-au-couteau-a-la-gare-de-lyon-trois-blesses\\\/212029\\\/\",\"url\":\"https:\\\/\\\/www.webdo.tn\\\/fr\\\/actualite\\\/international\\\/france-attaque-au-couteau-a-la-gare-de-lyon-trois-blesses\\\/212029\\\/\",\"name\":\"France : Attaque au couteau \u00e0 la gare de Lyon, trois bless\u00e9s\",\"isPartOf\":{\"@id\":\"https:\\\/\\\/www.webdo.tn\\\/fr\\\/#website\"},\"primaryImageOfPage\":{\"@id\":\"https:\\\/\\\/www.webdo.tn\\\/fr\\\/actualite\\\/international\\\/france-attaque-au-couteau-a-la-gare-de-lyon-trois-blesses\\\/212029\\\/#primaryimage\"},\"image\":{\"@id\":\"https:\\\/\\\/www.webdo.tn\\\/fr\\\/actualite\\\/international\\\/france-attaque-au-couteau-a-la-gare-de-lyon-trois-blesses\\\/212029\\\/#primaryimage\"},\"thumbnailUrl\":\"https:\\\/\\\/www.webdo.tn\\\/fr\\\/wp-content\\\/uploads\\\/2024\\\/02\\\/b5d6010212c6cb655016cee110aeb2fd.jpg\",\"datePublished\":\"2024-02-03T10:37:00+00:00\",\"dateModified\":\"2025-05-20T21:53:19+00:00\",\"description\":\"Rrois personnes ont \u00e9t\u00e9 bless\u00e9es dans une attaque au couteau \u00e0 la gare de Lyon \u00e0 Paris. L\u2019agresseur a \u00e9t\u00e9 interpell\u00e9.\",\"breadcrumb\":{\"@id\":\"https:\\\/\\\/www.webdo.tn\\\/fr\\\/actualite\\\/international\\\/france-attaque-au-couteau-a-la-gare-de-lyon-trois-blesses\\\/212029\\\/#breadcrumb\"},\"inLanguage\":\"fr-FR\",\"potentialAction\":[{\"@type\":\"ReadAction\",\"target\":[\"https:\\\/\\\/www.webdo.tn\\\/fr\\\/actualite\\\/international\\\/france-attaque-au-couteau-a-la-gare-de-lyon-trois-blesses\\\/212029\\\/\"]}]},{\"@type\":\"ImageObject\",\"inLanguage\":\"fr-FR\",\"@id\":\"https:\\\/\\\/www.webdo.tn\\\/fr\\\/actualite\\\/international\\\/france-attaque-au-couteau-a-la-gare-de-lyon-trois-blesses\\\/212029\\\/#primaryimage\",\"url\":\"https:\\\/\\\/www.webdo.tn\\\/fr\\\/wp-content\\\/uploads\\\/2024\\\/02\\\/b5d6010212c6cb655016cee110aeb2fd.jpg\",\"contentUrl\":\"https:\\\/\\\/www.webdo.tn\\\/fr\\\/wp-content\\\/uploads\\\/2024\\\/02\\\/b5d6010212c6cb655016cee110aeb2fd.jpg\",\"width\":750,\"height\":400,\"caption\":\"France : Attaque au couteau \u00e0 la gare de Lyon, trois bless\u00e9s\"},{\"@type\":\"BreadcrumbList\",\"@id\":\"https:\\\/\\\/www.webdo.tn\\\/fr\\\/actualite\\\/international\\\/france-attaque-au-couteau-a-la-gare-de-lyon-trois-blesses\\\/212029\\\/#breadcrumb\",\"itemListElement\":[{\"@type\":\"ListItem\",\"position\":1,\"name\":\"Accueil\",\"item\":\"https:\\\/\\\/www.webdo.tn\\\/fr\\\/\"},{\"@type\":\"ListItem\",\"position\":2,\"name\":\"France : Attaque au couteau \u00e0 la gare de Lyon, trois bless\u00e9s\"}]},{\"@type\":\"WebSite\",\"@id\":\"https:\\\/\\\/www.webdo.tn\\\/fr\\\/#website\",\"url\":\"https:\\\/\\\/www.webdo.tn\\\/fr\\\/\",\"name\":\"webdo\",\"description\":\"Tunisie - News en Tunisie et \u00e0 l&#039;international sur Webdo.tn\",\"publisher\":{\"@id\":\"https:\\\/\\\/www.webdo.tn\\\/fr\\\/#organization\"},\"potentialAction\":[{\"@type\":\"SearchAction\",\"target\":{\"@type\":\"EntryPoint\",\"urlTemplate\":\"https:\\\/\\\/www.webdo.tn\\\/fr\\\/?s={search_term_string}\"},\"query-input\":{\"@type\":\"PropertyValueSpecification\",\"valueRequired\":true,\"valueName\":\"search_term_string\"}}],\"inLanguage\":\"fr-FR\"},{\"@type\":\"Organization\",\"@id\":\"https:\\\/\\\/www.webdo.tn\\\/fr\\\/#organization\",\"name\":\"Webdo\",\"alternateName\":\"Webdo.tn\",\"url\":\"https:\\\/\\\/www.webdo.tn\\\/fr\\\/\",\"logo\":{\"@type\":\"ImageObject\",\"inLanguage\":\"fr-FR\",\"@id\":\"https:\\\/\\\/www.webdo.tn\\\/fr\\\/#\\\/schema\\\/logo\\\/image\\\/\",\"url\":\"https:\\\/\\\/www.webdo.tn\\\/fr\\\/wp-content\\\/uploads\\\/2025\\\/06\\\/Webdo-Tunisie_168377.jpg\",\"contentUrl\":\"https:\\\/\\\/www.webdo.tn\\\/fr\\\/wp-content\\\/uploads\\\/2025\\\/06\\\/Webdo-Tunisie_168377.jpg\",\"width\":301,\"height\":301,\"caption\":\"Webdo\"},\"image\":{\"@id\":\"https:\\\/\\\/www.webdo.tn\\\/fr\\\/#\\\/schema\\\/logo\\\/image\\\/\"},\"sameAs\":[\"https:\\\/\\\/www.facebook.com\\\/webdotn\",\"https:\\\/\\\/x.com\\\/webdo_tn\"],\"description\":\"Webdo est un m\u00e9dia num\u00e9rique tunisien fond\u00e9 en 2010, sp\u00e9cialis\u00e9 dans l\u2019actualit\u00e9 nationale et internationale, l\u2019\u00e9conomie, la soci\u00e9t\u00e9 et les analyses politiques. Le site s\u2019adresse \u00e0 un large public francophone et couvre l\u2019information tunisienne en temps r\u00e9el.\",\"email\":\"redac@webdo.tn\",\"legalName\":\"YNJ SARL\",\"foundingDate\":\"2010-09-06\",\"numberOfEmployees\":{\"@type\":\"QuantitativeValue\",\"minValue\":\"11\",\"maxValue\":\"50\"}},{\"@type\":\"Person\",\"@id\":\"https:\\\/\\\/www.webdo.tn\\\/fr\\\/#\\\/schema\\\/person\\\/2c4929cbf5a809e3bd38617c6ce150f6\",\"name\":\"MC\",\"image\":{\"@type\":\"ImageObject\",\"inLanguage\":\"fr-FR\",\"@id\":\"https:\\\/\\\/secure.gravatar.com\\\/avatar\\\/a545bbb6f84efdd5553dbbc2895e3ca8f1d12c5215e00a041c9670b54aa9b18a?s=96&d=mm&r=g\",\"url\":\"https:\\\/\\\/secure.gravatar.com\\\/avatar\\\/a545bbb6f84efdd5553dbbc2895e3ca8f1d12c5215e00a041c9670b54aa9b18a?s=96&d=mm&r=g\",\"contentUrl\":\"https:\\\/\\\/secure.gravatar.com\\\/avatar\\\/a545bbb6f84efdd5553dbbc2895e3ca8f1d12c5215e00a041c9670b54aa9b18a?s=96&d=mm&r=g\",\"caption\":\"MC\"},\"url\":\"https:\\\/\\\/www.webdo.tn\\\/fr\\\/actualite\\\/author\\\/mc\\\/\"}]}<\/script>\n<!-- \/ Yoast SEO Premium plugin. -->","yoast_head_json":{"title":"France : Attaque au couteau \u00e0 la gare de Lyon, trois bless\u00e9s","description":"Rrois personnes ont \u00e9t\u00e9 bless\u00e9es dans une attaque au couteau \u00e0 la gare de Lyon \u00e0 Paris. L\u2019agresseur a \u00e9t\u00e9 interpell\u00e9.","canonical":"https:\/\/www.webdo.tn\/fr\/actualite\/international\/france-attaque-au-couteau-a-la-gare-de-lyon-trois-blesses\/212029\/","og_locale":"fr_FR","og_type":"article","og_title":"France : Attaque au couteau \u00e0 la gare de Lyon, trois bless\u00e9s","og_description":"Rrois personnes ont \u00e9t\u00e9 bless\u00e9es dans une attaque au couteau \u00e0 la gare de Lyon \u00e0 Paris. L\u2019agresseur a \u00e9t\u00e9 interpell\u00e9.","og_url":"https:\/\/www.webdo.tn\/fr\/actualite\/international\/france-attaque-au-couteau-a-la-gare-de-lyon-trois-blesses\/212029\/","og_site_name":"webdo","article_publisher":"https:\/\/www.facebook.com\/webdotn","article_published_time":"2024-02-03T10:37:00+00:00","article_modified_time":"2025-05-20T21:53:19+00:00","og_image":[{"width":750,"height":400,"url":"https:\/\/www.webdo.tn\/fr\/wp-content\/uploads\/2024\/02\/b5d6010212c6cb655016cee110aeb2fd.jpg","type":"image\/jpeg"}],"author":"MC","twitter_card":"summary_large_image","twitter_creator":"@webdo_tn","twitter_site":"@webdo_tn","twitter_misc":{"\u00c9crit par":"MC"},"schema":{"@context":"https:\/\/schema.org","@graph":[{"@type":"NewsArticle","@id":"https:\/\/www.webdo.tn\/fr\/actualite\/international\/france-attaque-au-couteau-a-la-gare-de-lyon-trois-blesses\/212029\/#article","isPartOf":{"@id":"https:\/\/www.webdo.tn\/fr\/actualite\/international\/france-attaque-au-couteau-a-la-gare-de-lyon-trois-blesses\/212029\/"},"author":{"name":"MC","@id":"https:\/\/www.webdo.tn\/fr\/#\/schema\/person\/2c4929cbf5a809e3bd38617c6ce150f6"},"headline":"France : Attaque au couteau \u00e0 la gare de Lyon, trois bless\u00e9s","datePublished":"2024-02-03T10:37:00+00:00","dateModified":"2025-05-20T21:53:19+00:00","mainEntityOfPage":{"@id":"https:\/\/www.webdo.tn\/fr\/actualite\/international\/france-attaque-au-couteau-a-la-gare-de-lyon-trois-blesses\/212029\/"},"wordCount":106,"commentCount":0,"publisher":{"@id":"https:\/\/www.webdo.tn\/fr\/#organization"},"image":{"@id":"https:\/\/www.webdo.tn\/fr\/actualite\/international\/france-attaque-au-couteau-a-la-gare-de-lyon-trois-blesses\/212029\/#primaryimage"},"thumbnailUrl":"https:\/\/www.webdo.tn\/fr\/wp-content\/uploads\/2024\/02\/b5d6010212c6cb655016cee110aeb2fd.jpg","keywords":["attaque","couteau","gare de lyon","Paris"],"articleSection":["International"],"inLanguage":"fr-FR"},{"@type":"WebPage","@id":"https:\/\/www.webdo.tn\/fr\/actualite\/international\/france-attaque-au-couteau-a-la-gare-de-lyon-trois-blesses\/212029\/","url":"https:\/\/www.webdo.tn\/fr\/actualite\/international\/france-attaque-au-couteau-a-la-gare-de-lyon-trois-blesses\/212029\/","name":"France : Attaque au couteau \u00e0 la gare de Lyon, trois bless\u00e9s","isPartOf":{"@id":"https:\/\/www.webdo.tn\/fr\/#website"},"primaryImageOfPage":{"@id":"https:\/\/www.webdo.tn\/fr\/actualite\/international\/france-attaque-au-couteau-a-la-gare-de-lyon-trois-blesses\/212029\/#primaryimage"},"image":{"@id":"https:\/\/www.webdo.tn\/fr\/actualite\/international\/france-attaque-au-couteau-a-la-gare-de-lyon-trois-blesses\/212029\/#primaryimage"},"thumbnailUrl":"https:\/\/www.webdo.tn\/fr\/wp-content\/uploads\/2024\/02\/b5d6010212c6cb655016cee110aeb2fd.jpg","datePublished":"2024-02-03T10:37:00+00:00","dateModified":"2025-05-20T21:53:19+00:00","description":"Rrois personnes ont \u00e9t\u00e9 bless\u00e9es dans une attaque au couteau \u00e0 la gare de Lyon \u00e0 Paris. L\u2019agresseur a \u00e9t\u00e9 interpell\u00e9.","breadcrumb":{"@id":"https:\/\/www.webdo.tn\/fr\/actualite\/international\/france-attaque-au-couteau-a-la-gare-de-lyon-trois-blesses\/212029\/#breadcrumb"},"inLanguage":"fr-FR","potentialAction":[{"@type":"ReadAction","target":["https:\/\/www.webdo.tn\/fr\/actualite\/international\/france-attaque-au-couteau-a-la-gare-de-lyon-trois-blesses\/212029\/"]}]},{"@type":"ImageObject","inLanguage":"fr-FR","@id":"https:\/\/www.webdo.tn\/fr\/actualite\/international\/france-attaque-au-couteau-a-la-gare-de-lyon-trois-blesses\/212029\/#primaryimage","url":"https:\/\/www.webdo.tn\/fr\/wp-content\/uploads\/2024\/02\/b5d6010212c6cb655016cee110aeb2fd.jpg","contentUrl":"https:\/\/www.webdo.tn\/fr\/wp-content\/uploads\/2024\/02\/b5d6010212c6cb655016cee110aeb2fd.jpg","width":750,"height":400,"caption":"France : Attaque au couteau \u00e0 la gare de Lyon, trois bless\u00e9s"},{"@type":"BreadcrumbList","@id":"https:\/\/www.webdo.tn\/fr\/actualite\/international\/france-attaque-au-couteau-a-la-gare-de-lyon-trois-blesses\/212029\/#breadcrumb","itemListElement":[{"@type":"ListItem","position":1,"name":"Accueil","item":"https:\/\/www.webdo.tn\/fr\/"},{"@type":"ListItem","position":2,"name":"France : Attaque au couteau \u00e0 la gare de Lyon, trois bless\u00e9s"}]},{"@type":"WebSite","@id":"https:\/\/www.webdo.tn\/fr\/#website","url":"https:\/\/www.webdo.tn\/fr\/","name":"webdo","description":"Tunisie - News en Tunisie et \u00e0 l&#039;international sur Webdo.tn","publisher":{"@id":"https:\/\/www.webdo.tn\/fr\/#organization"},"potentialAction":[{"@type":"SearchAction","target":{"@type":"EntryPoint","urlTemplate":"https:\/\/www.webdo.tn\/fr\/?s={search_term_string}"},"query-input":{"@type":"PropertyValueSpecification","valueRequired":true,"valueName":"search_term_string"}}],"inLanguage":"fr-FR"},{"@type":"Organization","@id":"https:\/\/www.webdo.tn\/fr\/#organization","name":"Webdo","alternateName":"Webdo.tn","url":"https:\/\/www.webdo.tn\/fr\/","logo":{"@type":"ImageObject","inLanguage":"fr-FR","@id":"https:\/\/www.webdo.tn\/fr\/#\/schema\/logo\/image\/","url":"https:\/\/www.webdo.tn\/fr\/wp-content\/uploads\/2025\/06\/Webdo-Tunisie_168377.jpg","contentUrl":"https:\/\/www.webdo.tn\/fr\/wp-content\/uploads\/2025\/06\/Webdo-Tunisie_168377.jpg","width":301,"height":301,"caption":"Webdo"},"image":{"@id":"https:\/\/www.webdo.tn\/fr\/#\/schema\/logo\/image\/"},"sameAs":["https:\/\/www.facebook.com\/webdotn","https:\/\/x.com\/webdo_tn"],"description":"Webdo est un m\u00e9dia num\u00e9rique tunisien fond\u00e9 en 2010, sp\u00e9cialis\u00e9 dans l\u2019actualit\u00e9 nationale et internationale, l\u2019\u00e9conomie, la soci\u00e9t\u00e9 et les analyses politiques. Le site s\u2019adresse \u00e0 un large public francophone et couvre l\u2019information tunisienne en temps r\u00e9el.","email":"redac@webdo.tn","legalName":"YNJ SARL","foundingDate":"2010-09-06","numberOfEmployees":{"@type":"QuantitativeValue","minValue":"11","maxValue":"50"}},{"@type":"Person","@id":"https:\/\/www.webdo.tn\/fr\/#\/schema\/person\/2c4929cbf5a809e3bd38617c6ce150f6","name":"MC","image":{"@type":"ImageObject","inLanguage":"fr-FR","@id":"https:\/\/secure.gravatar.com\/avatar\/a545bbb6f84efdd5553dbbc2895e3ca8f1d12c5215e00a041c9670b54aa9b18a?s=96&d=mm&r=g","url":"https:\/\/secure.gravatar.com\/avatar\/a545bbb6f84efdd5553dbbc2895e3ca8f1d12c5215e00a041c9670b54aa9b18a?s=96&d=mm&r=g","contentUrl":"https:\/\/secure.gravatar.com\/avatar\/a545bbb6f84efdd5553dbbc2895e3ca8f1d12c5215e00a041c9670b54aa9b18a?s=96&d=mm&r=g","caption":"MC"},"url":"https:\/\/www.webdo.tn\/fr\/actualite\/author\/mc\/"}]}},"_links":{"self":[{"href":"https:\/\/www.webdo.tn\/fr\/wp-json\/wp\/v2\/posts\/212029","targetHints":{"allow":["GET"]}}],"collection":[{"href":"https:\/\/www.webdo.tn\/fr\/wp-json\/wp\/v2\/posts"}],"about":[{"href":"https:\/\/www.webdo.tn\/fr\/wp-json\/wp\/v2\/types\/post"}],"author":[{"embeddable":true,"href":"https:\/\/www.webdo.tn\/fr\/wp-json\/wp\/v2\/users\/3162"}],"replies":[{"embeddable":true,"href":"https:\/\/www.webdo.tn\/fr\/wp-json\/wp\/v2\/comments?post=212029"}],"version-history":[{"count":0,"href":"https:\/\/www.webdo.tn\/fr\/wp-json\/wp\/v2\/posts\/212029\/revisions"}],"wp:featuredmedia":[{"embeddable":true,"href":"https:\/\/www.webdo.tn\/fr\/wp-json\/wp\/v2\/media\/248084"}],"wp:attachment":[{"href":"https:\/\/www.webdo.tn\/fr\/wp-json\/wp\/v2\/media?parent=212029"}],"wp:term":[{"taxonomy":"category","embeddable":true,"href":"https:\/\/www.webdo.tn\/fr\/wp-json\/wp\/v2\/categories?post=212029"},{"taxonomy":"post_tag","embeddable":true,"href":"https:\/\/www.webdo.tn\/fr\/wp-json\/wp\/v2\/tags?post=212029"}],"curies":[{"name":"wp","href":"https:\/\/api.w.org\/{rel}","templated":true}]}}