{"id":212015,"date":"2024-02-02T14:55:00","date_gmt":"2024-02-02T14:55:00","guid":{"rendered":"https:\/\/www.webdo.tn\/fr\/blog\/tunisie-vignette-auto-lundi-5-fevrier-dernier-delai-pour-les-personnes-morales\/212015\/"},"modified":"2025-05-20T22:11:38","modified_gmt":"2025-05-20T22:11:38","slug":"tunisie-vignette-auto-lundi-5-fevrier-dernier-delai-pour-les-personnes-morales","status":"publish","type":"post","link":"https:\/\/www.webdo.tn\/fr\/actualite\/national\/tunisie-vignette-auto-lundi-5-fevrier-dernier-delai-pour-les-personnes-morales\/212015\/","title":{"rendered":"Tunisie &#8211; Vignette auto : Lundi 5 f\u00e9vrier, dernier d\u00e9lai pour les personnes morales"},"content":{"rendered":"<p>Les entreprises et \u00e9tablissements publics, les personnes morales ont jusqu&rsquo;au lundi 5 f\u00e9vrier 2024, dernier d\u00e9lai pour s&rsquo;acquitter du montant de la taxe de circulation.<\/p>\n<p>\t\t\t\t\t\t\t\t\tLes entreprises et \u00e9tablissements publics ont jusqu&rsquo;au 5 f\u00e9vrier 2024 (lundi), dernier d\u00e9lai, pour s&rsquo;acquitter de la taxe de circulation et proc\u00e9der au paiement des vignettes autos pour l\u2019ann\u00e9e 2024.<\/p>\n<p>Les personnes physiques propri\u00e9taire de v\u00e9hicules portant des num\u00e9ros d\u2019immatriculation pairs ont, quant \u00e0 eux, jusqu&rsquo;au 5 mars et c&rsquo;est le 5 avril pour les immatriculations impairs.<\/p>\n<p>En ce qui concerne les tarifs, ils restent les m\u00eames que l\u2019ann\u00e9e derni\u00e8re.<\/p>\n<p>V\u00e9hicules dont la puissance fiscale ne d\u00e9passe pas les 4 cv<\/p>\n<p>\tEssence : 65 dinars (Personne physique) \/ 130 dinars (Personne morale)<br \/>\n\tDiesel : 215 dinars (Personne physique) \/ 280 dinars (Personne morale)<br \/>\n\tGPL : 390 dinars (Personne physique) \/ 455 dinars (Personne morale)<\/p>\n<p>V\u00e9hicules dont la puissance fiscale est comprise entre 5 et 7 cv<\/p>\n<p>\tEssence : 130 dinars (Personne physique) \/ 260 dinars (Personne morale)<br \/>\n\tDiesel : 280 dinars (Personne physique) \/ 410 dinars (Personne morale)<br \/>\n\tGPL : 455 dinars (Personne physique) \/ 585 dinars (Personne morale)<\/p>\n<p>V\u00e9hicules dont la puissance fiscale est de 8 cv<\/p>\n<p>\tEssence : 180 dinars (Personne physique) \/ 360 dinars (Personne morale)<br \/>\n\tDiesel : 330 dinars (Personne physique) \/ 510 dinars (Personne morale)<br \/>\n\tGPL : 505 dinars (Personne physique) \/ 685 dinars (Personne morale)<\/p>\n<p>V\u00e9hicules dont la puissance fiscale est de 9 cv<\/p>\n<p>\tEssence : 180 dinars (Personne physique) \/ 360 dinars (Personne morale)<br \/>\n\tDiesel : 405 dinars (Personne physique) \/ 585 dinars (Personne morale)<br \/>\n\tGPL : 580 dinars (Personne physique) \/ 760 dinars (Personne morale)<\/p>\n<p>V\u00e9hicules dont la puissance fiscale est de 10 cv ou 11 cv<\/p>\n<p>\tEssence : 230 dinars (Personne physique) \/ 460 dinars (Personne morale)<br \/>\n\tDiesel : 455 dinars (Personne physique) \/ 685 dinars (Personne morale)<br \/>\n\tGPL : 630 dinars (Personne physique) \/ 860 dinars (Personne morale)<\/p>\n<p>V\u00e9hicules dont la puissance fiscale est de 12 cv ou 13 cv<\/p>\n<p>\tEssence : 1050 dinars (Personne physique) \/ 2100 dinars (Personne morale)<br \/>\n\tDiesel : 1275 dinars (Personne physique) \/ 2325 dinars (Personne morale)<br \/>\n\tGPL : 1450 dinars (Personne physique) \/ 2500 dinars (Personne morale)<\/p>\n<p>V\u00e9hicules dont la puissance fiscale est de 14 cv ou 15 cv<\/p>\n<p>\tEssence : 1400 dinars (Personne physique) \/ 2800 dinars (Personne morale)<br \/>\n\tDiesel : 1625 dinars (Personne physique) \/ 3025 dinars (Personne morale)<br \/>\n\tGPL : 1800 dinars (Personne physique) \/ 3200 dinars (Personne morale)<\/p>\n<p>V\u00e9hicules dont la puissance est \u00e9gale ou sup\u00e9rieure \u00e0 16 cv et les voitures de sport<\/p>\n<p>\tEssence : 2100 dinars (Personne physique) \/ 4200 dinars (Personne morale)<br \/>\n\tDiesel : 2325 dinars (Personne physique) \/ 4425 dinars (Personne morale)<br \/>\n\tGPL : 2500 dinars (Personne physique) \/ 4600 dinars (Personne morale)<\/p>\n","protected":false},"excerpt":{"rendered":"<p>Les entreprises et \u00e9tablissements publics ont jusqu&rsquo;au 5 f\u00e9vrier 2024 pour acheter leur vignette auto.<\/p>\n","protected":false},"author":3162,"featured_media":290168,"comment_status":"open","ping_status":"closed","sticky":false,"template":"","format":"standard","meta":{"footnotes":""},"categories":[44],"tags":[3379,4475,2608,3804],"class_list":["post-212015","post","type-post","status-publish","format-standard","has-post-thumbnail","hentry","category-national","tag-delai","tag-taxe-de-circulation","tag-tunisie","tag-vignette-auto"],"yoast_head":"<!-- This site is optimized with the Yoast SEO Premium plugin v27.5 (Yoast SEO v27.5) - https:\/\/yoast.com\/product\/yoast-seo-premium-wordpress\/ -->\n<title>Tunisie - Vignette auto : Lundi 5 f\u00e9vrier, dernier d\u00e9lai pour les personnes morales<\/title>\n<meta name=\"description\" content=\"Les entreprises et \u00e9tablissements publics ont jusqu&#039;au 5 f\u00e9vrier 2024 pour acheter leur vignette auto.\" \/>\n<link rel=\"canonical\" href=\"https:\/\/www.webdo.tn\/fr\/actualite\/national\/tunisie-vignette-auto-lundi-5-fevrier-dernier-delai-pour-les-personnes-morales\/212015\/\" \/>\n<meta property=\"og:locale\" content=\"fr_FR\" \/>\n<meta property=\"og:type\" content=\"article\" \/>\n<meta property=\"og:title\" content=\"Tunisie - Vignette auto : Lundi 5 f\u00e9vrier, dernier d\u00e9lai pour les personnes morales\" \/>\n<meta property=\"og:description\" content=\"Les entreprises et \u00e9tablissements publics ont jusqu&#039;au 5 f\u00e9vrier 2024 pour acheter leur vignette auto.\" \/>\n<meta property=\"og:url\" content=\"https:\/\/www.webdo.tn\/fr\/actualite\/national\/tunisie-vignette-auto-lundi-5-fevrier-dernier-delai-pour-les-personnes-morales\/212015\/\" \/>\n<meta property=\"og:site_name\" content=\"webdo\" \/>\n<meta property=\"article:publisher\" content=\"https:\/\/www.facebook.com\/webdotn\" \/>\n<meta property=\"article:published_time\" content=\"2024-02-02T14:55:00+00:00\" \/>\n<meta property=\"article:modified_time\" content=\"2025-05-20T22:11:38+00:00\" \/>\n<meta property=\"og:image\" content=\"https:\/\/www.webdo.tn\/fr\/wp-content\/uploads\/2024\/02\/e9e52c036b6fbc238898a03c681006d3.jpg\" \/>\n\t<meta property=\"og:image:width\" content=\"675\" \/>\n\t<meta property=\"og:image:height\" content=\"360\" \/>\n\t<meta property=\"og:image:type\" content=\"image\/jpeg\" \/>\n<meta name=\"author\" content=\"MC\" \/>\n<meta name=\"twitter:card\" content=\"summary_large_image\" \/>\n<meta name=\"twitter:creator\" content=\"@webdo_tn\" \/>\n<meta name=\"twitter:site\" content=\"@webdo_tn\" \/>\n<meta name=\"twitter:label1\" content=\"\u00c9crit par\" \/>\n\t<meta name=\"twitter:data1\" content=\"MC\" \/>\n\t<meta name=\"twitter:label2\" content=\"Dur\u00e9e de lecture estim\u00e9e\" \/>\n\t<meta name=\"twitter:data2\" content=\"2 minutes\" \/>\n<script type=\"application\/ld+json\" class=\"yoast-schema-graph\">{\"@context\":\"https:\\\/\\\/schema.org\",\"@graph\":[{\"@type\":\"NewsArticle\",\"@id\":\"https:\\\/\\\/www.webdo.tn\\\/fr\\\/actualite\\\/national\\\/tunisie-vignette-auto-lundi-5-fevrier-dernier-delai-pour-les-personnes-morales\\\/212015\\\/#article\",\"isPartOf\":{\"@id\":\"https:\\\/\\\/www.webdo.tn\\\/fr\\\/actualite\\\/national\\\/tunisie-vignette-auto-lundi-5-fevrier-dernier-delai-pour-les-personnes-morales\\\/212015\\\/\"},\"author\":{\"name\":\"MC\",\"@id\":\"https:\\\/\\\/www.webdo.tn\\\/fr\\\/#\\\/schema\\\/person\\\/2c4929cbf5a809e3bd38617c6ce150f6\"},\"headline\":\"Tunisie &#8211; Vignette auto : Lundi 5 f\u00e9vrier, dernier d\u00e9lai pour les personnes morales\",\"datePublished\":\"2024-02-02T14:55:00+00:00\",\"dateModified\":\"2025-05-20T22:11:38+00:00\",\"mainEntityOfPage\":{\"@id\":\"https:\\\/\\\/www.webdo.tn\\\/fr\\\/actualite\\\/national\\\/tunisie-vignette-auto-lundi-5-fevrier-dernier-delai-pour-les-personnes-morales\\\/212015\\\/\"},\"wordCount\":380,\"commentCount\":0,\"publisher\":{\"@id\":\"https:\\\/\\\/www.webdo.tn\\\/fr\\\/#organization\"},\"image\":{\"@id\":\"https:\\\/\\\/www.webdo.tn\\\/fr\\\/actualite\\\/national\\\/tunisie-vignette-auto-lundi-5-fevrier-dernier-delai-pour-les-personnes-morales\\\/212015\\\/#primaryimage\"},\"thumbnailUrl\":\"https:\\\/\\\/www.webdo.tn\\\/fr\\\/wp-content\\\/uploads\\\/2024\\\/02\\\/e9e52c036b6fbc238898a03c681006d3.jpg\",\"keywords\":[\"d\u00e9lai\",\"taxe de circulation\",\"Tunisie\",\"vignette auto\"],\"articleSection\":[\"National\"],\"inLanguage\":\"fr-FR\"},{\"@type\":\"WebPage\",\"@id\":\"https:\\\/\\\/www.webdo.tn\\\/fr\\\/actualite\\\/national\\\/tunisie-vignette-auto-lundi-5-fevrier-dernier-delai-pour-les-personnes-morales\\\/212015\\\/\",\"url\":\"https:\\\/\\\/www.webdo.tn\\\/fr\\\/actualite\\\/national\\\/tunisie-vignette-auto-lundi-5-fevrier-dernier-delai-pour-les-personnes-morales\\\/212015\\\/\",\"name\":\"Tunisie - Vignette auto : Lundi 5 f\u00e9vrier, dernier d\u00e9lai pour les personnes morales\",\"isPartOf\":{\"@id\":\"https:\\\/\\\/www.webdo.tn\\\/fr\\\/#website\"},\"primaryImageOfPage\":{\"@id\":\"https:\\\/\\\/www.webdo.tn\\\/fr\\\/actualite\\\/national\\\/tunisie-vignette-auto-lundi-5-fevrier-dernier-delai-pour-les-personnes-morales\\\/212015\\\/#primaryimage\"},\"image\":{\"@id\":\"https:\\\/\\\/www.webdo.tn\\\/fr\\\/actualite\\\/national\\\/tunisie-vignette-auto-lundi-5-fevrier-dernier-delai-pour-les-personnes-morales\\\/212015\\\/#primaryimage\"},\"thumbnailUrl\":\"https:\\\/\\\/www.webdo.tn\\\/fr\\\/wp-content\\\/uploads\\\/2024\\\/02\\\/e9e52c036b6fbc238898a03c681006d3.jpg\",\"datePublished\":\"2024-02-02T14:55:00+00:00\",\"dateModified\":\"2025-05-20T22:11:38+00:00\",\"description\":\"Les entreprises et \u00e9tablissements publics ont jusqu'au 5 f\u00e9vrier 2024 pour acheter leur vignette auto.\",\"breadcrumb\":{\"@id\":\"https:\\\/\\\/www.webdo.tn\\\/fr\\\/actualite\\\/national\\\/tunisie-vignette-auto-lundi-5-fevrier-dernier-delai-pour-les-personnes-morales\\\/212015\\\/#breadcrumb\"},\"inLanguage\":\"fr-FR\",\"potentialAction\":[{\"@type\":\"ReadAction\",\"target\":[\"https:\\\/\\\/www.webdo.tn\\\/fr\\\/actualite\\\/national\\\/tunisie-vignette-auto-lundi-5-fevrier-dernier-delai-pour-les-personnes-morales\\\/212015\\\/\"]}]},{\"@type\":\"ImageObject\",\"inLanguage\":\"fr-FR\",\"@id\":\"https:\\\/\\\/www.webdo.tn\\\/fr\\\/actualite\\\/national\\\/tunisie-vignette-auto-lundi-5-fevrier-dernier-delai-pour-les-personnes-morales\\\/212015\\\/#primaryimage\",\"url\":\"https:\\\/\\\/www.webdo.tn\\\/fr\\\/wp-content\\\/uploads\\\/2024\\\/02\\\/e9e52c036b6fbc238898a03c681006d3.jpg\",\"contentUrl\":\"https:\\\/\\\/www.webdo.tn\\\/fr\\\/wp-content\\\/uploads\\\/2024\\\/02\\\/e9e52c036b6fbc238898a03c681006d3.jpg\",\"width\":675,\"height\":360,\"caption\":\"Tunisie - Vignette auto : Lundi 5 f\u00e9vrier, dernier d\u00e9lai pour les personnes morales\"},{\"@type\":\"BreadcrumbList\",\"@id\":\"https:\\\/\\\/www.webdo.tn\\\/fr\\\/actualite\\\/national\\\/tunisie-vignette-auto-lundi-5-fevrier-dernier-delai-pour-les-personnes-morales\\\/212015\\\/#breadcrumb\",\"itemListElement\":[{\"@type\":\"ListItem\",\"position\":1,\"name\":\"Accueil\",\"item\":\"https:\\\/\\\/www.webdo.tn\\\/fr\\\/\"},{\"@type\":\"ListItem\",\"position\":2,\"name\":\"Tunisie &#8211; Vignette auto : Lundi 5 f\u00e9vrier, dernier d\u00e9lai pour les personnes morales\"}]},{\"@type\":\"WebSite\",\"@id\":\"https:\\\/\\\/www.webdo.tn\\\/fr\\\/#website\",\"url\":\"https:\\\/\\\/www.webdo.tn\\\/fr\\\/\",\"name\":\"webdo\",\"description\":\"Tunisie - News en Tunisie et \u00e0 l&#039;international sur Webdo.tn\",\"publisher\":{\"@id\":\"https:\\\/\\\/www.webdo.tn\\\/fr\\\/#organization\"},\"potentialAction\":[{\"@type\":\"SearchAction\",\"target\":{\"@type\":\"EntryPoint\",\"urlTemplate\":\"https:\\\/\\\/www.webdo.tn\\\/fr\\\/?s={search_term_string}\"},\"query-input\":{\"@type\":\"PropertyValueSpecification\",\"valueRequired\":true,\"valueName\":\"search_term_string\"}}],\"inLanguage\":\"fr-FR\"},{\"@type\":\"Organization\",\"@id\":\"https:\\\/\\\/www.webdo.tn\\\/fr\\\/#organization\",\"name\":\"Webdo\",\"alternateName\":\"Webdo.tn\",\"url\":\"https:\\\/\\\/www.webdo.tn\\\/fr\\\/\",\"logo\":{\"@type\":\"ImageObject\",\"inLanguage\":\"fr-FR\",\"@id\":\"https:\\\/\\\/www.webdo.tn\\\/fr\\\/#\\\/schema\\\/logo\\\/image\\\/\",\"url\":\"https:\\\/\\\/www.webdo.tn\\\/fr\\\/wp-content\\\/uploads\\\/2025\\\/06\\\/Webdo-Tunisie_168377.jpg\",\"contentUrl\":\"https:\\\/\\\/www.webdo.tn\\\/fr\\\/wp-content\\\/uploads\\\/2025\\\/06\\\/Webdo-Tunisie_168377.jpg\",\"width\":301,\"height\":301,\"caption\":\"Webdo\"},\"image\":{\"@id\":\"https:\\\/\\\/www.webdo.tn\\\/fr\\\/#\\\/schema\\\/logo\\\/image\\\/\"},\"sameAs\":[\"https:\\\/\\\/www.facebook.com\\\/webdotn\",\"https:\\\/\\\/x.com\\\/webdo_tn\"],\"description\":\"Webdo est un m\u00e9dia num\u00e9rique tunisien fond\u00e9 en 2010, sp\u00e9cialis\u00e9 dans l\u2019actualit\u00e9 nationale et internationale, l\u2019\u00e9conomie, la soci\u00e9t\u00e9 et les analyses politiques. Le site s\u2019adresse \u00e0 un large public francophone et couvre l\u2019information tunisienne en temps r\u00e9el.\",\"email\":\"redac@webdo.tn\",\"legalName\":\"YNJ SARL\",\"foundingDate\":\"2010-09-06\",\"numberOfEmployees\":{\"@type\":\"QuantitativeValue\",\"minValue\":\"11\",\"maxValue\":\"50\"}},{\"@type\":\"Person\",\"@id\":\"https:\\\/\\\/www.webdo.tn\\\/fr\\\/#\\\/schema\\\/person\\\/2c4929cbf5a809e3bd38617c6ce150f6\",\"name\":\"MC\",\"image\":{\"@type\":\"ImageObject\",\"inLanguage\":\"fr-FR\",\"@id\":\"https:\\\/\\\/secure.gravatar.com\\\/avatar\\\/a545bbb6f84efdd5553dbbc2895e3ca8f1d12c5215e00a041c9670b54aa9b18a?s=96&d=mm&r=g\",\"url\":\"https:\\\/\\\/secure.gravatar.com\\\/avatar\\\/a545bbb6f84efdd5553dbbc2895e3ca8f1d12c5215e00a041c9670b54aa9b18a?s=96&d=mm&r=g\",\"contentUrl\":\"https:\\\/\\\/secure.gravatar.com\\\/avatar\\\/a545bbb6f84efdd5553dbbc2895e3ca8f1d12c5215e00a041c9670b54aa9b18a?s=96&d=mm&r=g\",\"caption\":\"MC\"},\"url\":\"https:\\\/\\\/www.webdo.tn\\\/fr\\\/actualite\\\/author\\\/mc\\\/\"}]}<\/script>\n<!-- \/ Yoast SEO Premium plugin. -->","yoast_head_json":{"title":"Tunisie - Vignette auto : Lundi 5 f\u00e9vrier, dernier d\u00e9lai pour les personnes morales","description":"Les entreprises et \u00e9tablissements publics ont jusqu'au 5 f\u00e9vrier 2024 pour acheter leur vignette auto.","canonical":"https:\/\/www.webdo.tn\/fr\/actualite\/national\/tunisie-vignette-auto-lundi-5-fevrier-dernier-delai-pour-les-personnes-morales\/212015\/","og_locale":"fr_FR","og_type":"article","og_title":"Tunisie - Vignette auto : Lundi 5 f\u00e9vrier, dernier d\u00e9lai pour les personnes morales","og_description":"Les entreprises et \u00e9tablissements publics ont jusqu'au 5 f\u00e9vrier 2024 pour acheter leur vignette auto.","og_url":"https:\/\/www.webdo.tn\/fr\/actualite\/national\/tunisie-vignette-auto-lundi-5-fevrier-dernier-delai-pour-les-personnes-morales\/212015\/","og_site_name":"webdo","article_publisher":"https:\/\/www.facebook.com\/webdotn","article_published_time":"2024-02-02T14:55:00+00:00","article_modified_time":"2025-05-20T22:11:38+00:00","og_image":[{"width":675,"height":360,"url":"https:\/\/www.webdo.tn\/fr\/wp-content\/uploads\/2024\/02\/e9e52c036b6fbc238898a03c681006d3.jpg","type":"image\/jpeg"}],"author":"MC","twitter_card":"summary_large_image","twitter_creator":"@webdo_tn","twitter_site":"@webdo_tn","twitter_misc":{"\u00c9crit par":"MC","Dur\u00e9e de lecture estim\u00e9e":"2 minutes"},"schema":{"@context":"https:\/\/schema.org","@graph":[{"@type":"NewsArticle","@id":"https:\/\/www.webdo.tn\/fr\/actualite\/national\/tunisie-vignette-auto-lundi-5-fevrier-dernier-delai-pour-les-personnes-morales\/212015\/#article","isPartOf":{"@id":"https:\/\/www.webdo.tn\/fr\/actualite\/national\/tunisie-vignette-auto-lundi-5-fevrier-dernier-delai-pour-les-personnes-morales\/212015\/"},"author":{"name":"MC","@id":"https:\/\/www.webdo.tn\/fr\/#\/schema\/person\/2c4929cbf5a809e3bd38617c6ce150f6"},"headline":"Tunisie &#8211; Vignette auto : Lundi 5 f\u00e9vrier, dernier d\u00e9lai pour les personnes morales","datePublished":"2024-02-02T14:55:00+00:00","dateModified":"2025-05-20T22:11:38+00:00","mainEntityOfPage":{"@id":"https:\/\/www.webdo.tn\/fr\/actualite\/national\/tunisie-vignette-auto-lundi-5-fevrier-dernier-delai-pour-les-personnes-morales\/212015\/"},"wordCount":380,"commentCount":0,"publisher":{"@id":"https:\/\/www.webdo.tn\/fr\/#organization"},"image":{"@id":"https:\/\/www.webdo.tn\/fr\/actualite\/national\/tunisie-vignette-auto-lundi-5-fevrier-dernier-delai-pour-les-personnes-morales\/212015\/#primaryimage"},"thumbnailUrl":"https:\/\/www.webdo.tn\/fr\/wp-content\/uploads\/2024\/02\/e9e52c036b6fbc238898a03c681006d3.jpg","keywords":["d\u00e9lai","taxe de circulation","Tunisie","vignette auto"],"articleSection":["National"],"inLanguage":"fr-FR"},{"@type":"WebPage","@id":"https:\/\/www.webdo.tn\/fr\/actualite\/national\/tunisie-vignette-auto-lundi-5-fevrier-dernier-delai-pour-les-personnes-morales\/212015\/","url":"https:\/\/www.webdo.tn\/fr\/actualite\/national\/tunisie-vignette-auto-lundi-5-fevrier-dernier-delai-pour-les-personnes-morales\/212015\/","name":"Tunisie - Vignette auto : Lundi 5 f\u00e9vrier, dernier d\u00e9lai pour les personnes morales","isPartOf":{"@id":"https:\/\/www.webdo.tn\/fr\/#website"},"primaryImageOfPage":{"@id":"https:\/\/www.webdo.tn\/fr\/actualite\/national\/tunisie-vignette-auto-lundi-5-fevrier-dernier-delai-pour-les-personnes-morales\/212015\/#primaryimage"},"image":{"@id":"https:\/\/www.webdo.tn\/fr\/actualite\/national\/tunisie-vignette-auto-lundi-5-fevrier-dernier-delai-pour-les-personnes-morales\/212015\/#primaryimage"},"thumbnailUrl":"https:\/\/www.webdo.tn\/fr\/wp-content\/uploads\/2024\/02\/e9e52c036b6fbc238898a03c681006d3.jpg","datePublished":"2024-02-02T14:55:00+00:00","dateModified":"2025-05-20T22:11:38+00:00","description":"Les entreprises et \u00e9tablissements publics ont jusqu'au 5 f\u00e9vrier 2024 pour acheter leur vignette auto.","breadcrumb":{"@id":"https:\/\/www.webdo.tn\/fr\/actualite\/national\/tunisie-vignette-auto-lundi-5-fevrier-dernier-delai-pour-les-personnes-morales\/212015\/#breadcrumb"},"inLanguage":"fr-FR","potentialAction":[{"@type":"ReadAction","target":["https:\/\/www.webdo.tn\/fr\/actualite\/national\/tunisie-vignette-auto-lundi-5-fevrier-dernier-delai-pour-les-personnes-morales\/212015\/"]}]},{"@type":"ImageObject","inLanguage":"fr-FR","@id":"https:\/\/www.webdo.tn\/fr\/actualite\/national\/tunisie-vignette-auto-lundi-5-fevrier-dernier-delai-pour-les-personnes-morales\/212015\/#primaryimage","url":"https:\/\/www.webdo.tn\/fr\/wp-content\/uploads\/2024\/02\/e9e52c036b6fbc238898a03c681006d3.jpg","contentUrl":"https:\/\/www.webdo.tn\/fr\/wp-content\/uploads\/2024\/02\/e9e52c036b6fbc238898a03c681006d3.jpg","width":675,"height":360,"caption":"Tunisie - Vignette auto : Lundi 5 f\u00e9vrier, dernier d\u00e9lai pour les personnes morales"},{"@type":"BreadcrumbList","@id":"https:\/\/www.webdo.tn\/fr\/actualite\/national\/tunisie-vignette-auto-lundi-5-fevrier-dernier-delai-pour-les-personnes-morales\/212015\/#breadcrumb","itemListElement":[{"@type":"ListItem","position":1,"name":"Accueil","item":"https:\/\/www.webdo.tn\/fr\/"},{"@type":"ListItem","position":2,"name":"Tunisie &#8211; Vignette auto : Lundi 5 f\u00e9vrier, dernier d\u00e9lai pour les personnes morales"}]},{"@type":"WebSite","@id":"https:\/\/www.webdo.tn\/fr\/#website","url":"https:\/\/www.webdo.tn\/fr\/","name":"webdo","description":"Tunisie - News en Tunisie et \u00e0 l&#039;international sur Webdo.tn","publisher":{"@id":"https:\/\/www.webdo.tn\/fr\/#organization"},"potentialAction":[{"@type":"SearchAction","target":{"@type":"EntryPoint","urlTemplate":"https:\/\/www.webdo.tn\/fr\/?s={search_term_string}"},"query-input":{"@type":"PropertyValueSpecification","valueRequired":true,"valueName":"search_term_string"}}],"inLanguage":"fr-FR"},{"@type":"Organization","@id":"https:\/\/www.webdo.tn\/fr\/#organization","name":"Webdo","alternateName":"Webdo.tn","url":"https:\/\/www.webdo.tn\/fr\/","logo":{"@type":"ImageObject","inLanguage":"fr-FR","@id":"https:\/\/www.webdo.tn\/fr\/#\/schema\/logo\/image\/","url":"https:\/\/www.webdo.tn\/fr\/wp-content\/uploads\/2025\/06\/Webdo-Tunisie_168377.jpg","contentUrl":"https:\/\/www.webdo.tn\/fr\/wp-content\/uploads\/2025\/06\/Webdo-Tunisie_168377.jpg","width":301,"height":301,"caption":"Webdo"},"image":{"@id":"https:\/\/www.webdo.tn\/fr\/#\/schema\/logo\/image\/"},"sameAs":["https:\/\/www.facebook.com\/webdotn","https:\/\/x.com\/webdo_tn"],"description":"Webdo est un m\u00e9dia num\u00e9rique tunisien fond\u00e9 en 2010, sp\u00e9cialis\u00e9 dans l\u2019actualit\u00e9 nationale et internationale, l\u2019\u00e9conomie, la soci\u00e9t\u00e9 et les analyses politiques. Le site s\u2019adresse \u00e0 un large public francophone et couvre l\u2019information tunisienne en temps r\u00e9el.","email":"redac@webdo.tn","legalName":"YNJ SARL","foundingDate":"2010-09-06","numberOfEmployees":{"@type":"QuantitativeValue","minValue":"11","maxValue":"50"}},{"@type":"Person","@id":"https:\/\/www.webdo.tn\/fr\/#\/schema\/person\/2c4929cbf5a809e3bd38617c6ce150f6","name":"MC","image":{"@type":"ImageObject","inLanguage":"fr-FR","@id":"https:\/\/secure.gravatar.com\/avatar\/a545bbb6f84efdd5553dbbc2895e3ca8f1d12c5215e00a041c9670b54aa9b18a?s=96&d=mm&r=g","url":"https:\/\/secure.gravatar.com\/avatar\/a545bbb6f84efdd5553dbbc2895e3ca8f1d12c5215e00a041c9670b54aa9b18a?s=96&d=mm&r=g","contentUrl":"https:\/\/secure.gravatar.com\/avatar\/a545bbb6f84efdd5553dbbc2895e3ca8f1d12c5215e00a041c9670b54aa9b18a?s=96&d=mm&r=g","caption":"MC"},"url":"https:\/\/www.webdo.tn\/fr\/actualite\/author\/mc\/"}]}},"_links":{"self":[{"href":"https:\/\/www.webdo.tn\/fr\/wp-json\/wp\/v2\/posts\/212015","targetHints":{"allow":["GET"]}}],"collection":[{"href":"https:\/\/www.webdo.tn\/fr\/wp-json\/wp\/v2\/posts"}],"about":[{"href":"https:\/\/www.webdo.tn\/fr\/wp-json\/wp\/v2\/types\/post"}],"author":[{"embeddable":true,"href":"https:\/\/www.webdo.tn\/fr\/wp-json\/wp\/v2\/users\/3162"}],"replies":[{"embeddable":true,"href":"https:\/\/www.webdo.tn\/fr\/wp-json\/wp\/v2\/comments?post=212015"}],"version-history":[{"count":0,"href":"https:\/\/www.webdo.tn\/fr\/wp-json\/wp\/v2\/posts\/212015\/revisions"}],"wp:featuredmedia":[{"embeddable":true,"href":"https:\/\/www.webdo.tn\/fr\/wp-json\/wp\/v2\/media\/290168"}],"wp:attachment":[{"href":"https:\/\/www.webdo.tn\/fr\/wp-json\/wp\/v2\/media?parent=212015"}],"wp:term":[{"taxonomy":"category","embeddable":true,"href":"https:\/\/www.webdo.tn\/fr\/wp-json\/wp\/v2\/categories?post=212015"},{"taxonomy":"post_tag","embeddable":true,"href":"https:\/\/www.webdo.tn\/fr\/wp-json\/wp\/v2\/tags?post=212015"}],"curies":[{"name":"wp","href":"https:\/\/api.w.org\/{rel}","templated":true}]}}