{"id":212004,"date":"2024-02-02T11:03:00","date_gmt":"2024-02-02T11:03:00","guid":{"rendered":"https:\/\/www.webdo.tn\/fr\/blog\/tunisie-des-deputes-veulent-une-seance-unique-tout-au-long-de-l-annee\/212004\/"},"modified":"2025-05-20T22:52:58","modified_gmt":"2025-05-20T22:52:58","slug":"tunisie-des-deputes-veulent-une-seance-unique-tout-au-long-de-l-annee","status":"publish","type":"post","link":"https:\/\/www.webdo.tn\/fr\/actualite\/national\/tunisie-des-deputes-veulent-une-seance-unique-tout-au-long-de-l-annee\/212004\/","title":{"rendered":"Tunisie : Des d\u00e9put\u00e9s veulent une s\u00e9ance unique tout au long de l\u2019ann\u00e9e"},"content":{"rendered":"<p>Pour renforcer le noyau familial en Tunisie, certains d\u00e9put\u00e9s appellent \u00e0 une s\u00e9ance unique tout au long de l\u2019ann\u00e9e.\u00a0<\/p>\n<p>\t\t\t\t\t\t\t\t\tEn effet, lors d\u2019une s\u00e9ance de travail au sein d\u2019une commission parlementaire, ces d\u00e9put\u00e9s ont jug\u00e9 n\u00e9cessaire d\u2019instaurer un r\u00e9gime de s\u00e9ance unique tout au long de l\u2019ann\u00e9e pour sauvegarder la famille tunisienne, cela \u00e9quivaut \u00e0 une diminution des heures de travail, selon cette premi\u00e8re proposition.\u00a0<\/p>\n<p>Pour eux, la pr\u00e9sidence du gouvernement est appel\u00e9e \u00e0 revoir ses cadres l\u00e9gaux portant sur l\u2019administration tunisienne, appellent \u00e0 des r\u00e9formes structurelles.\u00a0<\/p>\n<p>Ils ont \u00e9galement propos\u00e9 au gouvernement de mettre en place un syst\u00e8me d\u2019encouragement financier pour augmenter le taux de productivit\u00e9 dans l\u2019administration.<\/p>\n<p>Une option directement rejet\u00e9e par le repr\u00e9sentant de la pr\u00e9sidence du gouvernement qui a estim\u00e9 que ce genre d\u2019incitation et de bonus financiers ne sont pas actuellement possible vu la situation financi\u00e8re du pays.\u00a0<\/p>\n<p>Autant dire que le r\u00e9gime de la s\u00e9ance unique instaur\u00e9e pendant l\u2019\u00e9t\u00e9 pose d\u00e9j\u00e0 des probl\u00e8mes de productivit\u00e9 et de lenteur administrative. D\u2019ailleurs, plusieurs experts ont appel\u00e9 \u00e0 le supprimer d\u00e9finitivement.<\/p>\n","protected":false},"excerpt":{"rendered":"<p>En effet, lors d\u2019une s\u00e9ance de travail au sein d\u2019une commission parlementaire, ces d\u00e9put\u00e9s ont jug\u00e9 n\u00e9cessaire d\u2019instaurer un r\u00e9gime de s\u00e9ance unique tout au lo&#8230;<\/p>\n","protected":false},"author":3175,"featured_media":290161,"comment_status":"open","ping_status":"closed","sticky":false,"template":"","format":"standard","meta":{"footnotes":""},"categories":[44],"tags":[4816,3210,5837,2608],"class_list":["post-212004","post","type-post","status-publish","format-standard","has-post-thumbnail","hentry","category-national","tag-administration","tag-deputes","tag-seance-unique","tag-tunisie"],"yoast_head":"<!-- This site is optimized with the Yoast SEO Premium plugin v27.4 (Yoast SEO v27.5) - https:\/\/yoast.com\/product\/yoast-seo-premium-wordpress\/ -->\n<title>Tunisie : Des d\u00e9put\u00e9s veulent une s\u00e9ance unique tout au long de l\u2019ann\u00e9e<\/title>\n<meta name=\"description\" content=\"En effet, lors d\u2019une s\u00e9ance de travail au sein d\u2019une commission parlementaire, ces d\u00e9put\u00e9s ont jug\u00e9 n\u00e9cessaire d\u2019instaurer un r\u00e9gime de s\u00e9ance unique tout au lo...\" \/>\n<link rel=\"canonical\" href=\"https:\/\/www.webdo.tn\/fr\/actualite\/national\/tunisie-des-deputes-veulent-une-seance-unique-tout-au-long-de-l-annee\/212004\/\" \/>\n<meta property=\"og:locale\" content=\"fr_FR\" \/>\n<meta property=\"og:type\" content=\"article\" \/>\n<meta property=\"og:title\" content=\"Tunisie : Des d\u00e9put\u00e9s veulent une s\u00e9ance unique tout au long de l\u2019ann\u00e9e\" \/>\n<meta property=\"og:description\" content=\"En effet, lors d\u2019une s\u00e9ance de travail au sein d\u2019une commission parlementaire, ces d\u00e9put\u00e9s ont jug\u00e9 n\u00e9cessaire d\u2019instaurer un r\u00e9gime de s\u00e9ance unique tout au lo...\" \/>\n<meta property=\"og:url\" content=\"https:\/\/www.webdo.tn\/fr\/actualite\/national\/tunisie-des-deputes-veulent-une-seance-unique-tout-au-long-de-l-annee\/212004\/\" \/>\n<meta property=\"og:site_name\" content=\"webdo\" \/>\n<meta property=\"article:publisher\" content=\"https:\/\/www.facebook.com\/webdotn\" \/>\n<meta property=\"article:published_time\" content=\"2024-02-02T11:03:00+00:00\" \/>\n<meta property=\"article:modified_time\" content=\"2025-05-20T22:52:58+00:00\" \/>\n<meta property=\"og:image\" content=\"https:\/\/www.webdo.tn\/fr\/wp-content\/uploads\/2024\/02\/30965a1244be47bf46cc21cbe07a9f71.jpg\" \/>\n\t<meta property=\"og:image:width\" content=\"675\" \/>\n\t<meta property=\"og:image:height\" content=\"360\" \/>\n\t<meta property=\"og:image:type\" content=\"image\/jpeg\" \/>\n<meta name=\"author\" content=\"CL\" \/>\n<meta name=\"twitter:card\" content=\"summary_large_image\" \/>\n<meta name=\"twitter:creator\" content=\"@webdo_tn\" \/>\n<meta name=\"twitter:site\" content=\"@webdo_tn\" \/>\n<meta name=\"twitter:label1\" content=\"\u00c9crit par\" \/>\n\t<meta name=\"twitter:data1\" content=\"CL\" \/>\n\t<meta name=\"twitter:label2\" content=\"Dur\u00e9e de lecture estim\u00e9e\" \/>\n\t<meta name=\"twitter:data2\" content=\"1 minute\" \/>\n<script type=\"application\/ld+json\" class=\"yoast-schema-graph\">{\"@context\":\"https:\\\/\\\/schema.org\",\"@graph\":[{\"@type\":\"NewsArticle\",\"@id\":\"https:\\\/\\\/www.webdo.tn\\\/fr\\\/actualite\\\/national\\\/tunisie-des-deputes-veulent-une-seance-unique-tout-au-long-de-l-annee\\\/212004\\\/#article\",\"isPartOf\":{\"@id\":\"https:\\\/\\\/www.webdo.tn\\\/fr\\\/actualite\\\/national\\\/tunisie-des-deputes-veulent-une-seance-unique-tout-au-long-de-l-annee\\\/212004\\\/\"},\"author\":{\"name\":\"CL\",\"@id\":\"https:\\\/\\\/www.webdo.tn\\\/fr\\\/#\\\/schema\\\/person\\\/f35b42a42c5e2511bbd282959d6385cc\"},\"headline\":\"Tunisie : Des d\u00e9put\u00e9s veulent une s\u00e9ance unique tout au long de l\u2019ann\u00e9e\",\"datePublished\":\"2024-02-02T11:03:00+00:00\",\"dateModified\":\"2025-05-20T22:52:58+00:00\",\"mainEntityOfPage\":{\"@id\":\"https:\\\/\\\/www.webdo.tn\\\/fr\\\/actualite\\\/national\\\/tunisie-des-deputes-veulent-une-seance-unique-tout-au-long-de-l-annee\\\/212004\\\/\"},\"wordCount\":224,\"commentCount\":0,\"publisher\":{\"@id\":\"https:\\\/\\\/www.webdo.tn\\\/fr\\\/#organization\"},\"image\":{\"@id\":\"https:\\\/\\\/www.webdo.tn\\\/fr\\\/actualite\\\/national\\\/tunisie-des-deputes-veulent-une-seance-unique-tout-au-long-de-l-annee\\\/212004\\\/#primaryimage\"},\"thumbnailUrl\":\"https:\\\/\\\/www.webdo.tn\\\/fr\\\/wp-content\\\/uploads\\\/2024\\\/02\\\/30965a1244be47bf46cc21cbe07a9f71.jpg\",\"keywords\":[\"administration\",\"d\u00e9put\u00e9s\",\"s\u00e9ance unique\",\"Tunisie\"],\"articleSection\":[\"National\"],\"inLanguage\":\"fr-FR\"},{\"@type\":\"WebPage\",\"@id\":\"https:\\\/\\\/www.webdo.tn\\\/fr\\\/actualite\\\/national\\\/tunisie-des-deputes-veulent-une-seance-unique-tout-au-long-de-l-annee\\\/212004\\\/\",\"url\":\"https:\\\/\\\/www.webdo.tn\\\/fr\\\/actualite\\\/national\\\/tunisie-des-deputes-veulent-une-seance-unique-tout-au-long-de-l-annee\\\/212004\\\/\",\"name\":\"Tunisie : Des d\u00e9put\u00e9s veulent une s\u00e9ance unique tout au long de l\u2019ann\u00e9e\",\"isPartOf\":{\"@id\":\"https:\\\/\\\/www.webdo.tn\\\/fr\\\/#website\"},\"primaryImageOfPage\":{\"@id\":\"https:\\\/\\\/www.webdo.tn\\\/fr\\\/actualite\\\/national\\\/tunisie-des-deputes-veulent-une-seance-unique-tout-au-long-de-l-annee\\\/212004\\\/#primaryimage\"},\"image\":{\"@id\":\"https:\\\/\\\/www.webdo.tn\\\/fr\\\/actualite\\\/national\\\/tunisie-des-deputes-veulent-une-seance-unique-tout-au-long-de-l-annee\\\/212004\\\/#primaryimage\"},\"thumbnailUrl\":\"https:\\\/\\\/www.webdo.tn\\\/fr\\\/wp-content\\\/uploads\\\/2024\\\/02\\\/30965a1244be47bf46cc21cbe07a9f71.jpg\",\"datePublished\":\"2024-02-02T11:03:00+00:00\",\"dateModified\":\"2025-05-20T22:52:58+00:00\",\"description\":\"En effet, lors d\u2019une s\u00e9ance de travail au sein d\u2019une commission parlementaire, ces d\u00e9put\u00e9s ont jug\u00e9 n\u00e9cessaire d\u2019instaurer un r\u00e9gime de s\u00e9ance unique tout au lo...\",\"breadcrumb\":{\"@id\":\"https:\\\/\\\/www.webdo.tn\\\/fr\\\/actualite\\\/national\\\/tunisie-des-deputes-veulent-une-seance-unique-tout-au-long-de-l-annee\\\/212004\\\/#breadcrumb\"},\"inLanguage\":\"fr-FR\",\"potentialAction\":[{\"@type\":\"ReadAction\",\"target\":[\"https:\\\/\\\/www.webdo.tn\\\/fr\\\/actualite\\\/national\\\/tunisie-des-deputes-veulent-une-seance-unique-tout-au-long-de-l-annee\\\/212004\\\/\"]}]},{\"@type\":\"ImageObject\",\"inLanguage\":\"fr-FR\",\"@id\":\"https:\\\/\\\/www.webdo.tn\\\/fr\\\/actualite\\\/national\\\/tunisie-des-deputes-veulent-une-seance-unique-tout-au-long-de-l-annee\\\/212004\\\/#primaryimage\",\"url\":\"https:\\\/\\\/www.webdo.tn\\\/fr\\\/wp-content\\\/uploads\\\/2024\\\/02\\\/30965a1244be47bf46cc21cbe07a9f71.jpg\",\"contentUrl\":\"https:\\\/\\\/www.webdo.tn\\\/fr\\\/wp-content\\\/uploads\\\/2024\\\/02\\\/30965a1244be47bf46cc21cbe07a9f71.jpg\",\"width\":675,\"height\":360,\"caption\":\"Tunisie : Des d\u00e9put\u00e9s veulent une s\u00e9ance unique tout au long de l\u2019ann\u00e9e\"},{\"@type\":\"BreadcrumbList\",\"@id\":\"https:\\\/\\\/www.webdo.tn\\\/fr\\\/actualite\\\/national\\\/tunisie-des-deputes-veulent-une-seance-unique-tout-au-long-de-l-annee\\\/212004\\\/#breadcrumb\",\"itemListElement\":[{\"@type\":\"ListItem\",\"position\":1,\"name\":\"Accueil\",\"item\":\"https:\\\/\\\/www.webdo.tn\\\/fr\\\/\"},{\"@type\":\"ListItem\",\"position\":2,\"name\":\"Tunisie : Des d\u00e9put\u00e9s veulent une s\u00e9ance unique tout au long de l\u2019ann\u00e9e\"}]},{\"@type\":\"WebSite\",\"@id\":\"https:\\\/\\\/www.webdo.tn\\\/fr\\\/#website\",\"url\":\"https:\\\/\\\/www.webdo.tn\\\/fr\\\/\",\"name\":\"webdo\",\"description\":\"Tunisie - News en Tunisie et \u00e0 l&#039;international sur Webdo.tn\",\"publisher\":{\"@id\":\"https:\\\/\\\/www.webdo.tn\\\/fr\\\/#organization\"},\"potentialAction\":[{\"@type\":\"SearchAction\",\"target\":{\"@type\":\"EntryPoint\",\"urlTemplate\":\"https:\\\/\\\/www.webdo.tn\\\/fr\\\/?s={search_term_string}\"},\"query-input\":{\"@type\":\"PropertyValueSpecification\",\"valueRequired\":true,\"valueName\":\"search_term_string\"}}],\"inLanguage\":\"fr-FR\"},{\"@type\":\"Organization\",\"@id\":\"https:\\\/\\\/www.webdo.tn\\\/fr\\\/#organization\",\"name\":\"Webdo\",\"alternateName\":\"Webdo.tn\",\"url\":\"https:\\\/\\\/www.webdo.tn\\\/fr\\\/\",\"logo\":{\"@type\":\"ImageObject\",\"inLanguage\":\"fr-FR\",\"@id\":\"https:\\\/\\\/www.webdo.tn\\\/fr\\\/#\\\/schema\\\/logo\\\/image\\\/\",\"url\":\"https:\\\/\\\/www.webdo.tn\\\/fr\\\/wp-content\\\/uploads\\\/2025\\\/06\\\/Webdo-Tunisie_168377.jpg\",\"contentUrl\":\"https:\\\/\\\/www.webdo.tn\\\/fr\\\/wp-content\\\/uploads\\\/2025\\\/06\\\/Webdo-Tunisie_168377.jpg\",\"width\":301,\"height\":301,\"caption\":\"Webdo\"},\"image\":{\"@id\":\"https:\\\/\\\/www.webdo.tn\\\/fr\\\/#\\\/schema\\\/logo\\\/image\\\/\"},\"sameAs\":[\"https:\\\/\\\/www.facebook.com\\\/webdotn\",\"https:\\\/\\\/x.com\\\/webdo_tn\"],\"description\":\"Webdo est un m\u00e9dia num\u00e9rique tunisien fond\u00e9 en 2010, sp\u00e9cialis\u00e9 dans l\u2019actualit\u00e9 nationale et internationale, l\u2019\u00e9conomie, la soci\u00e9t\u00e9 et les analyses politiques. Le site s\u2019adresse \u00e0 un large public francophone et couvre l\u2019information tunisienne en temps r\u00e9el.\",\"email\":\"redac@webdo.tn\",\"legalName\":\"YNJ SARL\",\"foundingDate\":\"2010-09-06\",\"numberOfEmployees\":{\"@type\":\"QuantitativeValue\",\"minValue\":\"11\",\"maxValue\":\"50\"}},{\"@type\":\"Person\",\"@id\":\"https:\\\/\\\/www.webdo.tn\\\/fr\\\/#\\\/schema\\\/person\\\/f35b42a42c5e2511bbd282959d6385cc\",\"name\":\"CL\",\"image\":{\"@type\":\"ImageObject\",\"inLanguage\":\"fr-FR\",\"@id\":\"https:\\\/\\\/secure.gravatar.com\\\/avatar\\\/1447a49909b67aa657c488aec6512e1dd6143a480c1ecfee9b5b5cd74eb3b59e?s=96&d=mm&r=g\",\"url\":\"https:\\\/\\\/secure.gravatar.com\\\/avatar\\\/1447a49909b67aa657c488aec6512e1dd6143a480c1ecfee9b5b5cd74eb3b59e?s=96&d=mm&r=g\",\"contentUrl\":\"https:\\\/\\\/secure.gravatar.com\\\/avatar\\\/1447a49909b67aa657c488aec6512e1dd6143a480c1ecfee9b5b5cd74eb3b59e?s=96&d=mm&r=g\",\"caption\":\"CL\"},\"url\":\"https:\\\/\\\/www.webdo.tn\\\/fr\\\/actualite\\\/author\\\/cl\\\/\"}]}<\/script>\n<!-- \/ Yoast SEO Premium plugin. -->","yoast_head_json":{"title":"Tunisie : Des d\u00e9put\u00e9s veulent une s\u00e9ance unique tout au long de l\u2019ann\u00e9e","description":"En effet, lors d\u2019une s\u00e9ance de travail au sein d\u2019une commission parlementaire, ces d\u00e9put\u00e9s ont jug\u00e9 n\u00e9cessaire d\u2019instaurer un r\u00e9gime de s\u00e9ance unique tout au lo...","canonical":"https:\/\/www.webdo.tn\/fr\/actualite\/national\/tunisie-des-deputes-veulent-une-seance-unique-tout-au-long-de-l-annee\/212004\/","og_locale":"fr_FR","og_type":"article","og_title":"Tunisie : Des d\u00e9put\u00e9s veulent une s\u00e9ance unique tout au long de l\u2019ann\u00e9e","og_description":"En effet, lors d\u2019une s\u00e9ance de travail au sein d\u2019une commission parlementaire, ces d\u00e9put\u00e9s ont jug\u00e9 n\u00e9cessaire d\u2019instaurer un r\u00e9gime de s\u00e9ance unique tout au lo...","og_url":"https:\/\/www.webdo.tn\/fr\/actualite\/national\/tunisie-des-deputes-veulent-une-seance-unique-tout-au-long-de-l-annee\/212004\/","og_site_name":"webdo","article_publisher":"https:\/\/www.facebook.com\/webdotn","article_published_time":"2024-02-02T11:03:00+00:00","article_modified_time":"2025-05-20T22:52:58+00:00","og_image":[{"width":675,"height":360,"url":"https:\/\/www.webdo.tn\/fr\/wp-content\/uploads\/2024\/02\/30965a1244be47bf46cc21cbe07a9f71.jpg","type":"image\/jpeg"}],"author":"CL","twitter_card":"summary_large_image","twitter_creator":"@webdo_tn","twitter_site":"@webdo_tn","twitter_misc":{"\u00c9crit par":"CL","Dur\u00e9e de lecture estim\u00e9e":"1 minute"},"schema":{"@context":"https:\/\/schema.org","@graph":[{"@type":"NewsArticle","@id":"https:\/\/www.webdo.tn\/fr\/actualite\/national\/tunisie-des-deputes-veulent-une-seance-unique-tout-au-long-de-l-annee\/212004\/#article","isPartOf":{"@id":"https:\/\/www.webdo.tn\/fr\/actualite\/national\/tunisie-des-deputes-veulent-une-seance-unique-tout-au-long-de-l-annee\/212004\/"},"author":{"name":"CL","@id":"https:\/\/www.webdo.tn\/fr\/#\/schema\/person\/f35b42a42c5e2511bbd282959d6385cc"},"headline":"Tunisie : Des d\u00e9put\u00e9s veulent une s\u00e9ance unique tout au long de l\u2019ann\u00e9e","datePublished":"2024-02-02T11:03:00+00:00","dateModified":"2025-05-20T22:52:58+00:00","mainEntityOfPage":{"@id":"https:\/\/www.webdo.tn\/fr\/actualite\/national\/tunisie-des-deputes-veulent-une-seance-unique-tout-au-long-de-l-annee\/212004\/"},"wordCount":224,"commentCount":0,"publisher":{"@id":"https:\/\/www.webdo.tn\/fr\/#organization"},"image":{"@id":"https:\/\/www.webdo.tn\/fr\/actualite\/national\/tunisie-des-deputes-veulent-une-seance-unique-tout-au-long-de-l-annee\/212004\/#primaryimage"},"thumbnailUrl":"https:\/\/www.webdo.tn\/fr\/wp-content\/uploads\/2024\/02\/30965a1244be47bf46cc21cbe07a9f71.jpg","keywords":["administration","d\u00e9put\u00e9s","s\u00e9ance unique","Tunisie"],"articleSection":["National"],"inLanguage":"fr-FR"},{"@type":"WebPage","@id":"https:\/\/www.webdo.tn\/fr\/actualite\/national\/tunisie-des-deputes-veulent-une-seance-unique-tout-au-long-de-l-annee\/212004\/","url":"https:\/\/www.webdo.tn\/fr\/actualite\/national\/tunisie-des-deputes-veulent-une-seance-unique-tout-au-long-de-l-annee\/212004\/","name":"Tunisie : Des d\u00e9put\u00e9s veulent une s\u00e9ance unique tout au long de l\u2019ann\u00e9e","isPartOf":{"@id":"https:\/\/www.webdo.tn\/fr\/#website"},"primaryImageOfPage":{"@id":"https:\/\/www.webdo.tn\/fr\/actualite\/national\/tunisie-des-deputes-veulent-une-seance-unique-tout-au-long-de-l-annee\/212004\/#primaryimage"},"image":{"@id":"https:\/\/www.webdo.tn\/fr\/actualite\/national\/tunisie-des-deputes-veulent-une-seance-unique-tout-au-long-de-l-annee\/212004\/#primaryimage"},"thumbnailUrl":"https:\/\/www.webdo.tn\/fr\/wp-content\/uploads\/2024\/02\/30965a1244be47bf46cc21cbe07a9f71.jpg","datePublished":"2024-02-02T11:03:00+00:00","dateModified":"2025-05-20T22:52:58+00:00","description":"En effet, lors d\u2019une s\u00e9ance de travail au sein d\u2019une commission parlementaire, ces d\u00e9put\u00e9s ont jug\u00e9 n\u00e9cessaire d\u2019instaurer un r\u00e9gime de s\u00e9ance unique tout au lo...","breadcrumb":{"@id":"https:\/\/www.webdo.tn\/fr\/actualite\/national\/tunisie-des-deputes-veulent-une-seance-unique-tout-au-long-de-l-annee\/212004\/#breadcrumb"},"inLanguage":"fr-FR","potentialAction":[{"@type":"ReadAction","target":["https:\/\/www.webdo.tn\/fr\/actualite\/national\/tunisie-des-deputes-veulent-une-seance-unique-tout-au-long-de-l-annee\/212004\/"]}]},{"@type":"ImageObject","inLanguage":"fr-FR","@id":"https:\/\/www.webdo.tn\/fr\/actualite\/national\/tunisie-des-deputes-veulent-une-seance-unique-tout-au-long-de-l-annee\/212004\/#primaryimage","url":"https:\/\/www.webdo.tn\/fr\/wp-content\/uploads\/2024\/02\/30965a1244be47bf46cc21cbe07a9f71.jpg","contentUrl":"https:\/\/www.webdo.tn\/fr\/wp-content\/uploads\/2024\/02\/30965a1244be47bf46cc21cbe07a9f71.jpg","width":675,"height":360,"caption":"Tunisie : Des d\u00e9put\u00e9s veulent une s\u00e9ance unique tout au long de l\u2019ann\u00e9e"},{"@type":"BreadcrumbList","@id":"https:\/\/www.webdo.tn\/fr\/actualite\/national\/tunisie-des-deputes-veulent-une-seance-unique-tout-au-long-de-l-annee\/212004\/#breadcrumb","itemListElement":[{"@type":"ListItem","position":1,"name":"Accueil","item":"https:\/\/www.webdo.tn\/fr\/"},{"@type":"ListItem","position":2,"name":"Tunisie : Des d\u00e9put\u00e9s veulent une s\u00e9ance unique tout au long de l\u2019ann\u00e9e"}]},{"@type":"WebSite","@id":"https:\/\/www.webdo.tn\/fr\/#website","url":"https:\/\/www.webdo.tn\/fr\/","name":"webdo","description":"Tunisie - News en Tunisie et \u00e0 l&#039;international sur Webdo.tn","publisher":{"@id":"https:\/\/www.webdo.tn\/fr\/#organization"},"potentialAction":[{"@type":"SearchAction","target":{"@type":"EntryPoint","urlTemplate":"https:\/\/www.webdo.tn\/fr\/?s={search_term_string}"},"query-input":{"@type":"PropertyValueSpecification","valueRequired":true,"valueName":"search_term_string"}}],"inLanguage":"fr-FR"},{"@type":"Organization","@id":"https:\/\/www.webdo.tn\/fr\/#organization","name":"Webdo","alternateName":"Webdo.tn","url":"https:\/\/www.webdo.tn\/fr\/","logo":{"@type":"ImageObject","inLanguage":"fr-FR","@id":"https:\/\/www.webdo.tn\/fr\/#\/schema\/logo\/image\/","url":"https:\/\/www.webdo.tn\/fr\/wp-content\/uploads\/2025\/06\/Webdo-Tunisie_168377.jpg","contentUrl":"https:\/\/www.webdo.tn\/fr\/wp-content\/uploads\/2025\/06\/Webdo-Tunisie_168377.jpg","width":301,"height":301,"caption":"Webdo"},"image":{"@id":"https:\/\/www.webdo.tn\/fr\/#\/schema\/logo\/image\/"},"sameAs":["https:\/\/www.facebook.com\/webdotn","https:\/\/x.com\/webdo_tn"],"description":"Webdo est un m\u00e9dia num\u00e9rique tunisien fond\u00e9 en 2010, sp\u00e9cialis\u00e9 dans l\u2019actualit\u00e9 nationale et internationale, l\u2019\u00e9conomie, la soci\u00e9t\u00e9 et les analyses politiques. Le site s\u2019adresse \u00e0 un large public francophone et couvre l\u2019information tunisienne en temps r\u00e9el.","email":"redac@webdo.tn","legalName":"YNJ SARL","foundingDate":"2010-09-06","numberOfEmployees":{"@type":"QuantitativeValue","minValue":"11","maxValue":"50"}},{"@type":"Person","@id":"https:\/\/www.webdo.tn\/fr\/#\/schema\/person\/f35b42a42c5e2511bbd282959d6385cc","name":"CL","image":{"@type":"ImageObject","inLanguage":"fr-FR","@id":"https:\/\/secure.gravatar.com\/avatar\/1447a49909b67aa657c488aec6512e1dd6143a480c1ecfee9b5b5cd74eb3b59e?s=96&d=mm&r=g","url":"https:\/\/secure.gravatar.com\/avatar\/1447a49909b67aa657c488aec6512e1dd6143a480c1ecfee9b5b5cd74eb3b59e?s=96&d=mm&r=g","contentUrl":"https:\/\/secure.gravatar.com\/avatar\/1447a49909b67aa657c488aec6512e1dd6143a480c1ecfee9b5b5cd74eb3b59e?s=96&d=mm&r=g","caption":"CL"},"url":"https:\/\/www.webdo.tn\/fr\/actualite\/author\/cl\/"}]}},"_links":{"self":[{"href":"https:\/\/www.webdo.tn\/fr\/wp-json\/wp\/v2\/posts\/212004","targetHints":{"allow":["GET"]}}],"collection":[{"href":"https:\/\/www.webdo.tn\/fr\/wp-json\/wp\/v2\/posts"}],"about":[{"href":"https:\/\/www.webdo.tn\/fr\/wp-json\/wp\/v2\/types\/post"}],"author":[{"embeddable":true,"href":"https:\/\/www.webdo.tn\/fr\/wp-json\/wp\/v2\/users\/3175"}],"replies":[{"embeddable":true,"href":"https:\/\/www.webdo.tn\/fr\/wp-json\/wp\/v2\/comments?post=212004"}],"version-history":[{"count":0,"href":"https:\/\/www.webdo.tn\/fr\/wp-json\/wp\/v2\/posts\/212004\/revisions"}],"wp:featuredmedia":[{"embeddable":true,"href":"https:\/\/www.webdo.tn\/fr\/wp-json\/wp\/v2\/media\/290161"}],"wp:attachment":[{"href":"https:\/\/www.webdo.tn\/fr\/wp-json\/wp\/v2\/media?parent=212004"}],"wp:term":[{"taxonomy":"category","embeddable":true,"href":"https:\/\/www.webdo.tn\/fr\/wp-json\/wp\/v2\/categories?post=212004"},{"taxonomy":"post_tag","embeddable":true,"href":"https:\/\/www.webdo.tn\/fr\/wp-json\/wp\/v2\/tags?post=212004"}],"curies":[{"name":"wp","href":"https:\/\/api.w.org\/{rel}","templated":true}]}}