{"id":211993,"date":"2024-02-01T22:57:00","date_gmt":"2024-02-01T22:57:00","guid":{"rendered":"https:\/\/www.webdo.tn\/fr\/blog\/financement-de-l-etat-par-la-bct-le-projet-de-loi-en-examen-a-l-arp-le-6-fevrier\/211993\/"},"modified":"2025-05-20T22:55:30","modified_gmt":"2025-05-20T22:55:30","slug":"financement-de-l-etat-par-la-bct-le-projet-de-loi-en-examen-a-l-arp-le-6-fevrier","status":"publish","type":"post","link":"https:\/\/www.webdo.tn\/fr\/actualite\/national\/financement-de-l-etat-par-la-bct-le-projet-de-loi-en-examen-a-l-arp-le-6-fevrier\/211993\/","title":{"rendered":"Financement de l&rsquo;Etat par la BCT : Le projet de loi en examen \u00e0 l\u2019ARP le 6 f\u00e9vrier"},"content":{"rendered":"<p>La s\u00e9ance pl\u00e9ni\u00e8re consacr\u00e9e \u00e0 l&rsquo;examen du projet amendant la loi de la BCT relatif au financement du Tr\u00e9sor public, a \u00e9t\u00e9 fix\u00e9e pour le 6 f\u00e9vrier 2024.<\/p>\n<p>\t\t\t\t\t\t\t\t\tR\u00e9uni ce jeudi 1er f\u00e9vrier, le bureau de l&rsquo;Assembl\u00e9e des repr\u00e9sentants du peuple (ARP), a examin\u00e9 le rapport de la commission des Finances et du Budget sur le projet de loi relatif \u00e0 l&rsquo;autorisation accord\u00e9e \u00e0 la Banque centrale tunisienne de fournir des facilit\u00e9s au profit du Tr\u00e9sor public. La d\u00e9cision a \u00e9t\u00e9 prise de le soumettre \u00e0 la s\u00e9ance pl\u00e9ni\u00e8re pr\u00e9vue le mardi 6 f\u00e9vrier 2024, \u00e0 partir de 14h30.<\/p>\n<p>Selon ce projet de loi soumis par le gouvernement \u00e0 l\u2019ARP, la Banque centrale est autoris\u00e9e exceptionnellement \u00e0 accorder des facilit\u00e9s au tr\u00e9sor public de l\u2019Etat \u00e0 hauteur d\u2019un montant net d\u2019une valeur de 7.000 millions de dinars rembours\u00e9 sur dix ans avec une p\u00e9riode de gr\u00e2ce et sans int\u00e9r\u00eats.\u00a0<\/p>\n<p>Ces facilit\u00e9s sont accord\u00e9es sur demande du Tr\u00e9sor public. Un accord est conclu entre le ministre des Finances et le gouverneur de la Banque centrale pour fixer les modalit\u00e9s de retrait des facilit\u00e9s et de leur remboursement. Il s\u2019agit d\u2019une exception aux dispositions de l\u2019article 25 de la loi portant fixation du statut de la BCT en vue de financer une partie de d\u00e9fit du budget de l\u2019\u00c9tat de l\u2019ann\u00e9e 2024.<\/p>\n<p>Lors de son audition, ce jeudi, par la Commission de finances et du budget relevant de l\u2019ARP, le gouverneur de la Banque centrale de Tunisie a fait savoir que le financement du budget par autorisation \u00e0 la BCT n\u2019augmentera pas l\u2019inflation, mais il abaissera les r\u00e9serves en devises.\u00a0<\/p>\n<p>\u00ab Malgr\u00e9 cette autorisation, il faut \u0153uvrer \u00e0 trouver des solutions urgentes pour g\u00e9n\u00e9rer de ressources en devises parce que le cr\u00e9dit \u00e0 rembourser au mois de f\u00e9vrier 2024 doit \u00eatre rembours\u00e9 en monnaies \u00e9trang\u00e8res \u00bb, a-t-il expliqu\u00e9.<\/p>\n<p>\u00ab La conjoncture actuelle demeure difficile en raison du taux d\u2019endettement \u00e9lev\u00e9 et du faible taux de croissance\u00bb, a-t-il d\u00e9plor\u00e9.<\/p>\n","protected":false},"excerpt":{"rendered":"<p>Selon ce projet de loi soumis par le gouvernement \u00e0 l\u2019ARP, la Banque centrale est autoris\u00e9e exceptionnellement \u00e0 accorder des facilit\u00e9s au tr\u00e9sor public de l\u2019Et&#8230;<\/p>\n","protected":false},"author":3182,"featured_media":248097,"comment_status":"open","ping_status":"closed","sticky":false,"template":"","format":"standard","meta":{"footnotes":""},"categories":[44],"tags":[2813,2807,2884,2608],"class_list":["post-211993","post","type-post","status-publish","format-standard","has-post-thumbnail","hentry","category-national","tag-arp","tag-bct","tag-financement","tag-tunisie"],"yoast_head":"<!-- This site is optimized with the Yoast SEO Premium plugin v27.4 (Yoast SEO v27.5) - https:\/\/yoast.com\/product\/yoast-seo-premium-wordpress\/ -->\n<title>Financement de l&#039;Etat par la BCT : Le projet de loi en examen \u00e0 l\u2019ARP le 6 f\u00e9vrier<\/title>\n<meta name=\"description\" content=\"Selon ce projet de loi soumis par le gouvernement \u00e0 l\u2019ARP, la Banque centrale est autoris\u00e9e exceptionnellement \u00e0 accorder des facilit\u00e9s au tr\u00e9sor public de l\u2019Et...\" \/>\n<link rel=\"canonical\" href=\"https:\/\/www.webdo.tn\/fr\/actualite\/national\/financement-de-l-etat-par-la-bct-le-projet-de-loi-en-examen-a-l-arp-le-6-fevrier\/211993\/\" \/>\n<meta property=\"og:locale\" content=\"fr_FR\" \/>\n<meta property=\"og:type\" content=\"article\" \/>\n<meta property=\"og:title\" content=\"Financement de l&#039;Etat par la BCT : Le projet de loi en examen \u00e0 l\u2019ARP le 6 f\u00e9vrier\" \/>\n<meta property=\"og:description\" content=\"Selon ce projet de loi soumis par le gouvernement \u00e0 l\u2019ARP, la Banque centrale est autoris\u00e9e exceptionnellement \u00e0 accorder des facilit\u00e9s au tr\u00e9sor public de l\u2019Et...\" \/>\n<meta property=\"og:url\" content=\"https:\/\/www.webdo.tn\/fr\/actualite\/national\/financement-de-l-etat-par-la-bct-le-projet-de-loi-en-examen-a-l-arp-le-6-fevrier\/211993\/\" \/>\n<meta property=\"og:site_name\" content=\"webdo\" \/>\n<meta property=\"article:publisher\" content=\"https:\/\/www.facebook.com\/webdotn\" \/>\n<meta property=\"article:published_time\" content=\"2024-02-01T22:57:00+00:00\" \/>\n<meta property=\"article:modified_time\" content=\"2025-05-20T22:55:30+00:00\" \/>\n<meta property=\"og:image\" content=\"https:\/\/www.webdo.tn\/fr\/wp-content\/uploads\/2024\/02\/5d2d7105c14ceafbb261c8b394ccdee3.jpg\" \/>\n\t<meta property=\"og:image:width\" content=\"626\" \/>\n\t<meta property=\"og:image:height\" content=\"334\" \/>\n\t<meta property=\"og:image:type\" content=\"image\/jpeg\" \/>\n<meta name=\"author\" content=\"WB\" \/>\n<meta name=\"twitter:card\" content=\"summary_large_image\" \/>\n<meta name=\"twitter:creator\" content=\"@webdo_tn\" \/>\n<meta name=\"twitter:site\" content=\"@webdo_tn\" \/>\n<meta name=\"twitter:label1\" content=\"\u00c9crit par\" \/>\n\t<meta name=\"twitter:data1\" content=\"WB\" \/>\n\t<meta name=\"twitter:label2\" content=\"Dur\u00e9e de lecture estim\u00e9e\" \/>\n\t<meta name=\"twitter:data2\" content=\"2 minutes\" \/>\n<script type=\"application\/ld+json\" class=\"yoast-schema-graph\">{\"@context\":\"https:\\\/\\\/schema.org\",\"@graph\":[{\"@type\":\"NewsArticle\",\"@id\":\"https:\\\/\\\/www.webdo.tn\\\/fr\\\/actualite\\\/national\\\/financement-de-l-etat-par-la-bct-le-projet-de-loi-en-examen-a-l-arp-le-6-fevrier\\\/211993\\\/#article\",\"isPartOf\":{\"@id\":\"https:\\\/\\\/www.webdo.tn\\\/fr\\\/actualite\\\/national\\\/financement-de-l-etat-par-la-bct-le-projet-de-loi-en-examen-a-l-arp-le-6-fevrier\\\/211993\\\/\"},\"author\":{\"name\":\"WB\",\"@id\":\"https:\\\/\\\/www.webdo.tn\\\/fr\\\/#\\\/schema\\\/person\\\/f16bf91e3b3c6347371884777659f9d8\"},\"headline\":\"Financement de l&rsquo;Etat par la BCT : Le projet de loi en examen \u00e0 l\u2019ARP le 6 f\u00e9vrier\",\"datePublished\":\"2024-02-01T22:57:00+00:00\",\"dateModified\":\"2025-05-20T22:55:30+00:00\",\"mainEntityOfPage\":{\"@id\":\"https:\\\/\\\/www.webdo.tn\\\/fr\\\/actualite\\\/national\\\/financement-de-l-etat-par-la-bct-le-projet-de-loi-en-examen-a-l-arp-le-6-fevrier\\\/211993\\\/\"},\"wordCount\":379,\"commentCount\":0,\"publisher\":{\"@id\":\"https:\\\/\\\/www.webdo.tn\\\/fr\\\/#organization\"},\"image\":{\"@id\":\"https:\\\/\\\/www.webdo.tn\\\/fr\\\/actualite\\\/national\\\/financement-de-l-etat-par-la-bct-le-projet-de-loi-en-examen-a-l-arp-le-6-fevrier\\\/211993\\\/#primaryimage\"},\"thumbnailUrl\":\"https:\\\/\\\/www.webdo.tn\\\/fr\\\/wp-content\\\/uploads\\\/2024\\\/02\\\/5d2d7105c14ceafbb261c8b394ccdee3.jpg\",\"keywords\":[\"ARP\",\"BCT\",\"financement\",\"Tunisie\"],\"articleSection\":[\"National\"],\"inLanguage\":\"fr-FR\"},{\"@type\":\"WebPage\",\"@id\":\"https:\\\/\\\/www.webdo.tn\\\/fr\\\/actualite\\\/national\\\/financement-de-l-etat-par-la-bct-le-projet-de-loi-en-examen-a-l-arp-le-6-fevrier\\\/211993\\\/\",\"url\":\"https:\\\/\\\/www.webdo.tn\\\/fr\\\/actualite\\\/national\\\/financement-de-l-etat-par-la-bct-le-projet-de-loi-en-examen-a-l-arp-le-6-fevrier\\\/211993\\\/\",\"name\":\"Financement de l'Etat par la BCT : Le projet de loi en examen \u00e0 l\u2019ARP le 6 f\u00e9vrier\",\"isPartOf\":{\"@id\":\"https:\\\/\\\/www.webdo.tn\\\/fr\\\/#website\"},\"primaryImageOfPage\":{\"@id\":\"https:\\\/\\\/www.webdo.tn\\\/fr\\\/actualite\\\/national\\\/financement-de-l-etat-par-la-bct-le-projet-de-loi-en-examen-a-l-arp-le-6-fevrier\\\/211993\\\/#primaryimage\"},\"image\":{\"@id\":\"https:\\\/\\\/www.webdo.tn\\\/fr\\\/actualite\\\/national\\\/financement-de-l-etat-par-la-bct-le-projet-de-loi-en-examen-a-l-arp-le-6-fevrier\\\/211993\\\/#primaryimage\"},\"thumbnailUrl\":\"https:\\\/\\\/www.webdo.tn\\\/fr\\\/wp-content\\\/uploads\\\/2024\\\/02\\\/5d2d7105c14ceafbb261c8b394ccdee3.jpg\",\"datePublished\":\"2024-02-01T22:57:00+00:00\",\"dateModified\":\"2025-05-20T22:55:30+00:00\",\"description\":\"Selon ce projet de loi soumis par le gouvernement \u00e0 l\u2019ARP, la Banque centrale est autoris\u00e9e exceptionnellement \u00e0 accorder des facilit\u00e9s au tr\u00e9sor public de l\u2019Et...\",\"breadcrumb\":{\"@id\":\"https:\\\/\\\/www.webdo.tn\\\/fr\\\/actualite\\\/national\\\/financement-de-l-etat-par-la-bct-le-projet-de-loi-en-examen-a-l-arp-le-6-fevrier\\\/211993\\\/#breadcrumb\"},\"inLanguage\":\"fr-FR\",\"potentialAction\":[{\"@type\":\"ReadAction\",\"target\":[\"https:\\\/\\\/www.webdo.tn\\\/fr\\\/actualite\\\/national\\\/financement-de-l-etat-par-la-bct-le-projet-de-loi-en-examen-a-l-arp-le-6-fevrier\\\/211993\\\/\"]}]},{\"@type\":\"ImageObject\",\"inLanguage\":\"fr-FR\",\"@id\":\"https:\\\/\\\/www.webdo.tn\\\/fr\\\/actualite\\\/national\\\/financement-de-l-etat-par-la-bct-le-projet-de-loi-en-examen-a-l-arp-le-6-fevrier\\\/211993\\\/#primaryimage\",\"url\":\"https:\\\/\\\/www.webdo.tn\\\/fr\\\/wp-content\\\/uploads\\\/2024\\\/02\\\/5d2d7105c14ceafbb261c8b394ccdee3.jpg\",\"contentUrl\":\"https:\\\/\\\/www.webdo.tn\\\/fr\\\/wp-content\\\/uploads\\\/2024\\\/02\\\/5d2d7105c14ceafbb261c8b394ccdee3.jpg\",\"width\":626,\"height\":334,\"caption\":\"BCT\"},{\"@type\":\"BreadcrumbList\",\"@id\":\"https:\\\/\\\/www.webdo.tn\\\/fr\\\/actualite\\\/national\\\/financement-de-l-etat-par-la-bct-le-projet-de-loi-en-examen-a-l-arp-le-6-fevrier\\\/211993\\\/#breadcrumb\",\"itemListElement\":[{\"@type\":\"ListItem\",\"position\":1,\"name\":\"Accueil\",\"item\":\"https:\\\/\\\/www.webdo.tn\\\/fr\\\/\"},{\"@type\":\"ListItem\",\"position\":2,\"name\":\"Financement de l&#8217;Etat par la BCT : Le projet de loi en examen \u00e0 l\u2019ARP le 6 f\u00e9vrier\"}]},{\"@type\":\"WebSite\",\"@id\":\"https:\\\/\\\/www.webdo.tn\\\/fr\\\/#website\",\"url\":\"https:\\\/\\\/www.webdo.tn\\\/fr\\\/\",\"name\":\"webdo\",\"description\":\"Tunisie - News en Tunisie et \u00e0 l&#039;international sur Webdo.tn\",\"publisher\":{\"@id\":\"https:\\\/\\\/www.webdo.tn\\\/fr\\\/#organization\"},\"potentialAction\":[{\"@type\":\"SearchAction\",\"target\":{\"@type\":\"EntryPoint\",\"urlTemplate\":\"https:\\\/\\\/www.webdo.tn\\\/fr\\\/?s={search_term_string}\"},\"query-input\":{\"@type\":\"PropertyValueSpecification\",\"valueRequired\":true,\"valueName\":\"search_term_string\"}}],\"inLanguage\":\"fr-FR\"},{\"@type\":\"Organization\",\"@id\":\"https:\\\/\\\/www.webdo.tn\\\/fr\\\/#organization\",\"name\":\"Webdo\",\"alternateName\":\"Webdo.tn\",\"url\":\"https:\\\/\\\/www.webdo.tn\\\/fr\\\/\",\"logo\":{\"@type\":\"ImageObject\",\"inLanguage\":\"fr-FR\",\"@id\":\"https:\\\/\\\/www.webdo.tn\\\/fr\\\/#\\\/schema\\\/logo\\\/image\\\/\",\"url\":\"https:\\\/\\\/www.webdo.tn\\\/fr\\\/wp-content\\\/uploads\\\/2025\\\/06\\\/Webdo-Tunisie_168377.jpg\",\"contentUrl\":\"https:\\\/\\\/www.webdo.tn\\\/fr\\\/wp-content\\\/uploads\\\/2025\\\/06\\\/Webdo-Tunisie_168377.jpg\",\"width\":301,\"height\":301,\"caption\":\"Webdo\"},\"image\":{\"@id\":\"https:\\\/\\\/www.webdo.tn\\\/fr\\\/#\\\/schema\\\/logo\\\/image\\\/\"},\"sameAs\":[\"https:\\\/\\\/www.facebook.com\\\/webdotn\",\"https:\\\/\\\/x.com\\\/webdo_tn\"],\"description\":\"Webdo est un m\u00e9dia num\u00e9rique tunisien fond\u00e9 en 2010, sp\u00e9cialis\u00e9 dans l\u2019actualit\u00e9 nationale et internationale, l\u2019\u00e9conomie, la soci\u00e9t\u00e9 et les analyses politiques. Le site s\u2019adresse \u00e0 un large public francophone et couvre l\u2019information tunisienne en temps r\u00e9el.\",\"email\":\"redac@webdo.tn\",\"legalName\":\"YNJ SARL\",\"foundingDate\":\"2010-09-06\",\"numberOfEmployees\":{\"@type\":\"QuantitativeValue\",\"minValue\":\"11\",\"maxValue\":\"50\"}},{\"@type\":\"Person\",\"@id\":\"https:\\\/\\\/www.webdo.tn\\\/fr\\\/#\\\/schema\\\/person\\\/f16bf91e3b3c6347371884777659f9d8\",\"name\":\"WB\",\"image\":{\"@type\":\"ImageObject\",\"inLanguage\":\"fr-FR\",\"@id\":\"https:\\\/\\\/secure.gravatar.com\\\/avatar\\\/fd3caf00dbfd4b6d6ce43e8ea4748ed2e4d0fae2c3a87c1e2f6ba0a54c3ab5cb?s=96&d=mm&r=g\",\"url\":\"https:\\\/\\\/secure.gravatar.com\\\/avatar\\\/fd3caf00dbfd4b6d6ce43e8ea4748ed2e4d0fae2c3a87c1e2f6ba0a54c3ab5cb?s=96&d=mm&r=g\",\"contentUrl\":\"https:\\\/\\\/secure.gravatar.com\\\/avatar\\\/fd3caf00dbfd4b6d6ce43e8ea4748ed2e4d0fae2c3a87c1e2f6ba0a54c3ab5cb?s=96&d=mm&r=g\",\"caption\":\"WB\"},\"url\":\"https:\\\/\\\/www.webdo.tn\\\/fr\\\/actualite\\\/author\\\/wb\\\/\"}]}<\/script>\n<!-- \/ Yoast SEO Premium plugin. -->","yoast_head_json":{"title":"Financement de l'Etat par la BCT : Le projet de loi en examen \u00e0 l\u2019ARP le 6 f\u00e9vrier","description":"Selon ce projet de loi soumis par le gouvernement \u00e0 l\u2019ARP, la Banque centrale est autoris\u00e9e exceptionnellement \u00e0 accorder des facilit\u00e9s au tr\u00e9sor public de l\u2019Et...","canonical":"https:\/\/www.webdo.tn\/fr\/actualite\/national\/financement-de-l-etat-par-la-bct-le-projet-de-loi-en-examen-a-l-arp-le-6-fevrier\/211993\/","og_locale":"fr_FR","og_type":"article","og_title":"Financement de l'Etat par la BCT : Le projet de loi en examen \u00e0 l\u2019ARP le 6 f\u00e9vrier","og_description":"Selon ce projet de loi soumis par le gouvernement \u00e0 l\u2019ARP, la Banque centrale est autoris\u00e9e exceptionnellement \u00e0 accorder des facilit\u00e9s au tr\u00e9sor public de l\u2019Et...","og_url":"https:\/\/www.webdo.tn\/fr\/actualite\/national\/financement-de-l-etat-par-la-bct-le-projet-de-loi-en-examen-a-l-arp-le-6-fevrier\/211993\/","og_site_name":"webdo","article_publisher":"https:\/\/www.facebook.com\/webdotn","article_published_time":"2024-02-01T22:57:00+00:00","article_modified_time":"2025-05-20T22:55:30+00:00","og_image":[{"width":626,"height":334,"url":"https:\/\/www.webdo.tn\/fr\/wp-content\/uploads\/2024\/02\/5d2d7105c14ceafbb261c8b394ccdee3.jpg","type":"image\/jpeg"}],"author":"WB","twitter_card":"summary_large_image","twitter_creator":"@webdo_tn","twitter_site":"@webdo_tn","twitter_misc":{"\u00c9crit par":"WB","Dur\u00e9e de lecture estim\u00e9e":"2 minutes"},"schema":{"@context":"https:\/\/schema.org","@graph":[{"@type":"NewsArticle","@id":"https:\/\/www.webdo.tn\/fr\/actualite\/national\/financement-de-l-etat-par-la-bct-le-projet-de-loi-en-examen-a-l-arp-le-6-fevrier\/211993\/#article","isPartOf":{"@id":"https:\/\/www.webdo.tn\/fr\/actualite\/national\/financement-de-l-etat-par-la-bct-le-projet-de-loi-en-examen-a-l-arp-le-6-fevrier\/211993\/"},"author":{"name":"WB","@id":"https:\/\/www.webdo.tn\/fr\/#\/schema\/person\/f16bf91e3b3c6347371884777659f9d8"},"headline":"Financement de l&rsquo;Etat par la BCT : Le projet de loi en examen \u00e0 l\u2019ARP le 6 f\u00e9vrier","datePublished":"2024-02-01T22:57:00+00:00","dateModified":"2025-05-20T22:55:30+00:00","mainEntityOfPage":{"@id":"https:\/\/www.webdo.tn\/fr\/actualite\/national\/financement-de-l-etat-par-la-bct-le-projet-de-loi-en-examen-a-l-arp-le-6-fevrier\/211993\/"},"wordCount":379,"commentCount":0,"publisher":{"@id":"https:\/\/www.webdo.tn\/fr\/#organization"},"image":{"@id":"https:\/\/www.webdo.tn\/fr\/actualite\/national\/financement-de-l-etat-par-la-bct-le-projet-de-loi-en-examen-a-l-arp-le-6-fevrier\/211993\/#primaryimage"},"thumbnailUrl":"https:\/\/www.webdo.tn\/fr\/wp-content\/uploads\/2024\/02\/5d2d7105c14ceafbb261c8b394ccdee3.jpg","keywords":["ARP","BCT","financement","Tunisie"],"articleSection":["National"],"inLanguage":"fr-FR"},{"@type":"WebPage","@id":"https:\/\/www.webdo.tn\/fr\/actualite\/national\/financement-de-l-etat-par-la-bct-le-projet-de-loi-en-examen-a-l-arp-le-6-fevrier\/211993\/","url":"https:\/\/www.webdo.tn\/fr\/actualite\/national\/financement-de-l-etat-par-la-bct-le-projet-de-loi-en-examen-a-l-arp-le-6-fevrier\/211993\/","name":"Financement de l'Etat par la BCT : Le projet de loi en examen \u00e0 l\u2019ARP le 6 f\u00e9vrier","isPartOf":{"@id":"https:\/\/www.webdo.tn\/fr\/#website"},"primaryImageOfPage":{"@id":"https:\/\/www.webdo.tn\/fr\/actualite\/national\/financement-de-l-etat-par-la-bct-le-projet-de-loi-en-examen-a-l-arp-le-6-fevrier\/211993\/#primaryimage"},"image":{"@id":"https:\/\/www.webdo.tn\/fr\/actualite\/national\/financement-de-l-etat-par-la-bct-le-projet-de-loi-en-examen-a-l-arp-le-6-fevrier\/211993\/#primaryimage"},"thumbnailUrl":"https:\/\/www.webdo.tn\/fr\/wp-content\/uploads\/2024\/02\/5d2d7105c14ceafbb261c8b394ccdee3.jpg","datePublished":"2024-02-01T22:57:00+00:00","dateModified":"2025-05-20T22:55:30+00:00","description":"Selon ce projet de loi soumis par le gouvernement \u00e0 l\u2019ARP, la Banque centrale est autoris\u00e9e exceptionnellement \u00e0 accorder des facilit\u00e9s au tr\u00e9sor public de l\u2019Et...","breadcrumb":{"@id":"https:\/\/www.webdo.tn\/fr\/actualite\/national\/financement-de-l-etat-par-la-bct-le-projet-de-loi-en-examen-a-l-arp-le-6-fevrier\/211993\/#breadcrumb"},"inLanguage":"fr-FR","potentialAction":[{"@type":"ReadAction","target":["https:\/\/www.webdo.tn\/fr\/actualite\/national\/financement-de-l-etat-par-la-bct-le-projet-de-loi-en-examen-a-l-arp-le-6-fevrier\/211993\/"]}]},{"@type":"ImageObject","inLanguage":"fr-FR","@id":"https:\/\/www.webdo.tn\/fr\/actualite\/national\/financement-de-l-etat-par-la-bct-le-projet-de-loi-en-examen-a-l-arp-le-6-fevrier\/211993\/#primaryimage","url":"https:\/\/www.webdo.tn\/fr\/wp-content\/uploads\/2024\/02\/5d2d7105c14ceafbb261c8b394ccdee3.jpg","contentUrl":"https:\/\/www.webdo.tn\/fr\/wp-content\/uploads\/2024\/02\/5d2d7105c14ceafbb261c8b394ccdee3.jpg","width":626,"height":334,"caption":"BCT"},{"@type":"BreadcrumbList","@id":"https:\/\/www.webdo.tn\/fr\/actualite\/national\/financement-de-l-etat-par-la-bct-le-projet-de-loi-en-examen-a-l-arp-le-6-fevrier\/211993\/#breadcrumb","itemListElement":[{"@type":"ListItem","position":1,"name":"Accueil","item":"https:\/\/www.webdo.tn\/fr\/"},{"@type":"ListItem","position":2,"name":"Financement de l&#8217;Etat par la BCT : Le projet de loi en examen \u00e0 l\u2019ARP le 6 f\u00e9vrier"}]},{"@type":"WebSite","@id":"https:\/\/www.webdo.tn\/fr\/#website","url":"https:\/\/www.webdo.tn\/fr\/","name":"webdo","description":"Tunisie - News en Tunisie et \u00e0 l&#039;international sur Webdo.tn","publisher":{"@id":"https:\/\/www.webdo.tn\/fr\/#organization"},"potentialAction":[{"@type":"SearchAction","target":{"@type":"EntryPoint","urlTemplate":"https:\/\/www.webdo.tn\/fr\/?s={search_term_string}"},"query-input":{"@type":"PropertyValueSpecification","valueRequired":true,"valueName":"search_term_string"}}],"inLanguage":"fr-FR"},{"@type":"Organization","@id":"https:\/\/www.webdo.tn\/fr\/#organization","name":"Webdo","alternateName":"Webdo.tn","url":"https:\/\/www.webdo.tn\/fr\/","logo":{"@type":"ImageObject","inLanguage":"fr-FR","@id":"https:\/\/www.webdo.tn\/fr\/#\/schema\/logo\/image\/","url":"https:\/\/www.webdo.tn\/fr\/wp-content\/uploads\/2025\/06\/Webdo-Tunisie_168377.jpg","contentUrl":"https:\/\/www.webdo.tn\/fr\/wp-content\/uploads\/2025\/06\/Webdo-Tunisie_168377.jpg","width":301,"height":301,"caption":"Webdo"},"image":{"@id":"https:\/\/www.webdo.tn\/fr\/#\/schema\/logo\/image\/"},"sameAs":["https:\/\/www.facebook.com\/webdotn","https:\/\/x.com\/webdo_tn"],"description":"Webdo est un m\u00e9dia num\u00e9rique tunisien fond\u00e9 en 2010, sp\u00e9cialis\u00e9 dans l\u2019actualit\u00e9 nationale et internationale, l\u2019\u00e9conomie, la soci\u00e9t\u00e9 et les analyses politiques. Le site s\u2019adresse \u00e0 un large public francophone et couvre l\u2019information tunisienne en temps r\u00e9el.","email":"redac@webdo.tn","legalName":"YNJ SARL","foundingDate":"2010-09-06","numberOfEmployees":{"@type":"QuantitativeValue","minValue":"11","maxValue":"50"}},{"@type":"Person","@id":"https:\/\/www.webdo.tn\/fr\/#\/schema\/person\/f16bf91e3b3c6347371884777659f9d8","name":"WB","image":{"@type":"ImageObject","inLanguage":"fr-FR","@id":"https:\/\/secure.gravatar.com\/avatar\/fd3caf00dbfd4b6d6ce43e8ea4748ed2e4d0fae2c3a87c1e2f6ba0a54c3ab5cb?s=96&d=mm&r=g","url":"https:\/\/secure.gravatar.com\/avatar\/fd3caf00dbfd4b6d6ce43e8ea4748ed2e4d0fae2c3a87c1e2f6ba0a54c3ab5cb?s=96&d=mm&r=g","contentUrl":"https:\/\/secure.gravatar.com\/avatar\/fd3caf00dbfd4b6d6ce43e8ea4748ed2e4d0fae2c3a87c1e2f6ba0a54c3ab5cb?s=96&d=mm&r=g","caption":"WB"},"url":"https:\/\/www.webdo.tn\/fr\/actualite\/author\/wb\/"}]}},"_links":{"self":[{"href":"https:\/\/www.webdo.tn\/fr\/wp-json\/wp\/v2\/posts\/211993","targetHints":{"allow":["GET"]}}],"collection":[{"href":"https:\/\/www.webdo.tn\/fr\/wp-json\/wp\/v2\/posts"}],"about":[{"href":"https:\/\/www.webdo.tn\/fr\/wp-json\/wp\/v2\/types\/post"}],"author":[{"embeddable":true,"href":"https:\/\/www.webdo.tn\/fr\/wp-json\/wp\/v2\/users\/3182"}],"replies":[{"embeddable":true,"href":"https:\/\/www.webdo.tn\/fr\/wp-json\/wp\/v2\/comments?post=211993"}],"version-history":[{"count":0,"href":"https:\/\/www.webdo.tn\/fr\/wp-json\/wp\/v2\/posts\/211993\/revisions"}],"wp:featuredmedia":[{"embeddable":true,"href":"https:\/\/www.webdo.tn\/fr\/wp-json\/wp\/v2\/media\/248097"}],"wp:attachment":[{"href":"https:\/\/www.webdo.tn\/fr\/wp-json\/wp\/v2\/media?parent=211993"}],"wp:term":[{"taxonomy":"category","embeddable":true,"href":"https:\/\/www.webdo.tn\/fr\/wp-json\/wp\/v2\/categories?post=211993"},{"taxonomy":"post_tag","embeddable":true,"href":"https:\/\/www.webdo.tn\/fr\/wp-json\/wp\/v2\/tags?post=211993"}],"curies":[{"name":"wp","href":"https:\/\/api.w.org\/{rel}","templated":true}]}}