{"id":211992,"date":"2024-02-01T22:02:00","date_gmt":"2024-02-01T22:02:00","guid":{"rendered":"https:\/\/www.webdo.tn\/fr\/blog\/financement-etranger-trois-ans-de-prison-ferme-contre-ghannouchi-et-abdessalem\/211992\/"},"modified":"2025-05-20T22:55:29","modified_gmt":"2025-05-20T22:55:29","slug":"financement-etranger-trois-ans-de-prison-ferme-contre-ghannouchi-et-abdessalem","status":"publish","type":"post","link":"https:\/\/www.webdo.tn\/fr\/actualite\/national\/financement-etranger-trois-ans-de-prison-ferme-contre-ghannouchi-et-abdessalem\/211992\/","title":{"rendered":"Financement \u00e9tranger : Trois ans de prison ferme contre Ghannouchi et Abdessalem"},"content":{"rendered":"<p>Rached Ghannouchi et Rafik Abdessalem viennent d\u2019\u00eatre condamn\u00e9s \u00e0 trois ans de prison ferme, avec effet imm\u00e9diat, dans l\u2019affaire du financement \u00e9tranger du parti Ennahdha.<\/p>\n<p>\t\t\t\t\t\t\t\t\tLe verdict a \u00e9t\u00e9 rendu par la chambre correctionnelle sp\u00e9cialis\u00e9e dans les affaires de corruption pr\u00e8s le Tribunal de premi\u00e8re instance de Tunis.<br \/>\nC\u2019est ce qu\u2019a indiqu\u00e9, ce jeudi 1er f\u00e9vrier, le porte-parole du Tribunal de premi\u00e8re instance de Tunis, Mohamed Zitouna sur les ondes de Mosa\u00efque fm.<\/p>\n<p>Zitouna a, \u00e9galement, d\u00e9clar\u00e9 que le repr\u00e9sentant l\u00e9gal du parti Ennahdha a \u00e9t\u00e9 condamn\u00e9 \u00e0 payer une amende \u00e9quivalente au montant du financement \u00e9tranger obtenu, soit 1,17 million de dollars am\u00e9ricains ou l&rsquo;\u00e9quivalent en dinars tunisiens (3.651.866 DT).<\/p>\n<p>Pour rappel, le P\u00f4le judiciaire \u00e9conomique et financier a d\u00e9cid\u00e9, en 2021, d\u2019ouvrir une enqu\u00eate sur des financements \u00e9trangers et non identifi\u00e9s d&rsquo;Ennahdha, de Qalb Toun\u00e8s et de Ich Tounsi. Cette d\u00e9cision a \u00e9t\u00e9 prise suite une plainte d\u00e9pos\u00e9e par le parti du Courant D\u00e9mocratique et au rapport de la Cour des comptes.<\/p>\n","protected":false},"excerpt":{"rendered":"<p>le repr\u00e9sentant l\u00e9gal du parti Ennahdha a \u00e9t\u00e9 condamn\u00e9 \u00e0 payer une amende \u00e9quivalente au montant du financement \u00e9tranger obtenu<\/p>\n","protected":false},"author":3182,"featured_media":248096,"comment_status":"open","ping_status":"closed","sticky":false,"template":"","format":"standard","meta":{"footnotes":""},"categories":[44],"tags":[7084,3057,4127,2708,2608],"class_list":["post-211992","post","type-post","status-publish","format-standard","has-post-thumbnail","hentry","category-national","tag-abdessalem","tag-ennahdha","tag-ghannouchi","tag-prison","tag-tunisie"],"yoast_head":"<!-- This site is optimized with the Yoast SEO Premium plugin v27.4 (Yoast SEO v27.5) - https:\/\/yoast.com\/product\/yoast-seo-premium-wordpress\/ -->\n<title>Financement \u00e9tranger : Trois ans de prison ferme contre Ghannouchi et Abdessalem<\/title>\n<meta name=\"description\" content=\"le repr\u00e9sentant l\u00e9gal du parti Ennahdha a \u00e9t\u00e9 condamn\u00e9 \u00e0 payer une amende \u00e9quivalente au montant du financement \u00e9tranger obtenu\" \/>\n<link rel=\"canonical\" href=\"https:\/\/www.webdo.tn\/fr\/actualite\/national\/financement-etranger-trois-ans-de-prison-ferme-contre-ghannouchi-et-abdessalem\/211992\/\" \/>\n<meta property=\"og:locale\" content=\"fr_FR\" \/>\n<meta property=\"og:type\" content=\"article\" \/>\n<meta property=\"og:title\" content=\"Financement \u00e9tranger : Trois ans de prison ferme contre Ghannouchi et Abdessalem\" \/>\n<meta property=\"og:description\" content=\"le repr\u00e9sentant l\u00e9gal du parti Ennahdha a \u00e9t\u00e9 condamn\u00e9 \u00e0 payer une amende \u00e9quivalente au montant du financement \u00e9tranger obtenu\" \/>\n<meta property=\"og:url\" content=\"https:\/\/www.webdo.tn\/fr\/actualite\/national\/financement-etranger-trois-ans-de-prison-ferme-contre-ghannouchi-et-abdessalem\/211992\/\" \/>\n<meta property=\"og:site_name\" content=\"webdo\" \/>\n<meta property=\"article:publisher\" content=\"https:\/\/www.facebook.com\/webdotn\" \/>\n<meta property=\"article:published_time\" content=\"2024-02-01T22:02:00+00:00\" \/>\n<meta property=\"article:modified_time\" content=\"2025-05-20T22:55:29+00:00\" \/>\n<meta property=\"og:image\" content=\"https:\/\/www.webdo.tn\/fr\/wp-content\/uploads\/2024\/02\/0ae517e3c39db584a221f6e3cf576c0d.png\" \/>\n\t<meta property=\"og:image:width\" content=\"750\" \/>\n\t<meta property=\"og:image:height\" content=\"400\" \/>\n\t<meta property=\"og:image:type\" content=\"image\/png\" \/>\n<meta name=\"author\" content=\"WB\" \/>\n<meta name=\"twitter:card\" content=\"summary_large_image\" \/>\n<meta name=\"twitter:creator\" content=\"@webdo_tn\" \/>\n<meta name=\"twitter:site\" content=\"@webdo_tn\" \/>\n<meta name=\"twitter:label1\" content=\"\u00c9crit par\" \/>\n\t<meta name=\"twitter:data1\" content=\"WB\" \/>\n\t<meta name=\"twitter:label2\" content=\"Dur\u00e9e de lecture estim\u00e9e\" \/>\n\t<meta name=\"twitter:data2\" content=\"1 minute\" \/>\n<script type=\"application\/ld+json\" class=\"yoast-schema-graph\">{\"@context\":\"https:\\\/\\\/schema.org\",\"@graph\":[{\"@type\":\"NewsArticle\",\"@id\":\"https:\\\/\\\/www.webdo.tn\\\/fr\\\/actualite\\\/national\\\/financement-etranger-trois-ans-de-prison-ferme-contre-ghannouchi-et-abdessalem\\\/211992\\\/#article\",\"isPartOf\":{\"@id\":\"https:\\\/\\\/www.webdo.tn\\\/fr\\\/actualite\\\/national\\\/financement-etranger-trois-ans-de-prison-ferme-contre-ghannouchi-et-abdessalem\\\/211992\\\/\"},\"author\":{\"name\":\"WB\",\"@id\":\"https:\\\/\\\/www.webdo.tn\\\/fr\\\/#\\\/schema\\\/person\\\/f16bf91e3b3c6347371884777659f9d8\"},\"headline\":\"Financement \u00e9tranger : Trois ans de prison ferme contre Ghannouchi et Abdessalem\",\"datePublished\":\"2024-02-01T22:02:00+00:00\",\"dateModified\":\"2025-05-20T22:55:29+00:00\",\"mainEntityOfPage\":{\"@id\":\"https:\\\/\\\/www.webdo.tn\\\/fr\\\/actualite\\\/national\\\/financement-etranger-trois-ans-de-prison-ferme-contre-ghannouchi-et-abdessalem\\\/211992\\\/\"},\"wordCount\":199,\"commentCount\":0,\"publisher\":{\"@id\":\"https:\\\/\\\/www.webdo.tn\\\/fr\\\/#organization\"},\"image\":{\"@id\":\"https:\\\/\\\/www.webdo.tn\\\/fr\\\/actualite\\\/national\\\/financement-etranger-trois-ans-de-prison-ferme-contre-ghannouchi-et-abdessalem\\\/211992\\\/#primaryimage\"},\"thumbnailUrl\":\"https:\\\/\\\/www.webdo.tn\\\/fr\\\/wp-content\\\/uploads\\\/2024\\\/02\\\/0ae517e3c39db584a221f6e3cf576c0d.png\",\"keywords\":[\"Abdessalem\",\"Ennahdha\",\"Ghannouchi\",\"Prison\",\"Tunisie\"],\"articleSection\":[\"National\"],\"inLanguage\":\"fr-FR\"},{\"@type\":\"WebPage\",\"@id\":\"https:\\\/\\\/www.webdo.tn\\\/fr\\\/actualite\\\/national\\\/financement-etranger-trois-ans-de-prison-ferme-contre-ghannouchi-et-abdessalem\\\/211992\\\/\",\"url\":\"https:\\\/\\\/www.webdo.tn\\\/fr\\\/actualite\\\/national\\\/financement-etranger-trois-ans-de-prison-ferme-contre-ghannouchi-et-abdessalem\\\/211992\\\/\",\"name\":\"Financement \u00e9tranger : Trois ans de prison ferme contre Ghannouchi et Abdessalem\",\"isPartOf\":{\"@id\":\"https:\\\/\\\/www.webdo.tn\\\/fr\\\/#website\"},\"primaryImageOfPage\":{\"@id\":\"https:\\\/\\\/www.webdo.tn\\\/fr\\\/actualite\\\/national\\\/financement-etranger-trois-ans-de-prison-ferme-contre-ghannouchi-et-abdessalem\\\/211992\\\/#primaryimage\"},\"image\":{\"@id\":\"https:\\\/\\\/www.webdo.tn\\\/fr\\\/actualite\\\/national\\\/financement-etranger-trois-ans-de-prison-ferme-contre-ghannouchi-et-abdessalem\\\/211992\\\/#primaryimage\"},\"thumbnailUrl\":\"https:\\\/\\\/www.webdo.tn\\\/fr\\\/wp-content\\\/uploads\\\/2024\\\/02\\\/0ae517e3c39db584a221f6e3cf576c0d.png\",\"datePublished\":\"2024-02-01T22:02:00+00:00\",\"dateModified\":\"2025-05-20T22:55:29+00:00\",\"description\":\"le repr\u00e9sentant l\u00e9gal du parti Ennahdha a \u00e9t\u00e9 condamn\u00e9 \u00e0 payer une amende \u00e9quivalente au montant du financement \u00e9tranger obtenu\",\"breadcrumb\":{\"@id\":\"https:\\\/\\\/www.webdo.tn\\\/fr\\\/actualite\\\/national\\\/financement-etranger-trois-ans-de-prison-ferme-contre-ghannouchi-et-abdessalem\\\/211992\\\/#breadcrumb\"},\"inLanguage\":\"fr-FR\",\"potentialAction\":[{\"@type\":\"ReadAction\",\"target\":[\"https:\\\/\\\/www.webdo.tn\\\/fr\\\/actualite\\\/national\\\/financement-etranger-trois-ans-de-prison-ferme-contre-ghannouchi-et-abdessalem\\\/211992\\\/\"]}]},{\"@type\":\"ImageObject\",\"inLanguage\":\"fr-FR\",\"@id\":\"https:\\\/\\\/www.webdo.tn\\\/fr\\\/actualite\\\/national\\\/financement-etranger-trois-ans-de-prison-ferme-contre-ghannouchi-et-abdessalem\\\/211992\\\/#primaryimage\",\"url\":\"https:\\\/\\\/www.webdo.tn\\\/fr\\\/wp-content\\\/uploads\\\/2024\\\/02\\\/0ae517e3c39db584a221f6e3cf576c0d.png\",\"contentUrl\":\"https:\\\/\\\/www.webdo.tn\\\/fr\\\/wp-content\\\/uploads\\\/2024\\\/02\\\/0ae517e3c39db584a221f6e3cf576c0d.png\",\"width\":750,\"height\":400,\"caption\":\"ghanouchi\"},{\"@type\":\"BreadcrumbList\",\"@id\":\"https:\\\/\\\/www.webdo.tn\\\/fr\\\/actualite\\\/national\\\/financement-etranger-trois-ans-de-prison-ferme-contre-ghannouchi-et-abdessalem\\\/211992\\\/#breadcrumb\",\"itemListElement\":[{\"@type\":\"ListItem\",\"position\":1,\"name\":\"Accueil\",\"item\":\"https:\\\/\\\/www.webdo.tn\\\/fr\\\/\"},{\"@type\":\"ListItem\",\"position\":2,\"name\":\"Financement \u00e9tranger : Trois ans de prison ferme contre Ghannouchi et Abdessalem\"}]},{\"@type\":\"WebSite\",\"@id\":\"https:\\\/\\\/www.webdo.tn\\\/fr\\\/#website\",\"url\":\"https:\\\/\\\/www.webdo.tn\\\/fr\\\/\",\"name\":\"webdo\",\"description\":\"Tunisie - News en Tunisie et \u00e0 l&#039;international sur Webdo.tn\",\"publisher\":{\"@id\":\"https:\\\/\\\/www.webdo.tn\\\/fr\\\/#organization\"},\"potentialAction\":[{\"@type\":\"SearchAction\",\"target\":{\"@type\":\"EntryPoint\",\"urlTemplate\":\"https:\\\/\\\/www.webdo.tn\\\/fr\\\/?s={search_term_string}\"},\"query-input\":{\"@type\":\"PropertyValueSpecification\",\"valueRequired\":true,\"valueName\":\"search_term_string\"}}],\"inLanguage\":\"fr-FR\"},{\"@type\":\"Organization\",\"@id\":\"https:\\\/\\\/www.webdo.tn\\\/fr\\\/#organization\",\"name\":\"Webdo\",\"alternateName\":\"Webdo.tn\",\"url\":\"https:\\\/\\\/www.webdo.tn\\\/fr\\\/\",\"logo\":{\"@type\":\"ImageObject\",\"inLanguage\":\"fr-FR\",\"@id\":\"https:\\\/\\\/www.webdo.tn\\\/fr\\\/#\\\/schema\\\/logo\\\/image\\\/\",\"url\":\"https:\\\/\\\/www.webdo.tn\\\/fr\\\/wp-content\\\/uploads\\\/2025\\\/06\\\/Webdo-Tunisie_168377.jpg\",\"contentUrl\":\"https:\\\/\\\/www.webdo.tn\\\/fr\\\/wp-content\\\/uploads\\\/2025\\\/06\\\/Webdo-Tunisie_168377.jpg\",\"width\":301,\"height\":301,\"caption\":\"Webdo\"},\"image\":{\"@id\":\"https:\\\/\\\/www.webdo.tn\\\/fr\\\/#\\\/schema\\\/logo\\\/image\\\/\"},\"sameAs\":[\"https:\\\/\\\/www.facebook.com\\\/webdotn\",\"https:\\\/\\\/x.com\\\/webdo_tn\"],\"description\":\"Webdo est un m\u00e9dia num\u00e9rique tunisien fond\u00e9 en 2010, sp\u00e9cialis\u00e9 dans l\u2019actualit\u00e9 nationale et internationale, l\u2019\u00e9conomie, la soci\u00e9t\u00e9 et les analyses politiques. Le site s\u2019adresse \u00e0 un large public francophone et couvre l\u2019information tunisienne en temps r\u00e9el.\",\"email\":\"redac@webdo.tn\",\"legalName\":\"YNJ SARL\",\"foundingDate\":\"2010-09-06\",\"numberOfEmployees\":{\"@type\":\"QuantitativeValue\",\"minValue\":\"11\",\"maxValue\":\"50\"}},{\"@type\":\"Person\",\"@id\":\"https:\\\/\\\/www.webdo.tn\\\/fr\\\/#\\\/schema\\\/person\\\/f16bf91e3b3c6347371884777659f9d8\",\"name\":\"WB\",\"image\":{\"@type\":\"ImageObject\",\"inLanguage\":\"fr-FR\",\"@id\":\"https:\\\/\\\/secure.gravatar.com\\\/avatar\\\/fd3caf00dbfd4b6d6ce43e8ea4748ed2e4d0fae2c3a87c1e2f6ba0a54c3ab5cb?s=96&d=mm&r=g\",\"url\":\"https:\\\/\\\/secure.gravatar.com\\\/avatar\\\/fd3caf00dbfd4b6d6ce43e8ea4748ed2e4d0fae2c3a87c1e2f6ba0a54c3ab5cb?s=96&d=mm&r=g\",\"contentUrl\":\"https:\\\/\\\/secure.gravatar.com\\\/avatar\\\/fd3caf00dbfd4b6d6ce43e8ea4748ed2e4d0fae2c3a87c1e2f6ba0a54c3ab5cb?s=96&d=mm&r=g\",\"caption\":\"WB\"},\"url\":\"https:\\\/\\\/www.webdo.tn\\\/fr\\\/actualite\\\/author\\\/wb\\\/\"}]}<\/script>\n<!-- \/ Yoast SEO Premium plugin. -->","yoast_head_json":{"title":"Financement \u00e9tranger : Trois ans de prison ferme contre Ghannouchi et Abdessalem","description":"le repr\u00e9sentant l\u00e9gal du parti Ennahdha a \u00e9t\u00e9 condamn\u00e9 \u00e0 payer une amende \u00e9quivalente au montant du financement \u00e9tranger obtenu","canonical":"https:\/\/www.webdo.tn\/fr\/actualite\/national\/financement-etranger-trois-ans-de-prison-ferme-contre-ghannouchi-et-abdessalem\/211992\/","og_locale":"fr_FR","og_type":"article","og_title":"Financement \u00e9tranger : Trois ans de prison ferme contre Ghannouchi et Abdessalem","og_description":"le repr\u00e9sentant l\u00e9gal du parti Ennahdha a \u00e9t\u00e9 condamn\u00e9 \u00e0 payer une amende \u00e9quivalente au montant du financement \u00e9tranger obtenu","og_url":"https:\/\/www.webdo.tn\/fr\/actualite\/national\/financement-etranger-trois-ans-de-prison-ferme-contre-ghannouchi-et-abdessalem\/211992\/","og_site_name":"webdo","article_publisher":"https:\/\/www.facebook.com\/webdotn","article_published_time":"2024-02-01T22:02:00+00:00","article_modified_time":"2025-05-20T22:55:29+00:00","og_image":[{"width":750,"height":400,"url":"https:\/\/www.webdo.tn\/fr\/wp-content\/uploads\/2024\/02\/0ae517e3c39db584a221f6e3cf576c0d.png","type":"image\/png"}],"author":"WB","twitter_card":"summary_large_image","twitter_creator":"@webdo_tn","twitter_site":"@webdo_tn","twitter_misc":{"\u00c9crit par":"WB","Dur\u00e9e de lecture estim\u00e9e":"1 minute"},"schema":{"@context":"https:\/\/schema.org","@graph":[{"@type":"NewsArticle","@id":"https:\/\/www.webdo.tn\/fr\/actualite\/national\/financement-etranger-trois-ans-de-prison-ferme-contre-ghannouchi-et-abdessalem\/211992\/#article","isPartOf":{"@id":"https:\/\/www.webdo.tn\/fr\/actualite\/national\/financement-etranger-trois-ans-de-prison-ferme-contre-ghannouchi-et-abdessalem\/211992\/"},"author":{"name":"WB","@id":"https:\/\/www.webdo.tn\/fr\/#\/schema\/person\/f16bf91e3b3c6347371884777659f9d8"},"headline":"Financement \u00e9tranger : Trois ans de prison ferme contre Ghannouchi et Abdessalem","datePublished":"2024-02-01T22:02:00+00:00","dateModified":"2025-05-20T22:55:29+00:00","mainEntityOfPage":{"@id":"https:\/\/www.webdo.tn\/fr\/actualite\/national\/financement-etranger-trois-ans-de-prison-ferme-contre-ghannouchi-et-abdessalem\/211992\/"},"wordCount":199,"commentCount":0,"publisher":{"@id":"https:\/\/www.webdo.tn\/fr\/#organization"},"image":{"@id":"https:\/\/www.webdo.tn\/fr\/actualite\/national\/financement-etranger-trois-ans-de-prison-ferme-contre-ghannouchi-et-abdessalem\/211992\/#primaryimage"},"thumbnailUrl":"https:\/\/www.webdo.tn\/fr\/wp-content\/uploads\/2024\/02\/0ae517e3c39db584a221f6e3cf576c0d.png","keywords":["Abdessalem","Ennahdha","Ghannouchi","Prison","Tunisie"],"articleSection":["National"],"inLanguage":"fr-FR"},{"@type":"WebPage","@id":"https:\/\/www.webdo.tn\/fr\/actualite\/national\/financement-etranger-trois-ans-de-prison-ferme-contre-ghannouchi-et-abdessalem\/211992\/","url":"https:\/\/www.webdo.tn\/fr\/actualite\/national\/financement-etranger-trois-ans-de-prison-ferme-contre-ghannouchi-et-abdessalem\/211992\/","name":"Financement \u00e9tranger : Trois ans de prison ferme contre Ghannouchi et Abdessalem","isPartOf":{"@id":"https:\/\/www.webdo.tn\/fr\/#website"},"primaryImageOfPage":{"@id":"https:\/\/www.webdo.tn\/fr\/actualite\/national\/financement-etranger-trois-ans-de-prison-ferme-contre-ghannouchi-et-abdessalem\/211992\/#primaryimage"},"image":{"@id":"https:\/\/www.webdo.tn\/fr\/actualite\/national\/financement-etranger-trois-ans-de-prison-ferme-contre-ghannouchi-et-abdessalem\/211992\/#primaryimage"},"thumbnailUrl":"https:\/\/www.webdo.tn\/fr\/wp-content\/uploads\/2024\/02\/0ae517e3c39db584a221f6e3cf576c0d.png","datePublished":"2024-02-01T22:02:00+00:00","dateModified":"2025-05-20T22:55:29+00:00","description":"le repr\u00e9sentant l\u00e9gal du parti Ennahdha a \u00e9t\u00e9 condamn\u00e9 \u00e0 payer une amende \u00e9quivalente au montant du financement \u00e9tranger obtenu","breadcrumb":{"@id":"https:\/\/www.webdo.tn\/fr\/actualite\/national\/financement-etranger-trois-ans-de-prison-ferme-contre-ghannouchi-et-abdessalem\/211992\/#breadcrumb"},"inLanguage":"fr-FR","potentialAction":[{"@type":"ReadAction","target":["https:\/\/www.webdo.tn\/fr\/actualite\/national\/financement-etranger-trois-ans-de-prison-ferme-contre-ghannouchi-et-abdessalem\/211992\/"]}]},{"@type":"ImageObject","inLanguage":"fr-FR","@id":"https:\/\/www.webdo.tn\/fr\/actualite\/national\/financement-etranger-trois-ans-de-prison-ferme-contre-ghannouchi-et-abdessalem\/211992\/#primaryimage","url":"https:\/\/www.webdo.tn\/fr\/wp-content\/uploads\/2024\/02\/0ae517e3c39db584a221f6e3cf576c0d.png","contentUrl":"https:\/\/www.webdo.tn\/fr\/wp-content\/uploads\/2024\/02\/0ae517e3c39db584a221f6e3cf576c0d.png","width":750,"height":400,"caption":"ghanouchi"},{"@type":"BreadcrumbList","@id":"https:\/\/www.webdo.tn\/fr\/actualite\/national\/financement-etranger-trois-ans-de-prison-ferme-contre-ghannouchi-et-abdessalem\/211992\/#breadcrumb","itemListElement":[{"@type":"ListItem","position":1,"name":"Accueil","item":"https:\/\/www.webdo.tn\/fr\/"},{"@type":"ListItem","position":2,"name":"Financement \u00e9tranger : Trois ans de prison ferme contre Ghannouchi et Abdessalem"}]},{"@type":"WebSite","@id":"https:\/\/www.webdo.tn\/fr\/#website","url":"https:\/\/www.webdo.tn\/fr\/","name":"webdo","description":"Tunisie - News en Tunisie et \u00e0 l&#039;international sur Webdo.tn","publisher":{"@id":"https:\/\/www.webdo.tn\/fr\/#organization"},"potentialAction":[{"@type":"SearchAction","target":{"@type":"EntryPoint","urlTemplate":"https:\/\/www.webdo.tn\/fr\/?s={search_term_string}"},"query-input":{"@type":"PropertyValueSpecification","valueRequired":true,"valueName":"search_term_string"}}],"inLanguage":"fr-FR"},{"@type":"Organization","@id":"https:\/\/www.webdo.tn\/fr\/#organization","name":"Webdo","alternateName":"Webdo.tn","url":"https:\/\/www.webdo.tn\/fr\/","logo":{"@type":"ImageObject","inLanguage":"fr-FR","@id":"https:\/\/www.webdo.tn\/fr\/#\/schema\/logo\/image\/","url":"https:\/\/www.webdo.tn\/fr\/wp-content\/uploads\/2025\/06\/Webdo-Tunisie_168377.jpg","contentUrl":"https:\/\/www.webdo.tn\/fr\/wp-content\/uploads\/2025\/06\/Webdo-Tunisie_168377.jpg","width":301,"height":301,"caption":"Webdo"},"image":{"@id":"https:\/\/www.webdo.tn\/fr\/#\/schema\/logo\/image\/"},"sameAs":["https:\/\/www.facebook.com\/webdotn","https:\/\/x.com\/webdo_tn"],"description":"Webdo est un m\u00e9dia num\u00e9rique tunisien fond\u00e9 en 2010, sp\u00e9cialis\u00e9 dans l\u2019actualit\u00e9 nationale et internationale, l\u2019\u00e9conomie, la soci\u00e9t\u00e9 et les analyses politiques. Le site s\u2019adresse \u00e0 un large public francophone et couvre l\u2019information tunisienne en temps r\u00e9el.","email":"redac@webdo.tn","legalName":"YNJ SARL","foundingDate":"2010-09-06","numberOfEmployees":{"@type":"QuantitativeValue","minValue":"11","maxValue":"50"}},{"@type":"Person","@id":"https:\/\/www.webdo.tn\/fr\/#\/schema\/person\/f16bf91e3b3c6347371884777659f9d8","name":"WB","image":{"@type":"ImageObject","inLanguage":"fr-FR","@id":"https:\/\/secure.gravatar.com\/avatar\/fd3caf00dbfd4b6d6ce43e8ea4748ed2e4d0fae2c3a87c1e2f6ba0a54c3ab5cb?s=96&d=mm&r=g","url":"https:\/\/secure.gravatar.com\/avatar\/fd3caf00dbfd4b6d6ce43e8ea4748ed2e4d0fae2c3a87c1e2f6ba0a54c3ab5cb?s=96&d=mm&r=g","contentUrl":"https:\/\/secure.gravatar.com\/avatar\/fd3caf00dbfd4b6d6ce43e8ea4748ed2e4d0fae2c3a87c1e2f6ba0a54c3ab5cb?s=96&d=mm&r=g","caption":"WB"},"url":"https:\/\/www.webdo.tn\/fr\/actualite\/author\/wb\/"}]}},"_links":{"self":[{"href":"https:\/\/www.webdo.tn\/fr\/wp-json\/wp\/v2\/posts\/211992","targetHints":{"allow":["GET"]}}],"collection":[{"href":"https:\/\/www.webdo.tn\/fr\/wp-json\/wp\/v2\/posts"}],"about":[{"href":"https:\/\/www.webdo.tn\/fr\/wp-json\/wp\/v2\/types\/post"}],"author":[{"embeddable":true,"href":"https:\/\/www.webdo.tn\/fr\/wp-json\/wp\/v2\/users\/3182"}],"replies":[{"embeddable":true,"href":"https:\/\/www.webdo.tn\/fr\/wp-json\/wp\/v2\/comments?post=211992"}],"version-history":[{"count":0,"href":"https:\/\/www.webdo.tn\/fr\/wp-json\/wp\/v2\/posts\/211992\/revisions"}],"wp:featuredmedia":[{"embeddable":true,"href":"https:\/\/www.webdo.tn\/fr\/wp-json\/wp\/v2\/media\/248096"}],"wp:attachment":[{"href":"https:\/\/www.webdo.tn\/fr\/wp-json\/wp\/v2\/media?parent=211992"}],"wp:term":[{"taxonomy":"category","embeddable":true,"href":"https:\/\/www.webdo.tn\/fr\/wp-json\/wp\/v2\/categories?post=211992"},{"taxonomy":"post_tag","embeddable":true,"href":"https:\/\/www.webdo.tn\/fr\/wp-json\/wp\/v2\/tags?post=211992"}],"curies":[{"name":"wp","href":"https:\/\/api.w.org\/{rel}","templated":true}]}}