{"id":211979,"date":"2024-02-01T14:05:00","date_gmt":"2024-02-01T14:05:00","guid":{"rendered":"https:\/\/www.webdo.tn\/fr\/blog\/tunisie-ahmed-ajlani-remplace-imed-ben-younes-sur-le-banc-de-l-ess\/211979\/"},"modified":"2025-05-20T22:11:38","modified_gmt":"2025-05-20T22:11:38","slug":"tunisie-ahmed-ajlani-remplace-imed-ben-younes-sur-le-banc-de-l-ess","status":"publish","type":"post","link":"https:\/\/www.webdo.tn\/fr\/actualite\/sport\/tunisie-ahmed-ajlani-remplace-imed-ben-younes-sur-le-banc-de-l-ess\/211979\/","title":{"rendered":"Tunisie : Ahmed Ajlani, remplace Imed Ben Younes sur le banc de l\u2019ESS"},"content":{"rendered":"<p>L&rsquo;entra\u00eeneur Ahmed Ajlani est le nouvel entra\u00eeneur de l\u2019Etoile du Sahel. Il remplace Imed Ben Younes \u00e0 la barre technique de l\u2019\u00e9quipe premi\u00e8re.<\/p>\n<p>\t\t\t\t\t\t\t\t\tAhmed Ajlani sera le nouvel entra\u00eeneur de l\u2019Etoile Sportive du Sahel en remplacement de Imed Ben Younes dont les r\u00e9sultats avec l\u2019\u00e9quipe premi\u00e8re ont \u00e9t\u00e9 en-de\u00e7\u00e0 des attentes.<\/p>\n<p>Le nom d\u2019Ahmed Ajlani avait \u00e9t\u00e9 \u00e9voqu\u00e9 pour lui succ\u00e9der. Le technicien, qui a fait ses d\u00e9buts en tant qu\u2019entra\u00eeneur \u00e0 l\u2019Etoile du Sahel au d\u00e9but des ann\u00e9es 90, a conclu un accord avec la direction de l\u2019ESS pour prendre en main les destin\u00e9es de l\u2019\u00e9quipe.<\/p>\n<p>Ajlani aura pour premier assistant Taoufik Za\u00e2boub.<\/p>\n","protected":false},"excerpt":{"rendered":"<p>Ahmed Ajlani sera le nouvel entra\u00eeneur de l\u2019Etoile Sportive du Sahel en remplacement de Imed Ben Younes.<\/p>\n","protected":false},"author":3162,"featured_media":290159,"comment_status":"open","ping_status":"closed","sticky":false,"template":"","format":"standard","meta":{"footnotes":""},"categories":[2593],"tags":[9970,9514,4505,6914],"class_list":["post-211979","post","type-post","status-publish","format-standard","has-post-thumbnail","hentry","category-sport","tag-ahmed-ajlani","tag-entraineur","tag-ess","tag-etoile-du-sahel"],"yoast_head":"<!-- This site is optimized with the Yoast SEO Premium plugin v27.5 (Yoast SEO v27.5) - https:\/\/yoast.com\/product\/yoast-seo-premium-wordpress\/ -->\n<title>Tunisie : Ahmed Ajlani, remplace Imed Ben Younes sur le banc de l\u2019ESS<\/title>\n<meta name=\"description\" content=\"Ahmed Ajlani sera le nouvel entra\u00eeneur de l\u2019Etoile Sportive du Sahel en remplacement de Imed Ben Younes.\" \/>\n<link rel=\"canonical\" href=\"https:\/\/www.webdo.tn\/fr\/actualite\/sport\/tunisie-ahmed-ajlani-remplace-imed-ben-younes-sur-le-banc-de-l-ess\/211979\/\" \/>\n<meta property=\"og:locale\" content=\"fr_FR\" \/>\n<meta property=\"og:type\" content=\"article\" \/>\n<meta property=\"og:title\" content=\"Tunisie : Ahmed Ajlani, remplace Imed Ben Younes sur le banc de l\u2019ESS\" \/>\n<meta property=\"og:description\" content=\"Ahmed Ajlani sera le nouvel entra\u00eeneur de l\u2019Etoile Sportive du Sahel en remplacement de Imed Ben Younes.\" \/>\n<meta property=\"og:url\" content=\"https:\/\/www.webdo.tn\/fr\/actualite\/sport\/tunisie-ahmed-ajlani-remplace-imed-ben-younes-sur-le-banc-de-l-ess\/211979\/\" \/>\n<meta property=\"og:site_name\" content=\"webdo\" \/>\n<meta property=\"article:publisher\" content=\"https:\/\/www.facebook.com\/webdotn\" \/>\n<meta property=\"article:published_time\" content=\"2024-02-01T14:05:00+00:00\" \/>\n<meta property=\"article:modified_time\" content=\"2025-05-20T22:11:38+00:00\" \/>\n<meta property=\"og:image\" content=\"https:\/\/www.webdo.tn\/fr\/wp-content\/uploads\/2024\/02\/0bde814ada66db00296da5a83dffac6a.jpg\" \/>\n\t<meta property=\"og:image:width\" content=\"750\" \/>\n\t<meta property=\"og:image:height\" content=\"400\" \/>\n\t<meta property=\"og:image:type\" content=\"image\/jpeg\" \/>\n<meta name=\"author\" content=\"MC\" \/>\n<meta name=\"twitter:card\" content=\"summary_large_image\" \/>\n<meta name=\"twitter:creator\" content=\"@webdo_tn\" \/>\n<meta name=\"twitter:site\" content=\"@webdo_tn\" \/>\n<meta name=\"twitter:label1\" content=\"\u00c9crit par\" \/>\n\t<meta name=\"twitter:data1\" content=\"MC\" \/>\n\t<meta name=\"twitter:label2\" content=\"Dur\u00e9e de lecture estim\u00e9e\" \/>\n\t<meta name=\"twitter:data2\" content=\"1 minute\" \/>\n<script type=\"application\/ld+json\" class=\"yoast-schema-graph\">{\"@context\":\"https:\\\/\\\/schema.org\",\"@graph\":[{\"@type\":\"NewsArticle\",\"@id\":\"https:\\\/\\\/www.webdo.tn\\\/fr\\\/actualite\\\/sport\\\/tunisie-ahmed-ajlani-remplace-imed-ben-younes-sur-le-banc-de-l-ess\\\/211979\\\/#article\",\"isPartOf\":{\"@id\":\"https:\\\/\\\/www.webdo.tn\\\/fr\\\/actualite\\\/sport\\\/tunisie-ahmed-ajlani-remplace-imed-ben-younes-sur-le-banc-de-l-ess\\\/211979\\\/\"},\"author\":{\"name\":\"MC\",\"@id\":\"https:\\\/\\\/www.webdo.tn\\\/fr\\\/#\\\/schema\\\/person\\\/2c4929cbf5a809e3bd38617c6ce150f6\"},\"headline\":\"Tunisie : Ahmed Ajlani, remplace Imed Ben Younes sur le banc de l\u2019ESS\",\"datePublished\":\"2024-02-01T14:05:00+00:00\",\"dateModified\":\"2025-05-20T22:11:38+00:00\",\"mainEntityOfPage\":{\"@id\":\"https:\\\/\\\/www.webdo.tn\\\/fr\\\/actualite\\\/sport\\\/tunisie-ahmed-ajlani-remplace-imed-ben-younes-sur-le-banc-de-l-ess\\\/211979\\\/\"},\"wordCount\":137,\"commentCount\":0,\"publisher\":{\"@id\":\"https:\\\/\\\/www.webdo.tn\\\/fr\\\/#organization\"},\"image\":{\"@id\":\"https:\\\/\\\/www.webdo.tn\\\/fr\\\/actualite\\\/sport\\\/tunisie-ahmed-ajlani-remplace-imed-ben-younes-sur-le-banc-de-l-ess\\\/211979\\\/#primaryimage\"},\"thumbnailUrl\":\"https:\\\/\\\/www.webdo.tn\\\/fr\\\/wp-content\\\/uploads\\\/2024\\\/02\\\/0bde814ada66db00296da5a83dffac6a.jpg\",\"keywords\":[\"'ahmed ajlani']\",\"entra\u00eeneur\",\"ESS\",\"\u00e9toile du sahel\"],\"articleSection\":[\"Sport\"],\"inLanguage\":\"fr-FR\"},{\"@type\":\"WebPage\",\"@id\":\"https:\\\/\\\/www.webdo.tn\\\/fr\\\/actualite\\\/sport\\\/tunisie-ahmed-ajlani-remplace-imed-ben-younes-sur-le-banc-de-l-ess\\\/211979\\\/\",\"url\":\"https:\\\/\\\/www.webdo.tn\\\/fr\\\/actualite\\\/sport\\\/tunisie-ahmed-ajlani-remplace-imed-ben-younes-sur-le-banc-de-l-ess\\\/211979\\\/\",\"name\":\"Tunisie : Ahmed Ajlani, remplace Imed Ben Younes sur le banc de l\u2019ESS\",\"isPartOf\":{\"@id\":\"https:\\\/\\\/www.webdo.tn\\\/fr\\\/#website\"},\"primaryImageOfPage\":{\"@id\":\"https:\\\/\\\/www.webdo.tn\\\/fr\\\/actualite\\\/sport\\\/tunisie-ahmed-ajlani-remplace-imed-ben-younes-sur-le-banc-de-l-ess\\\/211979\\\/#primaryimage\"},\"image\":{\"@id\":\"https:\\\/\\\/www.webdo.tn\\\/fr\\\/actualite\\\/sport\\\/tunisie-ahmed-ajlani-remplace-imed-ben-younes-sur-le-banc-de-l-ess\\\/211979\\\/#primaryimage\"},\"thumbnailUrl\":\"https:\\\/\\\/www.webdo.tn\\\/fr\\\/wp-content\\\/uploads\\\/2024\\\/02\\\/0bde814ada66db00296da5a83dffac6a.jpg\",\"datePublished\":\"2024-02-01T14:05:00+00:00\",\"dateModified\":\"2025-05-20T22:11:38+00:00\",\"description\":\"Ahmed Ajlani sera le nouvel entra\u00eeneur de l\u2019Etoile Sportive du Sahel en remplacement de Imed Ben Younes.\",\"breadcrumb\":{\"@id\":\"https:\\\/\\\/www.webdo.tn\\\/fr\\\/actualite\\\/sport\\\/tunisie-ahmed-ajlani-remplace-imed-ben-younes-sur-le-banc-de-l-ess\\\/211979\\\/#breadcrumb\"},\"inLanguage\":\"fr-FR\",\"potentialAction\":[{\"@type\":\"ReadAction\",\"target\":[\"https:\\\/\\\/www.webdo.tn\\\/fr\\\/actualite\\\/sport\\\/tunisie-ahmed-ajlani-remplace-imed-ben-younes-sur-le-banc-de-l-ess\\\/211979\\\/\"]}]},{\"@type\":\"ImageObject\",\"inLanguage\":\"fr-FR\",\"@id\":\"https:\\\/\\\/www.webdo.tn\\\/fr\\\/actualite\\\/sport\\\/tunisie-ahmed-ajlani-remplace-imed-ben-younes-sur-le-banc-de-l-ess\\\/211979\\\/#primaryimage\",\"url\":\"https:\\\/\\\/www.webdo.tn\\\/fr\\\/wp-content\\\/uploads\\\/2024\\\/02\\\/0bde814ada66db00296da5a83dffac6a.jpg\",\"contentUrl\":\"https:\\\/\\\/www.webdo.tn\\\/fr\\\/wp-content\\\/uploads\\\/2024\\\/02\\\/0bde814ada66db00296da5a83dffac6a.jpg\",\"width\":750,\"height\":400,\"caption\":\"Tunisie : Ahmed Ajlani, remplace Imed Ben Younes sur le banc de l\u2019ESS\"},{\"@type\":\"BreadcrumbList\",\"@id\":\"https:\\\/\\\/www.webdo.tn\\\/fr\\\/actualite\\\/sport\\\/tunisie-ahmed-ajlani-remplace-imed-ben-younes-sur-le-banc-de-l-ess\\\/211979\\\/#breadcrumb\",\"itemListElement\":[{\"@type\":\"ListItem\",\"position\":1,\"name\":\"Accueil\",\"item\":\"https:\\\/\\\/www.webdo.tn\\\/fr\\\/\"},{\"@type\":\"ListItem\",\"position\":2,\"name\":\"Tunisie : Ahmed Ajlani, remplace Imed Ben Younes sur le banc de l\u2019ESS\"}]},{\"@type\":\"WebSite\",\"@id\":\"https:\\\/\\\/www.webdo.tn\\\/fr\\\/#website\",\"url\":\"https:\\\/\\\/www.webdo.tn\\\/fr\\\/\",\"name\":\"webdo\",\"description\":\"Tunisie - News en Tunisie et \u00e0 l&#039;international sur Webdo.tn\",\"publisher\":{\"@id\":\"https:\\\/\\\/www.webdo.tn\\\/fr\\\/#organization\"},\"potentialAction\":[{\"@type\":\"SearchAction\",\"target\":{\"@type\":\"EntryPoint\",\"urlTemplate\":\"https:\\\/\\\/www.webdo.tn\\\/fr\\\/?s={search_term_string}\"},\"query-input\":{\"@type\":\"PropertyValueSpecification\",\"valueRequired\":true,\"valueName\":\"search_term_string\"}}],\"inLanguage\":\"fr-FR\"},{\"@type\":\"Organization\",\"@id\":\"https:\\\/\\\/www.webdo.tn\\\/fr\\\/#organization\",\"name\":\"Webdo\",\"alternateName\":\"Webdo.tn\",\"url\":\"https:\\\/\\\/www.webdo.tn\\\/fr\\\/\",\"logo\":{\"@type\":\"ImageObject\",\"inLanguage\":\"fr-FR\",\"@id\":\"https:\\\/\\\/www.webdo.tn\\\/fr\\\/#\\\/schema\\\/logo\\\/image\\\/\",\"url\":\"https:\\\/\\\/www.webdo.tn\\\/fr\\\/wp-content\\\/uploads\\\/2025\\\/06\\\/Webdo-Tunisie_168377.jpg\",\"contentUrl\":\"https:\\\/\\\/www.webdo.tn\\\/fr\\\/wp-content\\\/uploads\\\/2025\\\/06\\\/Webdo-Tunisie_168377.jpg\",\"width\":301,\"height\":301,\"caption\":\"Webdo\"},\"image\":{\"@id\":\"https:\\\/\\\/www.webdo.tn\\\/fr\\\/#\\\/schema\\\/logo\\\/image\\\/\"},\"sameAs\":[\"https:\\\/\\\/www.facebook.com\\\/webdotn\",\"https:\\\/\\\/x.com\\\/webdo_tn\"],\"description\":\"Webdo est un m\u00e9dia num\u00e9rique tunisien fond\u00e9 en 2010, sp\u00e9cialis\u00e9 dans l\u2019actualit\u00e9 nationale et internationale, l\u2019\u00e9conomie, la soci\u00e9t\u00e9 et les analyses politiques. Le site s\u2019adresse \u00e0 un large public francophone et couvre l\u2019information tunisienne en temps r\u00e9el.\",\"email\":\"redac@webdo.tn\",\"legalName\":\"YNJ SARL\",\"foundingDate\":\"2010-09-06\",\"numberOfEmployees\":{\"@type\":\"QuantitativeValue\",\"minValue\":\"11\",\"maxValue\":\"50\"}},{\"@type\":\"Person\",\"@id\":\"https:\\\/\\\/www.webdo.tn\\\/fr\\\/#\\\/schema\\\/person\\\/2c4929cbf5a809e3bd38617c6ce150f6\",\"name\":\"MC\",\"image\":{\"@type\":\"ImageObject\",\"inLanguage\":\"fr-FR\",\"@id\":\"https:\\\/\\\/secure.gravatar.com\\\/avatar\\\/a545bbb6f84efdd5553dbbc2895e3ca8f1d12c5215e00a041c9670b54aa9b18a?s=96&d=mm&r=g\",\"url\":\"https:\\\/\\\/secure.gravatar.com\\\/avatar\\\/a545bbb6f84efdd5553dbbc2895e3ca8f1d12c5215e00a041c9670b54aa9b18a?s=96&d=mm&r=g\",\"contentUrl\":\"https:\\\/\\\/secure.gravatar.com\\\/avatar\\\/a545bbb6f84efdd5553dbbc2895e3ca8f1d12c5215e00a041c9670b54aa9b18a?s=96&d=mm&r=g\",\"caption\":\"MC\"},\"url\":\"https:\\\/\\\/www.webdo.tn\\\/fr\\\/actualite\\\/author\\\/mc\\\/\"}]}<\/script>\n<!-- \/ Yoast SEO Premium plugin. -->","yoast_head_json":{"title":"Tunisie : Ahmed Ajlani, remplace Imed Ben Younes sur le banc de l\u2019ESS","description":"Ahmed Ajlani sera le nouvel entra\u00eeneur de l\u2019Etoile Sportive du Sahel en remplacement de Imed Ben Younes.","canonical":"https:\/\/www.webdo.tn\/fr\/actualite\/sport\/tunisie-ahmed-ajlani-remplace-imed-ben-younes-sur-le-banc-de-l-ess\/211979\/","og_locale":"fr_FR","og_type":"article","og_title":"Tunisie : Ahmed Ajlani, remplace Imed Ben Younes sur le banc de l\u2019ESS","og_description":"Ahmed Ajlani sera le nouvel entra\u00eeneur de l\u2019Etoile Sportive du Sahel en remplacement de Imed Ben Younes.","og_url":"https:\/\/www.webdo.tn\/fr\/actualite\/sport\/tunisie-ahmed-ajlani-remplace-imed-ben-younes-sur-le-banc-de-l-ess\/211979\/","og_site_name":"webdo","article_publisher":"https:\/\/www.facebook.com\/webdotn","article_published_time":"2024-02-01T14:05:00+00:00","article_modified_time":"2025-05-20T22:11:38+00:00","og_image":[{"width":750,"height":400,"url":"https:\/\/www.webdo.tn\/fr\/wp-content\/uploads\/2024\/02\/0bde814ada66db00296da5a83dffac6a.jpg","type":"image\/jpeg"}],"author":"MC","twitter_card":"summary_large_image","twitter_creator":"@webdo_tn","twitter_site":"@webdo_tn","twitter_misc":{"\u00c9crit par":"MC","Dur\u00e9e de lecture estim\u00e9e":"1 minute"},"schema":{"@context":"https:\/\/schema.org","@graph":[{"@type":"NewsArticle","@id":"https:\/\/www.webdo.tn\/fr\/actualite\/sport\/tunisie-ahmed-ajlani-remplace-imed-ben-younes-sur-le-banc-de-l-ess\/211979\/#article","isPartOf":{"@id":"https:\/\/www.webdo.tn\/fr\/actualite\/sport\/tunisie-ahmed-ajlani-remplace-imed-ben-younes-sur-le-banc-de-l-ess\/211979\/"},"author":{"name":"MC","@id":"https:\/\/www.webdo.tn\/fr\/#\/schema\/person\/2c4929cbf5a809e3bd38617c6ce150f6"},"headline":"Tunisie : Ahmed Ajlani, remplace Imed Ben Younes sur le banc de l\u2019ESS","datePublished":"2024-02-01T14:05:00+00:00","dateModified":"2025-05-20T22:11:38+00:00","mainEntityOfPage":{"@id":"https:\/\/www.webdo.tn\/fr\/actualite\/sport\/tunisie-ahmed-ajlani-remplace-imed-ben-younes-sur-le-banc-de-l-ess\/211979\/"},"wordCount":137,"commentCount":0,"publisher":{"@id":"https:\/\/www.webdo.tn\/fr\/#organization"},"image":{"@id":"https:\/\/www.webdo.tn\/fr\/actualite\/sport\/tunisie-ahmed-ajlani-remplace-imed-ben-younes-sur-le-banc-de-l-ess\/211979\/#primaryimage"},"thumbnailUrl":"https:\/\/www.webdo.tn\/fr\/wp-content\/uploads\/2024\/02\/0bde814ada66db00296da5a83dffac6a.jpg","keywords":["'ahmed ajlani']","entra\u00eeneur","ESS","\u00e9toile du sahel"],"articleSection":["Sport"],"inLanguage":"fr-FR"},{"@type":"WebPage","@id":"https:\/\/www.webdo.tn\/fr\/actualite\/sport\/tunisie-ahmed-ajlani-remplace-imed-ben-younes-sur-le-banc-de-l-ess\/211979\/","url":"https:\/\/www.webdo.tn\/fr\/actualite\/sport\/tunisie-ahmed-ajlani-remplace-imed-ben-younes-sur-le-banc-de-l-ess\/211979\/","name":"Tunisie : Ahmed Ajlani, remplace Imed Ben Younes sur le banc de l\u2019ESS","isPartOf":{"@id":"https:\/\/www.webdo.tn\/fr\/#website"},"primaryImageOfPage":{"@id":"https:\/\/www.webdo.tn\/fr\/actualite\/sport\/tunisie-ahmed-ajlani-remplace-imed-ben-younes-sur-le-banc-de-l-ess\/211979\/#primaryimage"},"image":{"@id":"https:\/\/www.webdo.tn\/fr\/actualite\/sport\/tunisie-ahmed-ajlani-remplace-imed-ben-younes-sur-le-banc-de-l-ess\/211979\/#primaryimage"},"thumbnailUrl":"https:\/\/www.webdo.tn\/fr\/wp-content\/uploads\/2024\/02\/0bde814ada66db00296da5a83dffac6a.jpg","datePublished":"2024-02-01T14:05:00+00:00","dateModified":"2025-05-20T22:11:38+00:00","description":"Ahmed Ajlani sera le nouvel entra\u00eeneur de l\u2019Etoile Sportive du Sahel en remplacement de Imed Ben Younes.","breadcrumb":{"@id":"https:\/\/www.webdo.tn\/fr\/actualite\/sport\/tunisie-ahmed-ajlani-remplace-imed-ben-younes-sur-le-banc-de-l-ess\/211979\/#breadcrumb"},"inLanguage":"fr-FR","potentialAction":[{"@type":"ReadAction","target":["https:\/\/www.webdo.tn\/fr\/actualite\/sport\/tunisie-ahmed-ajlani-remplace-imed-ben-younes-sur-le-banc-de-l-ess\/211979\/"]}]},{"@type":"ImageObject","inLanguage":"fr-FR","@id":"https:\/\/www.webdo.tn\/fr\/actualite\/sport\/tunisie-ahmed-ajlani-remplace-imed-ben-younes-sur-le-banc-de-l-ess\/211979\/#primaryimage","url":"https:\/\/www.webdo.tn\/fr\/wp-content\/uploads\/2024\/02\/0bde814ada66db00296da5a83dffac6a.jpg","contentUrl":"https:\/\/www.webdo.tn\/fr\/wp-content\/uploads\/2024\/02\/0bde814ada66db00296da5a83dffac6a.jpg","width":750,"height":400,"caption":"Tunisie : Ahmed Ajlani, remplace Imed Ben Younes sur le banc de l\u2019ESS"},{"@type":"BreadcrumbList","@id":"https:\/\/www.webdo.tn\/fr\/actualite\/sport\/tunisie-ahmed-ajlani-remplace-imed-ben-younes-sur-le-banc-de-l-ess\/211979\/#breadcrumb","itemListElement":[{"@type":"ListItem","position":1,"name":"Accueil","item":"https:\/\/www.webdo.tn\/fr\/"},{"@type":"ListItem","position":2,"name":"Tunisie : Ahmed Ajlani, remplace Imed Ben Younes sur le banc de l\u2019ESS"}]},{"@type":"WebSite","@id":"https:\/\/www.webdo.tn\/fr\/#website","url":"https:\/\/www.webdo.tn\/fr\/","name":"webdo","description":"Tunisie - News en Tunisie et \u00e0 l&#039;international sur Webdo.tn","publisher":{"@id":"https:\/\/www.webdo.tn\/fr\/#organization"},"potentialAction":[{"@type":"SearchAction","target":{"@type":"EntryPoint","urlTemplate":"https:\/\/www.webdo.tn\/fr\/?s={search_term_string}"},"query-input":{"@type":"PropertyValueSpecification","valueRequired":true,"valueName":"search_term_string"}}],"inLanguage":"fr-FR"},{"@type":"Organization","@id":"https:\/\/www.webdo.tn\/fr\/#organization","name":"Webdo","alternateName":"Webdo.tn","url":"https:\/\/www.webdo.tn\/fr\/","logo":{"@type":"ImageObject","inLanguage":"fr-FR","@id":"https:\/\/www.webdo.tn\/fr\/#\/schema\/logo\/image\/","url":"https:\/\/www.webdo.tn\/fr\/wp-content\/uploads\/2025\/06\/Webdo-Tunisie_168377.jpg","contentUrl":"https:\/\/www.webdo.tn\/fr\/wp-content\/uploads\/2025\/06\/Webdo-Tunisie_168377.jpg","width":301,"height":301,"caption":"Webdo"},"image":{"@id":"https:\/\/www.webdo.tn\/fr\/#\/schema\/logo\/image\/"},"sameAs":["https:\/\/www.facebook.com\/webdotn","https:\/\/x.com\/webdo_tn"],"description":"Webdo est un m\u00e9dia num\u00e9rique tunisien fond\u00e9 en 2010, sp\u00e9cialis\u00e9 dans l\u2019actualit\u00e9 nationale et internationale, l\u2019\u00e9conomie, la soci\u00e9t\u00e9 et les analyses politiques. Le site s\u2019adresse \u00e0 un large public francophone et couvre l\u2019information tunisienne en temps r\u00e9el.","email":"redac@webdo.tn","legalName":"YNJ SARL","foundingDate":"2010-09-06","numberOfEmployees":{"@type":"QuantitativeValue","minValue":"11","maxValue":"50"}},{"@type":"Person","@id":"https:\/\/www.webdo.tn\/fr\/#\/schema\/person\/2c4929cbf5a809e3bd38617c6ce150f6","name":"MC","image":{"@type":"ImageObject","inLanguage":"fr-FR","@id":"https:\/\/secure.gravatar.com\/avatar\/a545bbb6f84efdd5553dbbc2895e3ca8f1d12c5215e00a041c9670b54aa9b18a?s=96&d=mm&r=g","url":"https:\/\/secure.gravatar.com\/avatar\/a545bbb6f84efdd5553dbbc2895e3ca8f1d12c5215e00a041c9670b54aa9b18a?s=96&d=mm&r=g","contentUrl":"https:\/\/secure.gravatar.com\/avatar\/a545bbb6f84efdd5553dbbc2895e3ca8f1d12c5215e00a041c9670b54aa9b18a?s=96&d=mm&r=g","caption":"MC"},"url":"https:\/\/www.webdo.tn\/fr\/actualite\/author\/mc\/"}]}},"_links":{"self":[{"href":"https:\/\/www.webdo.tn\/fr\/wp-json\/wp\/v2\/posts\/211979","targetHints":{"allow":["GET"]}}],"collection":[{"href":"https:\/\/www.webdo.tn\/fr\/wp-json\/wp\/v2\/posts"}],"about":[{"href":"https:\/\/www.webdo.tn\/fr\/wp-json\/wp\/v2\/types\/post"}],"author":[{"embeddable":true,"href":"https:\/\/www.webdo.tn\/fr\/wp-json\/wp\/v2\/users\/3162"}],"replies":[{"embeddable":true,"href":"https:\/\/www.webdo.tn\/fr\/wp-json\/wp\/v2\/comments?post=211979"}],"version-history":[{"count":0,"href":"https:\/\/www.webdo.tn\/fr\/wp-json\/wp\/v2\/posts\/211979\/revisions"}],"wp:featuredmedia":[{"embeddable":true,"href":"https:\/\/www.webdo.tn\/fr\/wp-json\/wp\/v2\/media\/290159"}],"wp:attachment":[{"href":"https:\/\/www.webdo.tn\/fr\/wp-json\/wp\/v2\/media?parent=211979"}],"wp:term":[{"taxonomy":"category","embeddable":true,"href":"https:\/\/www.webdo.tn\/fr\/wp-json\/wp\/v2\/categories?post=211979"},{"taxonomy":"post_tag","embeddable":true,"href":"https:\/\/www.webdo.tn\/fr\/wp-json\/wp\/v2\/tags?post=211979"}],"curies":[{"name":"wp","href":"https:\/\/api.w.org\/{rel}","templated":true}]}}