{"id":211978,"date":"2024-02-01T13:53:00","date_gmt":"2024-02-01T13:53:00","guid":{"rendered":"https:\/\/www.webdo.tn\/fr\/blog\/en-audiences-cumulees-la-radio-tunisienne-est-a-la-deuxieme-place-du-paysage-audiovisuel\/211978\/"},"modified":"2024-02-01T13:53:00","modified_gmt":"2024-02-01T13:53:00","slug":"en-audiences-cumulees-la-radio-tunisienne-est-a-la-deuxieme-place-du-paysage-audiovisuel","status":"publish","type":"post","link":"https:\/\/www.webdo.tn\/fr\/actualite\/culture\/en-audiences-cumulees-la-radio-tunisienne-est-a-la-deuxieme-place-du-paysage-audiovisuel\/211978\/","title":{"rendered":"En audiences cumul\u00e9es, la Radio tunisienne est \u00e0 la deuxi\u00e8me place du paysage audiovisuel"},"content":{"rendered":"<p>La radio publique et ses antennes se comportent plut\u00f4t bien et talonnent Mosa\u00efque FM selon le barom\u00e8tre Sigma.<\/p>\n<p>\t\t\t\t\t\t\t\t\tEn audiences cumul\u00e9es, le taux de p\u00e9n\u00e9tration de l&rsquo;\u00e9tablissement de la Radio tunisienne dans le Grand Tunis, place cette institution \u00e0 la deuxi\u00e8me place derri\u00e8re Mosa\u00efque FM.<\/p>\n<p>Avec un taux de p\u00e9n\u00e9tration de 7,6%, la Radio tunisienne cumule les audiences de cinq de ses antennes qui figurent sur le Top 20 de l&rsquo;Institut Sigma.<\/p>\n<p>Ces antennes sont respectivement la Radio nationale 4%, Radio Panorama 2,1%, Radio Jeunes 0,7%, RTCI 0,7% et Radio Monastir 0,1%.<\/p>\n<p>Notons qu&rsquo;un point repr\u00e9sente 24,071 auditeurs et que, par exemple, selon ce bar\u00e8me, RTCI touche quotidiennement 18.000 auditeurs sur le Grand Tunis et pointe \u00e0 la douzi\u00e8me place.<\/p>\n<p>En t\u00eate de ce classement, Mosa\u00efque FM avec 20,1% reste largement devant mais si l&rsquo;on consid\u00e8re que Radio Zitouna est d\u00e9sormais dans le giron de l&rsquo;\u00e9tablissement de la Radio tunisienne, cette institution pointe \u00e0 11,7% toutes audiences cumul\u00e9es.<\/p>\n<p>Gr\u00e2ce \u00e0 ses \u00e9quipes et le dynamisme de sa nouvelle direction g\u00e9n\u00e9rale, la radio publique continue \u00e0 marquer des points d&rsquo;audience.<\/p>\n","protected":false},"excerpt":{"rendered":"<p>En audiences cumul\u00e9es, le taux de p\u00e9n\u00e9tration de l&rsquo;\u00e9tablissement de la Radio tunisienne dans le Grand Tunis, place cette institution \u00e0 la deuxi\u00e8me place derri\u00e8r&#8230;<\/p>\n","protected":false},"author":3229,"featured_media":290160,"comment_status":"open","ping_status":"closed","sticky":false,"template":"","format":"standard","meta":{"footnotes":""},"categories":[2594],"tags":[5223,5808,6980,8931,2608],"class_list":["post-211978","post","type-post","status-publish","format-standard","has-post-thumbnail","hentry","category-culture","tag-audience","tag-mosaique-fm","tag-radio","tag-radio-nationale","tag-tunisie"],"yoast_head":"<!-- This site is optimized with the Yoast SEO Premium plugin v27.5 (Yoast SEO v27.5) - https:\/\/yoast.com\/product\/yoast-seo-premium-wordpress\/ -->\n<title>En audiences cumul\u00e9es, la Radio tunisienne est \u00e0 la deuxi\u00e8me place du paysage audiovisuel<\/title>\n<meta name=\"description\" content=\"En audiences cumul\u00e9es, le taux de p\u00e9n\u00e9tration de l&#039;\u00e9tablissement de la Radio tunisienne dans le Grand Tunis, place cette institution \u00e0 la deuxi\u00e8me place derri\u00e8r...\" \/>\n<link rel=\"canonical\" href=\"https:\/\/www.webdo.tn\/fr\/actualite\/culture\/en-audiences-cumulees-la-radio-tunisienne-est-a-la-deuxieme-place-du-paysage-audiovisuel\/211978\/\" \/>\n<meta property=\"og:locale\" content=\"fr_FR\" \/>\n<meta property=\"og:type\" content=\"article\" \/>\n<meta property=\"og:title\" content=\"En audiences cumul\u00e9es, la Radio tunisienne est \u00e0 la deuxi\u00e8me place du paysage audiovisuel\" \/>\n<meta property=\"og:description\" content=\"En audiences cumul\u00e9es, le taux de p\u00e9n\u00e9tration de l&#039;\u00e9tablissement de la Radio tunisienne dans le Grand Tunis, place cette institution \u00e0 la deuxi\u00e8me place derri\u00e8r...\" \/>\n<meta property=\"og:url\" content=\"https:\/\/www.webdo.tn\/fr\/actualite\/culture\/en-audiences-cumulees-la-radio-tunisienne-est-a-la-deuxieme-place-du-paysage-audiovisuel\/211978\/\" \/>\n<meta property=\"og:site_name\" content=\"webdo\" \/>\n<meta property=\"article:publisher\" content=\"https:\/\/www.facebook.com\/webdotn\" \/>\n<meta property=\"article:author\" content=\"https:\/\/www.facebook.com\/hatem.bourial.2025\" \/>\n<meta property=\"article:published_time\" content=\"2024-02-01T13:53:00+00:00\" \/>\n<meta property=\"og:image\" content=\"https:\/\/www.webdo.tn\/fr\/wp-content\/uploads\/2024\/02\/b88010ac1d3db79b28916f5ebe211f19.jpg\" \/>\n\t<meta property=\"og:image:width\" content=\"750\" \/>\n\t<meta property=\"og:image:height\" content=\"400\" \/>\n\t<meta property=\"og:image:type\" content=\"image\/jpeg\" \/>\n<meta name=\"author\" content=\"Hatem Bourial\" \/>\n<meta name=\"twitter:card\" content=\"summary_large_image\" \/>\n<meta name=\"twitter:creator\" content=\"@webdo_tn\" \/>\n<meta name=\"twitter:site\" content=\"@webdo_tn\" \/>\n<meta name=\"twitter:label1\" content=\"\u00c9crit par\" \/>\n\t<meta name=\"twitter:data1\" content=\"Hatem Bourial\" \/>\n\t<meta name=\"twitter:label2\" content=\"Dur\u00e9e de lecture estim\u00e9e\" \/>\n\t<meta name=\"twitter:data2\" content=\"1 minute\" \/>\n<script type=\"application\/ld+json\" class=\"yoast-schema-graph\">{\"@context\":\"https:\\\/\\\/schema.org\",\"@graph\":[{\"@type\":\"NewsArticle\",\"@id\":\"https:\\\/\\\/www.webdo.tn\\\/fr\\\/actualite\\\/culture\\\/en-audiences-cumulees-la-radio-tunisienne-est-a-la-deuxieme-place-du-paysage-audiovisuel\\\/211978\\\/#article\",\"isPartOf\":{\"@id\":\"https:\\\/\\\/www.webdo.tn\\\/fr\\\/actualite\\\/culture\\\/en-audiences-cumulees-la-radio-tunisienne-est-a-la-deuxieme-place-du-paysage-audiovisuel\\\/211978\\\/\"},\"author\":{\"name\":\"Hatem Bourial\",\"@id\":\"https:\\\/\\\/www.webdo.tn\\\/fr\\\/#\\\/schema\\\/person\\\/6bc0beba2cd23aec27cb5df85ca2554f\"},\"headline\":\"En audiences cumul\u00e9es, la Radio tunisienne est \u00e0 la deuxi\u00e8me place du paysage audiovisuel\",\"datePublished\":\"2024-02-01T13:53:00+00:00\",\"mainEntityOfPage\":{\"@id\":\"https:\\\/\\\/www.webdo.tn\\\/fr\\\/actualite\\\/culture\\\/en-audiences-cumulees-la-radio-tunisienne-est-a-la-deuxieme-place-du-paysage-audiovisuel\\\/211978\\\/\"},\"wordCount\":206,\"commentCount\":0,\"publisher\":{\"@id\":\"https:\\\/\\\/www.webdo.tn\\\/fr\\\/#organization\"},\"image\":{\"@id\":\"https:\\\/\\\/www.webdo.tn\\\/fr\\\/actualite\\\/culture\\\/en-audiences-cumulees-la-radio-tunisienne-est-a-la-deuxieme-place-du-paysage-audiovisuel\\\/211978\\\/#primaryimage\"},\"thumbnailUrl\":\"https:\\\/\\\/www.webdo.tn\\\/fr\\\/wp-content\\\/uploads\\\/2024\\\/02\\\/b88010ac1d3db79b28916f5ebe211f19.jpg\",\"keywords\":[\"audience\",\"mosaique fm\",\"radio\",\"radio nationale\",\"Tunisie\"],\"articleSection\":[\"Culture\"],\"inLanguage\":\"fr-FR\"},{\"@type\":\"WebPage\",\"@id\":\"https:\\\/\\\/www.webdo.tn\\\/fr\\\/actualite\\\/culture\\\/en-audiences-cumulees-la-radio-tunisienne-est-a-la-deuxieme-place-du-paysage-audiovisuel\\\/211978\\\/\",\"url\":\"https:\\\/\\\/www.webdo.tn\\\/fr\\\/actualite\\\/culture\\\/en-audiences-cumulees-la-radio-tunisienne-est-a-la-deuxieme-place-du-paysage-audiovisuel\\\/211978\\\/\",\"name\":\"En audiences cumul\u00e9es, la Radio tunisienne est \u00e0 la deuxi\u00e8me place du paysage audiovisuel\",\"isPartOf\":{\"@id\":\"https:\\\/\\\/www.webdo.tn\\\/fr\\\/#website\"},\"primaryImageOfPage\":{\"@id\":\"https:\\\/\\\/www.webdo.tn\\\/fr\\\/actualite\\\/culture\\\/en-audiences-cumulees-la-radio-tunisienne-est-a-la-deuxieme-place-du-paysage-audiovisuel\\\/211978\\\/#primaryimage\"},\"image\":{\"@id\":\"https:\\\/\\\/www.webdo.tn\\\/fr\\\/actualite\\\/culture\\\/en-audiences-cumulees-la-radio-tunisienne-est-a-la-deuxieme-place-du-paysage-audiovisuel\\\/211978\\\/#primaryimage\"},\"thumbnailUrl\":\"https:\\\/\\\/www.webdo.tn\\\/fr\\\/wp-content\\\/uploads\\\/2024\\\/02\\\/b88010ac1d3db79b28916f5ebe211f19.jpg\",\"datePublished\":\"2024-02-01T13:53:00+00:00\",\"description\":\"En audiences cumul\u00e9es, le taux de p\u00e9n\u00e9tration de l'\u00e9tablissement de la Radio tunisienne dans le Grand Tunis, place cette institution \u00e0 la deuxi\u00e8me place derri\u00e8r...\",\"breadcrumb\":{\"@id\":\"https:\\\/\\\/www.webdo.tn\\\/fr\\\/actualite\\\/culture\\\/en-audiences-cumulees-la-radio-tunisienne-est-a-la-deuxieme-place-du-paysage-audiovisuel\\\/211978\\\/#breadcrumb\"},\"inLanguage\":\"fr-FR\",\"potentialAction\":[{\"@type\":\"ReadAction\",\"target\":[\"https:\\\/\\\/www.webdo.tn\\\/fr\\\/actualite\\\/culture\\\/en-audiences-cumulees-la-radio-tunisienne-est-a-la-deuxieme-place-du-paysage-audiovisuel\\\/211978\\\/\"]}]},{\"@type\":\"ImageObject\",\"inLanguage\":\"fr-FR\",\"@id\":\"https:\\\/\\\/www.webdo.tn\\\/fr\\\/actualite\\\/culture\\\/en-audiences-cumulees-la-radio-tunisienne-est-a-la-deuxieme-place-du-paysage-audiovisuel\\\/211978\\\/#primaryimage\",\"url\":\"https:\\\/\\\/www.webdo.tn\\\/fr\\\/wp-content\\\/uploads\\\/2024\\\/02\\\/b88010ac1d3db79b28916f5ebe211f19.jpg\",\"contentUrl\":\"https:\\\/\\\/www.webdo.tn\\\/fr\\\/wp-content\\\/uploads\\\/2024\\\/02\\\/b88010ac1d3db79b28916f5ebe211f19.jpg\",\"width\":750,\"height\":400,\"caption\":\"En audiences cumul\u00e9es, la Radio tunisienne est \u00e0 la deuxi\u00e8me place du paysage audiovisuel\"},{\"@type\":\"BreadcrumbList\",\"@id\":\"https:\\\/\\\/www.webdo.tn\\\/fr\\\/actualite\\\/culture\\\/en-audiences-cumulees-la-radio-tunisienne-est-a-la-deuxieme-place-du-paysage-audiovisuel\\\/211978\\\/#breadcrumb\",\"itemListElement\":[{\"@type\":\"ListItem\",\"position\":1,\"name\":\"Accueil\",\"item\":\"https:\\\/\\\/www.webdo.tn\\\/fr\\\/\"},{\"@type\":\"ListItem\",\"position\":2,\"name\":\"En audiences cumul\u00e9es, la Radio tunisienne est \u00e0 la deuxi\u00e8me place du paysage audiovisuel\"}]},{\"@type\":\"WebSite\",\"@id\":\"https:\\\/\\\/www.webdo.tn\\\/fr\\\/#website\",\"url\":\"https:\\\/\\\/www.webdo.tn\\\/fr\\\/\",\"name\":\"webdo\",\"description\":\"Tunisie - News en Tunisie et \u00e0 l&#039;international sur Webdo.tn\",\"publisher\":{\"@id\":\"https:\\\/\\\/www.webdo.tn\\\/fr\\\/#organization\"},\"potentialAction\":[{\"@type\":\"SearchAction\",\"target\":{\"@type\":\"EntryPoint\",\"urlTemplate\":\"https:\\\/\\\/www.webdo.tn\\\/fr\\\/?s={search_term_string}\"},\"query-input\":{\"@type\":\"PropertyValueSpecification\",\"valueRequired\":true,\"valueName\":\"search_term_string\"}}],\"inLanguage\":\"fr-FR\"},{\"@type\":\"Organization\",\"@id\":\"https:\\\/\\\/www.webdo.tn\\\/fr\\\/#organization\",\"name\":\"Webdo\",\"alternateName\":\"Webdo.tn\",\"url\":\"https:\\\/\\\/www.webdo.tn\\\/fr\\\/\",\"logo\":{\"@type\":\"ImageObject\",\"inLanguage\":\"fr-FR\",\"@id\":\"https:\\\/\\\/www.webdo.tn\\\/fr\\\/#\\\/schema\\\/logo\\\/image\\\/\",\"url\":\"https:\\\/\\\/www.webdo.tn\\\/fr\\\/wp-content\\\/uploads\\\/2025\\\/06\\\/Webdo-Tunisie_168377.jpg\",\"contentUrl\":\"https:\\\/\\\/www.webdo.tn\\\/fr\\\/wp-content\\\/uploads\\\/2025\\\/06\\\/Webdo-Tunisie_168377.jpg\",\"width\":301,\"height\":301,\"caption\":\"Webdo\"},\"image\":{\"@id\":\"https:\\\/\\\/www.webdo.tn\\\/fr\\\/#\\\/schema\\\/logo\\\/image\\\/\"},\"sameAs\":[\"https:\\\/\\\/www.facebook.com\\\/webdotn\",\"https:\\\/\\\/x.com\\\/webdo_tn\"],\"description\":\"Webdo est un m\u00e9dia num\u00e9rique tunisien fond\u00e9 en 2010, sp\u00e9cialis\u00e9 dans l\u2019actualit\u00e9 nationale et internationale, l\u2019\u00e9conomie, la soci\u00e9t\u00e9 et les analyses politiques. Le site s\u2019adresse \u00e0 un large public francophone et couvre l\u2019information tunisienne en temps r\u00e9el.\",\"email\":\"redac@webdo.tn\",\"legalName\":\"YNJ SARL\",\"foundingDate\":\"2010-09-06\",\"numberOfEmployees\":{\"@type\":\"QuantitativeValue\",\"minValue\":\"11\",\"maxValue\":\"50\"}},{\"@type\":\"Person\",\"@id\":\"https:\\\/\\\/www.webdo.tn\\\/fr\\\/#\\\/schema\\\/person\\\/6bc0beba2cd23aec27cb5df85ca2554f\",\"name\":\"Hatem Bourial\",\"image\":{\"@type\":\"ImageObject\",\"inLanguage\":\"fr-FR\",\"@id\":\"https:\\\/\\\/www.webdo.tn\\\/fr\\\/wp-content\\\/uploads\\\/2026\\\/04\\\/hatem-bourial_avatar-96x96.jpg\",\"url\":\"https:\\\/\\\/www.webdo.tn\\\/fr\\\/wp-content\\\/uploads\\\/2026\\\/04\\\/hatem-bourial_avatar-96x96.jpg\",\"contentUrl\":\"https:\\\/\\\/www.webdo.tn\\\/fr\\\/wp-content\\\/uploads\\\/2026\\\/04\\\/hatem-bourial_avatar-96x96.jpg\",\"caption\":\"Hatem Bourial\"},\"description\":\"Hatem Bourial est journaliste, \u00e9crivain et chroniqueur tunisien. Actif depuis plusieurs d\u00e9cennies, il s\u2019est impos\u00e9 comme un observateur attentif de la soci\u00e9t\u00e9 tunisienne, m\u00ealant dans ses \u00e9crits m\u00e9moire, culture et analyse du quotidien. Auteur de nombreux ouvrages, il d\u00e9veloppe une \u0153uvre \u00e0 la crois\u00e9e du r\u00e9cit, de la po\u00e9sie et de l\u2019observation sociologique. Parall\u00e8lement \u00e0 ses contributions dans la presse, il intervient r\u00e9guli\u00e8rement \u00e0 la radio et dans des espaces culturels, o\u00f9 il explore les enjeux li\u00e9s au patrimoine, \u00e0 l\u2019identit\u00e9 et aux transformations du monde contemporain. \u00c0 travers ses chroniques, Hatem Bourial propose une lecture sensible et approfondie de l\u2019actualit\u00e9, nourrie par une exp\u00e9rience journalistique et litt\u00e9raire reconnue. \ud83d\udd17 Facebook : https:\\\/\\\/www.facebook.com\\\/hatem.bourial.2025\",\"sameAs\":[\"https:\\\/\\\/www.facebook.com\\\/hatem.bourial.2025\",\"https:\\\/\\\/fr.wikipedia.org\\\/wiki\\\/Fichier:Hatem_Bourial.jpg\"],\"knowsAbout\":[\"Culture & patrimoine tunisien\",\"Chronique soci\u00e9tale\",\"Litt\u00e9rature & m\u00e9moire\",\"Cin\u00e9ma & critique culturelle\",\"Identit\u00e9 & mutations sociales\"],\"knowsLanguage\":[\"Arabe\",\"Fran\u00e7ais\",\"Anglais\",\"Italien\",\"Polonais\"],\"jobTitle\":\"Journaliste, \u00e9crivain et chroniqueur culturel\",\"worksFor\":\"Webdo\",\"url\":\"https:\\\/\\\/www.webdo.tn\\\/fr\\\/actualite\\\/author\\\/hatem-bourial-2\\\/\"}]}<\/script>\n<!-- \/ Yoast SEO Premium plugin. -->","yoast_head_json":{"title":"En audiences cumul\u00e9es, la Radio tunisienne est \u00e0 la deuxi\u00e8me place du paysage audiovisuel","description":"En audiences cumul\u00e9es, le taux de p\u00e9n\u00e9tration de l'\u00e9tablissement de la Radio tunisienne dans le Grand Tunis, place cette institution \u00e0 la deuxi\u00e8me place derri\u00e8r...","canonical":"https:\/\/www.webdo.tn\/fr\/actualite\/culture\/en-audiences-cumulees-la-radio-tunisienne-est-a-la-deuxieme-place-du-paysage-audiovisuel\/211978\/","og_locale":"fr_FR","og_type":"article","og_title":"En audiences cumul\u00e9es, la Radio tunisienne est \u00e0 la deuxi\u00e8me place du paysage audiovisuel","og_description":"En audiences cumul\u00e9es, le taux de p\u00e9n\u00e9tration de l'\u00e9tablissement de la Radio tunisienne dans le Grand Tunis, place cette institution \u00e0 la deuxi\u00e8me place derri\u00e8r...","og_url":"https:\/\/www.webdo.tn\/fr\/actualite\/culture\/en-audiences-cumulees-la-radio-tunisienne-est-a-la-deuxieme-place-du-paysage-audiovisuel\/211978\/","og_site_name":"webdo","article_publisher":"https:\/\/www.facebook.com\/webdotn","article_author":"https:\/\/www.facebook.com\/hatem.bourial.2025","article_published_time":"2024-02-01T13:53:00+00:00","og_image":[{"width":750,"height":400,"url":"https:\/\/www.webdo.tn\/fr\/wp-content\/uploads\/2024\/02\/b88010ac1d3db79b28916f5ebe211f19.jpg","type":"image\/jpeg"}],"author":"Hatem Bourial","twitter_card":"summary_large_image","twitter_creator":"@webdo_tn","twitter_site":"@webdo_tn","twitter_misc":{"\u00c9crit par":"Hatem Bourial","Dur\u00e9e de lecture estim\u00e9e":"1 minute"},"schema":{"@context":"https:\/\/schema.org","@graph":[{"@type":"NewsArticle","@id":"https:\/\/www.webdo.tn\/fr\/actualite\/culture\/en-audiences-cumulees-la-radio-tunisienne-est-a-la-deuxieme-place-du-paysage-audiovisuel\/211978\/#article","isPartOf":{"@id":"https:\/\/www.webdo.tn\/fr\/actualite\/culture\/en-audiences-cumulees-la-radio-tunisienne-est-a-la-deuxieme-place-du-paysage-audiovisuel\/211978\/"},"author":{"name":"Hatem Bourial","@id":"https:\/\/www.webdo.tn\/fr\/#\/schema\/person\/6bc0beba2cd23aec27cb5df85ca2554f"},"headline":"En audiences cumul\u00e9es, la Radio tunisienne est \u00e0 la deuxi\u00e8me place du paysage audiovisuel","datePublished":"2024-02-01T13:53:00+00:00","mainEntityOfPage":{"@id":"https:\/\/www.webdo.tn\/fr\/actualite\/culture\/en-audiences-cumulees-la-radio-tunisienne-est-a-la-deuxieme-place-du-paysage-audiovisuel\/211978\/"},"wordCount":206,"commentCount":0,"publisher":{"@id":"https:\/\/www.webdo.tn\/fr\/#organization"},"image":{"@id":"https:\/\/www.webdo.tn\/fr\/actualite\/culture\/en-audiences-cumulees-la-radio-tunisienne-est-a-la-deuxieme-place-du-paysage-audiovisuel\/211978\/#primaryimage"},"thumbnailUrl":"https:\/\/www.webdo.tn\/fr\/wp-content\/uploads\/2024\/02\/b88010ac1d3db79b28916f5ebe211f19.jpg","keywords":["audience","mosaique fm","radio","radio nationale","Tunisie"],"articleSection":["Culture"],"inLanguage":"fr-FR"},{"@type":"WebPage","@id":"https:\/\/www.webdo.tn\/fr\/actualite\/culture\/en-audiences-cumulees-la-radio-tunisienne-est-a-la-deuxieme-place-du-paysage-audiovisuel\/211978\/","url":"https:\/\/www.webdo.tn\/fr\/actualite\/culture\/en-audiences-cumulees-la-radio-tunisienne-est-a-la-deuxieme-place-du-paysage-audiovisuel\/211978\/","name":"En audiences cumul\u00e9es, la Radio tunisienne est \u00e0 la deuxi\u00e8me place du paysage audiovisuel","isPartOf":{"@id":"https:\/\/www.webdo.tn\/fr\/#website"},"primaryImageOfPage":{"@id":"https:\/\/www.webdo.tn\/fr\/actualite\/culture\/en-audiences-cumulees-la-radio-tunisienne-est-a-la-deuxieme-place-du-paysage-audiovisuel\/211978\/#primaryimage"},"image":{"@id":"https:\/\/www.webdo.tn\/fr\/actualite\/culture\/en-audiences-cumulees-la-radio-tunisienne-est-a-la-deuxieme-place-du-paysage-audiovisuel\/211978\/#primaryimage"},"thumbnailUrl":"https:\/\/www.webdo.tn\/fr\/wp-content\/uploads\/2024\/02\/b88010ac1d3db79b28916f5ebe211f19.jpg","datePublished":"2024-02-01T13:53:00+00:00","description":"En audiences cumul\u00e9es, le taux de p\u00e9n\u00e9tration de l'\u00e9tablissement de la Radio tunisienne dans le Grand Tunis, place cette institution \u00e0 la deuxi\u00e8me place derri\u00e8r...","breadcrumb":{"@id":"https:\/\/www.webdo.tn\/fr\/actualite\/culture\/en-audiences-cumulees-la-radio-tunisienne-est-a-la-deuxieme-place-du-paysage-audiovisuel\/211978\/#breadcrumb"},"inLanguage":"fr-FR","potentialAction":[{"@type":"ReadAction","target":["https:\/\/www.webdo.tn\/fr\/actualite\/culture\/en-audiences-cumulees-la-radio-tunisienne-est-a-la-deuxieme-place-du-paysage-audiovisuel\/211978\/"]}]},{"@type":"ImageObject","inLanguage":"fr-FR","@id":"https:\/\/www.webdo.tn\/fr\/actualite\/culture\/en-audiences-cumulees-la-radio-tunisienne-est-a-la-deuxieme-place-du-paysage-audiovisuel\/211978\/#primaryimage","url":"https:\/\/www.webdo.tn\/fr\/wp-content\/uploads\/2024\/02\/b88010ac1d3db79b28916f5ebe211f19.jpg","contentUrl":"https:\/\/www.webdo.tn\/fr\/wp-content\/uploads\/2024\/02\/b88010ac1d3db79b28916f5ebe211f19.jpg","width":750,"height":400,"caption":"En audiences cumul\u00e9es, la Radio tunisienne est \u00e0 la deuxi\u00e8me place du paysage audiovisuel"},{"@type":"BreadcrumbList","@id":"https:\/\/www.webdo.tn\/fr\/actualite\/culture\/en-audiences-cumulees-la-radio-tunisienne-est-a-la-deuxieme-place-du-paysage-audiovisuel\/211978\/#breadcrumb","itemListElement":[{"@type":"ListItem","position":1,"name":"Accueil","item":"https:\/\/www.webdo.tn\/fr\/"},{"@type":"ListItem","position":2,"name":"En audiences cumul\u00e9es, la Radio tunisienne est \u00e0 la deuxi\u00e8me place du paysage audiovisuel"}]},{"@type":"WebSite","@id":"https:\/\/www.webdo.tn\/fr\/#website","url":"https:\/\/www.webdo.tn\/fr\/","name":"webdo","description":"Tunisie - News en Tunisie et \u00e0 l&#039;international sur Webdo.tn","publisher":{"@id":"https:\/\/www.webdo.tn\/fr\/#organization"},"potentialAction":[{"@type":"SearchAction","target":{"@type":"EntryPoint","urlTemplate":"https:\/\/www.webdo.tn\/fr\/?s={search_term_string}"},"query-input":{"@type":"PropertyValueSpecification","valueRequired":true,"valueName":"search_term_string"}}],"inLanguage":"fr-FR"},{"@type":"Organization","@id":"https:\/\/www.webdo.tn\/fr\/#organization","name":"Webdo","alternateName":"Webdo.tn","url":"https:\/\/www.webdo.tn\/fr\/","logo":{"@type":"ImageObject","inLanguage":"fr-FR","@id":"https:\/\/www.webdo.tn\/fr\/#\/schema\/logo\/image\/","url":"https:\/\/www.webdo.tn\/fr\/wp-content\/uploads\/2025\/06\/Webdo-Tunisie_168377.jpg","contentUrl":"https:\/\/www.webdo.tn\/fr\/wp-content\/uploads\/2025\/06\/Webdo-Tunisie_168377.jpg","width":301,"height":301,"caption":"Webdo"},"image":{"@id":"https:\/\/www.webdo.tn\/fr\/#\/schema\/logo\/image\/"},"sameAs":["https:\/\/www.facebook.com\/webdotn","https:\/\/x.com\/webdo_tn"],"description":"Webdo est un m\u00e9dia num\u00e9rique tunisien fond\u00e9 en 2010, sp\u00e9cialis\u00e9 dans l\u2019actualit\u00e9 nationale et internationale, l\u2019\u00e9conomie, la soci\u00e9t\u00e9 et les analyses politiques. Le site s\u2019adresse \u00e0 un large public francophone et couvre l\u2019information tunisienne en temps r\u00e9el.","email":"redac@webdo.tn","legalName":"YNJ SARL","foundingDate":"2010-09-06","numberOfEmployees":{"@type":"QuantitativeValue","minValue":"11","maxValue":"50"}},{"@type":"Person","@id":"https:\/\/www.webdo.tn\/fr\/#\/schema\/person\/6bc0beba2cd23aec27cb5df85ca2554f","name":"Hatem Bourial","image":{"@type":"ImageObject","inLanguage":"fr-FR","@id":"https:\/\/www.webdo.tn\/fr\/wp-content\/uploads\/2026\/04\/hatem-bourial_avatar-96x96.jpg","url":"https:\/\/www.webdo.tn\/fr\/wp-content\/uploads\/2026\/04\/hatem-bourial_avatar-96x96.jpg","contentUrl":"https:\/\/www.webdo.tn\/fr\/wp-content\/uploads\/2026\/04\/hatem-bourial_avatar-96x96.jpg","caption":"Hatem Bourial"},"description":"Hatem Bourial est journaliste, \u00e9crivain et chroniqueur tunisien. Actif depuis plusieurs d\u00e9cennies, il s\u2019est impos\u00e9 comme un observateur attentif de la soci\u00e9t\u00e9 tunisienne, m\u00ealant dans ses \u00e9crits m\u00e9moire, culture et analyse du quotidien. Auteur de nombreux ouvrages, il d\u00e9veloppe une \u0153uvre \u00e0 la crois\u00e9e du r\u00e9cit, de la po\u00e9sie et de l\u2019observation sociologique. Parall\u00e8lement \u00e0 ses contributions dans la presse, il intervient r\u00e9guli\u00e8rement \u00e0 la radio et dans des espaces culturels, o\u00f9 il explore les enjeux li\u00e9s au patrimoine, \u00e0 l\u2019identit\u00e9 et aux transformations du monde contemporain. \u00c0 travers ses chroniques, Hatem Bourial propose une lecture sensible et approfondie de l\u2019actualit\u00e9, nourrie par une exp\u00e9rience journalistique et litt\u00e9raire reconnue. \ud83d\udd17 Facebook : https:\/\/www.facebook.com\/hatem.bourial.2025","sameAs":["https:\/\/www.facebook.com\/hatem.bourial.2025","https:\/\/fr.wikipedia.org\/wiki\/Fichier:Hatem_Bourial.jpg"],"knowsAbout":["Culture & patrimoine tunisien","Chronique soci\u00e9tale","Litt\u00e9rature & m\u00e9moire","Cin\u00e9ma & critique culturelle","Identit\u00e9 & mutations sociales"],"knowsLanguage":["Arabe","Fran\u00e7ais","Anglais","Italien","Polonais"],"jobTitle":"Journaliste, \u00e9crivain et chroniqueur culturel","worksFor":"Webdo","url":"https:\/\/www.webdo.tn\/fr\/actualite\/author\/hatem-bourial-2\/"}]}},"_links":{"self":[{"href":"https:\/\/www.webdo.tn\/fr\/wp-json\/wp\/v2\/posts\/211978","targetHints":{"allow":["GET"]}}],"collection":[{"href":"https:\/\/www.webdo.tn\/fr\/wp-json\/wp\/v2\/posts"}],"about":[{"href":"https:\/\/www.webdo.tn\/fr\/wp-json\/wp\/v2\/types\/post"}],"author":[{"embeddable":true,"href":"https:\/\/www.webdo.tn\/fr\/wp-json\/wp\/v2\/users\/3229"}],"replies":[{"embeddable":true,"href":"https:\/\/www.webdo.tn\/fr\/wp-json\/wp\/v2\/comments?post=211978"}],"version-history":[{"count":0,"href":"https:\/\/www.webdo.tn\/fr\/wp-json\/wp\/v2\/posts\/211978\/revisions"}],"wp:featuredmedia":[{"embeddable":true,"href":"https:\/\/www.webdo.tn\/fr\/wp-json\/wp\/v2\/media\/290160"}],"wp:attachment":[{"href":"https:\/\/www.webdo.tn\/fr\/wp-json\/wp\/v2\/media?parent=211978"}],"wp:term":[{"taxonomy":"category","embeddable":true,"href":"https:\/\/www.webdo.tn\/fr\/wp-json\/wp\/v2\/categories?post=211978"},{"taxonomy":"post_tag","embeddable":true,"href":"https:\/\/www.webdo.tn\/fr\/wp-json\/wp\/v2\/tags?post=211978"}],"curies":[{"name":"wp","href":"https:\/\/api.w.org\/{rel}","templated":true}]}}