{"id":211963,"date":"2024-02-01T08:52:00","date_gmt":"2024-02-01T08:52:00","guid":{"rendered":"https:\/\/www.webdo.tn\/fr\/blog\/kais-saied-appelle-a-lancer-des-entreprises-citoyennes\/211963\/"},"modified":"2025-05-20T22:55:30","modified_gmt":"2025-05-20T22:55:30","slug":"kais-saied-appelle-a-lancer-des-entreprises-citoyennes","status":"publish","type":"post","link":"https:\/\/www.webdo.tn\/fr\/actualite\/national\/kais-saied-appelle-a-lancer-des-entreprises-citoyennes\/211963\/","title":{"rendered":"Tunisie : Ka\u00efs Sa\u00efed appelle \u00e0 lancer des entreprises citoyennes"},"content":{"rendered":"<p>Apr\u00e8s une visite inopin\u00e9e, effectu\u00e9e hier soir \u00e0 Kasserine, le pr\u00e9sident de la R\u00e9publique, Ka\u00efs Sa\u00efed, s&rsquo;est rendu \u00e0 la ville frontali\u00e8re de Sidi Boubaker \u00e0 Gafsa o\u00f9 il a eu des \u00e9changes avec des citoyens qui lui ont fait part de leurs pr\u00e9occupations, dont notamment les services publics.<\/p>\n<p>\t\t\t\t\t\t\t\t\tKa\u00efs Sa\u00efed a incit\u00e9 les citoyens \u00e0 lancer des entreprises citoyennes, soulignant qu&rsquo;un secr\u00e9tariat d&rsquo;Etat vient d&rsquo;\u00eatre cr\u00e9\u00e9 pour faciliter ce genre d&rsquo;initiatives.<\/p>\n<p>Avant sa visite \u00e0 Gafsa, le chef de l&rsquo;\u00c9tat s&rsquo;est rendu \u00e0 la Soci\u00e9t\u00e9 nationale de cellulose et de papier alfa (SNCPA) \u00e0 Kasserine, o\u00f9 il a rencontr\u00e9 les ouvriers employ\u00e9s et syndicalistes de ladite entreprise en proie \u00e0 des difficult\u00e9s ces derni\u00e8res ann\u00e9es.<\/p>\n<p>La SNCPA a repris ses activit\u00e9s le 13 octobre 2022 apr\u00e8s un arr\u00eat de plus de trois ann\u00e9es en raison des travaux de r\u00e9paration et de probl\u00e8mes financiers qui ont impact\u00e9 l\u2019approvisionnement de l\u2019usine en mati\u00e8res premi\u00e8res.<\/p>\n","protected":false},"excerpt":{"rendered":"<p>Ka\u00efs Sa\u00efed a incit\u00e9 les citoyens \u00e0 lancer des entreprises citoyennes, soulignant qu&rsquo;un secr\u00e9tariat d&rsquo;Etat vient d&rsquo;\u00eatre cr\u00e9\u00e9 pour faciliter ce genre d&rsquo;initiative&#8230;<\/p>\n","protected":false},"author":3182,"featured_media":248111,"comment_status":"open","ping_status":"closed","sticky":false,"template":"","format":"standard","meta":{"footnotes":""},"categories":[44],"tags":[4001,2614,2744,4154],"class_list":["post-211963","post","type-post","status-publish","format-standard","has-post-thumbnail","hentry","category-national","tag-gafsa","tag-kais-saied","tag-kasserine","tag-visite"],"yoast_head":"<!-- This site is optimized with the Yoast SEO Premium plugin v27.5 (Yoast SEO v27.5) - https:\/\/yoast.com\/product\/yoast-seo-premium-wordpress\/ -->\n<title>Tunisie : Ka\u00efs Sa\u00efed appelle \u00e0 lancer des entreprises citoyennes<\/title>\n<meta name=\"description\" content=\"Ka\u00efs Sa\u00efed a incit\u00e9 les citoyens \u00e0 lancer des entreprises citoyennes, soulignant qu&#039;un secr\u00e9tariat d&#039;Etat vient d&#039;\u00eatre cr\u00e9\u00e9 pour faciliter ce genre d&#039;initiative...\" \/>\n<link rel=\"canonical\" href=\"https:\/\/www.webdo.tn\/fr\/actualite\/national\/kais-saied-appelle-a-lancer-des-entreprises-citoyennes\/211963\/\" \/>\n<meta property=\"og:locale\" content=\"fr_FR\" \/>\n<meta property=\"og:type\" content=\"article\" \/>\n<meta property=\"og:title\" content=\"Tunisie : Ka\u00efs Sa\u00efed appelle \u00e0 lancer des entreprises citoyennes\" \/>\n<meta property=\"og:description\" content=\"Ka\u00efs Sa\u00efed a incit\u00e9 les citoyens \u00e0 lancer des entreprises citoyennes, soulignant qu&#039;un secr\u00e9tariat d&#039;Etat vient d&#039;\u00eatre cr\u00e9\u00e9 pour faciliter ce genre d&#039;initiative...\" \/>\n<meta property=\"og:url\" content=\"https:\/\/www.webdo.tn\/fr\/actualite\/national\/kais-saied-appelle-a-lancer-des-entreprises-citoyennes\/211963\/\" \/>\n<meta property=\"og:site_name\" content=\"webdo\" \/>\n<meta property=\"article:publisher\" content=\"https:\/\/www.facebook.com\/webdotn\" \/>\n<meta property=\"article:published_time\" content=\"2024-02-01T08:52:00+00:00\" \/>\n<meta property=\"article:modified_time\" content=\"2025-05-20T22:55:30+00:00\" \/>\n<meta property=\"og:image\" content=\"https:\/\/www.webdo.tn\/fr\/wp-content\/uploads\/2024\/02\/1ecb032071035d48eebe40f4a1e60cc1.jpg\" \/>\n\t<meta property=\"og:image:width\" content=\"750\" \/>\n\t<meta property=\"og:image:height\" content=\"400\" \/>\n\t<meta property=\"og:image:type\" content=\"image\/jpeg\" \/>\n<meta name=\"author\" content=\"WB\" \/>\n<meta name=\"twitter:card\" content=\"summary_large_image\" \/>\n<meta name=\"twitter:creator\" content=\"@webdo_tn\" \/>\n<meta name=\"twitter:site\" content=\"@webdo_tn\" \/>\n<meta name=\"twitter:label1\" content=\"\u00c9crit par\" \/>\n\t<meta name=\"twitter:data1\" content=\"WB\" \/>\n\t<meta name=\"twitter:label2\" content=\"Dur\u00e9e de lecture estim\u00e9e\" \/>\n\t<meta name=\"twitter:data2\" content=\"1 minute\" \/>\n<script type=\"application\/ld+json\" class=\"yoast-schema-graph\">{\"@context\":\"https:\\\/\\\/schema.org\",\"@graph\":[{\"@type\":\"NewsArticle\",\"@id\":\"https:\\\/\\\/www.webdo.tn\\\/fr\\\/actualite\\\/national\\\/kais-saied-appelle-a-lancer-des-entreprises-citoyennes\\\/211963\\\/#article\",\"isPartOf\":{\"@id\":\"https:\\\/\\\/www.webdo.tn\\\/fr\\\/actualite\\\/national\\\/kais-saied-appelle-a-lancer-des-entreprises-citoyennes\\\/211963\\\/\"},\"author\":{\"name\":\"WB\",\"@id\":\"https:\\\/\\\/www.webdo.tn\\\/fr\\\/#\\\/schema\\\/person\\\/f16bf91e3b3c6347371884777659f9d8\"},\"headline\":\"Tunisie : Ka\u00efs Sa\u00efed appelle \u00e0 lancer des entreprises citoyennes\",\"datePublished\":\"2024-02-01T08:52:00+00:00\",\"dateModified\":\"2025-05-20T22:55:30+00:00\",\"mainEntityOfPage\":{\"@id\":\"https:\\\/\\\/www.webdo.tn\\\/fr\\\/actualite\\\/national\\\/kais-saied-appelle-a-lancer-des-entreprises-citoyennes\\\/211963\\\/\"},\"wordCount\":187,\"commentCount\":0,\"publisher\":{\"@id\":\"https:\\\/\\\/www.webdo.tn\\\/fr\\\/#organization\"},\"image\":{\"@id\":\"https:\\\/\\\/www.webdo.tn\\\/fr\\\/actualite\\\/national\\\/kais-saied-appelle-a-lancer-des-entreprises-citoyennes\\\/211963\\\/#primaryimage\"},\"thumbnailUrl\":\"https:\\\/\\\/www.webdo.tn\\\/fr\\\/wp-content\\\/uploads\\\/2024\\\/02\\\/1ecb032071035d48eebe40f4a1e60cc1.jpg\",\"keywords\":[\"Gafsa\",\"Kais Saied\",\"Kasserine\",\"visite\"],\"articleSection\":[\"National\"],\"inLanguage\":\"fr-FR\"},{\"@type\":\"WebPage\",\"@id\":\"https:\\\/\\\/www.webdo.tn\\\/fr\\\/actualite\\\/national\\\/kais-saied-appelle-a-lancer-des-entreprises-citoyennes\\\/211963\\\/\",\"url\":\"https:\\\/\\\/www.webdo.tn\\\/fr\\\/actualite\\\/national\\\/kais-saied-appelle-a-lancer-des-entreprises-citoyennes\\\/211963\\\/\",\"name\":\"Tunisie : Ka\u00efs Sa\u00efed appelle \u00e0 lancer des entreprises citoyennes\",\"isPartOf\":{\"@id\":\"https:\\\/\\\/www.webdo.tn\\\/fr\\\/#website\"},\"primaryImageOfPage\":{\"@id\":\"https:\\\/\\\/www.webdo.tn\\\/fr\\\/actualite\\\/national\\\/kais-saied-appelle-a-lancer-des-entreprises-citoyennes\\\/211963\\\/#primaryimage\"},\"image\":{\"@id\":\"https:\\\/\\\/www.webdo.tn\\\/fr\\\/actualite\\\/national\\\/kais-saied-appelle-a-lancer-des-entreprises-citoyennes\\\/211963\\\/#primaryimage\"},\"thumbnailUrl\":\"https:\\\/\\\/www.webdo.tn\\\/fr\\\/wp-content\\\/uploads\\\/2024\\\/02\\\/1ecb032071035d48eebe40f4a1e60cc1.jpg\",\"datePublished\":\"2024-02-01T08:52:00+00:00\",\"dateModified\":\"2025-05-20T22:55:30+00:00\",\"description\":\"Ka\u00efs Sa\u00efed a incit\u00e9 les citoyens \u00e0 lancer des entreprises citoyennes, soulignant qu'un secr\u00e9tariat d'Etat vient d'\u00eatre cr\u00e9\u00e9 pour faciliter ce genre d'initiative...\",\"breadcrumb\":{\"@id\":\"https:\\\/\\\/www.webdo.tn\\\/fr\\\/actualite\\\/national\\\/kais-saied-appelle-a-lancer-des-entreprises-citoyennes\\\/211963\\\/#breadcrumb\"},\"inLanguage\":\"fr-FR\",\"potentialAction\":[{\"@type\":\"ReadAction\",\"target\":[\"https:\\\/\\\/www.webdo.tn\\\/fr\\\/actualite\\\/national\\\/kais-saied-appelle-a-lancer-des-entreprises-citoyennes\\\/211963\\\/\"]}]},{\"@type\":\"ImageObject\",\"inLanguage\":\"fr-FR\",\"@id\":\"https:\\\/\\\/www.webdo.tn\\\/fr\\\/actualite\\\/national\\\/kais-saied-appelle-a-lancer-des-entreprises-citoyennes\\\/211963\\\/#primaryimage\",\"url\":\"https:\\\/\\\/www.webdo.tn\\\/fr\\\/wp-content\\\/uploads\\\/2024\\\/02\\\/1ecb032071035d48eebe40f4a1e60cc1.jpg\",\"contentUrl\":\"https:\\\/\\\/www.webdo.tn\\\/fr\\\/wp-content\\\/uploads\\\/2024\\\/02\\\/1ecb032071035d48eebe40f4a1e60cc1.jpg\",\"width\":750,\"height\":400,\"caption\":\"visite\"},{\"@type\":\"BreadcrumbList\",\"@id\":\"https:\\\/\\\/www.webdo.tn\\\/fr\\\/actualite\\\/national\\\/kais-saied-appelle-a-lancer-des-entreprises-citoyennes\\\/211963\\\/#breadcrumb\",\"itemListElement\":[{\"@type\":\"ListItem\",\"position\":1,\"name\":\"Accueil\",\"item\":\"https:\\\/\\\/www.webdo.tn\\\/fr\\\/\"},{\"@type\":\"ListItem\",\"position\":2,\"name\":\"Tunisie : Ka\u00efs Sa\u00efed appelle \u00e0 lancer des entreprises citoyennes\"}]},{\"@type\":\"WebSite\",\"@id\":\"https:\\\/\\\/www.webdo.tn\\\/fr\\\/#website\",\"url\":\"https:\\\/\\\/www.webdo.tn\\\/fr\\\/\",\"name\":\"webdo\",\"description\":\"Tunisie - News en Tunisie et \u00e0 l&#039;international sur Webdo.tn\",\"publisher\":{\"@id\":\"https:\\\/\\\/www.webdo.tn\\\/fr\\\/#organization\"},\"potentialAction\":[{\"@type\":\"SearchAction\",\"target\":{\"@type\":\"EntryPoint\",\"urlTemplate\":\"https:\\\/\\\/www.webdo.tn\\\/fr\\\/?s={search_term_string}\"},\"query-input\":{\"@type\":\"PropertyValueSpecification\",\"valueRequired\":true,\"valueName\":\"search_term_string\"}}],\"inLanguage\":\"fr-FR\"},{\"@type\":\"Organization\",\"@id\":\"https:\\\/\\\/www.webdo.tn\\\/fr\\\/#organization\",\"name\":\"Webdo\",\"alternateName\":\"Webdo.tn\",\"url\":\"https:\\\/\\\/www.webdo.tn\\\/fr\\\/\",\"logo\":{\"@type\":\"ImageObject\",\"inLanguage\":\"fr-FR\",\"@id\":\"https:\\\/\\\/www.webdo.tn\\\/fr\\\/#\\\/schema\\\/logo\\\/image\\\/\",\"url\":\"https:\\\/\\\/www.webdo.tn\\\/fr\\\/wp-content\\\/uploads\\\/2025\\\/06\\\/Webdo-Tunisie_168377.jpg\",\"contentUrl\":\"https:\\\/\\\/www.webdo.tn\\\/fr\\\/wp-content\\\/uploads\\\/2025\\\/06\\\/Webdo-Tunisie_168377.jpg\",\"width\":301,\"height\":301,\"caption\":\"Webdo\"},\"image\":{\"@id\":\"https:\\\/\\\/www.webdo.tn\\\/fr\\\/#\\\/schema\\\/logo\\\/image\\\/\"},\"sameAs\":[\"https:\\\/\\\/www.facebook.com\\\/webdotn\",\"https:\\\/\\\/x.com\\\/webdo_tn\"],\"description\":\"Webdo est un m\u00e9dia num\u00e9rique tunisien fond\u00e9 en 2010, sp\u00e9cialis\u00e9 dans l\u2019actualit\u00e9 nationale et internationale, l\u2019\u00e9conomie, la soci\u00e9t\u00e9 et les analyses politiques. Le site s\u2019adresse \u00e0 un large public francophone et couvre l\u2019information tunisienne en temps r\u00e9el.\",\"email\":\"redac@webdo.tn\",\"legalName\":\"YNJ SARL\",\"foundingDate\":\"2010-09-06\",\"numberOfEmployees\":{\"@type\":\"QuantitativeValue\",\"minValue\":\"11\",\"maxValue\":\"50\"}},{\"@type\":\"Person\",\"@id\":\"https:\\\/\\\/www.webdo.tn\\\/fr\\\/#\\\/schema\\\/person\\\/f16bf91e3b3c6347371884777659f9d8\",\"name\":\"WB\",\"image\":{\"@type\":\"ImageObject\",\"inLanguage\":\"fr-FR\",\"@id\":\"https:\\\/\\\/secure.gravatar.com\\\/avatar\\\/fd3caf00dbfd4b6d6ce43e8ea4748ed2e4d0fae2c3a87c1e2f6ba0a54c3ab5cb?s=96&d=mm&r=g\",\"url\":\"https:\\\/\\\/secure.gravatar.com\\\/avatar\\\/fd3caf00dbfd4b6d6ce43e8ea4748ed2e4d0fae2c3a87c1e2f6ba0a54c3ab5cb?s=96&d=mm&r=g\",\"contentUrl\":\"https:\\\/\\\/secure.gravatar.com\\\/avatar\\\/fd3caf00dbfd4b6d6ce43e8ea4748ed2e4d0fae2c3a87c1e2f6ba0a54c3ab5cb?s=96&d=mm&r=g\",\"caption\":\"WB\"},\"url\":\"https:\\\/\\\/www.webdo.tn\\\/fr\\\/actualite\\\/author\\\/wb\\\/\"}]}<\/script>\n<!-- \/ Yoast SEO Premium plugin. -->","yoast_head_json":{"title":"Tunisie : Ka\u00efs Sa\u00efed appelle \u00e0 lancer des entreprises citoyennes","description":"Ka\u00efs Sa\u00efed a incit\u00e9 les citoyens \u00e0 lancer des entreprises citoyennes, soulignant qu'un secr\u00e9tariat d'Etat vient d'\u00eatre cr\u00e9\u00e9 pour faciliter ce genre d'initiative...","canonical":"https:\/\/www.webdo.tn\/fr\/actualite\/national\/kais-saied-appelle-a-lancer-des-entreprises-citoyennes\/211963\/","og_locale":"fr_FR","og_type":"article","og_title":"Tunisie : Ka\u00efs Sa\u00efed appelle \u00e0 lancer des entreprises citoyennes","og_description":"Ka\u00efs Sa\u00efed a incit\u00e9 les citoyens \u00e0 lancer des entreprises citoyennes, soulignant qu'un secr\u00e9tariat d'Etat vient d'\u00eatre cr\u00e9\u00e9 pour faciliter ce genre d'initiative...","og_url":"https:\/\/www.webdo.tn\/fr\/actualite\/national\/kais-saied-appelle-a-lancer-des-entreprises-citoyennes\/211963\/","og_site_name":"webdo","article_publisher":"https:\/\/www.facebook.com\/webdotn","article_published_time":"2024-02-01T08:52:00+00:00","article_modified_time":"2025-05-20T22:55:30+00:00","og_image":[{"width":750,"height":400,"url":"https:\/\/www.webdo.tn\/fr\/wp-content\/uploads\/2024\/02\/1ecb032071035d48eebe40f4a1e60cc1.jpg","type":"image\/jpeg"}],"author":"WB","twitter_card":"summary_large_image","twitter_creator":"@webdo_tn","twitter_site":"@webdo_tn","twitter_misc":{"\u00c9crit par":"WB","Dur\u00e9e de lecture estim\u00e9e":"1 minute"},"schema":{"@context":"https:\/\/schema.org","@graph":[{"@type":"NewsArticle","@id":"https:\/\/www.webdo.tn\/fr\/actualite\/national\/kais-saied-appelle-a-lancer-des-entreprises-citoyennes\/211963\/#article","isPartOf":{"@id":"https:\/\/www.webdo.tn\/fr\/actualite\/national\/kais-saied-appelle-a-lancer-des-entreprises-citoyennes\/211963\/"},"author":{"name":"WB","@id":"https:\/\/www.webdo.tn\/fr\/#\/schema\/person\/f16bf91e3b3c6347371884777659f9d8"},"headline":"Tunisie : Ka\u00efs Sa\u00efed appelle \u00e0 lancer des entreprises citoyennes","datePublished":"2024-02-01T08:52:00+00:00","dateModified":"2025-05-20T22:55:30+00:00","mainEntityOfPage":{"@id":"https:\/\/www.webdo.tn\/fr\/actualite\/national\/kais-saied-appelle-a-lancer-des-entreprises-citoyennes\/211963\/"},"wordCount":187,"commentCount":0,"publisher":{"@id":"https:\/\/www.webdo.tn\/fr\/#organization"},"image":{"@id":"https:\/\/www.webdo.tn\/fr\/actualite\/national\/kais-saied-appelle-a-lancer-des-entreprises-citoyennes\/211963\/#primaryimage"},"thumbnailUrl":"https:\/\/www.webdo.tn\/fr\/wp-content\/uploads\/2024\/02\/1ecb032071035d48eebe40f4a1e60cc1.jpg","keywords":["Gafsa","Kais Saied","Kasserine","visite"],"articleSection":["National"],"inLanguage":"fr-FR"},{"@type":"WebPage","@id":"https:\/\/www.webdo.tn\/fr\/actualite\/national\/kais-saied-appelle-a-lancer-des-entreprises-citoyennes\/211963\/","url":"https:\/\/www.webdo.tn\/fr\/actualite\/national\/kais-saied-appelle-a-lancer-des-entreprises-citoyennes\/211963\/","name":"Tunisie : Ka\u00efs Sa\u00efed appelle \u00e0 lancer des entreprises citoyennes","isPartOf":{"@id":"https:\/\/www.webdo.tn\/fr\/#website"},"primaryImageOfPage":{"@id":"https:\/\/www.webdo.tn\/fr\/actualite\/national\/kais-saied-appelle-a-lancer-des-entreprises-citoyennes\/211963\/#primaryimage"},"image":{"@id":"https:\/\/www.webdo.tn\/fr\/actualite\/national\/kais-saied-appelle-a-lancer-des-entreprises-citoyennes\/211963\/#primaryimage"},"thumbnailUrl":"https:\/\/www.webdo.tn\/fr\/wp-content\/uploads\/2024\/02\/1ecb032071035d48eebe40f4a1e60cc1.jpg","datePublished":"2024-02-01T08:52:00+00:00","dateModified":"2025-05-20T22:55:30+00:00","description":"Ka\u00efs Sa\u00efed a incit\u00e9 les citoyens \u00e0 lancer des entreprises citoyennes, soulignant qu'un secr\u00e9tariat d'Etat vient d'\u00eatre cr\u00e9\u00e9 pour faciliter ce genre d'initiative...","breadcrumb":{"@id":"https:\/\/www.webdo.tn\/fr\/actualite\/national\/kais-saied-appelle-a-lancer-des-entreprises-citoyennes\/211963\/#breadcrumb"},"inLanguage":"fr-FR","potentialAction":[{"@type":"ReadAction","target":["https:\/\/www.webdo.tn\/fr\/actualite\/national\/kais-saied-appelle-a-lancer-des-entreprises-citoyennes\/211963\/"]}]},{"@type":"ImageObject","inLanguage":"fr-FR","@id":"https:\/\/www.webdo.tn\/fr\/actualite\/national\/kais-saied-appelle-a-lancer-des-entreprises-citoyennes\/211963\/#primaryimage","url":"https:\/\/www.webdo.tn\/fr\/wp-content\/uploads\/2024\/02\/1ecb032071035d48eebe40f4a1e60cc1.jpg","contentUrl":"https:\/\/www.webdo.tn\/fr\/wp-content\/uploads\/2024\/02\/1ecb032071035d48eebe40f4a1e60cc1.jpg","width":750,"height":400,"caption":"visite"},{"@type":"BreadcrumbList","@id":"https:\/\/www.webdo.tn\/fr\/actualite\/national\/kais-saied-appelle-a-lancer-des-entreprises-citoyennes\/211963\/#breadcrumb","itemListElement":[{"@type":"ListItem","position":1,"name":"Accueil","item":"https:\/\/www.webdo.tn\/fr\/"},{"@type":"ListItem","position":2,"name":"Tunisie : Ka\u00efs Sa\u00efed appelle \u00e0 lancer des entreprises citoyennes"}]},{"@type":"WebSite","@id":"https:\/\/www.webdo.tn\/fr\/#website","url":"https:\/\/www.webdo.tn\/fr\/","name":"webdo","description":"Tunisie - News en Tunisie et \u00e0 l&#039;international sur Webdo.tn","publisher":{"@id":"https:\/\/www.webdo.tn\/fr\/#organization"},"potentialAction":[{"@type":"SearchAction","target":{"@type":"EntryPoint","urlTemplate":"https:\/\/www.webdo.tn\/fr\/?s={search_term_string}"},"query-input":{"@type":"PropertyValueSpecification","valueRequired":true,"valueName":"search_term_string"}}],"inLanguage":"fr-FR"},{"@type":"Organization","@id":"https:\/\/www.webdo.tn\/fr\/#organization","name":"Webdo","alternateName":"Webdo.tn","url":"https:\/\/www.webdo.tn\/fr\/","logo":{"@type":"ImageObject","inLanguage":"fr-FR","@id":"https:\/\/www.webdo.tn\/fr\/#\/schema\/logo\/image\/","url":"https:\/\/www.webdo.tn\/fr\/wp-content\/uploads\/2025\/06\/Webdo-Tunisie_168377.jpg","contentUrl":"https:\/\/www.webdo.tn\/fr\/wp-content\/uploads\/2025\/06\/Webdo-Tunisie_168377.jpg","width":301,"height":301,"caption":"Webdo"},"image":{"@id":"https:\/\/www.webdo.tn\/fr\/#\/schema\/logo\/image\/"},"sameAs":["https:\/\/www.facebook.com\/webdotn","https:\/\/x.com\/webdo_tn"],"description":"Webdo est un m\u00e9dia num\u00e9rique tunisien fond\u00e9 en 2010, sp\u00e9cialis\u00e9 dans l\u2019actualit\u00e9 nationale et internationale, l\u2019\u00e9conomie, la soci\u00e9t\u00e9 et les analyses politiques. Le site s\u2019adresse \u00e0 un large public francophone et couvre l\u2019information tunisienne en temps r\u00e9el.","email":"redac@webdo.tn","legalName":"YNJ SARL","foundingDate":"2010-09-06","numberOfEmployees":{"@type":"QuantitativeValue","minValue":"11","maxValue":"50"}},{"@type":"Person","@id":"https:\/\/www.webdo.tn\/fr\/#\/schema\/person\/f16bf91e3b3c6347371884777659f9d8","name":"WB","image":{"@type":"ImageObject","inLanguage":"fr-FR","@id":"https:\/\/secure.gravatar.com\/avatar\/fd3caf00dbfd4b6d6ce43e8ea4748ed2e4d0fae2c3a87c1e2f6ba0a54c3ab5cb?s=96&d=mm&r=g","url":"https:\/\/secure.gravatar.com\/avatar\/fd3caf00dbfd4b6d6ce43e8ea4748ed2e4d0fae2c3a87c1e2f6ba0a54c3ab5cb?s=96&d=mm&r=g","contentUrl":"https:\/\/secure.gravatar.com\/avatar\/fd3caf00dbfd4b6d6ce43e8ea4748ed2e4d0fae2c3a87c1e2f6ba0a54c3ab5cb?s=96&d=mm&r=g","caption":"WB"},"url":"https:\/\/www.webdo.tn\/fr\/actualite\/author\/wb\/"}]}},"_links":{"self":[{"href":"https:\/\/www.webdo.tn\/fr\/wp-json\/wp\/v2\/posts\/211963","targetHints":{"allow":["GET"]}}],"collection":[{"href":"https:\/\/www.webdo.tn\/fr\/wp-json\/wp\/v2\/posts"}],"about":[{"href":"https:\/\/www.webdo.tn\/fr\/wp-json\/wp\/v2\/types\/post"}],"author":[{"embeddable":true,"href":"https:\/\/www.webdo.tn\/fr\/wp-json\/wp\/v2\/users\/3182"}],"replies":[{"embeddable":true,"href":"https:\/\/www.webdo.tn\/fr\/wp-json\/wp\/v2\/comments?post=211963"}],"version-history":[{"count":0,"href":"https:\/\/www.webdo.tn\/fr\/wp-json\/wp\/v2\/posts\/211963\/revisions"}],"wp:featuredmedia":[{"embeddable":true,"href":"https:\/\/www.webdo.tn\/fr\/wp-json\/wp\/v2\/media\/248111"}],"wp:attachment":[{"href":"https:\/\/www.webdo.tn\/fr\/wp-json\/wp\/v2\/media?parent=211963"}],"wp:term":[{"taxonomy":"category","embeddable":true,"href":"https:\/\/www.webdo.tn\/fr\/wp-json\/wp\/v2\/categories?post=211963"},{"taxonomy":"post_tag","embeddable":true,"href":"https:\/\/www.webdo.tn\/fr\/wp-json\/wp\/v2\/tags?post=211963"}],"curies":[{"name":"wp","href":"https:\/\/api.w.org\/{rel}","templated":true}]}}