{"id":211950,"date":"2024-01-31T16:02:00","date_gmt":"2024-01-31T16:02:00","guid":{"rendered":"https:\/\/www.webdo.tn\/fr\/blog\/eaux-usees-convention-de-financement-d-une-valeur-de-276-md-entre-la-tunisie-et-la-bad\/211950\/"},"modified":"2025-05-20T21:53:26","modified_gmt":"2025-05-20T21:53:26","slug":"eaux-usees-convention-de-financement-d-une-valeur-de-276-md-entre-la-tunisie-et-la-bad","status":"publish","type":"post","link":"https:\/\/www.webdo.tn\/fr\/actualite\/national\/eaux-usees-convention-de-financement-d-une-valeur-de-276-md-entre-la-tunisie-et-la-bad\/211950\/","title":{"rendered":"Eaux us\u00e9es : Convention de financement d\u2019une valeur de 276 MD entre la Tunisie et la BAD"},"content":{"rendered":"<p>Feriel Ouerghi, ministre de l\u2019Economie et de la planification, et Malinne Blomberg, directrice g\u00e9n\u00e9rale adjointe du bureau r\u00e9gional de la Banque africaine pour le d\u00e9veloppement en Tunisie, ont sign\u00e9, ce mercredi 31 janvier 2024 une convention de financements d\u2019une valeur de 81,9 millions d\u2019euros (276 millions de dinars) et ce, en pr\u00e9sence de la ministre de l\u2019Environnement, Leila Chikhaoui<\/p>\n<p>\t\t\t\t\t\t\t\t\tCe financement doit soutenir un projet d\u2019am\u00e9lioration de la qualit\u00e9 des eaux us\u00e9es \u00e9pur\u00e9es pour une meilleure r\u00e9silience aux changements climatiques (PAQEE-RCC).<\/p>\n<p>Le projet comprend notamment, l\u2019irrigation de 3000 hectares de terres agricoles, l\u2019am\u00e9lioration des conditions de vie de plus de 670 mille citoyens dans les 11 gouvernorats et la cr\u00e9ation de 250 emplois directs et 1000 postes indirects.<\/p>\n<p>Il porte notamment, sur le renouvellement des \u00e9quipements \u00e9lectrom\u00e9caniques et l\u2019utilisation de l\u2019\u00e9nergie photovolta\u00efque dans 19 stations d\u2019\u00e9purations dans les 11 gouvernorats concern\u00e9s \u00e0 savoir Nabeul, Zagouan, B\u00e9ja, Jendouba, Kasserine, Sidi Bouzid, Sfax, Gafsa, Tozeur K\u00e9bili et M\u00e9denine.<\/p>\n<p>Ce projet s\u2019inscrit notamment dans le cadre de l\u2019\u00e9conomie circulaire avec la r\u00e9utilisation des eaux us\u00e9es trait\u00e9es pouvant contribuer \u00e0 l\u2019am\u00e9lioration du bilan hydrique face aux changements climatiques.<\/p>\n<p>Selon Malinne Blomberg, la situation hydrique actuelle a eu de r\u00e9els impacts socio\u00e9conomiques, tandis que la r\u00e9utilisation des eaux us\u00e9es trait\u00e9es ne d\u00e9passe pas les 10%. Elle consid\u00e8re que ce projet permettra le d\u00e9veloppement des \u00e9nergies renouvelables et la r\u00e9duction des couts d\u2019exploitation, et ce, \u00e0 la faveur de l\u2019installation de 13 syst\u00e8mes d\u2019\u00e9nergie solaire photovolta\u00efque au niveau des syst\u00e8mes de traitement avec une capacit\u00e9 totale d\u2019environ 6000 kilowatts.<\/p>\n<p>En Tunisie, on ne compte que 125 stations d\u2019\u00e9puration permettant de collecter et de traiter chaque ann\u00e9e environ 290 millions de m\u00e8tres cubes, dont seulement 20% sont r\u00e9utilis\u00e9s.<\/p>\n","protected":false},"excerpt":{"rendered":"<p>Ce financement doit soutenir un projet d\u2019am\u00e9lioration de la qualit\u00e9 des eaux us\u00e9es \u00e9pur\u00e9es pour une meilleure r\u00e9silience aux changements climatiques (PAQEE-RCC)&#8230;<\/p>\n","protected":false},"author":3162,"featured_media":248106,"comment_status":"open","ping_status":"closed","sticky":false,"template":"","format":"standard","meta":{"footnotes":""},"categories":[44],"tags":[2686,7088,7089,2884,6238,2608],"class_list":["post-211950","post","type-post","status-publish","format-standard","has-post-thumbnail","hentry","category-national","tag-bad","tag-eaux-usees","tag-epuration","tag-financement","tag-prets","tag-tunisie"],"yoast_head":"<!-- This site is optimized with the Yoast SEO Premium plugin v27.5 (Yoast SEO v27.5) - https:\/\/yoast.com\/product\/yoast-seo-premium-wordpress\/ -->\n<title>Eaux us\u00e9es : Convention de financement d\u2019une valeur de 276 MD entre la Tunisie et la BAD<\/title>\n<meta name=\"description\" content=\"Ce financement doit soutenir un projet d\u2019am\u00e9lioration de la qualit\u00e9 des eaux us\u00e9es \u00e9pur\u00e9es pour une meilleure r\u00e9silience aux changements climatiques (PAQEE-RCC)...\" \/>\n<link rel=\"canonical\" href=\"https:\/\/www.webdo.tn\/fr\/actualite\/national\/eaux-usees-convention-de-financement-d-une-valeur-de-276-md-entre-la-tunisie-et-la-bad\/211950\/\" \/>\n<meta property=\"og:locale\" content=\"fr_FR\" \/>\n<meta property=\"og:type\" content=\"article\" \/>\n<meta property=\"og:title\" content=\"Eaux us\u00e9es : Convention de financement d\u2019une valeur de 276 MD entre la Tunisie et la BAD\" \/>\n<meta property=\"og:description\" content=\"Ce financement doit soutenir un projet d\u2019am\u00e9lioration de la qualit\u00e9 des eaux us\u00e9es \u00e9pur\u00e9es pour une meilleure r\u00e9silience aux changements climatiques (PAQEE-RCC)...\" \/>\n<meta property=\"og:url\" content=\"https:\/\/www.webdo.tn\/fr\/actualite\/national\/eaux-usees-convention-de-financement-d-une-valeur-de-276-md-entre-la-tunisie-et-la-bad\/211950\/\" \/>\n<meta property=\"og:site_name\" content=\"webdo\" \/>\n<meta property=\"article:publisher\" content=\"https:\/\/www.facebook.com\/webdotn\" \/>\n<meta property=\"article:published_time\" content=\"2024-01-31T16:02:00+00:00\" \/>\n<meta property=\"article:modified_time\" content=\"2025-05-20T21:53:26+00:00\" \/>\n<meta property=\"og:image\" content=\"https:\/\/www.webdo.tn\/fr\/wp-content\/uploads\/2024\/01\/4552d45ef59d245fc622e2000b67aa28.jpg\" \/>\n\t<meta property=\"og:image:width\" content=\"750\" \/>\n\t<meta property=\"og:image:height\" content=\"400\" \/>\n\t<meta property=\"og:image:type\" content=\"image\/jpeg\" \/>\n<meta name=\"author\" content=\"MC\" \/>\n<meta name=\"twitter:card\" content=\"summary_large_image\" \/>\n<meta name=\"twitter:creator\" content=\"@webdo_tn\" \/>\n<meta name=\"twitter:site\" content=\"@webdo_tn\" \/>\n<meta name=\"twitter:label1\" content=\"\u00c9crit par\" \/>\n\t<meta name=\"twitter:data1\" content=\"MC\" \/>\n\t<meta name=\"twitter:label2\" content=\"Dur\u00e9e de lecture estim\u00e9e\" \/>\n\t<meta name=\"twitter:data2\" content=\"2 minutes\" \/>\n<script type=\"application\/ld+json\" class=\"yoast-schema-graph\">{\"@context\":\"https:\\\/\\\/schema.org\",\"@graph\":[{\"@type\":\"NewsArticle\",\"@id\":\"https:\\\/\\\/www.webdo.tn\\\/fr\\\/actualite\\\/national\\\/eaux-usees-convention-de-financement-d-une-valeur-de-276-md-entre-la-tunisie-et-la-bad\\\/211950\\\/#article\",\"isPartOf\":{\"@id\":\"https:\\\/\\\/www.webdo.tn\\\/fr\\\/actualite\\\/national\\\/eaux-usees-convention-de-financement-d-une-valeur-de-276-md-entre-la-tunisie-et-la-bad\\\/211950\\\/\"},\"author\":{\"name\":\"MC\",\"@id\":\"https:\\\/\\\/www.webdo.tn\\\/fr\\\/#\\\/schema\\\/person\\\/2c4929cbf5a809e3bd38617c6ce150f6\"},\"headline\":\"Eaux us\u00e9es : Convention de financement d\u2019une valeur de 276 MD entre la Tunisie et la BAD\",\"datePublished\":\"2024-01-31T16:02:00+00:00\",\"dateModified\":\"2025-05-20T21:53:26+00:00\",\"mainEntityOfPage\":{\"@id\":\"https:\\\/\\\/www.webdo.tn\\\/fr\\\/actualite\\\/national\\\/eaux-usees-convention-de-financement-d-une-valeur-de-276-md-entre-la-tunisie-et-la-bad\\\/211950\\\/\"},\"wordCount\":333,\"commentCount\":0,\"publisher\":{\"@id\":\"https:\\\/\\\/www.webdo.tn\\\/fr\\\/#organization\"},\"image\":{\"@id\":\"https:\\\/\\\/www.webdo.tn\\\/fr\\\/actualite\\\/national\\\/eaux-usees-convention-de-financement-d-une-valeur-de-276-md-entre-la-tunisie-et-la-bad\\\/211950\\\/#primaryimage\"},\"thumbnailUrl\":\"https:\\\/\\\/www.webdo.tn\\\/fr\\\/wp-content\\\/uploads\\\/2024\\\/01\\\/4552d45ef59d245fc622e2000b67aa28.jpg\",\"keywords\":[\"BAD\",\"Eaux us\u00e9es\",\"\u00e9puration\",\"financement\",\"Prets\",\"Tunisie\"],\"articleSection\":[\"National\"],\"inLanguage\":\"fr-FR\"},{\"@type\":\"WebPage\",\"@id\":\"https:\\\/\\\/www.webdo.tn\\\/fr\\\/actualite\\\/national\\\/eaux-usees-convention-de-financement-d-une-valeur-de-276-md-entre-la-tunisie-et-la-bad\\\/211950\\\/\",\"url\":\"https:\\\/\\\/www.webdo.tn\\\/fr\\\/actualite\\\/national\\\/eaux-usees-convention-de-financement-d-une-valeur-de-276-md-entre-la-tunisie-et-la-bad\\\/211950\\\/\",\"name\":\"Eaux us\u00e9es : Convention de financement d\u2019une valeur de 276 MD entre la Tunisie et la BAD\",\"isPartOf\":{\"@id\":\"https:\\\/\\\/www.webdo.tn\\\/fr\\\/#website\"},\"primaryImageOfPage\":{\"@id\":\"https:\\\/\\\/www.webdo.tn\\\/fr\\\/actualite\\\/national\\\/eaux-usees-convention-de-financement-d-une-valeur-de-276-md-entre-la-tunisie-et-la-bad\\\/211950\\\/#primaryimage\"},\"image\":{\"@id\":\"https:\\\/\\\/www.webdo.tn\\\/fr\\\/actualite\\\/national\\\/eaux-usees-convention-de-financement-d-une-valeur-de-276-md-entre-la-tunisie-et-la-bad\\\/211950\\\/#primaryimage\"},\"thumbnailUrl\":\"https:\\\/\\\/www.webdo.tn\\\/fr\\\/wp-content\\\/uploads\\\/2024\\\/01\\\/4552d45ef59d245fc622e2000b67aa28.jpg\",\"datePublished\":\"2024-01-31T16:02:00+00:00\",\"dateModified\":\"2025-05-20T21:53:26+00:00\",\"description\":\"Ce financement doit soutenir un projet d\u2019am\u00e9lioration de la qualit\u00e9 des eaux us\u00e9es \u00e9pur\u00e9es pour une meilleure r\u00e9silience aux changements climatiques (PAQEE-RCC)...\",\"breadcrumb\":{\"@id\":\"https:\\\/\\\/www.webdo.tn\\\/fr\\\/actualite\\\/national\\\/eaux-usees-convention-de-financement-d-une-valeur-de-276-md-entre-la-tunisie-et-la-bad\\\/211950\\\/#breadcrumb\"},\"inLanguage\":\"fr-FR\",\"potentialAction\":[{\"@type\":\"ReadAction\",\"target\":[\"https:\\\/\\\/www.webdo.tn\\\/fr\\\/actualite\\\/national\\\/eaux-usees-convention-de-financement-d-une-valeur-de-276-md-entre-la-tunisie-et-la-bad\\\/211950\\\/\"]}]},{\"@type\":\"ImageObject\",\"inLanguage\":\"fr-FR\",\"@id\":\"https:\\\/\\\/www.webdo.tn\\\/fr\\\/actualite\\\/national\\\/eaux-usees-convention-de-financement-d-une-valeur-de-276-md-entre-la-tunisie-et-la-bad\\\/211950\\\/#primaryimage\",\"url\":\"https:\\\/\\\/www.webdo.tn\\\/fr\\\/wp-content\\\/uploads\\\/2024\\\/01\\\/4552d45ef59d245fc622e2000b67aa28.jpg\",\"contentUrl\":\"https:\\\/\\\/www.webdo.tn\\\/fr\\\/wp-content\\\/uploads\\\/2024\\\/01\\\/4552d45ef59d245fc622e2000b67aa28.jpg\",\"width\":750,\"height\":400,\"caption\":\"Eaux us\u00e9es : Convention de financement d\u2019une valeur de 276 MD entre la Tunisie et la BAD\"},{\"@type\":\"BreadcrumbList\",\"@id\":\"https:\\\/\\\/www.webdo.tn\\\/fr\\\/actualite\\\/national\\\/eaux-usees-convention-de-financement-d-une-valeur-de-276-md-entre-la-tunisie-et-la-bad\\\/211950\\\/#breadcrumb\",\"itemListElement\":[{\"@type\":\"ListItem\",\"position\":1,\"name\":\"Accueil\",\"item\":\"https:\\\/\\\/www.webdo.tn\\\/fr\\\/\"},{\"@type\":\"ListItem\",\"position\":2,\"name\":\"Eaux us\u00e9es : Convention de financement d\u2019une valeur de 276 MD entre la Tunisie et la BAD\"}]},{\"@type\":\"WebSite\",\"@id\":\"https:\\\/\\\/www.webdo.tn\\\/fr\\\/#website\",\"url\":\"https:\\\/\\\/www.webdo.tn\\\/fr\\\/\",\"name\":\"webdo\",\"description\":\"Tunisie - News en Tunisie et \u00e0 l&#039;international sur Webdo.tn\",\"publisher\":{\"@id\":\"https:\\\/\\\/www.webdo.tn\\\/fr\\\/#organization\"},\"potentialAction\":[{\"@type\":\"SearchAction\",\"target\":{\"@type\":\"EntryPoint\",\"urlTemplate\":\"https:\\\/\\\/www.webdo.tn\\\/fr\\\/?s={search_term_string}\"},\"query-input\":{\"@type\":\"PropertyValueSpecification\",\"valueRequired\":true,\"valueName\":\"search_term_string\"}}],\"inLanguage\":\"fr-FR\"},{\"@type\":\"Organization\",\"@id\":\"https:\\\/\\\/www.webdo.tn\\\/fr\\\/#organization\",\"name\":\"Webdo\",\"alternateName\":\"Webdo.tn\",\"url\":\"https:\\\/\\\/www.webdo.tn\\\/fr\\\/\",\"logo\":{\"@type\":\"ImageObject\",\"inLanguage\":\"fr-FR\",\"@id\":\"https:\\\/\\\/www.webdo.tn\\\/fr\\\/#\\\/schema\\\/logo\\\/image\\\/\",\"url\":\"https:\\\/\\\/www.webdo.tn\\\/fr\\\/wp-content\\\/uploads\\\/2025\\\/06\\\/Webdo-Tunisie_168377.jpg\",\"contentUrl\":\"https:\\\/\\\/www.webdo.tn\\\/fr\\\/wp-content\\\/uploads\\\/2025\\\/06\\\/Webdo-Tunisie_168377.jpg\",\"width\":301,\"height\":301,\"caption\":\"Webdo\"},\"image\":{\"@id\":\"https:\\\/\\\/www.webdo.tn\\\/fr\\\/#\\\/schema\\\/logo\\\/image\\\/\"},\"sameAs\":[\"https:\\\/\\\/www.facebook.com\\\/webdotn\",\"https:\\\/\\\/x.com\\\/webdo_tn\"],\"description\":\"Webdo est un m\u00e9dia num\u00e9rique tunisien fond\u00e9 en 2010, sp\u00e9cialis\u00e9 dans l\u2019actualit\u00e9 nationale et internationale, l\u2019\u00e9conomie, la soci\u00e9t\u00e9 et les analyses politiques. Le site s\u2019adresse \u00e0 un large public francophone et couvre l\u2019information tunisienne en temps r\u00e9el.\",\"email\":\"redac@webdo.tn\",\"legalName\":\"YNJ SARL\",\"foundingDate\":\"2010-09-06\",\"numberOfEmployees\":{\"@type\":\"QuantitativeValue\",\"minValue\":\"11\",\"maxValue\":\"50\"}},{\"@type\":\"Person\",\"@id\":\"https:\\\/\\\/www.webdo.tn\\\/fr\\\/#\\\/schema\\\/person\\\/2c4929cbf5a809e3bd38617c6ce150f6\",\"name\":\"MC\",\"image\":{\"@type\":\"ImageObject\",\"inLanguage\":\"fr-FR\",\"@id\":\"https:\\\/\\\/secure.gravatar.com\\\/avatar\\\/a545bbb6f84efdd5553dbbc2895e3ca8f1d12c5215e00a041c9670b54aa9b18a?s=96&d=mm&r=g\",\"url\":\"https:\\\/\\\/secure.gravatar.com\\\/avatar\\\/a545bbb6f84efdd5553dbbc2895e3ca8f1d12c5215e00a041c9670b54aa9b18a?s=96&d=mm&r=g\",\"contentUrl\":\"https:\\\/\\\/secure.gravatar.com\\\/avatar\\\/a545bbb6f84efdd5553dbbc2895e3ca8f1d12c5215e00a041c9670b54aa9b18a?s=96&d=mm&r=g\",\"caption\":\"MC\"},\"url\":\"https:\\\/\\\/www.webdo.tn\\\/fr\\\/actualite\\\/author\\\/mc\\\/\"}]}<\/script>\n<!-- \/ Yoast SEO Premium plugin. -->","yoast_head_json":{"title":"Eaux us\u00e9es : Convention de financement d\u2019une valeur de 276 MD entre la Tunisie et la BAD","description":"Ce financement doit soutenir un projet d\u2019am\u00e9lioration de la qualit\u00e9 des eaux us\u00e9es \u00e9pur\u00e9es pour une meilleure r\u00e9silience aux changements climatiques (PAQEE-RCC)...","canonical":"https:\/\/www.webdo.tn\/fr\/actualite\/national\/eaux-usees-convention-de-financement-d-une-valeur-de-276-md-entre-la-tunisie-et-la-bad\/211950\/","og_locale":"fr_FR","og_type":"article","og_title":"Eaux us\u00e9es : Convention de financement d\u2019une valeur de 276 MD entre la Tunisie et la BAD","og_description":"Ce financement doit soutenir un projet d\u2019am\u00e9lioration de la qualit\u00e9 des eaux us\u00e9es \u00e9pur\u00e9es pour une meilleure r\u00e9silience aux changements climatiques (PAQEE-RCC)...","og_url":"https:\/\/www.webdo.tn\/fr\/actualite\/national\/eaux-usees-convention-de-financement-d-une-valeur-de-276-md-entre-la-tunisie-et-la-bad\/211950\/","og_site_name":"webdo","article_publisher":"https:\/\/www.facebook.com\/webdotn","article_published_time":"2024-01-31T16:02:00+00:00","article_modified_time":"2025-05-20T21:53:26+00:00","og_image":[{"width":750,"height":400,"url":"https:\/\/www.webdo.tn\/fr\/wp-content\/uploads\/2024\/01\/4552d45ef59d245fc622e2000b67aa28.jpg","type":"image\/jpeg"}],"author":"MC","twitter_card":"summary_large_image","twitter_creator":"@webdo_tn","twitter_site":"@webdo_tn","twitter_misc":{"\u00c9crit par":"MC","Dur\u00e9e de lecture estim\u00e9e":"2 minutes"},"schema":{"@context":"https:\/\/schema.org","@graph":[{"@type":"NewsArticle","@id":"https:\/\/www.webdo.tn\/fr\/actualite\/national\/eaux-usees-convention-de-financement-d-une-valeur-de-276-md-entre-la-tunisie-et-la-bad\/211950\/#article","isPartOf":{"@id":"https:\/\/www.webdo.tn\/fr\/actualite\/national\/eaux-usees-convention-de-financement-d-une-valeur-de-276-md-entre-la-tunisie-et-la-bad\/211950\/"},"author":{"name":"MC","@id":"https:\/\/www.webdo.tn\/fr\/#\/schema\/person\/2c4929cbf5a809e3bd38617c6ce150f6"},"headline":"Eaux us\u00e9es : Convention de financement d\u2019une valeur de 276 MD entre la Tunisie et la BAD","datePublished":"2024-01-31T16:02:00+00:00","dateModified":"2025-05-20T21:53:26+00:00","mainEntityOfPage":{"@id":"https:\/\/www.webdo.tn\/fr\/actualite\/national\/eaux-usees-convention-de-financement-d-une-valeur-de-276-md-entre-la-tunisie-et-la-bad\/211950\/"},"wordCount":333,"commentCount":0,"publisher":{"@id":"https:\/\/www.webdo.tn\/fr\/#organization"},"image":{"@id":"https:\/\/www.webdo.tn\/fr\/actualite\/national\/eaux-usees-convention-de-financement-d-une-valeur-de-276-md-entre-la-tunisie-et-la-bad\/211950\/#primaryimage"},"thumbnailUrl":"https:\/\/www.webdo.tn\/fr\/wp-content\/uploads\/2024\/01\/4552d45ef59d245fc622e2000b67aa28.jpg","keywords":["BAD","Eaux us\u00e9es","\u00e9puration","financement","Prets","Tunisie"],"articleSection":["National"],"inLanguage":"fr-FR"},{"@type":"WebPage","@id":"https:\/\/www.webdo.tn\/fr\/actualite\/national\/eaux-usees-convention-de-financement-d-une-valeur-de-276-md-entre-la-tunisie-et-la-bad\/211950\/","url":"https:\/\/www.webdo.tn\/fr\/actualite\/national\/eaux-usees-convention-de-financement-d-une-valeur-de-276-md-entre-la-tunisie-et-la-bad\/211950\/","name":"Eaux us\u00e9es : Convention de financement d\u2019une valeur de 276 MD entre la Tunisie et la BAD","isPartOf":{"@id":"https:\/\/www.webdo.tn\/fr\/#website"},"primaryImageOfPage":{"@id":"https:\/\/www.webdo.tn\/fr\/actualite\/national\/eaux-usees-convention-de-financement-d-une-valeur-de-276-md-entre-la-tunisie-et-la-bad\/211950\/#primaryimage"},"image":{"@id":"https:\/\/www.webdo.tn\/fr\/actualite\/national\/eaux-usees-convention-de-financement-d-une-valeur-de-276-md-entre-la-tunisie-et-la-bad\/211950\/#primaryimage"},"thumbnailUrl":"https:\/\/www.webdo.tn\/fr\/wp-content\/uploads\/2024\/01\/4552d45ef59d245fc622e2000b67aa28.jpg","datePublished":"2024-01-31T16:02:00+00:00","dateModified":"2025-05-20T21:53:26+00:00","description":"Ce financement doit soutenir un projet d\u2019am\u00e9lioration de la qualit\u00e9 des eaux us\u00e9es \u00e9pur\u00e9es pour une meilleure r\u00e9silience aux changements climatiques (PAQEE-RCC)...","breadcrumb":{"@id":"https:\/\/www.webdo.tn\/fr\/actualite\/national\/eaux-usees-convention-de-financement-d-une-valeur-de-276-md-entre-la-tunisie-et-la-bad\/211950\/#breadcrumb"},"inLanguage":"fr-FR","potentialAction":[{"@type":"ReadAction","target":["https:\/\/www.webdo.tn\/fr\/actualite\/national\/eaux-usees-convention-de-financement-d-une-valeur-de-276-md-entre-la-tunisie-et-la-bad\/211950\/"]}]},{"@type":"ImageObject","inLanguage":"fr-FR","@id":"https:\/\/www.webdo.tn\/fr\/actualite\/national\/eaux-usees-convention-de-financement-d-une-valeur-de-276-md-entre-la-tunisie-et-la-bad\/211950\/#primaryimage","url":"https:\/\/www.webdo.tn\/fr\/wp-content\/uploads\/2024\/01\/4552d45ef59d245fc622e2000b67aa28.jpg","contentUrl":"https:\/\/www.webdo.tn\/fr\/wp-content\/uploads\/2024\/01\/4552d45ef59d245fc622e2000b67aa28.jpg","width":750,"height":400,"caption":"Eaux us\u00e9es : Convention de financement d\u2019une valeur de 276 MD entre la Tunisie et la BAD"},{"@type":"BreadcrumbList","@id":"https:\/\/www.webdo.tn\/fr\/actualite\/national\/eaux-usees-convention-de-financement-d-une-valeur-de-276-md-entre-la-tunisie-et-la-bad\/211950\/#breadcrumb","itemListElement":[{"@type":"ListItem","position":1,"name":"Accueil","item":"https:\/\/www.webdo.tn\/fr\/"},{"@type":"ListItem","position":2,"name":"Eaux us\u00e9es : Convention de financement d\u2019une valeur de 276 MD entre la Tunisie et la BAD"}]},{"@type":"WebSite","@id":"https:\/\/www.webdo.tn\/fr\/#website","url":"https:\/\/www.webdo.tn\/fr\/","name":"webdo","description":"Tunisie - News en Tunisie et \u00e0 l&#039;international sur Webdo.tn","publisher":{"@id":"https:\/\/www.webdo.tn\/fr\/#organization"},"potentialAction":[{"@type":"SearchAction","target":{"@type":"EntryPoint","urlTemplate":"https:\/\/www.webdo.tn\/fr\/?s={search_term_string}"},"query-input":{"@type":"PropertyValueSpecification","valueRequired":true,"valueName":"search_term_string"}}],"inLanguage":"fr-FR"},{"@type":"Organization","@id":"https:\/\/www.webdo.tn\/fr\/#organization","name":"Webdo","alternateName":"Webdo.tn","url":"https:\/\/www.webdo.tn\/fr\/","logo":{"@type":"ImageObject","inLanguage":"fr-FR","@id":"https:\/\/www.webdo.tn\/fr\/#\/schema\/logo\/image\/","url":"https:\/\/www.webdo.tn\/fr\/wp-content\/uploads\/2025\/06\/Webdo-Tunisie_168377.jpg","contentUrl":"https:\/\/www.webdo.tn\/fr\/wp-content\/uploads\/2025\/06\/Webdo-Tunisie_168377.jpg","width":301,"height":301,"caption":"Webdo"},"image":{"@id":"https:\/\/www.webdo.tn\/fr\/#\/schema\/logo\/image\/"},"sameAs":["https:\/\/www.facebook.com\/webdotn","https:\/\/x.com\/webdo_tn"],"description":"Webdo est un m\u00e9dia num\u00e9rique tunisien fond\u00e9 en 2010, sp\u00e9cialis\u00e9 dans l\u2019actualit\u00e9 nationale et internationale, l\u2019\u00e9conomie, la soci\u00e9t\u00e9 et les analyses politiques. Le site s\u2019adresse \u00e0 un large public francophone et couvre l\u2019information tunisienne en temps r\u00e9el.","email":"redac@webdo.tn","legalName":"YNJ SARL","foundingDate":"2010-09-06","numberOfEmployees":{"@type":"QuantitativeValue","minValue":"11","maxValue":"50"}},{"@type":"Person","@id":"https:\/\/www.webdo.tn\/fr\/#\/schema\/person\/2c4929cbf5a809e3bd38617c6ce150f6","name":"MC","image":{"@type":"ImageObject","inLanguage":"fr-FR","@id":"https:\/\/secure.gravatar.com\/avatar\/a545bbb6f84efdd5553dbbc2895e3ca8f1d12c5215e00a041c9670b54aa9b18a?s=96&d=mm&r=g","url":"https:\/\/secure.gravatar.com\/avatar\/a545bbb6f84efdd5553dbbc2895e3ca8f1d12c5215e00a041c9670b54aa9b18a?s=96&d=mm&r=g","contentUrl":"https:\/\/secure.gravatar.com\/avatar\/a545bbb6f84efdd5553dbbc2895e3ca8f1d12c5215e00a041c9670b54aa9b18a?s=96&d=mm&r=g","caption":"MC"},"url":"https:\/\/www.webdo.tn\/fr\/actualite\/author\/mc\/"}]}},"_links":{"self":[{"href":"https:\/\/www.webdo.tn\/fr\/wp-json\/wp\/v2\/posts\/211950","targetHints":{"allow":["GET"]}}],"collection":[{"href":"https:\/\/www.webdo.tn\/fr\/wp-json\/wp\/v2\/posts"}],"about":[{"href":"https:\/\/www.webdo.tn\/fr\/wp-json\/wp\/v2\/types\/post"}],"author":[{"embeddable":true,"href":"https:\/\/www.webdo.tn\/fr\/wp-json\/wp\/v2\/users\/3162"}],"replies":[{"embeddable":true,"href":"https:\/\/www.webdo.tn\/fr\/wp-json\/wp\/v2\/comments?post=211950"}],"version-history":[{"count":0,"href":"https:\/\/www.webdo.tn\/fr\/wp-json\/wp\/v2\/posts\/211950\/revisions"}],"wp:featuredmedia":[{"embeddable":true,"href":"https:\/\/www.webdo.tn\/fr\/wp-json\/wp\/v2\/media\/248106"}],"wp:attachment":[{"href":"https:\/\/www.webdo.tn\/fr\/wp-json\/wp\/v2\/media?parent=211950"}],"wp:term":[{"taxonomy":"category","embeddable":true,"href":"https:\/\/www.webdo.tn\/fr\/wp-json\/wp\/v2\/categories?post=211950"},{"taxonomy":"post_tag","embeddable":true,"href":"https:\/\/www.webdo.tn\/fr\/wp-json\/wp\/v2\/tags?post=211950"}],"curies":[{"name":"wp","href":"https:\/\/api.w.org\/{rel}","templated":true}]}}