{"id":211948,"date":"2024-01-31T14:53:00","date_gmt":"2024-01-31T14:53:00","guid":{"rendered":"https:\/\/www.webdo.tn\/fr\/blog\/tunisie-mesures-cles-en-faveur-des-professions-pharmaceutiques\/211948\/"},"modified":"2025-05-20T21:53:25","modified_gmt":"2025-05-20T21:53:25","slug":"tunisie-mesures-cles-en-faveur-des-professions-pharmaceutiques","status":"publish","type":"post","link":"https:\/\/www.webdo.tn\/fr\/actualite\/national\/tunisie-mesures-cles-en-faveur-des-professions-pharmaceutiques\/211948\/","title":{"rendered":"Tunisie : Mesures cl\u00e9s en faveur des professions pharmaceutiques"},"content":{"rendered":"<p>Le ministre de la Sant\u00e9, Ali Mrabet, s\u2019est r\u00e9uni, mardi 30 janvier 2024 avec les membres du nouveau bureau du Conseil national de l\u2019Ordre des Pharmaciens de Tunisie, au si\u00e8ge de son minist\u00e8re.<\/p>\n<p>\t\t\t\t\t\t\t\t\tAu cours de cette r\u00e9union, le ministre de la Sant\u00e9 a soulign\u00e9 la n\u00e9cessit\u00e9 de renforcer le m\u00e9tier de pharmacien.<\/p>\n<p>Cela passe par la mise en place de plusieurs mesures, dont la r\u00e9forme de la loi organisant les professions pharmaceutiques.<\/p>\n<p>Cela passe \u00e9galement par la finalisation de la cr\u00e9ation de l\u2019Agence nationale du m\u00e9dicament et des produits de sant\u00e9.<\/p>\n<p>Et enfin par l\u2019ouverture de nouvelles opportunit\u00e9s au profit des jeunes pharmaciens, selon un communiqu\u00e9 publi\u00e9 par le d\u00e9partement de la Sant\u00e9.<\/p>\n","protected":false},"excerpt":{"rendered":"<p>Au cours de cette r\u00e9union, le ministre de la Sant\u00e9 a soulign\u00e9 la n\u00e9cessit\u00e9 de renforcer le m\u00e9tier de pharmacien.<\/p>\n","protected":false},"author":3162,"featured_media":248104,"comment_status":"open","ping_status":"closed","sticky":false,"template":"","format":"standard","meta":{"footnotes":""},"categories":[44],"tags":[3110,3192,2731],"class_list":["post-211948","post","type-post","status-publish","format-standard","has-post-thumbnail","hentry","category-national","tag-mesures","tag-pharmaciens","tag-sante"],"yoast_head":"<!-- This site is optimized with the Yoast SEO Premium plugin v27.5 (Yoast SEO v27.5) - https:\/\/yoast.com\/product\/yoast-seo-premium-wordpress\/ -->\n<title>Tunisie : Mesures cl\u00e9s en faveur des professions pharmaceutiques<\/title>\n<meta name=\"description\" content=\"Au cours de cette r\u00e9union, le ministre de la Sant\u00e9 a soulign\u00e9 la n\u00e9cessit\u00e9 de renforcer le m\u00e9tier de pharmacien.\" \/>\n<link rel=\"canonical\" href=\"https:\/\/www.webdo.tn\/fr\/actualite\/national\/tunisie-mesures-cles-en-faveur-des-professions-pharmaceutiques\/211948\/\" \/>\n<meta property=\"og:locale\" content=\"fr_FR\" \/>\n<meta property=\"og:type\" content=\"article\" \/>\n<meta property=\"og:title\" content=\"Tunisie : Mesures cl\u00e9s en faveur des professions pharmaceutiques\" \/>\n<meta property=\"og:description\" content=\"Au cours de cette r\u00e9union, le ministre de la Sant\u00e9 a soulign\u00e9 la n\u00e9cessit\u00e9 de renforcer le m\u00e9tier de pharmacien.\" \/>\n<meta property=\"og:url\" content=\"https:\/\/www.webdo.tn\/fr\/actualite\/national\/tunisie-mesures-cles-en-faveur-des-professions-pharmaceutiques\/211948\/\" \/>\n<meta property=\"og:site_name\" content=\"webdo\" \/>\n<meta property=\"article:publisher\" content=\"https:\/\/www.facebook.com\/webdotn\" \/>\n<meta property=\"article:published_time\" content=\"2024-01-31T14:53:00+00:00\" \/>\n<meta property=\"article:modified_time\" content=\"2025-05-20T21:53:25+00:00\" \/>\n<meta property=\"og:image\" content=\"https:\/\/www.webdo.tn\/fr\/wp-content\/uploads\/2024\/01\/6d40afeab5095aba2dd49b6054ffe489.jpg\" \/>\n\t<meta property=\"og:image:width\" content=\"750\" \/>\n\t<meta property=\"og:image:height\" content=\"400\" \/>\n\t<meta property=\"og:image:type\" content=\"image\/jpeg\" \/>\n<meta name=\"author\" content=\"MC\" \/>\n<meta name=\"twitter:card\" content=\"summary_large_image\" \/>\n<meta name=\"twitter:creator\" content=\"@webdo_tn\" \/>\n<meta name=\"twitter:site\" content=\"@webdo_tn\" \/>\n<meta name=\"twitter:label1\" content=\"\u00c9crit par\" \/>\n\t<meta name=\"twitter:data1\" content=\"MC\" \/>\n\t<meta name=\"twitter:label2\" content=\"Dur\u00e9e de lecture estim\u00e9e\" \/>\n\t<meta name=\"twitter:data2\" content=\"1 minute\" \/>\n<script type=\"application\/ld+json\" class=\"yoast-schema-graph\">{\"@context\":\"https:\\\/\\\/schema.org\",\"@graph\":[{\"@type\":\"NewsArticle\",\"@id\":\"https:\\\/\\\/www.webdo.tn\\\/fr\\\/actualite\\\/national\\\/tunisie-mesures-cles-en-faveur-des-professions-pharmaceutiques\\\/211948\\\/#article\",\"isPartOf\":{\"@id\":\"https:\\\/\\\/www.webdo.tn\\\/fr\\\/actualite\\\/national\\\/tunisie-mesures-cles-en-faveur-des-professions-pharmaceutiques\\\/211948\\\/\"},\"author\":{\"name\":\"MC\",\"@id\":\"https:\\\/\\\/www.webdo.tn\\\/fr\\\/#\\\/schema\\\/person\\\/2c4929cbf5a809e3bd38617c6ce150f6\"},\"headline\":\"Tunisie : Mesures cl\u00e9s en faveur des professions pharmaceutiques\",\"datePublished\":\"2024-01-31T14:53:00+00:00\",\"dateModified\":\"2025-05-20T21:53:25+00:00\",\"mainEntityOfPage\":{\"@id\":\"https:\\\/\\\/www.webdo.tn\\\/fr\\\/actualite\\\/national\\\/tunisie-mesures-cles-en-faveur-des-professions-pharmaceutiques\\\/211948\\\/\"},\"wordCount\":136,\"commentCount\":0,\"publisher\":{\"@id\":\"https:\\\/\\\/www.webdo.tn\\\/fr\\\/#organization\"},\"image\":{\"@id\":\"https:\\\/\\\/www.webdo.tn\\\/fr\\\/actualite\\\/national\\\/tunisie-mesures-cles-en-faveur-des-professions-pharmaceutiques\\\/211948\\\/#primaryimage\"},\"thumbnailUrl\":\"https:\\\/\\\/www.webdo.tn\\\/fr\\\/wp-content\\\/uploads\\\/2024\\\/01\\\/6d40afeab5095aba2dd49b6054ffe489.jpg\",\"keywords\":[\"Mesures\",\"pharmaciens\",\"Sant\u00e9\"],\"articleSection\":[\"National\"],\"inLanguage\":\"fr-FR\"},{\"@type\":\"WebPage\",\"@id\":\"https:\\\/\\\/www.webdo.tn\\\/fr\\\/actualite\\\/national\\\/tunisie-mesures-cles-en-faveur-des-professions-pharmaceutiques\\\/211948\\\/\",\"url\":\"https:\\\/\\\/www.webdo.tn\\\/fr\\\/actualite\\\/national\\\/tunisie-mesures-cles-en-faveur-des-professions-pharmaceutiques\\\/211948\\\/\",\"name\":\"Tunisie : Mesures cl\u00e9s en faveur des professions pharmaceutiques\",\"isPartOf\":{\"@id\":\"https:\\\/\\\/www.webdo.tn\\\/fr\\\/#website\"},\"primaryImageOfPage\":{\"@id\":\"https:\\\/\\\/www.webdo.tn\\\/fr\\\/actualite\\\/national\\\/tunisie-mesures-cles-en-faveur-des-professions-pharmaceutiques\\\/211948\\\/#primaryimage\"},\"image\":{\"@id\":\"https:\\\/\\\/www.webdo.tn\\\/fr\\\/actualite\\\/national\\\/tunisie-mesures-cles-en-faveur-des-professions-pharmaceutiques\\\/211948\\\/#primaryimage\"},\"thumbnailUrl\":\"https:\\\/\\\/www.webdo.tn\\\/fr\\\/wp-content\\\/uploads\\\/2024\\\/01\\\/6d40afeab5095aba2dd49b6054ffe489.jpg\",\"datePublished\":\"2024-01-31T14:53:00+00:00\",\"dateModified\":\"2025-05-20T21:53:25+00:00\",\"description\":\"Au cours de cette r\u00e9union, le ministre de la Sant\u00e9 a soulign\u00e9 la n\u00e9cessit\u00e9 de renforcer le m\u00e9tier de pharmacien.\",\"breadcrumb\":{\"@id\":\"https:\\\/\\\/www.webdo.tn\\\/fr\\\/actualite\\\/national\\\/tunisie-mesures-cles-en-faveur-des-professions-pharmaceutiques\\\/211948\\\/#breadcrumb\"},\"inLanguage\":\"fr-FR\",\"potentialAction\":[{\"@type\":\"ReadAction\",\"target\":[\"https:\\\/\\\/www.webdo.tn\\\/fr\\\/actualite\\\/national\\\/tunisie-mesures-cles-en-faveur-des-professions-pharmaceutiques\\\/211948\\\/\"]}]},{\"@type\":\"ImageObject\",\"inLanguage\":\"fr-FR\",\"@id\":\"https:\\\/\\\/www.webdo.tn\\\/fr\\\/actualite\\\/national\\\/tunisie-mesures-cles-en-faveur-des-professions-pharmaceutiques\\\/211948\\\/#primaryimage\",\"url\":\"https:\\\/\\\/www.webdo.tn\\\/fr\\\/wp-content\\\/uploads\\\/2024\\\/01\\\/6d40afeab5095aba2dd49b6054ffe489.jpg\",\"contentUrl\":\"https:\\\/\\\/www.webdo.tn\\\/fr\\\/wp-content\\\/uploads\\\/2024\\\/01\\\/6d40afeab5095aba2dd49b6054ffe489.jpg\",\"width\":750,\"height\":400,\"caption\":\"Tunisie : Mesures cl\u00e9s en faveur des professions pharmaceutiques\"},{\"@type\":\"BreadcrumbList\",\"@id\":\"https:\\\/\\\/www.webdo.tn\\\/fr\\\/actualite\\\/national\\\/tunisie-mesures-cles-en-faveur-des-professions-pharmaceutiques\\\/211948\\\/#breadcrumb\",\"itemListElement\":[{\"@type\":\"ListItem\",\"position\":1,\"name\":\"Accueil\",\"item\":\"https:\\\/\\\/www.webdo.tn\\\/fr\\\/\"},{\"@type\":\"ListItem\",\"position\":2,\"name\":\"Tunisie : Mesures cl\u00e9s en faveur des professions pharmaceutiques\"}]},{\"@type\":\"WebSite\",\"@id\":\"https:\\\/\\\/www.webdo.tn\\\/fr\\\/#website\",\"url\":\"https:\\\/\\\/www.webdo.tn\\\/fr\\\/\",\"name\":\"webdo\",\"description\":\"Tunisie - News en Tunisie et \u00e0 l&#039;international sur Webdo.tn\",\"publisher\":{\"@id\":\"https:\\\/\\\/www.webdo.tn\\\/fr\\\/#organization\"},\"potentialAction\":[{\"@type\":\"SearchAction\",\"target\":{\"@type\":\"EntryPoint\",\"urlTemplate\":\"https:\\\/\\\/www.webdo.tn\\\/fr\\\/?s={search_term_string}\"},\"query-input\":{\"@type\":\"PropertyValueSpecification\",\"valueRequired\":true,\"valueName\":\"search_term_string\"}}],\"inLanguage\":\"fr-FR\"},{\"@type\":\"Organization\",\"@id\":\"https:\\\/\\\/www.webdo.tn\\\/fr\\\/#organization\",\"name\":\"Webdo\",\"alternateName\":\"Webdo.tn\",\"url\":\"https:\\\/\\\/www.webdo.tn\\\/fr\\\/\",\"logo\":{\"@type\":\"ImageObject\",\"inLanguage\":\"fr-FR\",\"@id\":\"https:\\\/\\\/www.webdo.tn\\\/fr\\\/#\\\/schema\\\/logo\\\/image\\\/\",\"url\":\"https:\\\/\\\/www.webdo.tn\\\/fr\\\/wp-content\\\/uploads\\\/2025\\\/06\\\/Webdo-Tunisie_168377.jpg\",\"contentUrl\":\"https:\\\/\\\/www.webdo.tn\\\/fr\\\/wp-content\\\/uploads\\\/2025\\\/06\\\/Webdo-Tunisie_168377.jpg\",\"width\":301,\"height\":301,\"caption\":\"Webdo\"},\"image\":{\"@id\":\"https:\\\/\\\/www.webdo.tn\\\/fr\\\/#\\\/schema\\\/logo\\\/image\\\/\"},\"sameAs\":[\"https:\\\/\\\/www.facebook.com\\\/webdotn\",\"https:\\\/\\\/x.com\\\/webdo_tn\"],\"description\":\"Webdo est un m\u00e9dia num\u00e9rique tunisien fond\u00e9 en 2010, sp\u00e9cialis\u00e9 dans l\u2019actualit\u00e9 nationale et internationale, l\u2019\u00e9conomie, la soci\u00e9t\u00e9 et les analyses politiques. Le site s\u2019adresse \u00e0 un large public francophone et couvre l\u2019information tunisienne en temps r\u00e9el.\",\"email\":\"redac@webdo.tn\",\"legalName\":\"YNJ SARL\",\"foundingDate\":\"2010-09-06\",\"numberOfEmployees\":{\"@type\":\"QuantitativeValue\",\"minValue\":\"11\",\"maxValue\":\"50\"}},{\"@type\":\"Person\",\"@id\":\"https:\\\/\\\/www.webdo.tn\\\/fr\\\/#\\\/schema\\\/person\\\/2c4929cbf5a809e3bd38617c6ce150f6\",\"name\":\"MC\",\"image\":{\"@type\":\"ImageObject\",\"inLanguage\":\"fr-FR\",\"@id\":\"https:\\\/\\\/secure.gravatar.com\\\/avatar\\\/a545bbb6f84efdd5553dbbc2895e3ca8f1d12c5215e00a041c9670b54aa9b18a?s=96&d=mm&r=g\",\"url\":\"https:\\\/\\\/secure.gravatar.com\\\/avatar\\\/a545bbb6f84efdd5553dbbc2895e3ca8f1d12c5215e00a041c9670b54aa9b18a?s=96&d=mm&r=g\",\"contentUrl\":\"https:\\\/\\\/secure.gravatar.com\\\/avatar\\\/a545bbb6f84efdd5553dbbc2895e3ca8f1d12c5215e00a041c9670b54aa9b18a?s=96&d=mm&r=g\",\"caption\":\"MC\"},\"url\":\"https:\\\/\\\/www.webdo.tn\\\/fr\\\/actualite\\\/author\\\/mc\\\/\"}]}<\/script>\n<!-- \/ Yoast SEO Premium plugin. -->","yoast_head_json":{"title":"Tunisie : Mesures cl\u00e9s en faveur des professions pharmaceutiques","description":"Au cours de cette r\u00e9union, le ministre de la Sant\u00e9 a soulign\u00e9 la n\u00e9cessit\u00e9 de renforcer le m\u00e9tier de pharmacien.","canonical":"https:\/\/www.webdo.tn\/fr\/actualite\/national\/tunisie-mesures-cles-en-faveur-des-professions-pharmaceutiques\/211948\/","og_locale":"fr_FR","og_type":"article","og_title":"Tunisie : Mesures cl\u00e9s en faveur des professions pharmaceutiques","og_description":"Au cours de cette r\u00e9union, le ministre de la Sant\u00e9 a soulign\u00e9 la n\u00e9cessit\u00e9 de renforcer le m\u00e9tier de pharmacien.","og_url":"https:\/\/www.webdo.tn\/fr\/actualite\/national\/tunisie-mesures-cles-en-faveur-des-professions-pharmaceutiques\/211948\/","og_site_name":"webdo","article_publisher":"https:\/\/www.facebook.com\/webdotn","article_published_time":"2024-01-31T14:53:00+00:00","article_modified_time":"2025-05-20T21:53:25+00:00","og_image":[{"width":750,"height":400,"url":"https:\/\/www.webdo.tn\/fr\/wp-content\/uploads\/2024\/01\/6d40afeab5095aba2dd49b6054ffe489.jpg","type":"image\/jpeg"}],"author":"MC","twitter_card":"summary_large_image","twitter_creator":"@webdo_tn","twitter_site":"@webdo_tn","twitter_misc":{"\u00c9crit par":"MC","Dur\u00e9e de lecture estim\u00e9e":"1 minute"},"schema":{"@context":"https:\/\/schema.org","@graph":[{"@type":"NewsArticle","@id":"https:\/\/www.webdo.tn\/fr\/actualite\/national\/tunisie-mesures-cles-en-faveur-des-professions-pharmaceutiques\/211948\/#article","isPartOf":{"@id":"https:\/\/www.webdo.tn\/fr\/actualite\/national\/tunisie-mesures-cles-en-faveur-des-professions-pharmaceutiques\/211948\/"},"author":{"name":"MC","@id":"https:\/\/www.webdo.tn\/fr\/#\/schema\/person\/2c4929cbf5a809e3bd38617c6ce150f6"},"headline":"Tunisie : Mesures cl\u00e9s en faveur des professions pharmaceutiques","datePublished":"2024-01-31T14:53:00+00:00","dateModified":"2025-05-20T21:53:25+00:00","mainEntityOfPage":{"@id":"https:\/\/www.webdo.tn\/fr\/actualite\/national\/tunisie-mesures-cles-en-faveur-des-professions-pharmaceutiques\/211948\/"},"wordCount":136,"commentCount":0,"publisher":{"@id":"https:\/\/www.webdo.tn\/fr\/#organization"},"image":{"@id":"https:\/\/www.webdo.tn\/fr\/actualite\/national\/tunisie-mesures-cles-en-faveur-des-professions-pharmaceutiques\/211948\/#primaryimage"},"thumbnailUrl":"https:\/\/www.webdo.tn\/fr\/wp-content\/uploads\/2024\/01\/6d40afeab5095aba2dd49b6054ffe489.jpg","keywords":["Mesures","pharmaciens","Sant\u00e9"],"articleSection":["National"],"inLanguage":"fr-FR"},{"@type":"WebPage","@id":"https:\/\/www.webdo.tn\/fr\/actualite\/national\/tunisie-mesures-cles-en-faveur-des-professions-pharmaceutiques\/211948\/","url":"https:\/\/www.webdo.tn\/fr\/actualite\/national\/tunisie-mesures-cles-en-faveur-des-professions-pharmaceutiques\/211948\/","name":"Tunisie : Mesures cl\u00e9s en faveur des professions pharmaceutiques","isPartOf":{"@id":"https:\/\/www.webdo.tn\/fr\/#website"},"primaryImageOfPage":{"@id":"https:\/\/www.webdo.tn\/fr\/actualite\/national\/tunisie-mesures-cles-en-faveur-des-professions-pharmaceutiques\/211948\/#primaryimage"},"image":{"@id":"https:\/\/www.webdo.tn\/fr\/actualite\/national\/tunisie-mesures-cles-en-faveur-des-professions-pharmaceutiques\/211948\/#primaryimage"},"thumbnailUrl":"https:\/\/www.webdo.tn\/fr\/wp-content\/uploads\/2024\/01\/6d40afeab5095aba2dd49b6054ffe489.jpg","datePublished":"2024-01-31T14:53:00+00:00","dateModified":"2025-05-20T21:53:25+00:00","description":"Au cours de cette r\u00e9union, le ministre de la Sant\u00e9 a soulign\u00e9 la n\u00e9cessit\u00e9 de renforcer le m\u00e9tier de pharmacien.","breadcrumb":{"@id":"https:\/\/www.webdo.tn\/fr\/actualite\/national\/tunisie-mesures-cles-en-faveur-des-professions-pharmaceutiques\/211948\/#breadcrumb"},"inLanguage":"fr-FR","potentialAction":[{"@type":"ReadAction","target":["https:\/\/www.webdo.tn\/fr\/actualite\/national\/tunisie-mesures-cles-en-faveur-des-professions-pharmaceutiques\/211948\/"]}]},{"@type":"ImageObject","inLanguage":"fr-FR","@id":"https:\/\/www.webdo.tn\/fr\/actualite\/national\/tunisie-mesures-cles-en-faveur-des-professions-pharmaceutiques\/211948\/#primaryimage","url":"https:\/\/www.webdo.tn\/fr\/wp-content\/uploads\/2024\/01\/6d40afeab5095aba2dd49b6054ffe489.jpg","contentUrl":"https:\/\/www.webdo.tn\/fr\/wp-content\/uploads\/2024\/01\/6d40afeab5095aba2dd49b6054ffe489.jpg","width":750,"height":400,"caption":"Tunisie : Mesures cl\u00e9s en faveur des professions pharmaceutiques"},{"@type":"BreadcrumbList","@id":"https:\/\/www.webdo.tn\/fr\/actualite\/national\/tunisie-mesures-cles-en-faveur-des-professions-pharmaceutiques\/211948\/#breadcrumb","itemListElement":[{"@type":"ListItem","position":1,"name":"Accueil","item":"https:\/\/www.webdo.tn\/fr\/"},{"@type":"ListItem","position":2,"name":"Tunisie : Mesures cl\u00e9s en faveur des professions pharmaceutiques"}]},{"@type":"WebSite","@id":"https:\/\/www.webdo.tn\/fr\/#website","url":"https:\/\/www.webdo.tn\/fr\/","name":"webdo","description":"Tunisie - News en Tunisie et \u00e0 l&#039;international sur Webdo.tn","publisher":{"@id":"https:\/\/www.webdo.tn\/fr\/#organization"},"potentialAction":[{"@type":"SearchAction","target":{"@type":"EntryPoint","urlTemplate":"https:\/\/www.webdo.tn\/fr\/?s={search_term_string}"},"query-input":{"@type":"PropertyValueSpecification","valueRequired":true,"valueName":"search_term_string"}}],"inLanguage":"fr-FR"},{"@type":"Organization","@id":"https:\/\/www.webdo.tn\/fr\/#organization","name":"Webdo","alternateName":"Webdo.tn","url":"https:\/\/www.webdo.tn\/fr\/","logo":{"@type":"ImageObject","inLanguage":"fr-FR","@id":"https:\/\/www.webdo.tn\/fr\/#\/schema\/logo\/image\/","url":"https:\/\/www.webdo.tn\/fr\/wp-content\/uploads\/2025\/06\/Webdo-Tunisie_168377.jpg","contentUrl":"https:\/\/www.webdo.tn\/fr\/wp-content\/uploads\/2025\/06\/Webdo-Tunisie_168377.jpg","width":301,"height":301,"caption":"Webdo"},"image":{"@id":"https:\/\/www.webdo.tn\/fr\/#\/schema\/logo\/image\/"},"sameAs":["https:\/\/www.facebook.com\/webdotn","https:\/\/x.com\/webdo_tn"],"description":"Webdo est un m\u00e9dia num\u00e9rique tunisien fond\u00e9 en 2010, sp\u00e9cialis\u00e9 dans l\u2019actualit\u00e9 nationale et internationale, l\u2019\u00e9conomie, la soci\u00e9t\u00e9 et les analyses politiques. Le site s\u2019adresse \u00e0 un large public francophone et couvre l\u2019information tunisienne en temps r\u00e9el.","email":"redac@webdo.tn","legalName":"YNJ SARL","foundingDate":"2010-09-06","numberOfEmployees":{"@type":"QuantitativeValue","minValue":"11","maxValue":"50"}},{"@type":"Person","@id":"https:\/\/www.webdo.tn\/fr\/#\/schema\/person\/2c4929cbf5a809e3bd38617c6ce150f6","name":"MC","image":{"@type":"ImageObject","inLanguage":"fr-FR","@id":"https:\/\/secure.gravatar.com\/avatar\/a545bbb6f84efdd5553dbbc2895e3ca8f1d12c5215e00a041c9670b54aa9b18a?s=96&d=mm&r=g","url":"https:\/\/secure.gravatar.com\/avatar\/a545bbb6f84efdd5553dbbc2895e3ca8f1d12c5215e00a041c9670b54aa9b18a?s=96&d=mm&r=g","contentUrl":"https:\/\/secure.gravatar.com\/avatar\/a545bbb6f84efdd5553dbbc2895e3ca8f1d12c5215e00a041c9670b54aa9b18a?s=96&d=mm&r=g","caption":"MC"},"url":"https:\/\/www.webdo.tn\/fr\/actualite\/author\/mc\/"}]}},"_links":{"self":[{"href":"https:\/\/www.webdo.tn\/fr\/wp-json\/wp\/v2\/posts\/211948","targetHints":{"allow":["GET"]}}],"collection":[{"href":"https:\/\/www.webdo.tn\/fr\/wp-json\/wp\/v2\/posts"}],"about":[{"href":"https:\/\/www.webdo.tn\/fr\/wp-json\/wp\/v2\/types\/post"}],"author":[{"embeddable":true,"href":"https:\/\/www.webdo.tn\/fr\/wp-json\/wp\/v2\/users\/3162"}],"replies":[{"embeddable":true,"href":"https:\/\/www.webdo.tn\/fr\/wp-json\/wp\/v2\/comments?post=211948"}],"version-history":[{"count":0,"href":"https:\/\/www.webdo.tn\/fr\/wp-json\/wp\/v2\/posts\/211948\/revisions"}],"wp:featuredmedia":[{"embeddable":true,"href":"https:\/\/www.webdo.tn\/fr\/wp-json\/wp\/v2\/media\/248104"}],"wp:attachment":[{"href":"https:\/\/www.webdo.tn\/fr\/wp-json\/wp\/v2\/media?parent=211948"}],"wp:term":[{"taxonomy":"category","embeddable":true,"href":"https:\/\/www.webdo.tn\/fr\/wp-json\/wp\/v2\/categories?post=211948"},{"taxonomy":"post_tag","embeddable":true,"href":"https:\/\/www.webdo.tn\/fr\/wp-json\/wp\/v2\/tags?post=211948"}],"curies":[{"name":"wp","href":"https:\/\/api.w.org\/{rel}","templated":true}]}}