{"id":211945,"date":"2024-01-31T12:09:00","date_gmt":"2024-01-31T12:09:00","guid":{"rendered":"https:\/\/www.webdo.tn\/fr\/blog\/en-la-memoire-de-abdeljelil-mouakher-l-ethique-de-l-engagement\/211945\/"},"modified":"2025-05-20T22:32:28","modified_gmt":"2025-05-20T22:32:28","slug":"en-la-memoire-de-abdeljelil-mouakher-l-ethique-de-l-engagement","status":"publish","type":"post","link":"https:\/\/www.webdo.tn\/fr\/actualite\/le-courrier-des-lecteurs\/en-la-memoire-de-abdeljelil-mouakher-l-ethique-de-l-engagement\/211945\/","title":{"rendered":"En la m\u00e9moire de Abdeljelil Mouakher : l&rsquo;\u00e9thique de l&rsquo;engagement"},"content":{"rendered":"<p>La disparition il y a un peu plus d\u2019un an de Abdeljelil Mouakher aura marqu\u00e9 plusieurs g\u00e9n\u00e9rations  de Tunisiens en ces temps bien singuliers ou notre m\u00e9moire collective est brouill\u00e9e, tant\u00f4t chahut\u00e9e pour raisons politiciennes.<\/p>\n<p>\t\t\t\t\t\t\t\t\tL\u2019illustre disparu n\u2019avait aucune le\u00e7on \u00e0 recevoir de personne, surtout avec un parcours \u00e9tudiant exemplaire et ultra exigeant \u00e0 H.E.C Paris, concomitamment \u00e0 un cursus patriotique militant sans t\u00e2che, tant \u00e0 l\u2019UGET que comme compagnon de route du mouvement destourien, et enfin un itin\u00e9raire professionnel irr\u00e9prochable salu\u00e9 unanimement par tous, amis comme adversaires.<\/p>\n<p>Que cela soit en sa qualit\u00e9 de haut commis de l\u2019\u00e9tat, ou il avait fait montre d\u2019une probit\u00e9 morale et d\u2019une int\u00e9grit\u00e9 intellectuelle rares, ou comme patron ind\u00e9pendant d\u2019un cabinet conseil en gestion, apr\u00e8s son d\u00e9part de la fonction publique, suite \u00e0 son r\u00e9quisitoire implacable contre les incoh\u00e9rences et les d\u00e9rives bureaucratiques du syst\u00e8me coop\u00e9ratif Tunisien, Abdeljelil Mouakher n\u2019avait jamais louvoy\u00e9 chaque fois qu\u2019il s\u2019agissait d\u2019\u00e9thique, de v\u00e9rit\u00e9 ou de courage.<\/p>\n<p>Si Abdeljelil, paix \u00e0 son \u00e2me, \u00e9tait de l\u2019\u00e9toffe des personnages de romans : un cassandre qui s\u2019ignorait, vivant toujours avec le courage de faire, d\u2019entreprendre, de parier sur l\u2019incertain, et m\u00e9prisant souvent la peur paralysante de ne pas y parvenir ou de tr\u00e9bucher. En cette douloureuse comm\u00e9moration, Je prie sa veuve, Fatma Mouakher, ses enfants Yassir, Lilia, Emna, Hedi et Azza, ainsi que toutes les familles parentes et alli\u00e9es de trouver ici l\u2019expression de nos sentiments sinc\u00e8rement attrist\u00e9s et de notre profonde sympathie.<\/p>\n","protected":false},"excerpt":{"rendered":"<p>L\u2019illustre disparu n\u2019avait aucune le\u00e7on \u00e0 recevoir de personne<\/p>\n","protected":false},"author":3169,"featured_media":248103,"comment_status":"open","ping_status":"closed","sticky":false,"template":"","format":"standard","meta":{"footnotes":""},"categories":[7043],"tags":[7087,2608],"class_list":["post-211945","post","type-post","status-publish","format-standard","has-post-thumbnail","hentry","category-le-courrier-des-lecteurs","tag-abdeljelil-mouakher","tag-tunisie"],"yoast_head":"<!-- This site is optimized with the Yoast SEO Premium plugin v27.5 (Yoast SEO v27.5) - https:\/\/yoast.com\/product\/yoast-seo-premium-wordpress\/ -->\n<title>En la m\u00e9moire de Abdeljelil Mouakher : l&#039;\u00e9thique de l&#039;engagement<\/title>\n<meta name=\"description\" content=\"L\u2019illustre disparu n\u2019avait aucune le\u00e7on \u00e0 recevoir de personne\" \/>\n<link rel=\"canonical\" href=\"https:\/\/www.webdo.tn\/fr\/actualite\/le-courrier-des-lecteurs\/en-la-memoire-de-abdeljelil-mouakher-l-ethique-de-l-engagement\/211945\/\" \/>\n<meta property=\"og:locale\" content=\"fr_FR\" \/>\n<meta property=\"og:type\" content=\"article\" \/>\n<meta property=\"og:title\" content=\"En la m\u00e9moire de Abdeljelil Mouakher : l&#039;\u00e9thique de l&#039;engagement\" \/>\n<meta property=\"og:description\" content=\"L\u2019illustre disparu n\u2019avait aucune le\u00e7on \u00e0 recevoir de personne\" \/>\n<meta property=\"og:url\" content=\"https:\/\/www.webdo.tn\/fr\/actualite\/le-courrier-des-lecteurs\/en-la-memoire-de-abdeljelil-mouakher-l-ethique-de-l-engagement\/211945\/\" \/>\n<meta property=\"og:site_name\" content=\"webdo\" \/>\n<meta property=\"article:publisher\" content=\"https:\/\/www.facebook.com\/webdotn\" \/>\n<meta property=\"article:published_time\" content=\"2024-01-31T12:09:00+00:00\" \/>\n<meta property=\"article:modified_time\" content=\"2025-05-20T22:32:28+00:00\" \/>\n<meta property=\"og:image\" content=\"https:\/\/www.webdo.tn\/fr\/wp-content\/uploads\/2024\/01\/bae1f60a5d6fda2cbe7a0af9ac6ce93f.jpg\" \/>\n\t<meta property=\"og:image:width\" content=\"750\" \/>\n\t<meta property=\"og:image:height\" content=\"400\" \/>\n\t<meta property=\"og:image:type\" content=\"image\/jpeg\" \/>\n<meta name=\"author\" content=\"Webdo\" \/>\n<meta name=\"twitter:card\" content=\"summary_large_image\" \/>\n<meta name=\"twitter:creator\" content=\"@webdo_tn\" \/>\n<meta name=\"twitter:site\" content=\"@webdo_tn\" \/>\n<meta name=\"twitter:label1\" content=\"\u00c9crit par\" \/>\n\t<meta name=\"twitter:data1\" content=\"Webdo\" \/>\n\t<meta name=\"twitter:label2\" content=\"Dur\u00e9e de lecture estim\u00e9e\" \/>\n\t<meta name=\"twitter:data2\" content=\"1 minute\" \/>\n<script type=\"application\/ld+json\" class=\"yoast-schema-graph\">{\"@context\":\"https:\\\/\\\/schema.org\",\"@graph\":[{\"@type\":\"NewsArticle\",\"@id\":\"https:\\\/\\\/www.webdo.tn\\\/fr\\\/actualite\\\/le-courrier-des-lecteurs\\\/en-la-memoire-de-abdeljelil-mouakher-l-ethique-de-l-engagement\\\/211945\\\/#article\",\"isPartOf\":{\"@id\":\"https:\\\/\\\/www.webdo.tn\\\/fr\\\/actualite\\\/le-courrier-des-lecteurs\\\/en-la-memoire-de-abdeljelil-mouakher-l-ethique-de-l-engagement\\\/211945\\\/\"},\"author\":{\"name\":\"Webdo\",\"@id\":\"https:\\\/\\\/www.webdo.tn\\\/fr\\\/#\\\/schema\\\/person\\\/1f4e491e0907b413d61089e8eb573acc\"},\"headline\":\"En la m\u00e9moire de Abdeljelil Mouakher : l&rsquo;\u00e9thique de l&rsquo;engagement\",\"datePublished\":\"2024-01-31T12:09:00+00:00\",\"dateModified\":\"2025-05-20T22:32:28+00:00\",\"mainEntityOfPage\":{\"@id\":\"https:\\\/\\\/www.webdo.tn\\\/fr\\\/actualite\\\/le-courrier-des-lecteurs\\\/en-la-memoire-de-abdeljelil-mouakher-l-ethique-de-l-engagement\\\/211945\\\/\"},\"wordCount\":293,\"commentCount\":0,\"publisher\":{\"@id\":\"https:\\\/\\\/www.webdo.tn\\\/fr\\\/#organization\"},\"image\":{\"@id\":\"https:\\\/\\\/www.webdo.tn\\\/fr\\\/actualite\\\/le-courrier-des-lecteurs\\\/en-la-memoire-de-abdeljelil-mouakher-l-ethique-de-l-engagement\\\/211945\\\/#primaryimage\"},\"thumbnailUrl\":\"https:\\\/\\\/www.webdo.tn\\\/fr\\\/wp-content\\\/uploads\\\/2024\\\/01\\\/bae1f60a5d6fda2cbe7a0af9ac6ce93f.jpg\",\"keywords\":[\"Abdeljelil Mouakher\",\"Tunisie\"],\"articleSection\":[\"Le courrier des lecteurs\"],\"inLanguage\":\"fr-FR\"},{\"@type\":\"WebPage\",\"@id\":\"https:\\\/\\\/www.webdo.tn\\\/fr\\\/actualite\\\/le-courrier-des-lecteurs\\\/en-la-memoire-de-abdeljelil-mouakher-l-ethique-de-l-engagement\\\/211945\\\/\",\"url\":\"https:\\\/\\\/www.webdo.tn\\\/fr\\\/actualite\\\/le-courrier-des-lecteurs\\\/en-la-memoire-de-abdeljelil-mouakher-l-ethique-de-l-engagement\\\/211945\\\/\",\"name\":\"En la m\u00e9moire de Abdeljelil Mouakher : l'\u00e9thique de l'engagement\",\"isPartOf\":{\"@id\":\"https:\\\/\\\/www.webdo.tn\\\/fr\\\/#website\"},\"primaryImageOfPage\":{\"@id\":\"https:\\\/\\\/www.webdo.tn\\\/fr\\\/actualite\\\/le-courrier-des-lecteurs\\\/en-la-memoire-de-abdeljelil-mouakher-l-ethique-de-l-engagement\\\/211945\\\/#primaryimage\"},\"image\":{\"@id\":\"https:\\\/\\\/www.webdo.tn\\\/fr\\\/actualite\\\/le-courrier-des-lecteurs\\\/en-la-memoire-de-abdeljelil-mouakher-l-ethique-de-l-engagement\\\/211945\\\/#primaryimage\"},\"thumbnailUrl\":\"https:\\\/\\\/www.webdo.tn\\\/fr\\\/wp-content\\\/uploads\\\/2024\\\/01\\\/bae1f60a5d6fda2cbe7a0af9ac6ce93f.jpg\",\"datePublished\":\"2024-01-31T12:09:00+00:00\",\"dateModified\":\"2025-05-20T22:32:28+00:00\",\"description\":\"L\u2019illustre disparu n\u2019avait aucune le\u00e7on \u00e0 recevoir de personne\",\"breadcrumb\":{\"@id\":\"https:\\\/\\\/www.webdo.tn\\\/fr\\\/actualite\\\/le-courrier-des-lecteurs\\\/en-la-memoire-de-abdeljelil-mouakher-l-ethique-de-l-engagement\\\/211945\\\/#breadcrumb\"},\"inLanguage\":\"fr-FR\",\"potentialAction\":[{\"@type\":\"ReadAction\",\"target\":[\"https:\\\/\\\/www.webdo.tn\\\/fr\\\/actualite\\\/le-courrier-des-lecteurs\\\/en-la-memoire-de-abdeljelil-mouakher-l-ethique-de-l-engagement\\\/211945\\\/\"]}]},{\"@type\":\"ImageObject\",\"inLanguage\":\"fr-FR\",\"@id\":\"https:\\\/\\\/www.webdo.tn\\\/fr\\\/actualite\\\/le-courrier-des-lecteurs\\\/en-la-memoire-de-abdeljelil-mouakher-l-ethique-de-l-engagement\\\/211945\\\/#primaryimage\",\"url\":\"https:\\\/\\\/www.webdo.tn\\\/fr\\\/wp-content\\\/uploads\\\/2024\\\/01\\\/bae1f60a5d6fda2cbe7a0af9ac6ce93f.jpg\",\"contentUrl\":\"https:\\\/\\\/www.webdo.tn\\\/fr\\\/wp-content\\\/uploads\\\/2024\\\/01\\\/bae1f60a5d6fda2cbe7a0af9ac6ce93f.jpg\",\"width\":750,\"height\":400,\"caption\":\"En la m\u00e9moire de Abdeljelil Mouakher : l'\u00e9thique de l'engagement\"},{\"@type\":\"BreadcrumbList\",\"@id\":\"https:\\\/\\\/www.webdo.tn\\\/fr\\\/actualite\\\/le-courrier-des-lecteurs\\\/en-la-memoire-de-abdeljelil-mouakher-l-ethique-de-l-engagement\\\/211945\\\/#breadcrumb\",\"itemListElement\":[{\"@type\":\"ListItem\",\"position\":1,\"name\":\"Accueil\",\"item\":\"https:\\\/\\\/www.webdo.tn\\\/fr\\\/\"},{\"@type\":\"ListItem\",\"position\":2,\"name\":\"En la m\u00e9moire de Abdeljelil Mouakher : l&rsquo;\u00e9thique de l&rsquo;engagement\"}]},{\"@type\":\"WebSite\",\"@id\":\"https:\\\/\\\/www.webdo.tn\\\/fr\\\/#website\",\"url\":\"https:\\\/\\\/www.webdo.tn\\\/fr\\\/\",\"name\":\"webdo\",\"description\":\"Tunisie - News en Tunisie et \u00e0 l&#039;international sur Webdo.tn\",\"publisher\":{\"@id\":\"https:\\\/\\\/www.webdo.tn\\\/fr\\\/#organization\"},\"potentialAction\":[{\"@type\":\"SearchAction\",\"target\":{\"@type\":\"EntryPoint\",\"urlTemplate\":\"https:\\\/\\\/www.webdo.tn\\\/fr\\\/?s={search_term_string}\"},\"query-input\":{\"@type\":\"PropertyValueSpecification\",\"valueRequired\":true,\"valueName\":\"search_term_string\"}}],\"inLanguage\":\"fr-FR\"},{\"@type\":\"Organization\",\"@id\":\"https:\\\/\\\/www.webdo.tn\\\/fr\\\/#organization\",\"name\":\"Webdo\",\"alternateName\":\"Webdo.tn\",\"url\":\"https:\\\/\\\/www.webdo.tn\\\/fr\\\/\",\"logo\":{\"@type\":\"ImageObject\",\"inLanguage\":\"fr-FR\",\"@id\":\"https:\\\/\\\/www.webdo.tn\\\/fr\\\/#\\\/schema\\\/logo\\\/image\\\/\",\"url\":\"https:\\\/\\\/www.webdo.tn\\\/fr\\\/wp-content\\\/uploads\\\/2025\\\/06\\\/Webdo-Tunisie_168377.jpg\",\"contentUrl\":\"https:\\\/\\\/www.webdo.tn\\\/fr\\\/wp-content\\\/uploads\\\/2025\\\/06\\\/Webdo-Tunisie_168377.jpg\",\"width\":301,\"height\":301,\"caption\":\"Webdo\"},\"image\":{\"@id\":\"https:\\\/\\\/www.webdo.tn\\\/fr\\\/#\\\/schema\\\/logo\\\/image\\\/\"},\"sameAs\":[\"https:\\\/\\\/www.facebook.com\\\/webdotn\",\"https:\\\/\\\/x.com\\\/webdo_tn\"],\"description\":\"Webdo est un m\u00e9dia num\u00e9rique tunisien fond\u00e9 en 2010, sp\u00e9cialis\u00e9 dans l\u2019actualit\u00e9 nationale et internationale, l\u2019\u00e9conomie, la soci\u00e9t\u00e9 et les analyses politiques. Le site s\u2019adresse \u00e0 un large public francophone et couvre l\u2019information tunisienne en temps r\u00e9el.\",\"email\":\"redac@webdo.tn\",\"legalName\":\"YNJ SARL\",\"foundingDate\":\"2010-09-06\",\"numberOfEmployees\":{\"@type\":\"QuantitativeValue\",\"minValue\":\"11\",\"maxValue\":\"50\"}},{\"@type\":\"Person\",\"@id\":\"https:\\\/\\\/www.webdo.tn\\\/fr\\\/#\\\/schema\\\/person\\\/1f4e491e0907b413d61089e8eb573acc\",\"name\":\"Webdo\",\"image\":{\"@type\":\"ImageObject\",\"inLanguage\":\"fr-FR\",\"@id\":\"https:\\\/\\\/secure.gravatar.com\\\/avatar\\\/de97aeec1bb80978a9dbb127e47dfc88aaacb2f3c29aac907d8d3222e3495d49?s=96&d=mm&r=g\",\"url\":\"https:\\\/\\\/secure.gravatar.com\\\/avatar\\\/de97aeec1bb80978a9dbb127e47dfc88aaacb2f3c29aac907d8d3222e3495d49?s=96&d=mm&r=g\",\"contentUrl\":\"https:\\\/\\\/secure.gravatar.com\\\/avatar\\\/de97aeec1bb80978a9dbb127e47dfc88aaacb2f3c29aac907d8d3222e3495d49?s=96&d=mm&r=g\",\"caption\":\"Webdo\"},\"url\":\"https:\\\/\\\/www.webdo.tn\\\/fr\\\/actualite\\\/author\\\/webdo\\\/\"}]}<\/script>\n<!-- \/ Yoast SEO Premium plugin. -->","yoast_head_json":{"title":"En la m\u00e9moire de Abdeljelil Mouakher : l'\u00e9thique de l'engagement","description":"L\u2019illustre disparu n\u2019avait aucune le\u00e7on \u00e0 recevoir de personne","canonical":"https:\/\/www.webdo.tn\/fr\/actualite\/le-courrier-des-lecteurs\/en-la-memoire-de-abdeljelil-mouakher-l-ethique-de-l-engagement\/211945\/","og_locale":"fr_FR","og_type":"article","og_title":"En la m\u00e9moire de Abdeljelil Mouakher : l'\u00e9thique de l'engagement","og_description":"L\u2019illustre disparu n\u2019avait aucune le\u00e7on \u00e0 recevoir de personne","og_url":"https:\/\/www.webdo.tn\/fr\/actualite\/le-courrier-des-lecteurs\/en-la-memoire-de-abdeljelil-mouakher-l-ethique-de-l-engagement\/211945\/","og_site_name":"webdo","article_publisher":"https:\/\/www.facebook.com\/webdotn","article_published_time":"2024-01-31T12:09:00+00:00","article_modified_time":"2025-05-20T22:32:28+00:00","og_image":[{"width":750,"height":400,"url":"https:\/\/www.webdo.tn\/fr\/wp-content\/uploads\/2024\/01\/bae1f60a5d6fda2cbe7a0af9ac6ce93f.jpg","type":"image\/jpeg"}],"author":"Webdo","twitter_card":"summary_large_image","twitter_creator":"@webdo_tn","twitter_site":"@webdo_tn","twitter_misc":{"\u00c9crit par":"Webdo","Dur\u00e9e de lecture estim\u00e9e":"1 minute"},"schema":{"@context":"https:\/\/schema.org","@graph":[{"@type":"NewsArticle","@id":"https:\/\/www.webdo.tn\/fr\/actualite\/le-courrier-des-lecteurs\/en-la-memoire-de-abdeljelil-mouakher-l-ethique-de-l-engagement\/211945\/#article","isPartOf":{"@id":"https:\/\/www.webdo.tn\/fr\/actualite\/le-courrier-des-lecteurs\/en-la-memoire-de-abdeljelil-mouakher-l-ethique-de-l-engagement\/211945\/"},"author":{"name":"Webdo","@id":"https:\/\/www.webdo.tn\/fr\/#\/schema\/person\/1f4e491e0907b413d61089e8eb573acc"},"headline":"En la m\u00e9moire de Abdeljelil Mouakher : l&rsquo;\u00e9thique de l&rsquo;engagement","datePublished":"2024-01-31T12:09:00+00:00","dateModified":"2025-05-20T22:32:28+00:00","mainEntityOfPage":{"@id":"https:\/\/www.webdo.tn\/fr\/actualite\/le-courrier-des-lecteurs\/en-la-memoire-de-abdeljelil-mouakher-l-ethique-de-l-engagement\/211945\/"},"wordCount":293,"commentCount":0,"publisher":{"@id":"https:\/\/www.webdo.tn\/fr\/#organization"},"image":{"@id":"https:\/\/www.webdo.tn\/fr\/actualite\/le-courrier-des-lecteurs\/en-la-memoire-de-abdeljelil-mouakher-l-ethique-de-l-engagement\/211945\/#primaryimage"},"thumbnailUrl":"https:\/\/www.webdo.tn\/fr\/wp-content\/uploads\/2024\/01\/bae1f60a5d6fda2cbe7a0af9ac6ce93f.jpg","keywords":["Abdeljelil Mouakher","Tunisie"],"articleSection":["Le courrier des lecteurs"],"inLanguage":"fr-FR"},{"@type":"WebPage","@id":"https:\/\/www.webdo.tn\/fr\/actualite\/le-courrier-des-lecteurs\/en-la-memoire-de-abdeljelil-mouakher-l-ethique-de-l-engagement\/211945\/","url":"https:\/\/www.webdo.tn\/fr\/actualite\/le-courrier-des-lecteurs\/en-la-memoire-de-abdeljelil-mouakher-l-ethique-de-l-engagement\/211945\/","name":"En la m\u00e9moire de Abdeljelil Mouakher : l'\u00e9thique de l'engagement","isPartOf":{"@id":"https:\/\/www.webdo.tn\/fr\/#website"},"primaryImageOfPage":{"@id":"https:\/\/www.webdo.tn\/fr\/actualite\/le-courrier-des-lecteurs\/en-la-memoire-de-abdeljelil-mouakher-l-ethique-de-l-engagement\/211945\/#primaryimage"},"image":{"@id":"https:\/\/www.webdo.tn\/fr\/actualite\/le-courrier-des-lecteurs\/en-la-memoire-de-abdeljelil-mouakher-l-ethique-de-l-engagement\/211945\/#primaryimage"},"thumbnailUrl":"https:\/\/www.webdo.tn\/fr\/wp-content\/uploads\/2024\/01\/bae1f60a5d6fda2cbe7a0af9ac6ce93f.jpg","datePublished":"2024-01-31T12:09:00+00:00","dateModified":"2025-05-20T22:32:28+00:00","description":"L\u2019illustre disparu n\u2019avait aucune le\u00e7on \u00e0 recevoir de personne","breadcrumb":{"@id":"https:\/\/www.webdo.tn\/fr\/actualite\/le-courrier-des-lecteurs\/en-la-memoire-de-abdeljelil-mouakher-l-ethique-de-l-engagement\/211945\/#breadcrumb"},"inLanguage":"fr-FR","potentialAction":[{"@type":"ReadAction","target":["https:\/\/www.webdo.tn\/fr\/actualite\/le-courrier-des-lecteurs\/en-la-memoire-de-abdeljelil-mouakher-l-ethique-de-l-engagement\/211945\/"]}]},{"@type":"ImageObject","inLanguage":"fr-FR","@id":"https:\/\/www.webdo.tn\/fr\/actualite\/le-courrier-des-lecteurs\/en-la-memoire-de-abdeljelil-mouakher-l-ethique-de-l-engagement\/211945\/#primaryimage","url":"https:\/\/www.webdo.tn\/fr\/wp-content\/uploads\/2024\/01\/bae1f60a5d6fda2cbe7a0af9ac6ce93f.jpg","contentUrl":"https:\/\/www.webdo.tn\/fr\/wp-content\/uploads\/2024\/01\/bae1f60a5d6fda2cbe7a0af9ac6ce93f.jpg","width":750,"height":400,"caption":"En la m\u00e9moire de Abdeljelil Mouakher : l'\u00e9thique de l'engagement"},{"@type":"BreadcrumbList","@id":"https:\/\/www.webdo.tn\/fr\/actualite\/le-courrier-des-lecteurs\/en-la-memoire-de-abdeljelil-mouakher-l-ethique-de-l-engagement\/211945\/#breadcrumb","itemListElement":[{"@type":"ListItem","position":1,"name":"Accueil","item":"https:\/\/www.webdo.tn\/fr\/"},{"@type":"ListItem","position":2,"name":"En la m\u00e9moire de Abdeljelil Mouakher : l&rsquo;\u00e9thique de l&rsquo;engagement"}]},{"@type":"WebSite","@id":"https:\/\/www.webdo.tn\/fr\/#website","url":"https:\/\/www.webdo.tn\/fr\/","name":"webdo","description":"Tunisie - News en Tunisie et \u00e0 l&#039;international sur Webdo.tn","publisher":{"@id":"https:\/\/www.webdo.tn\/fr\/#organization"},"potentialAction":[{"@type":"SearchAction","target":{"@type":"EntryPoint","urlTemplate":"https:\/\/www.webdo.tn\/fr\/?s={search_term_string}"},"query-input":{"@type":"PropertyValueSpecification","valueRequired":true,"valueName":"search_term_string"}}],"inLanguage":"fr-FR"},{"@type":"Organization","@id":"https:\/\/www.webdo.tn\/fr\/#organization","name":"Webdo","alternateName":"Webdo.tn","url":"https:\/\/www.webdo.tn\/fr\/","logo":{"@type":"ImageObject","inLanguage":"fr-FR","@id":"https:\/\/www.webdo.tn\/fr\/#\/schema\/logo\/image\/","url":"https:\/\/www.webdo.tn\/fr\/wp-content\/uploads\/2025\/06\/Webdo-Tunisie_168377.jpg","contentUrl":"https:\/\/www.webdo.tn\/fr\/wp-content\/uploads\/2025\/06\/Webdo-Tunisie_168377.jpg","width":301,"height":301,"caption":"Webdo"},"image":{"@id":"https:\/\/www.webdo.tn\/fr\/#\/schema\/logo\/image\/"},"sameAs":["https:\/\/www.facebook.com\/webdotn","https:\/\/x.com\/webdo_tn"],"description":"Webdo est un m\u00e9dia num\u00e9rique tunisien fond\u00e9 en 2010, sp\u00e9cialis\u00e9 dans l\u2019actualit\u00e9 nationale et internationale, l\u2019\u00e9conomie, la soci\u00e9t\u00e9 et les analyses politiques. Le site s\u2019adresse \u00e0 un large public francophone et couvre l\u2019information tunisienne en temps r\u00e9el.","email":"redac@webdo.tn","legalName":"YNJ SARL","foundingDate":"2010-09-06","numberOfEmployees":{"@type":"QuantitativeValue","minValue":"11","maxValue":"50"}},{"@type":"Person","@id":"https:\/\/www.webdo.tn\/fr\/#\/schema\/person\/1f4e491e0907b413d61089e8eb573acc","name":"Webdo","image":{"@type":"ImageObject","inLanguage":"fr-FR","@id":"https:\/\/secure.gravatar.com\/avatar\/de97aeec1bb80978a9dbb127e47dfc88aaacb2f3c29aac907d8d3222e3495d49?s=96&d=mm&r=g","url":"https:\/\/secure.gravatar.com\/avatar\/de97aeec1bb80978a9dbb127e47dfc88aaacb2f3c29aac907d8d3222e3495d49?s=96&d=mm&r=g","contentUrl":"https:\/\/secure.gravatar.com\/avatar\/de97aeec1bb80978a9dbb127e47dfc88aaacb2f3c29aac907d8d3222e3495d49?s=96&d=mm&r=g","caption":"Webdo"},"url":"https:\/\/www.webdo.tn\/fr\/actualite\/author\/webdo\/"}]}},"_links":{"self":[{"href":"https:\/\/www.webdo.tn\/fr\/wp-json\/wp\/v2\/posts\/211945","targetHints":{"allow":["GET"]}}],"collection":[{"href":"https:\/\/www.webdo.tn\/fr\/wp-json\/wp\/v2\/posts"}],"about":[{"href":"https:\/\/www.webdo.tn\/fr\/wp-json\/wp\/v2\/types\/post"}],"author":[{"embeddable":true,"href":"https:\/\/www.webdo.tn\/fr\/wp-json\/wp\/v2\/users\/3169"}],"replies":[{"embeddable":true,"href":"https:\/\/www.webdo.tn\/fr\/wp-json\/wp\/v2\/comments?post=211945"}],"version-history":[{"count":0,"href":"https:\/\/www.webdo.tn\/fr\/wp-json\/wp\/v2\/posts\/211945\/revisions"}],"wp:featuredmedia":[{"embeddable":true,"href":"https:\/\/www.webdo.tn\/fr\/wp-json\/wp\/v2\/media\/248103"}],"wp:attachment":[{"href":"https:\/\/www.webdo.tn\/fr\/wp-json\/wp\/v2\/media?parent=211945"}],"wp:term":[{"taxonomy":"category","embeddable":true,"href":"https:\/\/www.webdo.tn\/fr\/wp-json\/wp\/v2\/categories?post=211945"},{"taxonomy":"post_tag","embeddable":true,"href":"https:\/\/www.webdo.tn\/fr\/wp-json\/wp\/v2\/tags?post=211945"}],"curies":[{"name":"wp","href":"https:\/\/api.w.org\/{rel}","templated":true}]}}