{"id":211937,"date":"2024-01-31T10:03:00","date_gmt":"2024-01-31T10:03:00","guid":{"rendered":"https:\/\/www.webdo.tn\/fr\/blog\/hafnaoui-jaouadi-et-ben-abdelfatteh-aux-championnats-du-monde-de-natation\/211937\/"},"modified":"2025-05-20T21:53:31","modified_gmt":"2025-05-20T21:53:31","slug":"hafnaoui-jaouadi-et-ben-abdelfatteh-aux-championnats-du-monde-de-natation","status":"publish","type":"post","link":"https:\/\/www.webdo.tn\/fr\/actualite\/sport\/hafnaoui-jaouadi-et-ben-abdelfatteh-aux-championnats-du-monde-de-natation\/211937\/","title":{"rendered":"Tunisie : Hafnaoui, Jaouadi et Ben Abdelfatteh aux Championnats du monde de natation"},"content":{"rendered":"<p>Les championnats du monde de natation d\u00e9marrent ce vendredi 2 f\u00e9vrier \u00e0 Doha (Qatar) et se poursuivront jusqu\u2019au 18 f\u00e9vrier 2024. Initialement pr\u00e9vus en novembre 2023, mais report\u00e9es pour cause de Covid, ces Mondiaux verront la participation de d\u2019Ahmed Ayoub Hafnaoui, Ahmed Jaouadi et Toulan Ben Abdelfatteh.<\/p>\n<p>\t\t\t\t\t\t\t\t\tCes Mondiaux de natation, qui se d\u00e9roulent cinq mois avant les Jeux olympiques, verront la participation de trois nageurs tunisiens.<\/p>\n<p>Il y a d\u2019abord Ahmed Ayoub Hafnaoui, qui n\u2019est plus \u00e0 pr\u00e9senter. Champion olympique du 400m NL et double tenant du titre sur 800m et 1500m, il tentera de d\u00e9fendre ses titres remport\u00e9s au Japon en juillet 2023.<\/p>\n<p>Ahmed Ayoub Hafnaoui aura trois rendez-vous important puisqu\u2019il nagera le 400m le 11 f\u00e9vrier, le 800 m le 13-14 f\u00e9vrier et le 1500m le 17-18 f\u00e9vrier 2024.<\/p>\n<p>Ahmed Jaouadi et Toulan Ben Abdelfatteh, deux \u00e9toiles montantes de la natation tunisienne<\/p>\n<p>Il y a aussi Ahmed Jaouadi. A presque 19 ans, l\u2019\u00e9toile montante, qui domine \u00e0 tous les niveaux les championnats de France junior, fera ses grands d\u00e9buts au niveau mondial \u00e0 Doha. Il sera align\u00e9 sur le 400m NL apr\u00e8s avoir r\u00e9alis\u00e9 le minima A exig\u00e9 par World Aquatics.<\/p>\n<p>Il y a enfin Toulan Ben Abdelfatteh, 17 ans, qui sera engag\u00e9e sur les \u00e9preuves solo de natation artistique les 2 et 4 f\u00e9vrier.<\/p>\n","protected":false},"excerpt":{"rendered":"<p>Ces Mondiaux de natation, qui se d\u00e9roulent cinq mois avant les Jeux olympiques, verront la participation de trois nageurs tunisiens.<\/p>\n","protected":false},"author":3162,"featured_media":248129,"comment_status":"open","ping_status":"closed","sticky":false,"template":"","format":"standard","meta":{"footnotes":""},"categories":[2593],"tags":[6990,3253,6451,4034,3252,7112],"class_list":["post-211937","post","type-post","status-publish","format-standard","has-post-thumbnail","hentry","category-sport","tag-ahmed-ayoub-hafnaoui","tag-ahmed-jaouadi","tag-championnats-du-monde","tag-doha","tag-natation","tag-toulan-ben-abdelfatteh"],"yoast_head":"<!-- This site is optimized with the Yoast SEO Premium plugin v27.4 (Yoast SEO v27.5) - https:\/\/yoast.com\/product\/yoast-seo-premium-wordpress\/ -->\n<title>Tunisie : Hafnaoui, Jaouadi et Ben Abdelfatteh aux Championnats du monde de natation<\/title>\n<meta name=\"description\" content=\"Ces Mondiaux de natation, qui se d\u00e9roulent cinq mois avant les Jeux olympiques, verront la participation de trois nageurs tunisiens.\" \/>\n<link rel=\"canonical\" href=\"https:\/\/www.webdo.tn\/fr\/actualite\/sport\/hafnaoui-jaouadi-et-ben-abdelfatteh-aux-championnats-du-monde-de-natation\/211937\/\" \/>\n<meta property=\"og:locale\" content=\"fr_FR\" \/>\n<meta property=\"og:type\" content=\"article\" \/>\n<meta property=\"og:title\" content=\"Tunisie : Hafnaoui, Jaouadi et Ben Abdelfatteh aux Championnats du monde de natation\" \/>\n<meta property=\"og:description\" content=\"Ces Mondiaux de natation, qui se d\u00e9roulent cinq mois avant les Jeux olympiques, verront la participation de trois nageurs tunisiens.\" \/>\n<meta property=\"og:url\" content=\"https:\/\/www.webdo.tn\/fr\/actualite\/sport\/hafnaoui-jaouadi-et-ben-abdelfatteh-aux-championnats-du-monde-de-natation\/211937\/\" \/>\n<meta property=\"og:site_name\" content=\"webdo\" \/>\n<meta property=\"article:publisher\" content=\"https:\/\/www.facebook.com\/webdotn\" \/>\n<meta property=\"article:published_time\" content=\"2024-01-31T10:03:00+00:00\" \/>\n<meta property=\"article:modified_time\" content=\"2025-05-20T21:53:31+00:00\" \/>\n<meta property=\"og:image\" content=\"https:\/\/www.webdo.tn\/fr\/wp-content\/uploads\/2024\/01\/6f9a059047594783a3e889a210e0b58d.jpg\" \/>\n\t<meta property=\"og:image:width\" content=\"750\" \/>\n\t<meta property=\"og:image:height\" content=\"400\" \/>\n\t<meta property=\"og:image:type\" content=\"image\/jpeg\" \/>\n<meta name=\"author\" content=\"MC\" \/>\n<meta name=\"twitter:card\" content=\"summary_large_image\" \/>\n<meta name=\"twitter:creator\" content=\"@webdo_tn\" \/>\n<meta name=\"twitter:site\" content=\"@webdo_tn\" \/>\n<meta name=\"twitter:label1\" content=\"\u00c9crit par\" \/>\n\t<meta name=\"twitter:data1\" content=\"MC\" \/>\n\t<meta name=\"twitter:label2\" content=\"Dur\u00e9e de lecture estim\u00e9e\" \/>\n\t<meta name=\"twitter:data2\" content=\"1 minute\" \/>\n<script type=\"application\/ld+json\" class=\"yoast-schema-graph\">{\"@context\":\"https:\\\/\\\/schema.org\",\"@graph\":[{\"@type\":\"NewsArticle\",\"@id\":\"https:\\\/\\\/www.webdo.tn\\\/fr\\\/actualite\\\/sport\\\/hafnaoui-jaouadi-et-ben-abdelfatteh-aux-championnats-du-monde-de-natation\\\/211937\\\/#article\",\"isPartOf\":{\"@id\":\"https:\\\/\\\/www.webdo.tn\\\/fr\\\/actualite\\\/sport\\\/hafnaoui-jaouadi-et-ben-abdelfatteh-aux-championnats-du-monde-de-natation\\\/211937\\\/\"},\"author\":{\"name\":\"MC\",\"@id\":\"https:\\\/\\\/www.webdo.tn\\\/fr\\\/#\\\/schema\\\/person\\\/2c4929cbf5a809e3bd38617c6ce150f6\"},\"headline\":\"Tunisie : Hafnaoui, Jaouadi et Ben Abdelfatteh aux Championnats du monde de natation\",\"datePublished\":\"2024-01-31T10:03:00+00:00\",\"dateModified\":\"2025-05-20T21:53:31+00:00\",\"mainEntityOfPage\":{\"@id\":\"https:\\\/\\\/www.webdo.tn\\\/fr\\\/actualite\\\/sport\\\/hafnaoui-jaouadi-et-ben-abdelfatteh-aux-championnats-du-monde-de-natation\\\/211937\\\/\"},\"wordCount\":237,\"commentCount\":0,\"publisher\":{\"@id\":\"https:\\\/\\\/www.webdo.tn\\\/fr\\\/#organization\"},\"image\":{\"@id\":\"https:\\\/\\\/www.webdo.tn\\\/fr\\\/actualite\\\/sport\\\/hafnaoui-jaouadi-et-ben-abdelfatteh-aux-championnats-du-monde-de-natation\\\/211937\\\/#primaryimage\"},\"thumbnailUrl\":\"https:\\\/\\\/www.webdo.tn\\\/fr\\\/wp-content\\\/uploads\\\/2024\\\/01\\\/6f9a059047594783a3e889a210e0b58d.jpg\",\"keywords\":[\"ahmed ayoub hafnaoui\",\"Ahmed Jaouadi\",\"championnats du monde\",\"doha\",\"natation\",\"Toulan Ben Abdelfatteh\"],\"articleSection\":[\"Sport\"],\"inLanguage\":\"fr-FR\"},{\"@type\":\"WebPage\",\"@id\":\"https:\\\/\\\/www.webdo.tn\\\/fr\\\/actualite\\\/sport\\\/hafnaoui-jaouadi-et-ben-abdelfatteh-aux-championnats-du-monde-de-natation\\\/211937\\\/\",\"url\":\"https:\\\/\\\/www.webdo.tn\\\/fr\\\/actualite\\\/sport\\\/hafnaoui-jaouadi-et-ben-abdelfatteh-aux-championnats-du-monde-de-natation\\\/211937\\\/\",\"name\":\"Tunisie : Hafnaoui, Jaouadi et Ben Abdelfatteh aux Championnats du monde de natation\",\"isPartOf\":{\"@id\":\"https:\\\/\\\/www.webdo.tn\\\/fr\\\/#website\"},\"primaryImageOfPage\":{\"@id\":\"https:\\\/\\\/www.webdo.tn\\\/fr\\\/actualite\\\/sport\\\/hafnaoui-jaouadi-et-ben-abdelfatteh-aux-championnats-du-monde-de-natation\\\/211937\\\/#primaryimage\"},\"image\":{\"@id\":\"https:\\\/\\\/www.webdo.tn\\\/fr\\\/actualite\\\/sport\\\/hafnaoui-jaouadi-et-ben-abdelfatteh-aux-championnats-du-monde-de-natation\\\/211937\\\/#primaryimage\"},\"thumbnailUrl\":\"https:\\\/\\\/www.webdo.tn\\\/fr\\\/wp-content\\\/uploads\\\/2024\\\/01\\\/6f9a059047594783a3e889a210e0b58d.jpg\",\"datePublished\":\"2024-01-31T10:03:00+00:00\",\"dateModified\":\"2025-05-20T21:53:31+00:00\",\"description\":\"Ces Mondiaux de natation, qui se d\u00e9roulent cinq mois avant les Jeux olympiques, verront la participation de trois nageurs tunisiens.\",\"breadcrumb\":{\"@id\":\"https:\\\/\\\/www.webdo.tn\\\/fr\\\/actualite\\\/sport\\\/hafnaoui-jaouadi-et-ben-abdelfatteh-aux-championnats-du-monde-de-natation\\\/211937\\\/#breadcrumb\"},\"inLanguage\":\"fr-FR\",\"potentialAction\":[{\"@type\":\"ReadAction\",\"target\":[\"https:\\\/\\\/www.webdo.tn\\\/fr\\\/actualite\\\/sport\\\/hafnaoui-jaouadi-et-ben-abdelfatteh-aux-championnats-du-monde-de-natation\\\/211937\\\/\"]}]},{\"@type\":\"ImageObject\",\"inLanguage\":\"fr-FR\",\"@id\":\"https:\\\/\\\/www.webdo.tn\\\/fr\\\/actualite\\\/sport\\\/hafnaoui-jaouadi-et-ben-abdelfatteh-aux-championnats-du-monde-de-natation\\\/211937\\\/#primaryimage\",\"url\":\"https:\\\/\\\/www.webdo.tn\\\/fr\\\/wp-content\\\/uploads\\\/2024\\\/01\\\/6f9a059047594783a3e889a210e0b58d.jpg\",\"contentUrl\":\"https:\\\/\\\/www.webdo.tn\\\/fr\\\/wp-content\\\/uploads\\\/2024\\\/01\\\/6f9a059047594783a3e889a210e0b58d.jpg\",\"width\":750,\"height\":400,\"caption\":\"Tunisie : Hafnaoui, Jaouadi et Ben Abdelfatteh aux Championnats du monde de natation\"},{\"@type\":\"BreadcrumbList\",\"@id\":\"https:\\\/\\\/www.webdo.tn\\\/fr\\\/actualite\\\/sport\\\/hafnaoui-jaouadi-et-ben-abdelfatteh-aux-championnats-du-monde-de-natation\\\/211937\\\/#breadcrumb\",\"itemListElement\":[{\"@type\":\"ListItem\",\"position\":1,\"name\":\"Accueil\",\"item\":\"https:\\\/\\\/www.webdo.tn\\\/fr\\\/\"},{\"@type\":\"ListItem\",\"position\":2,\"name\":\"Tunisie : Hafnaoui, Jaouadi et Ben Abdelfatteh aux Championnats du monde de natation\"}]},{\"@type\":\"WebSite\",\"@id\":\"https:\\\/\\\/www.webdo.tn\\\/fr\\\/#website\",\"url\":\"https:\\\/\\\/www.webdo.tn\\\/fr\\\/\",\"name\":\"webdo\",\"description\":\"Tunisie - News en Tunisie et \u00e0 l&#039;international sur Webdo.tn\",\"publisher\":{\"@id\":\"https:\\\/\\\/www.webdo.tn\\\/fr\\\/#organization\"},\"potentialAction\":[{\"@type\":\"SearchAction\",\"target\":{\"@type\":\"EntryPoint\",\"urlTemplate\":\"https:\\\/\\\/www.webdo.tn\\\/fr\\\/?s={search_term_string}\"},\"query-input\":{\"@type\":\"PropertyValueSpecification\",\"valueRequired\":true,\"valueName\":\"search_term_string\"}}],\"inLanguage\":\"fr-FR\"},{\"@type\":\"Organization\",\"@id\":\"https:\\\/\\\/www.webdo.tn\\\/fr\\\/#organization\",\"name\":\"Webdo\",\"alternateName\":\"Webdo.tn\",\"url\":\"https:\\\/\\\/www.webdo.tn\\\/fr\\\/\",\"logo\":{\"@type\":\"ImageObject\",\"inLanguage\":\"fr-FR\",\"@id\":\"https:\\\/\\\/www.webdo.tn\\\/fr\\\/#\\\/schema\\\/logo\\\/image\\\/\",\"url\":\"https:\\\/\\\/www.webdo.tn\\\/fr\\\/wp-content\\\/uploads\\\/2025\\\/06\\\/Webdo-Tunisie_168377.jpg\",\"contentUrl\":\"https:\\\/\\\/www.webdo.tn\\\/fr\\\/wp-content\\\/uploads\\\/2025\\\/06\\\/Webdo-Tunisie_168377.jpg\",\"width\":301,\"height\":301,\"caption\":\"Webdo\"},\"image\":{\"@id\":\"https:\\\/\\\/www.webdo.tn\\\/fr\\\/#\\\/schema\\\/logo\\\/image\\\/\"},\"sameAs\":[\"https:\\\/\\\/www.facebook.com\\\/webdotn\",\"https:\\\/\\\/x.com\\\/webdo_tn\"],\"description\":\"Webdo est un m\u00e9dia num\u00e9rique tunisien fond\u00e9 en 2010, sp\u00e9cialis\u00e9 dans l\u2019actualit\u00e9 nationale et internationale, l\u2019\u00e9conomie, la soci\u00e9t\u00e9 et les analyses politiques. Le site s\u2019adresse \u00e0 un large public francophone et couvre l\u2019information tunisienne en temps r\u00e9el.\",\"email\":\"redac@webdo.tn\",\"legalName\":\"YNJ SARL\",\"foundingDate\":\"2010-09-06\",\"numberOfEmployees\":{\"@type\":\"QuantitativeValue\",\"minValue\":\"11\",\"maxValue\":\"50\"}},{\"@type\":\"Person\",\"@id\":\"https:\\\/\\\/www.webdo.tn\\\/fr\\\/#\\\/schema\\\/person\\\/2c4929cbf5a809e3bd38617c6ce150f6\",\"name\":\"MC\",\"image\":{\"@type\":\"ImageObject\",\"inLanguage\":\"fr-FR\",\"@id\":\"https:\\\/\\\/secure.gravatar.com\\\/avatar\\\/a545bbb6f84efdd5553dbbc2895e3ca8f1d12c5215e00a041c9670b54aa9b18a?s=96&d=mm&r=g\",\"url\":\"https:\\\/\\\/secure.gravatar.com\\\/avatar\\\/a545bbb6f84efdd5553dbbc2895e3ca8f1d12c5215e00a041c9670b54aa9b18a?s=96&d=mm&r=g\",\"contentUrl\":\"https:\\\/\\\/secure.gravatar.com\\\/avatar\\\/a545bbb6f84efdd5553dbbc2895e3ca8f1d12c5215e00a041c9670b54aa9b18a?s=96&d=mm&r=g\",\"caption\":\"MC\"},\"url\":\"https:\\\/\\\/www.webdo.tn\\\/fr\\\/actualite\\\/author\\\/mc\\\/\"}]}<\/script>\n<!-- \/ Yoast SEO Premium plugin. -->","yoast_head_json":{"title":"Tunisie : Hafnaoui, Jaouadi et Ben Abdelfatteh aux Championnats du monde de natation","description":"Ces Mondiaux de natation, qui se d\u00e9roulent cinq mois avant les Jeux olympiques, verront la participation de trois nageurs tunisiens.","canonical":"https:\/\/www.webdo.tn\/fr\/actualite\/sport\/hafnaoui-jaouadi-et-ben-abdelfatteh-aux-championnats-du-monde-de-natation\/211937\/","og_locale":"fr_FR","og_type":"article","og_title":"Tunisie : Hafnaoui, Jaouadi et Ben Abdelfatteh aux Championnats du monde de natation","og_description":"Ces Mondiaux de natation, qui se d\u00e9roulent cinq mois avant les Jeux olympiques, verront la participation de trois nageurs tunisiens.","og_url":"https:\/\/www.webdo.tn\/fr\/actualite\/sport\/hafnaoui-jaouadi-et-ben-abdelfatteh-aux-championnats-du-monde-de-natation\/211937\/","og_site_name":"webdo","article_publisher":"https:\/\/www.facebook.com\/webdotn","article_published_time":"2024-01-31T10:03:00+00:00","article_modified_time":"2025-05-20T21:53:31+00:00","og_image":[{"width":750,"height":400,"url":"https:\/\/www.webdo.tn\/fr\/wp-content\/uploads\/2024\/01\/6f9a059047594783a3e889a210e0b58d.jpg","type":"image\/jpeg"}],"author":"MC","twitter_card":"summary_large_image","twitter_creator":"@webdo_tn","twitter_site":"@webdo_tn","twitter_misc":{"\u00c9crit par":"MC","Dur\u00e9e de lecture estim\u00e9e":"1 minute"},"schema":{"@context":"https:\/\/schema.org","@graph":[{"@type":"NewsArticle","@id":"https:\/\/www.webdo.tn\/fr\/actualite\/sport\/hafnaoui-jaouadi-et-ben-abdelfatteh-aux-championnats-du-monde-de-natation\/211937\/#article","isPartOf":{"@id":"https:\/\/www.webdo.tn\/fr\/actualite\/sport\/hafnaoui-jaouadi-et-ben-abdelfatteh-aux-championnats-du-monde-de-natation\/211937\/"},"author":{"name":"MC","@id":"https:\/\/www.webdo.tn\/fr\/#\/schema\/person\/2c4929cbf5a809e3bd38617c6ce150f6"},"headline":"Tunisie : Hafnaoui, Jaouadi et Ben Abdelfatteh aux Championnats du monde de natation","datePublished":"2024-01-31T10:03:00+00:00","dateModified":"2025-05-20T21:53:31+00:00","mainEntityOfPage":{"@id":"https:\/\/www.webdo.tn\/fr\/actualite\/sport\/hafnaoui-jaouadi-et-ben-abdelfatteh-aux-championnats-du-monde-de-natation\/211937\/"},"wordCount":237,"commentCount":0,"publisher":{"@id":"https:\/\/www.webdo.tn\/fr\/#organization"},"image":{"@id":"https:\/\/www.webdo.tn\/fr\/actualite\/sport\/hafnaoui-jaouadi-et-ben-abdelfatteh-aux-championnats-du-monde-de-natation\/211937\/#primaryimage"},"thumbnailUrl":"https:\/\/www.webdo.tn\/fr\/wp-content\/uploads\/2024\/01\/6f9a059047594783a3e889a210e0b58d.jpg","keywords":["ahmed ayoub hafnaoui","Ahmed Jaouadi","championnats du monde","doha","natation","Toulan Ben Abdelfatteh"],"articleSection":["Sport"],"inLanguage":"fr-FR"},{"@type":"WebPage","@id":"https:\/\/www.webdo.tn\/fr\/actualite\/sport\/hafnaoui-jaouadi-et-ben-abdelfatteh-aux-championnats-du-monde-de-natation\/211937\/","url":"https:\/\/www.webdo.tn\/fr\/actualite\/sport\/hafnaoui-jaouadi-et-ben-abdelfatteh-aux-championnats-du-monde-de-natation\/211937\/","name":"Tunisie : Hafnaoui, Jaouadi et Ben Abdelfatteh aux Championnats du monde de natation","isPartOf":{"@id":"https:\/\/www.webdo.tn\/fr\/#website"},"primaryImageOfPage":{"@id":"https:\/\/www.webdo.tn\/fr\/actualite\/sport\/hafnaoui-jaouadi-et-ben-abdelfatteh-aux-championnats-du-monde-de-natation\/211937\/#primaryimage"},"image":{"@id":"https:\/\/www.webdo.tn\/fr\/actualite\/sport\/hafnaoui-jaouadi-et-ben-abdelfatteh-aux-championnats-du-monde-de-natation\/211937\/#primaryimage"},"thumbnailUrl":"https:\/\/www.webdo.tn\/fr\/wp-content\/uploads\/2024\/01\/6f9a059047594783a3e889a210e0b58d.jpg","datePublished":"2024-01-31T10:03:00+00:00","dateModified":"2025-05-20T21:53:31+00:00","description":"Ces Mondiaux de natation, qui se d\u00e9roulent cinq mois avant les Jeux olympiques, verront la participation de trois nageurs tunisiens.","breadcrumb":{"@id":"https:\/\/www.webdo.tn\/fr\/actualite\/sport\/hafnaoui-jaouadi-et-ben-abdelfatteh-aux-championnats-du-monde-de-natation\/211937\/#breadcrumb"},"inLanguage":"fr-FR","potentialAction":[{"@type":"ReadAction","target":["https:\/\/www.webdo.tn\/fr\/actualite\/sport\/hafnaoui-jaouadi-et-ben-abdelfatteh-aux-championnats-du-monde-de-natation\/211937\/"]}]},{"@type":"ImageObject","inLanguage":"fr-FR","@id":"https:\/\/www.webdo.tn\/fr\/actualite\/sport\/hafnaoui-jaouadi-et-ben-abdelfatteh-aux-championnats-du-monde-de-natation\/211937\/#primaryimage","url":"https:\/\/www.webdo.tn\/fr\/wp-content\/uploads\/2024\/01\/6f9a059047594783a3e889a210e0b58d.jpg","contentUrl":"https:\/\/www.webdo.tn\/fr\/wp-content\/uploads\/2024\/01\/6f9a059047594783a3e889a210e0b58d.jpg","width":750,"height":400,"caption":"Tunisie : Hafnaoui, Jaouadi et Ben Abdelfatteh aux Championnats du monde de natation"},{"@type":"BreadcrumbList","@id":"https:\/\/www.webdo.tn\/fr\/actualite\/sport\/hafnaoui-jaouadi-et-ben-abdelfatteh-aux-championnats-du-monde-de-natation\/211937\/#breadcrumb","itemListElement":[{"@type":"ListItem","position":1,"name":"Accueil","item":"https:\/\/www.webdo.tn\/fr\/"},{"@type":"ListItem","position":2,"name":"Tunisie : Hafnaoui, Jaouadi et Ben Abdelfatteh aux Championnats du monde de natation"}]},{"@type":"WebSite","@id":"https:\/\/www.webdo.tn\/fr\/#website","url":"https:\/\/www.webdo.tn\/fr\/","name":"webdo","description":"Tunisie - News en Tunisie et \u00e0 l&#039;international sur Webdo.tn","publisher":{"@id":"https:\/\/www.webdo.tn\/fr\/#organization"},"potentialAction":[{"@type":"SearchAction","target":{"@type":"EntryPoint","urlTemplate":"https:\/\/www.webdo.tn\/fr\/?s={search_term_string}"},"query-input":{"@type":"PropertyValueSpecification","valueRequired":true,"valueName":"search_term_string"}}],"inLanguage":"fr-FR"},{"@type":"Organization","@id":"https:\/\/www.webdo.tn\/fr\/#organization","name":"Webdo","alternateName":"Webdo.tn","url":"https:\/\/www.webdo.tn\/fr\/","logo":{"@type":"ImageObject","inLanguage":"fr-FR","@id":"https:\/\/www.webdo.tn\/fr\/#\/schema\/logo\/image\/","url":"https:\/\/www.webdo.tn\/fr\/wp-content\/uploads\/2025\/06\/Webdo-Tunisie_168377.jpg","contentUrl":"https:\/\/www.webdo.tn\/fr\/wp-content\/uploads\/2025\/06\/Webdo-Tunisie_168377.jpg","width":301,"height":301,"caption":"Webdo"},"image":{"@id":"https:\/\/www.webdo.tn\/fr\/#\/schema\/logo\/image\/"},"sameAs":["https:\/\/www.facebook.com\/webdotn","https:\/\/x.com\/webdo_tn"],"description":"Webdo est un m\u00e9dia num\u00e9rique tunisien fond\u00e9 en 2010, sp\u00e9cialis\u00e9 dans l\u2019actualit\u00e9 nationale et internationale, l\u2019\u00e9conomie, la soci\u00e9t\u00e9 et les analyses politiques. Le site s\u2019adresse \u00e0 un large public francophone et couvre l\u2019information tunisienne en temps r\u00e9el.","email":"redac@webdo.tn","legalName":"YNJ SARL","foundingDate":"2010-09-06","numberOfEmployees":{"@type":"QuantitativeValue","minValue":"11","maxValue":"50"}},{"@type":"Person","@id":"https:\/\/www.webdo.tn\/fr\/#\/schema\/person\/2c4929cbf5a809e3bd38617c6ce150f6","name":"MC","image":{"@type":"ImageObject","inLanguage":"fr-FR","@id":"https:\/\/secure.gravatar.com\/avatar\/a545bbb6f84efdd5553dbbc2895e3ca8f1d12c5215e00a041c9670b54aa9b18a?s=96&d=mm&r=g","url":"https:\/\/secure.gravatar.com\/avatar\/a545bbb6f84efdd5553dbbc2895e3ca8f1d12c5215e00a041c9670b54aa9b18a?s=96&d=mm&r=g","contentUrl":"https:\/\/secure.gravatar.com\/avatar\/a545bbb6f84efdd5553dbbc2895e3ca8f1d12c5215e00a041c9670b54aa9b18a?s=96&d=mm&r=g","caption":"MC"},"url":"https:\/\/www.webdo.tn\/fr\/actualite\/author\/mc\/"}]}},"_links":{"self":[{"href":"https:\/\/www.webdo.tn\/fr\/wp-json\/wp\/v2\/posts\/211937","targetHints":{"allow":["GET"]}}],"collection":[{"href":"https:\/\/www.webdo.tn\/fr\/wp-json\/wp\/v2\/posts"}],"about":[{"href":"https:\/\/www.webdo.tn\/fr\/wp-json\/wp\/v2\/types\/post"}],"author":[{"embeddable":true,"href":"https:\/\/www.webdo.tn\/fr\/wp-json\/wp\/v2\/users\/3162"}],"replies":[{"embeddable":true,"href":"https:\/\/www.webdo.tn\/fr\/wp-json\/wp\/v2\/comments?post=211937"}],"version-history":[{"count":0,"href":"https:\/\/www.webdo.tn\/fr\/wp-json\/wp\/v2\/posts\/211937\/revisions"}],"wp:featuredmedia":[{"embeddable":true,"href":"https:\/\/www.webdo.tn\/fr\/wp-json\/wp\/v2\/media\/248129"}],"wp:attachment":[{"href":"https:\/\/www.webdo.tn\/fr\/wp-json\/wp\/v2\/media?parent=211937"}],"wp:term":[{"taxonomy":"category","embeddable":true,"href":"https:\/\/www.webdo.tn\/fr\/wp-json\/wp\/v2\/categories?post=211937"},{"taxonomy":"post_tag","embeddable":true,"href":"https:\/\/www.webdo.tn\/fr\/wp-json\/wp\/v2\/tags?post=211937"}],"curies":[{"name":"wp","href":"https:\/\/api.w.org\/{rel}","templated":true}]}}