{"id":211931,"date":"2024-01-30T23:09:00","date_gmt":"2024-01-30T23:09:00","guid":{"rendered":"https:\/\/www.webdo.tn\/fr\/blog\/enseignement-vers-l-adoption-du-regime-de-la-seance-unique\/211931\/"},"modified":"2025-05-20T22:55:33","modified_gmt":"2025-05-20T22:55:33","slug":"enseignement-vers-l-adoption-du-regime-de-la-seance-unique","status":"publish","type":"post","link":"https:\/\/www.webdo.tn\/fr\/actualite\/national\/enseignement-vers-l-adoption-du-regime-de-la-seance-unique\/211931\/","title":{"rendered":"Enseignement : Vers l\u2019adoption du r\u00e9gime de la s\u00e9ance unique"},"content":{"rendered":"<p>Lors de sa visite au gouvernorat de M\u00e9denine, le ministre de l\u2019Education nationale Mohamed Ali Boughdiri a annonc\u00e9, ce mardi, que le minist\u00e8re \u0153uvre \u00e0 mettre en place le r\u00e9gime de la s\u00e9ance unique pour les \u00e9l\u00e8ves. Et ce, dans le cadre de la r\u00e9forme du syst\u00e8me \u00e9ducatif et  la mise en place du Conseil sup\u00e9rieur de l\u2019\u00c9ducation.\u00a0<\/p>\n<p>\t\t\t\t\t\t\t\t\tA M\u00e9denine, trois \u00e9tablissements \u00e9ducatifs ont d\u00e9j\u00e0 adopt\u00e9 ce r\u00e9gime pour une s\u00e9ance de 8h \u00e0 14h ce qui a permis aux \u00e9l\u00e8ves d\u2019\u00eatre disponibles l\u2019apr\u00e8s- midi pour d\u2019autres activit\u00e9s culturelles et sportives.\u00a0<\/p>\n<p>\u00ab Nous allons prendre cette exp\u00e9rience en consid\u00e9ration dans le cadre de la r\u00e9forme du syst\u00e8me \u00e9ducatif. Ceci sera entam\u00e9 avec la cr\u00e9ation du\u00a0Conseil sup\u00e9rieur de l\u2019\u00e9ducation\u2026 Il verra le jour bient\u00f4t \u00bb, a d\u00e9clar\u00e9 le ministre.<\/p>\n<p>Mohamed Ali Boughdiri a \u00e9galement confirm\u00e9 que le minist\u00e8re est en train d\u2019\u00e9valuer les r\u00e9sultats de la consultation nationale pour la r\u00e9forme du syst\u00e8me \u00e9ducatif et que ces r\u00e9sultats seront annonc\u00e9s une fois l\u2019\u00e9valuation termin\u00e9e.<\/p>\n<p>Il a \u00e9galement mentionn\u00e9 que le pr\u00e9sident de la R\u00e9publique, Ka\u00efs Sa\u00efed, deviendra pr\u00e9sident de ce Conseil une fois que son projet sera pr\u00e9sent\u00e9 \u00e0 l\u2019Assembl\u00e9e des repr\u00e9sentants du peuple pour approbation.<\/p>\n","protected":false},"excerpt":{"rendered":"<p>A M\u00e9denine, trois \u00e9tablissements \u00e9ducatifs ont d\u00e9j\u00e0 adopt\u00e9 ce r\u00e9gime pour une s\u00e9ance de 8h \u00e0 14h ce qui a permis aux \u00e9l\u00e8ves d\u2019\u00eatre disponibles l\u2019apr\u00e8s- midi pou&#8230;<\/p>\n","protected":false},"author":3182,"featured_media":248126,"comment_status":"open","ping_status":"closed","sticky":false,"template":"","format":"standard","meta":{"footnotes":""},"categories":[44],"tags":[2828,3493,5837,2608],"class_list":["post-211931","post","type-post","status-publish","format-standard","has-post-thumbnail","hentry","category-national","tag-enseignement","tag-reforme","tag-seance-unique","tag-tunisie"],"yoast_head":"<!-- This site is optimized with the Yoast SEO Premium plugin v27.5 (Yoast SEO v27.5) - https:\/\/yoast.com\/product\/yoast-seo-premium-wordpress\/ -->\n<title>Enseignement : Vers l\u2019adoption du r\u00e9gime de la s\u00e9ance unique<\/title>\n<meta name=\"description\" content=\"A M\u00e9denine, trois \u00e9tablissements \u00e9ducatifs ont d\u00e9j\u00e0 adopt\u00e9 ce r\u00e9gime pour une s\u00e9ance de 8h \u00e0 14h ce qui a permis aux \u00e9l\u00e8ves d\u2019\u00eatre disponibles l\u2019apr\u00e8s- midi pou...\" \/>\n<link rel=\"canonical\" href=\"https:\/\/www.webdo.tn\/fr\/actualite\/national\/enseignement-vers-l-adoption-du-regime-de-la-seance-unique\/211931\/\" \/>\n<meta property=\"og:locale\" content=\"fr_FR\" \/>\n<meta property=\"og:type\" content=\"article\" \/>\n<meta property=\"og:title\" content=\"Enseignement : Vers l\u2019adoption du r\u00e9gime de la s\u00e9ance unique\" \/>\n<meta property=\"og:description\" content=\"A M\u00e9denine, trois \u00e9tablissements \u00e9ducatifs ont d\u00e9j\u00e0 adopt\u00e9 ce r\u00e9gime pour une s\u00e9ance de 8h \u00e0 14h ce qui a permis aux \u00e9l\u00e8ves d\u2019\u00eatre disponibles l\u2019apr\u00e8s- midi pou...\" \/>\n<meta property=\"og:url\" content=\"https:\/\/www.webdo.tn\/fr\/actualite\/national\/enseignement-vers-l-adoption-du-regime-de-la-seance-unique\/211931\/\" \/>\n<meta property=\"og:site_name\" content=\"webdo\" \/>\n<meta property=\"article:publisher\" content=\"https:\/\/www.facebook.com\/webdotn\" \/>\n<meta property=\"article:published_time\" content=\"2024-01-30T23:09:00+00:00\" \/>\n<meta property=\"article:modified_time\" content=\"2025-05-20T22:55:33+00:00\" \/>\n<meta property=\"og:image\" content=\"https:\/\/www.webdo.tn\/fr\/wp-content\/uploads\/2024\/01\/b7cf64ad252bc1154133e91d56474fc4.jpg\" \/>\n\t<meta property=\"og:image:width\" content=\"750\" \/>\n\t<meta property=\"og:image:height\" content=\"400\" \/>\n\t<meta property=\"og:image:type\" content=\"image\/jpeg\" \/>\n<meta name=\"author\" content=\"WB\" \/>\n<meta name=\"twitter:card\" content=\"summary_large_image\" \/>\n<meta name=\"twitter:creator\" content=\"@webdo_tn\" \/>\n<meta name=\"twitter:site\" content=\"@webdo_tn\" \/>\n<meta name=\"twitter:label1\" content=\"\u00c9crit par\" \/>\n\t<meta name=\"twitter:data1\" content=\"WB\" \/>\n\t<meta name=\"twitter:label2\" content=\"Dur\u00e9e de lecture estim\u00e9e\" \/>\n\t<meta name=\"twitter:data2\" content=\"1 minute\" \/>\n<script type=\"application\/ld+json\" class=\"yoast-schema-graph\">{\"@context\":\"https:\\\/\\\/schema.org\",\"@graph\":[{\"@type\":\"NewsArticle\",\"@id\":\"https:\\\/\\\/www.webdo.tn\\\/fr\\\/actualite\\\/national\\\/enseignement-vers-l-adoption-du-regime-de-la-seance-unique\\\/211931\\\/#article\",\"isPartOf\":{\"@id\":\"https:\\\/\\\/www.webdo.tn\\\/fr\\\/actualite\\\/national\\\/enseignement-vers-l-adoption-du-regime-de-la-seance-unique\\\/211931\\\/\"},\"author\":{\"name\":\"WB\",\"@id\":\"https:\\\/\\\/www.webdo.tn\\\/fr\\\/#\\\/schema\\\/person\\\/f16bf91e3b3c6347371884777659f9d8\"},\"headline\":\"Enseignement : Vers l\u2019adoption du r\u00e9gime de la s\u00e9ance unique\",\"datePublished\":\"2024-01-30T23:09:00+00:00\",\"dateModified\":\"2025-05-20T22:55:33+00:00\",\"mainEntityOfPage\":{\"@id\":\"https:\\\/\\\/www.webdo.tn\\\/fr\\\/actualite\\\/national\\\/enseignement-vers-l-adoption-du-regime-de-la-seance-unique\\\/211931\\\/\"},\"wordCount\":250,\"commentCount\":0,\"publisher\":{\"@id\":\"https:\\\/\\\/www.webdo.tn\\\/fr\\\/#organization\"},\"image\":{\"@id\":\"https:\\\/\\\/www.webdo.tn\\\/fr\\\/actualite\\\/national\\\/enseignement-vers-l-adoption-du-regime-de-la-seance-unique\\\/211931\\\/#primaryimage\"},\"thumbnailUrl\":\"https:\\\/\\\/www.webdo.tn\\\/fr\\\/wp-content\\\/uploads\\\/2024\\\/01\\\/b7cf64ad252bc1154133e91d56474fc4.jpg\",\"keywords\":[\"enseignement\",\"r\u00e9forme\",\"s\u00e9ance unique\",\"Tunisie\"],\"articleSection\":[\"National\"],\"inLanguage\":\"fr-FR\"},{\"@type\":\"WebPage\",\"@id\":\"https:\\\/\\\/www.webdo.tn\\\/fr\\\/actualite\\\/national\\\/enseignement-vers-l-adoption-du-regime-de-la-seance-unique\\\/211931\\\/\",\"url\":\"https:\\\/\\\/www.webdo.tn\\\/fr\\\/actualite\\\/national\\\/enseignement-vers-l-adoption-du-regime-de-la-seance-unique\\\/211931\\\/\",\"name\":\"Enseignement : Vers l\u2019adoption du r\u00e9gime de la s\u00e9ance unique\",\"isPartOf\":{\"@id\":\"https:\\\/\\\/www.webdo.tn\\\/fr\\\/#website\"},\"primaryImageOfPage\":{\"@id\":\"https:\\\/\\\/www.webdo.tn\\\/fr\\\/actualite\\\/national\\\/enseignement-vers-l-adoption-du-regime-de-la-seance-unique\\\/211931\\\/#primaryimage\"},\"image\":{\"@id\":\"https:\\\/\\\/www.webdo.tn\\\/fr\\\/actualite\\\/national\\\/enseignement-vers-l-adoption-du-regime-de-la-seance-unique\\\/211931\\\/#primaryimage\"},\"thumbnailUrl\":\"https:\\\/\\\/www.webdo.tn\\\/fr\\\/wp-content\\\/uploads\\\/2024\\\/01\\\/b7cf64ad252bc1154133e91d56474fc4.jpg\",\"datePublished\":\"2024-01-30T23:09:00+00:00\",\"dateModified\":\"2025-05-20T22:55:33+00:00\",\"description\":\"A M\u00e9denine, trois \u00e9tablissements \u00e9ducatifs ont d\u00e9j\u00e0 adopt\u00e9 ce r\u00e9gime pour une s\u00e9ance de 8h \u00e0 14h ce qui a permis aux \u00e9l\u00e8ves d\u2019\u00eatre disponibles l\u2019apr\u00e8s- midi pou...\",\"breadcrumb\":{\"@id\":\"https:\\\/\\\/www.webdo.tn\\\/fr\\\/actualite\\\/national\\\/enseignement-vers-l-adoption-du-regime-de-la-seance-unique\\\/211931\\\/#breadcrumb\"},\"inLanguage\":\"fr-FR\",\"potentialAction\":[{\"@type\":\"ReadAction\",\"target\":[\"https:\\\/\\\/www.webdo.tn\\\/fr\\\/actualite\\\/national\\\/enseignement-vers-l-adoption-du-regime-de-la-seance-unique\\\/211931\\\/\"]}]},{\"@type\":\"ImageObject\",\"inLanguage\":\"fr-FR\",\"@id\":\"https:\\\/\\\/www.webdo.tn\\\/fr\\\/actualite\\\/national\\\/enseignement-vers-l-adoption-du-regime-de-la-seance-unique\\\/211931\\\/#primaryimage\",\"url\":\"https:\\\/\\\/www.webdo.tn\\\/fr\\\/wp-content\\\/uploads\\\/2024\\\/01\\\/b7cf64ad252bc1154133e91d56474fc4.jpg\",\"contentUrl\":\"https:\\\/\\\/www.webdo.tn\\\/fr\\\/wp-content\\\/uploads\\\/2024\\\/01\\\/b7cf64ad252bc1154133e91d56474fc4.jpg\",\"width\":750,\"height\":400,\"caption\":\"boughdiri\"},{\"@type\":\"BreadcrumbList\",\"@id\":\"https:\\\/\\\/www.webdo.tn\\\/fr\\\/actualite\\\/national\\\/enseignement-vers-l-adoption-du-regime-de-la-seance-unique\\\/211931\\\/#breadcrumb\",\"itemListElement\":[{\"@type\":\"ListItem\",\"position\":1,\"name\":\"Accueil\",\"item\":\"https:\\\/\\\/www.webdo.tn\\\/fr\\\/\"},{\"@type\":\"ListItem\",\"position\":2,\"name\":\"Enseignement : Vers l\u2019adoption du r\u00e9gime de la s\u00e9ance unique\"}]},{\"@type\":\"WebSite\",\"@id\":\"https:\\\/\\\/www.webdo.tn\\\/fr\\\/#website\",\"url\":\"https:\\\/\\\/www.webdo.tn\\\/fr\\\/\",\"name\":\"webdo\",\"description\":\"Tunisie - News en Tunisie et \u00e0 l&#039;international sur Webdo.tn\",\"publisher\":{\"@id\":\"https:\\\/\\\/www.webdo.tn\\\/fr\\\/#organization\"},\"potentialAction\":[{\"@type\":\"SearchAction\",\"target\":{\"@type\":\"EntryPoint\",\"urlTemplate\":\"https:\\\/\\\/www.webdo.tn\\\/fr\\\/?s={search_term_string}\"},\"query-input\":{\"@type\":\"PropertyValueSpecification\",\"valueRequired\":true,\"valueName\":\"search_term_string\"}}],\"inLanguage\":\"fr-FR\"},{\"@type\":\"Organization\",\"@id\":\"https:\\\/\\\/www.webdo.tn\\\/fr\\\/#organization\",\"name\":\"Webdo\",\"alternateName\":\"Webdo.tn\",\"url\":\"https:\\\/\\\/www.webdo.tn\\\/fr\\\/\",\"logo\":{\"@type\":\"ImageObject\",\"inLanguage\":\"fr-FR\",\"@id\":\"https:\\\/\\\/www.webdo.tn\\\/fr\\\/#\\\/schema\\\/logo\\\/image\\\/\",\"url\":\"https:\\\/\\\/www.webdo.tn\\\/fr\\\/wp-content\\\/uploads\\\/2025\\\/06\\\/Webdo-Tunisie_168377.jpg\",\"contentUrl\":\"https:\\\/\\\/www.webdo.tn\\\/fr\\\/wp-content\\\/uploads\\\/2025\\\/06\\\/Webdo-Tunisie_168377.jpg\",\"width\":301,\"height\":301,\"caption\":\"Webdo\"},\"image\":{\"@id\":\"https:\\\/\\\/www.webdo.tn\\\/fr\\\/#\\\/schema\\\/logo\\\/image\\\/\"},\"sameAs\":[\"https:\\\/\\\/www.facebook.com\\\/webdotn\",\"https:\\\/\\\/x.com\\\/webdo_tn\"],\"description\":\"Webdo est un m\u00e9dia num\u00e9rique tunisien fond\u00e9 en 2010, sp\u00e9cialis\u00e9 dans l\u2019actualit\u00e9 nationale et internationale, l\u2019\u00e9conomie, la soci\u00e9t\u00e9 et les analyses politiques. Le site s\u2019adresse \u00e0 un large public francophone et couvre l\u2019information tunisienne en temps r\u00e9el.\",\"email\":\"redac@webdo.tn\",\"legalName\":\"YNJ SARL\",\"foundingDate\":\"2010-09-06\",\"numberOfEmployees\":{\"@type\":\"QuantitativeValue\",\"minValue\":\"11\",\"maxValue\":\"50\"}},{\"@type\":\"Person\",\"@id\":\"https:\\\/\\\/www.webdo.tn\\\/fr\\\/#\\\/schema\\\/person\\\/f16bf91e3b3c6347371884777659f9d8\",\"name\":\"WB\",\"image\":{\"@type\":\"ImageObject\",\"inLanguage\":\"fr-FR\",\"@id\":\"https:\\\/\\\/secure.gravatar.com\\\/avatar\\\/fd3caf00dbfd4b6d6ce43e8ea4748ed2e4d0fae2c3a87c1e2f6ba0a54c3ab5cb?s=96&d=mm&r=g\",\"url\":\"https:\\\/\\\/secure.gravatar.com\\\/avatar\\\/fd3caf00dbfd4b6d6ce43e8ea4748ed2e4d0fae2c3a87c1e2f6ba0a54c3ab5cb?s=96&d=mm&r=g\",\"contentUrl\":\"https:\\\/\\\/secure.gravatar.com\\\/avatar\\\/fd3caf00dbfd4b6d6ce43e8ea4748ed2e4d0fae2c3a87c1e2f6ba0a54c3ab5cb?s=96&d=mm&r=g\",\"caption\":\"WB\"},\"url\":\"https:\\\/\\\/www.webdo.tn\\\/fr\\\/actualite\\\/author\\\/wb\\\/\"}]}<\/script>\n<!-- \/ Yoast SEO Premium plugin. -->","yoast_head_json":{"title":"Enseignement : Vers l\u2019adoption du r\u00e9gime de la s\u00e9ance unique","description":"A M\u00e9denine, trois \u00e9tablissements \u00e9ducatifs ont d\u00e9j\u00e0 adopt\u00e9 ce r\u00e9gime pour une s\u00e9ance de 8h \u00e0 14h ce qui a permis aux \u00e9l\u00e8ves d\u2019\u00eatre disponibles l\u2019apr\u00e8s- midi pou...","canonical":"https:\/\/www.webdo.tn\/fr\/actualite\/national\/enseignement-vers-l-adoption-du-regime-de-la-seance-unique\/211931\/","og_locale":"fr_FR","og_type":"article","og_title":"Enseignement : Vers l\u2019adoption du r\u00e9gime de la s\u00e9ance unique","og_description":"A M\u00e9denine, trois \u00e9tablissements \u00e9ducatifs ont d\u00e9j\u00e0 adopt\u00e9 ce r\u00e9gime pour une s\u00e9ance de 8h \u00e0 14h ce qui a permis aux \u00e9l\u00e8ves d\u2019\u00eatre disponibles l\u2019apr\u00e8s- midi pou...","og_url":"https:\/\/www.webdo.tn\/fr\/actualite\/national\/enseignement-vers-l-adoption-du-regime-de-la-seance-unique\/211931\/","og_site_name":"webdo","article_publisher":"https:\/\/www.facebook.com\/webdotn","article_published_time":"2024-01-30T23:09:00+00:00","article_modified_time":"2025-05-20T22:55:33+00:00","og_image":[{"width":750,"height":400,"url":"https:\/\/www.webdo.tn\/fr\/wp-content\/uploads\/2024\/01\/b7cf64ad252bc1154133e91d56474fc4.jpg","type":"image\/jpeg"}],"author":"WB","twitter_card":"summary_large_image","twitter_creator":"@webdo_tn","twitter_site":"@webdo_tn","twitter_misc":{"\u00c9crit par":"WB","Dur\u00e9e de lecture estim\u00e9e":"1 minute"},"schema":{"@context":"https:\/\/schema.org","@graph":[{"@type":"NewsArticle","@id":"https:\/\/www.webdo.tn\/fr\/actualite\/national\/enseignement-vers-l-adoption-du-regime-de-la-seance-unique\/211931\/#article","isPartOf":{"@id":"https:\/\/www.webdo.tn\/fr\/actualite\/national\/enseignement-vers-l-adoption-du-regime-de-la-seance-unique\/211931\/"},"author":{"name":"WB","@id":"https:\/\/www.webdo.tn\/fr\/#\/schema\/person\/f16bf91e3b3c6347371884777659f9d8"},"headline":"Enseignement : Vers l\u2019adoption du r\u00e9gime de la s\u00e9ance unique","datePublished":"2024-01-30T23:09:00+00:00","dateModified":"2025-05-20T22:55:33+00:00","mainEntityOfPage":{"@id":"https:\/\/www.webdo.tn\/fr\/actualite\/national\/enseignement-vers-l-adoption-du-regime-de-la-seance-unique\/211931\/"},"wordCount":250,"commentCount":0,"publisher":{"@id":"https:\/\/www.webdo.tn\/fr\/#organization"},"image":{"@id":"https:\/\/www.webdo.tn\/fr\/actualite\/national\/enseignement-vers-l-adoption-du-regime-de-la-seance-unique\/211931\/#primaryimage"},"thumbnailUrl":"https:\/\/www.webdo.tn\/fr\/wp-content\/uploads\/2024\/01\/b7cf64ad252bc1154133e91d56474fc4.jpg","keywords":["enseignement","r\u00e9forme","s\u00e9ance unique","Tunisie"],"articleSection":["National"],"inLanguage":"fr-FR"},{"@type":"WebPage","@id":"https:\/\/www.webdo.tn\/fr\/actualite\/national\/enseignement-vers-l-adoption-du-regime-de-la-seance-unique\/211931\/","url":"https:\/\/www.webdo.tn\/fr\/actualite\/national\/enseignement-vers-l-adoption-du-regime-de-la-seance-unique\/211931\/","name":"Enseignement : Vers l\u2019adoption du r\u00e9gime de la s\u00e9ance unique","isPartOf":{"@id":"https:\/\/www.webdo.tn\/fr\/#website"},"primaryImageOfPage":{"@id":"https:\/\/www.webdo.tn\/fr\/actualite\/national\/enseignement-vers-l-adoption-du-regime-de-la-seance-unique\/211931\/#primaryimage"},"image":{"@id":"https:\/\/www.webdo.tn\/fr\/actualite\/national\/enseignement-vers-l-adoption-du-regime-de-la-seance-unique\/211931\/#primaryimage"},"thumbnailUrl":"https:\/\/www.webdo.tn\/fr\/wp-content\/uploads\/2024\/01\/b7cf64ad252bc1154133e91d56474fc4.jpg","datePublished":"2024-01-30T23:09:00+00:00","dateModified":"2025-05-20T22:55:33+00:00","description":"A M\u00e9denine, trois \u00e9tablissements \u00e9ducatifs ont d\u00e9j\u00e0 adopt\u00e9 ce r\u00e9gime pour une s\u00e9ance de 8h \u00e0 14h ce qui a permis aux \u00e9l\u00e8ves d\u2019\u00eatre disponibles l\u2019apr\u00e8s- midi pou...","breadcrumb":{"@id":"https:\/\/www.webdo.tn\/fr\/actualite\/national\/enseignement-vers-l-adoption-du-regime-de-la-seance-unique\/211931\/#breadcrumb"},"inLanguage":"fr-FR","potentialAction":[{"@type":"ReadAction","target":["https:\/\/www.webdo.tn\/fr\/actualite\/national\/enseignement-vers-l-adoption-du-regime-de-la-seance-unique\/211931\/"]}]},{"@type":"ImageObject","inLanguage":"fr-FR","@id":"https:\/\/www.webdo.tn\/fr\/actualite\/national\/enseignement-vers-l-adoption-du-regime-de-la-seance-unique\/211931\/#primaryimage","url":"https:\/\/www.webdo.tn\/fr\/wp-content\/uploads\/2024\/01\/b7cf64ad252bc1154133e91d56474fc4.jpg","contentUrl":"https:\/\/www.webdo.tn\/fr\/wp-content\/uploads\/2024\/01\/b7cf64ad252bc1154133e91d56474fc4.jpg","width":750,"height":400,"caption":"boughdiri"},{"@type":"BreadcrumbList","@id":"https:\/\/www.webdo.tn\/fr\/actualite\/national\/enseignement-vers-l-adoption-du-regime-de-la-seance-unique\/211931\/#breadcrumb","itemListElement":[{"@type":"ListItem","position":1,"name":"Accueil","item":"https:\/\/www.webdo.tn\/fr\/"},{"@type":"ListItem","position":2,"name":"Enseignement : Vers l\u2019adoption du r\u00e9gime de la s\u00e9ance unique"}]},{"@type":"WebSite","@id":"https:\/\/www.webdo.tn\/fr\/#website","url":"https:\/\/www.webdo.tn\/fr\/","name":"webdo","description":"Tunisie - News en Tunisie et \u00e0 l&#039;international sur Webdo.tn","publisher":{"@id":"https:\/\/www.webdo.tn\/fr\/#organization"},"potentialAction":[{"@type":"SearchAction","target":{"@type":"EntryPoint","urlTemplate":"https:\/\/www.webdo.tn\/fr\/?s={search_term_string}"},"query-input":{"@type":"PropertyValueSpecification","valueRequired":true,"valueName":"search_term_string"}}],"inLanguage":"fr-FR"},{"@type":"Organization","@id":"https:\/\/www.webdo.tn\/fr\/#organization","name":"Webdo","alternateName":"Webdo.tn","url":"https:\/\/www.webdo.tn\/fr\/","logo":{"@type":"ImageObject","inLanguage":"fr-FR","@id":"https:\/\/www.webdo.tn\/fr\/#\/schema\/logo\/image\/","url":"https:\/\/www.webdo.tn\/fr\/wp-content\/uploads\/2025\/06\/Webdo-Tunisie_168377.jpg","contentUrl":"https:\/\/www.webdo.tn\/fr\/wp-content\/uploads\/2025\/06\/Webdo-Tunisie_168377.jpg","width":301,"height":301,"caption":"Webdo"},"image":{"@id":"https:\/\/www.webdo.tn\/fr\/#\/schema\/logo\/image\/"},"sameAs":["https:\/\/www.facebook.com\/webdotn","https:\/\/x.com\/webdo_tn"],"description":"Webdo est un m\u00e9dia num\u00e9rique tunisien fond\u00e9 en 2010, sp\u00e9cialis\u00e9 dans l\u2019actualit\u00e9 nationale et internationale, l\u2019\u00e9conomie, la soci\u00e9t\u00e9 et les analyses politiques. Le site s\u2019adresse \u00e0 un large public francophone et couvre l\u2019information tunisienne en temps r\u00e9el.","email":"redac@webdo.tn","legalName":"YNJ SARL","foundingDate":"2010-09-06","numberOfEmployees":{"@type":"QuantitativeValue","minValue":"11","maxValue":"50"}},{"@type":"Person","@id":"https:\/\/www.webdo.tn\/fr\/#\/schema\/person\/f16bf91e3b3c6347371884777659f9d8","name":"WB","image":{"@type":"ImageObject","inLanguage":"fr-FR","@id":"https:\/\/secure.gravatar.com\/avatar\/fd3caf00dbfd4b6d6ce43e8ea4748ed2e4d0fae2c3a87c1e2f6ba0a54c3ab5cb?s=96&d=mm&r=g","url":"https:\/\/secure.gravatar.com\/avatar\/fd3caf00dbfd4b6d6ce43e8ea4748ed2e4d0fae2c3a87c1e2f6ba0a54c3ab5cb?s=96&d=mm&r=g","contentUrl":"https:\/\/secure.gravatar.com\/avatar\/fd3caf00dbfd4b6d6ce43e8ea4748ed2e4d0fae2c3a87c1e2f6ba0a54c3ab5cb?s=96&d=mm&r=g","caption":"WB"},"url":"https:\/\/www.webdo.tn\/fr\/actualite\/author\/wb\/"}]}},"_links":{"self":[{"href":"https:\/\/www.webdo.tn\/fr\/wp-json\/wp\/v2\/posts\/211931","targetHints":{"allow":["GET"]}}],"collection":[{"href":"https:\/\/www.webdo.tn\/fr\/wp-json\/wp\/v2\/posts"}],"about":[{"href":"https:\/\/www.webdo.tn\/fr\/wp-json\/wp\/v2\/types\/post"}],"author":[{"embeddable":true,"href":"https:\/\/www.webdo.tn\/fr\/wp-json\/wp\/v2\/users\/3182"}],"replies":[{"embeddable":true,"href":"https:\/\/www.webdo.tn\/fr\/wp-json\/wp\/v2\/comments?post=211931"}],"version-history":[{"count":0,"href":"https:\/\/www.webdo.tn\/fr\/wp-json\/wp\/v2\/posts\/211931\/revisions"}],"wp:featuredmedia":[{"embeddable":true,"href":"https:\/\/www.webdo.tn\/fr\/wp-json\/wp\/v2\/media\/248126"}],"wp:attachment":[{"href":"https:\/\/www.webdo.tn\/fr\/wp-json\/wp\/v2\/media?parent=211931"}],"wp:term":[{"taxonomy":"category","embeddable":true,"href":"https:\/\/www.webdo.tn\/fr\/wp-json\/wp\/v2\/categories?post=211931"},{"taxonomy":"post_tag","embeddable":true,"href":"https:\/\/www.webdo.tn\/fr\/wp-json\/wp\/v2\/tags?post=211931"}],"curies":[{"name":"wp","href":"https:\/\/api.w.org\/{rel}","templated":true}]}}