{"id":211925,"date":"2024-01-30T19:33:00","date_gmt":"2024-01-30T19:33:00","guid":{"rendered":"https:\/\/www.webdo.tn\/fr\/blog\/tunisie-l-etat-d-urgence-prolonge-jusqu-a-la-fin-de-l-annee\/211925\/"},"modified":"2025-05-20T22:55:32","modified_gmt":"2025-05-20T22:55:32","slug":"tunisie-l-etat-d-urgence-prolonge-jusqu-a-la-fin-de-l-annee","status":"publish","type":"post","link":"https:\/\/www.webdo.tn\/fr\/actualite\/national\/tunisie-l-etat-d-urgence-prolonge-jusqu-a-la-fin-de-l-annee\/211925\/","title":{"rendered":"Tunisie : L&rsquo;\u00e9tat d&rsquo;urgence prolong\u00e9 jusqu&rsquo;\u00e0 la fin de l&rsquo;ann\u00e9e"},"content":{"rendered":"<p>En vertu du d\u00e9cret n\u00b0 2024-97 du 30 janvier 2024, publi\u00e9 au Jort n\u00b0017 du 30 janvier 2024, l\u2019\u00e9tat d\u2019urgence a \u00e9t\u00e9 prolong\u00e9 sur tout le territoire de la R\u00e9publique tunisienne jusqu&rsquo;\u00e0 la fin de l&rsquo;ann\u00e9e.<\/p>\n<p>\t\t\t\t\t\t\t\t\tCette prolongation prend effet \u00e0 partir de demain, mercredi 31 janvier, et ce, jusqu&rsquo;au 31 d\u00e9cembre 2024, comme indiqu\u00e9 dans le Journal officiel de la R\u00e9publique tunisienne publi\u00e9 aujourd&rsquo;hui, mardi.<\/p>\n<p>La premi\u00e8re fois que l&rsquo;\u00e9tat d&rsquo;urgence a \u00e9t\u00e9 d\u00e9cr\u00e9t\u00e9 sur l&rsquo;ensemble du territoire de la Tunisie, c&rsquo;\u00e9tait en 2015, apr\u00e8s l&rsquo;attaque terroriste qui a vis\u00e9 un bus de la Garde pr\u00e9sidentielle. L&rsquo;attentat avait fait 13 morts.<\/p>\n<p>Depuis, l\u2019\u00e9tat d\u2019urgence a \u00e9t\u00e9 prolong\u00e9 \u00e0 plusieurs reprises. La derni\u00e8re prolongation a \u00e9t\u00e9 d\u00e9cid\u00e9e par le pr\u00e9sident de la R\u00e9publique au d\u00e9but de 2024, et ce du 1er janvier 2024 jusqu&rsquo;au 30 janvier 2024.<\/p>\n","protected":false},"excerpt":{"rendered":"<p>Cette prolongation prend effet \u00e0 partir de demain, mercredi 31 janvier courant, et ce, jusqu&rsquo;au 31 d\u00e9cembre 2024, comme indiqu\u00e9 dans le Journal officiel de la R&#8230;<\/p>\n","protected":false},"author":3182,"featured_media":248123,"comment_status":"open","ping_status":"closed","sticky":false,"template":"","format":"standard","meta":{"footnotes":""},"categories":[44],"tags":[4179,2614,3841,2608],"class_list":["post-211925","post","type-post","status-publish","format-standard","has-post-thumbnail","hentry","category-national","tag-etat-durgence","tag-kais-saied","tag-prolongation","tag-tunisie"],"yoast_head":"<!-- This site is optimized with the Yoast SEO Premium plugin v27.4 (Yoast SEO v27.5) - https:\/\/yoast.com\/product\/yoast-seo-premium-wordpress\/ -->\n<title>Tunisie : L&#039;\u00e9tat d&#039;urgence prolong\u00e9 jusqu&#039;\u00e0 la fin de l&#039;ann\u00e9e<\/title>\n<meta name=\"description\" content=\"Cette prolongation prend effet \u00e0 partir de demain, mercredi 31 janvier courant, et ce, jusqu&#039;au 31 d\u00e9cembre 2024, comme indiqu\u00e9 dans le Journal officiel de la R...\" \/>\n<link rel=\"canonical\" href=\"https:\/\/www.webdo.tn\/fr\/actualite\/national\/tunisie-l-etat-d-urgence-prolonge-jusqu-a-la-fin-de-l-annee\/211925\/\" \/>\n<meta property=\"og:locale\" content=\"fr_FR\" \/>\n<meta property=\"og:type\" content=\"article\" \/>\n<meta property=\"og:title\" content=\"Tunisie : L&#039;\u00e9tat d&#039;urgence prolong\u00e9 jusqu&#039;\u00e0 la fin de l&#039;ann\u00e9e\" \/>\n<meta property=\"og:description\" content=\"Cette prolongation prend effet \u00e0 partir de demain, mercredi 31 janvier courant, et ce, jusqu&#039;au 31 d\u00e9cembre 2024, comme indiqu\u00e9 dans le Journal officiel de la R...\" \/>\n<meta property=\"og:url\" content=\"https:\/\/www.webdo.tn\/fr\/actualite\/national\/tunisie-l-etat-d-urgence-prolonge-jusqu-a-la-fin-de-l-annee\/211925\/\" \/>\n<meta property=\"og:site_name\" content=\"webdo\" \/>\n<meta property=\"article:publisher\" content=\"https:\/\/www.facebook.com\/webdotn\" \/>\n<meta property=\"article:published_time\" content=\"2024-01-30T19:33:00+00:00\" \/>\n<meta property=\"article:modified_time\" content=\"2025-05-20T22:55:32+00:00\" \/>\n<meta property=\"og:image\" content=\"https:\/\/www.webdo.tn\/fr\/wp-content\/uploads\/2024\/01\/f8688bd9bad1c8f856d5e44f297b591b.jpg\" \/>\n\t<meta property=\"og:image:width\" content=\"750\" \/>\n\t<meta property=\"og:image:height\" content=\"400\" \/>\n\t<meta property=\"og:image:type\" content=\"image\/jpeg\" \/>\n<meta name=\"author\" content=\"WB\" \/>\n<meta name=\"twitter:card\" content=\"summary_large_image\" \/>\n<meta name=\"twitter:creator\" content=\"@webdo_tn\" \/>\n<meta name=\"twitter:site\" content=\"@webdo_tn\" \/>\n<meta name=\"twitter:label1\" content=\"\u00c9crit par\" \/>\n\t<meta name=\"twitter:data1\" content=\"WB\" \/>\n\t<meta name=\"twitter:label2\" content=\"Dur\u00e9e de lecture estim\u00e9e\" \/>\n\t<meta name=\"twitter:data2\" content=\"1 minute\" \/>\n<script type=\"application\/ld+json\" class=\"yoast-schema-graph\">{\"@context\":\"https:\\\/\\\/schema.org\",\"@graph\":[{\"@type\":\"NewsArticle\",\"@id\":\"https:\\\/\\\/www.webdo.tn\\\/fr\\\/actualite\\\/national\\\/tunisie-l-etat-d-urgence-prolonge-jusqu-a-la-fin-de-l-annee\\\/211925\\\/#article\",\"isPartOf\":{\"@id\":\"https:\\\/\\\/www.webdo.tn\\\/fr\\\/actualite\\\/national\\\/tunisie-l-etat-d-urgence-prolonge-jusqu-a-la-fin-de-l-annee\\\/211925\\\/\"},\"author\":{\"name\":\"WB\",\"@id\":\"https:\\\/\\\/www.webdo.tn\\\/fr\\\/#\\\/schema\\\/person\\\/f16bf91e3b3c6347371884777659f9d8\"},\"headline\":\"Tunisie : L&rsquo;\u00e9tat d&rsquo;urgence prolong\u00e9 jusqu&rsquo;\u00e0 la fin de l&rsquo;ann\u00e9e\",\"datePublished\":\"2024-01-30T19:33:00+00:00\",\"dateModified\":\"2025-05-20T22:55:32+00:00\",\"mainEntityOfPage\":{\"@id\":\"https:\\\/\\\/www.webdo.tn\\\/fr\\\/actualite\\\/national\\\/tunisie-l-etat-d-urgence-prolonge-jusqu-a-la-fin-de-l-annee\\\/211925\\\/\"},\"wordCount\":165,\"commentCount\":0,\"publisher\":{\"@id\":\"https:\\\/\\\/www.webdo.tn\\\/fr\\\/#organization\"},\"image\":{\"@id\":\"https:\\\/\\\/www.webdo.tn\\\/fr\\\/actualite\\\/national\\\/tunisie-l-etat-d-urgence-prolonge-jusqu-a-la-fin-de-l-annee\\\/211925\\\/#primaryimage\"},\"thumbnailUrl\":\"https:\\\/\\\/www.webdo.tn\\\/fr\\\/wp-content\\\/uploads\\\/2024\\\/01\\\/f8688bd9bad1c8f856d5e44f297b591b.jpg\",\"keywords\":[\"\u00e9tat d'urgence\",\"Kais Saied\",\"Prolongation\",\"Tunisie\"],\"articleSection\":[\"National\"],\"inLanguage\":\"fr-FR\"},{\"@type\":\"WebPage\",\"@id\":\"https:\\\/\\\/www.webdo.tn\\\/fr\\\/actualite\\\/national\\\/tunisie-l-etat-d-urgence-prolonge-jusqu-a-la-fin-de-l-annee\\\/211925\\\/\",\"url\":\"https:\\\/\\\/www.webdo.tn\\\/fr\\\/actualite\\\/national\\\/tunisie-l-etat-d-urgence-prolonge-jusqu-a-la-fin-de-l-annee\\\/211925\\\/\",\"name\":\"Tunisie : L'\u00e9tat d'urgence prolong\u00e9 jusqu'\u00e0 la fin de l'ann\u00e9e\",\"isPartOf\":{\"@id\":\"https:\\\/\\\/www.webdo.tn\\\/fr\\\/#website\"},\"primaryImageOfPage\":{\"@id\":\"https:\\\/\\\/www.webdo.tn\\\/fr\\\/actualite\\\/national\\\/tunisie-l-etat-d-urgence-prolonge-jusqu-a-la-fin-de-l-annee\\\/211925\\\/#primaryimage\"},\"image\":{\"@id\":\"https:\\\/\\\/www.webdo.tn\\\/fr\\\/actualite\\\/national\\\/tunisie-l-etat-d-urgence-prolonge-jusqu-a-la-fin-de-l-annee\\\/211925\\\/#primaryimage\"},\"thumbnailUrl\":\"https:\\\/\\\/www.webdo.tn\\\/fr\\\/wp-content\\\/uploads\\\/2024\\\/01\\\/f8688bd9bad1c8f856d5e44f297b591b.jpg\",\"datePublished\":\"2024-01-30T19:33:00+00:00\",\"dateModified\":\"2025-05-20T22:55:32+00:00\",\"description\":\"Cette prolongation prend effet \u00e0 partir de demain, mercredi 31 janvier courant, et ce, jusqu'au 31 d\u00e9cembre 2024, comme indiqu\u00e9 dans le Journal officiel de la R...\",\"breadcrumb\":{\"@id\":\"https:\\\/\\\/www.webdo.tn\\\/fr\\\/actualite\\\/national\\\/tunisie-l-etat-d-urgence-prolonge-jusqu-a-la-fin-de-l-annee\\\/211925\\\/#breadcrumb\"},\"inLanguage\":\"fr-FR\",\"potentialAction\":[{\"@type\":\"ReadAction\",\"target\":[\"https:\\\/\\\/www.webdo.tn\\\/fr\\\/actualite\\\/national\\\/tunisie-l-etat-d-urgence-prolonge-jusqu-a-la-fin-de-l-annee\\\/211925\\\/\"]}]},{\"@type\":\"ImageObject\",\"inLanguage\":\"fr-FR\",\"@id\":\"https:\\\/\\\/www.webdo.tn\\\/fr\\\/actualite\\\/national\\\/tunisie-l-etat-d-urgence-prolonge-jusqu-a-la-fin-de-l-annee\\\/211925\\\/#primaryimage\",\"url\":\"https:\\\/\\\/www.webdo.tn\\\/fr\\\/wp-content\\\/uploads\\\/2024\\\/01\\\/f8688bd9bad1c8f856d5e44f297b591b.jpg\",\"contentUrl\":\"https:\\\/\\\/www.webdo.tn\\\/fr\\\/wp-content\\\/uploads\\\/2024\\\/01\\\/f8688bd9bad1c8f856d5e44f297b591b.jpg\",\"width\":750,\"height\":400,\"caption\":\"\u00e9tat\"},{\"@type\":\"BreadcrumbList\",\"@id\":\"https:\\\/\\\/www.webdo.tn\\\/fr\\\/actualite\\\/national\\\/tunisie-l-etat-d-urgence-prolonge-jusqu-a-la-fin-de-l-annee\\\/211925\\\/#breadcrumb\",\"itemListElement\":[{\"@type\":\"ListItem\",\"position\":1,\"name\":\"Accueil\",\"item\":\"https:\\\/\\\/www.webdo.tn\\\/fr\\\/\"},{\"@type\":\"ListItem\",\"position\":2,\"name\":\"Tunisie : L&#8217;\u00e9tat d&#8217;urgence prolong\u00e9 jusqu&#8217;\u00e0 la fin de l&#8217;ann\u00e9e\"}]},{\"@type\":\"WebSite\",\"@id\":\"https:\\\/\\\/www.webdo.tn\\\/fr\\\/#website\",\"url\":\"https:\\\/\\\/www.webdo.tn\\\/fr\\\/\",\"name\":\"webdo\",\"description\":\"Tunisie - News en Tunisie et \u00e0 l&#039;international sur Webdo.tn\",\"publisher\":{\"@id\":\"https:\\\/\\\/www.webdo.tn\\\/fr\\\/#organization\"},\"potentialAction\":[{\"@type\":\"SearchAction\",\"target\":{\"@type\":\"EntryPoint\",\"urlTemplate\":\"https:\\\/\\\/www.webdo.tn\\\/fr\\\/?s={search_term_string}\"},\"query-input\":{\"@type\":\"PropertyValueSpecification\",\"valueRequired\":true,\"valueName\":\"search_term_string\"}}],\"inLanguage\":\"fr-FR\"},{\"@type\":\"Organization\",\"@id\":\"https:\\\/\\\/www.webdo.tn\\\/fr\\\/#organization\",\"name\":\"Webdo\",\"alternateName\":\"Webdo.tn\",\"url\":\"https:\\\/\\\/www.webdo.tn\\\/fr\\\/\",\"logo\":{\"@type\":\"ImageObject\",\"inLanguage\":\"fr-FR\",\"@id\":\"https:\\\/\\\/www.webdo.tn\\\/fr\\\/#\\\/schema\\\/logo\\\/image\\\/\",\"url\":\"https:\\\/\\\/www.webdo.tn\\\/fr\\\/wp-content\\\/uploads\\\/2025\\\/06\\\/Webdo-Tunisie_168377.jpg\",\"contentUrl\":\"https:\\\/\\\/www.webdo.tn\\\/fr\\\/wp-content\\\/uploads\\\/2025\\\/06\\\/Webdo-Tunisie_168377.jpg\",\"width\":301,\"height\":301,\"caption\":\"Webdo\"},\"image\":{\"@id\":\"https:\\\/\\\/www.webdo.tn\\\/fr\\\/#\\\/schema\\\/logo\\\/image\\\/\"},\"sameAs\":[\"https:\\\/\\\/www.facebook.com\\\/webdotn\",\"https:\\\/\\\/x.com\\\/webdo_tn\"],\"description\":\"Webdo est un m\u00e9dia num\u00e9rique tunisien fond\u00e9 en 2010, sp\u00e9cialis\u00e9 dans l\u2019actualit\u00e9 nationale et internationale, l\u2019\u00e9conomie, la soci\u00e9t\u00e9 et les analyses politiques. Le site s\u2019adresse \u00e0 un large public francophone et couvre l\u2019information tunisienne en temps r\u00e9el.\",\"email\":\"redac@webdo.tn\",\"legalName\":\"YNJ SARL\",\"foundingDate\":\"2010-09-06\",\"numberOfEmployees\":{\"@type\":\"QuantitativeValue\",\"minValue\":\"11\",\"maxValue\":\"50\"}},{\"@type\":\"Person\",\"@id\":\"https:\\\/\\\/www.webdo.tn\\\/fr\\\/#\\\/schema\\\/person\\\/f16bf91e3b3c6347371884777659f9d8\",\"name\":\"WB\",\"image\":{\"@type\":\"ImageObject\",\"inLanguage\":\"fr-FR\",\"@id\":\"https:\\\/\\\/secure.gravatar.com\\\/avatar\\\/fd3caf00dbfd4b6d6ce43e8ea4748ed2e4d0fae2c3a87c1e2f6ba0a54c3ab5cb?s=96&d=mm&r=g\",\"url\":\"https:\\\/\\\/secure.gravatar.com\\\/avatar\\\/fd3caf00dbfd4b6d6ce43e8ea4748ed2e4d0fae2c3a87c1e2f6ba0a54c3ab5cb?s=96&d=mm&r=g\",\"contentUrl\":\"https:\\\/\\\/secure.gravatar.com\\\/avatar\\\/fd3caf00dbfd4b6d6ce43e8ea4748ed2e4d0fae2c3a87c1e2f6ba0a54c3ab5cb?s=96&d=mm&r=g\",\"caption\":\"WB\"},\"url\":\"https:\\\/\\\/www.webdo.tn\\\/fr\\\/actualite\\\/author\\\/wb\\\/\"}]}<\/script>\n<!-- \/ Yoast SEO Premium plugin. -->","yoast_head_json":{"title":"Tunisie : L'\u00e9tat d'urgence prolong\u00e9 jusqu'\u00e0 la fin de l'ann\u00e9e","description":"Cette prolongation prend effet \u00e0 partir de demain, mercredi 31 janvier courant, et ce, jusqu'au 31 d\u00e9cembre 2024, comme indiqu\u00e9 dans le Journal officiel de la R...","canonical":"https:\/\/www.webdo.tn\/fr\/actualite\/national\/tunisie-l-etat-d-urgence-prolonge-jusqu-a-la-fin-de-l-annee\/211925\/","og_locale":"fr_FR","og_type":"article","og_title":"Tunisie : L'\u00e9tat d'urgence prolong\u00e9 jusqu'\u00e0 la fin de l'ann\u00e9e","og_description":"Cette prolongation prend effet \u00e0 partir de demain, mercredi 31 janvier courant, et ce, jusqu'au 31 d\u00e9cembre 2024, comme indiqu\u00e9 dans le Journal officiel de la R...","og_url":"https:\/\/www.webdo.tn\/fr\/actualite\/national\/tunisie-l-etat-d-urgence-prolonge-jusqu-a-la-fin-de-l-annee\/211925\/","og_site_name":"webdo","article_publisher":"https:\/\/www.facebook.com\/webdotn","article_published_time":"2024-01-30T19:33:00+00:00","article_modified_time":"2025-05-20T22:55:32+00:00","og_image":[{"width":750,"height":400,"url":"https:\/\/www.webdo.tn\/fr\/wp-content\/uploads\/2024\/01\/f8688bd9bad1c8f856d5e44f297b591b.jpg","type":"image\/jpeg"}],"author":"WB","twitter_card":"summary_large_image","twitter_creator":"@webdo_tn","twitter_site":"@webdo_tn","twitter_misc":{"\u00c9crit par":"WB","Dur\u00e9e de lecture estim\u00e9e":"1 minute"},"schema":{"@context":"https:\/\/schema.org","@graph":[{"@type":"NewsArticle","@id":"https:\/\/www.webdo.tn\/fr\/actualite\/national\/tunisie-l-etat-d-urgence-prolonge-jusqu-a-la-fin-de-l-annee\/211925\/#article","isPartOf":{"@id":"https:\/\/www.webdo.tn\/fr\/actualite\/national\/tunisie-l-etat-d-urgence-prolonge-jusqu-a-la-fin-de-l-annee\/211925\/"},"author":{"name":"WB","@id":"https:\/\/www.webdo.tn\/fr\/#\/schema\/person\/f16bf91e3b3c6347371884777659f9d8"},"headline":"Tunisie : L&rsquo;\u00e9tat d&rsquo;urgence prolong\u00e9 jusqu&rsquo;\u00e0 la fin de l&rsquo;ann\u00e9e","datePublished":"2024-01-30T19:33:00+00:00","dateModified":"2025-05-20T22:55:32+00:00","mainEntityOfPage":{"@id":"https:\/\/www.webdo.tn\/fr\/actualite\/national\/tunisie-l-etat-d-urgence-prolonge-jusqu-a-la-fin-de-l-annee\/211925\/"},"wordCount":165,"commentCount":0,"publisher":{"@id":"https:\/\/www.webdo.tn\/fr\/#organization"},"image":{"@id":"https:\/\/www.webdo.tn\/fr\/actualite\/national\/tunisie-l-etat-d-urgence-prolonge-jusqu-a-la-fin-de-l-annee\/211925\/#primaryimage"},"thumbnailUrl":"https:\/\/www.webdo.tn\/fr\/wp-content\/uploads\/2024\/01\/f8688bd9bad1c8f856d5e44f297b591b.jpg","keywords":["\u00e9tat d'urgence","Kais Saied","Prolongation","Tunisie"],"articleSection":["National"],"inLanguage":"fr-FR"},{"@type":"WebPage","@id":"https:\/\/www.webdo.tn\/fr\/actualite\/national\/tunisie-l-etat-d-urgence-prolonge-jusqu-a-la-fin-de-l-annee\/211925\/","url":"https:\/\/www.webdo.tn\/fr\/actualite\/national\/tunisie-l-etat-d-urgence-prolonge-jusqu-a-la-fin-de-l-annee\/211925\/","name":"Tunisie : L'\u00e9tat d'urgence prolong\u00e9 jusqu'\u00e0 la fin de l'ann\u00e9e","isPartOf":{"@id":"https:\/\/www.webdo.tn\/fr\/#website"},"primaryImageOfPage":{"@id":"https:\/\/www.webdo.tn\/fr\/actualite\/national\/tunisie-l-etat-d-urgence-prolonge-jusqu-a-la-fin-de-l-annee\/211925\/#primaryimage"},"image":{"@id":"https:\/\/www.webdo.tn\/fr\/actualite\/national\/tunisie-l-etat-d-urgence-prolonge-jusqu-a-la-fin-de-l-annee\/211925\/#primaryimage"},"thumbnailUrl":"https:\/\/www.webdo.tn\/fr\/wp-content\/uploads\/2024\/01\/f8688bd9bad1c8f856d5e44f297b591b.jpg","datePublished":"2024-01-30T19:33:00+00:00","dateModified":"2025-05-20T22:55:32+00:00","description":"Cette prolongation prend effet \u00e0 partir de demain, mercredi 31 janvier courant, et ce, jusqu'au 31 d\u00e9cembre 2024, comme indiqu\u00e9 dans le Journal officiel de la R...","breadcrumb":{"@id":"https:\/\/www.webdo.tn\/fr\/actualite\/national\/tunisie-l-etat-d-urgence-prolonge-jusqu-a-la-fin-de-l-annee\/211925\/#breadcrumb"},"inLanguage":"fr-FR","potentialAction":[{"@type":"ReadAction","target":["https:\/\/www.webdo.tn\/fr\/actualite\/national\/tunisie-l-etat-d-urgence-prolonge-jusqu-a-la-fin-de-l-annee\/211925\/"]}]},{"@type":"ImageObject","inLanguage":"fr-FR","@id":"https:\/\/www.webdo.tn\/fr\/actualite\/national\/tunisie-l-etat-d-urgence-prolonge-jusqu-a-la-fin-de-l-annee\/211925\/#primaryimage","url":"https:\/\/www.webdo.tn\/fr\/wp-content\/uploads\/2024\/01\/f8688bd9bad1c8f856d5e44f297b591b.jpg","contentUrl":"https:\/\/www.webdo.tn\/fr\/wp-content\/uploads\/2024\/01\/f8688bd9bad1c8f856d5e44f297b591b.jpg","width":750,"height":400,"caption":"\u00e9tat"},{"@type":"BreadcrumbList","@id":"https:\/\/www.webdo.tn\/fr\/actualite\/national\/tunisie-l-etat-d-urgence-prolonge-jusqu-a-la-fin-de-l-annee\/211925\/#breadcrumb","itemListElement":[{"@type":"ListItem","position":1,"name":"Accueil","item":"https:\/\/www.webdo.tn\/fr\/"},{"@type":"ListItem","position":2,"name":"Tunisie : L&#8217;\u00e9tat d&#8217;urgence prolong\u00e9 jusqu&#8217;\u00e0 la fin de l&#8217;ann\u00e9e"}]},{"@type":"WebSite","@id":"https:\/\/www.webdo.tn\/fr\/#website","url":"https:\/\/www.webdo.tn\/fr\/","name":"webdo","description":"Tunisie - News en Tunisie et \u00e0 l&#039;international sur Webdo.tn","publisher":{"@id":"https:\/\/www.webdo.tn\/fr\/#organization"},"potentialAction":[{"@type":"SearchAction","target":{"@type":"EntryPoint","urlTemplate":"https:\/\/www.webdo.tn\/fr\/?s={search_term_string}"},"query-input":{"@type":"PropertyValueSpecification","valueRequired":true,"valueName":"search_term_string"}}],"inLanguage":"fr-FR"},{"@type":"Organization","@id":"https:\/\/www.webdo.tn\/fr\/#organization","name":"Webdo","alternateName":"Webdo.tn","url":"https:\/\/www.webdo.tn\/fr\/","logo":{"@type":"ImageObject","inLanguage":"fr-FR","@id":"https:\/\/www.webdo.tn\/fr\/#\/schema\/logo\/image\/","url":"https:\/\/www.webdo.tn\/fr\/wp-content\/uploads\/2025\/06\/Webdo-Tunisie_168377.jpg","contentUrl":"https:\/\/www.webdo.tn\/fr\/wp-content\/uploads\/2025\/06\/Webdo-Tunisie_168377.jpg","width":301,"height":301,"caption":"Webdo"},"image":{"@id":"https:\/\/www.webdo.tn\/fr\/#\/schema\/logo\/image\/"},"sameAs":["https:\/\/www.facebook.com\/webdotn","https:\/\/x.com\/webdo_tn"],"description":"Webdo est un m\u00e9dia num\u00e9rique tunisien fond\u00e9 en 2010, sp\u00e9cialis\u00e9 dans l\u2019actualit\u00e9 nationale et internationale, l\u2019\u00e9conomie, la soci\u00e9t\u00e9 et les analyses politiques. Le site s\u2019adresse \u00e0 un large public francophone et couvre l\u2019information tunisienne en temps r\u00e9el.","email":"redac@webdo.tn","legalName":"YNJ SARL","foundingDate":"2010-09-06","numberOfEmployees":{"@type":"QuantitativeValue","minValue":"11","maxValue":"50"}},{"@type":"Person","@id":"https:\/\/www.webdo.tn\/fr\/#\/schema\/person\/f16bf91e3b3c6347371884777659f9d8","name":"WB","image":{"@type":"ImageObject","inLanguage":"fr-FR","@id":"https:\/\/secure.gravatar.com\/avatar\/fd3caf00dbfd4b6d6ce43e8ea4748ed2e4d0fae2c3a87c1e2f6ba0a54c3ab5cb?s=96&d=mm&r=g","url":"https:\/\/secure.gravatar.com\/avatar\/fd3caf00dbfd4b6d6ce43e8ea4748ed2e4d0fae2c3a87c1e2f6ba0a54c3ab5cb?s=96&d=mm&r=g","contentUrl":"https:\/\/secure.gravatar.com\/avatar\/fd3caf00dbfd4b6d6ce43e8ea4748ed2e4d0fae2c3a87c1e2f6ba0a54c3ab5cb?s=96&d=mm&r=g","caption":"WB"},"url":"https:\/\/www.webdo.tn\/fr\/actualite\/author\/wb\/"}]}},"_links":{"self":[{"href":"https:\/\/www.webdo.tn\/fr\/wp-json\/wp\/v2\/posts\/211925","targetHints":{"allow":["GET"]}}],"collection":[{"href":"https:\/\/www.webdo.tn\/fr\/wp-json\/wp\/v2\/posts"}],"about":[{"href":"https:\/\/www.webdo.tn\/fr\/wp-json\/wp\/v2\/types\/post"}],"author":[{"embeddable":true,"href":"https:\/\/www.webdo.tn\/fr\/wp-json\/wp\/v2\/users\/3182"}],"replies":[{"embeddable":true,"href":"https:\/\/www.webdo.tn\/fr\/wp-json\/wp\/v2\/comments?post=211925"}],"version-history":[{"count":0,"href":"https:\/\/www.webdo.tn\/fr\/wp-json\/wp\/v2\/posts\/211925\/revisions"}],"wp:featuredmedia":[{"embeddable":true,"href":"https:\/\/www.webdo.tn\/fr\/wp-json\/wp\/v2\/media\/248123"}],"wp:attachment":[{"href":"https:\/\/www.webdo.tn\/fr\/wp-json\/wp\/v2\/media?parent=211925"}],"wp:term":[{"taxonomy":"category","embeddable":true,"href":"https:\/\/www.webdo.tn\/fr\/wp-json\/wp\/v2\/categories?post=211925"},{"taxonomy":"post_tag","embeddable":true,"href":"https:\/\/www.webdo.tn\/fr\/wp-json\/wp\/v2\/tags?post=211925"}],"curies":[{"name":"wp","href":"https:\/\/api.w.org\/{rel}","templated":true}]}}