{"id":211911,"date":"2024-01-30T10:48:00","date_gmt":"2024-01-30T10:48:00","guid":{"rendered":"https:\/\/www.webdo.tn\/fr\/blog\/la-grande-bretagne-envisage-de-reconnaitre-l-etat-palestinien\/211911\/"},"modified":"2025-05-20T22:37:56","modified_gmt":"2025-05-20T22:37:56","slug":"la-grande-bretagne-envisage-de-reconnaitre-l-etat-palestinien","status":"publish","type":"post","link":"https:\/\/www.webdo.tn\/fr\/actualite\/international\/la-grande-bretagne-envisage-de-reconnaitre-l-etat-palestinien\/211911\/","title":{"rendered":"La Grande-Bretagne envisage de reconna\u00eetre l\u2019Etat palestinien"},"content":{"rendered":"<p>La Grande-Bretagne est pr\u00eate \u00e0 avancer la d\u00e9cision de reconna\u00eetre formellement un \u00c9tat palestinien, a annonc\u00e9, lundi 29 janvier, le ministre des Affaires \u00e9trang\u00e8res britannique David Cameron.\u00a0<\/p>\n<p>\t\t\t\t\t\t\t\t\tCameron a d\u00e9clar\u00e9 que les Palestiniens devaient b\u00e9n\u00e9ficier d&rsquo;un horizon politique pour encourager la paix au Moyen-Orient.<\/p>\n<p>Le Royaume-Uni a la responsabilit\u00e9 de d\u00e9finir \u00e0 quoi ressemblerait un \u00c9tat palestinien, a-t-il d\u00e9clar\u00e9 dans une apparition m\u00e9diatique.\u00a0<\/p>\n<p>Selon ses propos, il faudrait montrer au peuple palestinien \u00ab des progr\u00e8s irr\u00e9versibles \u00bb vers une solution \u00e0 deux \u00c9tats, a d\u00e9clar\u00e9 Lord Cameron.<\/p>\n<p>\u00ab\u00a0Au fur et \u00e0 mesure que cela se produira, nous &#8211; avec nos alli\u00e9s &#8211; examinerons la question de la reconnaissance d&rsquo;un Etat palestinien, y compris aux Nations Unies\u00a0\u00bb, a-t-il d\u00e9clar\u00e9.<\/p>\n","protected":false},"excerpt":{"rendered":"<p>Cameron a d\u00e9clar\u00e9 que les Palestiniens devaient b\u00e9n\u00e9ficier d&rsquo;un horizon politique pour encourager la paix au Moyen-Orient.<\/p>\n","protected":false},"author":3175,"featured_media":248116,"comment_status":"open","ping_status":"closed","sticky":false,"template":"","format":"standard","meta":{"footnotes":""},"categories":[2598],"tags":[7102,7101,2688],"class_list":["post-211911","post","type-post","status-publish","format-standard","has-post-thumbnail","hentry","category-international","tag-etat-palestinien","tag-grande-bretagne","tag-palestine"],"yoast_head":"<!-- This site is optimized with the Yoast SEO Premium plugin v27.5 (Yoast SEO v27.5) - https:\/\/yoast.com\/product\/yoast-seo-premium-wordpress\/ -->\n<title>La Grande-Bretagne envisage de reconna\u00eetre l\u2019Etat palestinien<\/title>\n<meta name=\"description\" content=\"Cameron a d\u00e9clar\u00e9 que les Palestiniens devaient b\u00e9n\u00e9ficier d&#039;un horizon politique pour encourager la paix au Moyen-Orient.\" \/>\n<link rel=\"canonical\" href=\"https:\/\/www.webdo.tn\/fr\/actualite\/international\/la-grande-bretagne-envisage-de-reconnaitre-l-etat-palestinien\/211911\/\" \/>\n<meta property=\"og:locale\" content=\"fr_FR\" \/>\n<meta property=\"og:type\" content=\"article\" \/>\n<meta property=\"og:title\" content=\"La Grande-Bretagne envisage de reconna\u00eetre l\u2019Etat palestinien\" \/>\n<meta property=\"og:description\" content=\"Cameron a d\u00e9clar\u00e9 que les Palestiniens devaient b\u00e9n\u00e9ficier d&#039;un horizon politique pour encourager la paix au Moyen-Orient.\" \/>\n<meta property=\"og:url\" content=\"https:\/\/www.webdo.tn\/fr\/actualite\/international\/la-grande-bretagne-envisage-de-reconnaitre-l-etat-palestinien\/211911\/\" \/>\n<meta property=\"og:site_name\" content=\"webdo\" \/>\n<meta property=\"article:publisher\" content=\"https:\/\/www.facebook.com\/webdotn\" \/>\n<meta property=\"article:published_time\" content=\"2024-01-30T10:48:00+00:00\" \/>\n<meta property=\"article:modified_time\" content=\"2025-05-20T22:37:56+00:00\" \/>\n<meta property=\"og:image\" content=\"https:\/\/www.webdo.tn\/fr\/wp-content\/uploads\/2024\/01\/52583eb371ceb0d0de5a812788ff8ae9.png\" \/>\n\t<meta property=\"og:image:width\" content=\"750\" \/>\n\t<meta property=\"og:image:height\" content=\"400\" \/>\n\t<meta property=\"og:image:type\" content=\"image\/png\" \/>\n<meta name=\"author\" content=\"CL\" \/>\n<meta name=\"twitter:card\" content=\"summary_large_image\" \/>\n<meta name=\"twitter:creator\" content=\"@webdo_tn\" \/>\n<meta name=\"twitter:site\" content=\"@webdo_tn\" \/>\n<meta name=\"twitter:label1\" content=\"\u00c9crit par\" \/>\n\t<meta name=\"twitter:data1\" content=\"CL\" \/>\n\t<meta name=\"twitter:label2\" content=\"Dur\u00e9e de lecture estim\u00e9e\" \/>\n\t<meta name=\"twitter:data2\" content=\"1 minute\" \/>\n<script type=\"application\/ld+json\" class=\"yoast-schema-graph\">{\"@context\":\"https:\\\/\\\/schema.org\",\"@graph\":[{\"@type\":\"NewsArticle\",\"@id\":\"https:\\\/\\\/www.webdo.tn\\\/fr\\\/actualite\\\/international\\\/la-grande-bretagne-envisage-de-reconnaitre-l-etat-palestinien\\\/211911\\\/#article\",\"isPartOf\":{\"@id\":\"https:\\\/\\\/www.webdo.tn\\\/fr\\\/actualite\\\/international\\\/la-grande-bretagne-envisage-de-reconnaitre-l-etat-palestinien\\\/211911\\\/\"},\"author\":{\"name\":\"CL\",\"@id\":\"https:\\\/\\\/www.webdo.tn\\\/fr\\\/#\\\/schema\\\/person\\\/f35b42a42c5e2511bbd282959d6385cc\"},\"headline\":\"La Grande-Bretagne envisage de reconna\u00eetre l\u2019Etat palestinien\",\"datePublished\":\"2024-01-30T10:48:00+00:00\",\"dateModified\":\"2025-05-20T22:37:56+00:00\",\"mainEntityOfPage\":{\"@id\":\"https:\\\/\\\/www.webdo.tn\\\/fr\\\/actualite\\\/international\\\/la-grande-bretagne-envisage-de-reconnaitre-l-etat-palestinien\\\/211911\\\/\"},\"wordCount\":137,\"commentCount\":0,\"publisher\":{\"@id\":\"https:\\\/\\\/www.webdo.tn\\\/fr\\\/#organization\"},\"image\":{\"@id\":\"https:\\\/\\\/www.webdo.tn\\\/fr\\\/actualite\\\/international\\\/la-grande-bretagne-envisage-de-reconnaitre-l-etat-palestinien\\\/211911\\\/#primaryimage\"},\"thumbnailUrl\":\"https:\\\/\\\/www.webdo.tn\\\/fr\\\/wp-content\\\/uploads\\\/2024\\\/01\\\/52583eb371ceb0d0de5a812788ff8ae9.png\",\"keywords\":[\"Etat palestinien\",\"Grande-Bretagne\",\"Palestine\"],\"articleSection\":[\"International\"],\"inLanguage\":\"fr-FR\"},{\"@type\":\"WebPage\",\"@id\":\"https:\\\/\\\/www.webdo.tn\\\/fr\\\/actualite\\\/international\\\/la-grande-bretagne-envisage-de-reconnaitre-l-etat-palestinien\\\/211911\\\/\",\"url\":\"https:\\\/\\\/www.webdo.tn\\\/fr\\\/actualite\\\/international\\\/la-grande-bretagne-envisage-de-reconnaitre-l-etat-palestinien\\\/211911\\\/\",\"name\":\"La Grande-Bretagne envisage de reconna\u00eetre l\u2019Etat palestinien\",\"isPartOf\":{\"@id\":\"https:\\\/\\\/www.webdo.tn\\\/fr\\\/#website\"},\"primaryImageOfPage\":{\"@id\":\"https:\\\/\\\/www.webdo.tn\\\/fr\\\/actualite\\\/international\\\/la-grande-bretagne-envisage-de-reconnaitre-l-etat-palestinien\\\/211911\\\/#primaryimage\"},\"image\":{\"@id\":\"https:\\\/\\\/www.webdo.tn\\\/fr\\\/actualite\\\/international\\\/la-grande-bretagne-envisage-de-reconnaitre-l-etat-palestinien\\\/211911\\\/#primaryimage\"},\"thumbnailUrl\":\"https:\\\/\\\/www.webdo.tn\\\/fr\\\/wp-content\\\/uploads\\\/2024\\\/01\\\/52583eb371ceb0d0de5a812788ff8ae9.png\",\"datePublished\":\"2024-01-30T10:48:00+00:00\",\"dateModified\":\"2025-05-20T22:37:56+00:00\",\"description\":\"Cameron a d\u00e9clar\u00e9 que les Palestiniens devaient b\u00e9n\u00e9ficier d'un horizon politique pour encourager la paix au Moyen-Orient.\",\"breadcrumb\":{\"@id\":\"https:\\\/\\\/www.webdo.tn\\\/fr\\\/actualite\\\/international\\\/la-grande-bretagne-envisage-de-reconnaitre-l-etat-palestinien\\\/211911\\\/#breadcrumb\"},\"inLanguage\":\"fr-FR\",\"potentialAction\":[{\"@type\":\"ReadAction\",\"target\":[\"https:\\\/\\\/www.webdo.tn\\\/fr\\\/actualite\\\/international\\\/la-grande-bretagne-envisage-de-reconnaitre-l-etat-palestinien\\\/211911\\\/\"]}]},{\"@type\":\"ImageObject\",\"inLanguage\":\"fr-FR\",\"@id\":\"https:\\\/\\\/www.webdo.tn\\\/fr\\\/actualite\\\/international\\\/la-grande-bretagne-envisage-de-reconnaitre-l-etat-palestinien\\\/211911\\\/#primaryimage\",\"url\":\"https:\\\/\\\/www.webdo.tn\\\/fr\\\/wp-content\\\/uploads\\\/2024\\\/01\\\/52583eb371ceb0d0de5a812788ff8ae9.png\",\"contentUrl\":\"https:\\\/\\\/www.webdo.tn\\\/fr\\\/wp-content\\\/uploads\\\/2024\\\/01\\\/52583eb371ceb0d0de5a812788ff8ae9.png\",\"width\":750,\"height\":400,\"caption\":\"La Grande-Bretagne envisage de reconna\u00eetre l\u2019Etat palestinien\"},{\"@type\":\"BreadcrumbList\",\"@id\":\"https:\\\/\\\/www.webdo.tn\\\/fr\\\/actualite\\\/international\\\/la-grande-bretagne-envisage-de-reconnaitre-l-etat-palestinien\\\/211911\\\/#breadcrumb\",\"itemListElement\":[{\"@type\":\"ListItem\",\"position\":1,\"name\":\"Accueil\",\"item\":\"https:\\\/\\\/www.webdo.tn\\\/fr\\\/\"},{\"@type\":\"ListItem\",\"position\":2,\"name\":\"La Grande-Bretagne envisage de reconna\u00eetre l\u2019Etat palestinien\"}]},{\"@type\":\"WebSite\",\"@id\":\"https:\\\/\\\/www.webdo.tn\\\/fr\\\/#website\",\"url\":\"https:\\\/\\\/www.webdo.tn\\\/fr\\\/\",\"name\":\"webdo\",\"description\":\"Tunisie - News en Tunisie et \u00e0 l&#039;international sur Webdo.tn\",\"publisher\":{\"@id\":\"https:\\\/\\\/www.webdo.tn\\\/fr\\\/#organization\"},\"potentialAction\":[{\"@type\":\"SearchAction\",\"target\":{\"@type\":\"EntryPoint\",\"urlTemplate\":\"https:\\\/\\\/www.webdo.tn\\\/fr\\\/?s={search_term_string}\"},\"query-input\":{\"@type\":\"PropertyValueSpecification\",\"valueRequired\":true,\"valueName\":\"search_term_string\"}}],\"inLanguage\":\"fr-FR\"},{\"@type\":\"Organization\",\"@id\":\"https:\\\/\\\/www.webdo.tn\\\/fr\\\/#organization\",\"name\":\"Webdo\",\"alternateName\":\"Webdo.tn\",\"url\":\"https:\\\/\\\/www.webdo.tn\\\/fr\\\/\",\"logo\":{\"@type\":\"ImageObject\",\"inLanguage\":\"fr-FR\",\"@id\":\"https:\\\/\\\/www.webdo.tn\\\/fr\\\/#\\\/schema\\\/logo\\\/image\\\/\",\"url\":\"https:\\\/\\\/www.webdo.tn\\\/fr\\\/wp-content\\\/uploads\\\/2025\\\/06\\\/Webdo-Tunisie_168377.jpg\",\"contentUrl\":\"https:\\\/\\\/www.webdo.tn\\\/fr\\\/wp-content\\\/uploads\\\/2025\\\/06\\\/Webdo-Tunisie_168377.jpg\",\"width\":301,\"height\":301,\"caption\":\"Webdo\"},\"image\":{\"@id\":\"https:\\\/\\\/www.webdo.tn\\\/fr\\\/#\\\/schema\\\/logo\\\/image\\\/\"},\"sameAs\":[\"https:\\\/\\\/www.facebook.com\\\/webdotn\",\"https:\\\/\\\/x.com\\\/webdo_tn\"],\"description\":\"Webdo est un m\u00e9dia num\u00e9rique tunisien fond\u00e9 en 2010, sp\u00e9cialis\u00e9 dans l\u2019actualit\u00e9 nationale et internationale, l\u2019\u00e9conomie, la soci\u00e9t\u00e9 et les analyses politiques. Le site s\u2019adresse \u00e0 un large public francophone et couvre l\u2019information tunisienne en temps r\u00e9el.\",\"email\":\"redac@webdo.tn\",\"legalName\":\"YNJ SARL\",\"foundingDate\":\"2010-09-06\",\"numberOfEmployees\":{\"@type\":\"QuantitativeValue\",\"minValue\":\"11\",\"maxValue\":\"50\"}},{\"@type\":\"Person\",\"@id\":\"https:\\\/\\\/www.webdo.tn\\\/fr\\\/#\\\/schema\\\/person\\\/f35b42a42c5e2511bbd282959d6385cc\",\"name\":\"CL\",\"image\":{\"@type\":\"ImageObject\",\"inLanguage\":\"fr-FR\",\"@id\":\"https:\\\/\\\/secure.gravatar.com\\\/avatar\\\/1447a49909b67aa657c488aec6512e1dd6143a480c1ecfee9b5b5cd74eb3b59e?s=96&d=mm&r=g\",\"url\":\"https:\\\/\\\/secure.gravatar.com\\\/avatar\\\/1447a49909b67aa657c488aec6512e1dd6143a480c1ecfee9b5b5cd74eb3b59e?s=96&d=mm&r=g\",\"contentUrl\":\"https:\\\/\\\/secure.gravatar.com\\\/avatar\\\/1447a49909b67aa657c488aec6512e1dd6143a480c1ecfee9b5b5cd74eb3b59e?s=96&d=mm&r=g\",\"caption\":\"CL\"},\"url\":\"https:\\\/\\\/www.webdo.tn\\\/fr\\\/actualite\\\/author\\\/cl\\\/\"}]}<\/script>\n<!-- \/ Yoast SEO Premium plugin. -->","yoast_head_json":{"title":"La Grande-Bretagne envisage de reconna\u00eetre l\u2019Etat palestinien","description":"Cameron a d\u00e9clar\u00e9 que les Palestiniens devaient b\u00e9n\u00e9ficier d'un horizon politique pour encourager la paix au Moyen-Orient.","canonical":"https:\/\/www.webdo.tn\/fr\/actualite\/international\/la-grande-bretagne-envisage-de-reconnaitre-l-etat-palestinien\/211911\/","og_locale":"fr_FR","og_type":"article","og_title":"La Grande-Bretagne envisage de reconna\u00eetre l\u2019Etat palestinien","og_description":"Cameron a d\u00e9clar\u00e9 que les Palestiniens devaient b\u00e9n\u00e9ficier d'un horizon politique pour encourager la paix au Moyen-Orient.","og_url":"https:\/\/www.webdo.tn\/fr\/actualite\/international\/la-grande-bretagne-envisage-de-reconnaitre-l-etat-palestinien\/211911\/","og_site_name":"webdo","article_publisher":"https:\/\/www.facebook.com\/webdotn","article_published_time":"2024-01-30T10:48:00+00:00","article_modified_time":"2025-05-20T22:37:56+00:00","og_image":[{"width":750,"height":400,"url":"https:\/\/www.webdo.tn\/fr\/wp-content\/uploads\/2024\/01\/52583eb371ceb0d0de5a812788ff8ae9.png","type":"image\/png"}],"author":"CL","twitter_card":"summary_large_image","twitter_creator":"@webdo_tn","twitter_site":"@webdo_tn","twitter_misc":{"\u00c9crit par":"CL","Dur\u00e9e de lecture estim\u00e9e":"1 minute"},"schema":{"@context":"https:\/\/schema.org","@graph":[{"@type":"NewsArticle","@id":"https:\/\/www.webdo.tn\/fr\/actualite\/international\/la-grande-bretagne-envisage-de-reconnaitre-l-etat-palestinien\/211911\/#article","isPartOf":{"@id":"https:\/\/www.webdo.tn\/fr\/actualite\/international\/la-grande-bretagne-envisage-de-reconnaitre-l-etat-palestinien\/211911\/"},"author":{"name":"CL","@id":"https:\/\/www.webdo.tn\/fr\/#\/schema\/person\/f35b42a42c5e2511bbd282959d6385cc"},"headline":"La Grande-Bretagne envisage de reconna\u00eetre l\u2019Etat palestinien","datePublished":"2024-01-30T10:48:00+00:00","dateModified":"2025-05-20T22:37:56+00:00","mainEntityOfPage":{"@id":"https:\/\/www.webdo.tn\/fr\/actualite\/international\/la-grande-bretagne-envisage-de-reconnaitre-l-etat-palestinien\/211911\/"},"wordCount":137,"commentCount":0,"publisher":{"@id":"https:\/\/www.webdo.tn\/fr\/#organization"},"image":{"@id":"https:\/\/www.webdo.tn\/fr\/actualite\/international\/la-grande-bretagne-envisage-de-reconnaitre-l-etat-palestinien\/211911\/#primaryimage"},"thumbnailUrl":"https:\/\/www.webdo.tn\/fr\/wp-content\/uploads\/2024\/01\/52583eb371ceb0d0de5a812788ff8ae9.png","keywords":["Etat palestinien","Grande-Bretagne","Palestine"],"articleSection":["International"],"inLanguage":"fr-FR"},{"@type":"WebPage","@id":"https:\/\/www.webdo.tn\/fr\/actualite\/international\/la-grande-bretagne-envisage-de-reconnaitre-l-etat-palestinien\/211911\/","url":"https:\/\/www.webdo.tn\/fr\/actualite\/international\/la-grande-bretagne-envisage-de-reconnaitre-l-etat-palestinien\/211911\/","name":"La Grande-Bretagne envisage de reconna\u00eetre l\u2019Etat palestinien","isPartOf":{"@id":"https:\/\/www.webdo.tn\/fr\/#website"},"primaryImageOfPage":{"@id":"https:\/\/www.webdo.tn\/fr\/actualite\/international\/la-grande-bretagne-envisage-de-reconnaitre-l-etat-palestinien\/211911\/#primaryimage"},"image":{"@id":"https:\/\/www.webdo.tn\/fr\/actualite\/international\/la-grande-bretagne-envisage-de-reconnaitre-l-etat-palestinien\/211911\/#primaryimage"},"thumbnailUrl":"https:\/\/www.webdo.tn\/fr\/wp-content\/uploads\/2024\/01\/52583eb371ceb0d0de5a812788ff8ae9.png","datePublished":"2024-01-30T10:48:00+00:00","dateModified":"2025-05-20T22:37:56+00:00","description":"Cameron a d\u00e9clar\u00e9 que les Palestiniens devaient b\u00e9n\u00e9ficier d'un horizon politique pour encourager la paix au Moyen-Orient.","breadcrumb":{"@id":"https:\/\/www.webdo.tn\/fr\/actualite\/international\/la-grande-bretagne-envisage-de-reconnaitre-l-etat-palestinien\/211911\/#breadcrumb"},"inLanguage":"fr-FR","potentialAction":[{"@type":"ReadAction","target":["https:\/\/www.webdo.tn\/fr\/actualite\/international\/la-grande-bretagne-envisage-de-reconnaitre-l-etat-palestinien\/211911\/"]}]},{"@type":"ImageObject","inLanguage":"fr-FR","@id":"https:\/\/www.webdo.tn\/fr\/actualite\/international\/la-grande-bretagne-envisage-de-reconnaitre-l-etat-palestinien\/211911\/#primaryimage","url":"https:\/\/www.webdo.tn\/fr\/wp-content\/uploads\/2024\/01\/52583eb371ceb0d0de5a812788ff8ae9.png","contentUrl":"https:\/\/www.webdo.tn\/fr\/wp-content\/uploads\/2024\/01\/52583eb371ceb0d0de5a812788ff8ae9.png","width":750,"height":400,"caption":"La Grande-Bretagne envisage de reconna\u00eetre l\u2019Etat palestinien"},{"@type":"BreadcrumbList","@id":"https:\/\/www.webdo.tn\/fr\/actualite\/international\/la-grande-bretagne-envisage-de-reconnaitre-l-etat-palestinien\/211911\/#breadcrumb","itemListElement":[{"@type":"ListItem","position":1,"name":"Accueil","item":"https:\/\/www.webdo.tn\/fr\/"},{"@type":"ListItem","position":2,"name":"La Grande-Bretagne envisage de reconna\u00eetre l\u2019Etat palestinien"}]},{"@type":"WebSite","@id":"https:\/\/www.webdo.tn\/fr\/#website","url":"https:\/\/www.webdo.tn\/fr\/","name":"webdo","description":"Tunisie - News en Tunisie et \u00e0 l&#039;international sur Webdo.tn","publisher":{"@id":"https:\/\/www.webdo.tn\/fr\/#organization"},"potentialAction":[{"@type":"SearchAction","target":{"@type":"EntryPoint","urlTemplate":"https:\/\/www.webdo.tn\/fr\/?s={search_term_string}"},"query-input":{"@type":"PropertyValueSpecification","valueRequired":true,"valueName":"search_term_string"}}],"inLanguage":"fr-FR"},{"@type":"Organization","@id":"https:\/\/www.webdo.tn\/fr\/#organization","name":"Webdo","alternateName":"Webdo.tn","url":"https:\/\/www.webdo.tn\/fr\/","logo":{"@type":"ImageObject","inLanguage":"fr-FR","@id":"https:\/\/www.webdo.tn\/fr\/#\/schema\/logo\/image\/","url":"https:\/\/www.webdo.tn\/fr\/wp-content\/uploads\/2025\/06\/Webdo-Tunisie_168377.jpg","contentUrl":"https:\/\/www.webdo.tn\/fr\/wp-content\/uploads\/2025\/06\/Webdo-Tunisie_168377.jpg","width":301,"height":301,"caption":"Webdo"},"image":{"@id":"https:\/\/www.webdo.tn\/fr\/#\/schema\/logo\/image\/"},"sameAs":["https:\/\/www.facebook.com\/webdotn","https:\/\/x.com\/webdo_tn"],"description":"Webdo est un m\u00e9dia num\u00e9rique tunisien fond\u00e9 en 2010, sp\u00e9cialis\u00e9 dans l\u2019actualit\u00e9 nationale et internationale, l\u2019\u00e9conomie, la soci\u00e9t\u00e9 et les analyses politiques. Le site s\u2019adresse \u00e0 un large public francophone et couvre l\u2019information tunisienne en temps r\u00e9el.","email":"redac@webdo.tn","legalName":"YNJ SARL","foundingDate":"2010-09-06","numberOfEmployees":{"@type":"QuantitativeValue","minValue":"11","maxValue":"50"}},{"@type":"Person","@id":"https:\/\/www.webdo.tn\/fr\/#\/schema\/person\/f35b42a42c5e2511bbd282959d6385cc","name":"CL","image":{"@type":"ImageObject","inLanguage":"fr-FR","@id":"https:\/\/secure.gravatar.com\/avatar\/1447a49909b67aa657c488aec6512e1dd6143a480c1ecfee9b5b5cd74eb3b59e?s=96&d=mm&r=g","url":"https:\/\/secure.gravatar.com\/avatar\/1447a49909b67aa657c488aec6512e1dd6143a480c1ecfee9b5b5cd74eb3b59e?s=96&d=mm&r=g","contentUrl":"https:\/\/secure.gravatar.com\/avatar\/1447a49909b67aa657c488aec6512e1dd6143a480c1ecfee9b5b5cd74eb3b59e?s=96&d=mm&r=g","caption":"CL"},"url":"https:\/\/www.webdo.tn\/fr\/actualite\/author\/cl\/"}]}},"_links":{"self":[{"href":"https:\/\/www.webdo.tn\/fr\/wp-json\/wp\/v2\/posts\/211911","targetHints":{"allow":["GET"]}}],"collection":[{"href":"https:\/\/www.webdo.tn\/fr\/wp-json\/wp\/v2\/posts"}],"about":[{"href":"https:\/\/www.webdo.tn\/fr\/wp-json\/wp\/v2\/types\/post"}],"author":[{"embeddable":true,"href":"https:\/\/www.webdo.tn\/fr\/wp-json\/wp\/v2\/users\/3175"}],"replies":[{"embeddable":true,"href":"https:\/\/www.webdo.tn\/fr\/wp-json\/wp\/v2\/comments?post=211911"}],"version-history":[{"count":0,"href":"https:\/\/www.webdo.tn\/fr\/wp-json\/wp\/v2\/posts\/211911\/revisions"}],"wp:featuredmedia":[{"embeddable":true,"href":"https:\/\/www.webdo.tn\/fr\/wp-json\/wp\/v2\/media\/248116"}],"wp:attachment":[{"href":"https:\/\/www.webdo.tn\/fr\/wp-json\/wp\/v2\/media?parent=211911"}],"wp:term":[{"taxonomy":"category","embeddable":true,"href":"https:\/\/www.webdo.tn\/fr\/wp-json\/wp\/v2\/categories?post=211911"},{"taxonomy":"post_tag","embeddable":true,"href":"https:\/\/www.webdo.tn\/fr\/wp-json\/wp\/v2\/tags?post=211911"}],"curies":[{"name":"wp","href":"https:\/\/api.w.org\/{rel}","templated":true}]}}