{"id":211907,"date":"2024-01-30T09:43:00","date_gmt":"2024-01-30T09:43:00","guid":{"rendered":"https:\/\/www.webdo.tn\/fr\/blog\/tunisie-les-caisses-sociales-marchent-elles-sur-les-plates-bandes-des-banques\/211907\/"},"modified":"2025-05-20T22:32:29","modified_gmt":"2025-05-20T22:32:29","slug":"tunisie-les-caisses-sociales-marchent-elles-sur-les-plates-bandes-des-banques","status":"publish","type":"post","link":"https:\/\/www.webdo.tn\/fr\/actualite\/national\/tunisie-les-caisses-sociales-marchent-elles-sur-les-plates-bandes-des-banques\/211907\/","title":{"rendered":"Tunisie : Les caisses sociales marchent-elles sur les plates-bandes des banques ?"},"content":{"rendered":"<p>Que les caisses sociales octroient, dans des circonstances particuli\u00e8res et \u00e0 concurrence de leurs ressources, des cr\u00e9dits \u00e0 des taux pr\u00e9f\u00e9rentiels \u00e0 leurs affili\u00e9s, cela peut entrer dans leurs pr\u00e9rogatives sociales. Mais qu\u2019elles viennent \u00e0 marcher sur les plates-bandes des banques et se positionner dans un march\u00e9 de cr\u00e9dits qui est l\u2019apanage exclusif des institutions financi\u00e8res, cela pr\u00eate \u00e0 \u00e9quivoque.<\/p>\n<p>\t\t\t\t\t\t\t\t\tL\u2019annonce par le ministre des Affaires sociales Malek Zehi de revoir \u00e0 la hausse le montant des cr\u00e9dits accord\u00e9s par les caisses sociales, si elle a ravi les affili\u00e9s sociaux elle a, dans le m\u00eame temps, suscit\u00e9 beaucoup de questionnements quant \u00e0 son opportunit\u00e9 et son timing, surtout sa faisabilit\u00e9 et ses chances de sa r\u00e9ussite.<\/p>\n<p>Cela dit, nous ne contestons aucunement l\u2019opportunit\u00e9 de cette mesure et sa port\u00e9e sociale, ce sont plut\u00f4t les moyens financiers que requiert cette op\u00e9ration qui alimente notre appr\u00e9hension quant aux chances de la voir aboutir.<\/p>\n<p>Des d\u00e9ficits abyssaux !<\/p>\n<p>La premi\u00e8re question qui nous revient \u00e0 l\u2019esprit : en d\u00e9cidant de cette mesure qui doit entrer en vigueur \u00e0 partir du 1er f\u00e9vrier 2024, le minist\u00e8re des Affaires sociales s\u2019est-il donn\u00e9 les moyens de sa politique ? Nous disons cela parce qu\u2019\u00e0 ce jour, aucun responsable ne s\u2019est exprim\u00e9 sur la partie qui financera lesdits cr\u00e9dits ?<\/p>\n<p>Les caisses sociales sont incapables de le faire. Les chiffres en t\u00e9moignent : le d\u00e9ficit cumul\u00e9 des deux caisses culmine \u00e0 5,62 milliards de dinars en 2022. La CNSS en accuse la grande partie (plus de 5 Mds de dinars). La CNRPS n\u2019est pas moins lotie et sans le concours de l\u2019Etat elle aurait \u00e9t\u00e9 mise \u00e0 mal par le d\u00e9ficit qu\u2019elle tra\u00eene d\u00e9j\u00e0.<\/p>\n<p>C\u2019est clair : les deux caisses n\u2019ont pas de ressources pour financer les cr\u00e9dits, encore heureux qu\u2019elles assurent \u2013 \u00e0 temps \u2013 les pensions des retrait\u00e9s et autres prestations sociales.<\/p>\n<p>La seule solution est le concours de l\u2019Etat. Mais celui-ci a-t-il budg\u00e9tis\u00e9 cette mesure dans la LF 2024 et dans le Budget de l\u2019Etat ? Nous ne relevons aucune trace de cela. Va-t-il conc\u00e9der des rallonges pour concr\u00e9tiser cette op\u00e9ration ? Oui, il peut le faire mais par le biais de quelles ressources ? D\u00e9j\u00e0, il para\u00eet que le taux de 1% au titre de la cotisation de solidarit\u00e9 d\u00e9duite des salaires n\u2019est pas affect\u00e9 aux caisses sociales !<\/p>\n<p>L\u2019Etat recourra-t-il \u00e0 des lignes de cr\u00e9dit ext\u00e9rieures pour financer cette op\u00e9ration ? Cela peut para\u00eetre \u00ab anecdotique \u00bb au regard du volume de l\u2019endettement de la Tunisie.<\/p>\n<p>Quels impacts sur l\u2019activit\u00e9 des banques ?<\/p>\n<p>L\u2019autre questionnement suscit\u00e9 par cette mesure &#8211; si elle vient \u00e0 \u00eatre appliqu\u00e9e &#8211; a trait \u00e0 l\u2019impact qu\u2019elle aura sur l\u2019activit\u00e9 des banques. Comment celles-ci vont-elles, dor\u00e9navant, se positionner sur le march\u00e9 des cr\u00e9dits avec cette nouvelle donne ?<\/p>\n<p>Vont-elles conc\u00e9der des points de pourcentage sur le taux d\u2019int\u00e9r\u00eat pour se rapprocher de celui qui sera appliqu\u00e9 par les caisses sociales ?<\/p>\n<p>A titre d\u2019exemple, actuellement, pour un pr\u00eat logement de 15.000 dinars, la CNSS applique un taux d&rsquo;int\u00e9r\u00eat de 6,75% l&rsquo;an. Les banques vont-elle pouvoir aller au-dessous du taux de march\u00e9 mon\u00e9taire (le TMM se situe \u00e0 plus ou moins 8%) ? Il est insens\u00e9 de croire \u00e0 ce que les institutions financi\u00e8res pr\u00eatent de l\u2019argent \u00e0 un taux inf\u00e9rieur \u00e0 celui du niveau de l\u2019inflation (9%).<\/p>\n<p>A ce titre, nous sommes encore dans l\u2019attente de r\u00e9actions \u00e9manant de la sph\u00e8re bancaire et financi\u00e8re par rapport \u00e0 cette mesure. L\u2019Association professionnelle tunisienne des banques et des \u00e9tablissements financiers (APTBEF) n\u2019a pas encore r\u00e9agi, encore moins la BCT sens\u00e9e assurer la politique mon\u00e9taire du pays et s\u2019assurer qu\u2019une concurrence saine soit \u00e9tablie entre tous les acteurs \u00e9conomiques.<\/p>\n<p>Or, en pr\u00eatant \u00e0 un taux inf\u00e9rieur \u00e0 celui du TMM, les caisses sociales ne sont-elles pas en train d\u2019enfreindre cette r\u00e8gle ?<\/p>\n<p>Chahir Chakroun<\/p>\n","protected":false},"excerpt":{"rendered":"<p>L\u2019annonce par le ministre des Affaires sociales Malek Zehi de revoir \u00e0 la hausse le montant des cr\u00e9dits accord\u00e9s par les caisses sociales, si elle a ravi les af&#8230;<\/p>\n","protected":false},"author":3169,"featured_media":248118,"comment_status":"open","ping_status":"closed","sticky":false,"template":"","format":"standard","meta":{"footnotes":""},"categories":[44],"tags":[3063,5019,7104,3378,7105,2608],"class_list":["post-211907","post","type-post","status-publish","format-standard","has-post-thumbnail","hentry","category-national","tag-banques","tag-caisses-sociales","tag-cnrps","tag-cnss","tag-credits","tag-tunisie"],"yoast_head":"<!-- This site is optimized with the Yoast SEO Premium plugin v27.5 (Yoast SEO v27.5) - https:\/\/yoast.com\/product\/yoast-seo-premium-wordpress\/ -->\n<title>Tunisie : Les caisses sociales marchent-elles sur les plates-bandes des banques ?<\/title>\n<meta name=\"description\" content=\"L\u2019annonce par le ministre des Affaires sociales Malek Zehi de revoir \u00e0 la hausse le montant des cr\u00e9dits accord\u00e9s par les caisses sociales, si elle a ravi les af...\" \/>\n<link rel=\"canonical\" href=\"https:\/\/www.webdo.tn\/fr\/actualite\/national\/tunisie-les-caisses-sociales-marchent-elles-sur-les-plates-bandes-des-banques\/211907\/\" \/>\n<meta property=\"og:locale\" content=\"fr_FR\" \/>\n<meta property=\"og:type\" content=\"article\" \/>\n<meta property=\"og:title\" content=\"Tunisie : Les caisses sociales marchent-elles sur les plates-bandes des banques ?\" \/>\n<meta property=\"og:description\" content=\"L\u2019annonce par le ministre des Affaires sociales Malek Zehi de revoir \u00e0 la hausse le montant des cr\u00e9dits accord\u00e9s par les caisses sociales, si elle a ravi les af...\" \/>\n<meta property=\"og:url\" content=\"https:\/\/www.webdo.tn\/fr\/actualite\/national\/tunisie-les-caisses-sociales-marchent-elles-sur-les-plates-bandes-des-banques\/211907\/\" \/>\n<meta property=\"og:site_name\" content=\"webdo\" \/>\n<meta property=\"article:publisher\" content=\"https:\/\/www.facebook.com\/webdotn\" \/>\n<meta property=\"article:published_time\" content=\"2024-01-30T09:43:00+00:00\" \/>\n<meta property=\"article:modified_time\" content=\"2025-05-20T22:32:29+00:00\" \/>\n<meta property=\"og:image\" content=\"https:\/\/www.webdo.tn\/fr\/wp-content\/uploads\/2024\/01\/926981acae3c6489d83dd6a5f9bfefed.jpg\" \/>\n\t<meta property=\"og:image:width\" content=\"750\" \/>\n\t<meta property=\"og:image:height\" content=\"400\" \/>\n\t<meta property=\"og:image:type\" content=\"image\/jpeg\" \/>\n<meta name=\"author\" content=\"Webdo\" \/>\n<meta name=\"twitter:card\" content=\"summary_large_image\" \/>\n<meta name=\"twitter:creator\" content=\"@webdo_tn\" \/>\n<meta name=\"twitter:site\" content=\"@webdo_tn\" \/>\n<meta name=\"twitter:label1\" content=\"\u00c9crit par\" \/>\n\t<meta name=\"twitter:data1\" content=\"Webdo\" \/>\n\t<meta name=\"twitter:label2\" content=\"Dur\u00e9e de lecture estim\u00e9e\" \/>\n\t<meta name=\"twitter:data2\" content=\"3 minutes\" \/>\n<script type=\"application\/ld+json\" class=\"yoast-schema-graph\">{\"@context\":\"https:\\\/\\\/schema.org\",\"@graph\":[{\"@type\":\"NewsArticle\",\"@id\":\"https:\\\/\\\/www.webdo.tn\\\/fr\\\/actualite\\\/national\\\/tunisie-les-caisses-sociales-marchent-elles-sur-les-plates-bandes-des-banques\\\/211907\\\/#article\",\"isPartOf\":{\"@id\":\"https:\\\/\\\/www.webdo.tn\\\/fr\\\/actualite\\\/national\\\/tunisie-les-caisses-sociales-marchent-elles-sur-les-plates-bandes-des-banques\\\/211907\\\/\"},\"author\":{\"name\":\"Webdo\",\"@id\":\"https:\\\/\\\/www.webdo.tn\\\/fr\\\/#\\\/schema\\\/person\\\/1f4e491e0907b413d61089e8eb573acc\"},\"headline\":\"Tunisie : Les caisses sociales marchent-elles sur les plates-bandes des banques ?\",\"datePublished\":\"2024-01-30T09:43:00+00:00\",\"dateModified\":\"2025-05-20T22:32:29+00:00\",\"mainEntityOfPage\":{\"@id\":\"https:\\\/\\\/www.webdo.tn\\\/fr\\\/actualite\\\/national\\\/tunisie-les-caisses-sociales-marchent-elles-sur-les-plates-bandes-des-banques\\\/211907\\\/\"},\"wordCount\":691,\"commentCount\":0,\"publisher\":{\"@id\":\"https:\\\/\\\/www.webdo.tn\\\/fr\\\/#organization\"},\"image\":{\"@id\":\"https:\\\/\\\/www.webdo.tn\\\/fr\\\/actualite\\\/national\\\/tunisie-les-caisses-sociales-marchent-elles-sur-les-plates-bandes-des-banques\\\/211907\\\/#primaryimage\"},\"thumbnailUrl\":\"https:\\\/\\\/www.webdo.tn\\\/fr\\\/wp-content\\\/uploads\\\/2024\\\/01\\\/926981acae3c6489d83dd6a5f9bfefed.jpg\",\"keywords\":[\"Banques\",\"Caisses sociales\",\"CNRPS\",\"CNSS\",\"Cr\u00e9dits\",\"Tunisie\"],\"articleSection\":[\"National\"],\"inLanguage\":\"fr-FR\"},{\"@type\":\"WebPage\",\"@id\":\"https:\\\/\\\/www.webdo.tn\\\/fr\\\/actualite\\\/national\\\/tunisie-les-caisses-sociales-marchent-elles-sur-les-plates-bandes-des-banques\\\/211907\\\/\",\"url\":\"https:\\\/\\\/www.webdo.tn\\\/fr\\\/actualite\\\/national\\\/tunisie-les-caisses-sociales-marchent-elles-sur-les-plates-bandes-des-banques\\\/211907\\\/\",\"name\":\"Tunisie : Les caisses sociales marchent-elles sur les plates-bandes des banques ?\",\"isPartOf\":{\"@id\":\"https:\\\/\\\/www.webdo.tn\\\/fr\\\/#website\"},\"primaryImageOfPage\":{\"@id\":\"https:\\\/\\\/www.webdo.tn\\\/fr\\\/actualite\\\/national\\\/tunisie-les-caisses-sociales-marchent-elles-sur-les-plates-bandes-des-banques\\\/211907\\\/#primaryimage\"},\"image\":{\"@id\":\"https:\\\/\\\/www.webdo.tn\\\/fr\\\/actualite\\\/national\\\/tunisie-les-caisses-sociales-marchent-elles-sur-les-plates-bandes-des-banques\\\/211907\\\/#primaryimage\"},\"thumbnailUrl\":\"https:\\\/\\\/www.webdo.tn\\\/fr\\\/wp-content\\\/uploads\\\/2024\\\/01\\\/926981acae3c6489d83dd6a5f9bfefed.jpg\",\"datePublished\":\"2024-01-30T09:43:00+00:00\",\"dateModified\":\"2025-05-20T22:32:29+00:00\",\"description\":\"L\u2019annonce par le ministre des Affaires sociales Malek Zehi de revoir \u00e0 la hausse le montant des cr\u00e9dits accord\u00e9s par les caisses sociales, si elle a ravi les af...\",\"breadcrumb\":{\"@id\":\"https:\\\/\\\/www.webdo.tn\\\/fr\\\/actualite\\\/national\\\/tunisie-les-caisses-sociales-marchent-elles-sur-les-plates-bandes-des-banques\\\/211907\\\/#breadcrumb\"},\"inLanguage\":\"fr-FR\",\"potentialAction\":[{\"@type\":\"ReadAction\",\"target\":[\"https:\\\/\\\/www.webdo.tn\\\/fr\\\/actualite\\\/national\\\/tunisie-les-caisses-sociales-marchent-elles-sur-les-plates-bandes-des-banques\\\/211907\\\/\"]}]},{\"@type\":\"ImageObject\",\"inLanguage\":\"fr-FR\",\"@id\":\"https:\\\/\\\/www.webdo.tn\\\/fr\\\/actualite\\\/national\\\/tunisie-les-caisses-sociales-marchent-elles-sur-les-plates-bandes-des-banques\\\/211907\\\/#primaryimage\",\"url\":\"https:\\\/\\\/www.webdo.tn\\\/fr\\\/wp-content\\\/uploads\\\/2024\\\/01\\\/926981acae3c6489d83dd6a5f9bfefed.jpg\",\"contentUrl\":\"https:\\\/\\\/www.webdo.tn\\\/fr\\\/wp-content\\\/uploads\\\/2024\\\/01\\\/926981acae3c6489d83dd6a5f9bfefed.jpg\",\"width\":750,\"height\":400,\"caption\":\"Tunisie : Les caisses sociales marchent-elles sur les plates-bandes des banques ?\"},{\"@type\":\"BreadcrumbList\",\"@id\":\"https:\\\/\\\/www.webdo.tn\\\/fr\\\/actualite\\\/national\\\/tunisie-les-caisses-sociales-marchent-elles-sur-les-plates-bandes-des-banques\\\/211907\\\/#breadcrumb\",\"itemListElement\":[{\"@type\":\"ListItem\",\"position\":1,\"name\":\"Accueil\",\"item\":\"https:\\\/\\\/www.webdo.tn\\\/fr\\\/\"},{\"@type\":\"ListItem\",\"position\":2,\"name\":\"Tunisie : Les caisses sociales marchent-elles sur les plates-bandes des banques ?\"}]},{\"@type\":\"WebSite\",\"@id\":\"https:\\\/\\\/www.webdo.tn\\\/fr\\\/#website\",\"url\":\"https:\\\/\\\/www.webdo.tn\\\/fr\\\/\",\"name\":\"webdo\",\"description\":\"Tunisie - News en Tunisie et \u00e0 l&#039;international sur Webdo.tn\",\"publisher\":{\"@id\":\"https:\\\/\\\/www.webdo.tn\\\/fr\\\/#organization\"},\"potentialAction\":[{\"@type\":\"SearchAction\",\"target\":{\"@type\":\"EntryPoint\",\"urlTemplate\":\"https:\\\/\\\/www.webdo.tn\\\/fr\\\/?s={search_term_string}\"},\"query-input\":{\"@type\":\"PropertyValueSpecification\",\"valueRequired\":true,\"valueName\":\"search_term_string\"}}],\"inLanguage\":\"fr-FR\"},{\"@type\":\"Organization\",\"@id\":\"https:\\\/\\\/www.webdo.tn\\\/fr\\\/#organization\",\"name\":\"Webdo\",\"alternateName\":\"Webdo.tn\",\"url\":\"https:\\\/\\\/www.webdo.tn\\\/fr\\\/\",\"logo\":{\"@type\":\"ImageObject\",\"inLanguage\":\"fr-FR\",\"@id\":\"https:\\\/\\\/www.webdo.tn\\\/fr\\\/#\\\/schema\\\/logo\\\/image\\\/\",\"url\":\"https:\\\/\\\/www.webdo.tn\\\/fr\\\/wp-content\\\/uploads\\\/2025\\\/06\\\/Webdo-Tunisie_168377.jpg\",\"contentUrl\":\"https:\\\/\\\/www.webdo.tn\\\/fr\\\/wp-content\\\/uploads\\\/2025\\\/06\\\/Webdo-Tunisie_168377.jpg\",\"width\":301,\"height\":301,\"caption\":\"Webdo\"},\"image\":{\"@id\":\"https:\\\/\\\/www.webdo.tn\\\/fr\\\/#\\\/schema\\\/logo\\\/image\\\/\"},\"sameAs\":[\"https:\\\/\\\/www.facebook.com\\\/webdotn\",\"https:\\\/\\\/x.com\\\/webdo_tn\"],\"description\":\"Webdo est un m\u00e9dia num\u00e9rique tunisien fond\u00e9 en 2010, sp\u00e9cialis\u00e9 dans l\u2019actualit\u00e9 nationale et internationale, l\u2019\u00e9conomie, la soci\u00e9t\u00e9 et les analyses politiques. Le site s\u2019adresse \u00e0 un large public francophone et couvre l\u2019information tunisienne en temps r\u00e9el.\",\"email\":\"redac@webdo.tn\",\"legalName\":\"YNJ SARL\",\"foundingDate\":\"2010-09-06\",\"numberOfEmployees\":{\"@type\":\"QuantitativeValue\",\"minValue\":\"11\",\"maxValue\":\"50\"}},{\"@type\":\"Person\",\"@id\":\"https:\\\/\\\/www.webdo.tn\\\/fr\\\/#\\\/schema\\\/person\\\/1f4e491e0907b413d61089e8eb573acc\",\"name\":\"Webdo\",\"image\":{\"@type\":\"ImageObject\",\"inLanguage\":\"fr-FR\",\"@id\":\"https:\\\/\\\/secure.gravatar.com\\\/avatar\\\/de97aeec1bb80978a9dbb127e47dfc88aaacb2f3c29aac907d8d3222e3495d49?s=96&d=mm&r=g\",\"url\":\"https:\\\/\\\/secure.gravatar.com\\\/avatar\\\/de97aeec1bb80978a9dbb127e47dfc88aaacb2f3c29aac907d8d3222e3495d49?s=96&d=mm&r=g\",\"contentUrl\":\"https:\\\/\\\/secure.gravatar.com\\\/avatar\\\/de97aeec1bb80978a9dbb127e47dfc88aaacb2f3c29aac907d8d3222e3495d49?s=96&d=mm&r=g\",\"caption\":\"Webdo\"},\"url\":\"https:\\\/\\\/www.webdo.tn\\\/fr\\\/actualite\\\/author\\\/webdo\\\/\"}]}<\/script>\n<!-- \/ Yoast SEO Premium plugin. -->","yoast_head_json":{"title":"Tunisie : Les caisses sociales marchent-elles sur les plates-bandes des banques ?","description":"L\u2019annonce par le ministre des Affaires sociales Malek Zehi de revoir \u00e0 la hausse le montant des cr\u00e9dits accord\u00e9s par les caisses sociales, si elle a ravi les af...","canonical":"https:\/\/www.webdo.tn\/fr\/actualite\/national\/tunisie-les-caisses-sociales-marchent-elles-sur-les-plates-bandes-des-banques\/211907\/","og_locale":"fr_FR","og_type":"article","og_title":"Tunisie : Les caisses sociales marchent-elles sur les plates-bandes des banques ?","og_description":"L\u2019annonce par le ministre des Affaires sociales Malek Zehi de revoir \u00e0 la hausse le montant des cr\u00e9dits accord\u00e9s par les caisses sociales, si elle a ravi les af...","og_url":"https:\/\/www.webdo.tn\/fr\/actualite\/national\/tunisie-les-caisses-sociales-marchent-elles-sur-les-plates-bandes-des-banques\/211907\/","og_site_name":"webdo","article_publisher":"https:\/\/www.facebook.com\/webdotn","article_published_time":"2024-01-30T09:43:00+00:00","article_modified_time":"2025-05-20T22:32:29+00:00","og_image":[{"width":750,"height":400,"url":"https:\/\/www.webdo.tn\/fr\/wp-content\/uploads\/2024\/01\/926981acae3c6489d83dd6a5f9bfefed.jpg","type":"image\/jpeg"}],"author":"Webdo","twitter_card":"summary_large_image","twitter_creator":"@webdo_tn","twitter_site":"@webdo_tn","twitter_misc":{"\u00c9crit par":"Webdo","Dur\u00e9e de lecture estim\u00e9e":"3 minutes"},"schema":{"@context":"https:\/\/schema.org","@graph":[{"@type":"NewsArticle","@id":"https:\/\/www.webdo.tn\/fr\/actualite\/national\/tunisie-les-caisses-sociales-marchent-elles-sur-les-plates-bandes-des-banques\/211907\/#article","isPartOf":{"@id":"https:\/\/www.webdo.tn\/fr\/actualite\/national\/tunisie-les-caisses-sociales-marchent-elles-sur-les-plates-bandes-des-banques\/211907\/"},"author":{"name":"Webdo","@id":"https:\/\/www.webdo.tn\/fr\/#\/schema\/person\/1f4e491e0907b413d61089e8eb573acc"},"headline":"Tunisie : Les caisses sociales marchent-elles sur les plates-bandes des banques ?","datePublished":"2024-01-30T09:43:00+00:00","dateModified":"2025-05-20T22:32:29+00:00","mainEntityOfPage":{"@id":"https:\/\/www.webdo.tn\/fr\/actualite\/national\/tunisie-les-caisses-sociales-marchent-elles-sur-les-plates-bandes-des-banques\/211907\/"},"wordCount":691,"commentCount":0,"publisher":{"@id":"https:\/\/www.webdo.tn\/fr\/#organization"},"image":{"@id":"https:\/\/www.webdo.tn\/fr\/actualite\/national\/tunisie-les-caisses-sociales-marchent-elles-sur-les-plates-bandes-des-banques\/211907\/#primaryimage"},"thumbnailUrl":"https:\/\/www.webdo.tn\/fr\/wp-content\/uploads\/2024\/01\/926981acae3c6489d83dd6a5f9bfefed.jpg","keywords":["Banques","Caisses sociales","CNRPS","CNSS","Cr\u00e9dits","Tunisie"],"articleSection":["National"],"inLanguage":"fr-FR"},{"@type":"WebPage","@id":"https:\/\/www.webdo.tn\/fr\/actualite\/national\/tunisie-les-caisses-sociales-marchent-elles-sur-les-plates-bandes-des-banques\/211907\/","url":"https:\/\/www.webdo.tn\/fr\/actualite\/national\/tunisie-les-caisses-sociales-marchent-elles-sur-les-plates-bandes-des-banques\/211907\/","name":"Tunisie : Les caisses sociales marchent-elles sur les plates-bandes des banques ?","isPartOf":{"@id":"https:\/\/www.webdo.tn\/fr\/#website"},"primaryImageOfPage":{"@id":"https:\/\/www.webdo.tn\/fr\/actualite\/national\/tunisie-les-caisses-sociales-marchent-elles-sur-les-plates-bandes-des-banques\/211907\/#primaryimage"},"image":{"@id":"https:\/\/www.webdo.tn\/fr\/actualite\/national\/tunisie-les-caisses-sociales-marchent-elles-sur-les-plates-bandes-des-banques\/211907\/#primaryimage"},"thumbnailUrl":"https:\/\/www.webdo.tn\/fr\/wp-content\/uploads\/2024\/01\/926981acae3c6489d83dd6a5f9bfefed.jpg","datePublished":"2024-01-30T09:43:00+00:00","dateModified":"2025-05-20T22:32:29+00:00","description":"L\u2019annonce par le ministre des Affaires sociales Malek Zehi de revoir \u00e0 la hausse le montant des cr\u00e9dits accord\u00e9s par les caisses sociales, si elle a ravi les af...","breadcrumb":{"@id":"https:\/\/www.webdo.tn\/fr\/actualite\/national\/tunisie-les-caisses-sociales-marchent-elles-sur-les-plates-bandes-des-banques\/211907\/#breadcrumb"},"inLanguage":"fr-FR","potentialAction":[{"@type":"ReadAction","target":["https:\/\/www.webdo.tn\/fr\/actualite\/national\/tunisie-les-caisses-sociales-marchent-elles-sur-les-plates-bandes-des-banques\/211907\/"]}]},{"@type":"ImageObject","inLanguage":"fr-FR","@id":"https:\/\/www.webdo.tn\/fr\/actualite\/national\/tunisie-les-caisses-sociales-marchent-elles-sur-les-plates-bandes-des-banques\/211907\/#primaryimage","url":"https:\/\/www.webdo.tn\/fr\/wp-content\/uploads\/2024\/01\/926981acae3c6489d83dd6a5f9bfefed.jpg","contentUrl":"https:\/\/www.webdo.tn\/fr\/wp-content\/uploads\/2024\/01\/926981acae3c6489d83dd6a5f9bfefed.jpg","width":750,"height":400,"caption":"Tunisie : Les caisses sociales marchent-elles sur les plates-bandes des banques ?"},{"@type":"BreadcrumbList","@id":"https:\/\/www.webdo.tn\/fr\/actualite\/national\/tunisie-les-caisses-sociales-marchent-elles-sur-les-plates-bandes-des-banques\/211907\/#breadcrumb","itemListElement":[{"@type":"ListItem","position":1,"name":"Accueil","item":"https:\/\/www.webdo.tn\/fr\/"},{"@type":"ListItem","position":2,"name":"Tunisie : Les caisses sociales marchent-elles sur les plates-bandes des banques ?"}]},{"@type":"WebSite","@id":"https:\/\/www.webdo.tn\/fr\/#website","url":"https:\/\/www.webdo.tn\/fr\/","name":"webdo","description":"Tunisie - News en Tunisie et \u00e0 l&#039;international sur Webdo.tn","publisher":{"@id":"https:\/\/www.webdo.tn\/fr\/#organization"},"potentialAction":[{"@type":"SearchAction","target":{"@type":"EntryPoint","urlTemplate":"https:\/\/www.webdo.tn\/fr\/?s={search_term_string}"},"query-input":{"@type":"PropertyValueSpecification","valueRequired":true,"valueName":"search_term_string"}}],"inLanguage":"fr-FR"},{"@type":"Organization","@id":"https:\/\/www.webdo.tn\/fr\/#organization","name":"Webdo","alternateName":"Webdo.tn","url":"https:\/\/www.webdo.tn\/fr\/","logo":{"@type":"ImageObject","inLanguage":"fr-FR","@id":"https:\/\/www.webdo.tn\/fr\/#\/schema\/logo\/image\/","url":"https:\/\/www.webdo.tn\/fr\/wp-content\/uploads\/2025\/06\/Webdo-Tunisie_168377.jpg","contentUrl":"https:\/\/www.webdo.tn\/fr\/wp-content\/uploads\/2025\/06\/Webdo-Tunisie_168377.jpg","width":301,"height":301,"caption":"Webdo"},"image":{"@id":"https:\/\/www.webdo.tn\/fr\/#\/schema\/logo\/image\/"},"sameAs":["https:\/\/www.facebook.com\/webdotn","https:\/\/x.com\/webdo_tn"],"description":"Webdo est un m\u00e9dia num\u00e9rique tunisien fond\u00e9 en 2010, sp\u00e9cialis\u00e9 dans l\u2019actualit\u00e9 nationale et internationale, l\u2019\u00e9conomie, la soci\u00e9t\u00e9 et les analyses politiques. Le site s\u2019adresse \u00e0 un large public francophone et couvre l\u2019information tunisienne en temps r\u00e9el.","email":"redac@webdo.tn","legalName":"YNJ SARL","foundingDate":"2010-09-06","numberOfEmployees":{"@type":"QuantitativeValue","minValue":"11","maxValue":"50"}},{"@type":"Person","@id":"https:\/\/www.webdo.tn\/fr\/#\/schema\/person\/1f4e491e0907b413d61089e8eb573acc","name":"Webdo","image":{"@type":"ImageObject","inLanguage":"fr-FR","@id":"https:\/\/secure.gravatar.com\/avatar\/de97aeec1bb80978a9dbb127e47dfc88aaacb2f3c29aac907d8d3222e3495d49?s=96&d=mm&r=g","url":"https:\/\/secure.gravatar.com\/avatar\/de97aeec1bb80978a9dbb127e47dfc88aaacb2f3c29aac907d8d3222e3495d49?s=96&d=mm&r=g","contentUrl":"https:\/\/secure.gravatar.com\/avatar\/de97aeec1bb80978a9dbb127e47dfc88aaacb2f3c29aac907d8d3222e3495d49?s=96&d=mm&r=g","caption":"Webdo"},"url":"https:\/\/www.webdo.tn\/fr\/actualite\/author\/webdo\/"}]}},"_links":{"self":[{"href":"https:\/\/www.webdo.tn\/fr\/wp-json\/wp\/v2\/posts\/211907","targetHints":{"allow":["GET"]}}],"collection":[{"href":"https:\/\/www.webdo.tn\/fr\/wp-json\/wp\/v2\/posts"}],"about":[{"href":"https:\/\/www.webdo.tn\/fr\/wp-json\/wp\/v2\/types\/post"}],"author":[{"embeddable":true,"href":"https:\/\/www.webdo.tn\/fr\/wp-json\/wp\/v2\/users\/3169"}],"replies":[{"embeddable":true,"href":"https:\/\/www.webdo.tn\/fr\/wp-json\/wp\/v2\/comments?post=211907"}],"version-history":[{"count":0,"href":"https:\/\/www.webdo.tn\/fr\/wp-json\/wp\/v2\/posts\/211907\/revisions"}],"wp:featuredmedia":[{"embeddable":true,"href":"https:\/\/www.webdo.tn\/fr\/wp-json\/wp\/v2\/media\/248118"}],"wp:attachment":[{"href":"https:\/\/www.webdo.tn\/fr\/wp-json\/wp\/v2\/media?parent=211907"}],"wp:term":[{"taxonomy":"category","embeddable":true,"href":"https:\/\/www.webdo.tn\/fr\/wp-json\/wp\/v2\/categories?post=211907"},{"taxonomy":"post_tag","embeddable":true,"href":"https:\/\/www.webdo.tn\/fr\/wp-json\/wp\/v2\/tags?post=211907"}],"curies":[{"name":"wp","href":"https:\/\/api.w.org\/{rel}","templated":true}]}}