{"id":211901,"date":"2024-01-29T20:20:00","date_gmt":"2024-01-29T20:20:00","guid":{"rendered":"https:\/\/www.webdo.tn\/fr\/blog\/rome-entretien-entre-kais-saied-et-giorgia-meloni\/211901\/"},"modified":"2025-05-20T22:52:56","modified_gmt":"2025-05-20T22:52:56","slug":"rome-entretien-entre-kais-saied-et-giorgia-meloni","status":"publish","type":"post","link":"https:\/\/www.webdo.tn\/fr\/actualite\/national\/rome-entretien-entre-kais-saied-et-giorgia-meloni\/211901\/","title":{"rendered":"Rome : Entretien entre Kais Saied et Giorgia Meloni"},"content":{"rendered":"<p>Les questions li\u00e9es aux solides relations d&rsquo;amiti\u00e9 et de coop\u00e9ration entre la Tunisie et l&rsquo;Italie, ont \u00e9t\u00e9 au c\u0153ur d\u2019un entretien ce lundi 29 janvier 2024 entre le pr\u00e9sident de la R\u00e9publique Kais et Giorgia Meloni, Premi\u00e8re ministre de l\u2019Italie.<\/p>\n<p>Selon un communiqu\u00e9 de la pr\u00e9sidence de la R\u00e9publique, les deux hautes responsables ont soulign\u00e9 l\u2019importance de renforcer davantage la coordination et de concertation afin de consolider et de diversifier davantage ces liens, notamment dans les domaines de l&rsquo;agriculture, des \u00e9nergies renouvelables, des petites et moyennes entreprises, de la culture, de la formation professionnelle et de l&rsquo;enseignement sup\u00e9rieur.<\/p>\n<p>Le pr\u00e9sident de la R\u00e9publique a \u00e9galement soulign\u00e9 l&rsquo;importance de renforcer la prise en charge des Tunisiens r\u00e9sidant en Italie, de leur faciliter les proc\u00e9dures et d&rsquo;encourager la migration organis\u00e9e dans le cadre des accords sign\u00e9s entre les deux pays.<\/p>\n<p>Le pr\u00e9sident de la R\u00e9publique, Kais Saied est en Italie depuis hier, pour participer au Sommet Italie &#8211; Afrique. Une conf\u00e9rence, \u00e0 laquelle prennent part les plus hauts dirigeants de l\u2019Union europ\u00e9enne, d\u2019Ursula von der Leyen \u00e0 Charles Michel, des chefs d\u2019\u00c9tat et des Premiers ministres africains.<\/p>\n","protected":false},"excerpt":{"rendered":"<p>Selon un communiqu\u00e9 de la pr\u00e9sidence de la R\u00e9publique, les deux hautes responsables ont soulign\u00e9 l\u2019importance de renforcer davantage la coordination et de conce&#8230;<\/p>\n","protected":false},"author":3175,"featured_media":290148,"comment_status":"open","ping_status":"closed","sticky":false,"template":"","format":"standard","meta":{"footnotes":""},"categories":[44],"tags":[2614,6672,2606],"class_list":["post-211901","post","type-post","status-publish","format-standard","has-post-thumbnail","hentry","category-national","tag-kais-saied","tag-meloni","tag-rome"],"yoast_head":"<!-- This site is optimized with the Yoast SEO Premium plugin v27.5 (Yoast SEO v27.5) - https:\/\/yoast.com\/product\/yoast-seo-premium-wordpress\/ -->\n<title>Rome : Entretien entre Kais Saied et Giorgia Meloni<\/title>\n<meta name=\"description\" content=\"Selon un communiqu\u00e9 de la pr\u00e9sidence de la R\u00e9publique, les deux hautes responsables ont soulign\u00e9 l\u2019importance de renforcer davantage la coordination et de conce...\" \/>\n<link rel=\"canonical\" href=\"https:\/\/www.webdo.tn\/fr\/actualite\/national\/rome-entretien-entre-kais-saied-et-giorgia-meloni\/211901\/\" \/>\n<meta property=\"og:locale\" content=\"fr_FR\" \/>\n<meta property=\"og:type\" content=\"article\" \/>\n<meta property=\"og:title\" content=\"Rome : Entretien entre Kais Saied et Giorgia Meloni\" \/>\n<meta property=\"og:description\" content=\"Selon un communiqu\u00e9 de la pr\u00e9sidence de la R\u00e9publique, les deux hautes responsables ont soulign\u00e9 l\u2019importance de renforcer davantage la coordination et de conce...\" \/>\n<meta property=\"og:url\" content=\"https:\/\/www.webdo.tn\/fr\/actualite\/national\/rome-entretien-entre-kais-saied-et-giorgia-meloni\/211901\/\" \/>\n<meta property=\"og:site_name\" content=\"webdo\" \/>\n<meta property=\"article:publisher\" content=\"https:\/\/www.facebook.com\/webdotn\" \/>\n<meta property=\"article:published_time\" content=\"2024-01-29T20:20:00+00:00\" \/>\n<meta property=\"article:modified_time\" content=\"2025-05-20T22:52:56+00:00\" \/>\n<meta property=\"og:image\" content=\"https:\/\/www.webdo.tn\/fr\/wp-content\/uploads\/2024\/01\/619eff75a8e564a7dadb7177e115c03a.jpg\" \/>\n\t<meta property=\"og:image:width\" content=\"750\" \/>\n\t<meta property=\"og:image:height\" content=\"400\" \/>\n\t<meta property=\"og:image:type\" content=\"image\/jpeg\" \/>\n<meta name=\"author\" content=\"CL\" \/>\n<meta name=\"twitter:card\" content=\"summary_large_image\" \/>\n<meta name=\"twitter:creator\" content=\"@webdo_tn\" \/>\n<meta name=\"twitter:site\" content=\"@webdo_tn\" \/>\n<meta name=\"twitter:label1\" content=\"\u00c9crit par\" \/>\n\t<meta name=\"twitter:data1\" content=\"CL\" \/>\n\t<meta name=\"twitter:label2\" content=\"Dur\u00e9e de lecture estim\u00e9e\" \/>\n\t<meta name=\"twitter:data2\" content=\"1 minute\" \/>\n<script type=\"application\/ld+json\" class=\"yoast-schema-graph\">{\"@context\":\"https:\\\/\\\/schema.org\",\"@graph\":[{\"@type\":\"NewsArticle\",\"@id\":\"https:\\\/\\\/www.webdo.tn\\\/fr\\\/actualite\\\/national\\\/rome-entretien-entre-kais-saied-et-giorgia-meloni\\\/211901\\\/#article\",\"isPartOf\":{\"@id\":\"https:\\\/\\\/www.webdo.tn\\\/fr\\\/actualite\\\/national\\\/rome-entretien-entre-kais-saied-et-giorgia-meloni\\\/211901\\\/\"},\"author\":{\"name\":\"CL\",\"@id\":\"https:\\\/\\\/www.webdo.tn\\\/fr\\\/#\\\/schema\\\/person\\\/f35b42a42c5e2511bbd282959d6385cc\"},\"headline\":\"Rome : Entretien entre Kais Saied et Giorgia Meloni\",\"datePublished\":\"2024-01-29T20:20:00+00:00\",\"dateModified\":\"2025-05-20T22:52:56+00:00\",\"mainEntityOfPage\":{\"@id\":\"https:\\\/\\\/www.webdo.tn\\\/fr\\\/actualite\\\/national\\\/rome-entretien-entre-kais-saied-et-giorgia-meloni\\\/211901\\\/\"},\"wordCount\":220,\"commentCount\":0,\"publisher\":{\"@id\":\"https:\\\/\\\/www.webdo.tn\\\/fr\\\/#organization\"},\"image\":{\"@id\":\"https:\\\/\\\/www.webdo.tn\\\/fr\\\/actualite\\\/national\\\/rome-entretien-entre-kais-saied-et-giorgia-meloni\\\/211901\\\/#primaryimage\"},\"thumbnailUrl\":\"https:\\\/\\\/www.webdo.tn\\\/fr\\\/wp-content\\\/uploads\\\/2024\\\/01\\\/619eff75a8e564a7dadb7177e115c03a.jpg\",\"keywords\":[\"Kais Saied\",\"Meloni\",\"rome\"],\"articleSection\":[\"National\"],\"inLanguage\":\"fr-FR\"},{\"@type\":\"WebPage\",\"@id\":\"https:\\\/\\\/www.webdo.tn\\\/fr\\\/actualite\\\/national\\\/rome-entretien-entre-kais-saied-et-giorgia-meloni\\\/211901\\\/\",\"url\":\"https:\\\/\\\/www.webdo.tn\\\/fr\\\/actualite\\\/national\\\/rome-entretien-entre-kais-saied-et-giorgia-meloni\\\/211901\\\/\",\"name\":\"Rome : Entretien entre Kais Saied et Giorgia Meloni\",\"isPartOf\":{\"@id\":\"https:\\\/\\\/www.webdo.tn\\\/fr\\\/#website\"},\"primaryImageOfPage\":{\"@id\":\"https:\\\/\\\/www.webdo.tn\\\/fr\\\/actualite\\\/national\\\/rome-entretien-entre-kais-saied-et-giorgia-meloni\\\/211901\\\/#primaryimage\"},\"image\":{\"@id\":\"https:\\\/\\\/www.webdo.tn\\\/fr\\\/actualite\\\/national\\\/rome-entretien-entre-kais-saied-et-giorgia-meloni\\\/211901\\\/#primaryimage\"},\"thumbnailUrl\":\"https:\\\/\\\/www.webdo.tn\\\/fr\\\/wp-content\\\/uploads\\\/2024\\\/01\\\/619eff75a8e564a7dadb7177e115c03a.jpg\",\"datePublished\":\"2024-01-29T20:20:00+00:00\",\"dateModified\":\"2025-05-20T22:52:56+00:00\",\"description\":\"Selon un communiqu\u00e9 de la pr\u00e9sidence de la R\u00e9publique, les deux hautes responsables ont soulign\u00e9 l\u2019importance de renforcer davantage la coordination et de conce...\",\"breadcrumb\":{\"@id\":\"https:\\\/\\\/www.webdo.tn\\\/fr\\\/actualite\\\/national\\\/rome-entretien-entre-kais-saied-et-giorgia-meloni\\\/211901\\\/#breadcrumb\"},\"inLanguage\":\"fr-FR\",\"potentialAction\":[{\"@type\":\"ReadAction\",\"target\":[\"https:\\\/\\\/www.webdo.tn\\\/fr\\\/actualite\\\/national\\\/rome-entretien-entre-kais-saied-et-giorgia-meloni\\\/211901\\\/\"]}]},{\"@type\":\"ImageObject\",\"inLanguage\":\"fr-FR\",\"@id\":\"https:\\\/\\\/www.webdo.tn\\\/fr\\\/actualite\\\/national\\\/rome-entretien-entre-kais-saied-et-giorgia-meloni\\\/211901\\\/#primaryimage\",\"url\":\"https:\\\/\\\/www.webdo.tn\\\/fr\\\/wp-content\\\/uploads\\\/2024\\\/01\\\/619eff75a8e564a7dadb7177e115c03a.jpg\",\"contentUrl\":\"https:\\\/\\\/www.webdo.tn\\\/fr\\\/wp-content\\\/uploads\\\/2024\\\/01\\\/619eff75a8e564a7dadb7177e115c03a.jpg\",\"width\":750,\"height\":400,\"caption\":\"Rome : Entretien entre Kais Saied et Giorgia Meloni\"},{\"@type\":\"BreadcrumbList\",\"@id\":\"https:\\\/\\\/www.webdo.tn\\\/fr\\\/actualite\\\/national\\\/rome-entretien-entre-kais-saied-et-giorgia-meloni\\\/211901\\\/#breadcrumb\",\"itemListElement\":[{\"@type\":\"ListItem\",\"position\":1,\"name\":\"Accueil\",\"item\":\"https:\\\/\\\/www.webdo.tn\\\/fr\\\/\"},{\"@type\":\"ListItem\",\"position\":2,\"name\":\"Rome : Entretien entre Kais Saied et Giorgia Meloni\"}]},{\"@type\":\"WebSite\",\"@id\":\"https:\\\/\\\/www.webdo.tn\\\/fr\\\/#website\",\"url\":\"https:\\\/\\\/www.webdo.tn\\\/fr\\\/\",\"name\":\"webdo\",\"description\":\"Tunisie - News en Tunisie et \u00e0 l&#039;international sur Webdo.tn\",\"publisher\":{\"@id\":\"https:\\\/\\\/www.webdo.tn\\\/fr\\\/#organization\"},\"potentialAction\":[{\"@type\":\"SearchAction\",\"target\":{\"@type\":\"EntryPoint\",\"urlTemplate\":\"https:\\\/\\\/www.webdo.tn\\\/fr\\\/?s={search_term_string}\"},\"query-input\":{\"@type\":\"PropertyValueSpecification\",\"valueRequired\":true,\"valueName\":\"search_term_string\"}}],\"inLanguage\":\"fr-FR\"},{\"@type\":\"Organization\",\"@id\":\"https:\\\/\\\/www.webdo.tn\\\/fr\\\/#organization\",\"name\":\"Webdo\",\"alternateName\":\"Webdo.tn\",\"url\":\"https:\\\/\\\/www.webdo.tn\\\/fr\\\/\",\"logo\":{\"@type\":\"ImageObject\",\"inLanguage\":\"fr-FR\",\"@id\":\"https:\\\/\\\/www.webdo.tn\\\/fr\\\/#\\\/schema\\\/logo\\\/image\\\/\",\"url\":\"https:\\\/\\\/www.webdo.tn\\\/fr\\\/wp-content\\\/uploads\\\/2025\\\/06\\\/Webdo-Tunisie_168377.jpg\",\"contentUrl\":\"https:\\\/\\\/www.webdo.tn\\\/fr\\\/wp-content\\\/uploads\\\/2025\\\/06\\\/Webdo-Tunisie_168377.jpg\",\"width\":301,\"height\":301,\"caption\":\"Webdo\"},\"image\":{\"@id\":\"https:\\\/\\\/www.webdo.tn\\\/fr\\\/#\\\/schema\\\/logo\\\/image\\\/\"},\"sameAs\":[\"https:\\\/\\\/www.facebook.com\\\/webdotn\",\"https:\\\/\\\/x.com\\\/webdo_tn\"],\"description\":\"Webdo est un m\u00e9dia num\u00e9rique tunisien fond\u00e9 en 2010, sp\u00e9cialis\u00e9 dans l\u2019actualit\u00e9 nationale et internationale, l\u2019\u00e9conomie, la soci\u00e9t\u00e9 et les analyses politiques. Le site s\u2019adresse \u00e0 un large public francophone et couvre l\u2019information tunisienne en temps r\u00e9el.\",\"email\":\"redac@webdo.tn\",\"legalName\":\"YNJ SARL\",\"foundingDate\":\"2010-09-06\",\"numberOfEmployees\":{\"@type\":\"QuantitativeValue\",\"minValue\":\"11\",\"maxValue\":\"50\"}},{\"@type\":\"Person\",\"@id\":\"https:\\\/\\\/www.webdo.tn\\\/fr\\\/#\\\/schema\\\/person\\\/f35b42a42c5e2511bbd282959d6385cc\",\"name\":\"CL\",\"image\":{\"@type\":\"ImageObject\",\"inLanguage\":\"fr-FR\",\"@id\":\"https:\\\/\\\/secure.gravatar.com\\\/avatar\\\/1447a49909b67aa657c488aec6512e1dd6143a480c1ecfee9b5b5cd74eb3b59e?s=96&d=mm&r=g\",\"url\":\"https:\\\/\\\/secure.gravatar.com\\\/avatar\\\/1447a49909b67aa657c488aec6512e1dd6143a480c1ecfee9b5b5cd74eb3b59e?s=96&d=mm&r=g\",\"contentUrl\":\"https:\\\/\\\/secure.gravatar.com\\\/avatar\\\/1447a49909b67aa657c488aec6512e1dd6143a480c1ecfee9b5b5cd74eb3b59e?s=96&d=mm&r=g\",\"caption\":\"CL\"},\"url\":\"https:\\\/\\\/www.webdo.tn\\\/fr\\\/actualite\\\/author\\\/cl\\\/\"}]}<\/script>\n<!-- \/ Yoast SEO Premium plugin. -->","yoast_head_json":{"title":"Rome : Entretien entre Kais Saied et Giorgia Meloni","description":"Selon un communiqu\u00e9 de la pr\u00e9sidence de la R\u00e9publique, les deux hautes responsables ont soulign\u00e9 l\u2019importance de renforcer davantage la coordination et de conce...","canonical":"https:\/\/www.webdo.tn\/fr\/actualite\/national\/rome-entretien-entre-kais-saied-et-giorgia-meloni\/211901\/","og_locale":"fr_FR","og_type":"article","og_title":"Rome : Entretien entre Kais Saied et Giorgia Meloni","og_description":"Selon un communiqu\u00e9 de la pr\u00e9sidence de la R\u00e9publique, les deux hautes responsables ont soulign\u00e9 l\u2019importance de renforcer davantage la coordination et de conce...","og_url":"https:\/\/www.webdo.tn\/fr\/actualite\/national\/rome-entretien-entre-kais-saied-et-giorgia-meloni\/211901\/","og_site_name":"webdo","article_publisher":"https:\/\/www.facebook.com\/webdotn","article_published_time":"2024-01-29T20:20:00+00:00","article_modified_time":"2025-05-20T22:52:56+00:00","og_image":[{"width":750,"height":400,"url":"https:\/\/www.webdo.tn\/fr\/wp-content\/uploads\/2024\/01\/619eff75a8e564a7dadb7177e115c03a.jpg","type":"image\/jpeg"}],"author":"CL","twitter_card":"summary_large_image","twitter_creator":"@webdo_tn","twitter_site":"@webdo_tn","twitter_misc":{"\u00c9crit par":"CL","Dur\u00e9e de lecture estim\u00e9e":"1 minute"},"schema":{"@context":"https:\/\/schema.org","@graph":[{"@type":"NewsArticle","@id":"https:\/\/www.webdo.tn\/fr\/actualite\/national\/rome-entretien-entre-kais-saied-et-giorgia-meloni\/211901\/#article","isPartOf":{"@id":"https:\/\/www.webdo.tn\/fr\/actualite\/national\/rome-entretien-entre-kais-saied-et-giorgia-meloni\/211901\/"},"author":{"name":"CL","@id":"https:\/\/www.webdo.tn\/fr\/#\/schema\/person\/f35b42a42c5e2511bbd282959d6385cc"},"headline":"Rome : Entretien entre Kais Saied et Giorgia Meloni","datePublished":"2024-01-29T20:20:00+00:00","dateModified":"2025-05-20T22:52:56+00:00","mainEntityOfPage":{"@id":"https:\/\/www.webdo.tn\/fr\/actualite\/national\/rome-entretien-entre-kais-saied-et-giorgia-meloni\/211901\/"},"wordCount":220,"commentCount":0,"publisher":{"@id":"https:\/\/www.webdo.tn\/fr\/#organization"},"image":{"@id":"https:\/\/www.webdo.tn\/fr\/actualite\/national\/rome-entretien-entre-kais-saied-et-giorgia-meloni\/211901\/#primaryimage"},"thumbnailUrl":"https:\/\/www.webdo.tn\/fr\/wp-content\/uploads\/2024\/01\/619eff75a8e564a7dadb7177e115c03a.jpg","keywords":["Kais Saied","Meloni","rome"],"articleSection":["National"],"inLanguage":"fr-FR"},{"@type":"WebPage","@id":"https:\/\/www.webdo.tn\/fr\/actualite\/national\/rome-entretien-entre-kais-saied-et-giorgia-meloni\/211901\/","url":"https:\/\/www.webdo.tn\/fr\/actualite\/national\/rome-entretien-entre-kais-saied-et-giorgia-meloni\/211901\/","name":"Rome : Entretien entre Kais Saied et Giorgia Meloni","isPartOf":{"@id":"https:\/\/www.webdo.tn\/fr\/#website"},"primaryImageOfPage":{"@id":"https:\/\/www.webdo.tn\/fr\/actualite\/national\/rome-entretien-entre-kais-saied-et-giorgia-meloni\/211901\/#primaryimage"},"image":{"@id":"https:\/\/www.webdo.tn\/fr\/actualite\/national\/rome-entretien-entre-kais-saied-et-giorgia-meloni\/211901\/#primaryimage"},"thumbnailUrl":"https:\/\/www.webdo.tn\/fr\/wp-content\/uploads\/2024\/01\/619eff75a8e564a7dadb7177e115c03a.jpg","datePublished":"2024-01-29T20:20:00+00:00","dateModified":"2025-05-20T22:52:56+00:00","description":"Selon un communiqu\u00e9 de la pr\u00e9sidence de la R\u00e9publique, les deux hautes responsables ont soulign\u00e9 l\u2019importance de renforcer davantage la coordination et de conce...","breadcrumb":{"@id":"https:\/\/www.webdo.tn\/fr\/actualite\/national\/rome-entretien-entre-kais-saied-et-giorgia-meloni\/211901\/#breadcrumb"},"inLanguage":"fr-FR","potentialAction":[{"@type":"ReadAction","target":["https:\/\/www.webdo.tn\/fr\/actualite\/national\/rome-entretien-entre-kais-saied-et-giorgia-meloni\/211901\/"]}]},{"@type":"ImageObject","inLanguage":"fr-FR","@id":"https:\/\/www.webdo.tn\/fr\/actualite\/national\/rome-entretien-entre-kais-saied-et-giorgia-meloni\/211901\/#primaryimage","url":"https:\/\/www.webdo.tn\/fr\/wp-content\/uploads\/2024\/01\/619eff75a8e564a7dadb7177e115c03a.jpg","contentUrl":"https:\/\/www.webdo.tn\/fr\/wp-content\/uploads\/2024\/01\/619eff75a8e564a7dadb7177e115c03a.jpg","width":750,"height":400,"caption":"Rome : Entretien entre Kais Saied et Giorgia Meloni"},{"@type":"BreadcrumbList","@id":"https:\/\/www.webdo.tn\/fr\/actualite\/national\/rome-entretien-entre-kais-saied-et-giorgia-meloni\/211901\/#breadcrumb","itemListElement":[{"@type":"ListItem","position":1,"name":"Accueil","item":"https:\/\/www.webdo.tn\/fr\/"},{"@type":"ListItem","position":2,"name":"Rome : Entretien entre Kais Saied et Giorgia Meloni"}]},{"@type":"WebSite","@id":"https:\/\/www.webdo.tn\/fr\/#website","url":"https:\/\/www.webdo.tn\/fr\/","name":"webdo","description":"Tunisie - News en Tunisie et \u00e0 l&#039;international sur Webdo.tn","publisher":{"@id":"https:\/\/www.webdo.tn\/fr\/#organization"},"potentialAction":[{"@type":"SearchAction","target":{"@type":"EntryPoint","urlTemplate":"https:\/\/www.webdo.tn\/fr\/?s={search_term_string}"},"query-input":{"@type":"PropertyValueSpecification","valueRequired":true,"valueName":"search_term_string"}}],"inLanguage":"fr-FR"},{"@type":"Organization","@id":"https:\/\/www.webdo.tn\/fr\/#organization","name":"Webdo","alternateName":"Webdo.tn","url":"https:\/\/www.webdo.tn\/fr\/","logo":{"@type":"ImageObject","inLanguage":"fr-FR","@id":"https:\/\/www.webdo.tn\/fr\/#\/schema\/logo\/image\/","url":"https:\/\/www.webdo.tn\/fr\/wp-content\/uploads\/2025\/06\/Webdo-Tunisie_168377.jpg","contentUrl":"https:\/\/www.webdo.tn\/fr\/wp-content\/uploads\/2025\/06\/Webdo-Tunisie_168377.jpg","width":301,"height":301,"caption":"Webdo"},"image":{"@id":"https:\/\/www.webdo.tn\/fr\/#\/schema\/logo\/image\/"},"sameAs":["https:\/\/www.facebook.com\/webdotn","https:\/\/x.com\/webdo_tn"],"description":"Webdo est un m\u00e9dia num\u00e9rique tunisien fond\u00e9 en 2010, sp\u00e9cialis\u00e9 dans l\u2019actualit\u00e9 nationale et internationale, l\u2019\u00e9conomie, la soci\u00e9t\u00e9 et les analyses politiques. Le site s\u2019adresse \u00e0 un large public francophone et couvre l\u2019information tunisienne en temps r\u00e9el.","email":"redac@webdo.tn","legalName":"YNJ SARL","foundingDate":"2010-09-06","numberOfEmployees":{"@type":"QuantitativeValue","minValue":"11","maxValue":"50"}},{"@type":"Person","@id":"https:\/\/www.webdo.tn\/fr\/#\/schema\/person\/f35b42a42c5e2511bbd282959d6385cc","name":"CL","image":{"@type":"ImageObject","inLanguage":"fr-FR","@id":"https:\/\/secure.gravatar.com\/avatar\/1447a49909b67aa657c488aec6512e1dd6143a480c1ecfee9b5b5cd74eb3b59e?s=96&d=mm&r=g","url":"https:\/\/secure.gravatar.com\/avatar\/1447a49909b67aa657c488aec6512e1dd6143a480c1ecfee9b5b5cd74eb3b59e?s=96&d=mm&r=g","contentUrl":"https:\/\/secure.gravatar.com\/avatar\/1447a49909b67aa657c488aec6512e1dd6143a480c1ecfee9b5b5cd74eb3b59e?s=96&d=mm&r=g","caption":"CL"},"url":"https:\/\/www.webdo.tn\/fr\/actualite\/author\/cl\/"}]}},"_links":{"self":[{"href":"https:\/\/www.webdo.tn\/fr\/wp-json\/wp\/v2\/posts\/211901","targetHints":{"allow":["GET"]}}],"collection":[{"href":"https:\/\/www.webdo.tn\/fr\/wp-json\/wp\/v2\/posts"}],"about":[{"href":"https:\/\/www.webdo.tn\/fr\/wp-json\/wp\/v2\/types\/post"}],"author":[{"embeddable":true,"href":"https:\/\/www.webdo.tn\/fr\/wp-json\/wp\/v2\/users\/3175"}],"replies":[{"embeddable":true,"href":"https:\/\/www.webdo.tn\/fr\/wp-json\/wp\/v2\/comments?post=211901"}],"version-history":[{"count":0,"href":"https:\/\/www.webdo.tn\/fr\/wp-json\/wp\/v2\/posts\/211901\/revisions"}],"wp:featuredmedia":[{"embeddable":true,"href":"https:\/\/www.webdo.tn\/fr\/wp-json\/wp\/v2\/media\/290148"}],"wp:attachment":[{"href":"https:\/\/www.webdo.tn\/fr\/wp-json\/wp\/v2\/media?parent=211901"}],"wp:term":[{"taxonomy":"category","embeddable":true,"href":"https:\/\/www.webdo.tn\/fr\/wp-json\/wp\/v2\/categories?post=211901"},{"taxonomy":"post_tag","embeddable":true,"href":"https:\/\/www.webdo.tn\/fr\/wp-json\/wp\/v2\/tags?post=211901"}],"curies":[{"name":"wp","href":"https:\/\/api.w.org\/{rel}","templated":true}]}}