{"id":211897,"date":"2024-01-29T18:27:00","date_gmt":"2024-01-29T18:27:00","guid":{"rendered":"https:\/\/www.webdo.tn\/fr\/blog\/rome-kais-saied-plaide-pour-une-nouvelle-communaute-internationale-equitable\/211897\/"},"modified":"2025-05-20T22:52:55","modified_gmt":"2025-05-20T22:52:55","slug":"rome-kais-saied-plaide-pour-une-nouvelle-communaute-internationale-equitable","status":"publish","type":"post","link":"https:\/\/www.webdo.tn\/fr\/actualite\/national\/rome-kais-saied-plaide-pour-une-nouvelle-communaute-internationale-equitable\/211897\/","title":{"rendered":"Rome : Kais Saied plaide pour une nouvelle communaut\u00e9 internationale \u00e9quitable"},"content":{"rendered":"<p>Le Chef de l\u2019Etat, Kais Sa\u00efed, a particip\u00e9 ce lundi 29 janvier 2024 \u00e0 Rome \u00e0 l\u2019ouverture du sommet Italie-Afrique.\u00a0<\/p>\n<p>Apr\u00e8s avoir tenu une s\u00e9rie de rencontres avec ses homologues, il a prononc\u00e9 une allocution pour revenir sur plusieurs questions, notamment la souverainet\u00e9 du continent africain.\u00a0<\/p>\n<p>Kais Saied qui a commenc\u00e9 par rappeler le droit indiscutable du peuple palestinien de b\u00e2tir son propre Etat souverain, a plaid\u00e9 en faveur d\u2019une nouvelle communaut\u00e9 internationale fond\u00e9e sur l\u2019\u00e9quit\u00e9 et la justice.\u00a0<\/p>\n<p>\u00ab Sur le continent africain, les braises de la guerre se sont r\u00e9pandues depuis les accords de Berlin \u00e0 la fin du XIXe si\u00e8cle, et elles s\u2019y propagent encore \u00e0 la suite, le plus souvent, d\u2019interventions \u00e9trang\u00e8res \u00bb, s\u2019est-il d\u00e9sol\u00e9.\u00a0<\/p>\n<p>Et d\u2019estimer que le plan Mattei lanc\u00e9 par l\u2019Italie ambitionne de revoir les relations entre l\u2019Europe et l\u2019Afrique sur le m\u00eame pied d\u2019\u00e9galit\u00e9.\u00a0<\/p>\n<p>Notons que ce plan repose sur un vaste programme d\u2019investissements et de partenariats, dont les d\u00e9tails demeurent abstraits et vagues.<\/p>\n","protected":false},"excerpt":{"rendered":"<p>Apr\u00e8s avoir tenu une s\u00e9rie de rencontres avec ses homologues, il a prononc\u00e9 une allocution pour revenir sur plusieurs questions, notamment la souverainet\u00e9 du co&#8230;<\/p>\n","protected":false},"author":3175,"featured_media":290145,"comment_status":"open","ping_status":"closed","sticky":false,"template":"","format":"standard","meta":{"footnotes":""},"categories":[44],"tags":[2614,2608],"class_list":["post-211897","post","type-post","status-publish","format-standard","has-post-thumbnail","hentry","category-national","tag-kais-saied","tag-tunisie"],"yoast_head":"<!-- This site is optimized with the Yoast SEO Premium plugin v27.4 (Yoast SEO v27.4) - https:\/\/yoast.com\/product\/yoast-seo-premium-wordpress\/ -->\n<title>Rome : Kais Saied plaide pour une nouvelle communaut\u00e9 internationale \u00e9quitable<\/title>\n<meta name=\"description\" content=\"Apr\u00e8s avoir tenu une s\u00e9rie de rencontres avec ses homologues, il a prononc\u00e9 une allocution pour revenir sur plusieurs questions, notamment la souverainet\u00e9 du co...\" \/>\n<link rel=\"canonical\" href=\"https:\/\/www.webdo.tn\/fr\/actualite\/national\/rome-kais-saied-plaide-pour-une-nouvelle-communaute-internationale-equitable\/211897\/\" \/>\n<meta property=\"og:locale\" content=\"fr_FR\" \/>\n<meta property=\"og:type\" content=\"article\" \/>\n<meta property=\"og:title\" content=\"Rome : Kais Saied plaide pour une nouvelle communaut\u00e9 internationale \u00e9quitable\" \/>\n<meta property=\"og:description\" content=\"Apr\u00e8s avoir tenu une s\u00e9rie de rencontres avec ses homologues, il a prononc\u00e9 une allocution pour revenir sur plusieurs questions, notamment la souverainet\u00e9 du co...\" \/>\n<meta property=\"og:url\" content=\"https:\/\/www.webdo.tn\/fr\/actualite\/national\/rome-kais-saied-plaide-pour-une-nouvelle-communaute-internationale-equitable\/211897\/\" \/>\n<meta property=\"og:site_name\" content=\"webdo\" \/>\n<meta property=\"article:publisher\" content=\"https:\/\/www.facebook.com\/webdotn\" \/>\n<meta property=\"article:published_time\" content=\"2024-01-29T18:27:00+00:00\" \/>\n<meta property=\"article:modified_time\" content=\"2025-05-20T22:52:55+00:00\" \/>\n<meta property=\"og:image\" content=\"https:\/\/www.webdo.tn\/fr\/wp-content\/uploads\/2024\/01\/08566a81f003cf309a8c37f5ed818f50.jpg\" \/>\n\t<meta property=\"og:image:width\" content=\"750\" \/>\n\t<meta property=\"og:image:height\" content=\"400\" \/>\n\t<meta property=\"og:image:type\" content=\"image\/jpeg\" \/>\n<meta name=\"author\" content=\"CL\" \/>\n<meta name=\"twitter:card\" content=\"summary_large_image\" \/>\n<meta name=\"twitter:creator\" content=\"@webdo_tn\" \/>\n<meta name=\"twitter:site\" content=\"@webdo_tn\" \/>\n<meta name=\"twitter:label1\" content=\"\u00c9crit par\" \/>\n\t<meta name=\"twitter:data1\" content=\"CL\" \/>\n\t<meta name=\"twitter:label2\" content=\"Dur\u00e9e de lecture estim\u00e9e\" \/>\n\t<meta name=\"twitter:data2\" content=\"1 minute\" \/>\n<script type=\"application\/ld+json\" class=\"yoast-schema-graph\">{\"@context\":\"https:\\\/\\\/schema.org\",\"@graph\":[{\"@type\":\"NewsArticle\",\"@id\":\"https:\\\/\\\/www.webdo.tn\\\/fr\\\/actualite\\\/national\\\/rome-kais-saied-plaide-pour-une-nouvelle-communaute-internationale-equitable\\\/211897\\\/#article\",\"isPartOf\":{\"@id\":\"https:\\\/\\\/www.webdo.tn\\\/fr\\\/actualite\\\/national\\\/rome-kais-saied-plaide-pour-une-nouvelle-communaute-internationale-equitable\\\/211897\\\/\"},\"author\":{\"name\":\"CL\",\"@id\":\"https:\\\/\\\/www.webdo.tn\\\/fr\\\/#\\\/schema\\\/person\\\/f35b42a42c5e2511bbd282959d6385cc\"},\"headline\":\"Rome : Kais Saied plaide pour une nouvelle communaut\u00e9 internationale \u00e9quitable\",\"datePublished\":\"2024-01-29T18:27:00+00:00\",\"dateModified\":\"2025-05-20T22:52:55+00:00\",\"mainEntityOfPage\":{\"@id\":\"https:\\\/\\\/www.webdo.tn\\\/fr\\\/actualite\\\/national\\\/rome-kais-saied-plaide-pour-une-nouvelle-communaute-internationale-equitable\\\/211897\\\/\"},\"wordCount\":188,\"commentCount\":0,\"publisher\":{\"@id\":\"https:\\\/\\\/www.webdo.tn\\\/fr\\\/#organization\"},\"image\":{\"@id\":\"https:\\\/\\\/www.webdo.tn\\\/fr\\\/actualite\\\/national\\\/rome-kais-saied-plaide-pour-une-nouvelle-communaute-internationale-equitable\\\/211897\\\/#primaryimage\"},\"thumbnailUrl\":\"https:\\\/\\\/www.webdo.tn\\\/fr\\\/wp-content\\\/uploads\\\/2024\\\/01\\\/08566a81f003cf309a8c37f5ed818f50.jpg\",\"keywords\":[\"Kais Saied\",\"Tunisie\"],\"articleSection\":[\"National\"],\"inLanguage\":\"fr-FR\"},{\"@type\":\"WebPage\",\"@id\":\"https:\\\/\\\/www.webdo.tn\\\/fr\\\/actualite\\\/national\\\/rome-kais-saied-plaide-pour-une-nouvelle-communaute-internationale-equitable\\\/211897\\\/\",\"url\":\"https:\\\/\\\/www.webdo.tn\\\/fr\\\/actualite\\\/national\\\/rome-kais-saied-plaide-pour-une-nouvelle-communaute-internationale-equitable\\\/211897\\\/\",\"name\":\"Rome : Kais Saied plaide pour une nouvelle communaut\u00e9 internationale \u00e9quitable\",\"isPartOf\":{\"@id\":\"https:\\\/\\\/www.webdo.tn\\\/fr\\\/#website\"},\"primaryImageOfPage\":{\"@id\":\"https:\\\/\\\/www.webdo.tn\\\/fr\\\/actualite\\\/national\\\/rome-kais-saied-plaide-pour-une-nouvelle-communaute-internationale-equitable\\\/211897\\\/#primaryimage\"},\"image\":{\"@id\":\"https:\\\/\\\/www.webdo.tn\\\/fr\\\/actualite\\\/national\\\/rome-kais-saied-plaide-pour-une-nouvelle-communaute-internationale-equitable\\\/211897\\\/#primaryimage\"},\"thumbnailUrl\":\"https:\\\/\\\/www.webdo.tn\\\/fr\\\/wp-content\\\/uploads\\\/2024\\\/01\\\/08566a81f003cf309a8c37f5ed818f50.jpg\",\"datePublished\":\"2024-01-29T18:27:00+00:00\",\"dateModified\":\"2025-05-20T22:52:55+00:00\",\"description\":\"Apr\u00e8s avoir tenu une s\u00e9rie de rencontres avec ses homologues, il a prononc\u00e9 une allocution pour revenir sur plusieurs questions, notamment la souverainet\u00e9 du co...\",\"breadcrumb\":{\"@id\":\"https:\\\/\\\/www.webdo.tn\\\/fr\\\/actualite\\\/national\\\/rome-kais-saied-plaide-pour-une-nouvelle-communaute-internationale-equitable\\\/211897\\\/#breadcrumb\"},\"inLanguage\":\"fr-FR\",\"potentialAction\":[{\"@type\":\"ReadAction\",\"target\":[\"https:\\\/\\\/www.webdo.tn\\\/fr\\\/actualite\\\/national\\\/rome-kais-saied-plaide-pour-une-nouvelle-communaute-internationale-equitable\\\/211897\\\/\"]}]},{\"@type\":\"ImageObject\",\"inLanguage\":\"fr-FR\",\"@id\":\"https:\\\/\\\/www.webdo.tn\\\/fr\\\/actualite\\\/national\\\/rome-kais-saied-plaide-pour-une-nouvelle-communaute-internationale-equitable\\\/211897\\\/#primaryimage\",\"url\":\"https:\\\/\\\/www.webdo.tn\\\/fr\\\/wp-content\\\/uploads\\\/2024\\\/01\\\/08566a81f003cf309a8c37f5ed818f50.jpg\",\"contentUrl\":\"https:\\\/\\\/www.webdo.tn\\\/fr\\\/wp-content\\\/uploads\\\/2024\\\/01\\\/08566a81f003cf309a8c37f5ed818f50.jpg\",\"width\":750,\"height\":400,\"caption\":\"Rome : Kais Saied plaide pour une nouvelle communaut\u00e9 internationale \u00e9quitable\"},{\"@type\":\"BreadcrumbList\",\"@id\":\"https:\\\/\\\/www.webdo.tn\\\/fr\\\/actualite\\\/national\\\/rome-kais-saied-plaide-pour-une-nouvelle-communaute-internationale-equitable\\\/211897\\\/#breadcrumb\",\"itemListElement\":[{\"@type\":\"ListItem\",\"position\":1,\"name\":\"Accueil\",\"item\":\"https:\\\/\\\/www.webdo.tn\\\/fr\\\/\"},{\"@type\":\"ListItem\",\"position\":2,\"name\":\"Rome : Kais Saied plaide pour une nouvelle communaut\u00e9 internationale \u00e9quitable\"}]},{\"@type\":\"WebSite\",\"@id\":\"https:\\\/\\\/www.webdo.tn\\\/fr\\\/#website\",\"url\":\"https:\\\/\\\/www.webdo.tn\\\/fr\\\/\",\"name\":\"webdo\",\"description\":\"Tunisie - News en Tunisie et \u00e0 l&#039;international sur Webdo.tn\",\"publisher\":{\"@id\":\"https:\\\/\\\/www.webdo.tn\\\/fr\\\/#organization\"},\"potentialAction\":[{\"@type\":\"SearchAction\",\"target\":{\"@type\":\"EntryPoint\",\"urlTemplate\":\"https:\\\/\\\/www.webdo.tn\\\/fr\\\/?s={search_term_string}\"},\"query-input\":{\"@type\":\"PropertyValueSpecification\",\"valueRequired\":true,\"valueName\":\"search_term_string\"}}],\"inLanguage\":\"fr-FR\"},{\"@type\":\"Organization\",\"@id\":\"https:\\\/\\\/www.webdo.tn\\\/fr\\\/#organization\",\"name\":\"Webdo\",\"alternateName\":\"Webdo.tn\",\"url\":\"https:\\\/\\\/www.webdo.tn\\\/fr\\\/\",\"logo\":{\"@type\":\"ImageObject\",\"inLanguage\":\"fr-FR\",\"@id\":\"https:\\\/\\\/www.webdo.tn\\\/fr\\\/#\\\/schema\\\/logo\\\/image\\\/\",\"url\":\"https:\\\/\\\/www.webdo.tn\\\/fr\\\/wp-content\\\/uploads\\\/2025\\\/06\\\/Webdo-Tunisie_168377.jpg\",\"contentUrl\":\"https:\\\/\\\/www.webdo.tn\\\/fr\\\/wp-content\\\/uploads\\\/2025\\\/06\\\/Webdo-Tunisie_168377.jpg\",\"width\":301,\"height\":301,\"caption\":\"Webdo\"},\"image\":{\"@id\":\"https:\\\/\\\/www.webdo.tn\\\/fr\\\/#\\\/schema\\\/logo\\\/image\\\/\"},\"sameAs\":[\"https:\\\/\\\/www.facebook.com\\\/webdotn\",\"https:\\\/\\\/x.com\\\/webdo_tn\"],\"description\":\"Webdo est un m\u00e9dia num\u00e9rique tunisien fond\u00e9 en 2010, sp\u00e9cialis\u00e9 dans l\u2019actualit\u00e9 nationale et internationale, l\u2019\u00e9conomie, la soci\u00e9t\u00e9 et les analyses politiques. Le site s\u2019adresse \u00e0 un large public francophone et couvre l\u2019information tunisienne en temps r\u00e9el.\",\"email\":\"redac@webdo.tn\",\"legalName\":\"YNJ SARL\",\"foundingDate\":\"2010-09-06\",\"numberOfEmployees\":{\"@type\":\"QuantitativeValue\",\"minValue\":\"11\",\"maxValue\":\"50\"}},{\"@type\":\"Person\",\"@id\":\"https:\\\/\\\/www.webdo.tn\\\/fr\\\/#\\\/schema\\\/person\\\/f35b42a42c5e2511bbd282959d6385cc\",\"name\":\"CL\",\"image\":{\"@type\":\"ImageObject\",\"inLanguage\":\"fr-FR\",\"@id\":\"https:\\\/\\\/secure.gravatar.com\\\/avatar\\\/1447a49909b67aa657c488aec6512e1dd6143a480c1ecfee9b5b5cd74eb3b59e?s=96&d=mm&r=g\",\"url\":\"https:\\\/\\\/secure.gravatar.com\\\/avatar\\\/1447a49909b67aa657c488aec6512e1dd6143a480c1ecfee9b5b5cd74eb3b59e?s=96&d=mm&r=g\",\"contentUrl\":\"https:\\\/\\\/secure.gravatar.com\\\/avatar\\\/1447a49909b67aa657c488aec6512e1dd6143a480c1ecfee9b5b5cd74eb3b59e?s=96&d=mm&r=g\",\"caption\":\"CL\"},\"url\":\"https:\\\/\\\/www.webdo.tn\\\/fr\\\/actualite\\\/author\\\/cl\\\/\"}]}<\/script>\n<!-- \/ Yoast SEO Premium plugin. -->","yoast_head_json":{"title":"Rome : Kais Saied plaide pour une nouvelle communaut\u00e9 internationale \u00e9quitable","description":"Apr\u00e8s avoir tenu une s\u00e9rie de rencontres avec ses homologues, il a prononc\u00e9 une allocution pour revenir sur plusieurs questions, notamment la souverainet\u00e9 du co...","canonical":"https:\/\/www.webdo.tn\/fr\/actualite\/national\/rome-kais-saied-plaide-pour-une-nouvelle-communaute-internationale-equitable\/211897\/","og_locale":"fr_FR","og_type":"article","og_title":"Rome : Kais Saied plaide pour une nouvelle communaut\u00e9 internationale \u00e9quitable","og_description":"Apr\u00e8s avoir tenu une s\u00e9rie de rencontres avec ses homologues, il a prononc\u00e9 une allocution pour revenir sur plusieurs questions, notamment la souverainet\u00e9 du co...","og_url":"https:\/\/www.webdo.tn\/fr\/actualite\/national\/rome-kais-saied-plaide-pour-une-nouvelle-communaute-internationale-equitable\/211897\/","og_site_name":"webdo","article_publisher":"https:\/\/www.facebook.com\/webdotn","article_published_time":"2024-01-29T18:27:00+00:00","article_modified_time":"2025-05-20T22:52:55+00:00","og_image":[{"width":750,"height":400,"url":"https:\/\/www.webdo.tn\/fr\/wp-content\/uploads\/2024\/01\/08566a81f003cf309a8c37f5ed818f50.jpg","type":"image\/jpeg"}],"author":"CL","twitter_card":"summary_large_image","twitter_creator":"@webdo_tn","twitter_site":"@webdo_tn","twitter_misc":{"\u00c9crit par":"CL","Dur\u00e9e de lecture estim\u00e9e":"1 minute"},"schema":{"@context":"https:\/\/schema.org","@graph":[{"@type":"NewsArticle","@id":"https:\/\/www.webdo.tn\/fr\/actualite\/national\/rome-kais-saied-plaide-pour-une-nouvelle-communaute-internationale-equitable\/211897\/#article","isPartOf":{"@id":"https:\/\/www.webdo.tn\/fr\/actualite\/national\/rome-kais-saied-plaide-pour-une-nouvelle-communaute-internationale-equitable\/211897\/"},"author":{"name":"CL","@id":"https:\/\/www.webdo.tn\/fr\/#\/schema\/person\/f35b42a42c5e2511bbd282959d6385cc"},"headline":"Rome : Kais Saied plaide pour une nouvelle communaut\u00e9 internationale \u00e9quitable","datePublished":"2024-01-29T18:27:00+00:00","dateModified":"2025-05-20T22:52:55+00:00","mainEntityOfPage":{"@id":"https:\/\/www.webdo.tn\/fr\/actualite\/national\/rome-kais-saied-plaide-pour-une-nouvelle-communaute-internationale-equitable\/211897\/"},"wordCount":188,"commentCount":0,"publisher":{"@id":"https:\/\/www.webdo.tn\/fr\/#organization"},"image":{"@id":"https:\/\/www.webdo.tn\/fr\/actualite\/national\/rome-kais-saied-plaide-pour-une-nouvelle-communaute-internationale-equitable\/211897\/#primaryimage"},"thumbnailUrl":"https:\/\/www.webdo.tn\/fr\/wp-content\/uploads\/2024\/01\/08566a81f003cf309a8c37f5ed818f50.jpg","keywords":["Kais Saied","Tunisie"],"articleSection":["National"],"inLanguage":"fr-FR"},{"@type":"WebPage","@id":"https:\/\/www.webdo.tn\/fr\/actualite\/national\/rome-kais-saied-plaide-pour-une-nouvelle-communaute-internationale-equitable\/211897\/","url":"https:\/\/www.webdo.tn\/fr\/actualite\/national\/rome-kais-saied-plaide-pour-une-nouvelle-communaute-internationale-equitable\/211897\/","name":"Rome : Kais Saied plaide pour une nouvelle communaut\u00e9 internationale \u00e9quitable","isPartOf":{"@id":"https:\/\/www.webdo.tn\/fr\/#website"},"primaryImageOfPage":{"@id":"https:\/\/www.webdo.tn\/fr\/actualite\/national\/rome-kais-saied-plaide-pour-une-nouvelle-communaute-internationale-equitable\/211897\/#primaryimage"},"image":{"@id":"https:\/\/www.webdo.tn\/fr\/actualite\/national\/rome-kais-saied-plaide-pour-une-nouvelle-communaute-internationale-equitable\/211897\/#primaryimage"},"thumbnailUrl":"https:\/\/www.webdo.tn\/fr\/wp-content\/uploads\/2024\/01\/08566a81f003cf309a8c37f5ed818f50.jpg","datePublished":"2024-01-29T18:27:00+00:00","dateModified":"2025-05-20T22:52:55+00:00","description":"Apr\u00e8s avoir tenu une s\u00e9rie de rencontres avec ses homologues, il a prononc\u00e9 une allocution pour revenir sur plusieurs questions, notamment la souverainet\u00e9 du co...","breadcrumb":{"@id":"https:\/\/www.webdo.tn\/fr\/actualite\/national\/rome-kais-saied-plaide-pour-une-nouvelle-communaute-internationale-equitable\/211897\/#breadcrumb"},"inLanguage":"fr-FR","potentialAction":[{"@type":"ReadAction","target":["https:\/\/www.webdo.tn\/fr\/actualite\/national\/rome-kais-saied-plaide-pour-une-nouvelle-communaute-internationale-equitable\/211897\/"]}]},{"@type":"ImageObject","inLanguage":"fr-FR","@id":"https:\/\/www.webdo.tn\/fr\/actualite\/national\/rome-kais-saied-plaide-pour-une-nouvelle-communaute-internationale-equitable\/211897\/#primaryimage","url":"https:\/\/www.webdo.tn\/fr\/wp-content\/uploads\/2024\/01\/08566a81f003cf309a8c37f5ed818f50.jpg","contentUrl":"https:\/\/www.webdo.tn\/fr\/wp-content\/uploads\/2024\/01\/08566a81f003cf309a8c37f5ed818f50.jpg","width":750,"height":400,"caption":"Rome : Kais Saied plaide pour une nouvelle communaut\u00e9 internationale \u00e9quitable"},{"@type":"BreadcrumbList","@id":"https:\/\/www.webdo.tn\/fr\/actualite\/national\/rome-kais-saied-plaide-pour-une-nouvelle-communaute-internationale-equitable\/211897\/#breadcrumb","itemListElement":[{"@type":"ListItem","position":1,"name":"Accueil","item":"https:\/\/www.webdo.tn\/fr\/"},{"@type":"ListItem","position":2,"name":"Rome : Kais Saied plaide pour une nouvelle communaut\u00e9 internationale \u00e9quitable"}]},{"@type":"WebSite","@id":"https:\/\/www.webdo.tn\/fr\/#website","url":"https:\/\/www.webdo.tn\/fr\/","name":"webdo","description":"Tunisie - News en Tunisie et \u00e0 l&#039;international sur Webdo.tn","publisher":{"@id":"https:\/\/www.webdo.tn\/fr\/#organization"},"potentialAction":[{"@type":"SearchAction","target":{"@type":"EntryPoint","urlTemplate":"https:\/\/www.webdo.tn\/fr\/?s={search_term_string}"},"query-input":{"@type":"PropertyValueSpecification","valueRequired":true,"valueName":"search_term_string"}}],"inLanguage":"fr-FR"},{"@type":"Organization","@id":"https:\/\/www.webdo.tn\/fr\/#organization","name":"Webdo","alternateName":"Webdo.tn","url":"https:\/\/www.webdo.tn\/fr\/","logo":{"@type":"ImageObject","inLanguage":"fr-FR","@id":"https:\/\/www.webdo.tn\/fr\/#\/schema\/logo\/image\/","url":"https:\/\/www.webdo.tn\/fr\/wp-content\/uploads\/2025\/06\/Webdo-Tunisie_168377.jpg","contentUrl":"https:\/\/www.webdo.tn\/fr\/wp-content\/uploads\/2025\/06\/Webdo-Tunisie_168377.jpg","width":301,"height":301,"caption":"Webdo"},"image":{"@id":"https:\/\/www.webdo.tn\/fr\/#\/schema\/logo\/image\/"},"sameAs":["https:\/\/www.facebook.com\/webdotn","https:\/\/x.com\/webdo_tn"],"description":"Webdo est un m\u00e9dia num\u00e9rique tunisien fond\u00e9 en 2010, sp\u00e9cialis\u00e9 dans l\u2019actualit\u00e9 nationale et internationale, l\u2019\u00e9conomie, la soci\u00e9t\u00e9 et les analyses politiques. Le site s\u2019adresse \u00e0 un large public francophone et couvre l\u2019information tunisienne en temps r\u00e9el.","email":"redac@webdo.tn","legalName":"YNJ SARL","foundingDate":"2010-09-06","numberOfEmployees":{"@type":"QuantitativeValue","minValue":"11","maxValue":"50"}},{"@type":"Person","@id":"https:\/\/www.webdo.tn\/fr\/#\/schema\/person\/f35b42a42c5e2511bbd282959d6385cc","name":"CL","image":{"@type":"ImageObject","inLanguage":"fr-FR","@id":"https:\/\/secure.gravatar.com\/avatar\/1447a49909b67aa657c488aec6512e1dd6143a480c1ecfee9b5b5cd74eb3b59e?s=96&d=mm&r=g","url":"https:\/\/secure.gravatar.com\/avatar\/1447a49909b67aa657c488aec6512e1dd6143a480c1ecfee9b5b5cd74eb3b59e?s=96&d=mm&r=g","contentUrl":"https:\/\/secure.gravatar.com\/avatar\/1447a49909b67aa657c488aec6512e1dd6143a480c1ecfee9b5b5cd74eb3b59e?s=96&d=mm&r=g","caption":"CL"},"url":"https:\/\/www.webdo.tn\/fr\/actualite\/author\/cl\/"}]}},"_links":{"self":[{"href":"https:\/\/www.webdo.tn\/fr\/wp-json\/wp\/v2\/posts\/211897","targetHints":{"allow":["GET"]}}],"collection":[{"href":"https:\/\/www.webdo.tn\/fr\/wp-json\/wp\/v2\/posts"}],"about":[{"href":"https:\/\/www.webdo.tn\/fr\/wp-json\/wp\/v2\/types\/post"}],"author":[{"embeddable":true,"href":"https:\/\/www.webdo.tn\/fr\/wp-json\/wp\/v2\/users\/3175"}],"replies":[{"embeddable":true,"href":"https:\/\/www.webdo.tn\/fr\/wp-json\/wp\/v2\/comments?post=211897"}],"version-history":[{"count":0,"href":"https:\/\/www.webdo.tn\/fr\/wp-json\/wp\/v2\/posts\/211897\/revisions"}],"wp:featuredmedia":[{"embeddable":true,"href":"https:\/\/www.webdo.tn\/fr\/wp-json\/wp\/v2\/media\/290145"}],"wp:attachment":[{"href":"https:\/\/www.webdo.tn\/fr\/wp-json\/wp\/v2\/media?parent=211897"}],"wp:term":[{"taxonomy":"category","embeddable":true,"href":"https:\/\/www.webdo.tn\/fr\/wp-json\/wp\/v2\/categories?post=211897"},{"taxonomy":"post_tag","embeddable":true,"href":"https:\/\/www.webdo.tn\/fr\/wp-json\/wp\/v2\/tags?post=211897"}],"curies":[{"name":"wp","href":"https:\/\/api.w.org\/{rel}","templated":true}]}}