{"id":211874,"date":"2024-01-28T11:18:00","date_gmt":"2024-01-28T11:18:00","guid":{"rendered":"https:\/\/www.webdo.tn\/fr\/blog\/tunisie-une-premiere-la-chirurgie-eveillee-pour-l-ablation-d-une-tumeur-cerebrale\/211874\/"},"modified":"2025-05-20T22:38:00","modified_gmt":"2025-05-20T22:38:00","slug":"tunisie-une-premiere-la-chirurgie-eveillee-pour-l-ablation-d-une-tumeur-cerebrale","status":"publish","type":"post","link":"https:\/\/www.webdo.tn\/fr\/actualite\/national\/tunisie-une-premiere-la-chirurgie-eveillee-pour-l-ablation-d-une-tumeur-cerebrale\/211874\/","title":{"rendered":"Tunisie &#8211; Une premi\u00e8re : La chirurgie \u00e9veill\u00e9e pour l\u2019ablation d\u2019une tumeur c\u00e9r\u00e9brale ! \u00a0"},"content":{"rendered":"<p>C\u2019est une premier en Tunisie. Le CHU Fatouma Bourguiba a proc\u00e9d\u00e9 \u00e0 une nouvelle technique d\u2019anesth\u00e9sie pour l\u2019ablation d\u2019une tumeur sur une patiente \u00e9veill\u00e9e.\u00a0<\/p>\n<p>\t\t\t\t\t\t\t\t\tEn effet, une \u00e9quipe m\u00e9dicale a pu retirer une tumeur du cerveau d\u2019une patiente alors qu\u2019elle \u00e9tait \u00e9veill\u00e9e, pr\u00e9cise le chef de service de neurochirurgie de l\u2019h\u00f4pital Fattouma Bourguiba, Mehdi Darmoul, dans des d\u00e9clarations m\u00e9diatiques.\u00a0<\/p>\n<p>Il s\u2019agit d\u2019une jeune fille de 17 ans qui souffrait d\u2019une tumeur c\u00e9r\u00e9brale alors que les risques de paralysie \u00e9taient bien r\u00e9els en proc\u00e9dant \u00e0 cette chirurgie.\u00a0<\/p>\n<p>\u00ab Cette technique permettait de communiquer avec la patiente et de diriger le personnel m\u00e9dical en bougeant sa main et sa jambe gauche \u00bb, a-t-il expliqu\u00e9.\u00a0<\/p>\n<p>La chirurgie \u00e9veill\u00e9e, aussi appel\u00e9e craniotomie \u00e9veill\u00e9e, est une intervention sur le cerveau d\u2019un patient qui est conscient et bien \u00e9veill\u00e9. La chirurgie \u00e9veill\u00e9e sert \u00e0 traiter des patients qui ont certains types de tumeurs ou l\u00e9sions au cerveau pouvant provoquer des crises \u00e9pileptiques.<\/p>\n","protected":false},"excerpt":{"rendered":"<p>En effet, une \u00e9quipe m\u00e9dicale a pu retirer une tumeur du cerveau d\u2019une patiente alors qu\u2019elle \u00e9tait \u00e9veill\u00e9e, pr\u00e9cise le chef de service de neurochirurgie de l\u2019&#8230;<\/p>\n","protected":false},"author":3175,"featured_media":248136,"comment_status":"open","ping_status":"closed","sticky":false,"template":"","format":"standard","meta":{"footnotes":""},"categories":[44],"tags":[7117,2700,4811,2608],"class_list":["post-211874","post","type-post","status-publish","format-standard","has-post-thumbnail","hentry","category-national","tag-chirurgie-eveillee","tag-medecine","tag-tumeur","tag-tunisie"],"yoast_head":"<!-- This site is optimized with the Yoast SEO Premium plugin v27.5 (Yoast SEO v27.5) - https:\/\/yoast.com\/product\/yoast-seo-premium-wordpress\/ -->\n<title>Tunisie - Une premi\u00e8re : La chirurgie \u00e9veill\u00e9e pour l\u2019ablation d\u2019une tumeur c\u00e9r\u00e9brale ! \u00a0<\/title>\n<meta name=\"description\" content=\"En effet, une \u00e9quipe m\u00e9dicale a pu retirer une tumeur du cerveau d\u2019une patiente alors qu\u2019elle \u00e9tait \u00e9veill\u00e9e, pr\u00e9cise le chef de service de neurochirurgie de l\u2019...\" \/>\n<link rel=\"canonical\" href=\"https:\/\/www.webdo.tn\/fr\/actualite\/national\/tunisie-une-premiere-la-chirurgie-eveillee-pour-l-ablation-d-une-tumeur-cerebrale\/211874\/\" \/>\n<meta property=\"og:locale\" content=\"fr_FR\" \/>\n<meta property=\"og:type\" content=\"article\" \/>\n<meta property=\"og:title\" content=\"Tunisie - Une premi\u00e8re : La chirurgie \u00e9veill\u00e9e pour l\u2019ablation d\u2019une tumeur c\u00e9r\u00e9brale ! \u00a0\" \/>\n<meta property=\"og:description\" content=\"En effet, une \u00e9quipe m\u00e9dicale a pu retirer une tumeur du cerveau d\u2019une patiente alors qu\u2019elle \u00e9tait \u00e9veill\u00e9e, pr\u00e9cise le chef de service de neurochirurgie de l\u2019...\" \/>\n<meta property=\"og:url\" content=\"https:\/\/www.webdo.tn\/fr\/actualite\/national\/tunisie-une-premiere-la-chirurgie-eveillee-pour-l-ablation-d-une-tumeur-cerebrale\/211874\/\" \/>\n<meta property=\"og:site_name\" content=\"webdo\" \/>\n<meta property=\"article:publisher\" content=\"https:\/\/www.facebook.com\/webdotn\" \/>\n<meta property=\"article:published_time\" content=\"2024-01-28T11:18:00+00:00\" \/>\n<meta property=\"article:modified_time\" content=\"2025-05-20T22:38:00+00:00\" \/>\n<meta property=\"og:image\" content=\"https:\/\/www.webdo.tn\/fr\/wp-content\/uploads\/2024\/01\/7760ff153166eaf62580dafc9d7f478c.jpg\" \/>\n\t<meta property=\"og:image:width\" content=\"750\" \/>\n\t<meta property=\"og:image:height\" content=\"400\" \/>\n\t<meta property=\"og:image:type\" content=\"image\/jpeg\" \/>\n<meta name=\"author\" content=\"CL\" \/>\n<meta name=\"twitter:card\" content=\"summary_large_image\" \/>\n<meta name=\"twitter:creator\" content=\"@webdo_tn\" \/>\n<meta name=\"twitter:site\" content=\"@webdo_tn\" \/>\n<meta name=\"twitter:label1\" content=\"\u00c9crit par\" \/>\n\t<meta name=\"twitter:data1\" content=\"CL\" \/>\n\t<meta name=\"twitter:label2\" content=\"Dur\u00e9e de lecture estim\u00e9e\" \/>\n\t<meta name=\"twitter:data2\" content=\"1 minute\" \/>\n<script type=\"application\/ld+json\" class=\"yoast-schema-graph\">{\"@context\":\"https:\\\/\\\/schema.org\",\"@graph\":[{\"@type\":\"NewsArticle\",\"@id\":\"https:\\\/\\\/www.webdo.tn\\\/fr\\\/actualite\\\/national\\\/tunisie-une-premiere-la-chirurgie-eveillee-pour-l-ablation-d-une-tumeur-cerebrale\\\/211874\\\/#article\",\"isPartOf\":{\"@id\":\"https:\\\/\\\/www.webdo.tn\\\/fr\\\/actualite\\\/national\\\/tunisie-une-premiere-la-chirurgie-eveillee-pour-l-ablation-d-une-tumeur-cerebrale\\\/211874\\\/\"},\"author\":{\"name\":\"CL\",\"@id\":\"https:\\\/\\\/www.webdo.tn\\\/fr\\\/#\\\/schema\\\/person\\\/f35b42a42c5e2511bbd282959d6385cc\"},\"headline\":\"Tunisie &#8211; Une premi\u00e8re : La chirurgie \u00e9veill\u00e9e pour l\u2019ablation d\u2019une tumeur c\u00e9r\u00e9brale ! \u00a0\",\"datePublished\":\"2024-01-28T11:18:00+00:00\",\"dateModified\":\"2025-05-20T22:38:00+00:00\",\"mainEntityOfPage\":{\"@id\":\"https:\\\/\\\/www.webdo.tn\\\/fr\\\/actualite\\\/national\\\/tunisie-une-premiere-la-chirurgie-eveillee-pour-l-ablation-d-une-tumeur-cerebrale\\\/211874\\\/\"},\"wordCount\":198,\"commentCount\":0,\"publisher\":{\"@id\":\"https:\\\/\\\/www.webdo.tn\\\/fr\\\/#organization\"},\"image\":{\"@id\":\"https:\\\/\\\/www.webdo.tn\\\/fr\\\/actualite\\\/national\\\/tunisie-une-premiere-la-chirurgie-eveillee-pour-l-ablation-d-une-tumeur-cerebrale\\\/211874\\\/#primaryimage\"},\"thumbnailUrl\":\"https:\\\/\\\/www.webdo.tn\\\/fr\\\/wp-content\\\/uploads\\\/2024\\\/01\\\/7760ff153166eaf62580dafc9d7f478c.jpg\",\"keywords\":[\"Chirurgie \u00e9veill\u00e9e\",\"m\u00e9decine\",\"tumeur\",\"Tunisie\"],\"articleSection\":[\"National\"],\"inLanguage\":\"fr-FR\"},{\"@type\":\"WebPage\",\"@id\":\"https:\\\/\\\/www.webdo.tn\\\/fr\\\/actualite\\\/national\\\/tunisie-une-premiere-la-chirurgie-eveillee-pour-l-ablation-d-une-tumeur-cerebrale\\\/211874\\\/\",\"url\":\"https:\\\/\\\/www.webdo.tn\\\/fr\\\/actualite\\\/national\\\/tunisie-une-premiere-la-chirurgie-eveillee-pour-l-ablation-d-une-tumeur-cerebrale\\\/211874\\\/\",\"name\":\"Tunisie - Une premi\u00e8re : La chirurgie \u00e9veill\u00e9e pour l\u2019ablation d\u2019une tumeur c\u00e9r\u00e9brale ! \u00a0\",\"isPartOf\":{\"@id\":\"https:\\\/\\\/www.webdo.tn\\\/fr\\\/#website\"},\"primaryImageOfPage\":{\"@id\":\"https:\\\/\\\/www.webdo.tn\\\/fr\\\/actualite\\\/national\\\/tunisie-une-premiere-la-chirurgie-eveillee-pour-l-ablation-d-une-tumeur-cerebrale\\\/211874\\\/#primaryimage\"},\"image\":{\"@id\":\"https:\\\/\\\/www.webdo.tn\\\/fr\\\/actualite\\\/national\\\/tunisie-une-premiere-la-chirurgie-eveillee-pour-l-ablation-d-une-tumeur-cerebrale\\\/211874\\\/#primaryimage\"},\"thumbnailUrl\":\"https:\\\/\\\/www.webdo.tn\\\/fr\\\/wp-content\\\/uploads\\\/2024\\\/01\\\/7760ff153166eaf62580dafc9d7f478c.jpg\",\"datePublished\":\"2024-01-28T11:18:00+00:00\",\"dateModified\":\"2025-05-20T22:38:00+00:00\",\"description\":\"En effet, une \u00e9quipe m\u00e9dicale a pu retirer une tumeur du cerveau d\u2019une patiente alors qu\u2019elle \u00e9tait \u00e9veill\u00e9e, pr\u00e9cise le chef de service de neurochirurgie de l\u2019...\",\"breadcrumb\":{\"@id\":\"https:\\\/\\\/www.webdo.tn\\\/fr\\\/actualite\\\/national\\\/tunisie-une-premiere-la-chirurgie-eveillee-pour-l-ablation-d-une-tumeur-cerebrale\\\/211874\\\/#breadcrumb\"},\"inLanguage\":\"fr-FR\",\"potentialAction\":[{\"@type\":\"ReadAction\",\"target\":[\"https:\\\/\\\/www.webdo.tn\\\/fr\\\/actualite\\\/national\\\/tunisie-une-premiere-la-chirurgie-eveillee-pour-l-ablation-d-une-tumeur-cerebrale\\\/211874\\\/\"]}]},{\"@type\":\"ImageObject\",\"inLanguage\":\"fr-FR\",\"@id\":\"https:\\\/\\\/www.webdo.tn\\\/fr\\\/actualite\\\/national\\\/tunisie-une-premiere-la-chirurgie-eveillee-pour-l-ablation-d-une-tumeur-cerebrale\\\/211874\\\/#primaryimage\",\"url\":\"https:\\\/\\\/www.webdo.tn\\\/fr\\\/wp-content\\\/uploads\\\/2024\\\/01\\\/7760ff153166eaf62580dafc9d7f478c.jpg\",\"contentUrl\":\"https:\\\/\\\/www.webdo.tn\\\/fr\\\/wp-content\\\/uploads\\\/2024\\\/01\\\/7760ff153166eaf62580dafc9d7f478c.jpg\",\"width\":750,\"height\":400,\"caption\":\"Tunisie - Une premi\u00e8re : La chirurgie \u00e9veill\u00e9e pour l\u2019ablation d\u2019une tumeur c\u00e9r\u00e9brale ! \u00a0\"},{\"@type\":\"BreadcrumbList\",\"@id\":\"https:\\\/\\\/www.webdo.tn\\\/fr\\\/actualite\\\/national\\\/tunisie-une-premiere-la-chirurgie-eveillee-pour-l-ablation-d-une-tumeur-cerebrale\\\/211874\\\/#breadcrumb\",\"itemListElement\":[{\"@type\":\"ListItem\",\"position\":1,\"name\":\"Accueil\",\"item\":\"https:\\\/\\\/www.webdo.tn\\\/fr\\\/\"},{\"@type\":\"ListItem\",\"position\":2,\"name\":\"Tunisie &#8211; Une premi\u00e8re : La chirurgie \u00e9veill\u00e9e pour l\u2019ablation d\u2019une tumeur c\u00e9r\u00e9brale ! \u00a0\"}]},{\"@type\":\"WebSite\",\"@id\":\"https:\\\/\\\/www.webdo.tn\\\/fr\\\/#website\",\"url\":\"https:\\\/\\\/www.webdo.tn\\\/fr\\\/\",\"name\":\"webdo\",\"description\":\"Tunisie - News en Tunisie et \u00e0 l&#039;international sur Webdo.tn\",\"publisher\":{\"@id\":\"https:\\\/\\\/www.webdo.tn\\\/fr\\\/#organization\"},\"potentialAction\":[{\"@type\":\"SearchAction\",\"target\":{\"@type\":\"EntryPoint\",\"urlTemplate\":\"https:\\\/\\\/www.webdo.tn\\\/fr\\\/?s={search_term_string}\"},\"query-input\":{\"@type\":\"PropertyValueSpecification\",\"valueRequired\":true,\"valueName\":\"search_term_string\"}}],\"inLanguage\":\"fr-FR\"},{\"@type\":\"Organization\",\"@id\":\"https:\\\/\\\/www.webdo.tn\\\/fr\\\/#organization\",\"name\":\"Webdo\",\"alternateName\":\"Webdo.tn\",\"url\":\"https:\\\/\\\/www.webdo.tn\\\/fr\\\/\",\"logo\":{\"@type\":\"ImageObject\",\"inLanguage\":\"fr-FR\",\"@id\":\"https:\\\/\\\/www.webdo.tn\\\/fr\\\/#\\\/schema\\\/logo\\\/image\\\/\",\"url\":\"https:\\\/\\\/www.webdo.tn\\\/fr\\\/wp-content\\\/uploads\\\/2025\\\/06\\\/Webdo-Tunisie_168377.jpg\",\"contentUrl\":\"https:\\\/\\\/www.webdo.tn\\\/fr\\\/wp-content\\\/uploads\\\/2025\\\/06\\\/Webdo-Tunisie_168377.jpg\",\"width\":301,\"height\":301,\"caption\":\"Webdo\"},\"image\":{\"@id\":\"https:\\\/\\\/www.webdo.tn\\\/fr\\\/#\\\/schema\\\/logo\\\/image\\\/\"},\"sameAs\":[\"https:\\\/\\\/www.facebook.com\\\/webdotn\",\"https:\\\/\\\/x.com\\\/webdo_tn\"],\"description\":\"Webdo est un m\u00e9dia num\u00e9rique tunisien fond\u00e9 en 2010, sp\u00e9cialis\u00e9 dans l\u2019actualit\u00e9 nationale et internationale, l\u2019\u00e9conomie, la soci\u00e9t\u00e9 et les analyses politiques. Le site s\u2019adresse \u00e0 un large public francophone et couvre l\u2019information tunisienne en temps r\u00e9el.\",\"email\":\"redac@webdo.tn\",\"legalName\":\"YNJ SARL\",\"foundingDate\":\"2010-09-06\",\"numberOfEmployees\":{\"@type\":\"QuantitativeValue\",\"minValue\":\"11\",\"maxValue\":\"50\"}},{\"@type\":\"Person\",\"@id\":\"https:\\\/\\\/www.webdo.tn\\\/fr\\\/#\\\/schema\\\/person\\\/f35b42a42c5e2511bbd282959d6385cc\",\"name\":\"CL\",\"image\":{\"@type\":\"ImageObject\",\"inLanguage\":\"fr-FR\",\"@id\":\"https:\\\/\\\/secure.gravatar.com\\\/avatar\\\/1447a49909b67aa657c488aec6512e1dd6143a480c1ecfee9b5b5cd74eb3b59e?s=96&d=mm&r=g\",\"url\":\"https:\\\/\\\/secure.gravatar.com\\\/avatar\\\/1447a49909b67aa657c488aec6512e1dd6143a480c1ecfee9b5b5cd74eb3b59e?s=96&d=mm&r=g\",\"contentUrl\":\"https:\\\/\\\/secure.gravatar.com\\\/avatar\\\/1447a49909b67aa657c488aec6512e1dd6143a480c1ecfee9b5b5cd74eb3b59e?s=96&d=mm&r=g\",\"caption\":\"CL\"},\"url\":\"https:\\\/\\\/www.webdo.tn\\\/fr\\\/actualite\\\/author\\\/cl\\\/\"}]}<\/script>\n<!-- \/ Yoast SEO Premium plugin. -->","yoast_head_json":{"title":"Tunisie - Une premi\u00e8re : La chirurgie \u00e9veill\u00e9e pour l\u2019ablation d\u2019une tumeur c\u00e9r\u00e9brale ! \u00a0","description":"En effet, une \u00e9quipe m\u00e9dicale a pu retirer une tumeur du cerveau d\u2019une patiente alors qu\u2019elle \u00e9tait \u00e9veill\u00e9e, pr\u00e9cise le chef de service de neurochirurgie de l\u2019...","canonical":"https:\/\/www.webdo.tn\/fr\/actualite\/national\/tunisie-une-premiere-la-chirurgie-eveillee-pour-l-ablation-d-une-tumeur-cerebrale\/211874\/","og_locale":"fr_FR","og_type":"article","og_title":"Tunisie - Une premi\u00e8re : La chirurgie \u00e9veill\u00e9e pour l\u2019ablation d\u2019une tumeur c\u00e9r\u00e9brale ! \u00a0","og_description":"En effet, une \u00e9quipe m\u00e9dicale a pu retirer une tumeur du cerveau d\u2019une patiente alors qu\u2019elle \u00e9tait \u00e9veill\u00e9e, pr\u00e9cise le chef de service de neurochirurgie de l\u2019...","og_url":"https:\/\/www.webdo.tn\/fr\/actualite\/national\/tunisie-une-premiere-la-chirurgie-eveillee-pour-l-ablation-d-une-tumeur-cerebrale\/211874\/","og_site_name":"webdo","article_publisher":"https:\/\/www.facebook.com\/webdotn","article_published_time":"2024-01-28T11:18:00+00:00","article_modified_time":"2025-05-20T22:38:00+00:00","og_image":[{"width":750,"height":400,"url":"https:\/\/www.webdo.tn\/fr\/wp-content\/uploads\/2024\/01\/7760ff153166eaf62580dafc9d7f478c.jpg","type":"image\/jpeg"}],"author":"CL","twitter_card":"summary_large_image","twitter_creator":"@webdo_tn","twitter_site":"@webdo_tn","twitter_misc":{"\u00c9crit par":"CL","Dur\u00e9e de lecture estim\u00e9e":"1 minute"},"schema":{"@context":"https:\/\/schema.org","@graph":[{"@type":"NewsArticle","@id":"https:\/\/www.webdo.tn\/fr\/actualite\/national\/tunisie-une-premiere-la-chirurgie-eveillee-pour-l-ablation-d-une-tumeur-cerebrale\/211874\/#article","isPartOf":{"@id":"https:\/\/www.webdo.tn\/fr\/actualite\/national\/tunisie-une-premiere-la-chirurgie-eveillee-pour-l-ablation-d-une-tumeur-cerebrale\/211874\/"},"author":{"name":"CL","@id":"https:\/\/www.webdo.tn\/fr\/#\/schema\/person\/f35b42a42c5e2511bbd282959d6385cc"},"headline":"Tunisie &#8211; Une premi\u00e8re : La chirurgie \u00e9veill\u00e9e pour l\u2019ablation d\u2019une tumeur c\u00e9r\u00e9brale ! \u00a0","datePublished":"2024-01-28T11:18:00+00:00","dateModified":"2025-05-20T22:38:00+00:00","mainEntityOfPage":{"@id":"https:\/\/www.webdo.tn\/fr\/actualite\/national\/tunisie-une-premiere-la-chirurgie-eveillee-pour-l-ablation-d-une-tumeur-cerebrale\/211874\/"},"wordCount":198,"commentCount":0,"publisher":{"@id":"https:\/\/www.webdo.tn\/fr\/#organization"},"image":{"@id":"https:\/\/www.webdo.tn\/fr\/actualite\/national\/tunisie-une-premiere-la-chirurgie-eveillee-pour-l-ablation-d-une-tumeur-cerebrale\/211874\/#primaryimage"},"thumbnailUrl":"https:\/\/www.webdo.tn\/fr\/wp-content\/uploads\/2024\/01\/7760ff153166eaf62580dafc9d7f478c.jpg","keywords":["Chirurgie \u00e9veill\u00e9e","m\u00e9decine","tumeur","Tunisie"],"articleSection":["National"],"inLanguage":"fr-FR"},{"@type":"WebPage","@id":"https:\/\/www.webdo.tn\/fr\/actualite\/national\/tunisie-une-premiere-la-chirurgie-eveillee-pour-l-ablation-d-une-tumeur-cerebrale\/211874\/","url":"https:\/\/www.webdo.tn\/fr\/actualite\/national\/tunisie-une-premiere-la-chirurgie-eveillee-pour-l-ablation-d-une-tumeur-cerebrale\/211874\/","name":"Tunisie - Une premi\u00e8re : La chirurgie \u00e9veill\u00e9e pour l\u2019ablation d\u2019une tumeur c\u00e9r\u00e9brale ! \u00a0","isPartOf":{"@id":"https:\/\/www.webdo.tn\/fr\/#website"},"primaryImageOfPage":{"@id":"https:\/\/www.webdo.tn\/fr\/actualite\/national\/tunisie-une-premiere-la-chirurgie-eveillee-pour-l-ablation-d-une-tumeur-cerebrale\/211874\/#primaryimage"},"image":{"@id":"https:\/\/www.webdo.tn\/fr\/actualite\/national\/tunisie-une-premiere-la-chirurgie-eveillee-pour-l-ablation-d-une-tumeur-cerebrale\/211874\/#primaryimage"},"thumbnailUrl":"https:\/\/www.webdo.tn\/fr\/wp-content\/uploads\/2024\/01\/7760ff153166eaf62580dafc9d7f478c.jpg","datePublished":"2024-01-28T11:18:00+00:00","dateModified":"2025-05-20T22:38:00+00:00","description":"En effet, une \u00e9quipe m\u00e9dicale a pu retirer une tumeur du cerveau d\u2019une patiente alors qu\u2019elle \u00e9tait \u00e9veill\u00e9e, pr\u00e9cise le chef de service de neurochirurgie de l\u2019...","breadcrumb":{"@id":"https:\/\/www.webdo.tn\/fr\/actualite\/national\/tunisie-une-premiere-la-chirurgie-eveillee-pour-l-ablation-d-une-tumeur-cerebrale\/211874\/#breadcrumb"},"inLanguage":"fr-FR","potentialAction":[{"@type":"ReadAction","target":["https:\/\/www.webdo.tn\/fr\/actualite\/national\/tunisie-une-premiere-la-chirurgie-eveillee-pour-l-ablation-d-une-tumeur-cerebrale\/211874\/"]}]},{"@type":"ImageObject","inLanguage":"fr-FR","@id":"https:\/\/www.webdo.tn\/fr\/actualite\/national\/tunisie-une-premiere-la-chirurgie-eveillee-pour-l-ablation-d-une-tumeur-cerebrale\/211874\/#primaryimage","url":"https:\/\/www.webdo.tn\/fr\/wp-content\/uploads\/2024\/01\/7760ff153166eaf62580dafc9d7f478c.jpg","contentUrl":"https:\/\/www.webdo.tn\/fr\/wp-content\/uploads\/2024\/01\/7760ff153166eaf62580dafc9d7f478c.jpg","width":750,"height":400,"caption":"Tunisie - Une premi\u00e8re : La chirurgie \u00e9veill\u00e9e pour l\u2019ablation d\u2019une tumeur c\u00e9r\u00e9brale ! \u00a0"},{"@type":"BreadcrumbList","@id":"https:\/\/www.webdo.tn\/fr\/actualite\/national\/tunisie-une-premiere-la-chirurgie-eveillee-pour-l-ablation-d-une-tumeur-cerebrale\/211874\/#breadcrumb","itemListElement":[{"@type":"ListItem","position":1,"name":"Accueil","item":"https:\/\/www.webdo.tn\/fr\/"},{"@type":"ListItem","position":2,"name":"Tunisie &#8211; Une premi\u00e8re : La chirurgie \u00e9veill\u00e9e pour l\u2019ablation d\u2019une tumeur c\u00e9r\u00e9brale ! \u00a0"}]},{"@type":"WebSite","@id":"https:\/\/www.webdo.tn\/fr\/#website","url":"https:\/\/www.webdo.tn\/fr\/","name":"webdo","description":"Tunisie - News en Tunisie et \u00e0 l&#039;international sur Webdo.tn","publisher":{"@id":"https:\/\/www.webdo.tn\/fr\/#organization"},"potentialAction":[{"@type":"SearchAction","target":{"@type":"EntryPoint","urlTemplate":"https:\/\/www.webdo.tn\/fr\/?s={search_term_string}"},"query-input":{"@type":"PropertyValueSpecification","valueRequired":true,"valueName":"search_term_string"}}],"inLanguage":"fr-FR"},{"@type":"Organization","@id":"https:\/\/www.webdo.tn\/fr\/#organization","name":"Webdo","alternateName":"Webdo.tn","url":"https:\/\/www.webdo.tn\/fr\/","logo":{"@type":"ImageObject","inLanguage":"fr-FR","@id":"https:\/\/www.webdo.tn\/fr\/#\/schema\/logo\/image\/","url":"https:\/\/www.webdo.tn\/fr\/wp-content\/uploads\/2025\/06\/Webdo-Tunisie_168377.jpg","contentUrl":"https:\/\/www.webdo.tn\/fr\/wp-content\/uploads\/2025\/06\/Webdo-Tunisie_168377.jpg","width":301,"height":301,"caption":"Webdo"},"image":{"@id":"https:\/\/www.webdo.tn\/fr\/#\/schema\/logo\/image\/"},"sameAs":["https:\/\/www.facebook.com\/webdotn","https:\/\/x.com\/webdo_tn"],"description":"Webdo est un m\u00e9dia num\u00e9rique tunisien fond\u00e9 en 2010, sp\u00e9cialis\u00e9 dans l\u2019actualit\u00e9 nationale et internationale, l\u2019\u00e9conomie, la soci\u00e9t\u00e9 et les analyses politiques. Le site s\u2019adresse \u00e0 un large public francophone et couvre l\u2019information tunisienne en temps r\u00e9el.","email":"redac@webdo.tn","legalName":"YNJ SARL","foundingDate":"2010-09-06","numberOfEmployees":{"@type":"QuantitativeValue","minValue":"11","maxValue":"50"}},{"@type":"Person","@id":"https:\/\/www.webdo.tn\/fr\/#\/schema\/person\/f35b42a42c5e2511bbd282959d6385cc","name":"CL","image":{"@type":"ImageObject","inLanguage":"fr-FR","@id":"https:\/\/secure.gravatar.com\/avatar\/1447a49909b67aa657c488aec6512e1dd6143a480c1ecfee9b5b5cd74eb3b59e?s=96&d=mm&r=g","url":"https:\/\/secure.gravatar.com\/avatar\/1447a49909b67aa657c488aec6512e1dd6143a480c1ecfee9b5b5cd74eb3b59e?s=96&d=mm&r=g","contentUrl":"https:\/\/secure.gravatar.com\/avatar\/1447a49909b67aa657c488aec6512e1dd6143a480c1ecfee9b5b5cd74eb3b59e?s=96&d=mm&r=g","caption":"CL"},"url":"https:\/\/www.webdo.tn\/fr\/actualite\/author\/cl\/"}]}},"_links":{"self":[{"href":"https:\/\/www.webdo.tn\/fr\/wp-json\/wp\/v2\/posts\/211874","targetHints":{"allow":["GET"]}}],"collection":[{"href":"https:\/\/www.webdo.tn\/fr\/wp-json\/wp\/v2\/posts"}],"about":[{"href":"https:\/\/www.webdo.tn\/fr\/wp-json\/wp\/v2\/types\/post"}],"author":[{"embeddable":true,"href":"https:\/\/www.webdo.tn\/fr\/wp-json\/wp\/v2\/users\/3175"}],"replies":[{"embeddable":true,"href":"https:\/\/www.webdo.tn\/fr\/wp-json\/wp\/v2\/comments?post=211874"}],"version-history":[{"count":0,"href":"https:\/\/www.webdo.tn\/fr\/wp-json\/wp\/v2\/posts\/211874\/revisions"}],"wp:featuredmedia":[{"embeddable":true,"href":"https:\/\/www.webdo.tn\/fr\/wp-json\/wp\/v2\/media\/248136"}],"wp:attachment":[{"href":"https:\/\/www.webdo.tn\/fr\/wp-json\/wp\/v2\/media?parent=211874"}],"wp:term":[{"taxonomy":"category","embeddable":true,"href":"https:\/\/www.webdo.tn\/fr\/wp-json\/wp\/v2\/categories?post=211874"},{"taxonomy":"post_tag","embeddable":true,"href":"https:\/\/www.webdo.tn\/fr\/wp-json\/wp\/v2\/tags?post=211874"}],"curies":[{"name":"wp","href":"https:\/\/api.w.org\/{rel}","templated":true}]}}