{"id":211866,"date":"2024-01-27T10:26:00","date_gmt":"2024-01-27T10:26:00","guid":{"rendered":"https:\/\/www.webdo.tn\/fr\/blog\/can-2023-1-calendrier-et-programme-tv-du-2e-tour\/211866\/"},"modified":"2025-05-20T22:11:34","modified_gmt":"2025-05-20T22:11:34","slug":"can-2023-1-calendrier-et-programme-tv-du-2e-tour","status":"publish","type":"post","link":"https:\/\/www.webdo.tn\/fr\/actualite\/sport\/can-2023-1-calendrier-et-programme-tv-du-2e-tour\/211866\/","title":{"rendered":"CAN 2023+1 : Calendrier et programme TV du 2e tour"},"content":{"rendered":"<p>Place aux quarts de finale.<\/p>\n<p>\t\t\t\t\t\t\t\t\tQuarts de finale<\/p>\n<p>\t2 f\u00e9vrier \u00e0 18h00 : Angola &#8211; Nigeria (beIN Sports ar Max 1, 2, beIN Sports fr 1, Sport TV 1, Sport Digital)<br \/>\n\t2 f\u00e9vrier \u00e0 21h00 : Guin\u00e9e &#8211; RD Congo (beIN Sports ar Max 1, 2, beIN Sports fr 1, Sport TV 2, Sport Digital)<br \/>\n\t3 f\u00e9vrier \u00e0 18h00 : C\u00f4te d&rsquo;Ivoire &#8211; Mali (beIN Sports ar Max 1, 2, beIN Sports fr 1, Sport TV 3, Sport Digital)<br \/>\n\t3 f\u00e9vrier \u00e0 21h00 : Cap-Vert &#8211; Afrique du Sud (beIN Sports ar Max 1, 2, beIN Sports fr 1, Sport TV 3, Sport Digital)<\/p>\n<p>Demi-finales<\/p>\n<p>\t7 f\u00e9vrier \u00e0 18h00 : Nigeria &#8211; Afrique du Sud (beIN Sports ar Max 1, 2, beIN Sports fr 2, Sport TV 2, Sport Digital, Tipik)<br \/>\n\t7 f\u00e9vrier \u00e0 21h00 : RD Congo &#8211; C\u00f4te d&rsquo;Ivoire (beIN Sports ar Max 1, 2, beIN Sports fr 2, Sport TV 2, Sport Digital, Tipik)<\/p>\n<p>Match pour la 3e place<\/p>\n<p>\t10 f\u00e9vrier \u00e0 21h00 sur beIN Sports 2<\/p>\n<p>Finale<\/p>\n<p>\t11 f\u00e9vrier \u00e0 21h00 sur beIN Sports 1 et TMC<\/p>\n","protected":false},"excerpt":{"rendered":"<p>Le programme TV des rencontres jusqu&rsquo;\u00e0 la finale.<\/p>\n","protected":false},"author":3162,"featured_media":290141,"comment_status":"open","ping_status":"closed","sticky":false,"template":"","format":"standard","meta":{"footnotes":""},"categories":[2593],"tags":[7011,6274,4676,3195,4837],"class_list":["post-211866","post","type-post","status-publish","format-standard","has-post-thumbnail","hentry","category-sport","tag-can-20231","tag-demi-finales","tag-finale","tag-huitiemes-de-finale","tag-quarts-de-finale"],"yoast_head":"<!-- This site is optimized with the Yoast SEO Premium plugin v27.4 (Yoast SEO v27.5) - https:\/\/yoast.com\/product\/yoast-seo-premium-wordpress\/ -->\n<title>CAN 2023+1 : Calendrier et programme TV du 2e tour<\/title>\n<meta name=\"description\" content=\"Le programme TV des rencontres jusqu&#039;\u00e0 la finale.\" \/>\n<link rel=\"canonical\" href=\"https:\/\/www.webdo.tn\/fr\/actualite\/sport\/can-2023-1-calendrier-et-programme-tv-du-2e-tour\/211866\/\" \/>\n<meta property=\"og:locale\" content=\"fr_FR\" \/>\n<meta property=\"og:type\" content=\"article\" \/>\n<meta property=\"og:title\" content=\"CAN 2023+1 : Calendrier et programme TV du 2e tour\" \/>\n<meta property=\"og:description\" content=\"Le programme TV des rencontres jusqu&#039;\u00e0 la finale.\" \/>\n<meta property=\"og:url\" content=\"https:\/\/www.webdo.tn\/fr\/actualite\/sport\/can-2023-1-calendrier-et-programme-tv-du-2e-tour\/211866\/\" \/>\n<meta property=\"og:site_name\" content=\"webdo\" \/>\n<meta property=\"article:publisher\" content=\"https:\/\/www.facebook.com\/webdotn\" \/>\n<meta property=\"article:published_time\" content=\"2024-01-27T10:26:00+00:00\" \/>\n<meta property=\"article:modified_time\" content=\"2025-05-20T22:11:34+00:00\" \/>\n<meta property=\"og:image\" content=\"https:\/\/www.webdo.tn\/fr\/wp-content\/uploads\/2024\/01\/0740e4c65404d41881a26552937611e3.jpg\" \/>\n\t<meta property=\"og:image:width\" content=\"750\" \/>\n\t<meta property=\"og:image:height\" content=\"400\" \/>\n\t<meta property=\"og:image:type\" content=\"image\/jpeg\" \/>\n<meta name=\"author\" content=\"MC\" \/>\n<meta name=\"twitter:card\" content=\"summary_large_image\" \/>\n<meta name=\"twitter:creator\" content=\"@webdo_tn\" \/>\n<meta name=\"twitter:site\" content=\"@webdo_tn\" \/>\n<meta name=\"twitter:label1\" content=\"\u00c9crit par\" \/>\n\t<meta name=\"twitter:data1\" content=\"MC\" \/>\n\t<meta name=\"twitter:label2\" content=\"Dur\u00e9e de lecture estim\u00e9e\" \/>\n\t<meta name=\"twitter:data2\" content=\"1 minute\" \/>\n<script type=\"application\/ld+json\" class=\"yoast-schema-graph\">{\"@context\":\"https:\\\/\\\/schema.org\",\"@graph\":[{\"@type\":\"NewsArticle\",\"@id\":\"https:\\\/\\\/www.webdo.tn\\\/fr\\\/actualite\\\/sport\\\/can-2023-1-calendrier-et-programme-tv-du-2e-tour\\\/211866\\\/#article\",\"isPartOf\":{\"@id\":\"https:\\\/\\\/www.webdo.tn\\\/fr\\\/actualite\\\/sport\\\/can-2023-1-calendrier-et-programme-tv-du-2e-tour\\\/211866\\\/\"},\"author\":{\"name\":\"MC\",\"@id\":\"https:\\\/\\\/www.webdo.tn\\\/fr\\\/#\\\/schema\\\/person\\\/2c4929cbf5a809e3bd38617c6ce150f6\"},\"headline\":\"CAN 2023+1 : Calendrier et programme TV du 2e tour\",\"datePublished\":\"2024-01-27T10:26:00+00:00\",\"dateModified\":\"2025-05-20T22:11:34+00:00\",\"mainEntityOfPage\":{\"@id\":\"https:\\\/\\\/www.webdo.tn\\\/fr\\\/actualite\\\/sport\\\/can-2023-1-calendrier-et-programme-tv-du-2e-tour\\\/211866\\\/\"},\"wordCount\":154,\"commentCount\":0,\"publisher\":{\"@id\":\"https:\\\/\\\/www.webdo.tn\\\/fr\\\/#organization\"},\"image\":{\"@id\":\"https:\\\/\\\/www.webdo.tn\\\/fr\\\/actualite\\\/sport\\\/can-2023-1-calendrier-et-programme-tv-du-2e-tour\\\/211866\\\/#primaryimage\"},\"thumbnailUrl\":\"https:\\\/\\\/www.webdo.tn\\\/fr\\\/wp-content\\\/uploads\\\/2024\\\/01\\\/0740e4c65404d41881a26552937611e3.jpg\",\"keywords\":[\"CAN 2023+1\",\"demi-finales\",\"finale\",\"huiti\u00e8mes de finale\",\"quarts de finale\"],\"articleSection\":[\"Sport\"],\"inLanguage\":\"fr-FR\"},{\"@type\":\"WebPage\",\"@id\":\"https:\\\/\\\/www.webdo.tn\\\/fr\\\/actualite\\\/sport\\\/can-2023-1-calendrier-et-programme-tv-du-2e-tour\\\/211866\\\/\",\"url\":\"https:\\\/\\\/www.webdo.tn\\\/fr\\\/actualite\\\/sport\\\/can-2023-1-calendrier-et-programme-tv-du-2e-tour\\\/211866\\\/\",\"name\":\"CAN 2023+1 : Calendrier et programme TV du 2e tour\",\"isPartOf\":{\"@id\":\"https:\\\/\\\/www.webdo.tn\\\/fr\\\/#website\"},\"primaryImageOfPage\":{\"@id\":\"https:\\\/\\\/www.webdo.tn\\\/fr\\\/actualite\\\/sport\\\/can-2023-1-calendrier-et-programme-tv-du-2e-tour\\\/211866\\\/#primaryimage\"},\"image\":{\"@id\":\"https:\\\/\\\/www.webdo.tn\\\/fr\\\/actualite\\\/sport\\\/can-2023-1-calendrier-et-programme-tv-du-2e-tour\\\/211866\\\/#primaryimage\"},\"thumbnailUrl\":\"https:\\\/\\\/www.webdo.tn\\\/fr\\\/wp-content\\\/uploads\\\/2024\\\/01\\\/0740e4c65404d41881a26552937611e3.jpg\",\"datePublished\":\"2024-01-27T10:26:00+00:00\",\"dateModified\":\"2025-05-20T22:11:34+00:00\",\"description\":\"Le programme TV des rencontres jusqu'\u00e0 la finale.\",\"breadcrumb\":{\"@id\":\"https:\\\/\\\/www.webdo.tn\\\/fr\\\/actualite\\\/sport\\\/can-2023-1-calendrier-et-programme-tv-du-2e-tour\\\/211866\\\/#breadcrumb\"},\"inLanguage\":\"fr-FR\",\"potentialAction\":[{\"@type\":\"ReadAction\",\"target\":[\"https:\\\/\\\/www.webdo.tn\\\/fr\\\/actualite\\\/sport\\\/can-2023-1-calendrier-et-programme-tv-du-2e-tour\\\/211866\\\/\"]}]},{\"@type\":\"ImageObject\",\"inLanguage\":\"fr-FR\",\"@id\":\"https:\\\/\\\/www.webdo.tn\\\/fr\\\/actualite\\\/sport\\\/can-2023-1-calendrier-et-programme-tv-du-2e-tour\\\/211866\\\/#primaryimage\",\"url\":\"https:\\\/\\\/www.webdo.tn\\\/fr\\\/wp-content\\\/uploads\\\/2024\\\/01\\\/0740e4c65404d41881a26552937611e3.jpg\",\"contentUrl\":\"https:\\\/\\\/www.webdo.tn\\\/fr\\\/wp-content\\\/uploads\\\/2024\\\/01\\\/0740e4c65404d41881a26552937611e3.jpg\",\"width\":750,\"height\":400,\"caption\":\"CAN 2023+1 : Calendrier et programme TV du 2e tour\"},{\"@type\":\"BreadcrumbList\",\"@id\":\"https:\\\/\\\/www.webdo.tn\\\/fr\\\/actualite\\\/sport\\\/can-2023-1-calendrier-et-programme-tv-du-2e-tour\\\/211866\\\/#breadcrumb\",\"itemListElement\":[{\"@type\":\"ListItem\",\"position\":1,\"name\":\"Accueil\",\"item\":\"https:\\\/\\\/www.webdo.tn\\\/fr\\\/\"},{\"@type\":\"ListItem\",\"position\":2,\"name\":\"CAN 2023+1 : Calendrier et programme TV du 2e tour\"}]},{\"@type\":\"WebSite\",\"@id\":\"https:\\\/\\\/www.webdo.tn\\\/fr\\\/#website\",\"url\":\"https:\\\/\\\/www.webdo.tn\\\/fr\\\/\",\"name\":\"webdo\",\"description\":\"Tunisie - News en Tunisie et \u00e0 l&#039;international sur Webdo.tn\",\"publisher\":{\"@id\":\"https:\\\/\\\/www.webdo.tn\\\/fr\\\/#organization\"},\"potentialAction\":[{\"@type\":\"SearchAction\",\"target\":{\"@type\":\"EntryPoint\",\"urlTemplate\":\"https:\\\/\\\/www.webdo.tn\\\/fr\\\/?s={search_term_string}\"},\"query-input\":{\"@type\":\"PropertyValueSpecification\",\"valueRequired\":true,\"valueName\":\"search_term_string\"}}],\"inLanguage\":\"fr-FR\"},{\"@type\":\"Organization\",\"@id\":\"https:\\\/\\\/www.webdo.tn\\\/fr\\\/#organization\",\"name\":\"Webdo\",\"alternateName\":\"Webdo.tn\",\"url\":\"https:\\\/\\\/www.webdo.tn\\\/fr\\\/\",\"logo\":{\"@type\":\"ImageObject\",\"inLanguage\":\"fr-FR\",\"@id\":\"https:\\\/\\\/www.webdo.tn\\\/fr\\\/#\\\/schema\\\/logo\\\/image\\\/\",\"url\":\"https:\\\/\\\/www.webdo.tn\\\/fr\\\/wp-content\\\/uploads\\\/2025\\\/06\\\/Webdo-Tunisie_168377.jpg\",\"contentUrl\":\"https:\\\/\\\/www.webdo.tn\\\/fr\\\/wp-content\\\/uploads\\\/2025\\\/06\\\/Webdo-Tunisie_168377.jpg\",\"width\":301,\"height\":301,\"caption\":\"Webdo\"},\"image\":{\"@id\":\"https:\\\/\\\/www.webdo.tn\\\/fr\\\/#\\\/schema\\\/logo\\\/image\\\/\"},\"sameAs\":[\"https:\\\/\\\/www.facebook.com\\\/webdotn\",\"https:\\\/\\\/x.com\\\/webdo_tn\"],\"description\":\"Webdo est un m\u00e9dia num\u00e9rique tunisien fond\u00e9 en 2010, sp\u00e9cialis\u00e9 dans l\u2019actualit\u00e9 nationale et internationale, l\u2019\u00e9conomie, la soci\u00e9t\u00e9 et les analyses politiques. Le site s\u2019adresse \u00e0 un large public francophone et couvre l\u2019information tunisienne en temps r\u00e9el.\",\"email\":\"redac@webdo.tn\",\"legalName\":\"YNJ SARL\",\"foundingDate\":\"2010-09-06\",\"numberOfEmployees\":{\"@type\":\"QuantitativeValue\",\"minValue\":\"11\",\"maxValue\":\"50\"}},{\"@type\":\"Person\",\"@id\":\"https:\\\/\\\/www.webdo.tn\\\/fr\\\/#\\\/schema\\\/person\\\/2c4929cbf5a809e3bd38617c6ce150f6\",\"name\":\"MC\",\"image\":{\"@type\":\"ImageObject\",\"inLanguage\":\"fr-FR\",\"@id\":\"https:\\\/\\\/secure.gravatar.com\\\/avatar\\\/a545bbb6f84efdd5553dbbc2895e3ca8f1d12c5215e00a041c9670b54aa9b18a?s=96&d=mm&r=g\",\"url\":\"https:\\\/\\\/secure.gravatar.com\\\/avatar\\\/a545bbb6f84efdd5553dbbc2895e3ca8f1d12c5215e00a041c9670b54aa9b18a?s=96&d=mm&r=g\",\"contentUrl\":\"https:\\\/\\\/secure.gravatar.com\\\/avatar\\\/a545bbb6f84efdd5553dbbc2895e3ca8f1d12c5215e00a041c9670b54aa9b18a?s=96&d=mm&r=g\",\"caption\":\"MC\"},\"url\":\"https:\\\/\\\/www.webdo.tn\\\/fr\\\/actualite\\\/author\\\/mc\\\/\"}]}<\/script>\n<!-- \/ Yoast SEO Premium plugin. -->","yoast_head_json":{"title":"CAN 2023+1 : Calendrier et programme TV du 2e tour","description":"Le programme TV des rencontres jusqu'\u00e0 la finale.","canonical":"https:\/\/www.webdo.tn\/fr\/actualite\/sport\/can-2023-1-calendrier-et-programme-tv-du-2e-tour\/211866\/","og_locale":"fr_FR","og_type":"article","og_title":"CAN 2023+1 : Calendrier et programme TV du 2e tour","og_description":"Le programme TV des rencontres jusqu'\u00e0 la finale.","og_url":"https:\/\/www.webdo.tn\/fr\/actualite\/sport\/can-2023-1-calendrier-et-programme-tv-du-2e-tour\/211866\/","og_site_name":"webdo","article_publisher":"https:\/\/www.facebook.com\/webdotn","article_published_time":"2024-01-27T10:26:00+00:00","article_modified_time":"2025-05-20T22:11:34+00:00","og_image":[{"width":750,"height":400,"url":"https:\/\/www.webdo.tn\/fr\/wp-content\/uploads\/2024\/01\/0740e4c65404d41881a26552937611e3.jpg","type":"image\/jpeg"}],"author":"MC","twitter_card":"summary_large_image","twitter_creator":"@webdo_tn","twitter_site":"@webdo_tn","twitter_misc":{"\u00c9crit par":"MC","Dur\u00e9e de lecture estim\u00e9e":"1 minute"},"schema":{"@context":"https:\/\/schema.org","@graph":[{"@type":"NewsArticle","@id":"https:\/\/www.webdo.tn\/fr\/actualite\/sport\/can-2023-1-calendrier-et-programme-tv-du-2e-tour\/211866\/#article","isPartOf":{"@id":"https:\/\/www.webdo.tn\/fr\/actualite\/sport\/can-2023-1-calendrier-et-programme-tv-du-2e-tour\/211866\/"},"author":{"name":"MC","@id":"https:\/\/www.webdo.tn\/fr\/#\/schema\/person\/2c4929cbf5a809e3bd38617c6ce150f6"},"headline":"CAN 2023+1 : Calendrier et programme TV du 2e tour","datePublished":"2024-01-27T10:26:00+00:00","dateModified":"2025-05-20T22:11:34+00:00","mainEntityOfPage":{"@id":"https:\/\/www.webdo.tn\/fr\/actualite\/sport\/can-2023-1-calendrier-et-programme-tv-du-2e-tour\/211866\/"},"wordCount":154,"commentCount":0,"publisher":{"@id":"https:\/\/www.webdo.tn\/fr\/#organization"},"image":{"@id":"https:\/\/www.webdo.tn\/fr\/actualite\/sport\/can-2023-1-calendrier-et-programme-tv-du-2e-tour\/211866\/#primaryimage"},"thumbnailUrl":"https:\/\/www.webdo.tn\/fr\/wp-content\/uploads\/2024\/01\/0740e4c65404d41881a26552937611e3.jpg","keywords":["CAN 2023+1","demi-finales","finale","huiti\u00e8mes de finale","quarts de finale"],"articleSection":["Sport"],"inLanguage":"fr-FR"},{"@type":"WebPage","@id":"https:\/\/www.webdo.tn\/fr\/actualite\/sport\/can-2023-1-calendrier-et-programme-tv-du-2e-tour\/211866\/","url":"https:\/\/www.webdo.tn\/fr\/actualite\/sport\/can-2023-1-calendrier-et-programme-tv-du-2e-tour\/211866\/","name":"CAN 2023+1 : Calendrier et programme TV du 2e tour","isPartOf":{"@id":"https:\/\/www.webdo.tn\/fr\/#website"},"primaryImageOfPage":{"@id":"https:\/\/www.webdo.tn\/fr\/actualite\/sport\/can-2023-1-calendrier-et-programme-tv-du-2e-tour\/211866\/#primaryimage"},"image":{"@id":"https:\/\/www.webdo.tn\/fr\/actualite\/sport\/can-2023-1-calendrier-et-programme-tv-du-2e-tour\/211866\/#primaryimage"},"thumbnailUrl":"https:\/\/www.webdo.tn\/fr\/wp-content\/uploads\/2024\/01\/0740e4c65404d41881a26552937611e3.jpg","datePublished":"2024-01-27T10:26:00+00:00","dateModified":"2025-05-20T22:11:34+00:00","description":"Le programme TV des rencontres jusqu'\u00e0 la finale.","breadcrumb":{"@id":"https:\/\/www.webdo.tn\/fr\/actualite\/sport\/can-2023-1-calendrier-et-programme-tv-du-2e-tour\/211866\/#breadcrumb"},"inLanguage":"fr-FR","potentialAction":[{"@type":"ReadAction","target":["https:\/\/www.webdo.tn\/fr\/actualite\/sport\/can-2023-1-calendrier-et-programme-tv-du-2e-tour\/211866\/"]}]},{"@type":"ImageObject","inLanguage":"fr-FR","@id":"https:\/\/www.webdo.tn\/fr\/actualite\/sport\/can-2023-1-calendrier-et-programme-tv-du-2e-tour\/211866\/#primaryimage","url":"https:\/\/www.webdo.tn\/fr\/wp-content\/uploads\/2024\/01\/0740e4c65404d41881a26552937611e3.jpg","contentUrl":"https:\/\/www.webdo.tn\/fr\/wp-content\/uploads\/2024\/01\/0740e4c65404d41881a26552937611e3.jpg","width":750,"height":400,"caption":"CAN 2023+1 : Calendrier et programme TV du 2e tour"},{"@type":"BreadcrumbList","@id":"https:\/\/www.webdo.tn\/fr\/actualite\/sport\/can-2023-1-calendrier-et-programme-tv-du-2e-tour\/211866\/#breadcrumb","itemListElement":[{"@type":"ListItem","position":1,"name":"Accueil","item":"https:\/\/www.webdo.tn\/fr\/"},{"@type":"ListItem","position":2,"name":"CAN 2023+1 : Calendrier et programme TV du 2e tour"}]},{"@type":"WebSite","@id":"https:\/\/www.webdo.tn\/fr\/#website","url":"https:\/\/www.webdo.tn\/fr\/","name":"webdo","description":"Tunisie - News en Tunisie et \u00e0 l&#039;international sur Webdo.tn","publisher":{"@id":"https:\/\/www.webdo.tn\/fr\/#organization"},"potentialAction":[{"@type":"SearchAction","target":{"@type":"EntryPoint","urlTemplate":"https:\/\/www.webdo.tn\/fr\/?s={search_term_string}"},"query-input":{"@type":"PropertyValueSpecification","valueRequired":true,"valueName":"search_term_string"}}],"inLanguage":"fr-FR"},{"@type":"Organization","@id":"https:\/\/www.webdo.tn\/fr\/#organization","name":"Webdo","alternateName":"Webdo.tn","url":"https:\/\/www.webdo.tn\/fr\/","logo":{"@type":"ImageObject","inLanguage":"fr-FR","@id":"https:\/\/www.webdo.tn\/fr\/#\/schema\/logo\/image\/","url":"https:\/\/www.webdo.tn\/fr\/wp-content\/uploads\/2025\/06\/Webdo-Tunisie_168377.jpg","contentUrl":"https:\/\/www.webdo.tn\/fr\/wp-content\/uploads\/2025\/06\/Webdo-Tunisie_168377.jpg","width":301,"height":301,"caption":"Webdo"},"image":{"@id":"https:\/\/www.webdo.tn\/fr\/#\/schema\/logo\/image\/"},"sameAs":["https:\/\/www.facebook.com\/webdotn","https:\/\/x.com\/webdo_tn"],"description":"Webdo est un m\u00e9dia num\u00e9rique tunisien fond\u00e9 en 2010, sp\u00e9cialis\u00e9 dans l\u2019actualit\u00e9 nationale et internationale, l\u2019\u00e9conomie, la soci\u00e9t\u00e9 et les analyses politiques. Le site s\u2019adresse \u00e0 un large public francophone et couvre l\u2019information tunisienne en temps r\u00e9el.","email":"redac@webdo.tn","legalName":"YNJ SARL","foundingDate":"2010-09-06","numberOfEmployees":{"@type":"QuantitativeValue","minValue":"11","maxValue":"50"}},{"@type":"Person","@id":"https:\/\/www.webdo.tn\/fr\/#\/schema\/person\/2c4929cbf5a809e3bd38617c6ce150f6","name":"MC","image":{"@type":"ImageObject","inLanguage":"fr-FR","@id":"https:\/\/secure.gravatar.com\/avatar\/a545bbb6f84efdd5553dbbc2895e3ca8f1d12c5215e00a041c9670b54aa9b18a?s=96&d=mm&r=g","url":"https:\/\/secure.gravatar.com\/avatar\/a545bbb6f84efdd5553dbbc2895e3ca8f1d12c5215e00a041c9670b54aa9b18a?s=96&d=mm&r=g","contentUrl":"https:\/\/secure.gravatar.com\/avatar\/a545bbb6f84efdd5553dbbc2895e3ca8f1d12c5215e00a041c9670b54aa9b18a?s=96&d=mm&r=g","caption":"MC"},"url":"https:\/\/www.webdo.tn\/fr\/actualite\/author\/mc\/"}]}},"_links":{"self":[{"href":"https:\/\/www.webdo.tn\/fr\/wp-json\/wp\/v2\/posts\/211866","targetHints":{"allow":["GET"]}}],"collection":[{"href":"https:\/\/www.webdo.tn\/fr\/wp-json\/wp\/v2\/posts"}],"about":[{"href":"https:\/\/www.webdo.tn\/fr\/wp-json\/wp\/v2\/types\/post"}],"author":[{"embeddable":true,"href":"https:\/\/www.webdo.tn\/fr\/wp-json\/wp\/v2\/users\/3162"}],"replies":[{"embeddable":true,"href":"https:\/\/www.webdo.tn\/fr\/wp-json\/wp\/v2\/comments?post=211866"}],"version-history":[{"count":0,"href":"https:\/\/www.webdo.tn\/fr\/wp-json\/wp\/v2\/posts\/211866\/revisions"}],"wp:featuredmedia":[{"embeddable":true,"href":"https:\/\/www.webdo.tn\/fr\/wp-json\/wp\/v2\/media\/290141"}],"wp:attachment":[{"href":"https:\/\/www.webdo.tn\/fr\/wp-json\/wp\/v2\/media?parent=211866"}],"wp:term":[{"taxonomy":"category","embeddable":true,"href":"https:\/\/www.webdo.tn\/fr\/wp-json\/wp\/v2\/categories?post=211866"},{"taxonomy":"post_tag","embeddable":true,"href":"https:\/\/www.webdo.tn\/fr\/wp-json\/wp\/v2\/tags?post=211866"}],"curies":[{"name":"wp","href":"https:\/\/api.w.org\/{rel}","templated":true}]}}