{"id":211861,"date":"2024-01-27T08:54:00","date_gmt":"2024-01-27T08:54:00","guid":{"rendered":"https:\/\/www.webdo.tn\/fr\/blog\/tunisie-anis-boussaidi-et-montassar-louhichi-assurent-l-interim-a-la-tete-du-onze-national\/211861\/"},"modified":"2025-05-20T22:11:34","modified_gmt":"2025-05-20T22:11:34","slug":"tunisie-anis-boussaidi-et-montassar-louhichi-assurent-l-interim-a-la-tete-du-onze-national","status":"publish","type":"post","link":"https:\/\/www.webdo.tn\/fr\/actualite\/sport\/tunisie-anis-boussaidi-et-montassar-louhichi-assurent-l-interim-a-la-tete-du-onze-national\/211861\/","title":{"rendered":"Tunisie : Anis Boussaidi et Montassar Louhichi assurent l\u2019int\u00e9rim \u00e0 la t\u00eate du Onze national"},"content":{"rendered":"<p>La F\u00e9d\u00e9ration tunisienne de football a annonc\u00e9, dans un communiqu\u00e9 publi\u00e9 cette nuit, sur sa page Facebook, le limogeage officiel de tout le staff technique de la s\u00e9lection nationale de football apr\u00e8s l&rsquo;\u00e9limination au stade du 1er tour la Coupe d&rsquo;Afrique des nations 2023+1.<\/p>\n<p>\t\t\t\t\t\t\t\t\tIl s\u2019agit notamment de l\u2019entra\u00eeneur en chef Jalel Kadri, qui avait d\u00e9j\u00e0 annonc\u00e9 son d\u00e9part, d\u2019Ali Boumnijel et de Selim Ben Achour. La FTF a, dans ce contexte, d\u00e9sign\u00e9 les entra\u00eeneurs Anis Boussaidi et Montassar Louhichi provisoirement \u00e0 la t\u00eate de la s\u00e9lection. Ils assureront l\u2019int\u00e9rim \u00e0 la t\u00eate du Onze national en attendant la d\u00e9signation d\u2019un nouveau s\u00e9lectionneur.<\/p>\n<p>Apr\u00e8s l\u2019\u00e9limination de la S\u00e9lection nationale de football de la CAN 2023+1, le 24 janvier dernier, le s\u00e9lectionneur Jalel Kadri a d\u00e9cid\u00e9 de d\u00e9missionner de son\u00a0 poste de s\u00e9lectionneur national apr\u00e8s son \u00e9chec d\u2019autant qu\u2019il avait un contrat avec pour objectif d\u2019atteindre au moins les demi-finales.<\/p>\n","protected":false},"excerpt":{"rendered":"<p>La FTF a d\u00e9sign\u00e9 les entra\u00eeneurs Anis Boussaidi et Montassar Louhichi provisoirement \u00e0 la t\u00eate de la s\u00e9lection<\/p>\n","protected":false},"author":3162,"featured_media":290139,"comment_status":"open","ping_status":"closed","sticky":false,"template":"","format":"standard","meta":{"footnotes":""},"categories":[2593],"tags":[9960,3728,9482,2623,2608],"class_list":["post-211861","post","type-post","status-publish","format-standard","has-post-thumbnail","hentry","category-sport","tag-anis-boussaidi","tag-ftf","tag-montassar-louhichi","tag-selection-nationale","tag-tunisie"],"yoast_head":"<!-- This site is optimized with the Yoast SEO Premium plugin v27.4 (Yoast SEO v27.5) - https:\/\/yoast.com\/product\/yoast-seo-premium-wordpress\/ -->\n<title>Tunisie : Anis Boussaidi et Montassar Louhichi assurent l\u2019int\u00e9rim \u00e0 la t\u00eate du Onze national<\/title>\n<meta name=\"description\" content=\"La FTF a d\u00e9sign\u00e9 les entra\u00eeneurs Anis Boussaidi et Montassar Louhichi provisoirement \u00e0 la t\u00eate de la s\u00e9lection\" \/>\n<link rel=\"canonical\" href=\"https:\/\/www.webdo.tn\/fr\/actualite\/sport\/tunisie-anis-boussaidi-et-montassar-louhichi-assurent-l-interim-a-la-tete-du-onze-national\/211861\/\" \/>\n<meta property=\"og:locale\" content=\"fr_FR\" \/>\n<meta property=\"og:type\" content=\"article\" \/>\n<meta property=\"og:title\" content=\"Tunisie : Anis Boussaidi et Montassar Louhichi assurent l\u2019int\u00e9rim \u00e0 la t\u00eate du Onze national\" \/>\n<meta property=\"og:description\" content=\"La FTF a d\u00e9sign\u00e9 les entra\u00eeneurs Anis Boussaidi et Montassar Louhichi provisoirement \u00e0 la t\u00eate de la s\u00e9lection\" \/>\n<meta property=\"og:url\" content=\"https:\/\/www.webdo.tn\/fr\/actualite\/sport\/tunisie-anis-boussaidi-et-montassar-louhichi-assurent-l-interim-a-la-tete-du-onze-national\/211861\/\" \/>\n<meta property=\"og:site_name\" content=\"webdo\" \/>\n<meta property=\"article:publisher\" content=\"https:\/\/www.facebook.com\/webdotn\" \/>\n<meta property=\"article:published_time\" content=\"2024-01-27T08:54:00+00:00\" \/>\n<meta property=\"article:modified_time\" content=\"2025-05-20T22:11:34+00:00\" \/>\n<meta property=\"og:image\" content=\"https:\/\/www.webdo.tn\/fr\/wp-content\/uploads\/2024\/01\/eeb9c289b674b4ac77e7e9e31ff4d4f5.jpg\" \/>\n\t<meta property=\"og:image:width\" content=\"750\" \/>\n\t<meta property=\"og:image:height\" content=\"400\" \/>\n\t<meta property=\"og:image:type\" content=\"image\/jpeg\" \/>\n<meta name=\"author\" content=\"MC\" \/>\n<meta name=\"twitter:card\" content=\"summary_large_image\" \/>\n<meta name=\"twitter:creator\" content=\"@webdo_tn\" \/>\n<meta name=\"twitter:site\" content=\"@webdo_tn\" \/>\n<meta name=\"twitter:label1\" content=\"\u00c9crit par\" \/>\n\t<meta name=\"twitter:data1\" content=\"MC\" \/>\n\t<meta name=\"twitter:label2\" content=\"Dur\u00e9e de lecture estim\u00e9e\" \/>\n\t<meta name=\"twitter:data2\" content=\"1 minute\" \/>\n<script type=\"application\/ld+json\" class=\"yoast-schema-graph\">{\"@context\":\"https:\\\/\\\/schema.org\",\"@graph\":[{\"@type\":\"NewsArticle\",\"@id\":\"https:\\\/\\\/www.webdo.tn\\\/fr\\\/actualite\\\/sport\\\/tunisie-anis-boussaidi-et-montassar-louhichi-assurent-l-interim-a-la-tete-du-onze-national\\\/211861\\\/#article\",\"isPartOf\":{\"@id\":\"https:\\\/\\\/www.webdo.tn\\\/fr\\\/actualite\\\/sport\\\/tunisie-anis-boussaidi-et-montassar-louhichi-assurent-l-interim-a-la-tete-du-onze-national\\\/211861\\\/\"},\"author\":{\"name\":\"MC\",\"@id\":\"https:\\\/\\\/www.webdo.tn\\\/fr\\\/#\\\/schema\\\/person\\\/2c4929cbf5a809e3bd38617c6ce150f6\"},\"headline\":\"Tunisie : Anis Boussaidi et Montassar Louhichi assurent l\u2019int\u00e9rim \u00e0 la t\u00eate du Onze national\",\"datePublished\":\"2024-01-27T08:54:00+00:00\",\"dateModified\":\"2025-05-20T22:11:34+00:00\",\"mainEntityOfPage\":{\"@id\":\"https:\\\/\\\/www.webdo.tn\\\/fr\\\/actualite\\\/sport\\\/tunisie-anis-boussaidi-et-montassar-louhichi-assurent-l-interim-a-la-tete-du-onze-national\\\/211861\\\/\"},\"wordCount\":193,\"commentCount\":0,\"publisher\":{\"@id\":\"https:\\\/\\\/www.webdo.tn\\\/fr\\\/#organization\"},\"image\":{\"@id\":\"https:\\\/\\\/www.webdo.tn\\\/fr\\\/actualite\\\/sport\\\/tunisie-anis-boussaidi-et-montassar-louhichi-assurent-l-interim-a-la-tete-du-onze-national\\\/211861\\\/#primaryimage\"},\"thumbnailUrl\":\"https:\\\/\\\/www.webdo.tn\\\/fr\\\/wp-content\\\/uploads\\\/2024\\\/01\\\/eeb9c289b674b4ac77e7e9e31ff4d4f5.jpg\",\"keywords\":[\"'anis boussaidi']\",\"FTF\",\"montassar louhichi\",\"s\u00e9lection nationale\",\"Tunisie\"],\"articleSection\":[\"Sport\"],\"inLanguage\":\"fr-FR\"},{\"@type\":\"WebPage\",\"@id\":\"https:\\\/\\\/www.webdo.tn\\\/fr\\\/actualite\\\/sport\\\/tunisie-anis-boussaidi-et-montassar-louhichi-assurent-l-interim-a-la-tete-du-onze-national\\\/211861\\\/\",\"url\":\"https:\\\/\\\/www.webdo.tn\\\/fr\\\/actualite\\\/sport\\\/tunisie-anis-boussaidi-et-montassar-louhichi-assurent-l-interim-a-la-tete-du-onze-national\\\/211861\\\/\",\"name\":\"Tunisie : Anis Boussaidi et Montassar Louhichi assurent l\u2019int\u00e9rim \u00e0 la t\u00eate du Onze national\",\"isPartOf\":{\"@id\":\"https:\\\/\\\/www.webdo.tn\\\/fr\\\/#website\"},\"primaryImageOfPage\":{\"@id\":\"https:\\\/\\\/www.webdo.tn\\\/fr\\\/actualite\\\/sport\\\/tunisie-anis-boussaidi-et-montassar-louhichi-assurent-l-interim-a-la-tete-du-onze-national\\\/211861\\\/#primaryimage\"},\"image\":{\"@id\":\"https:\\\/\\\/www.webdo.tn\\\/fr\\\/actualite\\\/sport\\\/tunisie-anis-boussaidi-et-montassar-louhichi-assurent-l-interim-a-la-tete-du-onze-national\\\/211861\\\/#primaryimage\"},\"thumbnailUrl\":\"https:\\\/\\\/www.webdo.tn\\\/fr\\\/wp-content\\\/uploads\\\/2024\\\/01\\\/eeb9c289b674b4ac77e7e9e31ff4d4f5.jpg\",\"datePublished\":\"2024-01-27T08:54:00+00:00\",\"dateModified\":\"2025-05-20T22:11:34+00:00\",\"description\":\"La FTF a d\u00e9sign\u00e9 les entra\u00eeneurs Anis Boussaidi et Montassar Louhichi provisoirement \u00e0 la t\u00eate de la s\u00e9lection\",\"breadcrumb\":{\"@id\":\"https:\\\/\\\/www.webdo.tn\\\/fr\\\/actualite\\\/sport\\\/tunisie-anis-boussaidi-et-montassar-louhichi-assurent-l-interim-a-la-tete-du-onze-national\\\/211861\\\/#breadcrumb\"},\"inLanguage\":\"fr-FR\",\"potentialAction\":[{\"@type\":\"ReadAction\",\"target\":[\"https:\\\/\\\/www.webdo.tn\\\/fr\\\/actualite\\\/sport\\\/tunisie-anis-boussaidi-et-montassar-louhichi-assurent-l-interim-a-la-tete-du-onze-national\\\/211861\\\/\"]}]},{\"@type\":\"ImageObject\",\"inLanguage\":\"fr-FR\",\"@id\":\"https:\\\/\\\/www.webdo.tn\\\/fr\\\/actualite\\\/sport\\\/tunisie-anis-boussaidi-et-montassar-louhichi-assurent-l-interim-a-la-tete-du-onze-national\\\/211861\\\/#primaryimage\",\"url\":\"https:\\\/\\\/www.webdo.tn\\\/fr\\\/wp-content\\\/uploads\\\/2024\\\/01\\\/eeb9c289b674b4ac77e7e9e31ff4d4f5.jpg\",\"contentUrl\":\"https:\\\/\\\/www.webdo.tn\\\/fr\\\/wp-content\\\/uploads\\\/2024\\\/01\\\/eeb9c289b674b4ac77e7e9e31ff4d4f5.jpg\",\"width\":750,\"height\":400,\"caption\":\"Tunisie : Anis Boussaidi et Montassar Louhichi assurent l\u2019int\u00e9rim \u00e0 la t\u00eate du Onze national\"},{\"@type\":\"BreadcrumbList\",\"@id\":\"https:\\\/\\\/www.webdo.tn\\\/fr\\\/actualite\\\/sport\\\/tunisie-anis-boussaidi-et-montassar-louhichi-assurent-l-interim-a-la-tete-du-onze-national\\\/211861\\\/#breadcrumb\",\"itemListElement\":[{\"@type\":\"ListItem\",\"position\":1,\"name\":\"Accueil\",\"item\":\"https:\\\/\\\/www.webdo.tn\\\/fr\\\/\"},{\"@type\":\"ListItem\",\"position\":2,\"name\":\"Tunisie : Anis Boussaidi et Montassar Louhichi assurent l\u2019int\u00e9rim \u00e0 la t\u00eate du Onze national\"}]},{\"@type\":\"WebSite\",\"@id\":\"https:\\\/\\\/www.webdo.tn\\\/fr\\\/#website\",\"url\":\"https:\\\/\\\/www.webdo.tn\\\/fr\\\/\",\"name\":\"webdo\",\"description\":\"Tunisie - News en Tunisie et \u00e0 l&#039;international sur Webdo.tn\",\"publisher\":{\"@id\":\"https:\\\/\\\/www.webdo.tn\\\/fr\\\/#organization\"},\"potentialAction\":[{\"@type\":\"SearchAction\",\"target\":{\"@type\":\"EntryPoint\",\"urlTemplate\":\"https:\\\/\\\/www.webdo.tn\\\/fr\\\/?s={search_term_string}\"},\"query-input\":{\"@type\":\"PropertyValueSpecification\",\"valueRequired\":true,\"valueName\":\"search_term_string\"}}],\"inLanguage\":\"fr-FR\"},{\"@type\":\"Organization\",\"@id\":\"https:\\\/\\\/www.webdo.tn\\\/fr\\\/#organization\",\"name\":\"Webdo\",\"alternateName\":\"Webdo.tn\",\"url\":\"https:\\\/\\\/www.webdo.tn\\\/fr\\\/\",\"logo\":{\"@type\":\"ImageObject\",\"inLanguage\":\"fr-FR\",\"@id\":\"https:\\\/\\\/www.webdo.tn\\\/fr\\\/#\\\/schema\\\/logo\\\/image\\\/\",\"url\":\"https:\\\/\\\/www.webdo.tn\\\/fr\\\/wp-content\\\/uploads\\\/2025\\\/06\\\/Webdo-Tunisie_168377.jpg\",\"contentUrl\":\"https:\\\/\\\/www.webdo.tn\\\/fr\\\/wp-content\\\/uploads\\\/2025\\\/06\\\/Webdo-Tunisie_168377.jpg\",\"width\":301,\"height\":301,\"caption\":\"Webdo\"},\"image\":{\"@id\":\"https:\\\/\\\/www.webdo.tn\\\/fr\\\/#\\\/schema\\\/logo\\\/image\\\/\"},\"sameAs\":[\"https:\\\/\\\/www.facebook.com\\\/webdotn\",\"https:\\\/\\\/x.com\\\/webdo_tn\"],\"description\":\"Webdo est un m\u00e9dia num\u00e9rique tunisien fond\u00e9 en 2010, sp\u00e9cialis\u00e9 dans l\u2019actualit\u00e9 nationale et internationale, l\u2019\u00e9conomie, la soci\u00e9t\u00e9 et les analyses politiques. Le site s\u2019adresse \u00e0 un large public francophone et couvre l\u2019information tunisienne en temps r\u00e9el.\",\"email\":\"redac@webdo.tn\",\"legalName\":\"YNJ SARL\",\"foundingDate\":\"2010-09-06\",\"numberOfEmployees\":{\"@type\":\"QuantitativeValue\",\"minValue\":\"11\",\"maxValue\":\"50\"}},{\"@type\":\"Person\",\"@id\":\"https:\\\/\\\/www.webdo.tn\\\/fr\\\/#\\\/schema\\\/person\\\/2c4929cbf5a809e3bd38617c6ce150f6\",\"name\":\"MC\",\"image\":{\"@type\":\"ImageObject\",\"inLanguage\":\"fr-FR\",\"@id\":\"https:\\\/\\\/secure.gravatar.com\\\/avatar\\\/a545bbb6f84efdd5553dbbc2895e3ca8f1d12c5215e00a041c9670b54aa9b18a?s=96&d=mm&r=g\",\"url\":\"https:\\\/\\\/secure.gravatar.com\\\/avatar\\\/a545bbb6f84efdd5553dbbc2895e3ca8f1d12c5215e00a041c9670b54aa9b18a?s=96&d=mm&r=g\",\"contentUrl\":\"https:\\\/\\\/secure.gravatar.com\\\/avatar\\\/a545bbb6f84efdd5553dbbc2895e3ca8f1d12c5215e00a041c9670b54aa9b18a?s=96&d=mm&r=g\",\"caption\":\"MC\"},\"url\":\"https:\\\/\\\/www.webdo.tn\\\/fr\\\/actualite\\\/author\\\/mc\\\/\"}]}<\/script>\n<!-- \/ Yoast SEO Premium plugin. -->","yoast_head_json":{"title":"Tunisie : Anis Boussaidi et Montassar Louhichi assurent l\u2019int\u00e9rim \u00e0 la t\u00eate du Onze national","description":"La FTF a d\u00e9sign\u00e9 les entra\u00eeneurs Anis Boussaidi et Montassar Louhichi provisoirement \u00e0 la t\u00eate de la s\u00e9lection","canonical":"https:\/\/www.webdo.tn\/fr\/actualite\/sport\/tunisie-anis-boussaidi-et-montassar-louhichi-assurent-l-interim-a-la-tete-du-onze-national\/211861\/","og_locale":"fr_FR","og_type":"article","og_title":"Tunisie : Anis Boussaidi et Montassar Louhichi assurent l\u2019int\u00e9rim \u00e0 la t\u00eate du Onze national","og_description":"La FTF a d\u00e9sign\u00e9 les entra\u00eeneurs Anis Boussaidi et Montassar Louhichi provisoirement \u00e0 la t\u00eate de la s\u00e9lection","og_url":"https:\/\/www.webdo.tn\/fr\/actualite\/sport\/tunisie-anis-boussaidi-et-montassar-louhichi-assurent-l-interim-a-la-tete-du-onze-national\/211861\/","og_site_name":"webdo","article_publisher":"https:\/\/www.facebook.com\/webdotn","article_published_time":"2024-01-27T08:54:00+00:00","article_modified_time":"2025-05-20T22:11:34+00:00","og_image":[{"width":750,"height":400,"url":"https:\/\/www.webdo.tn\/fr\/wp-content\/uploads\/2024\/01\/eeb9c289b674b4ac77e7e9e31ff4d4f5.jpg","type":"image\/jpeg"}],"author":"MC","twitter_card":"summary_large_image","twitter_creator":"@webdo_tn","twitter_site":"@webdo_tn","twitter_misc":{"\u00c9crit par":"MC","Dur\u00e9e de lecture estim\u00e9e":"1 minute"},"schema":{"@context":"https:\/\/schema.org","@graph":[{"@type":"NewsArticle","@id":"https:\/\/www.webdo.tn\/fr\/actualite\/sport\/tunisie-anis-boussaidi-et-montassar-louhichi-assurent-l-interim-a-la-tete-du-onze-national\/211861\/#article","isPartOf":{"@id":"https:\/\/www.webdo.tn\/fr\/actualite\/sport\/tunisie-anis-boussaidi-et-montassar-louhichi-assurent-l-interim-a-la-tete-du-onze-national\/211861\/"},"author":{"name":"MC","@id":"https:\/\/www.webdo.tn\/fr\/#\/schema\/person\/2c4929cbf5a809e3bd38617c6ce150f6"},"headline":"Tunisie : Anis Boussaidi et Montassar Louhichi assurent l\u2019int\u00e9rim \u00e0 la t\u00eate du Onze national","datePublished":"2024-01-27T08:54:00+00:00","dateModified":"2025-05-20T22:11:34+00:00","mainEntityOfPage":{"@id":"https:\/\/www.webdo.tn\/fr\/actualite\/sport\/tunisie-anis-boussaidi-et-montassar-louhichi-assurent-l-interim-a-la-tete-du-onze-national\/211861\/"},"wordCount":193,"commentCount":0,"publisher":{"@id":"https:\/\/www.webdo.tn\/fr\/#organization"},"image":{"@id":"https:\/\/www.webdo.tn\/fr\/actualite\/sport\/tunisie-anis-boussaidi-et-montassar-louhichi-assurent-l-interim-a-la-tete-du-onze-national\/211861\/#primaryimage"},"thumbnailUrl":"https:\/\/www.webdo.tn\/fr\/wp-content\/uploads\/2024\/01\/eeb9c289b674b4ac77e7e9e31ff4d4f5.jpg","keywords":["'anis boussaidi']","FTF","montassar louhichi","s\u00e9lection nationale","Tunisie"],"articleSection":["Sport"],"inLanguage":"fr-FR"},{"@type":"WebPage","@id":"https:\/\/www.webdo.tn\/fr\/actualite\/sport\/tunisie-anis-boussaidi-et-montassar-louhichi-assurent-l-interim-a-la-tete-du-onze-national\/211861\/","url":"https:\/\/www.webdo.tn\/fr\/actualite\/sport\/tunisie-anis-boussaidi-et-montassar-louhichi-assurent-l-interim-a-la-tete-du-onze-national\/211861\/","name":"Tunisie : Anis Boussaidi et Montassar Louhichi assurent l\u2019int\u00e9rim \u00e0 la t\u00eate du Onze national","isPartOf":{"@id":"https:\/\/www.webdo.tn\/fr\/#website"},"primaryImageOfPage":{"@id":"https:\/\/www.webdo.tn\/fr\/actualite\/sport\/tunisie-anis-boussaidi-et-montassar-louhichi-assurent-l-interim-a-la-tete-du-onze-national\/211861\/#primaryimage"},"image":{"@id":"https:\/\/www.webdo.tn\/fr\/actualite\/sport\/tunisie-anis-boussaidi-et-montassar-louhichi-assurent-l-interim-a-la-tete-du-onze-national\/211861\/#primaryimage"},"thumbnailUrl":"https:\/\/www.webdo.tn\/fr\/wp-content\/uploads\/2024\/01\/eeb9c289b674b4ac77e7e9e31ff4d4f5.jpg","datePublished":"2024-01-27T08:54:00+00:00","dateModified":"2025-05-20T22:11:34+00:00","description":"La FTF a d\u00e9sign\u00e9 les entra\u00eeneurs Anis Boussaidi et Montassar Louhichi provisoirement \u00e0 la t\u00eate de la s\u00e9lection","breadcrumb":{"@id":"https:\/\/www.webdo.tn\/fr\/actualite\/sport\/tunisie-anis-boussaidi-et-montassar-louhichi-assurent-l-interim-a-la-tete-du-onze-national\/211861\/#breadcrumb"},"inLanguage":"fr-FR","potentialAction":[{"@type":"ReadAction","target":["https:\/\/www.webdo.tn\/fr\/actualite\/sport\/tunisie-anis-boussaidi-et-montassar-louhichi-assurent-l-interim-a-la-tete-du-onze-national\/211861\/"]}]},{"@type":"ImageObject","inLanguage":"fr-FR","@id":"https:\/\/www.webdo.tn\/fr\/actualite\/sport\/tunisie-anis-boussaidi-et-montassar-louhichi-assurent-l-interim-a-la-tete-du-onze-national\/211861\/#primaryimage","url":"https:\/\/www.webdo.tn\/fr\/wp-content\/uploads\/2024\/01\/eeb9c289b674b4ac77e7e9e31ff4d4f5.jpg","contentUrl":"https:\/\/www.webdo.tn\/fr\/wp-content\/uploads\/2024\/01\/eeb9c289b674b4ac77e7e9e31ff4d4f5.jpg","width":750,"height":400,"caption":"Tunisie : Anis Boussaidi et Montassar Louhichi assurent l\u2019int\u00e9rim \u00e0 la t\u00eate du Onze national"},{"@type":"BreadcrumbList","@id":"https:\/\/www.webdo.tn\/fr\/actualite\/sport\/tunisie-anis-boussaidi-et-montassar-louhichi-assurent-l-interim-a-la-tete-du-onze-national\/211861\/#breadcrumb","itemListElement":[{"@type":"ListItem","position":1,"name":"Accueil","item":"https:\/\/www.webdo.tn\/fr\/"},{"@type":"ListItem","position":2,"name":"Tunisie : Anis Boussaidi et Montassar Louhichi assurent l\u2019int\u00e9rim \u00e0 la t\u00eate du Onze national"}]},{"@type":"WebSite","@id":"https:\/\/www.webdo.tn\/fr\/#website","url":"https:\/\/www.webdo.tn\/fr\/","name":"webdo","description":"Tunisie - News en Tunisie et \u00e0 l&#039;international sur Webdo.tn","publisher":{"@id":"https:\/\/www.webdo.tn\/fr\/#organization"},"potentialAction":[{"@type":"SearchAction","target":{"@type":"EntryPoint","urlTemplate":"https:\/\/www.webdo.tn\/fr\/?s={search_term_string}"},"query-input":{"@type":"PropertyValueSpecification","valueRequired":true,"valueName":"search_term_string"}}],"inLanguage":"fr-FR"},{"@type":"Organization","@id":"https:\/\/www.webdo.tn\/fr\/#organization","name":"Webdo","alternateName":"Webdo.tn","url":"https:\/\/www.webdo.tn\/fr\/","logo":{"@type":"ImageObject","inLanguage":"fr-FR","@id":"https:\/\/www.webdo.tn\/fr\/#\/schema\/logo\/image\/","url":"https:\/\/www.webdo.tn\/fr\/wp-content\/uploads\/2025\/06\/Webdo-Tunisie_168377.jpg","contentUrl":"https:\/\/www.webdo.tn\/fr\/wp-content\/uploads\/2025\/06\/Webdo-Tunisie_168377.jpg","width":301,"height":301,"caption":"Webdo"},"image":{"@id":"https:\/\/www.webdo.tn\/fr\/#\/schema\/logo\/image\/"},"sameAs":["https:\/\/www.facebook.com\/webdotn","https:\/\/x.com\/webdo_tn"],"description":"Webdo est un m\u00e9dia num\u00e9rique tunisien fond\u00e9 en 2010, sp\u00e9cialis\u00e9 dans l\u2019actualit\u00e9 nationale et internationale, l\u2019\u00e9conomie, la soci\u00e9t\u00e9 et les analyses politiques. Le site s\u2019adresse \u00e0 un large public francophone et couvre l\u2019information tunisienne en temps r\u00e9el.","email":"redac@webdo.tn","legalName":"YNJ SARL","foundingDate":"2010-09-06","numberOfEmployees":{"@type":"QuantitativeValue","minValue":"11","maxValue":"50"}},{"@type":"Person","@id":"https:\/\/www.webdo.tn\/fr\/#\/schema\/person\/2c4929cbf5a809e3bd38617c6ce150f6","name":"MC","image":{"@type":"ImageObject","inLanguage":"fr-FR","@id":"https:\/\/secure.gravatar.com\/avatar\/a545bbb6f84efdd5553dbbc2895e3ca8f1d12c5215e00a041c9670b54aa9b18a?s=96&d=mm&r=g","url":"https:\/\/secure.gravatar.com\/avatar\/a545bbb6f84efdd5553dbbc2895e3ca8f1d12c5215e00a041c9670b54aa9b18a?s=96&d=mm&r=g","contentUrl":"https:\/\/secure.gravatar.com\/avatar\/a545bbb6f84efdd5553dbbc2895e3ca8f1d12c5215e00a041c9670b54aa9b18a?s=96&d=mm&r=g","caption":"MC"},"url":"https:\/\/www.webdo.tn\/fr\/actualite\/author\/mc\/"}]}},"_links":{"self":[{"href":"https:\/\/www.webdo.tn\/fr\/wp-json\/wp\/v2\/posts\/211861","targetHints":{"allow":["GET"]}}],"collection":[{"href":"https:\/\/www.webdo.tn\/fr\/wp-json\/wp\/v2\/posts"}],"about":[{"href":"https:\/\/www.webdo.tn\/fr\/wp-json\/wp\/v2\/types\/post"}],"author":[{"embeddable":true,"href":"https:\/\/www.webdo.tn\/fr\/wp-json\/wp\/v2\/users\/3162"}],"replies":[{"embeddable":true,"href":"https:\/\/www.webdo.tn\/fr\/wp-json\/wp\/v2\/comments?post=211861"}],"version-history":[{"count":0,"href":"https:\/\/www.webdo.tn\/fr\/wp-json\/wp\/v2\/posts\/211861\/revisions"}],"wp:featuredmedia":[{"embeddable":true,"href":"https:\/\/www.webdo.tn\/fr\/wp-json\/wp\/v2\/media\/290139"}],"wp:attachment":[{"href":"https:\/\/www.webdo.tn\/fr\/wp-json\/wp\/v2\/media?parent=211861"}],"wp:term":[{"taxonomy":"category","embeddable":true,"href":"https:\/\/www.webdo.tn\/fr\/wp-json\/wp\/v2\/categories?post=211861"},{"taxonomy":"post_tag","embeddable":true,"href":"https:\/\/www.webdo.tn\/fr\/wp-json\/wp\/v2\/tags?post=211861"}],"curies":[{"name":"wp","href":"https:\/\/api.w.org\/{rel}","templated":true}]}}