{"id":211857,"date":"2024-01-26T20:42:00","date_gmt":"2024-01-26T20:42:00","guid":{"rendered":"https:\/\/www.webdo.tn\/fr\/blog\/regression-de-66-2-du-deficit-commercial-du-secteur-industriel\/211857\/"},"modified":"2024-01-26T20:42:00","modified_gmt":"2024-01-26T20:42:00","slug":"regression-de-66-2-du-deficit-commercial-du-secteur-industriel","status":"publish","type":"post","link":"https:\/\/www.webdo.tn\/fr\/actualite\/national\/regression-de-66-2-du-deficit-commercial-du-secteur-industriel\/211857\/","title":{"rendered":"R\u00e9gression de 66,2% du d\u00e9ficit commercial du secteur industriel"},"content":{"rendered":"<p>Le d\u00e9ficit commercial du secteur industriel a enregistr\u00e9 une r\u00e9gression de 66,2%, en 2023, d&rsquo;apr\u00e8s les chiffres pr\u00e9sent\u00e9s dans le bulletin de Conjoncture, publi\u00e9 par l\u2019Agence de Promotion de l\u2019Industrie et de l\u2019Innovation (APII).<\/p>\n<p>\t\t\t\t\t\t\t\t\tCe d\u00e9ficit est donc pass\u00e9 de 10 milliards de dinars, fin 2022, \u00e0 3,3 milliards de dinars, fin 2023. Cette regression s&rsquo;explique principalement\u00a0 par la hausse des exportations du secteur industriel de 10,4%, et, dans le m\u00eame temps, la baisse des importations industrielles de 2,1%.<\/p>\n<p>Il convient de souligner que la hausse des exportations a \u00e9t\u00e9 enregistr\u00e9e, notamment aux niveaux d<\/p>\n<p>C&rsquo;est les activit\u00e9s de l\u2019industrie m\u00e9canique et \u00e9lectrique qui ont boost\u00e9 les exportations industrielles\u00a0de pr\u00e8s de 16%.<\/p>\n","protected":false},"excerpt":{"rendered":"<p>Le d\u00e9ficit commercial du secteur industriel a enregistr\u00e9 une r\u00e9gression de 66,2%, en 2023, d&rsquo;apr\u00e8s les chiffres pr\u00e9sent\u00e9s dans le bulletin de Conjoncture, publi&#8230;<\/p>\n","protected":false},"author":3169,"featured_media":290137,"comment_status":"open","ping_status":"closed","sticky":false,"template":"","format":"standard","meta":{"footnotes":""},"categories":[44],"tags":[8063,3575,3012,2608],"class_list":["post-211857","post","type-post","status-publish","format-standard","has-post-thumbnail","hentry","category-national","tag-commercial","tag-deficit","tag-industrie","tag-tunisie"],"yoast_head":"<!-- This site is optimized with the Yoast SEO Premium plugin v27.5 (Yoast SEO v27.5) - https:\/\/yoast.com\/product\/yoast-seo-premium-wordpress\/ -->\n<title>R\u00e9gression de 66,2% du d\u00e9ficit commercial du secteur industriel<\/title>\n<meta name=\"description\" content=\"Le d\u00e9ficit commercial du secteur industriel a enregistr\u00e9 une r\u00e9gression de 66,2%, en 2023, d&#039;apr\u00e8s les chiffres pr\u00e9sent\u00e9s dans le bulletin de Conjoncture, publi...\" \/>\n<link rel=\"canonical\" href=\"https:\/\/www.webdo.tn\/fr\/actualite\/national\/regression-de-66-2-du-deficit-commercial-du-secteur-industriel\/211857\/\" \/>\n<meta property=\"og:locale\" content=\"fr_FR\" \/>\n<meta property=\"og:type\" content=\"article\" \/>\n<meta property=\"og:title\" content=\"R\u00e9gression de 66,2% du d\u00e9ficit commercial du secteur industriel\" \/>\n<meta property=\"og:description\" content=\"Le d\u00e9ficit commercial du secteur industriel a enregistr\u00e9 une r\u00e9gression de 66,2%, en 2023, d&#039;apr\u00e8s les chiffres pr\u00e9sent\u00e9s dans le bulletin de Conjoncture, publi...\" \/>\n<meta property=\"og:url\" content=\"https:\/\/www.webdo.tn\/fr\/actualite\/national\/regression-de-66-2-du-deficit-commercial-du-secteur-industriel\/211857\/\" \/>\n<meta property=\"og:site_name\" content=\"webdo\" \/>\n<meta property=\"article:publisher\" content=\"https:\/\/www.facebook.com\/webdotn\" \/>\n<meta property=\"article:published_time\" content=\"2024-01-26T20:42:00+00:00\" \/>\n<meta property=\"og:image\" content=\"https:\/\/www.webdo.tn\/fr\/wp-content\/uploads\/2024\/01\/3316e3dab68b50fa8e541b5195e36dcf.jpg\" \/>\n\t<meta property=\"og:image:width\" content=\"750\" \/>\n\t<meta property=\"og:image:height\" content=\"400\" \/>\n\t<meta property=\"og:image:type\" content=\"image\/jpeg\" \/>\n<meta name=\"author\" content=\"Webdo\" \/>\n<meta name=\"twitter:card\" content=\"summary_large_image\" \/>\n<meta name=\"twitter:creator\" content=\"@webdo_tn\" \/>\n<meta name=\"twitter:site\" content=\"@webdo_tn\" \/>\n<meta name=\"twitter:label1\" content=\"\u00c9crit par\" \/>\n\t<meta name=\"twitter:data1\" content=\"Webdo\" \/>\n\t<meta name=\"twitter:label2\" content=\"Dur\u00e9e de lecture estim\u00e9e\" \/>\n\t<meta name=\"twitter:data2\" content=\"1 minute\" \/>\n<script type=\"application\/ld+json\" class=\"yoast-schema-graph\">{\"@context\":\"https:\\\/\\\/schema.org\",\"@graph\":[{\"@type\":\"NewsArticle\",\"@id\":\"https:\\\/\\\/www.webdo.tn\\\/fr\\\/actualite\\\/national\\\/regression-de-66-2-du-deficit-commercial-du-secteur-industriel\\\/211857\\\/#article\",\"isPartOf\":{\"@id\":\"https:\\\/\\\/www.webdo.tn\\\/fr\\\/actualite\\\/national\\\/regression-de-66-2-du-deficit-commercial-du-secteur-industriel\\\/211857\\\/\"},\"author\":{\"name\":\"Webdo\",\"@id\":\"https:\\\/\\\/www.webdo.tn\\\/fr\\\/#\\\/schema\\\/person\\\/1f4e491e0907b413d61089e8eb573acc\"},\"headline\":\"R\u00e9gression de 66,2% du d\u00e9ficit commercial du secteur industriel\",\"datePublished\":\"2024-01-26T20:42:00+00:00\",\"mainEntityOfPage\":{\"@id\":\"https:\\\/\\\/www.webdo.tn\\\/fr\\\/actualite\\\/national\\\/regression-de-66-2-du-deficit-commercial-du-secteur-industriel\\\/211857\\\/\"},\"wordCount\":131,\"commentCount\":0,\"publisher\":{\"@id\":\"https:\\\/\\\/www.webdo.tn\\\/fr\\\/#organization\"},\"image\":{\"@id\":\"https:\\\/\\\/www.webdo.tn\\\/fr\\\/actualite\\\/national\\\/regression-de-66-2-du-deficit-commercial-du-secteur-industriel\\\/211857\\\/#primaryimage\"},\"thumbnailUrl\":\"https:\\\/\\\/www.webdo.tn\\\/fr\\\/wp-content\\\/uploads\\\/2024\\\/01\\\/3316e3dab68b50fa8e541b5195e36dcf.jpg\",\"keywords\":[\"commercial\",\"d\u00e9ficit\",\"industrie\",\"Tunisie\"],\"articleSection\":[\"National\"],\"inLanguage\":\"fr-FR\"},{\"@type\":\"WebPage\",\"@id\":\"https:\\\/\\\/www.webdo.tn\\\/fr\\\/actualite\\\/national\\\/regression-de-66-2-du-deficit-commercial-du-secteur-industriel\\\/211857\\\/\",\"url\":\"https:\\\/\\\/www.webdo.tn\\\/fr\\\/actualite\\\/national\\\/regression-de-66-2-du-deficit-commercial-du-secteur-industriel\\\/211857\\\/\",\"name\":\"R\u00e9gression de 66,2% du d\u00e9ficit commercial du secteur industriel\",\"isPartOf\":{\"@id\":\"https:\\\/\\\/www.webdo.tn\\\/fr\\\/#website\"},\"primaryImageOfPage\":{\"@id\":\"https:\\\/\\\/www.webdo.tn\\\/fr\\\/actualite\\\/national\\\/regression-de-66-2-du-deficit-commercial-du-secteur-industriel\\\/211857\\\/#primaryimage\"},\"image\":{\"@id\":\"https:\\\/\\\/www.webdo.tn\\\/fr\\\/actualite\\\/national\\\/regression-de-66-2-du-deficit-commercial-du-secteur-industriel\\\/211857\\\/#primaryimage\"},\"thumbnailUrl\":\"https:\\\/\\\/www.webdo.tn\\\/fr\\\/wp-content\\\/uploads\\\/2024\\\/01\\\/3316e3dab68b50fa8e541b5195e36dcf.jpg\",\"datePublished\":\"2024-01-26T20:42:00+00:00\",\"description\":\"Le d\u00e9ficit commercial du secteur industriel a enregistr\u00e9 une r\u00e9gression de 66,2%, en 2023, d'apr\u00e8s les chiffres pr\u00e9sent\u00e9s dans le bulletin de Conjoncture, publi...\",\"breadcrumb\":{\"@id\":\"https:\\\/\\\/www.webdo.tn\\\/fr\\\/actualite\\\/national\\\/regression-de-66-2-du-deficit-commercial-du-secteur-industriel\\\/211857\\\/#breadcrumb\"},\"inLanguage\":\"fr-FR\",\"potentialAction\":[{\"@type\":\"ReadAction\",\"target\":[\"https:\\\/\\\/www.webdo.tn\\\/fr\\\/actualite\\\/national\\\/regression-de-66-2-du-deficit-commercial-du-secteur-industriel\\\/211857\\\/\"]}]},{\"@type\":\"ImageObject\",\"inLanguage\":\"fr-FR\",\"@id\":\"https:\\\/\\\/www.webdo.tn\\\/fr\\\/actualite\\\/national\\\/regression-de-66-2-du-deficit-commercial-du-secteur-industriel\\\/211857\\\/#primaryimage\",\"url\":\"https:\\\/\\\/www.webdo.tn\\\/fr\\\/wp-content\\\/uploads\\\/2024\\\/01\\\/3316e3dab68b50fa8e541b5195e36dcf.jpg\",\"contentUrl\":\"https:\\\/\\\/www.webdo.tn\\\/fr\\\/wp-content\\\/uploads\\\/2024\\\/01\\\/3316e3dab68b50fa8e541b5195e36dcf.jpg\",\"width\":750,\"height\":400,\"caption\":\"R\u00e9gression de 66,2% du d\u00e9ficit commercial du secteur industriel\"},{\"@type\":\"BreadcrumbList\",\"@id\":\"https:\\\/\\\/www.webdo.tn\\\/fr\\\/actualite\\\/national\\\/regression-de-66-2-du-deficit-commercial-du-secteur-industriel\\\/211857\\\/#breadcrumb\",\"itemListElement\":[{\"@type\":\"ListItem\",\"position\":1,\"name\":\"Accueil\",\"item\":\"https:\\\/\\\/www.webdo.tn\\\/fr\\\/\"},{\"@type\":\"ListItem\",\"position\":2,\"name\":\"R\u00e9gression de 66,2% du d\u00e9ficit commercial du secteur industriel\"}]},{\"@type\":\"WebSite\",\"@id\":\"https:\\\/\\\/www.webdo.tn\\\/fr\\\/#website\",\"url\":\"https:\\\/\\\/www.webdo.tn\\\/fr\\\/\",\"name\":\"webdo\",\"description\":\"Tunisie - News en Tunisie et \u00e0 l&#039;international sur Webdo.tn\",\"publisher\":{\"@id\":\"https:\\\/\\\/www.webdo.tn\\\/fr\\\/#organization\"},\"potentialAction\":[{\"@type\":\"SearchAction\",\"target\":{\"@type\":\"EntryPoint\",\"urlTemplate\":\"https:\\\/\\\/www.webdo.tn\\\/fr\\\/?s={search_term_string}\"},\"query-input\":{\"@type\":\"PropertyValueSpecification\",\"valueRequired\":true,\"valueName\":\"search_term_string\"}}],\"inLanguage\":\"fr-FR\"},{\"@type\":\"Organization\",\"@id\":\"https:\\\/\\\/www.webdo.tn\\\/fr\\\/#organization\",\"name\":\"Webdo\",\"alternateName\":\"Webdo.tn\",\"url\":\"https:\\\/\\\/www.webdo.tn\\\/fr\\\/\",\"logo\":{\"@type\":\"ImageObject\",\"inLanguage\":\"fr-FR\",\"@id\":\"https:\\\/\\\/www.webdo.tn\\\/fr\\\/#\\\/schema\\\/logo\\\/image\\\/\",\"url\":\"https:\\\/\\\/www.webdo.tn\\\/fr\\\/wp-content\\\/uploads\\\/2025\\\/06\\\/Webdo-Tunisie_168377.jpg\",\"contentUrl\":\"https:\\\/\\\/www.webdo.tn\\\/fr\\\/wp-content\\\/uploads\\\/2025\\\/06\\\/Webdo-Tunisie_168377.jpg\",\"width\":301,\"height\":301,\"caption\":\"Webdo\"},\"image\":{\"@id\":\"https:\\\/\\\/www.webdo.tn\\\/fr\\\/#\\\/schema\\\/logo\\\/image\\\/\"},\"sameAs\":[\"https:\\\/\\\/www.facebook.com\\\/webdotn\",\"https:\\\/\\\/x.com\\\/webdo_tn\"],\"description\":\"Webdo est un m\u00e9dia num\u00e9rique tunisien fond\u00e9 en 2010, sp\u00e9cialis\u00e9 dans l\u2019actualit\u00e9 nationale et internationale, l\u2019\u00e9conomie, la soci\u00e9t\u00e9 et les analyses politiques. Le site s\u2019adresse \u00e0 un large public francophone et couvre l\u2019information tunisienne en temps r\u00e9el.\",\"email\":\"redac@webdo.tn\",\"legalName\":\"YNJ SARL\",\"foundingDate\":\"2010-09-06\",\"numberOfEmployees\":{\"@type\":\"QuantitativeValue\",\"minValue\":\"11\",\"maxValue\":\"50\"}},{\"@type\":\"Person\",\"@id\":\"https:\\\/\\\/www.webdo.tn\\\/fr\\\/#\\\/schema\\\/person\\\/1f4e491e0907b413d61089e8eb573acc\",\"name\":\"Webdo\",\"image\":{\"@type\":\"ImageObject\",\"inLanguage\":\"fr-FR\",\"@id\":\"https:\\\/\\\/secure.gravatar.com\\\/avatar\\\/de97aeec1bb80978a9dbb127e47dfc88aaacb2f3c29aac907d8d3222e3495d49?s=96&d=mm&r=g\",\"url\":\"https:\\\/\\\/secure.gravatar.com\\\/avatar\\\/de97aeec1bb80978a9dbb127e47dfc88aaacb2f3c29aac907d8d3222e3495d49?s=96&d=mm&r=g\",\"contentUrl\":\"https:\\\/\\\/secure.gravatar.com\\\/avatar\\\/de97aeec1bb80978a9dbb127e47dfc88aaacb2f3c29aac907d8d3222e3495d49?s=96&d=mm&r=g\",\"caption\":\"Webdo\"},\"url\":\"https:\\\/\\\/www.webdo.tn\\\/fr\\\/actualite\\\/author\\\/webdo\\\/\"}]}<\/script>\n<!-- \/ Yoast SEO Premium plugin. -->","yoast_head_json":{"title":"R\u00e9gression de 66,2% du d\u00e9ficit commercial du secteur industriel","description":"Le d\u00e9ficit commercial du secteur industriel a enregistr\u00e9 une r\u00e9gression de 66,2%, en 2023, d'apr\u00e8s les chiffres pr\u00e9sent\u00e9s dans le bulletin de Conjoncture, publi...","canonical":"https:\/\/www.webdo.tn\/fr\/actualite\/national\/regression-de-66-2-du-deficit-commercial-du-secteur-industriel\/211857\/","og_locale":"fr_FR","og_type":"article","og_title":"R\u00e9gression de 66,2% du d\u00e9ficit commercial du secteur industriel","og_description":"Le d\u00e9ficit commercial du secteur industriel a enregistr\u00e9 une r\u00e9gression de 66,2%, en 2023, d'apr\u00e8s les chiffres pr\u00e9sent\u00e9s dans le bulletin de Conjoncture, publi...","og_url":"https:\/\/www.webdo.tn\/fr\/actualite\/national\/regression-de-66-2-du-deficit-commercial-du-secteur-industriel\/211857\/","og_site_name":"webdo","article_publisher":"https:\/\/www.facebook.com\/webdotn","article_published_time":"2024-01-26T20:42:00+00:00","og_image":[{"width":750,"height":400,"url":"https:\/\/www.webdo.tn\/fr\/wp-content\/uploads\/2024\/01\/3316e3dab68b50fa8e541b5195e36dcf.jpg","type":"image\/jpeg"}],"author":"Webdo","twitter_card":"summary_large_image","twitter_creator":"@webdo_tn","twitter_site":"@webdo_tn","twitter_misc":{"\u00c9crit par":"Webdo","Dur\u00e9e de lecture estim\u00e9e":"1 minute"},"schema":{"@context":"https:\/\/schema.org","@graph":[{"@type":"NewsArticle","@id":"https:\/\/www.webdo.tn\/fr\/actualite\/national\/regression-de-66-2-du-deficit-commercial-du-secteur-industriel\/211857\/#article","isPartOf":{"@id":"https:\/\/www.webdo.tn\/fr\/actualite\/national\/regression-de-66-2-du-deficit-commercial-du-secteur-industriel\/211857\/"},"author":{"name":"Webdo","@id":"https:\/\/www.webdo.tn\/fr\/#\/schema\/person\/1f4e491e0907b413d61089e8eb573acc"},"headline":"R\u00e9gression de 66,2% du d\u00e9ficit commercial du secteur industriel","datePublished":"2024-01-26T20:42:00+00:00","mainEntityOfPage":{"@id":"https:\/\/www.webdo.tn\/fr\/actualite\/national\/regression-de-66-2-du-deficit-commercial-du-secteur-industriel\/211857\/"},"wordCount":131,"commentCount":0,"publisher":{"@id":"https:\/\/www.webdo.tn\/fr\/#organization"},"image":{"@id":"https:\/\/www.webdo.tn\/fr\/actualite\/national\/regression-de-66-2-du-deficit-commercial-du-secteur-industriel\/211857\/#primaryimage"},"thumbnailUrl":"https:\/\/www.webdo.tn\/fr\/wp-content\/uploads\/2024\/01\/3316e3dab68b50fa8e541b5195e36dcf.jpg","keywords":["commercial","d\u00e9ficit","industrie","Tunisie"],"articleSection":["National"],"inLanguage":"fr-FR"},{"@type":"WebPage","@id":"https:\/\/www.webdo.tn\/fr\/actualite\/national\/regression-de-66-2-du-deficit-commercial-du-secteur-industriel\/211857\/","url":"https:\/\/www.webdo.tn\/fr\/actualite\/national\/regression-de-66-2-du-deficit-commercial-du-secteur-industriel\/211857\/","name":"R\u00e9gression de 66,2% du d\u00e9ficit commercial du secteur industriel","isPartOf":{"@id":"https:\/\/www.webdo.tn\/fr\/#website"},"primaryImageOfPage":{"@id":"https:\/\/www.webdo.tn\/fr\/actualite\/national\/regression-de-66-2-du-deficit-commercial-du-secteur-industriel\/211857\/#primaryimage"},"image":{"@id":"https:\/\/www.webdo.tn\/fr\/actualite\/national\/regression-de-66-2-du-deficit-commercial-du-secteur-industriel\/211857\/#primaryimage"},"thumbnailUrl":"https:\/\/www.webdo.tn\/fr\/wp-content\/uploads\/2024\/01\/3316e3dab68b50fa8e541b5195e36dcf.jpg","datePublished":"2024-01-26T20:42:00+00:00","description":"Le d\u00e9ficit commercial du secteur industriel a enregistr\u00e9 une r\u00e9gression de 66,2%, en 2023, d'apr\u00e8s les chiffres pr\u00e9sent\u00e9s dans le bulletin de Conjoncture, publi...","breadcrumb":{"@id":"https:\/\/www.webdo.tn\/fr\/actualite\/national\/regression-de-66-2-du-deficit-commercial-du-secteur-industriel\/211857\/#breadcrumb"},"inLanguage":"fr-FR","potentialAction":[{"@type":"ReadAction","target":["https:\/\/www.webdo.tn\/fr\/actualite\/national\/regression-de-66-2-du-deficit-commercial-du-secteur-industriel\/211857\/"]}]},{"@type":"ImageObject","inLanguage":"fr-FR","@id":"https:\/\/www.webdo.tn\/fr\/actualite\/national\/regression-de-66-2-du-deficit-commercial-du-secteur-industriel\/211857\/#primaryimage","url":"https:\/\/www.webdo.tn\/fr\/wp-content\/uploads\/2024\/01\/3316e3dab68b50fa8e541b5195e36dcf.jpg","contentUrl":"https:\/\/www.webdo.tn\/fr\/wp-content\/uploads\/2024\/01\/3316e3dab68b50fa8e541b5195e36dcf.jpg","width":750,"height":400,"caption":"R\u00e9gression de 66,2% du d\u00e9ficit commercial du secteur industriel"},{"@type":"BreadcrumbList","@id":"https:\/\/www.webdo.tn\/fr\/actualite\/national\/regression-de-66-2-du-deficit-commercial-du-secteur-industriel\/211857\/#breadcrumb","itemListElement":[{"@type":"ListItem","position":1,"name":"Accueil","item":"https:\/\/www.webdo.tn\/fr\/"},{"@type":"ListItem","position":2,"name":"R\u00e9gression de 66,2% du d\u00e9ficit commercial du secteur industriel"}]},{"@type":"WebSite","@id":"https:\/\/www.webdo.tn\/fr\/#website","url":"https:\/\/www.webdo.tn\/fr\/","name":"webdo","description":"Tunisie - News en Tunisie et \u00e0 l&#039;international sur Webdo.tn","publisher":{"@id":"https:\/\/www.webdo.tn\/fr\/#organization"},"potentialAction":[{"@type":"SearchAction","target":{"@type":"EntryPoint","urlTemplate":"https:\/\/www.webdo.tn\/fr\/?s={search_term_string}"},"query-input":{"@type":"PropertyValueSpecification","valueRequired":true,"valueName":"search_term_string"}}],"inLanguage":"fr-FR"},{"@type":"Organization","@id":"https:\/\/www.webdo.tn\/fr\/#organization","name":"Webdo","alternateName":"Webdo.tn","url":"https:\/\/www.webdo.tn\/fr\/","logo":{"@type":"ImageObject","inLanguage":"fr-FR","@id":"https:\/\/www.webdo.tn\/fr\/#\/schema\/logo\/image\/","url":"https:\/\/www.webdo.tn\/fr\/wp-content\/uploads\/2025\/06\/Webdo-Tunisie_168377.jpg","contentUrl":"https:\/\/www.webdo.tn\/fr\/wp-content\/uploads\/2025\/06\/Webdo-Tunisie_168377.jpg","width":301,"height":301,"caption":"Webdo"},"image":{"@id":"https:\/\/www.webdo.tn\/fr\/#\/schema\/logo\/image\/"},"sameAs":["https:\/\/www.facebook.com\/webdotn","https:\/\/x.com\/webdo_tn"],"description":"Webdo est un m\u00e9dia num\u00e9rique tunisien fond\u00e9 en 2010, sp\u00e9cialis\u00e9 dans l\u2019actualit\u00e9 nationale et internationale, l\u2019\u00e9conomie, la soci\u00e9t\u00e9 et les analyses politiques. Le site s\u2019adresse \u00e0 un large public francophone et couvre l\u2019information tunisienne en temps r\u00e9el.","email":"redac@webdo.tn","legalName":"YNJ SARL","foundingDate":"2010-09-06","numberOfEmployees":{"@type":"QuantitativeValue","minValue":"11","maxValue":"50"}},{"@type":"Person","@id":"https:\/\/www.webdo.tn\/fr\/#\/schema\/person\/1f4e491e0907b413d61089e8eb573acc","name":"Webdo","image":{"@type":"ImageObject","inLanguage":"fr-FR","@id":"https:\/\/secure.gravatar.com\/avatar\/de97aeec1bb80978a9dbb127e47dfc88aaacb2f3c29aac907d8d3222e3495d49?s=96&d=mm&r=g","url":"https:\/\/secure.gravatar.com\/avatar\/de97aeec1bb80978a9dbb127e47dfc88aaacb2f3c29aac907d8d3222e3495d49?s=96&d=mm&r=g","contentUrl":"https:\/\/secure.gravatar.com\/avatar\/de97aeec1bb80978a9dbb127e47dfc88aaacb2f3c29aac907d8d3222e3495d49?s=96&d=mm&r=g","caption":"Webdo"},"url":"https:\/\/www.webdo.tn\/fr\/actualite\/author\/webdo\/"}]}},"_links":{"self":[{"href":"https:\/\/www.webdo.tn\/fr\/wp-json\/wp\/v2\/posts\/211857","targetHints":{"allow":["GET"]}}],"collection":[{"href":"https:\/\/www.webdo.tn\/fr\/wp-json\/wp\/v2\/posts"}],"about":[{"href":"https:\/\/www.webdo.tn\/fr\/wp-json\/wp\/v2\/types\/post"}],"author":[{"embeddable":true,"href":"https:\/\/www.webdo.tn\/fr\/wp-json\/wp\/v2\/users\/3169"}],"replies":[{"embeddable":true,"href":"https:\/\/www.webdo.tn\/fr\/wp-json\/wp\/v2\/comments?post=211857"}],"version-history":[{"count":0,"href":"https:\/\/www.webdo.tn\/fr\/wp-json\/wp\/v2\/posts\/211857\/revisions"}],"wp:featuredmedia":[{"embeddable":true,"href":"https:\/\/www.webdo.tn\/fr\/wp-json\/wp\/v2\/media\/290137"}],"wp:attachment":[{"href":"https:\/\/www.webdo.tn\/fr\/wp-json\/wp\/v2\/media?parent=211857"}],"wp:term":[{"taxonomy":"category","embeddable":true,"href":"https:\/\/www.webdo.tn\/fr\/wp-json\/wp\/v2\/categories?post=211857"},{"taxonomy":"post_tag","embeddable":true,"href":"https:\/\/www.webdo.tn\/fr\/wp-json\/wp\/v2\/tags?post=211857"}],"curies":[{"name":"wp","href":"https:\/\/api.w.org\/{rel}","templated":true}]}}