{"id":211841,"date":"2024-01-26T10:59:00","date_gmt":"2024-01-26T10:59:00","guid":{"rendered":"https:\/\/www.webdo.tn\/fr\/blog\/les-films-du-festival-de-cannes-a-l-honneur-aux-cesar-2024\/211841\/"},"modified":"2025-05-21T08:56:11","modified_gmt":"2025-05-21T08:56:11","slug":"les-films-du-festival-de-cannes-a-l-honneur-aux-cesar-2024","status":"publish","type":"post","link":"https:\/\/www.webdo.tn\/fr\/actualite\/culture\/les-films-du-festival-de-cannes-a-l-honneur-aux-cesar-2024\/211841\/","title":{"rendered":"Les films du Festival de Cannes \u00e0 l&rsquo;honneur aux C\u00e9sars 2024"},"content":{"rendered":"<div class=\"single-body entry-content typography-copy\" itemprop=\"articleBody\">\n<p style=\"font-weight: bold; text-align: justify\">\n\t\t\t\t\t\t\t\t\tLes C\u00e9sars 2024 ont d\u00e9voil\u00e9 leurs nominations, et la S\u00e9lection officielle du Festival de Cannes a brillamment marqu\u00e9 son empreinte avec 16 films en lice, totalisant 49 nominations.\n\t\t\t\t\t\t\t\t<\/p>\n<div class=\"coprs\" style=\"text-align: center\"><\/div>\n<div class=\"coprs\" style=\"text-align: justify\">\n<p><span><span>Parmi eux, <em>Le R\u00e8gne Animal<\/em> de Thomas Cailley, qui a ouvert Un Certain Regard, et <em><a href=\"https:\/\/www.webdo.tn\/fr\/actualite\/culture\/cannes-2023-anatomie-d-une-chute-une-exploration-complexe-des-relations-humaines-sous-le-prisme-judiciaire\/206187\">Anatomie d&rsquo;une chute de Justine Triet<\/a><\/em>, Palme d&rsquo;or 2023, se distinguent avec respectivement 12 et 11 nominations. Cette reconnaissance t\u00e9moigne du succ\u00e8s et de l&rsquo;impact de ces films au sein de l&rsquo;Acad\u00e9mie des Arts et Techniques du Cin\u00e9ma.<\/span><\/span><\/p>\n<p><iframe allowfullscreen=\"true\" frameborder=\"0\" height=\"476\" scrolling=\"no\" src=\"https:\/\/www.facebook.com\/plugins\/video.php?height=476&amp;href=https%3A%2F%2Fwww.facebook.com%2Ffestivaldecannes%2Fvideos%2F740105324443194%2F&amp;show_text=false&amp;width=476&amp;t=0\" width=\"476\"><\/iframe><\/p>\n<p>\u00a0<\/p>\n<p><span><span>Le Festival de Cannes se r\u00e9jouit de cette reconnaissance et adresse ses f\u00e9licitations \u00e0 l&rsquo;ensemble des professionnels du cin\u00e9ma dont les \u0153uvres ont conquis les membres de l&rsquo;Acad\u00e9mie. Les autres films de la S\u00e9lection officielle \u00e9galement honor\u00e9s incluent<em> L&rsquo;Amour et les For\u00eats, L&rsquo;\u00c9t\u00e9 dernier, La Passion de Dodin Bouffant <\/em>(Prix de la mise en sc\u00e8ne), <em>Little Girl Blue, Jeanne du Barry, Le Th\u00e9or\u00e8me de Marguerite,<\/em> et bien d&rsquo;autres.<\/span><\/span><\/p>\n<p><span><span>Une v\u00e9ritable surprise avait secou\u00e9 l&rsquo;industrie cin\u00e9matographique fran\u00e7aise lorsqu&rsquo;il avait \u00e9t\u00e9 r\u00e9v\u00e9l\u00e9 que <em>La Passion de Dodin Bouffant<\/em>, laur\u00e9at du Prix de la mise en sc\u00e8ne \u00e0 Cannes en 2023, avait \u00e9t\u00e9 choisi par la France comme son repr\u00e9sentant pour l&rsquo;Oscar 2024 du Meilleur Film International. Cette d\u00e9cision a diverg\u00e9 des attentes g\u00e9n\u00e9rales qui positionnaient <em>Anatomie d&rsquo;une chute<\/em>, Palme d&rsquo;or \u00e0 Cannes en 2023, en tant que favori naturel. L&rsquo;\u00e9tonnement a pris place parmi les professionnels du cin\u00e9ma et les fervents du septi\u00e8me art. Les raisons de ce choix ont suscit\u00e9 des sp\u00e9culations, que ce soit pour mettre en avant le terroir et la gastronomie fran\u00e7ais ou comme une possible r\u00e9action \u00e0 un discours de la r\u00e9alisatrice Justine Triet \u00e0 Cannes.<\/span><\/span><\/p>\n<p><span><span>Ce choix s&rsquo;est finalement av\u00e9r\u00e9 \u00eatre d\u00e9licat, <em>La Passion de Dodin Bouffant <\/em>n&rsquo;a pas r\u00e9ussi \u00e0 obtenir une nomination aux Oscars. \u00c0 l&rsquo;inverse, <em>Anatomie d&rsquo;une chute<\/em> a \u00e9t\u00e9 reconnu avec 5 nominations, notamment dans des cat\u00e9gories majeures. Cette situation soul\u00e8ve des questions sur les crit\u00e8res de s\u00e9lection et d\u00e9montre que parfois, les choix surprenants ne correspondent pas n\u00e9cessairement aux succ\u00e8s ult\u00e9rieurs sur la sc\u00e8ne internationale.<\/span><\/span><\/p>\n<p><span><span>Ce choix discutable de la France est encore d\u00e9montr\u00e9 par ces nominations aux C\u00e9sars.\u00a0<em>La Passion de Dodin Bouffant<\/em> a uniquement trois nominations aux C\u00e9sars 2024, alors <em>qu\u2019Anatomie d\u2019Une chute<\/em> en a 11, dont meilleure r\u00e9alisation. <\/span><\/span><\/p>\n<p><span><span>Par ailleurs, le cin\u00e9ma tunisien continue de briller avec <em><a href=\"https:\/\/www.webdo.tn\/fr\/actualite\/culture\/cannes-2023\/206097\">Les filles d&rsquo;Olfa de Kaouther Ben Hania<\/a><\/em>, qui a <a href=\"Cannes%202023%20-%20%C2%AB%20Les%20filles%20d%E2%80%99Olfa%20%C2%BB%20de%20Kaouther%20Ben%20Hania%20en%20se%CC%81lection%20officielle\">fait ses d\u00e9buts en comp\u00e9tition officielle \u00e0 Cannes<\/a>, <a href=\"https:\/\/www.webdo.tn\/fr\/actualite\/culture\/le-cinema-tunisien-au-festival-de-cannes-de-1955-a-2023\/205546\">une premi\u00e8re pour un film tunisien depuis 1970.<\/a> Le film a accumul\u00e9 plusieurs r\u00e9compenses dans plusieurs festivals et comp\u00e9titions, <a href=\"https:\/\/www.webdo.tn\/fr\/actualite\/culture\/cannes-2023-quatre-prix-pour-les-filles-d-olfa-de-kaouther-ben-hania\/206114\">dont 4 \u00e0 Cannes<\/a>. R\u00e9cemment, il a remport\u00e9 le Prix Lumi\u00e8re 2024 du Meilleur Documentaire, <a href=\"https:\/\/www.webdo.tn\/fr\/actualite\/culture\/oscars-2024-les-filles-d-olfa-nomme-a-l-oscar-du-meilleur-film-documentaire\/211773\">a \u00e9t\u00e9 nomm\u00e9 aux Oscars 2024 du Meilleur Documentaire<\/a>, et est maintenant en lice pour le C\u00e9sar du Meilleur Documentaire.<\/span><\/span><\/p>\n<p><span><span>Enfin, le film poignant <em><a href=\"https:\/\/www.webdo.tn\/fr\/actualite\/culture\/cannes-2023\/206056\">Rapito\/Enl\u00e8vement<\/a><\/em>, qui n&rsquo;avait pas re\u00e7u de distinctions \u00e0 Cannes en mai 2023, est d\u00e9sormais nomm\u00e9 pour le C\u00e9sar du Meilleur Film \u00c9tranger. Une reconnaissance tardive mais m\u00e9rit\u00e9e pour ce film qui aurait d\u00fb conna\u00eetre une carri\u00e8re plus florissante. <\/span><\/span><\/p>\n<p><span><span>Les C\u00e9sar 2024 s&rsquo;annoncent comme une c\u00e9l\u00e9bration des films qui ont marqu\u00e9 les esprits, mettant en lumi\u00e8re la diversit\u00e9 et l&rsquo;excellence du paysage cin\u00e9matographique. Cette \u00e9dition accorde une attention particuli\u00e8re aux \u0153uvres qui ont laiss\u00e9 une empreinte ind\u00e9l\u00e9bile \u00e0 Cannes. La s\u00e9lection, riche et vari\u00e9e, souligne la constante propension des films pr\u00e9sent\u00e9s \u00e0 Cannes \u00e0 conna\u00eetre une carri\u00e8re exceptionnelle, se distinguant fr\u00e9quemment par leur s\u00e9lection, leurs nominations et leurs r\u00e9compenses dans les comp\u00e9titions majeures du cin\u00e9ma.<\/span><\/span><\/p>\n<p>\u00a0<\/p>\n<p><span><span><strong><u>Les 16 films de la S\u00e9lection officielle du Festival de Cannes nomm\u00e9s pour les C\u00e9sars 2024\u00a0: <\/u><\/strong><\/span><\/span><\/p>\n<p><span><span><strong><em>L&rsquo;ABB\u00c9 PIERRE &#8211; UNE VIE DE COMBATS<\/em> de Fr\u00e9d\u00e9ric Tellier<\/strong> &#8211; Hors Comp\u00e9tition<br \/>\n1 nomination\u00a0:<br \/>\nMeilleur acteur<\/span><\/span><\/p>\n<p><img decoding=\"async\" alt=\"\" height=\"1024\" src=\"\/assets\/uploads\/images\/\/Neila\/Ce%CC%81sars%202024%20Abbe%CC%81%20Pierre.jpeg\" width=\"819\"><\/p>\n<p>\u00a0<\/p>\n<p><span><span><strong><em>ACIDE<\/em> de Just Philippot<\/strong> &#8211; Hors Comp\u00e9tition \/ S\u00e9ance de Minuit<br \/>\n1 nomination\u00a0:<br \/>\nMeilleurs effets visuels<\/span><\/span><\/p>\n<p><img decoding=\"async\" alt=\"\" height=\"1080\" src=\"\/assets\/uploads\/images\/\/Neila\/Ce%CC%81sars%202024%20Acide.jpeg\" width=\"795\"><\/p>\n<p>\u00a0<\/p>\n<p><span><span><strong><em>L&rsquo;AMOUR ET LES FOR\u00caTS<\/em> de Val\u00e9rie Donzelli<\/strong> &#8211; Cannes Premi\u00e8re<br \/>\n4 nominations\u00a0:<br \/>\nMeilleure actrice<br \/>\nMeilleur acteur<br \/>\nMeilleure adaptation<br \/>\nMeilleure musique originale<\/span><\/span><\/p>\n<p><img decoding=\"async\" alt=\"\" height=\"1200\" src=\"\/assets\/uploads\/images\/\/Neila\/Ce%CC%81sars%202024%20l'amour%20des%20fore%CC%82ts.jpeg\" width=\"881\"><\/p>\n<p>\u00a0<\/p>\n<p><span><span><strong><em><a href=\"https:\/\/www.webdo.tn\/fr\/actualite\/culture\/cannes-2023-palmares-palme-d-or-anatomie-d-une-chute\/206119\">ANATOMIE D&rsquo;UNE CHUTE de Justine Triet \u2013 Comp\u00e9tition &#8211; Palme d&rsquo;or<\/a><\/em><\/strong><br \/>\n11 nominations\u00a0:<br \/>\nMeilleure actrice<br \/>\nMeilleur acteur dans un second r\u00f4le<br \/>\nMeilleurs d\u00e9cors<br \/>\nMeilleur film<br \/>\nMeilleur montage<br \/>\nMeilleure photo<br \/>\nMeilleure r\u00e9alisation<br \/>\nMeilleure r\u00e9v\u00e9lation masculine<br \/>\nMeilleur sc\u00e9nario original<br \/>\nMeilleur son<\/span><\/span><\/p>\n<p><img decoding=\"async\" alt=\"\" height=\"901\" src=\"\/assets\/uploads\/images\/\/Neila\/Oscars%202024%20Anatomie%20d'une%20chute.jpeg\" width=\"658\"><\/p>\n<p>\u00a0<\/p>\n<p><span><span><strong><em><a href=\"https:\/\/www.webdo.tn\/fr\/actualite\/culture\/cannes-2023\/206056\">L&rsquo;ENL\u00c8VEMENT de Marco Bellocchio<\/a><\/em><\/strong> \u2013 Comp\u00e9tition<br \/>\n1 nomination\u00a0:<br \/>\nMeilleur film \u00e9tranger<\/span><\/span><\/p>\n<p><img decoding=\"async\" alt=\"\" height=\"1080\" src=\"\/assets\/uploads\/images\/\/Neila\/Ce%CC%81sars%202024%20Rapito.jpeg\" width=\"810\"><\/p>\n<p>\u00a0<\/p>\n<p><span><span><strong><em>L&rsquo;\u00c9T\u00c9 DERNIER<\/em> de Catherine Breillat<\/strong> \u2013 Comp\u00e9tition<br \/>\n4 nominations\u00a0:<br \/>\nMeilleure actrice<br \/>\nMeilleure adaptation<br \/>\nMeilleure r\u00e9alisation<br \/>\nMeilleure r\u00e9v\u00e9lation masculine<\/span><\/span><\/p>\n<p><img decoding=\"async\" alt=\"\" height=\"900\" src=\"\/assets\/uploads\/images\/\/Neila\/Ce%CC%81sars%202024%20L'e%CC%81te%CC%81%20dernier.jpeg\" width=\"675\"><\/p>\n<p>\u00a0<\/p>\n<p><span><span><span><u><strong><em><a href=\"https:\/\/www.webdo.tn\/fr\/actualite\/culture\/cannes-2023-palmares-palme-d-or-anatomie-d-une-chute\/206119\">LES FEUILLES MORTES de Aki Kaurism\u00e4ki \u2013 Comp\u00e9tition &#8211; Prix du Jury<\/a><\/em><\/strong><\/u><\/span><br \/>\n1 nomination\u00a0:<br \/>\nMeilleur film \u00e9tranger<\/span><\/span><\/p>\n<p><img decoding=\"async\" alt=\"\" height=\"1200\" src=\"\/assets\/uploads\/images\/\/Neila\/Liste%202023%20Les%20feuilles%20mortes.jpeg\" width=\"884\"><\/p>\n<p>\u00a0<\/p>\n<p><span><span><strong><em><a href=\"https:\/\/www.webdo.tn\/fr\/actualite\/culture\/cannes-2023\/206097\">LES FILLES D&rsquo;OLFA de Kaouther Ben Hania<\/a><\/em><\/strong> \u2013 Comp\u00e9tition<br \/>\n1 nomination\u00a0:<br \/>\nMeilleur film documentaire<\/span><\/span><\/p>\n<p><img decoding=\"async\" alt=\"\" height=\"857\" src=\"\/assets\/uploads\/images\/\/Neila\/Liste%202023%20Les%20filles%20d'Olfa.jpeg\" width=\"600\"><\/p>\n<p>\u00a0<\/p>\n<p><span><span><strong><em><a href=\"https:\/\/www.webdo.tn\/fr\/actualite\/culture\/jeanne-du-barry-le-film-de-maiwenn-avec-johnny-depp-va-ouvrir-le-festival-de-cannes-2023\/204608\">JEANNE DU BARRY de Ma\u00efwenn<\/a><\/em><\/strong> &#8211; Hors Comp\u00e9tition \u2013 Film d\u2019ouverture<br \/>\n2 nominations\u00a0:<br \/>\nMeilleurs costumes<br \/>\nMeilleurs d\u00e9cors<\/span><\/span><\/p>\n<p><img decoding=\"async\" alt=\"\" height=\"903\" src=\"\/assets\/uploads\/images\/\/Neila\/Ce%CC%81sars%202024%20Jeanne%20du%20Barry.jpeg\" width=\"666\"><\/p>\n<p>\u00a0<\/p>\n<p><span><span><strong><em>LITTLE GIRL BLUE<\/em> de Mona Achache<\/strong> &#8211; S\u00e9ance Sp\u00e9ciale<br \/>\n3 nominations\u00a0:<br \/>\nMeilleure actrice<br \/>\nMeilleur film documentaire<br \/>\nMeilleur montage<\/span><\/span><\/p>\n<p><img decoding=\"async\" alt=\"\" height=\"899\" src=\"\/assets\/uploads\/images\/\/Neila\/Ce%CC%81sars%202024%20little%20blu%20girl.png\" width=\"661\"><\/p>\n<p>\u00a0<\/p>\n<p><span><span><strong><em>MARS EXPRESS<\/em> de J\u00e9r\u00e9mie P\u00e9rin<\/strong> &#8211; Cin\u00e9ma de la Plage<br \/>\n1 nomination\u00a0:<br \/>\nMeilleur film d&rsquo;animation<\/span><\/span><\/p>\n<p><img decoding=\"async\" alt=\"\" height=\"902\" src=\"\/assets\/uploads\/images\/\/Neila\/Ce%CC%81sars%202024%20Mars%20express.png\" width=\"673\"><\/p>\n<p>\u00a0<\/p>\n<p><span><span><strong><em><a href=\"https:\/\/www.webdo.tn\/fr\/actualite\/culture\/cannes-2023-palmares-palme-d-or-anatomie-d-une-chute\/206119\">LA PASSION DE DODIN BOUFFANT de Tr\u1ea7n Anh H\u00f9ng \u2013 Comp\u00e9tition &#8211; Prix de la mise en sc\u00e8ne<\/a><\/em><\/strong><br \/>\n3 nominations\u00a0:<br \/>\nMeilleurs costumes<br \/>\nMeilleurs d\u00e9cors<br \/>\nMeilleure photo<\/span><\/span><\/p>\n<p><img decoding=\"async\" alt=\"\" height=\"1080\" src=\"\/assets\/uploads\/images\/\/Neila\/Ce%CC%81sars%202024%20La%20passion%20de%20Dodin.jpeg\" width=\"793\"><\/p>\n<p>\u00a0<\/p>\n<p><span><span><strong><em><a href=\"https:\/\/www.webdo.tn\/fr\/actualite\/culture\/cannes-2023-palmares-palme-d-or-anatomie-d-une-chute\/206119\">PERFECT DAYS de Wim Wenders \u2013 Comp\u00e9tition &#8211; Prix d&rsquo;interpr\u00e9tation masculine<\/a><\/em><\/strong><br \/>\n1 nomination\u00a0:<br \/>\nMeilleur film \u00e9tranger<\/span><\/span><\/p>\n<p><img decoding=\"async\" alt=\"\" height=\"1200\" src=\"\/assets\/uploads\/images\/\/Neila\/Ce%CC%81sars%202024%20Perfect%20Days.jpeg\" width=\"881\"><\/p>\n<p>\u00a0<\/p>\n<p><span><span><strong><em>LE R\u00c8GNE ANIMAL<\/em> de Thomas Cailley<\/strong> &#8211; Un Certain Regard<br \/>\n12 nominations\u00a0:<br \/>\nMeilleur acteur<br \/>\nMeilleurs costumes<br \/>\nMeilleurs d\u00e9cors<br \/>\nMeilleurs effets visuels<br \/>\nMeilleur film<br \/>\nMeilleur montage<br \/>\nMeilleure musique originale<br \/>\nMeilleure photo<br \/>\nMeilleure r\u00e9alisation<br \/>\nMeilleure r\u00e9v\u00e9lation masculine<br \/>\nMeilleur sc\u00e9nario original<br \/>\nMeilleur son<\/span><\/span><\/p>\n<p><img decoding=\"async\" alt=\"\" height=\"1080\" src=\"\/assets\/uploads\/images\/\/Neila\/Ce%CC%81sars%202024%20Le%20re%CC%80gne%20animal.jpeg\" width=\"810\"><\/p>\n<p>\u00a0<\/p>\n<p><span><span><strong><em>SIMPLE COMME SYLVAIN<\/em> de Monia Chokri<\/strong> &#8211; Un Certain Regard<br \/>\n1 nomination<br \/>\nMeilleur film \u00e9tranger<\/span><\/span><\/p>\n<p><img decoding=\"async\" alt=\"\" height=\"899\" src=\"\/assets\/uploads\/images\/\/Neila\/Ce%CC%81sars%202024%20Simple%20comme%20Sylvain.jpeg\" width=\"663\"><\/p>\n<p>\u00a0<\/p>\n<p><span><span><strong><em>LE TH\u00c9OR\u00c8ME DE MARGUERITE<\/em> de Anna Novion<\/strong> &#8211; S\u00e9ance Sp\u00e9ciale<br \/>\n2 nominations<br \/>\nMeilleure r\u00e9v\u00e9lation f\u00e9minine<br \/>\nMeilleure r\u00e9v\u00e9lation masculine<\/span><\/span><\/p>\n<p><img decoding=\"async\" alt=\"\" height=\"897\" src=\"\/assets\/uploads\/images\/\/Neila\/Ce%CC%81sars%202024%20Le%20the%CC%81ore%CC%80me%20de%20Marguerite.jpeg\" width=\"659\"><\/p>\n<p>\u00a0<\/p>\n<p><span><span>Le 77e Festival de Cannes aura lieu <a href=\"https:\/\/www.webdo.tn\/fr\/actualite\/culture\/le-festival-de-cannes-devoile-les-dates-de-sa-77e-edition-en-2024\/206399\">du mardi 14 au samedi 25 mai 2024<\/a>.<\/span><\/span><\/p>\n<p><span><span>La S\u00e9lection officielle sera d\u00e9voil\u00e9e mi-avril 2024.<\/span><\/span><\/p>\n<p>\u00a0<\/p>\n<p><span><span><strong>Ne\u00efla Driss<\/strong><\/span><\/span><\/p>\n<\/p><\/div>\n<div class=\"coprs\" style=\"text-align: center\"><\/div><\/div>\n","protected":false},"excerpt":{"rendered":"<p>Les C\u00e9sars 2024 ont d\u00e9voil\u00e9 leurs nominations, et la S\u00e9lection officielle du Festival de Cannes a brillamment marqu\u00e9 son empreinte avec 16 films en lice, totali&#8230;<\/p>\n","protected":false},"author":3164,"featured_media":248147,"comment_status":"open","ping_status":"closed","sticky":false,"template":"","format":"standard","meta":{"footnotes":""},"categories":[2594],"tags":[7127,4181,7128,2626,2627],"class_list":["post-211841","post","type-post","status-publish","format-standard","has-post-thumbnail","hentry","category-culture","tag-cannes-2023","tag-cesars","tag-cesars-2024","tag-cinema","tag-festival-de-cannes"],"yoast_head":"<!-- This site is optimized with the Yoast SEO Premium plugin v27.4 (Yoast SEO v27.4) - https:\/\/yoast.com\/product\/yoast-seo-premium-wordpress\/ -->\n<title>Les films du Festival de Cannes \u00e0 l&#039;honneur aux C\u00e9sars 2024<\/title>\n<meta name=\"description\" content=\"Les C\u00e9sars 2024 ont d\u00e9voil\u00e9 leurs nominations, et la S\u00e9lection officielle du Festival de Cannes a brillamment marqu\u00e9 son empreinte avec 16 films en lice, totali...\" \/>\n<link rel=\"canonical\" href=\"https:\/\/www.webdo.tn\/fr\/actualite\/culture\/les-films-du-festival-de-cannes-a-l-honneur-aux-cesar-2024\/211841\/\" \/>\n<meta property=\"og:locale\" content=\"fr_FR\" \/>\n<meta property=\"og:type\" content=\"article\" \/>\n<meta property=\"og:title\" content=\"Les films du Festival de Cannes \u00e0 l&#039;honneur aux C\u00e9sars 2024\" \/>\n<meta property=\"og:description\" content=\"Les C\u00e9sars 2024 ont d\u00e9voil\u00e9 leurs nominations, et la S\u00e9lection officielle du Festival de Cannes a brillamment marqu\u00e9 son empreinte avec 16 films en lice, totali...\" \/>\n<meta property=\"og:url\" content=\"https:\/\/www.webdo.tn\/fr\/actualite\/culture\/les-films-du-festival-de-cannes-a-l-honneur-aux-cesar-2024\/211841\/\" \/>\n<meta property=\"og:site_name\" content=\"webdo\" \/>\n<meta property=\"article:publisher\" content=\"https:\/\/www.facebook.com\/webdotn\" \/>\n<meta property=\"article:author\" content=\"https:\/\/www.facebook.com\/massir.destiniii\/\" \/>\n<meta property=\"article:published_time\" content=\"2024-01-26T10:59:00+00:00\" \/>\n<meta property=\"article:modified_time\" content=\"2025-05-21T08:56:11+00:00\" \/>\n<meta property=\"og:image\" content=\"https:\/\/www.webdo.tn\/fr\/wp-content\/uploads\/2024\/01\/1c383f7f4a68c4ef444f8dc11f608ef4.jpeg\" \/>\n\t<meta property=\"og:image:width\" content=\"750\" \/>\n\t<meta property=\"og:image:height\" content=\"400\" \/>\n\t<meta property=\"og:image:type\" content=\"image\/jpeg\" \/>\n<meta name=\"author\" content=\"Ne\u00efla DRISS\" \/>\n<meta name=\"twitter:card\" content=\"summary_large_image\" \/>\n<meta name=\"twitter:creator\" content=\"@https:\/\/x.com\/MassirDestin\" \/>\n<meta name=\"twitter:site\" content=\"@webdo_tn\" \/>\n<meta name=\"twitter:label1\" content=\"\u00c9crit par\" \/>\n\t<meta name=\"twitter:data1\" content=\"Ne\u00efla DRISS\" \/>\n\t<meta name=\"twitter:label2\" content=\"Dur\u00e9e de lecture estim\u00e9e\" \/>\n\t<meta name=\"twitter:data2\" content=\"5 minutes\" \/>\n<script type=\"application\/ld+json\" class=\"yoast-schema-graph\">{\"@context\":\"https:\\\/\\\/schema.org\",\"@graph\":[{\"@type\":\"NewsArticle\",\"@id\":\"https:\\\/\\\/www.webdo.tn\\\/fr\\\/actualite\\\/culture\\\/les-films-du-festival-de-cannes-a-l-honneur-aux-cesar-2024\\\/211841\\\/#article\",\"isPartOf\":{\"@id\":\"https:\\\/\\\/www.webdo.tn\\\/fr\\\/actualite\\\/culture\\\/les-films-du-festival-de-cannes-a-l-honneur-aux-cesar-2024\\\/211841\\\/\"},\"author\":{\"name\":\"Ne\u00efla DRISS\",\"@id\":\"https:\\\/\\\/www.webdo.tn\\\/fr\\\/#\\\/schema\\\/person\\\/60d5ba619ed3f58783b0dc82b7dada80\"},\"headline\":\"Les films du Festival de Cannes \u00e0 l&rsquo;honneur aux C\u00e9sars 2024\",\"datePublished\":\"2024-01-26T10:59:00+00:00\",\"dateModified\":\"2025-05-21T08:56:11+00:00\",\"mainEntityOfPage\":{\"@id\":\"https:\\\/\\\/www.webdo.tn\\\/fr\\\/actualite\\\/culture\\\/les-films-du-festival-de-cannes-a-l-honneur-aux-cesar-2024\\\/211841\\\/\"},\"wordCount\":1061,\"commentCount\":0,\"publisher\":{\"@id\":\"https:\\\/\\\/www.webdo.tn\\\/fr\\\/#organization\"},\"image\":{\"@id\":\"https:\\\/\\\/www.webdo.tn\\\/fr\\\/actualite\\\/culture\\\/les-films-du-festival-de-cannes-a-l-honneur-aux-cesar-2024\\\/211841\\\/#primaryimage\"},\"thumbnailUrl\":\"https:\\\/\\\/www.webdo.tn\\\/fr\\\/wp-content\\\/uploads\\\/2024\\\/01\\\/1c383f7f4a68c4ef444f8dc11f608ef4.jpeg\",\"keywords\":[\"Cannes 2023\",\"C\u00e9sars\",\"C\u00e9sars 2024\",\"Cin\u00e9ma\",\"Festival de Cannes\"],\"articleSection\":[\"Culture\"],\"inLanguage\":\"fr-FR\"},{\"@type\":\"WebPage\",\"@id\":\"https:\\\/\\\/www.webdo.tn\\\/fr\\\/actualite\\\/culture\\\/les-films-du-festival-de-cannes-a-l-honneur-aux-cesar-2024\\\/211841\\\/\",\"url\":\"https:\\\/\\\/www.webdo.tn\\\/fr\\\/actualite\\\/culture\\\/les-films-du-festival-de-cannes-a-l-honneur-aux-cesar-2024\\\/211841\\\/\",\"name\":\"Les films du Festival de Cannes \u00e0 l'honneur aux C\u00e9sars 2024\",\"isPartOf\":{\"@id\":\"https:\\\/\\\/www.webdo.tn\\\/fr\\\/#website\"},\"primaryImageOfPage\":{\"@id\":\"https:\\\/\\\/www.webdo.tn\\\/fr\\\/actualite\\\/culture\\\/les-films-du-festival-de-cannes-a-l-honneur-aux-cesar-2024\\\/211841\\\/#primaryimage\"},\"image\":{\"@id\":\"https:\\\/\\\/www.webdo.tn\\\/fr\\\/actualite\\\/culture\\\/les-films-du-festival-de-cannes-a-l-honneur-aux-cesar-2024\\\/211841\\\/#primaryimage\"},\"thumbnailUrl\":\"https:\\\/\\\/www.webdo.tn\\\/fr\\\/wp-content\\\/uploads\\\/2024\\\/01\\\/1c383f7f4a68c4ef444f8dc11f608ef4.jpeg\",\"datePublished\":\"2024-01-26T10:59:00+00:00\",\"dateModified\":\"2025-05-21T08:56:11+00:00\",\"description\":\"Les C\u00e9sars 2024 ont d\u00e9voil\u00e9 leurs nominations, et la S\u00e9lection officielle du Festival de Cannes a brillamment marqu\u00e9 son empreinte avec 16 films en lice, totali...\",\"breadcrumb\":{\"@id\":\"https:\\\/\\\/www.webdo.tn\\\/fr\\\/actualite\\\/culture\\\/les-films-du-festival-de-cannes-a-l-honneur-aux-cesar-2024\\\/211841\\\/#breadcrumb\"},\"inLanguage\":\"fr-FR\",\"potentialAction\":[{\"@type\":\"ReadAction\",\"target\":[\"https:\\\/\\\/www.webdo.tn\\\/fr\\\/actualite\\\/culture\\\/les-films-du-festival-de-cannes-a-l-honneur-aux-cesar-2024\\\/211841\\\/\"]}]},{\"@type\":\"ImageObject\",\"inLanguage\":\"fr-FR\",\"@id\":\"https:\\\/\\\/www.webdo.tn\\\/fr\\\/actualite\\\/culture\\\/les-films-du-festival-de-cannes-a-l-honneur-aux-cesar-2024\\\/211841\\\/#primaryimage\",\"url\":\"https:\\\/\\\/www.webdo.tn\\\/fr\\\/wp-content\\\/uploads\\\/2024\\\/01\\\/1c383f7f4a68c4ef444f8dc11f608ef4.jpeg\",\"contentUrl\":\"https:\\\/\\\/www.webdo.tn\\\/fr\\\/wp-content\\\/uploads\\\/2024\\\/01\\\/1c383f7f4a68c4ef444f8dc11f608ef4.jpeg\",\"width\":750,\"height\":400,\"caption\":\"Les films du Festival de Cannes \u00e0 l'honneur aux C\u00e9sars 2024\"},{\"@type\":\"BreadcrumbList\",\"@id\":\"https:\\\/\\\/www.webdo.tn\\\/fr\\\/actualite\\\/culture\\\/les-films-du-festival-de-cannes-a-l-honneur-aux-cesar-2024\\\/211841\\\/#breadcrumb\",\"itemListElement\":[{\"@type\":\"ListItem\",\"position\":1,\"name\":\"Accueil\",\"item\":\"https:\\\/\\\/www.webdo.tn\\\/fr\\\/\"},{\"@type\":\"ListItem\",\"position\":2,\"name\":\"Les films du Festival de Cannes \u00e0 l&rsquo;honneur aux C\u00e9sars 2024\"}]},{\"@type\":\"WebSite\",\"@id\":\"https:\\\/\\\/www.webdo.tn\\\/fr\\\/#website\",\"url\":\"https:\\\/\\\/www.webdo.tn\\\/fr\\\/\",\"name\":\"webdo\",\"description\":\"Tunisie - News en Tunisie et \u00e0 l&#039;international sur Webdo.tn\",\"publisher\":{\"@id\":\"https:\\\/\\\/www.webdo.tn\\\/fr\\\/#organization\"},\"potentialAction\":[{\"@type\":\"SearchAction\",\"target\":{\"@type\":\"EntryPoint\",\"urlTemplate\":\"https:\\\/\\\/www.webdo.tn\\\/fr\\\/?s={search_term_string}\"},\"query-input\":{\"@type\":\"PropertyValueSpecification\",\"valueRequired\":true,\"valueName\":\"search_term_string\"}}],\"inLanguage\":\"fr-FR\"},{\"@type\":\"Organization\",\"@id\":\"https:\\\/\\\/www.webdo.tn\\\/fr\\\/#organization\",\"name\":\"Webdo\",\"alternateName\":\"Webdo.tn\",\"url\":\"https:\\\/\\\/www.webdo.tn\\\/fr\\\/\",\"logo\":{\"@type\":\"ImageObject\",\"inLanguage\":\"fr-FR\",\"@id\":\"https:\\\/\\\/www.webdo.tn\\\/fr\\\/#\\\/schema\\\/logo\\\/image\\\/\",\"url\":\"https:\\\/\\\/www.webdo.tn\\\/fr\\\/wp-content\\\/uploads\\\/2025\\\/06\\\/Webdo-Tunisie_168377.jpg\",\"contentUrl\":\"https:\\\/\\\/www.webdo.tn\\\/fr\\\/wp-content\\\/uploads\\\/2025\\\/06\\\/Webdo-Tunisie_168377.jpg\",\"width\":301,\"height\":301,\"caption\":\"Webdo\"},\"image\":{\"@id\":\"https:\\\/\\\/www.webdo.tn\\\/fr\\\/#\\\/schema\\\/logo\\\/image\\\/\"},\"sameAs\":[\"https:\\\/\\\/www.facebook.com\\\/webdotn\",\"https:\\\/\\\/x.com\\\/webdo_tn\"],\"description\":\"Webdo est un m\u00e9dia num\u00e9rique tunisien fond\u00e9 en 2010, sp\u00e9cialis\u00e9 dans l\u2019actualit\u00e9 nationale et internationale, l\u2019\u00e9conomie, la soci\u00e9t\u00e9 et les analyses politiques. Le site s\u2019adresse \u00e0 un large public francophone et couvre l\u2019information tunisienne en temps r\u00e9el.\",\"email\":\"redac@webdo.tn\",\"legalName\":\"YNJ SARL\",\"foundingDate\":\"2010-09-06\",\"numberOfEmployees\":{\"@type\":\"QuantitativeValue\",\"minValue\":\"11\",\"maxValue\":\"50\"}},{\"@type\":\"Person\",\"@id\":\"https:\\\/\\\/www.webdo.tn\\\/fr\\\/#\\\/schema\\\/person\\\/60d5ba619ed3f58783b0dc82b7dada80\",\"name\":\"Ne\u00efla DRISS\",\"image\":{\"@type\":\"ImageObject\",\"inLanguage\":\"fr-FR\",\"@id\":\"https:\\\/\\\/www.webdo.tn\\\/fr\\\/wp-content\\\/uploads\\\/2026\\\/04\\\/neila-driss_avatar-96x96.jpg\",\"url\":\"https:\\\/\\\/www.webdo.tn\\\/fr\\\/wp-content\\\/uploads\\\/2026\\\/04\\\/neila-driss_avatar-96x96.jpg\",\"contentUrl\":\"https:\\\/\\\/www.webdo.tn\\\/fr\\\/wp-content\\\/uploads\\\/2026\\\/04\\\/neila-driss_avatar-96x96.jpg\",\"caption\":\"Ne\u00efla DRISS\"},\"description\":\"Ne\u00efla Driss est juriste, journaliste culturelle et critique de cin\u00e9ma tunisienne. Titulaire d\u2019un DEA en droit priv\u00e9 de l\u2019Universit\u00e9 Paris II et d\u2019un DESS de l\u2019IHEC Carthage, elle d\u00e9bute sa carri\u00e8re comme juriste sp\u00e9cialis\u00e9e en gestion de patrimoine immobilier. Elle s\u2019oriente ensuite vers l\u2019\u00e9criture en ligne, o\u00f9 elle se distingue d\u00e8s 2006 aux Tunisia Blog Awards, avant de se consacrer au journalisme culturel, avec une sp\u00e9cialisation dans la critique cin\u00e9matographique. Elle couvre r\u00e9guli\u00e8rement les grands festivals internationaux, notamment le Festival de Cannes, les Journ\u00e9es Cin\u00e9matographiques de Carthage et le Festival du film du Caire. Membre de l\u2019ATPCC et de la FIPRESCI, elle participe \u00e0 des jurys et initiatives internationales de critique. Depuis 2024, elle est \u00e9lectrice internationale aux Golden Globes. Facebook : https:\\\/\\\/www.facebook.com\\\/massir.destiniii\\\/ X : https:\\\/\\\/x.com\\\/MassirDestin\",\"sameAs\":[\"https:\\\/\\\/www.facebook.com\\\/massir.destiniii\\\/\",\"https:\\\/\\\/www.instagram.com\\\/neila.driss\\\/?hl=fr\",\"https:\\\/\\\/www.linkedin.com\\\/in\\\/neila-driss-22606a80\\\/\",\"https:\\\/\\\/x.com\\\/https:\\\/\\\/x.com\\\/MassirDestin\"],\"knowsAbout\":[\"Cin\u00e9ma international\",\"critique cin\u00e9matographique\",\"festivals de cin\u00e9ma\",\"journalisme culturel\"],\"knowsLanguage\":[\"Fran\u00e7ais\",\"Arabe\",\"Anglais\"],\"jobTitle\":\"Journaliste culturelle et critique de cin\u00e9ma\",\"worksFor\":\"Webdo\",\"url\":\"https:\\\/\\\/www.webdo.tn\\\/fr\\\/actualite\\\/author\\\/neila-driss\\\/\"}]}<\/script>\n<!-- \/ Yoast SEO Premium plugin. -->","yoast_head_json":{"title":"Les films du Festival de Cannes \u00e0 l'honneur aux C\u00e9sars 2024","description":"Les C\u00e9sars 2024 ont d\u00e9voil\u00e9 leurs nominations, et la S\u00e9lection officielle du Festival de Cannes a brillamment marqu\u00e9 son empreinte avec 16 films en lice, totali...","canonical":"https:\/\/www.webdo.tn\/fr\/actualite\/culture\/les-films-du-festival-de-cannes-a-l-honneur-aux-cesar-2024\/211841\/","og_locale":"fr_FR","og_type":"article","og_title":"Les films du Festival de Cannes \u00e0 l'honneur aux C\u00e9sars 2024","og_description":"Les C\u00e9sars 2024 ont d\u00e9voil\u00e9 leurs nominations, et la S\u00e9lection officielle du Festival de Cannes a brillamment marqu\u00e9 son empreinte avec 16 films en lice, totali...","og_url":"https:\/\/www.webdo.tn\/fr\/actualite\/culture\/les-films-du-festival-de-cannes-a-l-honneur-aux-cesar-2024\/211841\/","og_site_name":"webdo","article_publisher":"https:\/\/www.facebook.com\/webdotn","article_author":"https:\/\/www.facebook.com\/massir.destiniii\/","article_published_time":"2024-01-26T10:59:00+00:00","article_modified_time":"2025-05-21T08:56:11+00:00","og_image":[{"width":750,"height":400,"url":"https:\/\/www.webdo.tn\/fr\/wp-content\/uploads\/2024\/01\/1c383f7f4a68c4ef444f8dc11f608ef4.jpeg","type":"image\/jpeg"}],"author":"Ne\u00efla DRISS","twitter_card":"summary_large_image","twitter_creator":"@https:\/\/x.com\/MassirDestin","twitter_site":"@webdo_tn","twitter_misc":{"\u00c9crit par":"Ne\u00efla DRISS","Dur\u00e9e de lecture estim\u00e9e":"5 minutes"},"schema":{"@context":"https:\/\/schema.org","@graph":[{"@type":"NewsArticle","@id":"https:\/\/www.webdo.tn\/fr\/actualite\/culture\/les-films-du-festival-de-cannes-a-l-honneur-aux-cesar-2024\/211841\/#article","isPartOf":{"@id":"https:\/\/www.webdo.tn\/fr\/actualite\/culture\/les-films-du-festival-de-cannes-a-l-honneur-aux-cesar-2024\/211841\/"},"author":{"name":"Ne\u00efla DRISS","@id":"https:\/\/www.webdo.tn\/fr\/#\/schema\/person\/60d5ba619ed3f58783b0dc82b7dada80"},"headline":"Les films du Festival de Cannes \u00e0 l&rsquo;honneur aux C\u00e9sars 2024","datePublished":"2024-01-26T10:59:00+00:00","dateModified":"2025-05-21T08:56:11+00:00","mainEntityOfPage":{"@id":"https:\/\/www.webdo.tn\/fr\/actualite\/culture\/les-films-du-festival-de-cannes-a-l-honneur-aux-cesar-2024\/211841\/"},"wordCount":1061,"commentCount":0,"publisher":{"@id":"https:\/\/www.webdo.tn\/fr\/#organization"},"image":{"@id":"https:\/\/www.webdo.tn\/fr\/actualite\/culture\/les-films-du-festival-de-cannes-a-l-honneur-aux-cesar-2024\/211841\/#primaryimage"},"thumbnailUrl":"https:\/\/www.webdo.tn\/fr\/wp-content\/uploads\/2024\/01\/1c383f7f4a68c4ef444f8dc11f608ef4.jpeg","keywords":["Cannes 2023","C\u00e9sars","C\u00e9sars 2024","Cin\u00e9ma","Festival de Cannes"],"articleSection":["Culture"],"inLanguage":"fr-FR"},{"@type":"WebPage","@id":"https:\/\/www.webdo.tn\/fr\/actualite\/culture\/les-films-du-festival-de-cannes-a-l-honneur-aux-cesar-2024\/211841\/","url":"https:\/\/www.webdo.tn\/fr\/actualite\/culture\/les-films-du-festival-de-cannes-a-l-honneur-aux-cesar-2024\/211841\/","name":"Les films du Festival de Cannes \u00e0 l'honneur aux C\u00e9sars 2024","isPartOf":{"@id":"https:\/\/www.webdo.tn\/fr\/#website"},"primaryImageOfPage":{"@id":"https:\/\/www.webdo.tn\/fr\/actualite\/culture\/les-films-du-festival-de-cannes-a-l-honneur-aux-cesar-2024\/211841\/#primaryimage"},"image":{"@id":"https:\/\/www.webdo.tn\/fr\/actualite\/culture\/les-films-du-festival-de-cannes-a-l-honneur-aux-cesar-2024\/211841\/#primaryimage"},"thumbnailUrl":"https:\/\/www.webdo.tn\/fr\/wp-content\/uploads\/2024\/01\/1c383f7f4a68c4ef444f8dc11f608ef4.jpeg","datePublished":"2024-01-26T10:59:00+00:00","dateModified":"2025-05-21T08:56:11+00:00","description":"Les C\u00e9sars 2024 ont d\u00e9voil\u00e9 leurs nominations, et la S\u00e9lection officielle du Festival de Cannes a brillamment marqu\u00e9 son empreinte avec 16 films en lice, totali...","breadcrumb":{"@id":"https:\/\/www.webdo.tn\/fr\/actualite\/culture\/les-films-du-festival-de-cannes-a-l-honneur-aux-cesar-2024\/211841\/#breadcrumb"},"inLanguage":"fr-FR","potentialAction":[{"@type":"ReadAction","target":["https:\/\/www.webdo.tn\/fr\/actualite\/culture\/les-films-du-festival-de-cannes-a-l-honneur-aux-cesar-2024\/211841\/"]}]},{"@type":"ImageObject","inLanguage":"fr-FR","@id":"https:\/\/www.webdo.tn\/fr\/actualite\/culture\/les-films-du-festival-de-cannes-a-l-honneur-aux-cesar-2024\/211841\/#primaryimage","url":"https:\/\/www.webdo.tn\/fr\/wp-content\/uploads\/2024\/01\/1c383f7f4a68c4ef444f8dc11f608ef4.jpeg","contentUrl":"https:\/\/www.webdo.tn\/fr\/wp-content\/uploads\/2024\/01\/1c383f7f4a68c4ef444f8dc11f608ef4.jpeg","width":750,"height":400,"caption":"Les films du Festival de Cannes \u00e0 l'honneur aux C\u00e9sars 2024"},{"@type":"BreadcrumbList","@id":"https:\/\/www.webdo.tn\/fr\/actualite\/culture\/les-films-du-festival-de-cannes-a-l-honneur-aux-cesar-2024\/211841\/#breadcrumb","itemListElement":[{"@type":"ListItem","position":1,"name":"Accueil","item":"https:\/\/www.webdo.tn\/fr\/"},{"@type":"ListItem","position":2,"name":"Les films du Festival de Cannes \u00e0 l&rsquo;honneur aux C\u00e9sars 2024"}]},{"@type":"WebSite","@id":"https:\/\/www.webdo.tn\/fr\/#website","url":"https:\/\/www.webdo.tn\/fr\/","name":"webdo","description":"Tunisie - News en Tunisie et \u00e0 l&#039;international sur Webdo.tn","publisher":{"@id":"https:\/\/www.webdo.tn\/fr\/#organization"},"potentialAction":[{"@type":"SearchAction","target":{"@type":"EntryPoint","urlTemplate":"https:\/\/www.webdo.tn\/fr\/?s={search_term_string}"},"query-input":{"@type":"PropertyValueSpecification","valueRequired":true,"valueName":"search_term_string"}}],"inLanguage":"fr-FR"},{"@type":"Organization","@id":"https:\/\/www.webdo.tn\/fr\/#organization","name":"Webdo","alternateName":"Webdo.tn","url":"https:\/\/www.webdo.tn\/fr\/","logo":{"@type":"ImageObject","inLanguage":"fr-FR","@id":"https:\/\/www.webdo.tn\/fr\/#\/schema\/logo\/image\/","url":"https:\/\/www.webdo.tn\/fr\/wp-content\/uploads\/2025\/06\/Webdo-Tunisie_168377.jpg","contentUrl":"https:\/\/www.webdo.tn\/fr\/wp-content\/uploads\/2025\/06\/Webdo-Tunisie_168377.jpg","width":301,"height":301,"caption":"Webdo"},"image":{"@id":"https:\/\/www.webdo.tn\/fr\/#\/schema\/logo\/image\/"},"sameAs":["https:\/\/www.facebook.com\/webdotn","https:\/\/x.com\/webdo_tn"],"description":"Webdo est un m\u00e9dia num\u00e9rique tunisien fond\u00e9 en 2010, sp\u00e9cialis\u00e9 dans l\u2019actualit\u00e9 nationale et internationale, l\u2019\u00e9conomie, la soci\u00e9t\u00e9 et les analyses politiques. Le site s\u2019adresse \u00e0 un large public francophone et couvre l\u2019information tunisienne en temps r\u00e9el.","email":"redac@webdo.tn","legalName":"YNJ SARL","foundingDate":"2010-09-06","numberOfEmployees":{"@type":"QuantitativeValue","minValue":"11","maxValue":"50"}},{"@type":"Person","@id":"https:\/\/www.webdo.tn\/fr\/#\/schema\/person\/60d5ba619ed3f58783b0dc82b7dada80","name":"Ne\u00efla DRISS","image":{"@type":"ImageObject","inLanguage":"fr-FR","@id":"https:\/\/www.webdo.tn\/fr\/wp-content\/uploads\/2026\/04\/neila-driss_avatar-96x96.jpg","url":"https:\/\/www.webdo.tn\/fr\/wp-content\/uploads\/2026\/04\/neila-driss_avatar-96x96.jpg","contentUrl":"https:\/\/www.webdo.tn\/fr\/wp-content\/uploads\/2026\/04\/neila-driss_avatar-96x96.jpg","caption":"Ne\u00efla DRISS"},"description":"Ne\u00efla Driss est juriste, journaliste culturelle et critique de cin\u00e9ma tunisienne. Titulaire d\u2019un DEA en droit priv\u00e9 de l\u2019Universit\u00e9 Paris II et d\u2019un DESS de l\u2019IHEC Carthage, elle d\u00e9bute sa carri\u00e8re comme juriste sp\u00e9cialis\u00e9e en gestion de patrimoine immobilier. Elle s\u2019oriente ensuite vers l\u2019\u00e9criture en ligne, o\u00f9 elle se distingue d\u00e8s 2006 aux Tunisia Blog Awards, avant de se consacrer au journalisme culturel, avec une sp\u00e9cialisation dans la critique cin\u00e9matographique. Elle couvre r\u00e9guli\u00e8rement les grands festivals internationaux, notamment le Festival de Cannes, les Journ\u00e9es Cin\u00e9matographiques de Carthage et le Festival du film du Caire. Membre de l\u2019ATPCC et de la FIPRESCI, elle participe \u00e0 des jurys et initiatives internationales de critique. Depuis 2024, elle est \u00e9lectrice internationale aux Golden Globes. Facebook : https:\/\/www.facebook.com\/massir.destiniii\/ X : https:\/\/x.com\/MassirDestin","sameAs":["https:\/\/www.facebook.com\/massir.destiniii\/","https:\/\/www.instagram.com\/neila.driss\/?hl=fr","https:\/\/www.linkedin.com\/in\/neila-driss-22606a80\/","https:\/\/x.com\/https:\/\/x.com\/MassirDestin"],"knowsAbout":["Cin\u00e9ma international","critique cin\u00e9matographique","festivals de cin\u00e9ma","journalisme culturel"],"knowsLanguage":["Fran\u00e7ais","Arabe","Anglais"],"jobTitle":"Journaliste culturelle et critique de cin\u00e9ma","worksFor":"Webdo","url":"https:\/\/www.webdo.tn\/fr\/actualite\/author\/neila-driss\/"}]}},"_links":{"self":[{"href":"https:\/\/www.webdo.tn\/fr\/wp-json\/wp\/v2\/posts\/211841","targetHints":{"allow":["GET"]}}],"collection":[{"href":"https:\/\/www.webdo.tn\/fr\/wp-json\/wp\/v2\/posts"}],"about":[{"href":"https:\/\/www.webdo.tn\/fr\/wp-json\/wp\/v2\/types\/post"}],"author":[{"embeddable":true,"href":"https:\/\/www.webdo.tn\/fr\/wp-json\/wp\/v2\/users\/3164"}],"replies":[{"embeddable":true,"href":"https:\/\/www.webdo.tn\/fr\/wp-json\/wp\/v2\/comments?post=211841"}],"version-history":[{"count":0,"href":"https:\/\/www.webdo.tn\/fr\/wp-json\/wp\/v2\/posts\/211841\/revisions"}],"wp:featuredmedia":[{"embeddable":true,"href":"https:\/\/www.webdo.tn\/fr\/wp-json\/wp\/v2\/media\/248147"}],"wp:attachment":[{"href":"https:\/\/www.webdo.tn\/fr\/wp-json\/wp\/v2\/media?parent=211841"}],"wp:term":[{"taxonomy":"category","embeddable":true,"href":"https:\/\/www.webdo.tn\/fr\/wp-json\/wp\/v2\/categories?post=211841"},{"taxonomy":"post_tag","embeddable":true,"href":"https:\/\/www.webdo.tn\/fr\/wp-json\/wp\/v2\/tags?post=211841"}],"curies":[{"name":"wp","href":"https:\/\/api.w.org\/{rel}","templated":true}]}}