{"id":211830,"date":"2024-01-25T19:34:00","date_gmt":"2024-01-25T19:34:00","guid":{"rendered":"https:\/\/www.webdo.tn\/fr\/blog\/gaza-25-700-martyrs-au-111eme-jour-de-guerre\/211830\/"},"modified":"2025-05-20T22:52:55","modified_gmt":"2025-05-20T22:52:55","slug":"gaza-25-700-martyrs-au-111eme-jour-de-guerre","status":"publish","type":"post","link":"https:\/\/www.webdo.tn\/fr\/actualite\/international\/gaza-25-700-martyrs-au-111eme-jour-de-guerre\/211830\/","title":{"rendered":"Gaza : 25 700 martyrs au 111\u00e8me jour de guerre"},"content":{"rendered":"<p>Le bilan des attaques sionistes ciblant la bande de Gaza s&rsquo;alourdit pour atteindre au moins 25 700 morts \u00e0 ce jour et plus de 63 000 bless\u00e9s.\u00a0<\/p>\n<p>\t\t\t\t\t\t\t\t\tLes combats s\u2019intensifient \u00e0 Rafah et \u00e0 Khan Youn\u00e8s o\u00f9 des dizaines de personnes sont tomb\u00e9es entre martyrs et bless\u00e9s ce jeudi 25 janvier 2024.<\/p>\n<p>En effet, \u00e0 Khan Youn\u00e8s au moins neuf personnes ont \u00e9t\u00e9 tu\u00e9es par des tirs de chars isra\u00e9liens, perp\u00e9tr\u00e9s contre un centre de formation g\u00e9r\u00e9 par les Nations Unies, et o\u00f9 des milliers de Palestiniens avaient trouv\u00e9 refuge.<\/p>\n<p>A Khan Youn\u00e8s ces bombardements isra\u00e9liens ont fait 125 martyrs dans la nuit de mardi \u00e0 mercredi selon le minist\u00e8re de la sant\u00e9 \u00e0 Gaza.<\/p>\n","protected":false},"excerpt":{"rendered":"<p>Les combats s\u2019intensifient \u00e0 Rafah et \u00e0 Khan Youn\u00e8s o\u00f9 des dizaines de personnes sont tomb\u00e9es entre martyrs et bless\u00e9s ce jeudi 25 janvier 2024.<\/p>\n","protected":false},"author":3175,"featured_media":290135,"comment_status":"open","ping_status":"closed","sticky":false,"template":"","format":"standard","meta":{"footnotes":""},"categories":[2598],"tags":[2689,2600],"class_list":["post-211830","post","type-post","status-publish","format-standard","has-post-thumbnail","hentry","category-international","tag-gaza","tag-guerre"],"yoast_head":"<!-- This site is optimized with the Yoast SEO Premium plugin v27.4 (Yoast SEO v27.4) - https:\/\/yoast.com\/product\/yoast-seo-premium-wordpress\/ -->\n<title>Gaza : 25 700 martyrs au 111\u00e8me jour de guerre<\/title>\n<meta name=\"description\" content=\"Les combats s\u2019intensifient \u00e0 Rafah et \u00e0 Khan Youn\u00e8s o\u00f9 des dizaines de personnes sont tomb\u00e9es entre martyrs et bless\u00e9s ce jeudi 25 janvier 2024.\" \/>\n<link rel=\"canonical\" href=\"https:\/\/www.webdo.tn\/fr\/actualite\/international\/gaza-25-700-martyrs-au-111eme-jour-de-guerre\/211830\/\" \/>\n<meta property=\"og:locale\" content=\"fr_FR\" \/>\n<meta property=\"og:type\" content=\"article\" \/>\n<meta property=\"og:title\" content=\"Gaza : 25 700 martyrs au 111\u00e8me jour de guerre\" \/>\n<meta property=\"og:description\" content=\"Les combats s\u2019intensifient \u00e0 Rafah et \u00e0 Khan Youn\u00e8s o\u00f9 des dizaines de personnes sont tomb\u00e9es entre martyrs et bless\u00e9s ce jeudi 25 janvier 2024.\" \/>\n<meta property=\"og:url\" content=\"https:\/\/www.webdo.tn\/fr\/actualite\/international\/gaza-25-700-martyrs-au-111eme-jour-de-guerre\/211830\/\" \/>\n<meta property=\"og:site_name\" content=\"webdo\" \/>\n<meta property=\"article:publisher\" content=\"https:\/\/www.facebook.com\/webdotn\" \/>\n<meta property=\"article:published_time\" content=\"2024-01-25T19:34:00+00:00\" \/>\n<meta property=\"article:modified_time\" content=\"2025-05-20T22:52:55+00:00\" \/>\n<meta property=\"og:image\" content=\"https:\/\/www.webdo.tn\/fr\/wp-content\/uploads\/2024\/01\/8705321be2e02e2f1536b9d17b92056e.jpg\" \/>\n\t<meta property=\"og:image:width\" content=\"700\" \/>\n\t<meta property=\"og:image:height\" content=\"373\" \/>\n\t<meta property=\"og:image:type\" content=\"image\/jpeg\" \/>\n<meta name=\"author\" content=\"CL\" \/>\n<meta name=\"twitter:card\" content=\"summary_large_image\" \/>\n<meta name=\"twitter:creator\" content=\"@webdo_tn\" \/>\n<meta name=\"twitter:site\" content=\"@webdo_tn\" \/>\n<meta name=\"twitter:label1\" content=\"\u00c9crit par\" \/>\n\t<meta name=\"twitter:data1\" content=\"CL\" \/>\n\t<meta name=\"twitter:label2\" content=\"Dur\u00e9e de lecture estim\u00e9e\" \/>\n\t<meta name=\"twitter:data2\" content=\"1 minute\" \/>\n<script type=\"application\/ld+json\" class=\"yoast-schema-graph\">{\"@context\":\"https:\\\/\\\/schema.org\",\"@graph\":[{\"@type\":\"NewsArticle\",\"@id\":\"https:\\\/\\\/www.webdo.tn\\\/fr\\\/actualite\\\/international\\\/gaza-25-700-martyrs-au-111eme-jour-de-guerre\\\/211830\\\/#article\",\"isPartOf\":{\"@id\":\"https:\\\/\\\/www.webdo.tn\\\/fr\\\/actualite\\\/international\\\/gaza-25-700-martyrs-au-111eme-jour-de-guerre\\\/211830\\\/\"},\"author\":{\"name\":\"CL\",\"@id\":\"https:\\\/\\\/www.webdo.tn\\\/fr\\\/#\\\/schema\\\/person\\\/f35b42a42c5e2511bbd282959d6385cc\"},\"headline\":\"Gaza : 25 700 martyrs au 111\u00e8me jour de guerre\",\"datePublished\":\"2024-01-25T19:34:00+00:00\",\"dateModified\":\"2025-05-20T22:52:55+00:00\",\"mainEntityOfPage\":{\"@id\":\"https:\\\/\\\/www.webdo.tn\\\/fr\\\/actualite\\\/international\\\/gaza-25-700-martyrs-au-111eme-jour-de-guerre\\\/211830\\\/\"},\"wordCount\":124,\"commentCount\":0,\"publisher\":{\"@id\":\"https:\\\/\\\/www.webdo.tn\\\/fr\\\/#organization\"},\"image\":{\"@id\":\"https:\\\/\\\/www.webdo.tn\\\/fr\\\/actualite\\\/international\\\/gaza-25-700-martyrs-au-111eme-jour-de-guerre\\\/211830\\\/#primaryimage\"},\"thumbnailUrl\":\"https:\\\/\\\/www.webdo.tn\\\/fr\\\/wp-content\\\/uploads\\\/2024\\\/01\\\/8705321be2e02e2f1536b9d17b92056e.jpg\",\"keywords\":[\"Gaza\",\"guerre\"],\"articleSection\":[\"International\"],\"inLanguage\":\"fr-FR\"},{\"@type\":\"WebPage\",\"@id\":\"https:\\\/\\\/www.webdo.tn\\\/fr\\\/actualite\\\/international\\\/gaza-25-700-martyrs-au-111eme-jour-de-guerre\\\/211830\\\/\",\"url\":\"https:\\\/\\\/www.webdo.tn\\\/fr\\\/actualite\\\/international\\\/gaza-25-700-martyrs-au-111eme-jour-de-guerre\\\/211830\\\/\",\"name\":\"Gaza : 25 700 martyrs au 111\u00e8me jour de guerre\",\"isPartOf\":{\"@id\":\"https:\\\/\\\/www.webdo.tn\\\/fr\\\/#website\"},\"primaryImageOfPage\":{\"@id\":\"https:\\\/\\\/www.webdo.tn\\\/fr\\\/actualite\\\/international\\\/gaza-25-700-martyrs-au-111eme-jour-de-guerre\\\/211830\\\/#primaryimage\"},\"image\":{\"@id\":\"https:\\\/\\\/www.webdo.tn\\\/fr\\\/actualite\\\/international\\\/gaza-25-700-martyrs-au-111eme-jour-de-guerre\\\/211830\\\/#primaryimage\"},\"thumbnailUrl\":\"https:\\\/\\\/www.webdo.tn\\\/fr\\\/wp-content\\\/uploads\\\/2024\\\/01\\\/8705321be2e02e2f1536b9d17b92056e.jpg\",\"datePublished\":\"2024-01-25T19:34:00+00:00\",\"dateModified\":\"2025-05-20T22:52:55+00:00\",\"description\":\"Les combats s\u2019intensifient \u00e0 Rafah et \u00e0 Khan Youn\u00e8s o\u00f9 des dizaines de personnes sont tomb\u00e9es entre martyrs et bless\u00e9s ce jeudi 25 janvier 2024.\",\"breadcrumb\":{\"@id\":\"https:\\\/\\\/www.webdo.tn\\\/fr\\\/actualite\\\/international\\\/gaza-25-700-martyrs-au-111eme-jour-de-guerre\\\/211830\\\/#breadcrumb\"},\"inLanguage\":\"fr-FR\",\"potentialAction\":[{\"@type\":\"ReadAction\",\"target\":[\"https:\\\/\\\/www.webdo.tn\\\/fr\\\/actualite\\\/international\\\/gaza-25-700-martyrs-au-111eme-jour-de-guerre\\\/211830\\\/\"]}]},{\"@type\":\"ImageObject\",\"inLanguage\":\"fr-FR\",\"@id\":\"https:\\\/\\\/www.webdo.tn\\\/fr\\\/actualite\\\/international\\\/gaza-25-700-martyrs-au-111eme-jour-de-guerre\\\/211830\\\/#primaryimage\",\"url\":\"https:\\\/\\\/www.webdo.tn\\\/fr\\\/wp-content\\\/uploads\\\/2024\\\/01\\\/8705321be2e02e2f1536b9d17b92056e.jpg\",\"contentUrl\":\"https:\\\/\\\/www.webdo.tn\\\/fr\\\/wp-content\\\/uploads\\\/2024\\\/01\\\/8705321be2e02e2f1536b9d17b92056e.jpg\",\"width\":700,\"height\":373,\"caption\":\"Gaza : 25 700 martyrs au 111\u00e8me jour de guerre\"},{\"@type\":\"BreadcrumbList\",\"@id\":\"https:\\\/\\\/www.webdo.tn\\\/fr\\\/actualite\\\/international\\\/gaza-25-700-martyrs-au-111eme-jour-de-guerre\\\/211830\\\/#breadcrumb\",\"itemListElement\":[{\"@type\":\"ListItem\",\"position\":1,\"name\":\"Accueil\",\"item\":\"https:\\\/\\\/www.webdo.tn\\\/fr\\\/\"},{\"@type\":\"ListItem\",\"position\":2,\"name\":\"Gaza : 25 700 martyrs au 111\u00e8me jour de guerre\"}]},{\"@type\":\"WebSite\",\"@id\":\"https:\\\/\\\/www.webdo.tn\\\/fr\\\/#website\",\"url\":\"https:\\\/\\\/www.webdo.tn\\\/fr\\\/\",\"name\":\"webdo\",\"description\":\"Tunisie - News en Tunisie et \u00e0 l&#039;international sur Webdo.tn\",\"publisher\":{\"@id\":\"https:\\\/\\\/www.webdo.tn\\\/fr\\\/#organization\"},\"potentialAction\":[{\"@type\":\"SearchAction\",\"target\":{\"@type\":\"EntryPoint\",\"urlTemplate\":\"https:\\\/\\\/www.webdo.tn\\\/fr\\\/?s={search_term_string}\"},\"query-input\":{\"@type\":\"PropertyValueSpecification\",\"valueRequired\":true,\"valueName\":\"search_term_string\"}}],\"inLanguage\":\"fr-FR\"},{\"@type\":\"Organization\",\"@id\":\"https:\\\/\\\/www.webdo.tn\\\/fr\\\/#organization\",\"name\":\"Webdo\",\"alternateName\":\"Webdo.tn\",\"url\":\"https:\\\/\\\/www.webdo.tn\\\/fr\\\/\",\"logo\":{\"@type\":\"ImageObject\",\"inLanguage\":\"fr-FR\",\"@id\":\"https:\\\/\\\/www.webdo.tn\\\/fr\\\/#\\\/schema\\\/logo\\\/image\\\/\",\"url\":\"https:\\\/\\\/www.webdo.tn\\\/fr\\\/wp-content\\\/uploads\\\/2025\\\/06\\\/Webdo-Tunisie_168377.jpg\",\"contentUrl\":\"https:\\\/\\\/www.webdo.tn\\\/fr\\\/wp-content\\\/uploads\\\/2025\\\/06\\\/Webdo-Tunisie_168377.jpg\",\"width\":301,\"height\":301,\"caption\":\"Webdo\"},\"image\":{\"@id\":\"https:\\\/\\\/www.webdo.tn\\\/fr\\\/#\\\/schema\\\/logo\\\/image\\\/\"},\"sameAs\":[\"https:\\\/\\\/www.facebook.com\\\/webdotn\",\"https:\\\/\\\/x.com\\\/webdo_tn\"],\"description\":\"Webdo est un m\u00e9dia num\u00e9rique tunisien fond\u00e9 en 2010, sp\u00e9cialis\u00e9 dans l\u2019actualit\u00e9 nationale et internationale, l\u2019\u00e9conomie, la soci\u00e9t\u00e9 et les analyses politiques. Le site s\u2019adresse \u00e0 un large public francophone et couvre l\u2019information tunisienne en temps r\u00e9el.\",\"email\":\"redac@webdo.tn\",\"legalName\":\"YNJ SARL\",\"foundingDate\":\"2010-09-06\",\"numberOfEmployees\":{\"@type\":\"QuantitativeValue\",\"minValue\":\"11\",\"maxValue\":\"50\"}},{\"@type\":\"Person\",\"@id\":\"https:\\\/\\\/www.webdo.tn\\\/fr\\\/#\\\/schema\\\/person\\\/f35b42a42c5e2511bbd282959d6385cc\",\"name\":\"CL\",\"image\":{\"@type\":\"ImageObject\",\"inLanguage\":\"fr-FR\",\"@id\":\"https:\\\/\\\/secure.gravatar.com\\\/avatar\\\/1447a49909b67aa657c488aec6512e1dd6143a480c1ecfee9b5b5cd74eb3b59e?s=96&d=mm&r=g\",\"url\":\"https:\\\/\\\/secure.gravatar.com\\\/avatar\\\/1447a49909b67aa657c488aec6512e1dd6143a480c1ecfee9b5b5cd74eb3b59e?s=96&d=mm&r=g\",\"contentUrl\":\"https:\\\/\\\/secure.gravatar.com\\\/avatar\\\/1447a49909b67aa657c488aec6512e1dd6143a480c1ecfee9b5b5cd74eb3b59e?s=96&d=mm&r=g\",\"caption\":\"CL\"},\"url\":\"https:\\\/\\\/www.webdo.tn\\\/fr\\\/actualite\\\/author\\\/cl\\\/\"}]}<\/script>\n<!-- \/ Yoast SEO Premium plugin. -->","yoast_head_json":{"title":"Gaza : 25 700 martyrs au 111\u00e8me jour de guerre","description":"Les combats s\u2019intensifient \u00e0 Rafah et \u00e0 Khan Youn\u00e8s o\u00f9 des dizaines de personnes sont tomb\u00e9es entre martyrs et bless\u00e9s ce jeudi 25 janvier 2024.","canonical":"https:\/\/www.webdo.tn\/fr\/actualite\/international\/gaza-25-700-martyrs-au-111eme-jour-de-guerre\/211830\/","og_locale":"fr_FR","og_type":"article","og_title":"Gaza : 25 700 martyrs au 111\u00e8me jour de guerre","og_description":"Les combats s\u2019intensifient \u00e0 Rafah et \u00e0 Khan Youn\u00e8s o\u00f9 des dizaines de personnes sont tomb\u00e9es entre martyrs et bless\u00e9s ce jeudi 25 janvier 2024.","og_url":"https:\/\/www.webdo.tn\/fr\/actualite\/international\/gaza-25-700-martyrs-au-111eme-jour-de-guerre\/211830\/","og_site_name":"webdo","article_publisher":"https:\/\/www.facebook.com\/webdotn","article_published_time":"2024-01-25T19:34:00+00:00","article_modified_time":"2025-05-20T22:52:55+00:00","og_image":[{"width":700,"height":373,"url":"https:\/\/www.webdo.tn\/fr\/wp-content\/uploads\/2024\/01\/8705321be2e02e2f1536b9d17b92056e.jpg","type":"image\/jpeg"}],"author":"CL","twitter_card":"summary_large_image","twitter_creator":"@webdo_tn","twitter_site":"@webdo_tn","twitter_misc":{"\u00c9crit par":"CL","Dur\u00e9e de lecture estim\u00e9e":"1 minute"},"schema":{"@context":"https:\/\/schema.org","@graph":[{"@type":"NewsArticle","@id":"https:\/\/www.webdo.tn\/fr\/actualite\/international\/gaza-25-700-martyrs-au-111eme-jour-de-guerre\/211830\/#article","isPartOf":{"@id":"https:\/\/www.webdo.tn\/fr\/actualite\/international\/gaza-25-700-martyrs-au-111eme-jour-de-guerre\/211830\/"},"author":{"name":"CL","@id":"https:\/\/www.webdo.tn\/fr\/#\/schema\/person\/f35b42a42c5e2511bbd282959d6385cc"},"headline":"Gaza : 25 700 martyrs au 111\u00e8me jour de guerre","datePublished":"2024-01-25T19:34:00+00:00","dateModified":"2025-05-20T22:52:55+00:00","mainEntityOfPage":{"@id":"https:\/\/www.webdo.tn\/fr\/actualite\/international\/gaza-25-700-martyrs-au-111eme-jour-de-guerre\/211830\/"},"wordCount":124,"commentCount":0,"publisher":{"@id":"https:\/\/www.webdo.tn\/fr\/#organization"},"image":{"@id":"https:\/\/www.webdo.tn\/fr\/actualite\/international\/gaza-25-700-martyrs-au-111eme-jour-de-guerre\/211830\/#primaryimage"},"thumbnailUrl":"https:\/\/www.webdo.tn\/fr\/wp-content\/uploads\/2024\/01\/8705321be2e02e2f1536b9d17b92056e.jpg","keywords":["Gaza","guerre"],"articleSection":["International"],"inLanguage":"fr-FR"},{"@type":"WebPage","@id":"https:\/\/www.webdo.tn\/fr\/actualite\/international\/gaza-25-700-martyrs-au-111eme-jour-de-guerre\/211830\/","url":"https:\/\/www.webdo.tn\/fr\/actualite\/international\/gaza-25-700-martyrs-au-111eme-jour-de-guerre\/211830\/","name":"Gaza : 25 700 martyrs au 111\u00e8me jour de guerre","isPartOf":{"@id":"https:\/\/www.webdo.tn\/fr\/#website"},"primaryImageOfPage":{"@id":"https:\/\/www.webdo.tn\/fr\/actualite\/international\/gaza-25-700-martyrs-au-111eme-jour-de-guerre\/211830\/#primaryimage"},"image":{"@id":"https:\/\/www.webdo.tn\/fr\/actualite\/international\/gaza-25-700-martyrs-au-111eme-jour-de-guerre\/211830\/#primaryimage"},"thumbnailUrl":"https:\/\/www.webdo.tn\/fr\/wp-content\/uploads\/2024\/01\/8705321be2e02e2f1536b9d17b92056e.jpg","datePublished":"2024-01-25T19:34:00+00:00","dateModified":"2025-05-20T22:52:55+00:00","description":"Les combats s\u2019intensifient \u00e0 Rafah et \u00e0 Khan Youn\u00e8s o\u00f9 des dizaines de personnes sont tomb\u00e9es entre martyrs et bless\u00e9s ce jeudi 25 janvier 2024.","breadcrumb":{"@id":"https:\/\/www.webdo.tn\/fr\/actualite\/international\/gaza-25-700-martyrs-au-111eme-jour-de-guerre\/211830\/#breadcrumb"},"inLanguage":"fr-FR","potentialAction":[{"@type":"ReadAction","target":["https:\/\/www.webdo.tn\/fr\/actualite\/international\/gaza-25-700-martyrs-au-111eme-jour-de-guerre\/211830\/"]}]},{"@type":"ImageObject","inLanguage":"fr-FR","@id":"https:\/\/www.webdo.tn\/fr\/actualite\/international\/gaza-25-700-martyrs-au-111eme-jour-de-guerre\/211830\/#primaryimage","url":"https:\/\/www.webdo.tn\/fr\/wp-content\/uploads\/2024\/01\/8705321be2e02e2f1536b9d17b92056e.jpg","contentUrl":"https:\/\/www.webdo.tn\/fr\/wp-content\/uploads\/2024\/01\/8705321be2e02e2f1536b9d17b92056e.jpg","width":700,"height":373,"caption":"Gaza : 25 700 martyrs au 111\u00e8me jour de guerre"},{"@type":"BreadcrumbList","@id":"https:\/\/www.webdo.tn\/fr\/actualite\/international\/gaza-25-700-martyrs-au-111eme-jour-de-guerre\/211830\/#breadcrumb","itemListElement":[{"@type":"ListItem","position":1,"name":"Accueil","item":"https:\/\/www.webdo.tn\/fr\/"},{"@type":"ListItem","position":2,"name":"Gaza : 25 700 martyrs au 111\u00e8me jour de guerre"}]},{"@type":"WebSite","@id":"https:\/\/www.webdo.tn\/fr\/#website","url":"https:\/\/www.webdo.tn\/fr\/","name":"webdo","description":"Tunisie - News en Tunisie et \u00e0 l&#039;international sur Webdo.tn","publisher":{"@id":"https:\/\/www.webdo.tn\/fr\/#organization"},"potentialAction":[{"@type":"SearchAction","target":{"@type":"EntryPoint","urlTemplate":"https:\/\/www.webdo.tn\/fr\/?s={search_term_string}"},"query-input":{"@type":"PropertyValueSpecification","valueRequired":true,"valueName":"search_term_string"}}],"inLanguage":"fr-FR"},{"@type":"Organization","@id":"https:\/\/www.webdo.tn\/fr\/#organization","name":"Webdo","alternateName":"Webdo.tn","url":"https:\/\/www.webdo.tn\/fr\/","logo":{"@type":"ImageObject","inLanguage":"fr-FR","@id":"https:\/\/www.webdo.tn\/fr\/#\/schema\/logo\/image\/","url":"https:\/\/www.webdo.tn\/fr\/wp-content\/uploads\/2025\/06\/Webdo-Tunisie_168377.jpg","contentUrl":"https:\/\/www.webdo.tn\/fr\/wp-content\/uploads\/2025\/06\/Webdo-Tunisie_168377.jpg","width":301,"height":301,"caption":"Webdo"},"image":{"@id":"https:\/\/www.webdo.tn\/fr\/#\/schema\/logo\/image\/"},"sameAs":["https:\/\/www.facebook.com\/webdotn","https:\/\/x.com\/webdo_tn"],"description":"Webdo est un m\u00e9dia num\u00e9rique tunisien fond\u00e9 en 2010, sp\u00e9cialis\u00e9 dans l\u2019actualit\u00e9 nationale et internationale, l\u2019\u00e9conomie, la soci\u00e9t\u00e9 et les analyses politiques. Le site s\u2019adresse \u00e0 un large public francophone et couvre l\u2019information tunisienne en temps r\u00e9el.","email":"redac@webdo.tn","legalName":"YNJ SARL","foundingDate":"2010-09-06","numberOfEmployees":{"@type":"QuantitativeValue","minValue":"11","maxValue":"50"}},{"@type":"Person","@id":"https:\/\/www.webdo.tn\/fr\/#\/schema\/person\/f35b42a42c5e2511bbd282959d6385cc","name":"CL","image":{"@type":"ImageObject","inLanguage":"fr-FR","@id":"https:\/\/secure.gravatar.com\/avatar\/1447a49909b67aa657c488aec6512e1dd6143a480c1ecfee9b5b5cd74eb3b59e?s=96&d=mm&r=g","url":"https:\/\/secure.gravatar.com\/avatar\/1447a49909b67aa657c488aec6512e1dd6143a480c1ecfee9b5b5cd74eb3b59e?s=96&d=mm&r=g","contentUrl":"https:\/\/secure.gravatar.com\/avatar\/1447a49909b67aa657c488aec6512e1dd6143a480c1ecfee9b5b5cd74eb3b59e?s=96&d=mm&r=g","caption":"CL"},"url":"https:\/\/www.webdo.tn\/fr\/actualite\/author\/cl\/"}]}},"_links":{"self":[{"href":"https:\/\/www.webdo.tn\/fr\/wp-json\/wp\/v2\/posts\/211830","targetHints":{"allow":["GET"]}}],"collection":[{"href":"https:\/\/www.webdo.tn\/fr\/wp-json\/wp\/v2\/posts"}],"about":[{"href":"https:\/\/www.webdo.tn\/fr\/wp-json\/wp\/v2\/types\/post"}],"author":[{"embeddable":true,"href":"https:\/\/www.webdo.tn\/fr\/wp-json\/wp\/v2\/users\/3175"}],"replies":[{"embeddable":true,"href":"https:\/\/www.webdo.tn\/fr\/wp-json\/wp\/v2\/comments?post=211830"}],"version-history":[{"count":0,"href":"https:\/\/www.webdo.tn\/fr\/wp-json\/wp\/v2\/posts\/211830\/revisions"}],"wp:featuredmedia":[{"embeddable":true,"href":"https:\/\/www.webdo.tn\/fr\/wp-json\/wp\/v2\/media\/290135"}],"wp:attachment":[{"href":"https:\/\/www.webdo.tn\/fr\/wp-json\/wp\/v2\/media?parent=211830"}],"wp:term":[{"taxonomy":"category","embeddable":true,"href":"https:\/\/www.webdo.tn\/fr\/wp-json\/wp\/v2\/categories?post=211830"},{"taxonomy":"post_tag","embeddable":true,"href":"https:\/\/www.webdo.tn\/fr\/wp-json\/wp\/v2\/tags?post=211830"}],"curies":[{"name":"wp","href":"https:\/\/api.w.org\/{rel}","templated":true}]}}