{"id":211821,"date":"2024-01-25T15:29:00","date_gmt":"2024-01-25T15:29:00","guid":{"rendered":"https:\/\/www.webdo.tn\/fr\/blog\/tunisie-zied-el-heni-revoque-de-radio-ifm\/211821\/"},"modified":"2025-05-20T22:11:33","modified_gmt":"2025-05-20T22:11:33","slug":"tunisie-zied-el-heni-revoque-de-radio-ifm","status":"publish","type":"post","link":"https:\/\/www.webdo.tn\/fr\/actualite\/national\/tunisie-zied-el-heni-revoque-de-radio-ifm\/211821\/","title":{"rendered":"Tunisie : Zied El Heni r\u00e9voqu\u00e9 de Radio IFM"},"content":{"rendered":"<p>A l\u2019heure o\u00f9 il reste dans le collimateur de la justice, Zied El Heni a appris sa r\u00e9vocation de Radio IFM.<\/p>\n<p>\t\t\t\t\t\t\t\t\tZied El Heni a \u00e9t\u00e9 r\u00e9voqu\u00e9 de Radio IFM. Le journaliste a annonc\u00e9, ce jeudi 25 janvier 2024, dans un message publi\u00e9 sur son compte Facebook, qu\u2019il venait d\u2019\u00eatre inform\u00e9 de la rupture de son contrat avec ladite radio.<\/p>\n<p>Il indique que la radio a d\u00e9cid\u00e9 de rompre le contrat qui les lie sans en donner les raisons et \u00e0 l\u2019heure o\u00f9 Zied El Heni reste confront\u00e9 \u00e0 la justice.<\/p>\n<p>Hier, le journaliste annon\u00e7ait avoir \u00e9t\u00e9 convoqu\u00e9 \u00e0 comparaitre mardi 30 janvier 2024 devant le p\u00f4le de lutte contre le terrorisme.<\/p>\n<p>Rappelons qu&rsquo;il avait \u00e9t\u00e9 plac\u00e9 en garde \u00e0 vue, le 28 d\u00e9cembre dernier, apr\u00e8s avoir \u00e9t\u00e9 convoqu\u00e9 par la cinqui\u00e8me brigade centrale de lutte contre les d\u00e9linquances informatiques et de communication en tant que suspect.<\/p>\n<p>Le minist\u00e8re public avait d\u00e9cid\u00e9 d\u2019\u00e9mettre un mandat de d\u00e9p\u00f4t contre lui le 1er janvier 2024, sur la base de l\u2019article 86 du Code des t\u00e9l\u00e9communications.<\/p>\n<p>Rappelons \u00e9galement que la Chambre criminelle du Tribunal de premi\u00e8re instance de Tunis l&rsquo;avait condamn\u00e9, le 10 janvier 2024, \u00e0 six mois de prison avec sursis pour outrage \u00e0 la ministre du Commerce lors d\u2019un passage radio sur les ondes de IFM.<\/p>\n","protected":false},"excerpt":{"rendered":"<p>Zied El Heni a \u00e9t\u00e9 r\u00e9voqu\u00e9 de Radio IFM. Le journaliste a annonc\u00e9, ce jeudi 25 janvier 2024, dans un message publi\u00e9 sur son compte Facebook, qu\u2019il venait d\u2019\u00eatre&#8230;<\/p>\n","protected":false},"author":3162,"featured_media":290131,"comment_status":"open","ping_status":"closed","sticky":false,"template":"","format":"standard","meta":{"footnotes":""},"categories":[44],"tags":[6495,6980,3913],"class_list":["post-211821","post","type-post","status-publish","format-standard","has-post-thumbnail","hentry","category-national","tag-ifm","tag-radio","tag-zied-el-heni"],"yoast_head":"<!-- This site is optimized with the Yoast SEO Premium plugin v27.5 (Yoast SEO v27.5) - https:\/\/yoast.com\/product\/yoast-seo-premium-wordpress\/ -->\n<title>Tunisie : Zied El Heni r\u00e9voqu\u00e9 de Radio IFM<\/title>\n<meta name=\"description\" content=\"Zied El Heni a \u00e9t\u00e9 r\u00e9voqu\u00e9 de Radio IFM. Le journaliste a annonc\u00e9, ce jeudi 25 janvier 2024, dans un message publi\u00e9 sur son compte Facebook, qu\u2019il venait d\u2019\u00eatre...\" \/>\n<link rel=\"canonical\" href=\"https:\/\/www.webdo.tn\/fr\/actualite\/national\/tunisie-zied-el-heni-revoque-de-radio-ifm\/211821\/\" \/>\n<meta property=\"og:locale\" content=\"fr_FR\" \/>\n<meta property=\"og:type\" content=\"article\" \/>\n<meta property=\"og:title\" content=\"Tunisie : Zied El Heni r\u00e9voqu\u00e9 de Radio IFM\" \/>\n<meta property=\"og:description\" content=\"Zied El Heni a \u00e9t\u00e9 r\u00e9voqu\u00e9 de Radio IFM. Le journaliste a annonc\u00e9, ce jeudi 25 janvier 2024, dans un message publi\u00e9 sur son compte Facebook, qu\u2019il venait d\u2019\u00eatre...\" \/>\n<meta property=\"og:url\" content=\"https:\/\/www.webdo.tn\/fr\/actualite\/national\/tunisie-zied-el-heni-revoque-de-radio-ifm\/211821\/\" \/>\n<meta property=\"og:site_name\" content=\"webdo\" \/>\n<meta property=\"article:publisher\" content=\"https:\/\/www.facebook.com\/webdotn\" \/>\n<meta property=\"article:published_time\" content=\"2024-01-25T15:29:00+00:00\" \/>\n<meta property=\"article:modified_time\" content=\"2025-05-20T22:11:33+00:00\" \/>\n<meta property=\"og:image\" content=\"https:\/\/www.webdo.tn\/fr\/wp-content\/uploads\/2024\/01\/e492dcc3872afbebb73383155fcfa2d4.jpg\" \/>\n\t<meta property=\"og:image:width\" content=\"750\" \/>\n\t<meta property=\"og:image:height\" content=\"400\" \/>\n\t<meta property=\"og:image:type\" content=\"image\/jpeg\" \/>\n<meta name=\"author\" content=\"MC\" \/>\n<meta name=\"twitter:card\" content=\"summary_large_image\" \/>\n<meta name=\"twitter:creator\" content=\"@webdo_tn\" \/>\n<meta name=\"twitter:site\" content=\"@webdo_tn\" \/>\n<meta name=\"twitter:label1\" content=\"\u00c9crit par\" \/>\n\t<meta name=\"twitter:data1\" content=\"MC\" \/>\n\t<meta name=\"twitter:label2\" content=\"Dur\u00e9e de lecture estim\u00e9e\" \/>\n\t<meta name=\"twitter:data2\" content=\"1 minute\" \/>\n<script type=\"application\/ld+json\" class=\"yoast-schema-graph\">{\"@context\":\"https:\\\/\\\/schema.org\",\"@graph\":[{\"@type\":\"NewsArticle\",\"@id\":\"https:\\\/\\\/www.webdo.tn\\\/fr\\\/actualite\\\/national\\\/tunisie-zied-el-heni-revoque-de-radio-ifm\\\/211821\\\/#article\",\"isPartOf\":{\"@id\":\"https:\\\/\\\/www.webdo.tn\\\/fr\\\/actualite\\\/national\\\/tunisie-zied-el-heni-revoque-de-radio-ifm\\\/211821\\\/\"},\"author\":{\"name\":\"MC\",\"@id\":\"https:\\\/\\\/www.webdo.tn\\\/fr\\\/#\\\/schema\\\/person\\\/2c4929cbf5a809e3bd38617c6ce150f6\"},\"headline\":\"Tunisie : Zied El Heni r\u00e9voqu\u00e9 de Radio IFM\",\"datePublished\":\"2024-01-25T15:29:00+00:00\",\"dateModified\":\"2025-05-20T22:11:33+00:00\",\"mainEntityOfPage\":{\"@id\":\"https:\\\/\\\/www.webdo.tn\\\/fr\\\/actualite\\\/national\\\/tunisie-zied-el-heni-revoque-de-radio-ifm\\\/211821\\\/\"},\"wordCount\":234,\"commentCount\":0,\"publisher\":{\"@id\":\"https:\\\/\\\/www.webdo.tn\\\/fr\\\/#organization\"},\"image\":{\"@id\":\"https:\\\/\\\/www.webdo.tn\\\/fr\\\/actualite\\\/national\\\/tunisie-zied-el-heni-revoque-de-radio-ifm\\\/211821\\\/#primaryimage\"},\"thumbnailUrl\":\"https:\\\/\\\/www.webdo.tn\\\/fr\\\/wp-content\\\/uploads\\\/2024\\\/01\\\/e492dcc3872afbebb73383155fcfa2d4.jpg\",\"keywords\":[\"ifm\",\"radio\",\"Zied El-Heni\"],\"articleSection\":[\"National\"],\"inLanguage\":\"fr-FR\"},{\"@type\":\"WebPage\",\"@id\":\"https:\\\/\\\/www.webdo.tn\\\/fr\\\/actualite\\\/national\\\/tunisie-zied-el-heni-revoque-de-radio-ifm\\\/211821\\\/\",\"url\":\"https:\\\/\\\/www.webdo.tn\\\/fr\\\/actualite\\\/national\\\/tunisie-zied-el-heni-revoque-de-radio-ifm\\\/211821\\\/\",\"name\":\"Tunisie : Zied El Heni r\u00e9voqu\u00e9 de Radio IFM\",\"isPartOf\":{\"@id\":\"https:\\\/\\\/www.webdo.tn\\\/fr\\\/#website\"},\"primaryImageOfPage\":{\"@id\":\"https:\\\/\\\/www.webdo.tn\\\/fr\\\/actualite\\\/national\\\/tunisie-zied-el-heni-revoque-de-radio-ifm\\\/211821\\\/#primaryimage\"},\"image\":{\"@id\":\"https:\\\/\\\/www.webdo.tn\\\/fr\\\/actualite\\\/national\\\/tunisie-zied-el-heni-revoque-de-radio-ifm\\\/211821\\\/#primaryimage\"},\"thumbnailUrl\":\"https:\\\/\\\/www.webdo.tn\\\/fr\\\/wp-content\\\/uploads\\\/2024\\\/01\\\/e492dcc3872afbebb73383155fcfa2d4.jpg\",\"datePublished\":\"2024-01-25T15:29:00+00:00\",\"dateModified\":\"2025-05-20T22:11:33+00:00\",\"description\":\"Zied El Heni a \u00e9t\u00e9 r\u00e9voqu\u00e9 de Radio IFM. Le journaliste a annonc\u00e9, ce jeudi 25 janvier 2024, dans un message publi\u00e9 sur son compte Facebook, qu\u2019il venait d\u2019\u00eatre...\",\"breadcrumb\":{\"@id\":\"https:\\\/\\\/www.webdo.tn\\\/fr\\\/actualite\\\/national\\\/tunisie-zied-el-heni-revoque-de-radio-ifm\\\/211821\\\/#breadcrumb\"},\"inLanguage\":\"fr-FR\",\"potentialAction\":[{\"@type\":\"ReadAction\",\"target\":[\"https:\\\/\\\/www.webdo.tn\\\/fr\\\/actualite\\\/national\\\/tunisie-zied-el-heni-revoque-de-radio-ifm\\\/211821\\\/\"]}]},{\"@type\":\"ImageObject\",\"inLanguage\":\"fr-FR\",\"@id\":\"https:\\\/\\\/www.webdo.tn\\\/fr\\\/actualite\\\/national\\\/tunisie-zied-el-heni-revoque-de-radio-ifm\\\/211821\\\/#primaryimage\",\"url\":\"https:\\\/\\\/www.webdo.tn\\\/fr\\\/wp-content\\\/uploads\\\/2024\\\/01\\\/e492dcc3872afbebb73383155fcfa2d4.jpg\",\"contentUrl\":\"https:\\\/\\\/www.webdo.tn\\\/fr\\\/wp-content\\\/uploads\\\/2024\\\/01\\\/e492dcc3872afbebb73383155fcfa2d4.jpg\",\"width\":750,\"height\":400,\"caption\":\"Tunisie : Zied El Heni r\u00e9voqu\u00e9 de Radio IFM\"},{\"@type\":\"BreadcrumbList\",\"@id\":\"https:\\\/\\\/www.webdo.tn\\\/fr\\\/actualite\\\/national\\\/tunisie-zied-el-heni-revoque-de-radio-ifm\\\/211821\\\/#breadcrumb\",\"itemListElement\":[{\"@type\":\"ListItem\",\"position\":1,\"name\":\"Accueil\",\"item\":\"https:\\\/\\\/www.webdo.tn\\\/fr\\\/\"},{\"@type\":\"ListItem\",\"position\":2,\"name\":\"Tunisie : Zied El Heni r\u00e9voqu\u00e9 de Radio IFM\"}]},{\"@type\":\"WebSite\",\"@id\":\"https:\\\/\\\/www.webdo.tn\\\/fr\\\/#website\",\"url\":\"https:\\\/\\\/www.webdo.tn\\\/fr\\\/\",\"name\":\"webdo\",\"description\":\"Tunisie - News en Tunisie et \u00e0 l&#039;international sur Webdo.tn\",\"publisher\":{\"@id\":\"https:\\\/\\\/www.webdo.tn\\\/fr\\\/#organization\"},\"potentialAction\":[{\"@type\":\"SearchAction\",\"target\":{\"@type\":\"EntryPoint\",\"urlTemplate\":\"https:\\\/\\\/www.webdo.tn\\\/fr\\\/?s={search_term_string}\"},\"query-input\":{\"@type\":\"PropertyValueSpecification\",\"valueRequired\":true,\"valueName\":\"search_term_string\"}}],\"inLanguage\":\"fr-FR\"},{\"@type\":\"Organization\",\"@id\":\"https:\\\/\\\/www.webdo.tn\\\/fr\\\/#organization\",\"name\":\"Webdo\",\"alternateName\":\"Webdo.tn\",\"url\":\"https:\\\/\\\/www.webdo.tn\\\/fr\\\/\",\"logo\":{\"@type\":\"ImageObject\",\"inLanguage\":\"fr-FR\",\"@id\":\"https:\\\/\\\/www.webdo.tn\\\/fr\\\/#\\\/schema\\\/logo\\\/image\\\/\",\"url\":\"https:\\\/\\\/www.webdo.tn\\\/fr\\\/wp-content\\\/uploads\\\/2025\\\/06\\\/Webdo-Tunisie_168377.jpg\",\"contentUrl\":\"https:\\\/\\\/www.webdo.tn\\\/fr\\\/wp-content\\\/uploads\\\/2025\\\/06\\\/Webdo-Tunisie_168377.jpg\",\"width\":301,\"height\":301,\"caption\":\"Webdo\"},\"image\":{\"@id\":\"https:\\\/\\\/www.webdo.tn\\\/fr\\\/#\\\/schema\\\/logo\\\/image\\\/\"},\"sameAs\":[\"https:\\\/\\\/www.facebook.com\\\/webdotn\",\"https:\\\/\\\/x.com\\\/webdo_tn\"],\"description\":\"Webdo est un m\u00e9dia num\u00e9rique tunisien fond\u00e9 en 2010, sp\u00e9cialis\u00e9 dans l\u2019actualit\u00e9 nationale et internationale, l\u2019\u00e9conomie, la soci\u00e9t\u00e9 et les analyses politiques. Le site s\u2019adresse \u00e0 un large public francophone et couvre l\u2019information tunisienne en temps r\u00e9el.\",\"email\":\"redac@webdo.tn\",\"legalName\":\"YNJ SARL\",\"foundingDate\":\"2010-09-06\",\"numberOfEmployees\":{\"@type\":\"QuantitativeValue\",\"minValue\":\"11\",\"maxValue\":\"50\"}},{\"@type\":\"Person\",\"@id\":\"https:\\\/\\\/www.webdo.tn\\\/fr\\\/#\\\/schema\\\/person\\\/2c4929cbf5a809e3bd38617c6ce150f6\",\"name\":\"MC\",\"image\":{\"@type\":\"ImageObject\",\"inLanguage\":\"fr-FR\",\"@id\":\"https:\\\/\\\/secure.gravatar.com\\\/avatar\\\/a545bbb6f84efdd5553dbbc2895e3ca8f1d12c5215e00a041c9670b54aa9b18a?s=96&d=mm&r=g\",\"url\":\"https:\\\/\\\/secure.gravatar.com\\\/avatar\\\/a545bbb6f84efdd5553dbbc2895e3ca8f1d12c5215e00a041c9670b54aa9b18a?s=96&d=mm&r=g\",\"contentUrl\":\"https:\\\/\\\/secure.gravatar.com\\\/avatar\\\/a545bbb6f84efdd5553dbbc2895e3ca8f1d12c5215e00a041c9670b54aa9b18a?s=96&d=mm&r=g\",\"caption\":\"MC\"},\"url\":\"https:\\\/\\\/www.webdo.tn\\\/fr\\\/actualite\\\/author\\\/mc\\\/\"}]}<\/script>\n<!-- \/ Yoast SEO Premium plugin. -->","yoast_head_json":{"title":"Tunisie : Zied El Heni r\u00e9voqu\u00e9 de Radio IFM","description":"Zied El Heni a \u00e9t\u00e9 r\u00e9voqu\u00e9 de Radio IFM. Le journaliste a annonc\u00e9, ce jeudi 25 janvier 2024, dans un message publi\u00e9 sur son compte Facebook, qu\u2019il venait d\u2019\u00eatre...","canonical":"https:\/\/www.webdo.tn\/fr\/actualite\/national\/tunisie-zied-el-heni-revoque-de-radio-ifm\/211821\/","og_locale":"fr_FR","og_type":"article","og_title":"Tunisie : Zied El Heni r\u00e9voqu\u00e9 de Radio IFM","og_description":"Zied El Heni a \u00e9t\u00e9 r\u00e9voqu\u00e9 de Radio IFM. Le journaliste a annonc\u00e9, ce jeudi 25 janvier 2024, dans un message publi\u00e9 sur son compte Facebook, qu\u2019il venait d\u2019\u00eatre...","og_url":"https:\/\/www.webdo.tn\/fr\/actualite\/national\/tunisie-zied-el-heni-revoque-de-radio-ifm\/211821\/","og_site_name":"webdo","article_publisher":"https:\/\/www.facebook.com\/webdotn","article_published_time":"2024-01-25T15:29:00+00:00","article_modified_time":"2025-05-20T22:11:33+00:00","og_image":[{"width":750,"height":400,"url":"https:\/\/www.webdo.tn\/fr\/wp-content\/uploads\/2024\/01\/e492dcc3872afbebb73383155fcfa2d4.jpg","type":"image\/jpeg"}],"author":"MC","twitter_card":"summary_large_image","twitter_creator":"@webdo_tn","twitter_site":"@webdo_tn","twitter_misc":{"\u00c9crit par":"MC","Dur\u00e9e de lecture estim\u00e9e":"1 minute"},"schema":{"@context":"https:\/\/schema.org","@graph":[{"@type":"NewsArticle","@id":"https:\/\/www.webdo.tn\/fr\/actualite\/national\/tunisie-zied-el-heni-revoque-de-radio-ifm\/211821\/#article","isPartOf":{"@id":"https:\/\/www.webdo.tn\/fr\/actualite\/national\/tunisie-zied-el-heni-revoque-de-radio-ifm\/211821\/"},"author":{"name":"MC","@id":"https:\/\/www.webdo.tn\/fr\/#\/schema\/person\/2c4929cbf5a809e3bd38617c6ce150f6"},"headline":"Tunisie : Zied El Heni r\u00e9voqu\u00e9 de Radio IFM","datePublished":"2024-01-25T15:29:00+00:00","dateModified":"2025-05-20T22:11:33+00:00","mainEntityOfPage":{"@id":"https:\/\/www.webdo.tn\/fr\/actualite\/national\/tunisie-zied-el-heni-revoque-de-radio-ifm\/211821\/"},"wordCount":234,"commentCount":0,"publisher":{"@id":"https:\/\/www.webdo.tn\/fr\/#organization"},"image":{"@id":"https:\/\/www.webdo.tn\/fr\/actualite\/national\/tunisie-zied-el-heni-revoque-de-radio-ifm\/211821\/#primaryimage"},"thumbnailUrl":"https:\/\/www.webdo.tn\/fr\/wp-content\/uploads\/2024\/01\/e492dcc3872afbebb73383155fcfa2d4.jpg","keywords":["ifm","radio","Zied El-Heni"],"articleSection":["National"],"inLanguage":"fr-FR"},{"@type":"WebPage","@id":"https:\/\/www.webdo.tn\/fr\/actualite\/national\/tunisie-zied-el-heni-revoque-de-radio-ifm\/211821\/","url":"https:\/\/www.webdo.tn\/fr\/actualite\/national\/tunisie-zied-el-heni-revoque-de-radio-ifm\/211821\/","name":"Tunisie : Zied El Heni r\u00e9voqu\u00e9 de Radio IFM","isPartOf":{"@id":"https:\/\/www.webdo.tn\/fr\/#website"},"primaryImageOfPage":{"@id":"https:\/\/www.webdo.tn\/fr\/actualite\/national\/tunisie-zied-el-heni-revoque-de-radio-ifm\/211821\/#primaryimage"},"image":{"@id":"https:\/\/www.webdo.tn\/fr\/actualite\/national\/tunisie-zied-el-heni-revoque-de-radio-ifm\/211821\/#primaryimage"},"thumbnailUrl":"https:\/\/www.webdo.tn\/fr\/wp-content\/uploads\/2024\/01\/e492dcc3872afbebb73383155fcfa2d4.jpg","datePublished":"2024-01-25T15:29:00+00:00","dateModified":"2025-05-20T22:11:33+00:00","description":"Zied El Heni a \u00e9t\u00e9 r\u00e9voqu\u00e9 de Radio IFM. Le journaliste a annonc\u00e9, ce jeudi 25 janvier 2024, dans un message publi\u00e9 sur son compte Facebook, qu\u2019il venait d\u2019\u00eatre...","breadcrumb":{"@id":"https:\/\/www.webdo.tn\/fr\/actualite\/national\/tunisie-zied-el-heni-revoque-de-radio-ifm\/211821\/#breadcrumb"},"inLanguage":"fr-FR","potentialAction":[{"@type":"ReadAction","target":["https:\/\/www.webdo.tn\/fr\/actualite\/national\/tunisie-zied-el-heni-revoque-de-radio-ifm\/211821\/"]}]},{"@type":"ImageObject","inLanguage":"fr-FR","@id":"https:\/\/www.webdo.tn\/fr\/actualite\/national\/tunisie-zied-el-heni-revoque-de-radio-ifm\/211821\/#primaryimage","url":"https:\/\/www.webdo.tn\/fr\/wp-content\/uploads\/2024\/01\/e492dcc3872afbebb73383155fcfa2d4.jpg","contentUrl":"https:\/\/www.webdo.tn\/fr\/wp-content\/uploads\/2024\/01\/e492dcc3872afbebb73383155fcfa2d4.jpg","width":750,"height":400,"caption":"Tunisie : Zied El Heni r\u00e9voqu\u00e9 de Radio IFM"},{"@type":"BreadcrumbList","@id":"https:\/\/www.webdo.tn\/fr\/actualite\/national\/tunisie-zied-el-heni-revoque-de-radio-ifm\/211821\/#breadcrumb","itemListElement":[{"@type":"ListItem","position":1,"name":"Accueil","item":"https:\/\/www.webdo.tn\/fr\/"},{"@type":"ListItem","position":2,"name":"Tunisie : Zied El Heni r\u00e9voqu\u00e9 de Radio IFM"}]},{"@type":"WebSite","@id":"https:\/\/www.webdo.tn\/fr\/#website","url":"https:\/\/www.webdo.tn\/fr\/","name":"webdo","description":"Tunisie - News en Tunisie et \u00e0 l&#039;international sur Webdo.tn","publisher":{"@id":"https:\/\/www.webdo.tn\/fr\/#organization"},"potentialAction":[{"@type":"SearchAction","target":{"@type":"EntryPoint","urlTemplate":"https:\/\/www.webdo.tn\/fr\/?s={search_term_string}"},"query-input":{"@type":"PropertyValueSpecification","valueRequired":true,"valueName":"search_term_string"}}],"inLanguage":"fr-FR"},{"@type":"Organization","@id":"https:\/\/www.webdo.tn\/fr\/#organization","name":"Webdo","alternateName":"Webdo.tn","url":"https:\/\/www.webdo.tn\/fr\/","logo":{"@type":"ImageObject","inLanguage":"fr-FR","@id":"https:\/\/www.webdo.tn\/fr\/#\/schema\/logo\/image\/","url":"https:\/\/www.webdo.tn\/fr\/wp-content\/uploads\/2025\/06\/Webdo-Tunisie_168377.jpg","contentUrl":"https:\/\/www.webdo.tn\/fr\/wp-content\/uploads\/2025\/06\/Webdo-Tunisie_168377.jpg","width":301,"height":301,"caption":"Webdo"},"image":{"@id":"https:\/\/www.webdo.tn\/fr\/#\/schema\/logo\/image\/"},"sameAs":["https:\/\/www.facebook.com\/webdotn","https:\/\/x.com\/webdo_tn"],"description":"Webdo est un m\u00e9dia num\u00e9rique tunisien fond\u00e9 en 2010, sp\u00e9cialis\u00e9 dans l\u2019actualit\u00e9 nationale et internationale, l\u2019\u00e9conomie, la soci\u00e9t\u00e9 et les analyses politiques. Le site s\u2019adresse \u00e0 un large public francophone et couvre l\u2019information tunisienne en temps r\u00e9el.","email":"redac@webdo.tn","legalName":"YNJ SARL","foundingDate":"2010-09-06","numberOfEmployees":{"@type":"QuantitativeValue","minValue":"11","maxValue":"50"}},{"@type":"Person","@id":"https:\/\/www.webdo.tn\/fr\/#\/schema\/person\/2c4929cbf5a809e3bd38617c6ce150f6","name":"MC","image":{"@type":"ImageObject","inLanguage":"fr-FR","@id":"https:\/\/secure.gravatar.com\/avatar\/a545bbb6f84efdd5553dbbc2895e3ca8f1d12c5215e00a041c9670b54aa9b18a?s=96&d=mm&r=g","url":"https:\/\/secure.gravatar.com\/avatar\/a545bbb6f84efdd5553dbbc2895e3ca8f1d12c5215e00a041c9670b54aa9b18a?s=96&d=mm&r=g","contentUrl":"https:\/\/secure.gravatar.com\/avatar\/a545bbb6f84efdd5553dbbc2895e3ca8f1d12c5215e00a041c9670b54aa9b18a?s=96&d=mm&r=g","caption":"MC"},"url":"https:\/\/www.webdo.tn\/fr\/actualite\/author\/mc\/"}]}},"_links":{"self":[{"href":"https:\/\/www.webdo.tn\/fr\/wp-json\/wp\/v2\/posts\/211821","targetHints":{"allow":["GET"]}}],"collection":[{"href":"https:\/\/www.webdo.tn\/fr\/wp-json\/wp\/v2\/posts"}],"about":[{"href":"https:\/\/www.webdo.tn\/fr\/wp-json\/wp\/v2\/types\/post"}],"author":[{"embeddable":true,"href":"https:\/\/www.webdo.tn\/fr\/wp-json\/wp\/v2\/users\/3162"}],"replies":[{"embeddable":true,"href":"https:\/\/www.webdo.tn\/fr\/wp-json\/wp\/v2\/comments?post=211821"}],"version-history":[{"count":0,"href":"https:\/\/www.webdo.tn\/fr\/wp-json\/wp\/v2\/posts\/211821\/revisions"}],"wp:featuredmedia":[{"embeddable":true,"href":"https:\/\/www.webdo.tn\/fr\/wp-json\/wp\/v2\/media\/290131"}],"wp:attachment":[{"href":"https:\/\/www.webdo.tn\/fr\/wp-json\/wp\/v2\/media?parent=211821"}],"wp:term":[{"taxonomy":"category","embeddable":true,"href":"https:\/\/www.webdo.tn\/fr\/wp-json\/wp\/v2\/categories?post=211821"},{"taxonomy":"post_tag","embeddable":true,"href":"https:\/\/www.webdo.tn\/fr\/wp-json\/wp\/v2\/tags?post=211821"}],"curies":[{"name":"wp","href":"https:\/\/api.w.org\/{rel}","templated":true}]}}