{"id":211801,"date":"2024-01-24T23:14:00","date_gmt":"2024-01-24T23:14:00","guid":{"rendered":"https:\/\/www.webdo.tn\/fr\/blog\/can-2023-1-les-affiches-des-huitiemes-de-finale\/211801\/"},"modified":"2025-05-20T21:53:36","modified_gmt":"2025-05-20T21:53:36","slug":"can-2023-1-les-affiches-des-huitiemes-de-finale","status":"publish","type":"post","link":"https:\/\/www.webdo.tn\/fr\/actualite\/sport\/can-2023-1-les-affiches-des-huitiemes-de-finale\/211801\/","title":{"rendered":"CAN 2023+1 : Les affiches des huiti\u00e8mes de finale"},"content":{"rendered":"<p>Le premier tour de la Coupe d\u2019Afrique des Nations s\u2019est achev\u00e9 ce soir et on conna\u00eet d\u00e9sormais les 16 qualifi\u00e9s aux huiti\u00e8mes de finale.<\/p>\n<p>\t\t\t\t\t\t\t\t\tLes huiti\u00e8mes de finale, qui d\u00e9butent samedi 27 janvier, vont donner lieu \u00e0 deux chocs, le premier entre le Nig\u00e9ria et le Cameroun ; le deuxi\u00e8me entre le pays h\u00f4te, la C\u00f4t\u00e9 d\u2019Ivoire, rescap\u00e9e de derni\u00e8re minute, qui affrontera le tenant et le favori en puissance \u00e0 savoir le S\u00e9n\u00e9gal.<\/p>\n<p>Programme des huiti\u00e8mes de finale<\/p>\n<p>\t27 janvier \u00e0 18h00 : Angola &#8211; Namibie<br \/>\n\t27 janvier \u00e0 21h00 : Nigeria &#8211; Cameroun<br \/>\n\t28 janvier \u00e0 18h00 : Guin\u00e9e \u00e9quatoriale &#8211; Guin\u00e9e<br \/>\n\t28 janvier \u00e0 21h00 : Egypte &#8211; RD Congo<br \/>\n\t29 janvier \u00e0 18h00 : Cap-Vert &#8211; Mauritanie<br \/>\n\t29 janvier \u00e0 21h00 : S\u00e9n\u00e9gal &#8211; C\u00f4te d&rsquo;Ivoire<br \/>\n\t30 janvier \u00e0 18h00 : Mali &#8211; Burkina Faso<br \/>\n\t30 janvier \u00e0 21h00 : Maroc &#8211; Afrique du Sud<\/p>\n<p>Quarts de finale<\/p>\n<p>\t2 f\u00e9vrier \u00e0 18h00 : Vainqueur 8e de finale 1 &#8211; Vainqueur 8e de finale 2<br \/>\n\t2 f\u00e9vrier \u00e0 21h00 : Vainqueur 8e de finale 3 &#8211; Vainqueur 8e de finale 4<br \/>\n\t3 f\u00e9vrier \u00e0 18h00 : Vainqueur 8e de finale 6 &#8211; Vainqueur 8e de finale 7<br \/>\n\t3 f\u00e9vrier \u00e0 21h00 : Vainqueur 8e de finale 5 &#8211; Vainqueur 8e de finale 8<\/p>\n<p>Demi-finales<\/p>\n<p>\t7 f\u00e9vrier \u00e0 18h00 : Vainqueur quart de finale 1 &#8211; Vainqueur quart de finale 4<br \/>\n\t7 f\u00e9vrier \u00e0 21h00 : Vainqueur quart de finale 2 &#8211; Vainqueur quart de finale 3<\/p>\n<p>Match pour la 3e place<\/p>\n<p>\t10 f\u00e9vrier \u00e0 21h00<\/p>\n<p>Finale<\/p>\n<p>\t11 f\u00e9vrier \u00e0 21h00<\/p>\n","protected":false},"excerpt":{"rendered":"<p>Les huiti\u00e8mes de finale d\u00e9butent samedi 27 janvier 2024.<\/p>\n","protected":false},"author":3162,"featured_media":248160,"comment_status":"open","ping_status":"closed","sticky":false,"template":"","format":"standard","meta":{"footnotes":""},"categories":[2593],"tags":[7011,3195],"class_list":["post-211801","post","type-post","status-publish","format-standard","has-post-thumbnail","hentry","category-sport","tag-can-20231","tag-huitiemes-de-finale"],"yoast_head":"<!-- This site is optimized with the Yoast SEO Premium plugin v27.5 (Yoast SEO v27.5) - https:\/\/yoast.com\/product\/yoast-seo-premium-wordpress\/ -->\n<title>CAN 2023+1 : Les affiches des huiti\u00e8mes de finale<\/title>\n<meta name=\"description\" content=\"Les huiti\u00e8mes de finale d\u00e9butent samedi 27 janvier 2024.\" \/>\n<link rel=\"canonical\" href=\"https:\/\/www.webdo.tn\/fr\/actualite\/sport\/can-2023-1-les-affiches-des-huitiemes-de-finale\/211801\/\" \/>\n<meta property=\"og:locale\" content=\"fr_FR\" \/>\n<meta property=\"og:type\" content=\"article\" \/>\n<meta property=\"og:title\" content=\"CAN 2023+1 : Les affiches des huiti\u00e8mes de finale\" \/>\n<meta property=\"og:description\" content=\"Les huiti\u00e8mes de finale d\u00e9butent samedi 27 janvier 2024.\" \/>\n<meta property=\"og:url\" content=\"https:\/\/www.webdo.tn\/fr\/actualite\/sport\/can-2023-1-les-affiches-des-huitiemes-de-finale\/211801\/\" \/>\n<meta property=\"og:site_name\" content=\"webdo\" \/>\n<meta property=\"article:publisher\" content=\"https:\/\/www.facebook.com\/webdotn\" \/>\n<meta property=\"article:published_time\" content=\"2024-01-24T23:14:00+00:00\" \/>\n<meta property=\"article:modified_time\" content=\"2025-05-20T21:53:36+00:00\" \/>\n<meta property=\"og:image\" content=\"https:\/\/www.webdo.tn\/fr\/wp-content\/uploads\/2024\/01\/3ae59e479e5d562de58e05a522e43814.jpg\" \/>\n\t<meta property=\"og:image:width\" content=\"635\" \/>\n\t<meta property=\"og:image:height\" content=\"339\" \/>\n\t<meta property=\"og:image:type\" content=\"image\/jpeg\" \/>\n<meta name=\"author\" content=\"MC\" \/>\n<meta name=\"twitter:card\" content=\"summary_large_image\" \/>\n<meta name=\"twitter:creator\" content=\"@webdo_tn\" \/>\n<meta name=\"twitter:site\" content=\"@webdo_tn\" \/>\n<meta name=\"twitter:label1\" content=\"\u00c9crit par\" \/>\n\t<meta name=\"twitter:data1\" content=\"MC\" \/>\n\t<meta name=\"twitter:label2\" content=\"Dur\u00e9e de lecture estim\u00e9e\" \/>\n\t<meta name=\"twitter:data2\" content=\"1 minute\" \/>\n<script type=\"application\/ld+json\" class=\"yoast-schema-graph\">{\"@context\":\"https:\\\/\\\/schema.org\",\"@graph\":[{\"@type\":\"NewsArticle\",\"@id\":\"https:\\\/\\\/www.webdo.tn\\\/fr\\\/actualite\\\/sport\\\/can-2023-1-les-affiches-des-huitiemes-de-finale\\\/211801\\\/#article\",\"isPartOf\":{\"@id\":\"https:\\\/\\\/www.webdo.tn\\\/fr\\\/actualite\\\/sport\\\/can-2023-1-les-affiches-des-huitiemes-de-finale\\\/211801\\\/\"},\"author\":{\"name\":\"MC\",\"@id\":\"https:\\\/\\\/www.webdo.tn\\\/fr\\\/#\\\/schema\\\/person\\\/2c4929cbf5a809e3bd38617c6ce150f6\"},\"headline\":\"CAN 2023+1 : Les affiches des huiti\u00e8mes de finale\",\"datePublished\":\"2024-01-24T23:14:00+00:00\",\"dateModified\":\"2025-05-20T21:53:36+00:00\",\"mainEntityOfPage\":{\"@id\":\"https:\\\/\\\/www.webdo.tn\\\/fr\\\/actualite\\\/sport\\\/can-2023-1-les-affiches-des-huitiemes-de-finale\\\/211801\\\/\"},\"wordCount\":240,\"commentCount\":0,\"publisher\":{\"@id\":\"https:\\\/\\\/www.webdo.tn\\\/fr\\\/#organization\"},\"image\":{\"@id\":\"https:\\\/\\\/www.webdo.tn\\\/fr\\\/actualite\\\/sport\\\/can-2023-1-les-affiches-des-huitiemes-de-finale\\\/211801\\\/#primaryimage\"},\"thumbnailUrl\":\"https:\\\/\\\/www.webdo.tn\\\/fr\\\/wp-content\\\/uploads\\\/2024\\\/01\\\/3ae59e479e5d562de58e05a522e43814.jpg\",\"keywords\":[\"CAN 2023+1\",\"huiti\u00e8mes de finale\"],\"articleSection\":[\"Sport\"],\"inLanguage\":\"fr-FR\"},{\"@type\":\"WebPage\",\"@id\":\"https:\\\/\\\/www.webdo.tn\\\/fr\\\/actualite\\\/sport\\\/can-2023-1-les-affiches-des-huitiemes-de-finale\\\/211801\\\/\",\"url\":\"https:\\\/\\\/www.webdo.tn\\\/fr\\\/actualite\\\/sport\\\/can-2023-1-les-affiches-des-huitiemes-de-finale\\\/211801\\\/\",\"name\":\"CAN 2023+1 : Les affiches des huiti\u00e8mes de finale\",\"isPartOf\":{\"@id\":\"https:\\\/\\\/www.webdo.tn\\\/fr\\\/#website\"},\"primaryImageOfPage\":{\"@id\":\"https:\\\/\\\/www.webdo.tn\\\/fr\\\/actualite\\\/sport\\\/can-2023-1-les-affiches-des-huitiemes-de-finale\\\/211801\\\/#primaryimage\"},\"image\":{\"@id\":\"https:\\\/\\\/www.webdo.tn\\\/fr\\\/actualite\\\/sport\\\/can-2023-1-les-affiches-des-huitiemes-de-finale\\\/211801\\\/#primaryimage\"},\"thumbnailUrl\":\"https:\\\/\\\/www.webdo.tn\\\/fr\\\/wp-content\\\/uploads\\\/2024\\\/01\\\/3ae59e479e5d562de58e05a522e43814.jpg\",\"datePublished\":\"2024-01-24T23:14:00+00:00\",\"dateModified\":\"2025-05-20T21:53:36+00:00\",\"description\":\"Les huiti\u00e8mes de finale d\u00e9butent samedi 27 janvier 2024.\",\"breadcrumb\":{\"@id\":\"https:\\\/\\\/www.webdo.tn\\\/fr\\\/actualite\\\/sport\\\/can-2023-1-les-affiches-des-huitiemes-de-finale\\\/211801\\\/#breadcrumb\"},\"inLanguage\":\"fr-FR\",\"potentialAction\":[{\"@type\":\"ReadAction\",\"target\":[\"https:\\\/\\\/www.webdo.tn\\\/fr\\\/actualite\\\/sport\\\/can-2023-1-les-affiches-des-huitiemes-de-finale\\\/211801\\\/\"]}]},{\"@type\":\"ImageObject\",\"inLanguage\":\"fr-FR\",\"@id\":\"https:\\\/\\\/www.webdo.tn\\\/fr\\\/actualite\\\/sport\\\/can-2023-1-les-affiches-des-huitiemes-de-finale\\\/211801\\\/#primaryimage\",\"url\":\"https:\\\/\\\/www.webdo.tn\\\/fr\\\/wp-content\\\/uploads\\\/2024\\\/01\\\/3ae59e479e5d562de58e05a522e43814.jpg\",\"contentUrl\":\"https:\\\/\\\/www.webdo.tn\\\/fr\\\/wp-content\\\/uploads\\\/2024\\\/01\\\/3ae59e479e5d562de58e05a522e43814.jpg\",\"width\":635,\"height\":339,\"caption\":\"CAN 2023+1 : Les affiches des huiti\u00e8mes de finale\"},{\"@type\":\"BreadcrumbList\",\"@id\":\"https:\\\/\\\/www.webdo.tn\\\/fr\\\/actualite\\\/sport\\\/can-2023-1-les-affiches-des-huitiemes-de-finale\\\/211801\\\/#breadcrumb\",\"itemListElement\":[{\"@type\":\"ListItem\",\"position\":1,\"name\":\"Accueil\",\"item\":\"https:\\\/\\\/www.webdo.tn\\\/fr\\\/\"},{\"@type\":\"ListItem\",\"position\":2,\"name\":\"CAN 2023+1 : Les affiches des huiti\u00e8mes de finale\"}]},{\"@type\":\"WebSite\",\"@id\":\"https:\\\/\\\/www.webdo.tn\\\/fr\\\/#website\",\"url\":\"https:\\\/\\\/www.webdo.tn\\\/fr\\\/\",\"name\":\"webdo\",\"description\":\"Tunisie - News en Tunisie et \u00e0 l&#039;international sur Webdo.tn\",\"publisher\":{\"@id\":\"https:\\\/\\\/www.webdo.tn\\\/fr\\\/#organization\"},\"potentialAction\":[{\"@type\":\"SearchAction\",\"target\":{\"@type\":\"EntryPoint\",\"urlTemplate\":\"https:\\\/\\\/www.webdo.tn\\\/fr\\\/?s={search_term_string}\"},\"query-input\":{\"@type\":\"PropertyValueSpecification\",\"valueRequired\":true,\"valueName\":\"search_term_string\"}}],\"inLanguage\":\"fr-FR\"},{\"@type\":\"Organization\",\"@id\":\"https:\\\/\\\/www.webdo.tn\\\/fr\\\/#organization\",\"name\":\"Webdo\",\"alternateName\":\"Webdo.tn\",\"url\":\"https:\\\/\\\/www.webdo.tn\\\/fr\\\/\",\"logo\":{\"@type\":\"ImageObject\",\"inLanguage\":\"fr-FR\",\"@id\":\"https:\\\/\\\/www.webdo.tn\\\/fr\\\/#\\\/schema\\\/logo\\\/image\\\/\",\"url\":\"https:\\\/\\\/www.webdo.tn\\\/fr\\\/wp-content\\\/uploads\\\/2025\\\/06\\\/Webdo-Tunisie_168377.jpg\",\"contentUrl\":\"https:\\\/\\\/www.webdo.tn\\\/fr\\\/wp-content\\\/uploads\\\/2025\\\/06\\\/Webdo-Tunisie_168377.jpg\",\"width\":301,\"height\":301,\"caption\":\"Webdo\"},\"image\":{\"@id\":\"https:\\\/\\\/www.webdo.tn\\\/fr\\\/#\\\/schema\\\/logo\\\/image\\\/\"},\"sameAs\":[\"https:\\\/\\\/www.facebook.com\\\/webdotn\",\"https:\\\/\\\/x.com\\\/webdo_tn\"],\"description\":\"Webdo est un m\u00e9dia num\u00e9rique tunisien fond\u00e9 en 2010, sp\u00e9cialis\u00e9 dans l\u2019actualit\u00e9 nationale et internationale, l\u2019\u00e9conomie, la soci\u00e9t\u00e9 et les analyses politiques. Le site s\u2019adresse \u00e0 un large public francophone et couvre l\u2019information tunisienne en temps r\u00e9el.\",\"email\":\"redac@webdo.tn\",\"legalName\":\"YNJ SARL\",\"foundingDate\":\"2010-09-06\",\"numberOfEmployees\":{\"@type\":\"QuantitativeValue\",\"minValue\":\"11\",\"maxValue\":\"50\"}},{\"@type\":\"Person\",\"@id\":\"https:\\\/\\\/www.webdo.tn\\\/fr\\\/#\\\/schema\\\/person\\\/2c4929cbf5a809e3bd38617c6ce150f6\",\"name\":\"MC\",\"image\":{\"@type\":\"ImageObject\",\"inLanguage\":\"fr-FR\",\"@id\":\"https:\\\/\\\/secure.gravatar.com\\\/avatar\\\/a545bbb6f84efdd5553dbbc2895e3ca8f1d12c5215e00a041c9670b54aa9b18a?s=96&d=mm&r=g\",\"url\":\"https:\\\/\\\/secure.gravatar.com\\\/avatar\\\/a545bbb6f84efdd5553dbbc2895e3ca8f1d12c5215e00a041c9670b54aa9b18a?s=96&d=mm&r=g\",\"contentUrl\":\"https:\\\/\\\/secure.gravatar.com\\\/avatar\\\/a545bbb6f84efdd5553dbbc2895e3ca8f1d12c5215e00a041c9670b54aa9b18a?s=96&d=mm&r=g\",\"caption\":\"MC\"},\"url\":\"https:\\\/\\\/www.webdo.tn\\\/fr\\\/actualite\\\/author\\\/mc\\\/\"}]}<\/script>\n<!-- \/ Yoast SEO Premium plugin. -->","yoast_head_json":{"title":"CAN 2023+1 : Les affiches des huiti\u00e8mes de finale","description":"Les huiti\u00e8mes de finale d\u00e9butent samedi 27 janvier 2024.","canonical":"https:\/\/www.webdo.tn\/fr\/actualite\/sport\/can-2023-1-les-affiches-des-huitiemes-de-finale\/211801\/","og_locale":"fr_FR","og_type":"article","og_title":"CAN 2023+1 : Les affiches des huiti\u00e8mes de finale","og_description":"Les huiti\u00e8mes de finale d\u00e9butent samedi 27 janvier 2024.","og_url":"https:\/\/www.webdo.tn\/fr\/actualite\/sport\/can-2023-1-les-affiches-des-huitiemes-de-finale\/211801\/","og_site_name":"webdo","article_publisher":"https:\/\/www.facebook.com\/webdotn","article_published_time":"2024-01-24T23:14:00+00:00","article_modified_time":"2025-05-20T21:53:36+00:00","og_image":[{"width":635,"height":339,"url":"https:\/\/www.webdo.tn\/fr\/wp-content\/uploads\/2024\/01\/3ae59e479e5d562de58e05a522e43814.jpg","type":"image\/jpeg"}],"author":"MC","twitter_card":"summary_large_image","twitter_creator":"@webdo_tn","twitter_site":"@webdo_tn","twitter_misc":{"\u00c9crit par":"MC","Dur\u00e9e de lecture estim\u00e9e":"1 minute"},"schema":{"@context":"https:\/\/schema.org","@graph":[{"@type":"NewsArticle","@id":"https:\/\/www.webdo.tn\/fr\/actualite\/sport\/can-2023-1-les-affiches-des-huitiemes-de-finale\/211801\/#article","isPartOf":{"@id":"https:\/\/www.webdo.tn\/fr\/actualite\/sport\/can-2023-1-les-affiches-des-huitiemes-de-finale\/211801\/"},"author":{"name":"MC","@id":"https:\/\/www.webdo.tn\/fr\/#\/schema\/person\/2c4929cbf5a809e3bd38617c6ce150f6"},"headline":"CAN 2023+1 : Les affiches des huiti\u00e8mes de finale","datePublished":"2024-01-24T23:14:00+00:00","dateModified":"2025-05-20T21:53:36+00:00","mainEntityOfPage":{"@id":"https:\/\/www.webdo.tn\/fr\/actualite\/sport\/can-2023-1-les-affiches-des-huitiemes-de-finale\/211801\/"},"wordCount":240,"commentCount":0,"publisher":{"@id":"https:\/\/www.webdo.tn\/fr\/#organization"},"image":{"@id":"https:\/\/www.webdo.tn\/fr\/actualite\/sport\/can-2023-1-les-affiches-des-huitiemes-de-finale\/211801\/#primaryimage"},"thumbnailUrl":"https:\/\/www.webdo.tn\/fr\/wp-content\/uploads\/2024\/01\/3ae59e479e5d562de58e05a522e43814.jpg","keywords":["CAN 2023+1","huiti\u00e8mes de finale"],"articleSection":["Sport"],"inLanguage":"fr-FR"},{"@type":"WebPage","@id":"https:\/\/www.webdo.tn\/fr\/actualite\/sport\/can-2023-1-les-affiches-des-huitiemes-de-finale\/211801\/","url":"https:\/\/www.webdo.tn\/fr\/actualite\/sport\/can-2023-1-les-affiches-des-huitiemes-de-finale\/211801\/","name":"CAN 2023+1 : Les affiches des huiti\u00e8mes de finale","isPartOf":{"@id":"https:\/\/www.webdo.tn\/fr\/#website"},"primaryImageOfPage":{"@id":"https:\/\/www.webdo.tn\/fr\/actualite\/sport\/can-2023-1-les-affiches-des-huitiemes-de-finale\/211801\/#primaryimage"},"image":{"@id":"https:\/\/www.webdo.tn\/fr\/actualite\/sport\/can-2023-1-les-affiches-des-huitiemes-de-finale\/211801\/#primaryimage"},"thumbnailUrl":"https:\/\/www.webdo.tn\/fr\/wp-content\/uploads\/2024\/01\/3ae59e479e5d562de58e05a522e43814.jpg","datePublished":"2024-01-24T23:14:00+00:00","dateModified":"2025-05-20T21:53:36+00:00","description":"Les huiti\u00e8mes de finale d\u00e9butent samedi 27 janvier 2024.","breadcrumb":{"@id":"https:\/\/www.webdo.tn\/fr\/actualite\/sport\/can-2023-1-les-affiches-des-huitiemes-de-finale\/211801\/#breadcrumb"},"inLanguage":"fr-FR","potentialAction":[{"@type":"ReadAction","target":["https:\/\/www.webdo.tn\/fr\/actualite\/sport\/can-2023-1-les-affiches-des-huitiemes-de-finale\/211801\/"]}]},{"@type":"ImageObject","inLanguage":"fr-FR","@id":"https:\/\/www.webdo.tn\/fr\/actualite\/sport\/can-2023-1-les-affiches-des-huitiemes-de-finale\/211801\/#primaryimage","url":"https:\/\/www.webdo.tn\/fr\/wp-content\/uploads\/2024\/01\/3ae59e479e5d562de58e05a522e43814.jpg","contentUrl":"https:\/\/www.webdo.tn\/fr\/wp-content\/uploads\/2024\/01\/3ae59e479e5d562de58e05a522e43814.jpg","width":635,"height":339,"caption":"CAN 2023+1 : Les affiches des huiti\u00e8mes de finale"},{"@type":"BreadcrumbList","@id":"https:\/\/www.webdo.tn\/fr\/actualite\/sport\/can-2023-1-les-affiches-des-huitiemes-de-finale\/211801\/#breadcrumb","itemListElement":[{"@type":"ListItem","position":1,"name":"Accueil","item":"https:\/\/www.webdo.tn\/fr\/"},{"@type":"ListItem","position":2,"name":"CAN 2023+1 : Les affiches des huiti\u00e8mes de finale"}]},{"@type":"WebSite","@id":"https:\/\/www.webdo.tn\/fr\/#website","url":"https:\/\/www.webdo.tn\/fr\/","name":"webdo","description":"Tunisie - News en Tunisie et \u00e0 l&#039;international sur Webdo.tn","publisher":{"@id":"https:\/\/www.webdo.tn\/fr\/#organization"},"potentialAction":[{"@type":"SearchAction","target":{"@type":"EntryPoint","urlTemplate":"https:\/\/www.webdo.tn\/fr\/?s={search_term_string}"},"query-input":{"@type":"PropertyValueSpecification","valueRequired":true,"valueName":"search_term_string"}}],"inLanguage":"fr-FR"},{"@type":"Organization","@id":"https:\/\/www.webdo.tn\/fr\/#organization","name":"Webdo","alternateName":"Webdo.tn","url":"https:\/\/www.webdo.tn\/fr\/","logo":{"@type":"ImageObject","inLanguage":"fr-FR","@id":"https:\/\/www.webdo.tn\/fr\/#\/schema\/logo\/image\/","url":"https:\/\/www.webdo.tn\/fr\/wp-content\/uploads\/2025\/06\/Webdo-Tunisie_168377.jpg","contentUrl":"https:\/\/www.webdo.tn\/fr\/wp-content\/uploads\/2025\/06\/Webdo-Tunisie_168377.jpg","width":301,"height":301,"caption":"Webdo"},"image":{"@id":"https:\/\/www.webdo.tn\/fr\/#\/schema\/logo\/image\/"},"sameAs":["https:\/\/www.facebook.com\/webdotn","https:\/\/x.com\/webdo_tn"],"description":"Webdo est un m\u00e9dia num\u00e9rique tunisien fond\u00e9 en 2010, sp\u00e9cialis\u00e9 dans l\u2019actualit\u00e9 nationale et internationale, l\u2019\u00e9conomie, la soci\u00e9t\u00e9 et les analyses politiques. Le site s\u2019adresse \u00e0 un large public francophone et couvre l\u2019information tunisienne en temps r\u00e9el.","email":"redac@webdo.tn","legalName":"YNJ SARL","foundingDate":"2010-09-06","numberOfEmployees":{"@type":"QuantitativeValue","minValue":"11","maxValue":"50"}},{"@type":"Person","@id":"https:\/\/www.webdo.tn\/fr\/#\/schema\/person\/2c4929cbf5a809e3bd38617c6ce150f6","name":"MC","image":{"@type":"ImageObject","inLanguage":"fr-FR","@id":"https:\/\/secure.gravatar.com\/avatar\/a545bbb6f84efdd5553dbbc2895e3ca8f1d12c5215e00a041c9670b54aa9b18a?s=96&d=mm&r=g","url":"https:\/\/secure.gravatar.com\/avatar\/a545bbb6f84efdd5553dbbc2895e3ca8f1d12c5215e00a041c9670b54aa9b18a?s=96&d=mm&r=g","contentUrl":"https:\/\/secure.gravatar.com\/avatar\/a545bbb6f84efdd5553dbbc2895e3ca8f1d12c5215e00a041c9670b54aa9b18a?s=96&d=mm&r=g","caption":"MC"},"url":"https:\/\/www.webdo.tn\/fr\/actualite\/author\/mc\/"}]}},"_links":{"self":[{"href":"https:\/\/www.webdo.tn\/fr\/wp-json\/wp\/v2\/posts\/211801","targetHints":{"allow":["GET"]}}],"collection":[{"href":"https:\/\/www.webdo.tn\/fr\/wp-json\/wp\/v2\/posts"}],"about":[{"href":"https:\/\/www.webdo.tn\/fr\/wp-json\/wp\/v2\/types\/post"}],"author":[{"embeddable":true,"href":"https:\/\/www.webdo.tn\/fr\/wp-json\/wp\/v2\/users\/3162"}],"replies":[{"embeddable":true,"href":"https:\/\/www.webdo.tn\/fr\/wp-json\/wp\/v2\/comments?post=211801"}],"version-history":[{"count":0,"href":"https:\/\/www.webdo.tn\/fr\/wp-json\/wp\/v2\/posts\/211801\/revisions"}],"wp:featuredmedia":[{"embeddable":true,"href":"https:\/\/www.webdo.tn\/fr\/wp-json\/wp\/v2\/media\/248160"}],"wp:attachment":[{"href":"https:\/\/www.webdo.tn\/fr\/wp-json\/wp\/v2\/media?parent=211801"}],"wp:term":[{"taxonomy":"category","embeddable":true,"href":"https:\/\/www.webdo.tn\/fr\/wp-json\/wp\/v2\/categories?post=211801"},{"taxonomy":"post_tag","embeddable":true,"href":"https:\/\/www.webdo.tn\/fr\/wp-json\/wp\/v2\/tags?post=211801"}],"curies":[{"name":"wp","href":"https:\/\/api.w.org\/{rel}","templated":true}]}}