{"id":211798,"date":"2024-01-24T20:22:00","date_gmt":"2024-01-24T20:22:00","guid":{"rendered":"https:\/\/www.webdo.tn\/fr\/blog\/tunisie-jalel-kadri-demissionne-de-son-poste-de-selectionneur-national\/211798\/"},"modified":"2025-05-20T21:53:34","modified_gmt":"2025-05-20T21:53:34","slug":"tunisie-jalel-kadri-demissionne-de-son-poste-de-selectionneur-national","status":"publish","type":"post","link":"https:\/\/www.webdo.tn\/fr\/actualite\/sport\/tunisie-jalel-kadri-demissionne-de-son-poste-de-selectionneur-national\/211798\/","title":{"rendered":"Tunisie : Jalel Kadri d\u00e9missionne de son poste de s\u00e9lectionneur national"},"content":{"rendered":"<p>Apr\u00e8s l\u2019\u00e9limination de la S\u00e9lection nationale de football de la CAN 2023+1, Jalel Kadri a d\u00e9cid\u00e9 d\u2019acter sa d\u00e9mission.<\/p>\n<p>\t\t\t\t\t\t\t\t\tLe s\u00e9lectionneur Jalel Kadri a d\u00e9cid\u00e9 de d\u00e9missionner de son\u00a0 poste de s\u00e9lectionneur national apr\u00e8s le match nul (0-0) de ce soir face \u00e0 l\u2019Afrique du Sud et son \u00e9limination de la Coupe d\u2019Afrique des Nations.<\/p>\n<p>Dans sa d\u00e9claration d\u2019apr\u00e8s-match accord\u00e9e \u00e0 beIN Sports, Jalel Kadri a indiqu\u00e9 que le match face \u00e0 l\u2019Afrique du Sud a \u00e9t\u00e9 son dernier sur le banc de la S\u00e9lection nationale du fait que d\u2019une part, il avait un contrat \u00e0 objectif, celui d\u2019atteindre la demi-finale, qui n\u2019a pas \u00e9t\u00e9 atteint.<\/p>\n<p>Jalel Kadri a indiqu\u00e9 d\u2019autre part qu\u2019il assume enti\u00e8rement la responsabilit\u00e9 de cet \u00e9chec et qu\u2019il est donc temps pour lui de partir.<\/p>\n","protected":false},"excerpt":{"rendered":"<p>Le s\u00e9lectionneur Jalel Kadri a d\u00e9cid\u00e9 de d\u00e9missionner de son  poste de s\u00e9lectionneur national apr\u00e8s le match nul (0-0) de ce soir face \u00e0 l\u2019Afrique du Sud et son&#8230;<\/p>\n","protected":false},"author":3162,"featured_media":248156,"comment_status":"open","ping_status":"closed","sticky":false,"template":"","format":"standard","meta":{"footnotes":""},"categories":[2593],"tags":[7011,6379,7138,7137,2623],"class_list":["post-211798","post","type-post","status-publish","format-standard","has-post-thumbnail","hentry","category-sport","tag-can-20231","tag-demission","tag-elimination","tag-jalel-kadri","tag-selection-nationale"],"yoast_head":"<!-- This site is optimized with the Yoast SEO Premium plugin v27.4 (Yoast SEO v27.5) - https:\/\/yoast.com\/product\/yoast-seo-premium-wordpress\/ -->\n<title>Tunisie : Jalel Kadri d\u00e9missionne de son poste de s\u00e9lectionneur national<\/title>\n<meta name=\"description\" content=\"Le s\u00e9lectionneur Jalel Kadri a d\u00e9cid\u00e9 de d\u00e9missionner de son poste de s\u00e9lectionneur national apr\u00e8s le match nul (0-0) de ce soir face \u00e0 l\u2019Afrique du Sud et son...\" \/>\n<link rel=\"canonical\" href=\"https:\/\/www.webdo.tn\/fr\/actualite\/sport\/tunisie-jalel-kadri-demissionne-de-son-poste-de-selectionneur-national\/211798\/\" \/>\n<meta property=\"og:locale\" content=\"fr_FR\" \/>\n<meta property=\"og:type\" content=\"article\" \/>\n<meta property=\"og:title\" content=\"Tunisie : Jalel Kadri d\u00e9missionne de son poste de s\u00e9lectionneur national\" \/>\n<meta property=\"og:description\" content=\"Le s\u00e9lectionneur Jalel Kadri a d\u00e9cid\u00e9 de d\u00e9missionner de son poste de s\u00e9lectionneur national apr\u00e8s le match nul (0-0) de ce soir face \u00e0 l\u2019Afrique du Sud et son...\" \/>\n<meta property=\"og:url\" content=\"https:\/\/www.webdo.tn\/fr\/actualite\/sport\/tunisie-jalel-kadri-demissionne-de-son-poste-de-selectionneur-national\/211798\/\" \/>\n<meta property=\"og:site_name\" content=\"webdo\" \/>\n<meta property=\"article:publisher\" content=\"https:\/\/www.facebook.com\/webdotn\" \/>\n<meta property=\"article:published_time\" content=\"2024-01-24T20:22:00+00:00\" \/>\n<meta property=\"article:modified_time\" content=\"2025-05-20T21:53:34+00:00\" \/>\n<meta property=\"og:image\" content=\"https:\/\/www.webdo.tn\/fr\/wp-content\/uploads\/2024\/01\/3a664bc6647ec16cd9c1df1a346a4021.jpg\" \/>\n\t<meta property=\"og:image:width\" content=\"710\" \/>\n\t<meta property=\"og:image:height\" content=\"379\" \/>\n\t<meta property=\"og:image:type\" content=\"image\/jpeg\" \/>\n<meta name=\"author\" content=\"MC\" \/>\n<meta name=\"twitter:card\" content=\"summary_large_image\" \/>\n<meta name=\"twitter:creator\" content=\"@webdo_tn\" \/>\n<meta name=\"twitter:site\" content=\"@webdo_tn\" \/>\n<meta name=\"twitter:label1\" content=\"\u00c9crit par\" \/>\n\t<meta name=\"twitter:data1\" content=\"MC\" \/>\n\t<meta name=\"twitter:label2\" content=\"Dur\u00e9e de lecture estim\u00e9e\" \/>\n\t<meta name=\"twitter:data2\" content=\"1 minute\" \/>\n<script type=\"application\/ld+json\" class=\"yoast-schema-graph\">{\"@context\":\"https:\\\/\\\/schema.org\",\"@graph\":[{\"@type\":\"NewsArticle\",\"@id\":\"https:\\\/\\\/www.webdo.tn\\\/fr\\\/actualite\\\/sport\\\/tunisie-jalel-kadri-demissionne-de-son-poste-de-selectionneur-national\\\/211798\\\/#article\",\"isPartOf\":{\"@id\":\"https:\\\/\\\/www.webdo.tn\\\/fr\\\/actualite\\\/sport\\\/tunisie-jalel-kadri-demissionne-de-son-poste-de-selectionneur-national\\\/211798\\\/\"},\"author\":{\"name\":\"MC\",\"@id\":\"https:\\\/\\\/www.webdo.tn\\\/fr\\\/#\\\/schema\\\/person\\\/2c4929cbf5a809e3bd38617c6ce150f6\"},\"headline\":\"Tunisie : Jalel Kadri d\u00e9missionne de son poste de s\u00e9lectionneur national\",\"datePublished\":\"2024-01-24T20:22:00+00:00\",\"dateModified\":\"2025-05-20T21:53:34+00:00\",\"mainEntityOfPage\":{\"@id\":\"https:\\\/\\\/www.webdo.tn\\\/fr\\\/actualite\\\/sport\\\/tunisie-jalel-kadri-demissionne-de-son-poste-de-selectionneur-national\\\/211798\\\/\"},\"wordCount\":162,\"commentCount\":0,\"publisher\":{\"@id\":\"https:\\\/\\\/www.webdo.tn\\\/fr\\\/#organization\"},\"image\":{\"@id\":\"https:\\\/\\\/www.webdo.tn\\\/fr\\\/actualite\\\/sport\\\/tunisie-jalel-kadri-demissionne-de-son-poste-de-selectionneur-national\\\/211798\\\/#primaryimage\"},\"thumbnailUrl\":\"https:\\\/\\\/www.webdo.tn\\\/fr\\\/wp-content\\\/uploads\\\/2024\\\/01\\\/3a664bc6647ec16cd9c1df1a346a4021.jpg\",\"keywords\":[\"CAN 2023+1\",\"D\u00e9mission\",\"\u00e9limination\",\"Jalel Kadri\",\"s\u00e9lection nationale\"],\"articleSection\":[\"Sport\"],\"inLanguage\":\"fr-FR\"},{\"@type\":\"WebPage\",\"@id\":\"https:\\\/\\\/www.webdo.tn\\\/fr\\\/actualite\\\/sport\\\/tunisie-jalel-kadri-demissionne-de-son-poste-de-selectionneur-national\\\/211798\\\/\",\"url\":\"https:\\\/\\\/www.webdo.tn\\\/fr\\\/actualite\\\/sport\\\/tunisie-jalel-kadri-demissionne-de-son-poste-de-selectionneur-national\\\/211798\\\/\",\"name\":\"Tunisie : Jalel Kadri d\u00e9missionne de son poste de s\u00e9lectionneur national\",\"isPartOf\":{\"@id\":\"https:\\\/\\\/www.webdo.tn\\\/fr\\\/#website\"},\"primaryImageOfPage\":{\"@id\":\"https:\\\/\\\/www.webdo.tn\\\/fr\\\/actualite\\\/sport\\\/tunisie-jalel-kadri-demissionne-de-son-poste-de-selectionneur-national\\\/211798\\\/#primaryimage\"},\"image\":{\"@id\":\"https:\\\/\\\/www.webdo.tn\\\/fr\\\/actualite\\\/sport\\\/tunisie-jalel-kadri-demissionne-de-son-poste-de-selectionneur-national\\\/211798\\\/#primaryimage\"},\"thumbnailUrl\":\"https:\\\/\\\/www.webdo.tn\\\/fr\\\/wp-content\\\/uploads\\\/2024\\\/01\\\/3a664bc6647ec16cd9c1df1a346a4021.jpg\",\"datePublished\":\"2024-01-24T20:22:00+00:00\",\"dateModified\":\"2025-05-20T21:53:34+00:00\",\"description\":\"Le s\u00e9lectionneur Jalel Kadri a d\u00e9cid\u00e9 de d\u00e9missionner de son poste de s\u00e9lectionneur national apr\u00e8s le match nul (0-0) de ce soir face \u00e0 l\u2019Afrique du Sud et son...\",\"breadcrumb\":{\"@id\":\"https:\\\/\\\/www.webdo.tn\\\/fr\\\/actualite\\\/sport\\\/tunisie-jalel-kadri-demissionne-de-son-poste-de-selectionneur-national\\\/211798\\\/#breadcrumb\"},\"inLanguage\":\"fr-FR\",\"potentialAction\":[{\"@type\":\"ReadAction\",\"target\":[\"https:\\\/\\\/www.webdo.tn\\\/fr\\\/actualite\\\/sport\\\/tunisie-jalel-kadri-demissionne-de-son-poste-de-selectionneur-national\\\/211798\\\/\"]}]},{\"@type\":\"ImageObject\",\"inLanguage\":\"fr-FR\",\"@id\":\"https:\\\/\\\/www.webdo.tn\\\/fr\\\/actualite\\\/sport\\\/tunisie-jalel-kadri-demissionne-de-son-poste-de-selectionneur-national\\\/211798\\\/#primaryimage\",\"url\":\"https:\\\/\\\/www.webdo.tn\\\/fr\\\/wp-content\\\/uploads\\\/2024\\\/01\\\/3a664bc6647ec16cd9c1df1a346a4021.jpg\",\"contentUrl\":\"https:\\\/\\\/www.webdo.tn\\\/fr\\\/wp-content\\\/uploads\\\/2024\\\/01\\\/3a664bc6647ec16cd9c1df1a346a4021.jpg\",\"width\":710,\"height\":379,\"caption\":\"Tunisie : Jalel Kadri d\u00e9missionne de son poste de s\u00e9lectionneur national\"},{\"@type\":\"BreadcrumbList\",\"@id\":\"https:\\\/\\\/www.webdo.tn\\\/fr\\\/actualite\\\/sport\\\/tunisie-jalel-kadri-demissionne-de-son-poste-de-selectionneur-national\\\/211798\\\/#breadcrumb\",\"itemListElement\":[{\"@type\":\"ListItem\",\"position\":1,\"name\":\"Accueil\",\"item\":\"https:\\\/\\\/www.webdo.tn\\\/fr\\\/\"},{\"@type\":\"ListItem\",\"position\":2,\"name\":\"Tunisie : Jalel Kadri d\u00e9missionne de son poste de s\u00e9lectionneur national\"}]},{\"@type\":\"WebSite\",\"@id\":\"https:\\\/\\\/www.webdo.tn\\\/fr\\\/#website\",\"url\":\"https:\\\/\\\/www.webdo.tn\\\/fr\\\/\",\"name\":\"webdo\",\"description\":\"Tunisie - News en Tunisie et \u00e0 l&#039;international sur Webdo.tn\",\"publisher\":{\"@id\":\"https:\\\/\\\/www.webdo.tn\\\/fr\\\/#organization\"},\"potentialAction\":[{\"@type\":\"SearchAction\",\"target\":{\"@type\":\"EntryPoint\",\"urlTemplate\":\"https:\\\/\\\/www.webdo.tn\\\/fr\\\/?s={search_term_string}\"},\"query-input\":{\"@type\":\"PropertyValueSpecification\",\"valueRequired\":true,\"valueName\":\"search_term_string\"}}],\"inLanguage\":\"fr-FR\"},{\"@type\":\"Organization\",\"@id\":\"https:\\\/\\\/www.webdo.tn\\\/fr\\\/#organization\",\"name\":\"Webdo\",\"alternateName\":\"Webdo.tn\",\"url\":\"https:\\\/\\\/www.webdo.tn\\\/fr\\\/\",\"logo\":{\"@type\":\"ImageObject\",\"inLanguage\":\"fr-FR\",\"@id\":\"https:\\\/\\\/www.webdo.tn\\\/fr\\\/#\\\/schema\\\/logo\\\/image\\\/\",\"url\":\"https:\\\/\\\/www.webdo.tn\\\/fr\\\/wp-content\\\/uploads\\\/2025\\\/06\\\/Webdo-Tunisie_168377.jpg\",\"contentUrl\":\"https:\\\/\\\/www.webdo.tn\\\/fr\\\/wp-content\\\/uploads\\\/2025\\\/06\\\/Webdo-Tunisie_168377.jpg\",\"width\":301,\"height\":301,\"caption\":\"Webdo\"},\"image\":{\"@id\":\"https:\\\/\\\/www.webdo.tn\\\/fr\\\/#\\\/schema\\\/logo\\\/image\\\/\"},\"sameAs\":[\"https:\\\/\\\/www.facebook.com\\\/webdotn\",\"https:\\\/\\\/x.com\\\/webdo_tn\"],\"description\":\"Webdo est un m\u00e9dia num\u00e9rique tunisien fond\u00e9 en 2010, sp\u00e9cialis\u00e9 dans l\u2019actualit\u00e9 nationale et internationale, l\u2019\u00e9conomie, la soci\u00e9t\u00e9 et les analyses politiques. Le site s\u2019adresse \u00e0 un large public francophone et couvre l\u2019information tunisienne en temps r\u00e9el.\",\"email\":\"redac@webdo.tn\",\"legalName\":\"YNJ SARL\",\"foundingDate\":\"2010-09-06\",\"numberOfEmployees\":{\"@type\":\"QuantitativeValue\",\"minValue\":\"11\",\"maxValue\":\"50\"}},{\"@type\":\"Person\",\"@id\":\"https:\\\/\\\/www.webdo.tn\\\/fr\\\/#\\\/schema\\\/person\\\/2c4929cbf5a809e3bd38617c6ce150f6\",\"name\":\"MC\",\"image\":{\"@type\":\"ImageObject\",\"inLanguage\":\"fr-FR\",\"@id\":\"https:\\\/\\\/secure.gravatar.com\\\/avatar\\\/a545bbb6f84efdd5553dbbc2895e3ca8f1d12c5215e00a041c9670b54aa9b18a?s=96&d=mm&r=g\",\"url\":\"https:\\\/\\\/secure.gravatar.com\\\/avatar\\\/a545bbb6f84efdd5553dbbc2895e3ca8f1d12c5215e00a041c9670b54aa9b18a?s=96&d=mm&r=g\",\"contentUrl\":\"https:\\\/\\\/secure.gravatar.com\\\/avatar\\\/a545bbb6f84efdd5553dbbc2895e3ca8f1d12c5215e00a041c9670b54aa9b18a?s=96&d=mm&r=g\",\"caption\":\"MC\"},\"url\":\"https:\\\/\\\/www.webdo.tn\\\/fr\\\/actualite\\\/author\\\/mc\\\/\"}]}<\/script>\n<!-- \/ Yoast SEO Premium plugin. -->","yoast_head_json":{"title":"Tunisie : Jalel Kadri d\u00e9missionne de son poste de s\u00e9lectionneur national","description":"Le s\u00e9lectionneur Jalel Kadri a d\u00e9cid\u00e9 de d\u00e9missionner de son poste de s\u00e9lectionneur national apr\u00e8s le match nul (0-0) de ce soir face \u00e0 l\u2019Afrique du Sud et son...","canonical":"https:\/\/www.webdo.tn\/fr\/actualite\/sport\/tunisie-jalel-kadri-demissionne-de-son-poste-de-selectionneur-national\/211798\/","og_locale":"fr_FR","og_type":"article","og_title":"Tunisie : Jalel Kadri d\u00e9missionne de son poste de s\u00e9lectionneur national","og_description":"Le s\u00e9lectionneur Jalel Kadri a d\u00e9cid\u00e9 de d\u00e9missionner de son poste de s\u00e9lectionneur national apr\u00e8s le match nul (0-0) de ce soir face \u00e0 l\u2019Afrique du Sud et son...","og_url":"https:\/\/www.webdo.tn\/fr\/actualite\/sport\/tunisie-jalel-kadri-demissionne-de-son-poste-de-selectionneur-national\/211798\/","og_site_name":"webdo","article_publisher":"https:\/\/www.facebook.com\/webdotn","article_published_time":"2024-01-24T20:22:00+00:00","article_modified_time":"2025-05-20T21:53:34+00:00","og_image":[{"width":710,"height":379,"url":"https:\/\/www.webdo.tn\/fr\/wp-content\/uploads\/2024\/01\/3a664bc6647ec16cd9c1df1a346a4021.jpg","type":"image\/jpeg"}],"author":"MC","twitter_card":"summary_large_image","twitter_creator":"@webdo_tn","twitter_site":"@webdo_tn","twitter_misc":{"\u00c9crit par":"MC","Dur\u00e9e de lecture estim\u00e9e":"1 minute"},"schema":{"@context":"https:\/\/schema.org","@graph":[{"@type":"NewsArticle","@id":"https:\/\/www.webdo.tn\/fr\/actualite\/sport\/tunisie-jalel-kadri-demissionne-de-son-poste-de-selectionneur-national\/211798\/#article","isPartOf":{"@id":"https:\/\/www.webdo.tn\/fr\/actualite\/sport\/tunisie-jalel-kadri-demissionne-de-son-poste-de-selectionneur-national\/211798\/"},"author":{"name":"MC","@id":"https:\/\/www.webdo.tn\/fr\/#\/schema\/person\/2c4929cbf5a809e3bd38617c6ce150f6"},"headline":"Tunisie : Jalel Kadri d\u00e9missionne de son poste de s\u00e9lectionneur national","datePublished":"2024-01-24T20:22:00+00:00","dateModified":"2025-05-20T21:53:34+00:00","mainEntityOfPage":{"@id":"https:\/\/www.webdo.tn\/fr\/actualite\/sport\/tunisie-jalel-kadri-demissionne-de-son-poste-de-selectionneur-national\/211798\/"},"wordCount":162,"commentCount":0,"publisher":{"@id":"https:\/\/www.webdo.tn\/fr\/#organization"},"image":{"@id":"https:\/\/www.webdo.tn\/fr\/actualite\/sport\/tunisie-jalel-kadri-demissionne-de-son-poste-de-selectionneur-national\/211798\/#primaryimage"},"thumbnailUrl":"https:\/\/www.webdo.tn\/fr\/wp-content\/uploads\/2024\/01\/3a664bc6647ec16cd9c1df1a346a4021.jpg","keywords":["CAN 2023+1","D\u00e9mission","\u00e9limination","Jalel Kadri","s\u00e9lection nationale"],"articleSection":["Sport"],"inLanguage":"fr-FR"},{"@type":"WebPage","@id":"https:\/\/www.webdo.tn\/fr\/actualite\/sport\/tunisie-jalel-kadri-demissionne-de-son-poste-de-selectionneur-national\/211798\/","url":"https:\/\/www.webdo.tn\/fr\/actualite\/sport\/tunisie-jalel-kadri-demissionne-de-son-poste-de-selectionneur-national\/211798\/","name":"Tunisie : Jalel Kadri d\u00e9missionne de son poste de s\u00e9lectionneur national","isPartOf":{"@id":"https:\/\/www.webdo.tn\/fr\/#website"},"primaryImageOfPage":{"@id":"https:\/\/www.webdo.tn\/fr\/actualite\/sport\/tunisie-jalel-kadri-demissionne-de-son-poste-de-selectionneur-national\/211798\/#primaryimage"},"image":{"@id":"https:\/\/www.webdo.tn\/fr\/actualite\/sport\/tunisie-jalel-kadri-demissionne-de-son-poste-de-selectionneur-national\/211798\/#primaryimage"},"thumbnailUrl":"https:\/\/www.webdo.tn\/fr\/wp-content\/uploads\/2024\/01\/3a664bc6647ec16cd9c1df1a346a4021.jpg","datePublished":"2024-01-24T20:22:00+00:00","dateModified":"2025-05-20T21:53:34+00:00","description":"Le s\u00e9lectionneur Jalel Kadri a d\u00e9cid\u00e9 de d\u00e9missionner de son poste de s\u00e9lectionneur national apr\u00e8s le match nul (0-0) de ce soir face \u00e0 l\u2019Afrique du Sud et son...","breadcrumb":{"@id":"https:\/\/www.webdo.tn\/fr\/actualite\/sport\/tunisie-jalel-kadri-demissionne-de-son-poste-de-selectionneur-national\/211798\/#breadcrumb"},"inLanguage":"fr-FR","potentialAction":[{"@type":"ReadAction","target":["https:\/\/www.webdo.tn\/fr\/actualite\/sport\/tunisie-jalel-kadri-demissionne-de-son-poste-de-selectionneur-national\/211798\/"]}]},{"@type":"ImageObject","inLanguage":"fr-FR","@id":"https:\/\/www.webdo.tn\/fr\/actualite\/sport\/tunisie-jalel-kadri-demissionne-de-son-poste-de-selectionneur-national\/211798\/#primaryimage","url":"https:\/\/www.webdo.tn\/fr\/wp-content\/uploads\/2024\/01\/3a664bc6647ec16cd9c1df1a346a4021.jpg","contentUrl":"https:\/\/www.webdo.tn\/fr\/wp-content\/uploads\/2024\/01\/3a664bc6647ec16cd9c1df1a346a4021.jpg","width":710,"height":379,"caption":"Tunisie : Jalel Kadri d\u00e9missionne de son poste de s\u00e9lectionneur national"},{"@type":"BreadcrumbList","@id":"https:\/\/www.webdo.tn\/fr\/actualite\/sport\/tunisie-jalel-kadri-demissionne-de-son-poste-de-selectionneur-national\/211798\/#breadcrumb","itemListElement":[{"@type":"ListItem","position":1,"name":"Accueil","item":"https:\/\/www.webdo.tn\/fr\/"},{"@type":"ListItem","position":2,"name":"Tunisie : Jalel Kadri d\u00e9missionne de son poste de s\u00e9lectionneur national"}]},{"@type":"WebSite","@id":"https:\/\/www.webdo.tn\/fr\/#website","url":"https:\/\/www.webdo.tn\/fr\/","name":"webdo","description":"Tunisie - News en Tunisie et \u00e0 l&#039;international sur Webdo.tn","publisher":{"@id":"https:\/\/www.webdo.tn\/fr\/#organization"},"potentialAction":[{"@type":"SearchAction","target":{"@type":"EntryPoint","urlTemplate":"https:\/\/www.webdo.tn\/fr\/?s={search_term_string}"},"query-input":{"@type":"PropertyValueSpecification","valueRequired":true,"valueName":"search_term_string"}}],"inLanguage":"fr-FR"},{"@type":"Organization","@id":"https:\/\/www.webdo.tn\/fr\/#organization","name":"Webdo","alternateName":"Webdo.tn","url":"https:\/\/www.webdo.tn\/fr\/","logo":{"@type":"ImageObject","inLanguage":"fr-FR","@id":"https:\/\/www.webdo.tn\/fr\/#\/schema\/logo\/image\/","url":"https:\/\/www.webdo.tn\/fr\/wp-content\/uploads\/2025\/06\/Webdo-Tunisie_168377.jpg","contentUrl":"https:\/\/www.webdo.tn\/fr\/wp-content\/uploads\/2025\/06\/Webdo-Tunisie_168377.jpg","width":301,"height":301,"caption":"Webdo"},"image":{"@id":"https:\/\/www.webdo.tn\/fr\/#\/schema\/logo\/image\/"},"sameAs":["https:\/\/www.facebook.com\/webdotn","https:\/\/x.com\/webdo_tn"],"description":"Webdo est un m\u00e9dia num\u00e9rique tunisien fond\u00e9 en 2010, sp\u00e9cialis\u00e9 dans l\u2019actualit\u00e9 nationale et internationale, l\u2019\u00e9conomie, la soci\u00e9t\u00e9 et les analyses politiques. Le site s\u2019adresse \u00e0 un large public francophone et couvre l\u2019information tunisienne en temps r\u00e9el.","email":"redac@webdo.tn","legalName":"YNJ SARL","foundingDate":"2010-09-06","numberOfEmployees":{"@type":"QuantitativeValue","minValue":"11","maxValue":"50"}},{"@type":"Person","@id":"https:\/\/www.webdo.tn\/fr\/#\/schema\/person\/2c4929cbf5a809e3bd38617c6ce150f6","name":"MC","image":{"@type":"ImageObject","inLanguage":"fr-FR","@id":"https:\/\/secure.gravatar.com\/avatar\/a545bbb6f84efdd5553dbbc2895e3ca8f1d12c5215e00a041c9670b54aa9b18a?s=96&d=mm&r=g","url":"https:\/\/secure.gravatar.com\/avatar\/a545bbb6f84efdd5553dbbc2895e3ca8f1d12c5215e00a041c9670b54aa9b18a?s=96&d=mm&r=g","contentUrl":"https:\/\/secure.gravatar.com\/avatar\/a545bbb6f84efdd5553dbbc2895e3ca8f1d12c5215e00a041c9670b54aa9b18a?s=96&d=mm&r=g","caption":"MC"},"url":"https:\/\/www.webdo.tn\/fr\/actualite\/author\/mc\/"}]}},"_links":{"self":[{"href":"https:\/\/www.webdo.tn\/fr\/wp-json\/wp\/v2\/posts\/211798","targetHints":{"allow":["GET"]}}],"collection":[{"href":"https:\/\/www.webdo.tn\/fr\/wp-json\/wp\/v2\/posts"}],"about":[{"href":"https:\/\/www.webdo.tn\/fr\/wp-json\/wp\/v2\/types\/post"}],"author":[{"embeddable":true,"href":"https:\/\/www.webdo.tn\/fr\/wp-json\/wp\/v2\/users\/3162"}],"replies":[{"embeddable":true,"href":"https:\/\/www.webdo.tn\/fr\/wp-json\/wp\/v2\/comments?post=211798"}],"version-history":[{"count":0,"href":"https:\/\/www.webdo.tn\/fr\/wp-json\/wp\/v2\/posts\/211798\/revisions"}],"wp:featuredmedia":[{"embeddable":true,"href":"https:\/\/www.webdo.tn\/fr\/wp-json\/wp\/v2\/media\/248156"}],"wp:attachment":[{"href":"https:\/\/www.webdo.tn\/fr\/wp-json\/wp\/v2\/media?parent=211798"}],"wp:term":[{"taxonomy":"category","embeddable":true,"href":"https:\/\/www.webdo.tn\/fr\/wp-json\/wp\/v2\/categories?post=211798"},{"taxonomy":"post_tag","embeddable":true,"href":"https:\/\/www.webdo.tn\/fr\/wp-json\/wp\/v2\/tags?post=211798"}],"curies":[{"name":"wp","href":"https:\/\/api.w.org\/{rel}","templated":true}]}}